{"id":10517,"date":"2022-03-20T22:34:20","date_gmt":"2022-03-20T22:34:20","guid":{"rendered":"https:\/\/www.fraczinet.cl\/sitio\/?p=10517"},"modified":"2022-03-22T00:14:50","modified_gmt":"2022-03-22T00:14:50","slug":"el-miedo-y-la-risa-fragmento-de-en-el-nombre-de-la-rosa","status":"publish","type":"post","link":"https:\/\/www.fraczinet.cl\/sitio\/2022\/03\/20\/el-miedo-y-la-risa-fragmento-de-en-el-nombre-de-la-rosa\/","title":{"rendered":"El Miedo y La Risa&#8230; (Fragmento de En El Nombre de La Rosa)"},"content":{"rendered":"\n<figure class=\"wp-block-image size-full is-resized\"><img fetchpriority=\"high\" decoding=\"async\" src=\"https:\/\/www.fraczinet.cl\/sitio\/wp-content\/uploads\/2022\/03\/El-Abad-Ciego.jpg\" alt=\"\" class=\"wp-image-10518\" width=\"960\" height=\"540\" srcset=\"https:\/\/www.fraczinet.cl\/sitio\/wp-content\/uploads\/2022\/03\/El-Abad-Ciego.jpg 400w, https:\/\/www.fraczinet.cl\/sitio\/wp-content\/uploads\/2022\/03\/El-Abad-Ciego-300x169.jpg 300w\" sizes=\"(max-width: 960px) 100vw, 960px\" \/><\/figure>\n\n\n\n<p>En \u2032\u2032 El nombre de la rosa \u2032\u2032 de Umberto Eco&#8230;Cuando el abad ciego le pregunta al investigador William de Baskerville: \u2032\u2032 Que anhelan realmente?\u00bb<br>Baskerville responde: \u2032\u2032Quiero el libro griego, el que, seg\u00fan ustedes, nunca fue escrito. Un libro que solo trata de comedia, que odian tanto como la risa. Probablemente sea el \u00fanico ejemplar conservado de un libro de poes\u00eda de Arist\u00f3teles.&nbsp;Hay muchos libros que tratan de comedia. Por qu\u00e9 este libro es precisamente tan peligroso?<br>El abad responde: \u2032\u2032Porque es de Arist\u00f3teles y va a hacer re\u00edr\u00bb.<br>Baskerville replica: \u2032\u2032Qu\u00e9 hay de perturbador en el hecho de que los hombres puedan re\u00edrse?\u00bb<br>El abad: \u00abLa risa mata el miedo, y sin miedo no puede haber fe. El que no teme al demonio ya no necesita a Dios\u00bb.<\/p>\n\n\n\n<figure class=\"wp-block-embed is-type-video is-provider-youtube wp-block-embed-youtube wp-embed-aspect-4-3 wp-has-aspect-ratio\"><div class=\"wp-block-embed__wrapper\">\nhttps:\/\/youtu.be\/s8_fV8F35qE\n<\/div><\/figure>\n","protected":false},"excerpt":{"rendered":"<p>En \u2032\u2032 El nombre de la rosa \u2032\u2032 de Umberto Eco&#8230;Cuando el abad ciego le pregunta al investigador William de Baskerville: \u2032\u2032 Que anhelan realmente?\u00bbBaskerville responde: \u2032\u2032Quiero el libro griego, el que, seg\u00fan ustedes, nunca fue escrito. Un libro que solo trata de comedia, que odian tanto como la risa. Probablemente sea el \u00fanico ejemplar [&hellip;]<\/p>\n","protected":false},"author":1,"featured_media":10518,"comment_status":"open","ping_status":"open","sticky":false,"template":"","format":"standard","meta":{"footnotes":""},"categories":[32],"tags":[],"class_list":["post-10517","post","type-post","status-publish","format-standard","has-post-thumbnail","hentry","category-cine"],"yoast_head":"<!-- This site is optimized with the Yoast SEO plugin v25.0 - https:\/\/yoast.com\/wordpress\/plugins\/seo\/ -->\n<title>El Miedo y La Risa... (Fragmento de En El Nombre de La Rosa) - Nuestro Bio B\u00edo<\/title>\n<meta name=\"robots\" content=\"index, follow, max-snippet:-1, max-image-preview:large, max-video-preview:-1\" \/>\n<link rel=\"canonical\" href=\"https:\/\/www.fraczinet.cl\/sitio\/2022\/03\/20\/el-miedo-y-la-risa-fragmento-de-en-el-nombre-de-la-rosa\/\" \/>\n<meta property=\"og:locale\" content=\"es_ES\" \/>\n<meta property=\"og:type\" content=\"article\" \/>\n<meta property=\"og:title\" content=\"El Miedo y La Risa... (Fragmento de En El Nombre de La Rosa) - Nuestro Bio B\u00edo\" \/>\n<meta property=\"og:description\" content=\"En \u2032\u2032 El nombre de la rosa \u2032\u2032 de Umberto Eco&#8230;Cuando el abad ciego le pregunta al investigador William de Baskerville: \u2032\u2032 Que anhelan realmente?\u00bbBaskerville responde: \u2032\u2032Quiero el libro griego, el que, seg\u00fan ustedes, nunca fue escrito. Un libro que solo trata de comedia, que odian tanto como la risa. Probablemente sea el \u00fanico ejemplar [&hellip;]\" \/>\n<meta property=\"og:url\" content=\"https:\/\/www.fraczinet.cl\/sitio\/2022\/03\/20\/el-miedo-y-la-risa-fragmento-de-en-el-nombre-de-la-rosa\/\" \/>\n<meta property=\"og:site_name\" content=\"Nuestro Bio B\u00edo\" \/>\n<meta property=\"article:published_time\" content=\"2022-03-20T22:34:20+00:00\" \/>\n<meta property=\"article:modified_time\" content=\"2022-03-22T00:14:50+00:00\" \/>\n<meta property=\"og:image\" content=\"https:\/\/www.fraczinet.cl\/sitio\/wp-content\/uploads\/2022\/03\/El-Abad-Ciego.jpg\" \/>\n\t<meta property=\"og:image:width\" content=\"400\" \/>\n\t<meta property=\"og:image:height\" content=\"225\" \/>\n\t<meta property=\"og:image:type\" content=\"image\/jpeg\" \/>\n<meta name=\"author\" content=\"admin\" \/>\n<meta name=\"twitter:card\" content=\"summary_large_image\" \/>\n<meta name=\"twitter:creator\" content=\"@nuestrobiobio\" \/>\n<meta name=\"twitter:site\" content=\"@nuestrobiobio\" \/>\n<meta name=\"twitter:label1\" content=\"Escrito por\" \/>\n\t<meta name=\"twitter:data1\" content=\"admin\" \/>\n\t<meta name=\"twitter:label2\" content=\"Tiempo de lectura\" \/>\n\t<meta name=\"twitter:data2\" content=\"1 minuto\" \/>\n<script type=\"application\/ld+json\" class=\"yoast-schema-graph\">{\"@context\":\"https:\/\/schema.org\",\"@graph\":[{\"@type\":\"Article\",\"@id\":\"https:\/\/www.fraczinet.cl\/sitio\/2022\/03\/20\/el-miedo-y-la-risa-fragmento-de-en-el-nombre-de-la-rosa\/#article\",\"isPartOf\":{\"@id\":\"https:\/\/www.fraczinet.cl\/sitio\/2022\/03\/20\/el-miedo-y-la-risa-fragmento-de-en-el-nombre-de-la-rosa\/\"},\"author\":{\"name\":\"admin\",\"@id\":\"https:\/\/www.fraczinet.cl\/sitio\/#\/schema\/person\/bc30f98e9cb10ae7e119dbe14bc93784\"},\"headline\":\"El Miedo y La Risa&#8230; (Fragmento de En El Nombre de La Rosa)\",\"datePublished\":\"2022-03-20T22:34:20+00:00\",\"dateModified\":\"2022-03-22T00:14:50+00:00\",\"mainEntityOfPage\":{\"@id\":\"https:\/\/www.fraczinet.cl\/sitio\/2022\/03\/20\/el-miedo-y-la-risa-fragmento-de-en-el-nombre-de-la-rosa\/\"},\"wordCount\":156,\"commentCount\":0,\"publisher\":{\"@id\":\"https:\/\/www.fraczinet.cl\/sitio\/#\/schema\/person\/aec8ee4da68df2b9b0eefdad24a0d582\"},\"image\":{\"@id\":\"https:\/\/www.fraczinet.cl\/sitio\/2022\/03\/20\/el-miedo-y-la-risa-fragmento-de-en-el-nombre-de-la-rosa\/#primaryimage\"},\"thumbnailUrl\":\"https:\/\/www.fraczinet.cl\/sitio\/wp-content\/uploads\/2022\/03\/El-Abad-Ciego.jpg\",\"articleSection\":[\"Cine\"],\"inLanguage\":\"es\",\"potentialAction\":[{\"@type\":\"CommentAction\",\"name\":\"Comment\",\"target\":[\"https:\/\/www.fraczinet.cl\/sitio\/2022\/03\/20\/el-miedo-y-la-risa-fragmento-de-en-el-nombre-de-la-rosa\/#respond\"]}]},{\"@type\":\"WebPage\",\"@id\":\"https:\/\/www.fraczinet.cl\/sitio\/2022\/03\/20\/el-miedo-y-la-risa-fragmento-de-en-el-nombre-de-la-rosa\/\",\"url\":\"https:\/\/www.fraczinet.cl\/sitio\/2022\/03\/20\/el-miedo-y-la-risa-fragmento-de-en-el-nombre-de-la-rosa\/\",\"name\":\"El Miedo y La Risa... (Fragmento de En El Nombre de La Rosa) - Nuestro Bio B\u00edo\",\"isPartOf\":{\"@id\":\"https:\/\/www.fraczinet.cl\/sitio\/#website\"},\"primaryImageOfPage\":{\"@id\":\"https:\/\/www.fraczinet.cl\/sitio\/2022\/03\/20\/el-miedo-y-la-risa-fragmento-de-en-el-nombre-de-la-rosa\/#primaryimage\"},\"image\":{\"@id\":\"https:\/\/www.fraczinet.cl\/sitio\/2022\/03\/20\/el-miedo-y-la-risa-fragmento-de-en-el-nombre-de-la-rosa\/#primaryimage\"},\"thumbnailUrl\":\"https:\/\/www.fraczinet.cl\/sitio\/wp-content\/uploads\/2022\/03\/El-Abad-Ciego.jpg\",\"datePublished\":\"2022-03-20T22:34:20+00:00\",\"dateModified\":\"2022-03-22T00:14:50+00:00\",\"breadcrumb\":{\"@id\":\"https:\/\/www.fraczinet.cl\/sitio\/2022\/03\/20\/el-miedo-y-la-risa-fragmento-de-en-el-nombre-de-la-rosa\/#breadcrumb\"},\"inLanguage\":\"es\",\"potentialAction\":[{\"@type\":\"ReadAction\",\"target\":[\"https:\/\/www.fraczinet.cl\/sitio\/2022\/03\/20\/el-miedo-y-la-risa-fragmento-de-en-el-nombre-de-la-rosa\/\"]}]},{\"@type\":\"ImageObject\",\"inLanguage\":\"es\",\"@id\":\"https:\/\/www.fraczinet.cl\/sitio\/2022\/03\/20\/el-miedo-y-la-risa-fragmento-de-en-el-nombre-de-la-rosa\/#primaryimage\",\"url\":\"https:\/\/www.fraczinet.cl\/sitio\/wp-content\/uploads\/2022\/03\/El-Abad-Ciego.jpg\",\"contentUrl\":\"https:\/\/www.fraczinet.cl\/sitio\/wp-content\/uploads\/2022\/03\/El-Abad-Ciego.jpg\",\"width\":400,\"height\":225},{\"@type\":\"BreadcrumbList\",\"@id\":\"https:\/\/www.fraczinet.cl\/sitio\/2022\/03\/20\/el-miedo-y-la-risa-fragmento-de-en-el-nombre-de-la-rosa\/#breadcrumb\",\"itemListElement\":[{\"@type\":\"ListItem\",\"position\":1,\"name\":\"Portada\",\"item\":\"https:\/\/www.fraczinet.cl\/sitio\/\"},{\"@type\":\"ListItem\",\"position\":2,\"name\":\"El Miedo y La Risa&#8230; (Fragmento de En El Nombre de La Rosa)\"}]},{\"@type\":\"WebSite\",\"@id\":\"https:\/\/www.fraczinet.cl\/sitio\/#website\",\"url\":\"https:\/\/www.fraczinet.cl\/sitio\/\",\"name\":\"Nuestro Bio B\u00edo\",\"description\":\"Tierra de Encuentros\",\"publisher\":{\"@id\":\"https:\/\/www.fraczinet.cl\/sitio\/#\/schema\/person\/aec8ee4da68df2b9b0eefdad24a0d582\"},\"potentialAction\":[{\"@type\":\"SearchAction\",\"target\":{\"@type\":\"EntryPoint\",\"urlTemplate\":\"https:\/\/www.fraczinet.cl\/sitio\/?s={search_term_string}\"},\"query-input\":{\"@type\":\"PropertyValueSpecification\",\"valueRequired\":true,\"valueName\":\"search_term_string\"}}],\"inLanguage\":\"es\"},{\"@type\":[\"Person\",\"Organization\"],\"@id\":\"https:\/\/www.fraczinet.cl\/sitio\/#\/schema\/person\/aec8ee4da68df2b9b0eefdad24a0d582\",\"name\":\"Luis Fernando Fraczinet\",\"image\":{\"@type\":\"ImageObject\",\"inLanguage\":\"es\",\"@id\":\"https:\/\/www.fraczinet.cl\/sitio\/#\/schema\/person\/image\/\",\"url\":\"https:\/\/www.fraczinet.cl\/sitio\/wp-content\/uploads\/2021\/07\/bannerlogo-1.gif\",\"contentUrl\":\"https:\/\/www.fraczinet.cl\/sitio\/wp-content\/uploads\/2021\/07\/bannerlogo-1.gif\",\"width\":159,\"height\":79,\"caption\":\"Luis Fernando Fraczinet\"},\"logo\":{\"@id\":\"https:\/\/www.fraczinet.cl\/sitio\/#\/schema\/person\/image\/\"},\"sameAs\":[\"https:\/\/www.fraczinet.cl\/sitio\/\"]},{\"@type\":\"Person\",\"@id\":\"https:\/\/www.fraczinet.cl\/sitio\/#\/schema\/person\/bc30f98e9cb10ae7e119dbe14bc93784\",\"name\":\"admin\",\"image\":{\"@type\":\"ImageObject\",\"inLanguage\":\"es\",\"@id\":\"https:\/\/www.fraczinet.cl\/sitio\/#\/schema\/person\/image\/\",\"url\":\"https:\/\/secure.gravatar.com\/avatar\/d5ad3cf7ef3b23a2bb5be73be780c86b2fc8545c3ad6b149f3913ff458c00099?s=96&d=mm&r=g\",\"contentUrl\":\"https:\/\/secure.gravatar.com\/avatar\/d5ad3cf7ef3b23a2bb5be73be780c86b2fc8545c3ad6b149f3913ff458c00099?s=96&d=mm&r=g\",\"caption\":\"admin\"},\"sameAs\":[\"https:\/\/www.fraczinet.cl\/sitio\"]}]}<\/script>\n<!-- \/ Yoast SEO plugin. -->","yoast_head_json":{"title":"El Miedo y La Risa... (Fragmento de En El Nombre de La Rosa) - Nuestro Bio B\u00edo","robots":{"index":"index","follow":"follow","max-snippet":"max-snippet:-1","max-image-preview":"max-image-preview:large","max-video-preview":"max-video-preview:-1"},"canonical":"https:\/\/www.fraczinet.cl\/sitio\/2022\/03\/20\/el-miedo-y-la-risa-fragmento-de-en-el-nombre-de-la-rosa\/","og_locale":"es_ES","og_type":"article","og_title":"El Miedo y La Risa... (Fragmento de En El Nombre de La Rosa) - Nuestro Bio B\u00edo","og_description":"En \u2032\u2032 El nombre de la rosa \u2032\u2032 de Umberto Eco&#8230;Cuando el abad ciego le pregunta al investigador William de Baskerville: \u2032\u2032 Que anhelan realmente?\u00bbBaskerville responde: \u2032\u2032Quiero el libro griego, el que, seg\u00fan ustedes, nunca fue escrito. Un libro que solo trata de comedia, que odian tanto como la risa. Probablemente sea el \u00fanico ejemplar [&hellip;]","og_url":"https:\/\/www.fraczinet.cl\/sitio\/2022\/03\/20\/el-miedo-y-la-risa-fragmento-de-en-el-nombre-de-la-rosa\/","og_site_name":"Nuestro Bio B\u00edo","article_published_time":"2022-03-20T22:34:20+00:00","article_modified_time":"2022-03-22T00:14:50+00:00","og_image":[{"width":400,"height":225,"url":"https:\/\/www.fraczinet.cl\/sitio\/wp-content\/uploads\/2022\/03\/El-Abad-Ciego.jpg","type":"image\/jpeg"}],"author":"admin","twitter_card":"summary_large_image","twitter_creator":"@nuestrobiobio","twitter_site":"@nuestrobiobio","twitter_misc":{"Escrito por":"admin","Tiempo de lectura":"1 minuto"},"schema":{"@context":"https:\/\/schema.org","@graph":[{"@type":"Article","@id":"https:\/\/www.fraczinet.cl\/sitio\/2022\/03\/20\/el-miedo-y-la-risa-fragmento-de-en-el-nombre-de-la-rosa\/#article","isPartOf":{"@id":"https:\/\/www.fraczinet.cl\/sitio\/2022\/03\/20\/el-miedo-y-la-risa-fragmento-de-en-el-nombre-de-la-rosa\/"},"author":{"name":"admin","@id":"https:\/\/www.fraczinet.cl\/sitio\/#\/schema\/person\/bc30f98e9cb10ae7e119dbe14bc93784"},"headline":"El Miedo y La Risa&#8230; (Fragmento de En El Nombre de La Rosa)","datePublished":"2022-03-20T22:34:20+00:00","dateModified":"2022-03-22T00:14:50+00:00","mainEntityOfPage":{"@id":"https:\/\/www.fraczinet.cl\/sitio\/2022\/03\/20\/el-miedo-y-la-risa-fragmento-de-en-el-nombre-de-la-rosa\/"},"wordCount":156,"commentCount":0,"publisher":{"@id":"https:\/\/www.fraczinet.cl\/sitio\/#\/schema\/person\/aec8ee4da68df2b9b0eefdad24a0d582"},"image":{"@id":"https:\/\/www.fraczinet.cl\/sitio\/2022\/03\/20\/el-miedo-y-la-risa-fragmento-de-en-el-nombre-de-la-rosa\/#primaryimage"},"thumbnailUrl":"https:\/\/www.fraczinet.cl\/sitio\/wp-content\/uploads\/2022\/03\/El-Abad-Ciego.jpg","articleSection":["Cine"],"inLanguage":"es","potentialAction":[{"@type":"CommentAction","name":"Comment","target":["https:\/\/www.fraczinet.cl\/sitio\/2022\/03\/20\/el-miedo-y-la-risa-fragmento-de-en-el-nombre-de-la-rosa\/#respond"]}]},{"@type":"WebPage","@id":"https:\/\/www.fraczinet.cl\/sitio\/2022\/03\/20\/el-miedo-y-la-risa-fragmento-de-en-el-nombre-de-la-rosa\/","url":"https:\/\/www.fraczinet.cl\/sitio\/2022\/03\/20\/el-miedo-y-la-risa-fragmento-de-en-el-nombre-de-la-rosa\/","name":"El Miedo y La Risa... (Fragmento de En El Nombre de La Rosa) - Nuestro Bio B\u00edo","isPartOf":{"@id":"https:\/\/www.fraczinet.cl\/sitio\/#website"},"primaryImageOfPage":{"@id":"https:\/\/www.fraczinet.cl\/sitio\/2022\/03\/20\/el-miedo-y-la-risa-fragmento-de-en-el-nombre-de-la-rosa\/#primaryimage"},"image":{"@id":"https:\/\/www.fraczinet.cl\/sitio\/2022\/03\/20\/el-miedo-y-la-risa-fragmento-de-en-el-nombre-de-la-rosa\/#primaryimage"},"thumbnailUrl":"https:\/\/www.fraczinet.cl\/sitio\/wp-content\/uploads\/2022\/03\/El-Abad-Ciego.jpg","datePublished":"2022-03-20T22:34:20+00:00","dateModified":"2022-03-22T00:14:50+00:00","breadcrumb":{"@id":"https:\/\/www.fraczinet.cl\/sitio\/2022\/03\/20\/el-miedo-y-la-risa-fragmento-de-en-el-nombre-de-la-rosa\/#breadcrumb"},"inLanguage":"es","potentialAction":[{"@type":"ReadAction","target":["https:\/\/www.fraczinet.cl\/sitio\/2022\/03\/20\/el-miedo-y-la-risa-fragmento-de-en-el-nombre-de-la-rosa\/"]}]},{"@type":"ImageObject","inLanguage":"es","@id":"https:\/\/www.fraczinet.cl\/sitio\/2022\/03\/20\/el-miedo-y-la-risa-fragmento-de-en-el-nombre-de-la-rosa\/#primaryimage","url":"https:\/\/www.fraczinet.cl\/sitio\/wp-content\/uploads\/2022\/03\/El-Abad-Ciego.jpg","contentUrl":"https:\/\/www.fraczinet.cl\/sitio\/wp-content\/uploads\/2022\/03\/El-Abad-Ciego.jpg","width":400,"height":225},{"@type":"BreadcrumbList","@id":"https:\/\/www.fraczinet.cl\/sitio\/2022\/03\/20\/el-miedo-y-la-risa-fragmento-de-en-el-nombre-de-la-rosa\/#breadcrumb","itemListElement":[{"@type":"ListItem","position":1,"name":"Portada","item":"https:\/\/www.fraczinet.cl\/sitio\/"},{"@type":"ListItem","position":2,"name":"El Miedo y La Risa&#8230; (Fragmento de En El Nombre de La Rosa)"}]},{"@type":"WebSite","@id":"https:\/\/www.fraczinet.cl\/sitio\/#website","url":"https:\/\/www.fraczinet.cl\/sitio\/","name":"Nuestro Bio B\u00edo","description":"Tierra de Encuentros","publisher":{"@id":"https:\/\/www.fraczinet.cl\/sitio\/#\/schema\/person\/aec8ee4da68df2b9b0eefdad24a0d582"},"potentialAction":[{"@type":"SearchAction","target":{"@type":"EntryPoint","urlTemplate":"https:\/\/www.fraczinet.cl\/sitio\/?s={search_term_string}"},"query-input":{"@type":"PropertyValueSpecification","valueRequired":true,"valueName":"search_term_string"}}],"inLanguage":"es"},{"@type":["Person","Organization"],"@id":"https:\/\/www.fraczinet.cl\/sitio\/#\/schema\/person\/aec8ee4da68df2b9b0eefdad24a0d582","name":"Luis Fernando Fraczinet","image":{"@type":"ImageObject","inLanguage":"es","@id":"https:\/\/www.fraczinet.cl\/sitio\/#\/schema\/person\/image\/","url":"https:\/\/www.fraczinet.cl\/sitio\/wp-content\/uploads\/2021\/07\/bannerlogo-1.gif","contentUrl":"https:\/\/www.fraczinet.cl\/sitio\/wp-content\/uploads\/2021\/07\/bannerlogo-1.gif","width":159,"height":79,"caption":"Luis Fernando Fraczinet"},"logo":{"@id":"https:\/\/www.fraczinet.cl\/sitio\/#\/schema\/person\/image\/"},"sameAs":["https:\/\/www.fraczinet.cl\/sitio\/"]},{"@type":"Person","@id":"https:\/\/www.fraczinet.cl\/sitio\/#\/schema\/person\/bc30f98e9cb10ae7e119dbe14bc93784","name":"admin","image":{"@type":"ImageObject","inLanguage":"es","@id":"https:\/\/www.fraczinet.cl\/sitio\/#\/schema\/person\/image\/","url":"https:\/\/secure.gravatar.com\/avatar\/d5ad3cf7ef3b23a2bb5be73be780c86b2fc8545c3ad6b149f3913ff458c00099?s=96&d=mm&r=g","contentUrl":"https:\/\/secure.gravatar.com\/avatar\/d5ad3cf7ef3b23a2bb5be73be780c86b2fc8545c3ad6b149f3913ff458c00099?s=96&d=mm&r=g","caption":"admin"},"sameAs":["https:\/\/www.fraczinet.cl\/sitio"]}]}},"_links":{"self":[{"href":"https:\/\/www.fraczinet.cl\/sitio\/wp-json\/wp\/v2\/posts\/10517","targetHints":{"allow":["GET"]}}],"collection":[{"href":"https:\/\/www.fraczinet.cl\/sitio\/wp-json\/wp\/v2\/posts"}],"about":[{"href":"https:\/\/www.fraczinet.cl\/sitio\/wp-json\/wp\/v2\/types\/post"}],"author":[{"embeddable":true,"href":"https:\/\/www.fraczinet.cl\/sitio\/wp-json\/wp\/v2\/users\/1"}],"replies":[{"embeddable":true,"href":"https:\/\/www.fraczinet.cl\/sitio\/wp-json\/wp\/v2\/comments?post=10517"}],"version-history":[{"count":3,"href":"https:\/\/www.fraczinet.cl\/sitio\/wp-json\/wp\/v2\/posts\/10517\/revisions"}],"predecessor-version":[{"id":10535,"href":"https:\/\/www.fraczinet.cl\/sitio\/wp-json\/wp\/v2\/posts\/10517\/revisions\/10535"}],"wp:featuredmedia":[{"embeddable":true,"href":"https:\/\/www.fraczinet.cl\/sitio\/wp-json\/wp\/v2\/media\/10518"}],"wp:attachment":[{"href":"https:\/\/www.fraczinet.cl\/sitio\/wp-json\/wp\/v2\/media?parent=10517"}],"wp:term":[{"taxonomy":"category","embeddable":true,"href":"https:\/\/www.fraczinet.cl\/sitio\/wp-json\/wp\/v2\/categories?post=10517"},{"taxonomy":"post_tag","embeddable":true,"href":"https:\/\/www.fraczinet.cl\/sitio\/wp-json\/wp\/v2\/tags?post=10517"}],"curies":[{"name":"wp","href":"https:\/\/api.w.org\/{rel}","templated":true}]}}