{"id":10530,"date":"2022-03-21T14:23:45","date_gmt":"2022-03-21T14:23:45","guid":{"rendered":"https:\/\/www.fraczinet.cl\/sitio\/?p=10530"},"modified":"2022-03-21T14:23:49","modified_gmt":"2022-03-21T14:23:49","slug":"fallece-adriana-hoffmann-botanica-y-biologa-chilena","status":"publish","type":"post","link":"https:\/\/www.fraczinet.cl\/sitio\/2022\/03\/21\/fallece-adriana-hoffmann-botanica-y-biologa-chilena\/","title":{"rendered":"Fallece Adriana Hoffmann, Bot\u00e1nica y Bi\u00f3loga Chilena"},"content":{"rendered":"\n<p> Este domingo se dio a conocer el fallecimiento de la bot\u00e1nica y bi\u00f3loga  Adriana Hoffmann, hija del m\u00e9dico chileno Franz Hoffmann y de la psiqu\u00edatra Helena Jacoby. <\/p>\n\n\n\n<figure class=\"wp-block-image size-large\"><img fetchpriority=\"high\" decoding=\"async\" width=\"540\" height=\"1024\" src=\"https:\/\/www.fraczinet.cl\/sitio\/wp-content\/uploads\/2022\/03\/Adriana-Hoffmann-540x1024.jpeg\" alt=\"\" class=\"wp-image-10531\" srcset=\"https:\/\/www.fraczinet.cl\/sitio\/wp-content\/uploads\/2022\/03\/Adriana-Hoffmann-540x1024.jpeg 540w, https:\/\/www.fraczinet.cl\/sitio\/wp-content\/uploads\/2022\/03\/Adriana-Hoffmann-158x300.jpeg 158w, https:\/\/www.fraczinet.cl\/sitio\/wp-content\/uploads\/2022\/03\/Adriana-Hoffmann-768x1457.jpeg 768w, https:\/\/www.fraczinet.cl\/sitio\/wp-content\/uploads\/2022\/03\/Adriana-Hoffmann-810x1536.jpeg 810w, https:\/\/www.fraczinet.cl\/sitio\/wp-content\/uploads\/2022\/03\/Adriana-Hoffmann.jpeg 1004w\" sizes=\"(max-width: 540px) 100vw, 540px\" \/><\/figure>\n\n\n\n<p>Nacida en 1940, fue estudiante de la carrera de Agronom\u00eda de la Universidad de Chile, de la que poco despu\u00e9s se retir\u00f3 para posteriormente profundizar sus conocimientos sobre la bot\u00e1nica y preservaci\u00f3n de la naturaleza.<\/p>\n\n\n\n<p><a href=\"https:\/\/radio.uchile.cl\/2022\/03\/20\/muere-la-botanica-y-biologa-chilena-adriana-hoffmann\/\">Fuente: Radio Universidad de Chile<\/a><\/p>\n\n\n\n<p>Durante las a\u00f1os noventa, Hoffmann fue miembro la ONG Defensores del Bosque Chileno, donde comenz\u00f3 a fomentar la concientizaci\u00f3n sobre el medio ambiente. De hecho, en 1997 fue reconocida por las Naciones Unidas como una de las 25 l\u00edderes ambientalistas de esa d\u00e9cada. <\/p>\n\n\n\n<p>Adem\u00e1s, se desempe\u00f1\u00f3 como directora de la Conama a principios del 2000.Por otra parte, fue coautora del libro  \u201cC\u00f3mo Margarita puede cuidar su salud y ayudar a cuidar el planeta\u201d, publicando adem\u00e1s \u201cLa tragedia del bosque chileno\u201d y la gu\u00eda \u201cFlora silvestre de Chile. Zona araucana\u201d.<\/p>\n\n\n\n<p>La noticia de su deceso fue comunicada por su hija Leonora Calder\u00f3n en su cuenta de Twitter, donde adem\u00e1s inform\u00f3 que el velatorio de la bi\u00f3loga y bot\u00e1nica ser\u00e1n hoy a partir de las 15:30 en el Parque del Recuerdo<\/p>\n","protected":false},"excerpt":{"rendered":"<p>Este domingo se dio a conocer el fallecimiento de la bot\u00e1nica y bi\u00f3loga Adriana Hoffmann, hija del m\u00e9dico chileno Franz Hoffmann y de la psiqu\u00edatra Helena Jacoby. Nacida en 1940, fue estudiante de la carrera de Agronom\u00eda de la Universidad de Chile, de la que poco despu\u00e9s se retir\u00f3 para posteriormente profundizar sus conocimientos sobre [&hellip;]<\/p>\n","protected":false},"author":1,"featured_media":10531,"comment_status":"open","ping_status":"open","sticky":false,"template":"","format":"standard","meta":{"footnotes":""},"categories":[124],"tags":[],"class_list":["post-10530","post","type-post","status-publish","format-standard","has-post-thumbnail","hentry","category-medio-ambiente"],"yoast_head":"<!-- This site is optimized with the Yoast SEO plugin v25.0 - https:\/\/yoast.com\/wordpress\/plugins\/seo\/ -->\n<title>Fallece Adriana Hoffmann, Bot\u00e1nica y Bi\u00f3loga Chilena - Nuestro Bio B\u00edo<\/title>\n<meta name=\"robots\" content=\"index, follow, max-snippet:-1, max-image-preview:large, max-video-preview:-1\" \/>\n<link rel=\"canonical\" href=\"https:\/\/www.fraczinet.cl\/sitio\/2022\/03\/21\/fallece-adriana-hoffmann-botanica-y-biologa-chilena\/\" \/>\n<meta property=\"og:locale\" content=\"es_ES\" \/>\n<meta property=\"og:type\" content=\"article\" \/>\n<meta property=\"og:title\" content=\"Fallece Adriana Hoffmann, Bot\u00e1nica y Bi\u00f3loga Chilena - Nuestro Bio B\u00edo\" \/>\n<meta property=\"og:description\" content=\"Este domingo se dio a conocer el fallecimiento de la bot\u00e1nica y bi\u00f3loga Adriana Hoffmann, hija del m\u00e9dico chileno Franz Hoffmann y de la psiqu\u00edatra Helena Jacoby. Nacida en 1940, fue estudiante de la carrera de Agronom\u00eda de la Universidad de Chile, de la que poco despu\u00e9s se retir\u00f3 para posteriormente profundizar sus conocimientos sobre [&hellip;]\" \/>\n<meta property=\"og:url\" content=\"https:\/\/www.fraczinet.cl\/sitio\/2022\/03\/21\/fallece-adriana-hoffmann-botanica-y-biologa-chilena\/\" \/>\n<meta property=\"og:site_name\" content=\"Nuestro Bio B\u00edo\" \/>\n<meta property=\"article:published_time\" content=\"2022-03-21T14:23:45+00:00\" \/>\n<meta property=\"article:modified_time\" content=\"2022-03-21T14:23:49+00:00\" \/>\n<meta property=\"og:image\" content=\"https:\/\/www.fraczinet.cl\/sitio\/wp-content\/uploads\/2022\/03\/Adriana-Hoffmann.jpeg\" \/>\n\t<meta property=\"og:image:width\" content=\"1004\" \/>\n\t<meta property=\"og:image:height\" content=\"1905\" \/>\n\t<meta property=\"og:image:type\" content=\"image\/jpeg\" \/>\n<meta name=\"author\" content=\"admin\" \/>\n<meta name=\"twitter:card\" content=\"summary_large_image\" \/>\n<meta name=\"twitter:creator\" content=\"@nuestrobiobio\" \/>\n<meta name=\"twitter:site\" content=\"@nuestrobiobio\" \/>\n<meta name=\"twitter:label1\" content=\"Escrito por\" \/>\n\t<meta name=\"twitter:data1\" content=\"admin\" \/>\n\t<meta name=\"twitter:label2\" content=\"Tiempo de lectura\" \/>\n\t<meta name=\"twitter:data2\" content=\"1 minuto\" \/>\n<script type=\"application\/ld+json\" class=\"yoast-schema-graph\">{\"@context\":\"https:\/\/schema.org\",\"@graph\":[{\"@type\":\"Article\",\"@id\":\"https:\/\/www.fraczinet.cl\/sitio\/2022\/03\/21\/fallece-adriana-hoffmann-botanica-y-biologa-chilena\/#article\",\"isPartOf\":{\"@id\":\"https:\/\/www.fraczinet.cl\/sitio\/2022\/03\/21\/fallece-adriana-hoffmann-botanica-y-biologa-chilena\/\"},\"author\":{\"name\":\"admin\",\"@id\":\"https:\/\/www.fraczinet.cl\/sitio\/#\/schema\/person\/bc30f98e9cb10ae7e119dbe14bc93784\"},\"headline\":\"Fallece Adriana Hoffmann, Bot\u00e1nica y Bi\u00f3loga Chilena\",\"datePublished\":\"2022-03-21T14:23:45+00:00\",\"dateModified\":\"2022-03-21T14:23:49+00:00\",\"mainEntityOfPage\":{\"@id\":\"https:\/\/www.fraczinet.cl\/sitio\/2022\/03\/21\/fallece-adriana-hoffmann-botanica-y-biologa-chilena\/\"},\"wordCount\":222,\"commentCount\":0,\"publisher\":{\"@id\":\"https:\/\/www.fraczinet.cl\/sitio\/#\/schema\/person\/aec8ee4da68df2b9b0eefdad24a0d582\"},\"image\":{\"@id\":\"https:\/\/www.fraczinet.cl\/sitio\/2022\/03\/21\/fallece-adriana-hoffmann-botanica-y-biologa-chilena\/#primaryimage\"},\"thumbnailUrl\":\"https:\/\/www.fraczinet.cl\/sitio\/wp-content\/uploads\/2022\/03\/Adriana-Hoffmann.jpeg\",\"articleSection\":[\"Medio Ambiente\"],\"inLanguage\":\"es\",\"potentialAction\":[{\"@type\":\"CommentAction\",\"name\":\"Comment\",\"target\":[\"https:\/\/www.fraczinet.cl\/sitio\/2022\/03\/21\/fallece-adriana-hoffmann-botanica-y-biologa-chilena\/#respond\"]}]},{\"@type\":\"WebPage\",\"@id\":\"https:\/\/www.fraczinet.cl\/sitio\/2022\/03\/21\/fallece-adriana-hoffmann-botanica-y-biologa-chilena\/\",\"url\":\"https:\/\/www.fraczinet.cl\/sitio\/2022\/03\/21\/fallece-adriana-hoffmann-botanica-y-biologa-chilena\/\",\"name\":\"Fallece Adriana Hoffmann, Bot\u00e1nica y Bi\u00f3loga Chilena - Nuestro Bio B\u00edo\",\"isPartOf\":{\"@id\":\"https:\/\/www.fraczinet.cl\/sitio\/#website\"},\"primaryImageOfPage\":{\"@id\":\"https:\/\/www.fraczinet.cl\/sitio\/2022\/03\/21\/fallece-adriana-hoffmann-botanica-y-biologa-chilena\/#primaryimage\"},\"image\":{\"@id\":\"https:\/\/www.fraczinet.cl\/sitio\/2022\/03\/21\/fallece-adriana-hoffmann-botanica-y-biologa-chilena\/#primaryimage\"},\"thumbnailUrl\":\"https:\/\/www.fraczinet.cl\/sitio\/wp-content\/uploads\/2022\/03\/Adriana-Hoffmann.jpeg\",\"datePublished\":\"2022-03-21T14:23:45+00:00\",\"dateModified\":\"2022-03-21T14:23:49+00:00\",\"breadcrumb\":{\"@id\":\"https:\/\/www.fraczinet.cl\/sitio\/2022\/03\/21\/fallece-adriana-hoffmann-botanica-y-biologa-chilena\/#breadcrumb\"},\"inLanguage\":\"es\",\"potentialAction\":[{\"@type\":\"ReadAction\",\"target\":[\"https:\/\/www.fraczinet.cl\/sitio\/2022\/03\/21\/fallece-adriana-hoffmann-botanica-y-biologa-chilena\/\"]}]},{\"@type\":\"ImageObject\",\"inLanguage\":\"es\",\"@id\":\"https:\/\/www.fraczinet.cl\/sitio\/2022\/03\/21\/fallece-adriana-hoffmann-botanica-y-biologa-chilena\/#primaryimage\",\"url\":\"https:\/\/www.fraczinet.cl\/sitio\/wp-content\/uploads\/2022\/03\/Adriana-Hoffmann.jpeg\",\"contentUrl\":\"https:\/\/www.fraczinet.cl\/sitio\/wp-content\/uploads\/2022\/03\/Adriana-Hoffmann.jpeg\",\"width\":1004,\"height\":1905},{\"@type\":\"BreadcrumbList\",\"@id\":\"https:\/\/www.fraczinet.cl\/sitio\/2022\/03\/21\/fallece-adriana-hoffmann-botanica-y-biologa-chilena\/#breadcrumb\",\"itemListElement\":[{\"@type\":\"ListItem\",\"position\":1,\"name\":\"Portada\",\"item\":\"https:\/\/www.fraczinet.cl\/sitio\/\"},{\"@type\":\"ListItem\",\"position\":2,\"name\":\"Fallece Adriana Hoffmann, Bot\u00e1nica y Bi\u00f3loga Chilena\"}]},{\"@type\":\"WebSite\",\"@id\":\"https:\/\/www.fraczinet.cl\/sitio\/#website\",\"url\":\"https:\/\/www.fraczinet.cl\/sitio\/\",\"name\":\"Nuestro Bio B\u00edo\",\"description\":\"Tierra de Encuentros\",\"publisher\":{\"@id\":\"https:\/\/www.fraczinet.cl\/sitio\/#\/schema\/person\/aec8ee4da68df2b9b0eefdad24a0d582\"},\"potentialAction\":[{\"@type\":\"SearchAction\",\"target\":{\"@type\":\"EntryPoint\",\"urlTemplate\":\"https:\/\/www.fraczinet.cl\/sitio\/?s={search_term_string}\"},\"query-input\":{\"@type\":\"PropertyValueSpecification\",\"valueRequired\":true,\"valueName\":\"search_term_string\"}}],\"inLanguage\":\"es\"},{\"@type\":[\"Person\",\"Organization\"],\"@id\":\"https:\/\/www.fraczinet.cl\/sitio\/#\/schema\/person\/aec8ee4da68df2b9b0eefdad24a0d582\",\"name\":\"Luis Fernando Fraczinet\",\"image\":{\"@type\":\"ImageObject\",\"inLanguage\":\"es\",\"@id\":\"https:\/\/www.fraczinet.cl\/sitio\/#\/schema\/person\/image\/\",\"url\":\"https:\/\/www.fraczinet.cl\/sitio\/wp-content\/uploads\/2021\/07\/bannerlogo-1.gif\",\"contentUrl\":\"https:\/\/www.fraczinet.cl\/sitio\/wp-content\/uploads\/2021\/07\/bannerlogo-1.gif\",\"width\":159,\"height\":79,\"caption\":\"Luis Fernando Fraczinet\"},\"logo\":{\"@id\":\"https:\/\/www.fraczinet.cl\/sitio\/#\/schema\/person\/image\/\"},\"sameAs\":[\"https:\/\/www.fraczinet.cl\/sitio\/\"]},{\"@type\":\"Person\",\"@id\":\"https:\/\/www.fraczinet.cl\/sitio\/#\/schema\/person\/bc30f98e9cb10ae7e119dbe14bc93784\",\"name\":\"admin\",\"image\":{\"@type\":\"ImageObject\",\"inLanguage\":\"es\",\"@id\":\"https:\/\/www.fraczinet.cl\/sitio\/#\/schema\/person\/image\/\",\"url\":\"https:\/\/secure.gravatar.com\/avatar\/d5ad3cf7ef3b23a2bb5be73be780c86b2fc8545c3ad6b149f3913ff458c00099?s=96&d=mm&r=g\",\"contentUrl\":\"https:\/\/secure.gravatar.com\/avatar\/d5ad3cf7ef3b23a2bb5be73be780c86b2fc8545c3ad6b149f3913ff458c00099?s=96&d=mm&r=g\",\"caption\":\"admin\"},\"sameAs\":[\"https:\/\/www.fraczinet.cl\/sitio\"]}]}<\/script>\n<!-- \/ Yoast SEO plugin. -->","yoast_head_json":{"title":"Fallece Adriana Hoffmann, Bot\u00e1nica y Bi\u00f3loga Chilena - Nuestro Bio B\u00edo","robots":{"index":"index","follow":"follow","max-snippet":"max-snippet:-1","max-image-preview":"max-image-preview:large","max-video-preview":"max-video-preview:-1"},"canonical":"https:\/\/www.fraczinet.cl\/sitio\/2022\/03\/21\/fallece-adriana-hoffmann-botanica-y-biologa-chilena\/","og_locale":"es_ES","og_type":"article","og_title":"Fallece Adriana Hoffmann, Bot\u00e1nica y Bi\u00f3loga Chilena - Nuestro Bio B\u00edo","og_description":"Este domingo se dio a conocer el fallecimiento de la bot\u00e1nica y bi\u00f3loga Adriana Hoffmann, hija del m\u00e9dico chileno Franz Hoffmann y de la psiqu\u00edatra Helena Jacoby. Nacida en 1940, fue estudiante de la carrera de Agronom\u00eda de la Universidad de Chile, de la que poco despu\u00e9s se retir\u00f3 para posteriormente profundizar sus conocimientos sobre [&hellip;]","og_url":"https:\/\/www.fraczinet.cl\/sitio\/2022\/03\/21\/fallece-adriana-hoffmann-botanica-y-biologa-chilena\/","og_site_name":"Nuestro Bio B\u00edo","article_published_time":"2022-03-21T14:23:45+00:00","article_modified_time":"2022-03-21T14:23:49+00:00","og_image":[{"width":1004,"height":1905,"url":"https:\/\/www.fraczinet.cl\/sitio\/wp-content\/uploads\/2022\/03\/Adriana-Hoffmann.jpeg","type":"image\/jpeg"}],"author":"admin","twitter_card":"summary_large_image","twitter_creator":"@nuestrobiobio","twitter_site":"@nuestrobiobio","twitter_misc":{"Escrito por":"admin","Tiempo de lectura":"1 minuto"},"schema":{"@context":"https:\/\/schema.org","@graph":[{"@type":"Article","@id":"https:\/\/www.fraczinet.cl\/sitio\/2022\/03\/21\/fallece-adriana-hoffmann-botanica-y-biologa-chilena\/#article","isPartOf":{"@id":"https:\/\/www.fraczinet.cl\/sitio\/2022\/03\/21\/fallece-adriana-hoffmann-botanica-y-biologa-chilena\/"},"author":{"name":"admin","@id":"https:\/\/www.fraczinet.cl\/sitio\/#\/schema\/person\/bc30f98e9cb10ae7e119dbe14bc93784"},"headline":"Fallece Adriana Hoffmann, Bot\u00e1nica y Bi\u00f3loga Chilena","datePublished":"2022-03-21T14:23:45+00:00","dateModified":"2022-03-21T14:23:49+00:00","mainEntityOfPage":{"@id":"https:\/\/www.fraczinet.cl\/sitio\/2022\/03\/21\/fallece-adriana-hoffmann-botanica-y-biologa-chilena\/"},"wordCount":222,"commentCount":0,"publisher":{"@id":"https:\/\/www.fraczinet.cl\/sitio\/#\/schema\/person\/aec8ee4da68df2b9b0eefdad24a0d582"},"image":{"@id":"https:\/\/www.fraczinet.cl\/sitio\/2022\/03\/21\/fallece-adriana-hoffmann-botanica-y-biologa-chilena\/#primaryimage"},"thumbnailUrl":"https:\/\/www.fraczinet.cl\/sitio\/wp-content\/uploads\/2022\/03\/Adriana-Hoffmann.jpeg","articleSection":["Medio Ambiente"],"inLanguage":"es","potentialAction":[{"@type":"CommentAction","name":"Comment","target":["https:\/\/www.fraczinet.cl\/sitio\/2022\/03\/21\/fallece-adriana-hoffmann-botanica-y-biologa-chilena\/#respond"]}]},{"@type":"WebPage","@id":"https:\/\/www.fraczinet.cl\/sitio\/2022\/03\/21\/fallece-adriana-hoffmann-botanica-y-biologa-chilena\/","url":"https:\/\/www.fraczinet.cl\/sitio\/2022\/03\/21\/fallece-adriana-hoffmann-botanica-y-biologa-chilena\/","name":"Fallece Adriana Hoffmann, Bot\u00e1nica y Bi\u00f3loga Chilena - Nuestro Bio B\u00edo","isPartOf":{"@id":"https:\/\/www.fraczinet.cl\/sitio\/#website"},"primaryImageOfPage":{"@id":"https:\/\/www.fraczinet.cl\/sitio\/2022\/03\/21\/fallece-adriana-hoffmann-botanica-y-biologa-chilena\/#primaryimage"},"image":{"@id":"https:\/\/www.fraczinet.cl\/sitio\/2022\/03\/21\/fallece-adriana-hoffmann-botanica-y-biologa-chilena\/#primaryimage"},"thumbnailUrl":"https:\/\/www.fraczinet.cl\/sitio\/wp-content\/uploads\/2022\/03\/Adriana-Hoffmann.jpeg","datePublished":"2022-03-21T14:23:45+00:00","dateModified":"2022-03-21T14:23:49+00:00","breadcrumb":{"@id":"https:\/\/www.fraczinet.cl\/sitio\/2022\/03\/21\/fallece-adriana-hoffmann-botanica-y-biologa-chilena\/#breadcrumb"},"inLanguage":"es","potentialAction":[{"@type":"ReadAction","target":["https:\/\/www.fraczinet.cl\/sitio\/2022\/03\/21\/fallece-adriana-hoffmann-botanica-y-biologa-chilena\/"]}]},{"@type":"ImageObject","inLanguage":"es","@id":"https:\/\/www.fraczinet.cl\/sitio\/2022\/03\/21\/fallece-adriana-hoffmann-botanica-y-biologa-chilena\/#primaryimage","url":"https:\/\/www.fraczinet.cl\/sitio\/wp-content\/uploads\/2022\/03\/Adriana-Hoffmann.jpeg","contentUrl":"https:\/\/www.fraczinet.cl\/sitio\/wp-content\/uploads\/2022\/03\/Adriana-Hoffmann.jpeg","width":1004,"height":1905},{"@type":"BreadcrumbList","@id":"https:\/\/www.fraczinet.cl\/sitio\/2022\/03\/21\/fallece-adriana-hoffmann-botanica-y-biologa-chilena\/#breadcrumb","itemListElement":[{"@type":"ListItem","position":1,"name":"Portada","item":"https:\/\/www.fraczinet.cl\/sitio\/"},{"@type":"ListItem","position":2,"name":"Fallece Adriana Hoffmann, Bot\u00e1nica y Bi\u00f3loga Chilena"}]},{"@type":"WebSite","@id":"https:\/\/www.fraczinet.cl\/sitio\/#website","url":"https:\/\/www.fraczinet.cl\/sitio\/","name":"Nuestro Bio B\u00edo","description":"Tierra de Encuentros","publisher":{"@id":"https:\/\/www.fraczinet.cl\/sitio\/#\/schema\/person\/aec8ee4da68df2b9b0eefdad24a0d582"},"potentialAction":[{"@type":"SearchAction","target":{"@type":"EntryPoint","urlTemplate":"https:\/\/www.fraczinet.cl\/sitio\/?s={search_term_string}"},"query-input":{"@type":"PropertyValueSpecification","valueRequired":true,"valueName":"search_term_string"}}],"inLanguage":"es"},{"@type":["Person","Organization"],"@id":"https:\/\/www.fraczinet.cl\/sitio\/#\/schema\/person\/aec8ee4da68df2b9b0eefdad24a0d582","name":"Luis Fernando Fraczinet","image":{"@type":"ImageObject","inLanguage":"es","@id":"https:\/\/www.fraczinet.cl\/sitio\/#\/schema\/person\/image\/","url":"https:\/\/www.fraczinet.cl\/sitio\/wp-content\/uploads\/2021\/07\/bannerlogo-1.gif","contentUrl":"https:\/\/www.fraczinet.cl\/sitio\/wp-content\/uploads\/2021\/07\/bannerlogo-1.gif","width":159,"height":79,"caption":"Luis Fernando Fraczinet"},"logo":{"@id":"https:\/\/www.fraczinet.cl\/sitio\/#\/schema\/person\/image\/"},"sameAs":["https:\/\/www.fraczinet.cl\/sitio\/"]},{"@type":"Person","@id":"https:\/\/www.fraczinet.cl\/sitio\/#\/schema\/person\/bc30f98e9cb10ae7e119dbe14bc93784","name":"admin","image":{"@type":"ImageObject","inLanguage":"es","@id":"https:\/\/www.fraczinet.cl\/sitio\/#\/schema\/person\/image\/","url":"https:\/\/secure.gravatar.com\/avatar\/d5ad3cf7ef3b23a2bb5be73be780c86b2fc8545c3ad6b149f3913ff458c00099?s=96&d=mm&r=g","contentUrl":"https:\/\/secure.gravatar.com\/avatar\/d5ad3cf7ef3b23a2bb5be73be780c86b2fc8545c3ad6b149f3913ff458c00099?s=96&d=mm&r=g","caption":"admin"},"sameAs":["https:\/\/www.fraczinet.cl\/sitio"]}]}},"_links":{"self":[{"href":"https:\/\/www.fraczinet.cl\/sitio\/wp-json\/wp\/v2\/posts\/10530","targetHints":{"allow":["GET"]}}],"collection":[{"href":"https:\/\/www.fraczinet.cl\/sitio\/wp-json\/wp\/v2\/posts"}],"about":[{"href":"https:\/\/www.fraczinet.cl\/sitio\/wp-json\/wp\/v2\/types\/post"}],"author":[{"embeddable":true,"href":"https:\/\/www.fraczinet.cl\/sitio\/wp-json\/wp\/v2\/users\/1"}],"replies":[{"embeddable":true,"href":"https:\/\/www.fraczinet.cl\/sitio\/wp-json\/wp\/v2\/comments?post=10530"}],"version-history":[{"count":1,"href":"https:\/\/www.fraczinet.cl\/sitio\/wp-json\/wp\/v2\/posts\/10530\/revisions"}],"predecessor-version":[{"id":10532,"href":"https:\/\/www.fraczinet.cl\/sitio\/wp-json\/wp\/v2\/posts\/10530\/revisions\/10532"}],"wp:featuredmedia":[{"embeddable":true,"href":"https:\/\/www.fraczinet.cl\/sitio\/wp-json\/wp\/v2\/media\/10531"}],"wp:attachment":[{"href":"https:\/\/www.fraczinet.cl\/sitio\/wp-json\/wp\/v2\/media?parent=10530"}],"wp:term":[{"taxonomy":"category","embeddable":true,"href":"https:\/\/www.fraczinet.cl\/sitio\/wp-json\/wp\/v2\/categories?post=10530"},{"taxonomy":"post_tag","embeddable":true,"href":"https:\/\/www.fraczinet.cl\/sitio\/wp-json\/wp\/v2\/tags?post=10530"}],"curies":[{"name":"wp","href":"https:\/\/api.w.org\/{rel}","templated":true}]}}