{"id":11130,"date":"2022-08-09T01:40:57","date_gmt":"2022-08-09T01:40:57","guid":{"rendered":"https:\/\/www.fraczinet.cl\/sitio\/?p=11130"},"modified":"2022-08-09T22:56:08","modified_gmt":"2022-08-09T22:56:08","slug":"el-tercero-de-la-foto","status":"publish","type":"post","link":"https:\/\/www.fraczinet.cl\/sitio\/2022\/08\/09\/el-tercero-de-la-foto\/","title":{"rendered":"El Tercero de la Foto"},"content":{"rendered":"\t\t<div data-elementor-type=\"wp-post\" data-elementor-id=\"11130\" class=\"elementor elementor-11130\">\n\t\t\t\t\t\t<section class=\"elementor-section elementor-top-section elementor-element elementor-element-f5d385a elementor-section-boxed elementor-section-height-default elementor-section-height-default\" data-id=\"f5d385a\" data-element_type=\"section\">\n\t\t\t\t\t\t<div class=\"elementor-container elementor-column-gap-default\">\n\t\t\t\t\t<div class=\"elementor-column elementor-col-100 elementor-top-column elementor-element elementor-element-d8db9e5\" data-id=\"d8db9e5\" data-element_type=\"column\">\n\t\t\t<div class=\"elementor-widget-wrap elementor-element-populated\">\n\t\t\t\t\t\t<div class=\"elementor-element elementor-element-82f63d1 elementor-widget elementor-widget-text-editor\" data-id=\"82f63d1\" data-element_type=\"widget\" data-widget_type=\"text-editor.default\">\n\t\t\t\t<div class=\"elementor-widget-container\">\n\t\t\t\t\t\t\t\t\t<p dir=\"ltr\" style=\"line-height: 1.7999999999999998; background-color: #ffffff; margin-top: 12pt; margin-bottom: 0pt;\"><span style=\"font-size: 11pt; font-family: 'Times New Roman'; color: #222222; background-color: transparent; font-weight: 400; font-style: normal; font-variant: normal; text-decoration: none; vertical-align: baseline; white-space: pre-wrap;\"><img fetchpriority=\"high\" decoding=\"async\" class=\"size-medium wp-image-11132 aligncenter\" src=\"https:\/\/www.fraczinet.cl\/sitio\/wp-content\/uploads\/2022\/08\/El-tercero-de-la-foto-300x225.jpg\" alt=\"\" width=\"300\" height=\"225\" srcset=\"https:\/\/www.fraczinet.cl\/sitio\/wp-content\/uploads\/2022\/08\/El-tercero-de-la-foto-300x225.jpg 300w, https:\/\/www.fraczinet.cl\/sitio\/wp-content\/uploads\/2022\/08\/El-tercero-de-la-foto-768x576.jpg 768w, https:\/\/www.fraczinet.cl\/sitio\/wp-content\/uploads\/2022\/08\/El-tercero-de-la-foto.jpg 1024w\" sizes=\"(max-width: 300px) 100vw, 300px\" \/><\/span><\/p>\n<p dir=\"ltr\" style=\"line-height: 1.7999999999999998; background-color: #ffffff; margin-top: 6pt; margin-bottom: 0pt;\"><span style=\"font-size: 11pt; font-family: 'Times New Roman'; color: #222222; background-color: transparent; font-weight: 400; font-style: normal; font-variant: normal; text-decoration: none; vertical-align: baseline; white-space: pre-wrap;\">Por Juan Forn<\/span><\/p>\n<p dir=\"ltr\" style=\"line-height: 1.7999999999999998; background-color: #ffffff; margin-top: 6pt; margin-bottom: 0pt;\"><span style=\"font-size: 11pt; font-family: 'Times New Roman'; color: #222222; background-color: transparent; font-weight: 400; font-style: normal; font-variant: normal; text-decoration: none; vertical-align: baseline; white-space: pre-wrap;\">\u00a0<\/span><\/p>\n<p dir=\"ltr\" style=\"line-height: 1.7999999999999998; background-color: #ffffff; margin-top: 0pt; margin-bottom: 0pt; padding: 6pt 0pt 0pt 0pt;\"><span style=\"font-size: 11pt; font-family: 'Times New Roman'; color: #222222; background-color: transparent; font-weight: 400; font-style: normal; font-variant: normal; text-decoration: none; vertical-align: baseline; white-space: pre-wrap;\">Todos conocemos la imagen: se ha vuelto \u00edcono e incluso estatua, s\u00f3lo que en la estatua se elimin\u00f3 a uno de sus tres protagonistas. No es una cr\u00edtica ni una denuncia: tambi\u00e9n nosotros eliminamos mentalmente de la foto a aquel flaquito pelirrojo que parec\u00eda estar de prestado en la escena. El a\u00f1o era 1968: la masacre de MyLai en Vietnam, el Mayo franc\u00e9s, los asesinatos de Martin Luther King y Bobby Kennedy en Estados Unidos, los tanques rusos acabando con la Primavera de Praga, la matanza de Tlatelolco y, apenas unos d\u00edas despu\u00e9s, empiezan las Olimp\u00edadas, precisamente en M\u00e9xico, con la sangre de los estudiantes muertos todav\u00eda fresca. En la final de los 200 metros llanos, el podio es ocupado por dos atletas negros norteamericanos y un australiano, bastante m\u00e1s bajito y esmirriado que ellos. Los dos negros suben a recibir sus medallas descalzos y con un guante negro cada uno, y cuando suena el himno americano bajan sus cabezas y alzan el pu\u00f1o enguantado, haciendo el saludo de los Panteras Negras (iban tambi\u00e9n descalzos, en alusi\u00f3n a sus hermanos de raza de los algodonales de Luisiana, que no ten\u00edan derecho a usar calzado). La foto dio la vuelta al mundo: en el reino de la confraternidad ecum\u00e9nica a trav\u00e9s del deporte, hac\u00eda su fulminante ingreso la protesta pol\u00edtica. Casi medio siglo despu\u00e9s me escribe un lector, uno de esos lectores exigentes que es una bendici\u00f3n tener, y me pide que cuente la historia de la foto y del blanquito que aparece en ella de prestado: el australiano Peter Norman. Yo ten\u00eda ocho a\u00f1os en 1968, y hab\u00eda sido educado en los valores del Bar\u00f3n de Coubertin: me acuerdo todav\u00eda de la consternaci\u00f3n que despert\u00f3 aquel episodio pero, como el resto del mundo, lo ignoraba todo sobre Peter Norman.<\/span><\/p>\n<p dir=\"ltr\" style=\"line-height: 1.7999999999999998; background-color: #ffffff; margin-top: 0pt; margin-bottom: 0pt; padding: 6pt 0pt 0pt 0pt;\"><span style=\"font-size: 11pt; font-family: 'Times New Roman'; color: #222222; background-color: transparent; font-weight: 400; font-style: normal; font-variant: normal; text-decoration: none; vertical-align: baseline; white-space: pre-wrap;\">\u00a0<\/span><\/p>\n<p dir=\"ltr\" style=\"line-height: 1.7999999999999998; background-color: #ffffff; margin-top: 0pt; margin-bottom: 0pt; padding: 6pt 0pt 0pt 0pt;\"><span style=\"font-size: 11pt; font-family: 'Times New Roman'; color: #222222; background-color: transparent; font-weight: 400; font-style: normal; font-variant: normal; text-decoration: none; vertical-align: baseline; white-space: pre-wrap;\">Los velocistas negros Tommie \u201cJet\u201d Smith y John Carlos sab\u00edan, desde principios de 1968, que ten\u00edan chances seguras de ganar medalla: sus tiempos eran cada vez m\u00e1s mejores, no ten\u00edan rivales a la vista, el oro estaba entre los dos. Tambi\u00e9n eran miembros de un grupo de atletas que hab\u00edan creado el OPCR (Programa Ol\u00edmpico por los Derechos Civiles) que apoyaba la lucha contra la segregaci\u00f3n racial. Ante el desd\u00e9n del Comit\u00e9 Ol\u00edmpico por sus pedidos decidieron que, al subir al podio, portar\u00edan un distintivo de la organizaci\u00f3n como protesta. Smith hab\u00eda nacido en Texas, el s\u00e9ptimo de once hermanos, era hijo de un pe\u00f3n de los algodonales. Carlos era de Harlem, hijo de un zapatero remend\u00f3n. Ambos ten\u00edan en claro por qui\u00e9n corr\u00edan. En las rondas preliminares arrasaron con sus rivales y en la final tambi\u00e9n picaron ambos en punta, Carlos a la cabeza y Smith mordi\u00e9ndole los talones hasta que en el sprint de los \u00faltimos cincuenta metros super\u00f3 a su colega y ya estaba alzando los brazos cuando vio por el rabillo del ojo al australianito Norman, que hab\u00eda hecho toda la carrera en sexto lugar, achicando a trancazos la distancia hasta instalarse como una cu\u00f1a entre ambos.<\/span><\/p>\n<p dir=\"ltr\" style=\"line-height: 1.7999999999999998; background-color: #ffffff; margin-top: 0pt; margin-bottom: 0pt; padding: 6pt 0pt 0pt 0pt;\"><span style=\"font-size: 11pt; font-family: 'Times New Roman'; color: #222222; background-color: transparent; font-weight: 400; font-style: normal; font-variant: normal; text-decoration: none; vertical-align: baseline; white-space: pre-wrap;\">Para entender cabalmente la escena hay que decir que Norman med\u00eda casi veinte cent\u00edmetros menos que los dos afroamericanos: cada tranco de ellos era tranco y medio para \u00e9l. Sin embargo algo le hab\u00eda pasado desde su llegada a M\u00e9xico: no paraba de mejorar sus tiempos. Hasta entonces no alcanzaban a hacer sombra a los de Smith y Carlos, pero ahora estaba ocurriendo lo imposible. Norman hizo los 200 metros en 20.07, una marca que nadie hab\u00eda logrado hasta entonces. Oblig\u00f3 a \u201cJet\u201d Smith a dejar la vida en esos \u00faltimos metros y convertirse as\u00ed en el primer atleta en el mundo en bajar la barrera de los veinte segundos (clav\u00f3 la aguja en 19.86). Carlos qued\u00f3 en tercer lugar, con sus 20.10.<\/span><\/p>\n<p dir=\"ltr\" style=\"line-height: 1.7999999999999998; background-color: #ffffff; margin-top: 0pt; margin-bottom: 0pt; padding: 6pt 0pt 0pt 0pt;\"><span style=\"font-size: 11pt; font-family: 'Times New Roman'; color: #222222; background-color: transparent; font-weight: 400; font-style: normal; font-variant: normal; text-decoration: none; vertical-align: baseline; white-space: pre-wrap;\">En el vestuario antes de subir al podio, Smith y Carlos encararon a Norman y le avisaron lo que iban a hacer. El australiano ven\u00eda de una familia de \u201csalvos\u201d (as\u00ed llamaban en su pa\u00eds a los voluntarios del Ej\u00e9rcito de Salvaci\u00f3n). Cuando Smith y Carlos le preguntaron si cre\u00eda en los derechos civiles y en la igualdad ante Dios, contest\u00f3:<\/span><\/p>\n<p dir=\"ltr\" style=\"line-height: 1.7999999999999998; background-color: #ffffff; margin-top: 0pt; margin-bottom: 0pt; padding: 6pt 0pt 0pt 0pt;\"><span style=\"font-size: 11pt; font-family: 'Times New Roman'; color: #222222; background-color: transparent; font-weight: 400; font-style: normal; font-variant: normal; text-decoration: none; vertical-align: baseline; white-space: pre-wrap;\">\u201cCreo que todo hombre tiene derecho a beber la misma agua. Creo en lo que creen ustedes\u201d. Y a continuaci\u00f3n se\u00f1al\u00f3 el distintivo del OPCR y pregunt\u00f3 si ten\u00edan uno para \u00e9l. Otro atleta norteamericano le dio el suyo. Smith y Carlos se preguntaban de d\u00f3nde hab\u00eda salido ese blanquito que pensaba m\u00e1s en lo que estaban por hacer que en su medalla de plata. En el revuelo descubrieron que se les hab\u00eda perdido un par de guantes. \u201cQue cada uno use uno\u201d, sugiri\u00f3 con practicidad Norman. Desde el podio no pudieron apreciar del todo lo que pasaba en las tribunas: el estadio entero en silencio cuando, con los primeros compases del himno, Smith y Carlos alzaron su pu\u00f1o enguantado.<\/span><\/p>\n<p dir=\"ltr\" style=\"line-height: 1.7999999999999998; background-color: #ffffff; margin-top: 0pt; margin-bottom: 0pt; padding: 6pt 0pt 0pt 0pt;\"><span style=\"font-size: 11pt; font-family: 'Times New Roman'; color: #222222; background-color: transparent; font-weight: 400; font-style: normal; font-variant: normal; text-decoration: none; vertical-align: baseline; white-space: pre-wrap;\">Ambos fueron desafectados y expulsados de la Villa Ol\u00edmpica en cuanto bajaron del podio (al atleta que le dio el distintivo a Norman tambi\u00e9n lo suspendieron). Apenas volvieron a casa empezaron los problemas. Uno de ellos termin\u00f3 lavando autos en Texas, el otro cargando bolsas en el puerto de Nueva York. Les escrib\u00edan insultos en la puerta de sus casas, cada noche sonaba el tel\u00e9fono con amenazas an\u00f3nimas. Debieron pasar m\u00e1s de diez a\u00f1os hasta que pudieron volver al mundo del atletismo, ya como entrenadores, y despu\u00e9s como portavoces de la igualdad en el deporte.<\/span><\/p>\n<p dir=\"ltr\" style=\"line-height: 1.7999999999999998; background-color: #ffffff; margin-top: 0pt; margin-bottom: 0pt; padding: 6pt 0pt 0pt 0pt;\"><span style=\"font-size: 11pt; font-family: 'Times New Roman'; color: #222222; background-color: transparent; font-weight: 400; font-style: normal; font-variant: normal; text-decoration: none; vertical-align: baseline; white-space: pre-wrap;\">Para Norman fue peor. En Australia, las minor\u00edas raciales sufr\u00edan una forma m\u00e1s silenciosa pero igual de cruel de discriminaci\u00f3n (en el censo nacional de 1968 se contaron las ovejas pero no los abor\u00edgenes). Expresar apoyo a la equidad racial fue condenarse al ostracismo. No s\u00f3lo se le hizo dif\u00edcil seguir corriendo; tampoco consegu\u00eda qui\u00e9n le diera trabajo. Repetidas veces lo invitaron a pedir perd\u00f3n por el episodio de M\u00e9xico, pero \u00e9l se neg\u00f3, y sigui\u00f3 entrenando por las suyas y logrando tiempos superiores a sus rivales. En los cuatro a\u00f1os siguientes bati\u00f3 trece veces la marca de calificaci\u00f3n en los 200 metros para ir a las Olimp\u00edadas de Munich en 1972, pero no lo convocaron al equipo nacional y, por primera vez en la historia de los Juegos, Australia no tuvo sprinter en las finales de 100 y 200 metros. Norman intent\u00f3 dedicarse al f\u00fatbol australiano profesional pero una lesi\u00f3n en el tend\u00f3n de Aquiles lo puso al borde de perder la pierna por gangrena. Se hizo adicto a los calmantes que le recetaban, luego alcoh\u00f3lico, luego se recuper\u00f3 y empez\u00f3 a militar en el sindicalismo y trabajar en una carnicer\u00eda.<\/span><\/p>\n<p dir=\"ltr\" style=\"line-height: 1.7999999999999998; background-color: #ffffff; margin-top: 0pt; margin-bottom: 0pt; padding: 6pt 0pt 0pt 0pt;\"><span style=\"font-size: 11pt; font-family: 'Times New Roman'; color: #222222; background-color: transparent; font-weight: 400; font-style: normal; font-variant: normal; text-decoration: none; vertical-align: baseline; white-space: pre-wrap;\">Usaba su medalla ol\u00edmpica para trabar la puerta de su departamento.<\/span><\/p>\n<p dir=\"ltr\" style=\"line-height: 1.7999999999999998; background-color: #ffffff; margin-top: 0pt; margin-bottom: 0pt; padding: 6pt 0pt 0pt 0pt;\"><span style=\"font-size: 11pt; font-family: 'Times New Roman'; color: #222222; background-color: transparent; font-weight: 400; font-style: normal; font-variant: normal; text-decoration: none; vertical-align: baseline; white-space: pre-wrap;\">Cuando se anunci\u00f3 que Australia organizar\u00eda los Juegos en el 2000, se ilusion\u00f3 con que lo incluyeran en los festejos. Los organizadores de Sydney invitaron a todos los medallistas ol\u00edmpicos australianos a desfilar el d\u00eda de la inauguraci\u00f3n, pero a Norman no s\u00f3lo lo excluyeron del desfile: ni siquiera le mandaron entradas para ir al estadio. Era el mejor velocista de la historia australiana pero no exist\u00eda. Incluso en la estatua que se hab\u00eda erigido en el campus de San Jos\u00e9, California, conmemorando aquel podio de M\u00e9xico 68, el segundo lugar estaba vac\u00edo.<\/span><\/p>\n<p dir=\"ltr\" style=\"line-height: 1.7999999999999998; background-color: #ffffff; margin-top: 0pt; margin-bottom: 0pt; padding: 6pt 0pt 0pt 0pt;\"><span style=\"font-size: 11pt; font-family: 'Times New Roman'; color: #222222; background-color: transparent; font-weight: 400; font-style: normal; font-variant: normal; text-decoration: none; vertical-align: baseline; white-space: pre-wrap;\"><img decoding=\"async\" class=\"alignnone size-medium wp-image-11134 aligncenter\" src=\"https:\/\/www.fraczinet.cl\/sitio\/wp-content\/uploads\/2022\/08\/En-tercero-de-la-foto4-300x246.jpg\" alt=\"\" width=\"300\" height=\"246\" srcset=\"https:\/\/www.fraczinet.cl\/sitio\/wp-content\/uploads\/2022\/08\/En-tercero-de-la-foto4-300x246.jpg 300w, https:\/\/www.fraczinet.cl\/sitio\/wp-content\/uploads\/2022\/08\/En-tercero-de-la-foto4-1024x839.jpg 1024w, https:\/\/www.fraczinet.cl\/sitio\/wp-content\/uploads\/2022\/08\/En-tercero-de-la-foto4-768x629.jpg 768w, https:\/\/www.fraczinet.cl\/sitio\/wp-content\/uploads\/2022\/08\/En-tercero-de-la-foto4.jpg 1300w\" sizes=\"(max-width: 300px) 100vw, 300px\" \/><\/span><\/p>\n<p dir=\"ltr\" style=\"line-height: 1.7999999999999998; background-color: #ffffff; margin-top: 0pt; margin-bottom: 0pt; padding: 6pt 0pt 0pt 0pt;\"><span style=\"font-size: 11pt; font-family: 'Times New Roman'; color: #222222; background-color: transparent; font-weight: 400; font-style: normal; font-variant: normal; text-decoration: none; vertical-align: baseline; white-space: pre-wrap;\">Muri\u00f3 sin que nadie le pidiera perd\u00f3n, el 9 de octubre de 2006. Los ya sexagenarios Smith y Carlos viajaron hasta Melbourne y llevaron el f\u00e9retro en el funeral. La banda que acompa\u00f1aba el cortejo tocaba \u201cCarrozas de fuego\u201d. El sobrino de Norman, Matt, hab\u00eda hecho un documental sobre su t\u00edo: no consigui\u00f3 financiaci\u00f3n en su pa\u00eds, pero logr\u00f3 terminarla igual. Despu\u00e9s de colarla en el circuito de festivales y cosechar media docena de premios, el Comit\u00e9 Ol\u00edmpico declar\u00f3 el 9 de octubre D\u00eda Mundial del Atletismo. La marca de 20.07 sigue sin ser superada en Australia hasta el d\u00eda de hoy. Ning\u00fan otro record en el atletismo mundial ha durado tanto.\u00a0<\/span><\/p>\t\t\t\t\t\t\t\t<\/div>\n\t\t\t\t<\/div>\n\t\t\t\t\t<\/div>\n\t\t<\/div>\n\t\t\t\t\t<\/div>\n\t\t<\/section>\n\t\t\t\t<\/div>\n\t\t","protected":false},"excerpt":{"rendered":"<p>Por Juan Forn \u00a0 Todos conocemos la imagen: se ha vuelto \u00edcono e incluso estatua, s\u00f3lo que en la estatua se elimin\u00f3 a uno de sus tres protagonistas. No es una cr\u00edtica ni una denuncia: tambi\u00e9n nosotros eliminamos mentalmente de la foto a aquel flaquito pelirrojo que parec\u00eda estar de prestado en la escena. El [&hellip;]<\/p>\n","protected":false},"author":1,"featured_media":11132,"comment_status":"open","ping_status":"open","sticky":false,"template":"","format":"standard","meta":{"footnotes":""},"categories":[154,10],"tags":[],"class_list":["post-11130","post","type-post","status-publish","format-standard","has-post-thumbnail","hentry","category-ddhh","category-historia"],"yoast_head":"<!-- This site is optimized with the Yoast SEO plugin v25.0 - https:\/\/yoast.com\/wordpress\/plugins\/seo\/ -->\n<title>El Tercero de la Foto - Nuestro Bio B\u00edo<\/title>\n<meta name=\"robots\" content=\"index, follow, max-snippet:-1, max-image-preview:large, max-video-preview:-1\" \/>\n<link rel=\"canonical\" href=\"https:\/\/www.fraczinet.cl\/sitio\/2022\/08\/09\/el-tercero-de-la-foto\/\" \/>\n<meta property=\"og:locale\" content=\"es_ES\" \/>\n<meta property=\"og:type\" content=\"article\" \/>\n<meta property=\"og:title\" content=\"El Tercero de la Foto - Nuestro Bio B\u00edo\" \/>\n<meta property=\"og:description\" content=\"Por Juan Forn \u00a0 Todos conocemos la imagen: se ha vuelto \u00edcono e incluso estatua, s\u00f3lo que en la estatua se elimin\u00f3 a uno de sus tres protagonistas. No es una cr\u00edtica ni una denuncia: tambi\u00e9n nosotros eliminamos mentalmente de la foto a aquel flaquito pelirrojo que parec\u00eda estar de prestado en la escena. El [&hellip;]\" \/>\n<meta property=\"og:url\" content=\"https:\/\/www.fraczinet.cl\/sitio\/2022\/08\/09\/el-tercero-de-la-foto\/\" \/>\n<meta property=\"og:site_name\" content=\"Nuestro Bio B\u00edo\" \/>\n<meta property=\"article:published_time\" content=\"2022-08-09T01:40:57+00:00\" \/>\n<meta property=\"article:modified_time\" content=\"2022-08-09T22:56:08+00:00\" \/>\n<meta property=\"og:image\" content=\"https:\/\/www.fraczinet.cl\/sitio\/wp-content\/uploads\/2022\/08\/El-tercero-de-la-foto.jpg\" \/>\n\t<meta property=\"og:image:width\" content=\"1024\" \/>\n\t<meta property=\"og:image:height\" content=\"768\" \/>\n\t<meta property=\"og:image:type\" content=\"image\/jpeg\" \/>\n<meta name=\"author\" content=\"admin\" \/>\n<meta name=\"twitter:card\" content=\"summary_large_image\" \/>\n<meta name=\"twitter:creator\" content=\"@nuestrobiobio\" \/>\n<meta name=\"twitter:site\" content=\"@nuestrobiobio\" \/>\n<meta name=\"twitter:label1\" content=\"Escrito por\" \/>\n\t<meta name=\"twitter:data1\" content=\"admin\" \/>\n\t<meta name=\"twitter:label2\" content=\"Tiempo de lectura\" \/>\n\t<meta name=\"twitter:data2\" content=\"7 minutos\" \/>\n<script type=\"application\/ld+json\" class=\"yoast-schema-graph\">{\"@context\":\"https:\/\/schema.org\",\"@graph\":[{\"@type\":\"Article\",\"@id\":\"https:\/\/www.fraczinet.cl\/sitio\/2022\/08\/09\/el-tercero-de-la-foto\/#article\",\"isPartOf\":{\"@id\":\"https:\/\/www.fraczinet.cl\/sitio\/2022\/08\/09\/el-tercero-de-la-foto\/\"},\"author\":{\"name\":\"admin\",\"@id\":\"https:\/\/www.fraczinet.cl\/sitio\/#\/schema\/person\/bc30f98e9cb10ae7e119dbe14bc93784\"},\"headline\":\"El Tercero de la Foto\",\"datePublished\":\"2022-08-09T01:40:57+00:00\",\"dateModified\":\"2022-08-09T22:56:08+00:00\",\"mainEntityOfPage\":{\"@id\":\"https:\/\/www.fraczinet.cl\/sitio\/2022\/08\/09\/el-tercero-de-la-foto\/\"},\"wordCount\":1414,\"commentCount\":0,\"publisher\":{\"@id\":\"https:\/\/www.fraczinet.cl\/sitio\/#\/schema\/person\/aec8ee4da68df2b9b0eefdad24a0d582\"},\"image\":{\"@id\":\"https:\/\/www.fraczinet.cl\/sitio\/2022\/08\/09\/el-tercero-de-la-foto\/#primaryimage\"},\"thumbnailUrl\":\"https:\/\/www.fraczinet.cl\/sitio\/wp-content\/uploads\/2022\/08\/El-tercero-de-la-foto.jpg\",\"articleSection\":[\"DDHH\",\"Historia\"],\"inLanguage\":\"es\",\"potentialAction\":[{\"@type\":\"CommentAction\",\"name\":\"Comment\",\"target\":[\"https:\/\/www.fraczinet.cl\/sitio\/2022\/08\/09\/el-tercero-de-la-foto\/#respond\"]}]},{\"@type\":\"WebPage\",\"@id\":\"https:\/\/www.fraczinet.cl\/sitio\/2022\/08\/09\/el-tercero-de-la-foto\/\",\"url\":\"https:\/\/www.fraczinet.cl\/sitio\/2022\/08\/09\/el-tercero-de-la-foto\/\",\"name\":\"El Tercero de la Foto - Nuestro Bio B\u00edo\",\"isPartOf\":{\"@id\":\"https:\/\/www.fraczinet.cl\/sitio\/#website\"},\"primaryImageOfPage\":{\"@id\":\"https:\/\/www.fraczinet.cl\/sitio\/2022\/08\/09\/el-tercero-de-la-foto\/#primaryimage\"},\"image\":{\"@id\":\"https:\/\/www.fraczinet.cl\/sitio\/2022\/08\/09\/el-tercero-de-la-foto\/#primaryimage\"},\"thumbnailUrl\":\"https:\/\/www.fraczinet.cl\/sitio\/wp-content\/uploads\/2022\/08\/El-tercero-de-la-foto.jpg\",\"datePublished\":\"2022-08-09T01:40:57+00:00\",\"dateModified\":\"2022-08-09T22:56:08+00:00\",\"breadcrumb\":{\"@id\":\"https:\/\/www.fraczinet.cl\/sitio\/2022\/08\/09\/el-tercero-de-la-foto\/#breadcrumb\"},\"inLanguage\":\"es\",\"potentialAction\":[{\"@type\":\"ReadAction\",\"target\":[\"https:\/\/www.fraczinet.cl\/sitio\/2022\/08\/09\/el-tercero-de-la-foto\/\"]}]},{\"@type\":\"ImageObject\",\"inLanguage\":\"es\",\"@id\":\"https:\/\/www.fraczinet.cl\/sitio\/2022\/08\/09\/el-tercero-de-la-foto\/#primaryimage\",\"url\":\"https:\/\/www.fraczinet.cl\/sitio\/wp-content\/uploads\/2022\/08\/El-tercero-de-la-foto.jpg\",\"contentUrl\":\"https:\/\/www.fraczinet.cl\/sitio\/wp-content\/uploads\/2022\/08\/El-tercero-de-la-foto.jpg\",\"width\":1024,\"height\":768},{\"@type\":\"BreadcrumbList\",\"@id\":\"https:\/\/www.fraczinet.cl\/sitio\/2022\/08\/09\/el-tercero-de-la-foto\/#breadcrumb\",\"itemListElement\":[{\"@type\":\"ListItem\",\"position\":1,\"name\":\"Portada\",\"item\":\"https:\/\/www.fraczinet.cl\/sitio\/\"},{\"@type\":\"ListItem\",\"position\":2,\"name\":\"El Tercero de la Foto\"}]},{\"@type\":\"WebSite\",\"@id\":\"https:\/\/www.fraczinet.cl\/sitio\/#website\",\"url\":\"https:\/\/www.fraczinet.cl\/sitio\/\",\"name\":\"Nuestro Bio B\u00edo\",\"description\":\"Tierra de Encuentros\",\"publisher\":{\"@id\":\"https:\/\/www.fraczinet.cl\/sitio\/#\/schema\/person\/aec8ee4da68df2b9b0eefdad24a0d582\"},\"potentialAction\":[{\"@type\":\"SearchAction\",\"target\":{\"@type\":\"EntryPoint\",\"urlTemplate\":\"https:\/\/www.fraczinet.cl\/sitio\/?s={search_term_string}\"},\"query-input\":{\"@type\":\"PropertyValueSpecification\",\"valueRequired\":true,\"valueName\":\"search_term_string\"}}],\"inLanguage\":\"es\"},{\"@type\":[\"Person\",\"Organization\"],\"@id\":\"https:\/\/www.fraczinet.cl\/sitio\/#\/schema\/person\/aec8ee4da68df2b9b0eefdad24a0d582\",\"name\":\"Luis Fernando Fraczinet\",\"image\":{\"@type\":\"ImageObject\",\"inLanguage\":\"es\",\"@id\":\"https:\/\/www.fraczinet.cl\/sitio\/#\/schema\/person\/image\/\",\"url\":\"https:\/\/www.fraczinet.cl\/sitio\/wp-content\/uploads\/2021\/07\/bannerlogo-1.gif\",\"contentUrl\":\"https:\/\/www.fraczinet.cl\/sitio\/wp-content\/uploads\/2021\/07\/bannerlogo-1.gif\",\"width\":159,\"height\":79,\"caption\":\"Luis Fernando Fraczinet\"},\"logo\":{\"@id\":\"https:\/\/www.fraczinet.cl\/sitio\/#\/schema\/person\/image\/\"},\"sameAs\":[\"https:\/\/www.fraczinet.cl\/sitio\/\"]},{\"@type\":\"Person\",\"@id\":\"https:\/\/www.fraczinet.cl\/sitio\/#\/schema\/person\/bc30f98e9cb10ae7e119dbe14bc93784\",\"name\":\"admin\",\"image\":{\"@type\":\"ImageObject\",\"inLanguage\":\"es\",\"@id\":\"https:\/\/www.fraczinet.cl\/sitio\/#\/schema\/person\/image\/\",\"url\":\"https:\/\/secure.gravatar.com\/avatar\/d5ad3cf7ef3b23a2bb5be73be780c86b2fc8545c3ad6b149f3913ff458c00099?s=96&d=mm&r=g\",\"contentUrl\":\"https:\/\/secure.gravatar.com\/avatar\/d5ad3cf7ef3b23a2bb5be73be780c86b2fc8545c3ad6b149f3913ff458c00099?s=96&d=mm&r=g\",\"caption\":\"admin\"},\"sameAs\":[\"https:\/\/www.fraczinet.cl\/sitio\"]}]}<\/script>\n<!-- \/ Yoast SEO plugin. -->","yoast_head_json":{"title":"El Tercero de la Foto - Nuestro Bio B\u00edo","robots":{"index":"index","follow":"follow","max-snippet":"max-snippet:-1","max-image-preview":"max-image-preview:large","max-video-preview":"max-video-preview:-1"},"canonical":"https:\/\/www.fraczinet.cl\/sitio\/2022\/08\/09\/el-tercero-de-la-foto\/","og_locale":"es_ES","og_type":"article","og_title":"El Tercero de la Foto - Nuestro Bio B\u00edo","og_description":"Por Juan Forn \u00a0 Todos conocemos la imagen: se ha vuelto \u00edcono e incluso estatua, s\u00f3lo que en la estatua se elimin\u00f3 a uno de sus tres protagonistas. No es una cr\u00edtica ni una denuncia: tambi\u00e9n nosotros eliminamos mentalmente de la foto a aquel flaquito pelirrojo que parec\u00eda estar de prestado en la escena. El [&hellip;]","og_url":"https:\/\/www.fraczinet.cl\/sitio\/2022\/08\/09\/el-tercero-de-la-foto\/","og_site_name":"Nuestro Bio B\u00edo","article_published_time":"2022-08-09T01:40:57+00:00","article_modified_time":"2022-08-09T22:56:08+00:00","og_image":[{"width":1024,"height":768,"url":"https:\/\/www.fraczinet.cl\/sitio\/wp-content\/uploads\/2022\/08\/El-tercero-de-la-foto.jpg","type":"image\/jpeg"}],"author":"admin","twitter_card":"summary_large_image","twitter_creator":"@nuestrobiobio","twitter_site":"@nuestrobiobio","twitter_misc":{"Escrito por":"admin","Tiempo de lectura":"7 minutos"},"schema":{"@context":"https:\/\/schema.org","@graph":[{"@type":"Article","@id":"https:\/\/www.fraczinet.cl\/sitio\/2022\/08\/09\/el-tercero-de-la-foto\/#article","isPartOf":{"@id":"https:\/\/www.fraczinet.cl\/sitio\/2022\/08\/09\/el-tercero-de-la-foto\/"},"author":{"name":"admin","@id":"https:\/\/www.fraczinet.cl\/sitio\/#\/schema\/person\/bc30f98e9cb10ae7e119dbe14bc93784"},"headline":"El Tercero de la Foto","datePublished":"2022-08-09T01:40:57+00:00","dateModified":"2022-08-09T22:56:08+00:00","mainEntityOfPage":{"@id":"https:\/\/www.fraczinet.cl\/sitio\/2022\/08\/09\/el-tercero-de-la-foto\/"},"wordCount":1414,"commentCount":0,"publisher":{"@id":"https:\/\/www.fraczinet.cl\/sitio\/#\/schema\/person\/aec8ee4da68df2b9b0eefdad24a0d582"},"image":{"@id":"https:\/\/www.fraczinet.cl\/sitio\/2022\/08\/09\/el-tercero-de-la-foto\/#primaryimage"},"thumbnailUrl":"https:\/\/www.fraczinet.cl\/sitio\/wp-content\/uploads\/2022\/08\/El-tercero-de-la-foto.jpg","articleSection":["DDHH","Historia"],"inLanguage":"es","potentialAction":[{"@type":"CommentAction","name":"Comment","target":["https:\/\/www.fraczinet.cl\/sitio\/2022\/08\/09\/el-tercero-de-la-foto\/#respond"]}]},{"@type":"WebPage","@id":"https:\/\/www.fraczinet.cl\/sitio\/2022\/08\/09\/el-tercero-de-la-foto\/","url":"https:\/\/www.fraczinet.cl\/sitio\/2022\/08\/09\/el-tercero-de-la-foto\/","name":"El Tercero de la Foto - Nuestro Bio B\u00edo","isPartOf":{"@id":"https:\/\/www.fraczinet.cl\/sitio\/#website"},"primaryImageOfPage":{"@id":"https:\/\/www.fraczinet.cl\/sitio\/2022\/08\/09\/el-tercero-de-la-foto\/#primaryimage"},"image":{"@id":"https:\/\/www.fraczinet.cl\/sitio\/2022\/08\/09\/el-tercero-de-la-foto\/#primaryimage"},"thumbnailUrl":"https:\/\/www.fraczinet.cl\/sitio\/wp-content\/uploads\/2022\/08\/El-tercero-de-la-foto.jpg","datePublished":"2022-08-09T01:40:57+00:00","dateModified":"2022-08-09T22:56:08+00:00","breadcrumb":{"@id":"https:\/\/www.fraczinet.cl\/sitio\/2022\/08\/09\/el-tercero-de-la-foto\/#breadcrumb"},"inLanguage":"es","potentialAction":[{"@type":"ReadAction","target":["https:\/\/www.fraczinet.cl\/sitio\/2022\/08\/09\/el-tercero-de-la-foto\/"]}]},{"@type":"ImageObject","inLanguage":"es","@id":"https:\/\/www.fraczinet.cl\/sitio\/2022\/08\/09\/el-tercero-de-la-foto\/#primaryimage","url":"https:\/\/www.fraczinet.cl\/sitio\/wp-content\/uploads\/2022\/08\/El-tercero-de-la-foto.jpg","contentUrl":"https:\/\/www.fraczinet.cl\/sitio\/wp-content\/uploads\/2022\/08\/El-tercero-de-la-foto.jpg","width":1024,"height":768},{"@type":"BreadcrumbList","@id":"https:\/\/www.fraczinet.cl\/sitio\/2022\/08\/09\/el-tercero-de-la-foto\/#breadcrumb","itemListElement":[{"@type":"ListItem","position":1,"name":"Portada","item":"https:\/\/www.fraczinet.cl\/sitio\/"},{"@type":"ListItem","position":2,"name":"El Tercero de la Foto"}]},{"@type":"WebSite","@id":"https:\/\/www.fraczinet.cl\/sitio\/#website","url":"https:\/\/www.fraczinet.cl\/sitio\/","name":"Nuestro Bio B\u00edo","description":"Tierra de Encuentros","publisher":{"@id":"https:\/\/www.fraczinet.cl\/sitio\/#\/schema\/person\/aec8ee4da68df2b9b0eefdad24a0d582"},"potentialAction":[{"@type":"SearchAction","target":{"@type":"EntryPoint","urlTemplate":"https:\/\/www.fraczinet.cl\/sitio\/?s={search_term_string}"},"query-input":{"@type":"PropertyValueSpecification","valueRequired":true,"valueName":"search_term_string"}}],"inLanguage":"es"},{"@type":["Person","Organization"],"@id":"https:\/\/www.fraczinet.cl\/sitio\/#\/schema\/person\/aec8ee4da68df2b9b0eefdad24a0d582","name":"Luis Fernando Fraczinet","image":{"@type":"ImageObject","inLanguage":"es","@id":"https:\/\/www.fraczinet.cl\/sitio\/#\/schema\/person\/image\/","url":"https:\/\/www.fraczinet.cl\/sitio\/wp-content\/uploads\/2021\/07\/bannerlogo-1.gif","contentUrl":"https:\/\/www.fraczinet.cl\/sitio\/wp-content\/uploads\/2021\/07\/bannerlogo-1.gif","width":159,"height":79,"caption":"Luis Fernando Fraczinet"},"logo":{"@id":"https:\/\/www.fraczinet.cl\/sitio\/#\/schema\/person\/image\/"},"sameAs":["https:\/\/www.fraczinet.cl\/sitio\/"]},{"@type":"Person","@id":"https:\/\/www.fraczinet.cl\/sitio\/#\/schema\/person\/bc30f98e9cb10ae7e119dbe14bc93784","name":"admin","image":{"@type":"ImageObject","inLanguage":"es","@id":"https:\/\/www.fraczinet.cl\/sitio\/#\/schema\/person\/image\/","url":"https:\/\/secure.gravatar.com\/avatar\/d5ad3cf7ef3b23a2bb5be73be780c86b2fc8545c3ad6b149f3913ff458c00099?s=96&d=mm&r=g","contentUrl":"https:\/\/secure.gravatar.com\/avatar\/d5ad3cf7ef3b23a2bb5be73be780c86b2fc8545c3ad6b149f3913ff458c00099?s=96&d=mm&r=g","caption":"admin"},"sameAs":["https:\/\/www.fraczinet.cl\/sitio"]}]}},"_links":{"self":[{"href":"https:\/\/www.fraczinet.cl\/sitio\/wp-json\/wp\/v2\/posts\/11130","targetHints":{"allow":["GET"]}}],"collection":[{"href":"https:\/\/www.fraczinet.cl\/sitio\/wp-json\/wp\/v2\/posts"}],"about":[{"href":"https:\/\/www.fraczinet.cl\/sitio\/wp-json\/wp\/v2\/types\/post"}],"author":[{"embeddable":true,"href":"https:\/\/www.fraczinet.cl\/sitio\/wp-json\/wp\/v2\/users\/1"}],"replies":[{"embeddable":true,"href":"https:\/\/www.fraczinet.cl\/sitio\/wp-json\/wp\/v2\/comments?post=11130"}],"version-history":[{"count":16,"href":"https:\/\/www.fraczinet.cl\/sitio\/wp-json\/wp\/v2\/posts\/11130\/revisions"}],"predecessor-version":[{"id":11157,"href":"https:\/\/www.fraczinet.cl\/sitio\/wp-json\/wp\/v2\/posts\/11130\/revisions\/11157"}],"wp:featuredmedia":[{"embeddable":true,"href":"https:\/\/www.fraczinet.cl\/sitio\/wp-json\/wp\/v2\/media\/11132"}],"wp:attachment":[{"href":"https:\/\/www.fraczinet.cl\/sitio\/wp-json\/wp\/v2\/media?parent=11130"}],"wp:term":[{"taxonomy":"category","embeddable":true,"href":"https:\/\/www.fraczinet.cl\/sitio\/wp-json\/wp\/v2\/categories?post=11130"},{"taxonomy":"post_tag","embeddable":true,"href":"https:\/\/www.fraczinet.cl\/sitio\/wp-json\/wp\/v2\/tags?post=11130"}],"curies":[{"name":"wp","href":"https:\/\/api.w.org\/{rel}","templated":true}]}}