{"id":11569,"date":"2022-09-05T23:01:19","date_gmt":"2022-09-05T23:01:19","guid":{"rendered":"https:\/\/www.fraczinet.cl\/sitio\/?p=11569"},"modified":"2022-09-05T23:01:19","modified_gmt":"2022-09-05T23:01:19","slug":"archipielago-de-chiloe-evidencias-locales-del-cambio-climatico-y-sus-impactos","status":"publish","type":"post","link":"https:\/\/www.fraczinet.cl\/sitio\/2022\/09\/05\/archipielago-de-chiloe-evidencias-locales-del-cambio-climatico-y-sus-impactos\/","title":{"rendered":"Archipi\u00e9lago de Chilo\u00e9: Evidencias Locales Del Cambio Clim\u00e1tico Y Sus Impactos"},"content":{"rendered":"<p dir=\"ltr\"><b style=\"font-style: inherit;\">Autores<\/b><span style=\"font-size: 16px;\">: Victoria Reyes-Garc\u00eda, Julia Vieira da Cunha \u00c1vila y Juli\u00e1n Cabiedes.<\/span><b><img fetchpriority=\"high\" decoding=\"async\" class=\"size-full wp-image-11570 alignleft\" src=\"https:\/\/www.fraczinet.cl\/sitio\/wp-content\/uploads\/2022\/09\/Archipielago-de-Chiloe.jpeg\" alt=\"\" width=\"197\" height=\"255\" \/><\/b><\/p>\n<p dir=\"ltr\"><strong>Revista Antropolog\u00edas del Sur.<\/strong> N\u00b0 17, 2022, P\u00e1gs. 103 &#8211; 120.<\/p>\n<p dir=\"ltr\">\n<p dir=\"ltr\">Existe un amplio consenso en que el clima en la Tierra est\u00e1 cambiando. Adem\u00e1s, el \u00faltimo informe del Grupo Intergubernamental de Expertos sobre el Cambio Clim\u00e1tico (IPCC, 2022) y el informe conjunto de este con la Plataforma Intergubernamental sobre Biodiversidad y Servicios de los Ecosistemas (IPBES) (P\u00f6rtner <i>et al<\/i>., 2021) reconocen la interdependencia de los cambios en el clima con otros cambios globales y locales de car\u00e1cter ambiental y social, como la p\u00e9rdida de biodiversidad, el consumo insostenible de recursos naturales, la degradaci\u00f3n de la tierra, la urbanizaci\u00f3n, los cambios demogr\u00e1ficos o las desigualdades econ\u00f3micas. Es m\u00e1s, estos informes reconocen que la interacci\u00f3n entre los impactos del cambio clim\u00e1tico, que se manifiestan de forma diferente en diferentes \u00e1reas del planeta, y los distintos patrones de desarrollo socioecon\u00f3mico, uso de recursos y patrones de desigualdad y marginaci\u00f3n dan lugar a diferentes vulnerabilidades frente al cambio clim\u00e1tico, en general afectando de forma negativa la capacidad de adaptaci\u00f3n de las sociedades y los ecosistemas (IPCC, 2022).<\/p>\n<p>&nbsp;<\/p>\n<p dir=\"ltr\">Pese a que el cambio clim\u00e1tico es global, sus impactos var\u00edan en los distintos socioecosistemas. De la misma manera, existen variaciones en las formas en que estos son vividos e interpretados. As\u00ed, la forma en que la gente entiende el cambio clim\u00e1tico, incluyendo las interpretaciones de las causas subyacentes, las conexiones con otros cambios observados y los impactos en sus formas de vida, est\u00e1 mediada por su experiencia directa y, a la vez, informada por sistemas de conocimiento local (Hulme, 2009; McMichael <i>et al.<\/i>, 2021). En este sentido, en sus numerosas reinterpretaciones, el concepto de \u201ccambio clim\u00e1tico\u201d puede incluso aparecer desvinculado del significado que le otorgan los cient\u00edficos (Fern\u00e1ndez-Llamazares et al., 2015).<\/p>\n<p>&nbsp;<\/p>\n<p dir=\"ltr\">Existen tensiones epistemol\u00f3gicas entre las diferentes formas de entender el cambio clim\u00e1tico tal y como lo propone el sistema de conocimientos cient\u00edficos (que promueve explicaciones consideradas objetivas, impersonales y apol\u00edticas) y la experiencia vivida por las comunidades locales (situadas social, geogr\u00e1fica e hist\u00f3ricamente) e informadas por otras formas de conocimiento (Jasanoff, 2010). Pero estas tensiones pueden tambi\u00e9n ser un recurso v\u00e1lido para mapear y comprender sus impactos, as\u00ed como para proponer formas contextualizadas de adaptarse a ellos (Cramer <i>et al<\/i>., 2014; Hu <i>et al<\/i>., 2020; Petzold <i>et al<\/i>., 2020; Schlingmann <i>et al.<\/i>, 2021).<\/p>\n<p>&nbsp;<\/p>\n<p dir=\"ltr\">El cambio clim\u00e1tico afecta desproporcionadamente a los pueblos ind\u00edgenas y las comunidades locales que dependen directamente de la naturaleza para su sustento (Adger <i>et al<\/i>., 2013; IPCC, 2022). Dada la magnitud de los impactos y la larga historia de interacci\u00f3n de estas comunidades con su entorno, estas han desarrollado un conocimiento amplio y complejo que les permite detectar cambios en los sistemas f\u00edsicos y biol\u00f3gicos de los cuales dependen (p. ej., Stigter <i>et al<\/i>., 2005; Brondizio <i>&amp;<\/i> Moran, 2008; Junqueira <i>et al.<\/i>, 2021).<\/p>\n<p>&nbsp;<\/p>\n<p dir=\"ltr\">De hecho, existe consenso en que observan muchas de las manifestaciones del cambio clim\u00e1tico gracias a su relaci\u00f3n directa con la naturaleza y su capacidad de transmitir estas informaciones en el seno de su cultura (Ford <i>et al<\/i>., 2016; Reyes-Garc\u00eda et al., 2016; Savo <i>et al<\/i>., 2016). Por ejemplo, se ha documentado c\u00f3mo diferentes pueblos ind\u00edgenas y comunidades locales han reportado tanto cambios atmosf\u00e9ricos (p. ej., temperaturas y precipitaciones) y biol\u00f3gicos (p. ej., desaparici\u00f3n o disminuci\u00f3n de plantas y animales nativos que alguna vez fueron abundantes), como impactos en sus formas de vida (Rautela <i>&amp;<\/i> Karki, 2015; Ruggieri <i>et al<\/i>., 2021; Bauer, De Jong <i>&amp;<\/i> Ingram, 2022).<\/p>\n<p>&nbsp;<\/p>\n<p dir=\"ltr\">Sin embargo, la literatura reconoce tambi\u00e9n las limitaciones de los sistemas de conocimiento ind\u00edgena y local. Por ejemplo, debido tanto a la diversidad de sistemas de conocimiento como a la forma en que las diferentes personas experimentan los impactos, existen percepciones diferenciadas sobre las causas y las consecuencias del cambio clim\u00e1tico (Hochachka, 2019), as\u00ed como una multitud de posibles respuestas a dichos impactos (Schlingmann <i>et al<\/i>., 2021).<\/p>\n<p>&nbsp;<\/p>\n<p dir=\"ltr\">Tal heterogeneidad contrasta con la imagen consensuada que promueve el conocimiento cient\u00edfico. Es m\u00e1s, dado que los sistemas de conocimiento ind\u00edgena y local privilegian observaciones de cambios a peque\u00f1a escala (tanto geogr\u00e1fica como temporal), estos sistemas de conocimiento pueden pasar por alto cambios que ocurren a escala global o cambios con un impacto no visible sin los equipos adecuados (Garc\u00eda-del-Amo, Mortyn <i>&amp;<\/i> Reyes-Garc\u00eda, 2020).<\/p>\n<p>&nbsp;<\/p>\n<p dir=\"ltr\">Frente a las limitaciones de los diferentes sistemas de conocimiento para entender la complejidad del cambio clim\u00e1tico, se han alzado distintas voces que argumentan que ning\u00fan sistema de conocimiento es capaz de abordar dicha complejidad por s\u00ed solo (Vogel <i>&amp;<\/i> O\u2019Brien, 2022) y que la diversidad de sistemas de conocimientos, valores, visiones, experiencias y creencias que caracterizan a la especie humana puede contribuir a dar respuestas complementarias a este desaf\u00edo global (O\u2019Brien, 2021; Orlove <i>et al<\/i>., 2022).<\/p>\n<p>&nbsp;<\/p>\n<p dir=\"ltr\">\u00abEn respuesta a este llamado, en este trabajo analizamos tres formas diferentes de experimentar el cambio ambiental desde una perspectiva local, aportando as\u00ed a la documentaci\u00f3n de la manera como diferentes sistemas de conocimiento y experiencias locales contribuyen al entendimiento del cambio clim\u00e1tico y sus impactos. Los tres ejemplos analizados destacan c\u00f3mo estos pueden ser experimentados localmente de formas muy distintas. La experiencia de las campesinas chilotas enfatiza las conexiones entre diferentes motores del cambio al explicar la sequ\u00eda y sus impactos en la agricultura.<\/p>\n<p>&nbsp;<\/p>\n<p dir=\"ltr\">El ejemplo de los tsimane\u2019 (<b><a href=\"https:\/\/www.blogger.com\/blog\/post\/edit\/8484381475322701646\/3599430908681984266#\" target=\"_blank\" rel=\"noopener\" data-original-attrs=\"{&quot;data-original-href&quot;:&quot;http:\/\/revistas.academia.cl\/index.php\/rantros\/article\/view\/2317\/2396&quot;,&quot;target&quot;:&quot;_blank&quot;}\">Ver Publicaci\u00f3n<\/a><\/b>) enfatiza c\u00f3mo las causas subyacentes al cambio clim\u00e1tico se explican no solo desde la experiencia vivida, sino tambi\u00e9n desde la propia cosmovisi\u00f3n. Finalmente, los ribeirinhos del curso medio del r\u00edo Solim\u00f5es (<b><a href=\"https:\/\/www.blogger.com\/blog\/post\/edit\/8484381475322701646\/3599430908681984266#\" data-original-attrs=\"{&quot;data-original-href&quot;:&quot;http:\/\/revistas.academia.cl\/index.php\/rantros\/article\/view\/2317\/2396&quot;}\">Ver Publicaci\u00f3n<\/a><\/b>) enfatizan los impactos del cambio clim\u00e1tico en la salud, lo que contribuye a entender las prioridades locales. Aunque en ning\u00fan caso estos tres ejemplos pueden considerarse exhaustivos, en su conjunto ejemplifican la diversidad de formas locales de experimentar e interpretar el cambio clim\u00e1tico y sus impactos.\u00bb<\/p>\n<p>&nbsp;<\/p>\n<p dir=\"ltr\">En respuesta a este llamado, los autores de este trabajo analizan tres formas diferentes de experimentar el cambio ambiental desde una perspectiva local, aportando as\u00ed a la documentaci\u00f3n de la manera como diferentes sistemas de conocimiento y experiencias locales contribuyen al entendimiento del cambio clim\u00e1tico y sus impactos. Para los fines de esta publicaci\u00f3n solo publicar\u00e9 el caso de la experiencia de las campesinas chilotas que enfatizan las conexiones entre diferentes motores del cambio al explicar la sequ\u00eda y sus impactos en la agricultura.<\/p>\n<p>&nbsp;<\/p>\n<p dir=\"ltr\">Tanto la metodolog\u00eda como los otros casos puede revisarlos en la publicaci\u00f3n original para lo cual dejo el link a continuaci\u00f3n.<\/p>\n<p dir=\"ltr\"><a href=\"https:\/\/www.blogger.com\/blog\/post\/edit\/8484381475322701646\/3599430908681984266#\" data-original-attrs=\"{&quot;data-original-href&quot;:&quot;http:\/\/revistas.academia.cl\/index.php\/rantros\/article\/view\/2317\/2396&quot;}\">http:\/\/revistas.academia.cl\/index.php\/rantros\/article\/view\/2317\/2396<\/a><\/p>\n<p>&nbsp;<\/p>\n<p dir=\"ltr\"><b>M\u00faltiples causas explican la sequ\u00eda en el archipi\u00e9lago de Chilo\u00e9, Chile<\/b><\/p>\n<p>&nbsp;<\/p>\n<p dir=\"ltr\">El archipi\u00e9lago de Chilo\u00e9, en el sur de Chile, es reconocido mundialmente por su agricultura de peque\u00f1a escala (Koohafkan <i>&amp;<\/i> Altieri, 2011). Desde tiempos prehisp\u00e1nicos, los pueblos Chono y Huilliche, habitantes de las casi 40 islas que componen el archipi\u00e9lago, basaron su alimentaci\u00f3n en la pesca, la recolecci\u00f3n de productos del bosque y el mar, y la agricultura de peque\u00f1a escala (C\u00e1rdenas \u00c1lvarez <i>&amp;<\/i> Villagr\u00e1n Moraga, 2005; Ristaino <i>&amp;<\/i> Pfister, 2016; \u00c1lvarez <i>et al<\/i>., 2019). En la actualidad, numerosas familias huilliche, as\u00ed como familias no ind\u00edgenas, contin\u00faan practicando la agricultura de peque\u00f1a escala aplicando conocimiento y t\u00e9cnicas locales.<\/p>\n<p>&nbsp;<\/p>\n<p dir=\"ltr\">Este tipo de agricultura, que incluye el cultivo de papas, huertas, quintas de manzanas, praderas, aves de corral y ganado, es el pilar fundamental de la soberan\u00eda alimentaria de los habitantes de la isla. Chilo\u00e9 es tambi\u00e9n reconocido como un centro secundario de origen de la papa (<i><b>Solanum tuberosum<\/b><\/i>), con m\u00e1s de 300 variedades nativas registradas (Solano, 2019). En 2011, la Organizaci\u00f3n de las Naciones Unidas para la Alimentaci\u00f3n y la Agricultura (FAO) design\u00f3 al archipi\u00e9lago de Chilo\u00e9 como uno de los 62 \u201c<i>sistemas importantes del patrimonio agr\u00edcola mundial<\/i>\u201d (SIPAM), reconociendo as\u00ed la importancia local y global de este agroecosistema. Sin embargo, diversos procesos de cambio globales y locales est\u00e1n afectando fuertemente la resiliencia de la agricultura en Chilo\u00e9 y los medios de vida campesinos del archipi\u00e9lago.<\/p>\n<p>&nbsp;<\/p>\n<p dir=\"ltr\"><img decoding=\"async\" class=\"size-medium wp-image-11571 alignleft\" src=\"https:\/\/www.fraczinet.cl\/sitio\/wp-content\/uploads\/2022\/09\/Charles_Darwin_01-234x300.jpg\" alt=\"\" width=\"234\" height=\"300\" srcset=\"https:\/\/www.fraczinet.cl\/sitio\/wp-content\/uploads\/2022\/09\/Charles_Darwin_01-234x300.jpg 234w, https:\/\/www.fraczinet.cl\/sitio\/wp-content\/uploads\/2022\/09\/Charles_Darwin_01.jpg 640w\" sizes=\"(max-width: 234px) 100vw, 234px\" \/>La agricultura chilota ha dependido hist\u00f3ricamente de la lluvia. Charles Darwin, en su paso por Chilo\u00e9 en 1835, describ\u00eda el clima del archipi\u00e9lago diciendo:<\/p>\n<p>&nbsp;<\/p>\n<p dir=\"ltr\">\u00ab<i><b>En invierno el clima es detestable, y en verano es s\u00f3lo un poco mejor. Creo que hay pocas partes del mundo, dentro de las regiones templadas, donde cae tanta lluvia. Los vientos son muy fuertes, y el cielo casi siempre nublado: tener una semana de buen tiempo es algo maravilloso<\/b>\u00ab<\/i>.<\/p>\n<p>&nbsp;<\/p>\n<p dir=\"ltr\">Sin embargo, el lluvioso y nublado Chilo\u00e9 pareciera ser cosa del pasado. En las entrevistas, los cambios atmosf\u00e9ricos relacionados directamente con el cambio clim\u00e1tico y la sequ\u00eda (p. ej., menores precipitaciones y mayores temperaturas) fueron las observaciones m\u00e1s frecuentemente mencionadas. Al consultar sobre cambios en el ambiente, la totalidad de las personas entrevistadas mencionaron que actualmente llov\u00eda menos, situaci\u00f3n que impactaba directamente en sus medios de vida. Muchas otras personas entrevistadas mencionaron que las lluvias ahora duraban menos. \u201c<i>En la antig\u00fcedad pod\u00eda llover semanas sin parar<\/i>\u201d fue un testimonio recurrente.<\/p>\n<p>&nbsp;<\/p>\n<p dir=\"ltr\">Por otra parte, todos los participantes mencionaron que actualmente las sequ\u00edas tambi\u00e9n eran m\u00e1s intensas y las temperaturas m\u00e1s elevadas que en el pasado, y que los r\u00edos y las lagunas ahora estaban secos. En palabras de una de las participantes: \u201c<i>Los animales ya no tienen agua. Nosotras de ni\u00f1as nos ba\u00f1\u00e1bamos en las lagunas, eso ahora es imposible\u201d<\/i><\/p>\n<p>&nbsp;<\/p>\n<p dir=\"ltr\">Al consultarles sobre las causas de esos cambios, muchas personas mencionaron directamente el cambio clim\u00e1tico. La condici\u00f3n de archipi\u00e9lago de Chilo\u00e9 hace que sea especialmente vulnerable a los efectos del cambio clim\u00e1tico, por ejemplo, respecto del aumento en el nivel del mar (Veron <i>et al<\/i>., 2019). Sin embargo, la menci\u00f3n al cambio clim\u00e1tico aparec\u00eda a menudo interrelacionada con procesos que ocurren a escala local. Por ejemplo, las personas entrevistadas relacionaron la escasez h\u00eddrica no solo con la falta de lluvias, sino tambi\u00e9n con la irrupci\u00f3n de nuevas actividades econ\u00f3micas en la zona, como pisciculturas, miticulturas, plantaciones forestales y la extracci\u00f3n de turberas (<b><i>Sphagnum spp<\/i><\/b>.). As\u00ed, m\u00e1s de la mitad de las participantes mencionaron que en la actualidad hab\u00eda m\u00e1s plantaciones de especies forestales ex\u00f3ticas (pinos y eucaliptos), fen\u00f3meno que relacionaron directamente con la reducci\u00f3n de la disponibilidad de agua en la isla. Una participante mencionaba que \u201c<i>Despu\u00e9s que plantamos esos eucaliptos, se nos sec\u00f3 un arroyito que pasaba por ah\u00ed. Ahora los voy sacando de a poco, pero el agua no ha vuelto<\/i>\u201d.<\/p>\n<p><img decoding=\"async\" class=\" wp-image-11573 aligncenter\" src=\"https:\/\/www.fraczinet.cl\/sitio\/wp-content\/uploads\/2022\/09\/las-turberas-y-su-importancia-en-la-mitigacion-del-cambio-climatico-300x180.jpg\" alt=\"\" width=\"562\" height=\"337\" srcset=\"https:\/\/www.fraczinet.cl\/sitio\/wp-content\/uploads\/2022\/09\/las-turberas-y-su-importancia-en-la-mitigacion-del-cambio-climatico-300x180.jpg 300w, https:\/\/www.fraczinet.cl\/sitio\/wp-content\/uploads\/2022\/09\/las-turberas-y-su-importancia-en-la-mitigacion-del-cambio-climatico.jpg 500w\" sizes=\"(max-width: 562px) 100vw, 562px\" \/><\/p>\n<p dir=\"ltr\">Es importante destacar que desde la d\u00e9cada de 1980 comenzaron en Chilo\u00e9 las plantaciones a peque\u00f1a escala de especies forestales ex\u00f3ticas incentivadas por una pol\u00edtica estatal establecida durante la dictadura (Decreto 701). Sin embargo, desde la modificaci\u00f3n en 1998 de este decreto que beneficia las plantaciones con pinos y eucaliptos, la superficie plantada con estas especies ha aumentado de manera exponencial, con casi 3.000 hect\u00e1reas plantadas entre 2003 y 2012 (Gerding <i>et al<\/i>., 2014). Algo similar fue observado por las personas entrevistadas con respecto a la disminuci\u00f3n del bosque nativo y su relaci\u00f3n con la sequ\u00eda: \u201c<i>Claro que afecta [que se tale el bosque], porque los \u00e1rboles mantienen la humedad del suelo<\/i>\u201d, mencionaba un entrevistado.<\/p>\n<p>&nbsp;<\/p>\n<p dir=\"ltr\">Fr\u00eane <i>et al<\/i>. (2022) reportaron que, especialmente durante los meses m\u00e1s secos en verano, los bosques de Chilo\u00e9 almacenaban hasta 60 % del agua que recib\u00edan. Sin embargo, la tala de bosque, ya sea para madera, le\u00f1a o \u201climpieza\u201d del bosque para la agricultura (como lo denominan los participantes), una actividad hist\u00f3rica y a\u00fan habitual en la isla (Quintanilla <i>&amp;<\/i> Matute, 2005), afecta la capacidad del suelo para almacenar agua.<\/p>\n<p>&nbsp;<\/p>\n<p dir=\"ltr\">Otro cambio mencionado por la mayor\u00eda de los participantes fue la extracci\u00f3n de turberas. En Chilo\u00e9, las turberas son ecosistemas esenciales tanto para la acumulaci\u00f3n de carbono como para la regulaci\u00f3n h\u00eddrica (D\u00edaz <i>et al<\/i>., 2012; Le\u00f3n <i>&amp;<\/i> Oliv\u00e1n, 2014; Iturraspe <i>&amp;<\/i> Urciuolo, 2021), pero su explotaci\u00f3n est\u00e1 en aumento, lo cual afecta al r\u00e9gimen h\u00eddrico. Una se\u00f1ora\u00a0 coment\u00f3: \u201c<i>Nuestra agua viene del cielo y de la tierra, de las lluvias, las napas y los pompones [turberas]<\/i>\u201d, y otra entrevistada dijo: \u201c<i>Antes los pompones no eran tema. Reci\u00e9n se empez\u00f3 a hablar de eso cuando los empezaron a vender<\/i>\u201d.<\/p>\n<p>&nbsp;<\/p>\n<p dir=\"ltr\">Los autores de este estudio concluyen que dado que las evidencias presentadas por los habitantes locales no est\u00e1n necesariamente documentadas en la literatura cient\u00edfica, los ejemplos presentados en este estudio refuerzan la idea de que m\u00faltiples fuentes son necesarias para tener una comprensi\u00f3n hol\u00edstica del cambio clim\u00e1tico. Independientemente de si han sido confirmados por la evidencia cient\u00edfica o no, los ejemplos analizados contribuyen a crear una imagen enriquecida de las conexiones entre diferentes motores de cambio, las causas subyacentes al cambio clim\u00e1tico y los impactos locales de este fen\u00f3meno. Es m\u00e1s, las evidencias presentadas sugieren que su comprensi\u00f3n hol\u00edstica y la de sus impactos debe abordar tanto las causas subyacentes al problema como sus interacciones con otros\u00a0 procesos hist\u00f3ricos y sociales que intensifican sus efectos al agravar vulnerabilidades previas (Whyte, 2017; Bauer <i>&amp;<\/i> Ellis, 2018). En otras palabras, los casos de estudio presentados aqu\u00ed refuerzan la idea de que los impactos del cambio clim\u00e1tico no pueden separarse del contexto ecol\u00f3gico, social, pol\u00edtico, hist\u00f3rico y cultural en el que ocurren (Whyte, 2021).<\/p>\n","protected":false},"excerpt":{"rendered":"<p>Autores: Victoria Reyes-Garc\u00eda, Julia Vieira da Cunha \u00c1vila y Juli\u00e1n Cabiedes. Revista Antropolog\u00edas del Sur. N\u00b0 17, 2022, P\u00e1gs. 103 &#8211; 120. Existe un amplio consenso en que el clima en la Tierra est\u00e1 cambiando. Adem\u00e1s, el \u00faltimo informe del Grupo Intergubernamental de Expertos sobre el Cambio Clim\u00e1tico (IPCC, 2022) y el informe conjunto de [&hellip;]<\/p>\n","protected":false},"author":1,"featured_media":11570,"comment_status":"open","ping_status":"open","sticky":false,"template":"","format":"standard","meta":{"footnotes":""},"categories":[76,240,171,143,124,270,200],"tags":[],"class_list":["post-11569","post","type-post","status-publish","format-standard","has-post-thumbnail","hentry","category-agricultura","category-agua","category-biodiversidad","category-clima","category-medio-ambiente","category-region-de-los-lagos","category-suelo"],"yoast_head":"<!-- This site is optimized with the Yoast SEO plugin v25.0 - https:\/\/yoast.com\/wordpress\/plugins\/seo\/ -->\n<title>Archipi\u00e9lago de Chilo\u00e9: Evidencias Locales Del Cambio Clim\u00e1tico Y Sus Impactos - Nuestro Bio B\u00edo<\/title>\n<meta name=\"robots\" content=\"index, follow, max-snippet:-1, max-image-preview:large, max-video-preview:-1\" \/>\n<link rel=\"canonical\" href=\"https:\/\/www.fraczinet.cl\/sitio\/2022\/09\/05\/archipielago-de-chiloe-evidencias-locales-del-cambio-climatico-y-sus-impactos\/\" \/>\n<meta property=\"og:locale\" content=\"es_ES\" \/>\n<meta property=\"og:type\" content=\"article\" \/>\n<meta property=\"og:title\" content=\"Archipi\u00e9lago de Chilo\u00e9: Evidencias Locales Del Cambio Clim\u00e1tico Y Sus Impactos - Nuestro Bio B\u00edo\" \/>\n<meta property=\"og:description\" content=\"Autores: Victoria Reyes-Garc\u00eda, Julia Vieira da Cunha \u00c1vila y Juli\u00e1n Cabiedes. Revista Antropolog\u00edas del Sur. N\u00b0 17, 2022, P\u00e1gs. 103 &#8211; 120. Existe un amplio consenso en que el clima en la Tierra est\u00e1 cambiando. Adem\u00e1s, el \u00faltimo informe del Grupo Intergubernamental de Expertos sobre el Cambio Clim\u00e1tico (IPCC, 2022) y el informe conjunto de [&hellip;]\" \/>\n<meta property=\"og:url\" content=\"https:\/\/www.fraczinet.cl\/sitio\/2022\/09\/05\/archipielago-de-chiloe-evidencias-locales-del-cambio-climatico-y-sus-impactos\/\" \/>\n<meta property=\"og:site_name\" content=\"Nuestro Bio B\u00edo\" \/>\n<meta property=\"article:published_time\" content=\"2022-09-05T23:01:19+00:00\" \/>\n<meta property=\"og:image\" content=\"https:\/\/www.fraczinet.cl\/sitio\/wp-content\/uploads\/2022\/09\/Archipielago-de-Chiloe.jpeg\" \/>\n\t<meta property=\"og:image:width\" content=\"197\" \/>\n\t<meta property=\"og:image:height\" content=\"255\" \/>\n\t<meta property=\"og:image:type\" content=\"image\/jpeg\" \/>\n<meta name=\"author\" content=\"admin\" \/>\n<meta name=\"twitter:card\" content=\"summary_large_image\" \/>\n<meta name=\"twitter:creator\" content=\"@nuestrobiobio\" \/>\n<meta name=\"twitter:site\" content=\"@nuestrobiobio\" \/>\n<meta name=\"twitter:label1\" content=\"Escrito por\" \/>\n\t<meta name=\"twitter:data1\" content=\"admin\" \/>\n\t<meta name=\"twitter:label2\" content=\"Tiempo de lectura\" \/>\n\t<meta name=\"twitter:data2\" content=\"12 minutos\" \/>\n<script type=\"application\/ld+json\" class=\"yoast-schema-graph\">{\"@context\":\"https:\/\/schema.org\",\"@graph\":[{\"@type\":\"Article\",\"@id\":\"https:\/\/www.fraczinet.cl\/sitio\/2022\/09\/05\/archipielago-de-chiloe-evidencias-locales-del-cambio-climatico-y-sus-impactos\/#article\",\"isPartOf\":{\"@id\":\"https:\/\/www.fraczinet.cl\/sitio\/2022\/09\/05\/archipielago-de-chiloe-evidencias-locales-del-cambio-climatico-y-sus-impactos\/\"},\"author\":{\"name\":\"admin\",\"@id\":\"https:\/\/www.fraczinet.cl\/sitio\/#\/schema\/person\/bc30f98e9cb10ae7e119dbe14bc93784\"},\"headline\":\"Archipi\u00e9lago de Chilo\u00e9: Evidencias Locales Del Cambio Clim\u00e1tico Y Sus Impactos\",\"datePublished\":\"2022-09-05T23:01:19+00:00\",\"mainEntityOfPage\":{\"@id\":\"https:\/\/www.fraczinet.cl\/sitio\/2022\/09\/05\/archipielago-de-chiloe-evidencias-locales-del-cambio-climatico-y-sus-impactos\/\"},\"wordCount\":2328,\"commentCount\":0,\"publisher\":{\"@id\":\"https:\/\/www.fraczinet.cl\/sitio\/#\/schema\/person\/aec8ee4da68df2b9b0eefdad24a0d582\"},\"image\":{\"@id\":\"https:\/\/www.fraczinet.cl\/sitio\/2022\/09\/05\/archipielago-de-chiloe-evidencias-locales-del-cambio-climatico-y-sus-impactos\/#primaryimage\"},\"thumbnailUrl\":\"https:\/\/www.fraczinet.cl\/sitio\/wp-content\/uploads\/2022\/09\/Archipielago-de-Chiloe.jpeg\",\"articleSection\":[\"Agricultura\",\"Agua\",\"Biodiversidad\",\"Clima\",\"Medio Ambiente\",\"Regi\u00f3n de Los Lagos\",\"Suelo\"],\"inLanguage\":\"es\",\"potentialAction\":[{\"@type\":\"CommentAction\",\"name\":\"Comment\",\"target\":[\"https:\/\/www.fraczinet.cl\/sitio\/2022\/09\/05\/archipielago-de-chiloe-evidencias-locales-del-cambio-climatico-y-sus-impactos\/#respond\"]}]},{\"@type\":\"WebPage\",\"@id\":\"https:\/\/www.fraczinet.cl\/sitio\/2022\/09\/05\/archipielago-de-chiloe-evidencias-locales-del-cambio-climatico-y-sus-impactos\/\",\"url\":\"https:\/\/www.fraczinet.cl\/sitio\/2022\/09\/05\/archipielago-de-chiloe-evidencias-locales-del-cambio-climatico-y-sus-impactos\/\",\"name\":\"Archipi\u00e9lago de Chilo\u00e9: Evidencias Locales Del Cambio Clim\u00e1tico Y Sus Impactos - Nuestro Bio B\u00edo\",\"isPartOf\":{\"@id\":\"https:\/\/www.fraczinet.cl\/sitio\/#website\"},\"primaryImageOfPage\":{\"@id\":\"https:\/\/www.fraczinet.cl\/sitio\/2022\/09\/05\/archipielago-de-chiloe-evidencias-locales-del-cambio-climatico-y-sus-impactos\/#primaryimage\"},\"image\":{\"@id\":\"https:\/\/www.fraczinet.cl\/sitio\/2022\/09\/05\/archipielago-de-chiloe-evidencias-locales-del-cambio-climatico-y-sus-impactos\/#primaryimage\"},\"thumbnailUrl\":\"https:\/\/www.fraczinet.cl\/sitio\/wp-content\/uploads\/2022\/09\/Archipielago-de-Chiloe.jpeg\",\"datePublished\":\"2022-09-05T23:01:19+00:00\",\"breadcrumb\":{\"@id\":\"https:\/\/www.fraczinet.cl\/sitio\/2022\/09\/05\/archipielago-de-chiloe-evidencias-locales-del-cambio-climatico-y-sus-impactos\/#breadcrumb\"},\"inLanguage\":\"es\",\"potentialAction\":[{\"@type\":\"ReadAction\",\"target\":[\"https:\/\/www.fraczinet.cl\/sitio\/2022\/09\/05\/archipielago-de-chiloe-evidencias-locales-del-cambio-climatico-y-sus-impactos\/\"]}]},{\"@type\":\"ImageObject\",\"inLanguage\":\"es\",\"@id\":\"https:\/\/www.fraczinet.cl\/sitio\/2022\/09\/05\/archipielago-de-chiloe-evidencias-locales-del-cambio-climatico-y-sus-impactos\/#primaryimage\",\"url\":\"https:\/\/www.fraczinet.cl\/sitio\/wp-content\/uploads\/2022\/09\/Archipielago-de-Chiloe.jpeg\",\"contentUrl\":\"https:\/\/www.fraczinet.cl\/sitio\/wp-content\/uploads\/2022\/09\/Archipielago-de-Chiloe.jpeg\",\"width\":197,\"height\":255},{\"@type\":\"BreadcrumbList\",\"@id\":\"https:\/\/www.fraczinet.cl\/sitio\/2022\/09\/05\/archipielago-de-chiloe-evidencias-locales-del-cambio-climatico-y-sus-impactos\/#breadcrumb\",\"itemListElement\":[{\"@type\":\"ListItem\",\"position\":1,\"name\":\"Portada\",\"item\":\"https:\/\/www.fraczinet.cl\/sitio\/\"},{\"@type\":\"ListItem\",\"position\":2,\"name\":\"Archipi\u00e9lago de Chilo\u00e9: Evidencias Locales Del Cambio Clim\u00e1tico Y Sus Impactos\"}]},{\"@type\":\"WebSite\",\"@id\":\"https:\/\/www.fraczinet.cl\/sitio\/#website\",\"url\":\"https:\/\/www.fraczinet.cl\/sitio\/\",\"name\":\"Nuestro Bio B\u00edo\",\"description\":\"Tierra de Encuentros\",\"publisher\":{\"@id\":\"https:\/\/www.fraczinet.cl\/sitio\/#\/schema\/person\/aec8ee4da68df2b9b0eefdad24a0d582\"},\"potentialAction\":[{\"@type\":\"SearchAction\",\"target\":{\"@type\":\"EntryPoint\",\"urlTemplate\":\"https:\/\/www.fraczinet.cl\/sitio\/?s={search_term_string}\"},\"query-input\":{\"@type\":\"PropertyValueSpecification\",\"valueRequired\":true,\"valueName\":\"search_term_string\"}}],\"inLanguage\":\"es\"},{\"@type\":[\"Person\",\"Organization\"],\"@id\":\"https:\/\/www.fraczinet.cl\/sitio\/#\/schema\/person\/aec8ee4da68df2b9b0eefdad24a0d582\",\"name\":\"Luis Fernando Fraczinet\",\"image\":{\"@type\":\"ImageObject\",\"inLanguage\":\"es\",\"@id\":\"https:\/\/www.fraczinet.cl\/sitio\/#\/schema\/person\/image\/\",\"url\":\"https:\/\/www.fraczinet.cl\/sitio\/wp-content\/uploads\/2021\/07\/bannerlogo-1.gif\",\"contentUrl\":\"https:\/\/www.fraczinet.cl\/sitio\/wp-content\/uploads\/2021\/07\/bannerlogo-1.gif\",\"width\":159,\"height\":79,\"caption\":\"Luis Fernando Fraczinet\"},\"logo\":{\"@id\":\"https:\/\/www.fraczinet.cl\/sitio\/#\/schema\/person\/image\/\"},\"sameAs\":[\"https:\/\/www.fraczinet.cl\/sitio\/\"]},{\"@type\":\"Person\",\"@id\":\"https:\/\/www.fraczinet.cl\/sitio\/#\/schema\/person\/bc30f98e9cb10ae7e119dbe14bc93784\",\"name\":\"admin\",\"image\":{\"@type\":\"ImageObject\",\"inLanguage\":\"es\",\"@id\":\"https:\/\/www.fraczinet.cl\/sitio\/#\/schema\/person\/image\/\",\"url\":\"https:\/\/secure.gravatar.com\/avatar\/d5ad3cf7ef3b23a2bb5be73be780c86b2fc8545c3ad6b149f3913ff458c00099?s=96&d=mm&r=g\",\"contentUrl\":\"https:\/\/secure.gravatar.com\/avatar\/d5ad3cf7ef3b23a2bb5be73be780c86b2fc8545c3ad6b149f3913ff458c00099?s=96&d=mm&r=g\",\"caption\":\"admin\"},\"sameAs\":[\"https:\/\/www.fraczinet.cl\/sitio\"]}]}<\/script>\n<!-- \/ Yoast SEO plugin. -->","yoast_head_json":{"title":"Archipi\u00e9lago de Chilo\u00e9: Evidencias Locales Del Cambio Clim\u00e1tico Y Sus Impactos - Nuestro Bio B\u00edo","robots":{"index":"index","follow":"follow","max-snippet":"max-snippet:-1","max-image-preview":"max-image-preview:large","max-video-preview":"max-video-preview:-1"},"canonical":"https:\/\/www.fraczinet.cl\/sitio\/2022\/09\/05\/archipielago-de-chiloe-evidencias-locales-del-cambio-climatico-y-sus-impactos\/","og_locale":"es_ES","og_type":"article","og_title":"Archipi\u00e9lago de Chilo\u00e9: Evidencias Locales Del Cambio Clim\u00e1tico Y Sus Impactos - Nuestro Bio B\u00edo","og_description":"Autores: Victoria Reyes-Garc\u00eda, Julia Vieira da Cunha \u00c1vila y Juli\u00e1n Cabiedes. Revista Antropolog\u00edas del Sur. N\u00b0 17, 2022, P\u00e1gs. 103 &#8211; 120. Existe un amplio consenso en que el clima en la Tierra est\u00e1 cambiando. Adem\u00e1s, el \u00faltimo informe del Grupo Intergubernamental de Expertos sobre el Cambio Clim\u00e1tico (IPCC, 2022) y el informe conjunto de [&hellip;]","og_url":"https:\/\/www.fraczinet.cl\/sitio\/2022\/09\/05\/archipielago-de-chiloe-evidencias-locales-del-cambio-climatico-y-sus-impactos\/","og_site_name":"Nuestro Bio B\u00edo","article_published_time":"2022-09-05T23:01:19+00:00","og_image":[{"width":197,"height":255,"url":"https:\/\/www.fraczinet.cl\/sitio\/wp-content\/uploads\/2022\/09\/Archipielago-de-Chiloe.jpeg","type":"image\/jpeg"}],"author":"admin","twitter_card":"summary_large_image","twitter_creator":"@nuestrobiobio","twitter_site":"@nuestrobiobio","twitter_misc":{"Escrito por":"admin","Tiempo de lectura":"12 minutos"},"schema":{"@context":"https:\/\/schema.org","@graph":[{"@type":"Article","@id":"https:\/\/www.fraczinet.cl\/sitio\/2022\/09\/05\/archipielago-de-chiloe-evidencias-locales-del-cambio-climatico-y-sus-impactos\/#article","isPartOf":{"@id":"https:\/\/www.fraczinet.cl\/sitio\/2022\/09\/05\/archipielago-de-chiloe-evidencias-locales-del-cambio-climatico-y-sus-impactos\/"},"author":{"name":"admin","@id":"https:\/\/www.fraczinet.cl\/sitio\/#\/schema\/person\/bc30f98e9cb10ae7e119dbe14bc93784"},"headline":"Archipi\u00e9lago de Chilo\u00e9: Evidencias Locales Del Cambio Clim\u00e1tico Y Sus Impactos","datePublished":"2022-09-05T23:01:19+00:00","mainEntityOfPage":{"@id":"https:\/\/www.fraczinet.cl\/sitio\/2022\/09\/05\/archipielago-de-chiloe-evidencias-locales-del-cambio-climatico-y-sus-impactos\/"},"wordCount":2328,"commentCount":0,"publisher":{"@id":"https:\/\/www.fraczinet.cl\/sitio\/#\/schema\/person\/aec8ee4da68df2b9b0eefdad24a0d582"},"image":{"@id":"https:\/\/www.fraczinet.cl\/sitio\/2022\/09\/05\/archipielago-de-chiloe-evidencias-locales-del-cambio-climatico-y-sus-impactos\/#primaryimage"},"thumbnailUrl":"https:\/\/www.fraczinet.cl\/sitio\/wp-content\/uploads\/2022\/09\/Archipielago-de-Chiloe.jpeg","articleSection":["Agricultura","Agua","Biodiversidad","Clima","Medio Ambiente","Regi\u00f3n de Los Lagos","Suelo"],"inLanguage":"es","potentialAction":[{"@type":"CommentAction","name":"Comment","target":["https:\/\/www.fraczinet.cl\/sitio\/2022\/09\/05\/archipielago-de-chiloe-evidencias-locales-del-cambio-climatico-y-sus-impactos\/#respond"]}]},{"@type":"WebPage","@id":"https:\/\/www.fraczinet.cl\/sitio\/2022\/09\/05\/archipielago-de-chiloe-evidencias-locales-del-cambio-climatico-y-sus-impactos\/","url":"https:\/\/www.fraczinet.cl\/sitio\/2022\/09\/05\/archipielago-de-chiloe-evidencias-locales-del-cambio-climatico-y-sus-impactos\/","name":"Archipi\u00e9lago de Chilo\u00e9: Evidencias Locales Del Cambio Clim\u00e1tico Y Sus Impactos - Nuestro Bio B\u00edo","isPartOf":{"@id":"https:\/\/www.fraczinet.cl\/sitio\/#website"},"primaryImageOfPage":{"@id":"https:\/\/www.fraczinet.cl\/sitio\/2022\/09\/05\/archipielago-de-chiloe-evidencias-locales-del-cambio-climatico-y-sus-impactos\/#primaryimage"},"image":{"@id":"https:\/\/www.fraczinet.cl\/sitio\/2022\/09\/05\/archipielago-de-chiloe-evidencias-locales-del-cambio-climatico-y-sus-impactos\/#primaryimage"},"thumbnailUrl":"https:\/\/www.fraczinet.cl\/sitio\/wp-content\/uploads\/2022\/09\/Archipielago-de-Chiloe.jpeg","datePublished":"2022-09-05T23:01:19+00:00","breadcrumb":{"@id":"https:\/\/www.fraczinet.cl\/sitio\/2022\/09\/05\/archipielago-de-chiloe-evidencias-locales-del-cambio-climatico-y-sus-impactos\/#breadcrumb"},"inLanguage":"es","potentialAction":[{"@type":"ReadAction","target":["https:\/\/www.fraczinet.cl\/sitio\/2022\/09\/05\/archipielago-de-chiloe-evidencias-locales-del-cambio-climatico-y-sus-impactos\/"]}]},{"@type":"ImageObject","inLanguage":"es","@id":"https:\/\/www.fraczinet.cl\/sitio\/2022\/09\/05\/archipielago-de-chiloe-evidencias-locales-del-cambio-climatico-y-sus-impactos\/#primaryimage","url":"https:\/\/www.fraczinet.cl\/sitio\/wp-content\/uploads\/2022\/09\/Archipielago-de-Chiloe.jpeg","contentUrl":"https:\/\/www.fraczinet.cl\/sitio\/wp-content\/uploads\/2022\/09\/Archipielago-de-Chiloe.jpeg","width":197,"height":255},{"@type":"BreadcrumbList","@id":"https:\/\/www.fraczinet.cl\/sitio\/2022\/09\/05\/archipielago-de-chiloe-evidencias-locales-del-cambio-climatico-y-sus-impactos\/#breadcrumb","itemListElement":[{"@type":"ListItem","position":1,"name":"Portada","item":"https:\/\/www.fraczinet.cl\/sitio\/"},{"@type":"ListItem","position":2,"name":"Archipi\u00e9lago de Chilo\u00e9: Evidencias Locales Del Cambio Clim\u00e1tico Y Sus Impactos"}]},{"@type":"WebSite","@id":"https:\/\/www.fraczinet.cl\/sitio\/#website","url":"https:\/\/www.fraczinet.cl\/sitio\/","name":"Nuestro Bio B\u00edo","description":"Tierra de Encuentros","publisher":{"@id":"https:\/\/www.fraczinet.cl\/sitio\/#\/schema\/person\/aec8ee4da68df2b9b0eefdad24a0d582"},"potentialAction":[{"@type":"SearchAction","target":{"@type":"EntryPoint","urlTemplate":"https:\/\/www.fraczinet.cl\/sitio\/?s={search_term_string}"},"query-input":{"@type":"PropertyValueSpecification","valueRequired":true,"valueName":"search_term_string"}}],"inLanguage":"es"},{"@type":["Person","Organization"],"@id":"https:\/\/www.fraczinet.cl\/sitio\/#\/schema\/person\/aec8ee4da68df2b9b0eefdad24a0d582","name":"Luis Fernando Fraczinet","image":{"@type":"ImageObject","inLanguage":"es","@id":"https:\/\/www.fraczinet.cl\/sitio\/#\/schema\/person\/image\/","url":"https:\/\/www.fraczinet.cl\/sitio\/wp-content\/uploads\/2021\/07\/bannerlogo-1.gif","contentUrl":"https:\/\/www.fraczinet.cl\/sitio\/wp-content\/uploads\/2021\/07\/bannerlogo-1.gif","width":159,"height":79,"caption":"Luis Fernando Fraczinet"},"logo":{"@id":"https:\/\/www.fraczinet.cl\/sitio\/#\/schema\/person\/image\/"},"sameAs":["https:\/\/www.fraczinet.cl\/sitio\/"]},{"@type":"Person","@id":"https:\/\/www.fraczinet.cl\/sitio\/#\/schema\/person\/bc30f98e9cb10ae7e119dbe14bc93784","name":"admin","image":{"@type":"ImageObject","inLanguage":"es","@id":"https:\/\/www.fraczinet.cl\/sitio\/#\/schema\/person\/image\/","url":"https:\/\/secure.gravatar.com\/avatar\/d5ad3cf7ef3b23a2bb5be73be780c86b2fc8545c3ad6b149f3913ff458c00099?s=96&d=mm&r=g","contentUrl":"https:\/\/secure.gravatar.com\/avatar\/d5ad3cf7ef3b23a2bb5be73be780c86b2fc8545c3ad6b149f3913ff458c00099?s=96&d=mm&r=g","caption":"admin"},"sameAs":["https:\/\/www.fraczinet.cl\/sitio"]}]}},"_links":{"self":[{"href":"https:\/\/www.fraczinet.cl\/sitio\/wp-json\/wp\/v2\/posts\/11569","targetHints":{"allow":["GET"]}}],"collection":[{"href":"https:\/\/www.fraczinet.cl\/sitio\/wp-json\/wp\/v2\/posts"}],"about":[{"href":"https:\/\/www.fraczinet.cl\/sitio\/wp-json\/wp\/v2\/types\/post"}],"author":[{"embeddable":true,"href":"https:\/\/www.fraczinet.cl\/sitio\/wp-json\/wp\/v2\/users\/1"}],"replies":[{"embeddable":true,"href":"https:\/\/www.fraczinet.cl\/sitio\/wp-json\/wp\/v2\/comments?post=11569"}],"version-history":[{"count":1,"href":"https:\/\/www.fraczinet.cl\/sitio\/wp-json\/wp\/v2\/posts\/11569\/revisions"}],"predecessor-version":[{"id":11575,"href":"https:\/\/www.fraczinet.cl\/sitio\/wp-json\/wp\/v2\/posts\/11569\/revisions\/11575"}],"wp:featuredmedia":[{"embeddable":true,"href":"https:\/\/www.fraczinet.cl\/sitio\/wp-json\/wp\/v2\/media\/11570"}],"wp:attachment":[{"href":"https:\/\/www.fraczinet.cl\/sitio\/wp-json\/wp\/v2\/media?parent=11569"}],"wp:term":[{"taxonomy":"category","embeddable":true,"href":"https:\/\/www.fraczinet.cl\/sitio\/wp-json\/wp\/v2\/categories?post=11569"},{"taxonomy":"post_tag","embeddable":true,"href":"https:\/\/www.fraczinet.cl\/sitio\/wp-json\/wp\/v2\/tags?post=11569"}],"curies":[{"name":"wp","href":"https:\/\/api.w.org\/{rel}","templated":true}]}}