{"id":11576,"date":"2022-09-07T20:48:12","date_gmt":"2022-09-07T20:48:12","guid":{"rendered":"https:\/\/www.fraczinet.cl\/sitio\/?p=11576"},"modified":"2022-09-07T20:48:12","modified_gmt":"2022-09-07T20:48:12","slug":"plaza-de-tiananmen-puerta-de-la-paz-celestial","status":"publish","type":"post","link":"https:\/\/www.fraczinet.cl\/sitio\/2022\/09\/07\/plaza-de-tiananmen-puerta-de-la-paz-celestial\/","title":{"rendered":"Plaza de Tiananmen \u00abPuerta de la Paz Celestial\u00bb"},"content":{"rendered":"<p><img fetchpriority=\"high\" decoding=\"async\" class=\"size-medium wp-image-11577 alignleft\" src=\"https:\/\/www.fraczinet.cl\/sitio\/wp-content\/uploads\/2022\/09\/Tiananmen-300x195.jpeg\" alt=\"\" width=\"300\" height=\"195\" srcset=\"https:\/\/www.fraczinet.cl\/sitio\/wp-content\/uploads\/2022\/09\/Tiananmen-300x195.jpeg 300w, https:\/\/www.fraczinet.cl\/sitio\/wp-content\/uploads\/2022\/09\/Tiananmen-1024x664.jpeg 1024w, https:\/\/www.fraczinet.cl\/sitio\/wp-content\/uploads\/2022\/09\/Tiananmen-768x498.jpeg 768w, https:\/\/www.fraczinet.cl\/sitio\/wp-content\/uploads\/2022\/09\/Tiananmen.jpeg 1280w\" sizes=\"(max-width: 300px) 100vw, 300px\" \/><\/p>\n<p>Es ir\u00f3nico el significado del nombre de una de las plazas m\u00e1s conocidas de China teniendo en cuenta el oscuro final que tuvieron las protestas que hubo all\u00ed durante la primavera de 1989.<\/p>\n<p>Literalmente, Tiananmen significa Puerta de la Paz Celestial, pero el d\u00eda 5 de junio de 1989, cuando fue tomada esta imagen, se convirti\u00f3 en el s\u00edmbolo de todo lo contrario.<\/p>\n<p>El 15 de abril hab\u00eda muerto Hu Yaobang, uno de los l\u00edderes del gobierno comunista que destacaba por sus inclinaciones liberales, y su fallecimiento fue el desencadenante de protestas masivas capitaneadas por j\u00f3venes estudiantes. Durante las primeras semanas, los estudiantes cr\u00edticos con el r\u00e9gimen recibieron un gran apoyo p\u00fablico, pero a medida que las manifestaciones se alargaban el gobierno decidi\u00f3 reprimirlas con violencia.<\/p>\n<p>Tras la declaraci\u00f3n de la Ley marcial el 20 de mayo, el ej\u00e9rcito impuso la violencia en las calles, cuyo punto de m\u00e1xima tensi\u00f3n tuvo lugar los primeros d\u00edas de junio, cuando decidieron disolver definitivamente todas las manifestaciones. Debido a opacidad de los recuentos oficiales, el balance de muertos se bas\u00f3 en los testigos, que aseguran que el n\u00famero de personas que perdieron la vida oscila entre varios cientos y varios miles.<\/p>\n<p>El &#8216;hombre del tanque&#8217;, como fue conocido el joven de la fotograf\u00eda, consigui\u00f3, aunque solo por unos instantes, detener los veh\u00edculos blindados y gracias a esta imagen las protestas dieron la vuelta al mundo.<\/p>\n<p><b>Fuente: Un d\u00eda como hoy<\/b><\/p>\n<p><a href=\"https:\/\/www.blogger.com\/blog\/post\/edit\/8484381475322701646\/636723666189648287#\" data-original-attrs=\"{&quot;data-original-href&quot;:&quot;https:\/\/t.me\/undiacomo\/630&quot;}\">https:\/\/t.me\/undiacomo\/630<\/a><\/p>\n","protected":false},"excerpt":{"rendered":"<p>Es ir\u00f3nico el significado del nombre de una de las plazas m\u00e1s conocidas de China teniendo en cuenta el oscuro final que tuvieron las protestas que hubo all\u00ed durante la primavera de 1989. Literalmente, Tiananmen significa Puerta de la Paz Celestial, pero el d\u00eda 5 de junio de 1989, cuando fue tomada esta imagen, se [&hellip;]<\/p>\n","protected":false},"author":1,"featured_media":11577,"comment_status":"open","ping_status":"open","sticky":false,"template":"","format":"standard","meta":{"footnotes":""},"categories":[154,10],"tags":[],"class_list":["post-11576","post","type-post","status-publish","format-standard","has-post-thumbnail","hentry","category-ddhh","category-historia"],"yoast_head":"<!-- This site is optimized with the Yoast SEO plugin v25.0 - https:\/\/yoast.com\/wordpress\/plugins\/seo\/ -->\n<title>Plaza de Tiananmen &quot;Puerta de la Paz Celestial&quot; - Nuestro Bio B\u00edo<\/title>\n<meta name=\"robots\" content=\"index, follow, max-snippet:-1, max-image-preview:large, max-video-preview:-1\" \/>\n<link rel=\"canonical\" href=\"https:\/\/www.fraczinet.cl\/sitio\/2022\/09\/07\/plaza-de-tiananmen-puerta-de-la-paz-celestial\/\" \/>\n<meta property=\"og:locale\" content=\"es_ES\" \/>\n<meta property=\"og:type\" content=\"article\" \/>\n<meta property=\"og:title\" content=\"Plaza de Tiananmen &quot;Puerta de la Paz Celestial&quot; - Nuestro Bio B\u00edo\" \/>\n<meta property=\"og:description\" content=\"Es ir\u00f3nico el significado del nombre de una de las plazas m\u00e1s conocidas de China teniendo en cuenta el oscuro final que tuvieron las protestas que hubo all\u00ed durante la primavera de 1989. Literalmente, Tiananmen significa Puerta de la Paz Celestial, pero el d\u00eda 5 de junio de 1989, cuando fue tomada esta imagen, se [&hellip;]\" \/>\n<meta property=\"og:url\" content=\"https:\/\/www.fraczinet.cl\/sitio\/2022\/09\/07\/plaza-de-tiananmen-puerta-de-la-paz-celestial\/\" \/>\n<meta property=\"og:site_name\" content=\"Nuestro Bio B\u00edo\" \/>\n<meta property=\"article:published_time\" content=\"2022-09-07T20:48:12+00:00\" \/>\n<meta property=\"og:image\" content=\"https:\/\/www.fraczinet.cl\/sitio\/wp-content\/uploads\/2022\/09\/Tiananmen.jpeg\" \/>\n\t<meta property=\"og:image:width\" content=\"1280\" \/>\n\t<meta property=\"og:image:height\" content=\"830\" \/>\n\t<meta property=\"og:image:type\" content=\"image\/jpeg\" \/>\n<meta name=\"author\" content=\"admin\" \/>\n<meta name=\"twitter:card\" content=\"summary_large_image\" \/>\n<meta name=\"twitter:creator\" content=\"@nuestrobiobio\" \/>\n<meta name=\"twitter:site\" content=\"@nuestrobiobio\" \/>\n<meta name=\"twitter:label1\" content=\"Escrito por\" \/>\n\t<meta name=\"twitter:data1\" content=\"admin\" \/>\n\t<meta name=\"twitter:label2\" content=\"Tiempo de lectura\" \/>\n\t<meta name=\"twitter:data2\" content=\"1 minuto\" \/>\n<script type=\"application\/ld+json\" class=\"yoast-schema-graph\">{\"@context\":\"https:\/\/schema.org\",\"@graph\":[{\"@type\":\"Article\",\"@id\":\"https:\/\/www.fraczinet.cl\/sitio\/2022\/09\/07\/plaza-de-tiananmen-puerta-de-la-paz-celestial\/#article\",\"isPartOf\":{\"@id\":\"https:\/\/www.fraczinet.cl\/sitio\/2022\/09\/07\/plaza-de-tiananmen-puerta-de-la-paz-celestial\/\"},\"author\":{\"name\":\"admin\",\"@id\":\"https:\/\/www.fraczinet.cl\/sitio\/#\/schema\/person\/bc30f98e9cb10ae7e119dbe14bc93784\"},\"headline\":\"Plaza de Tiananmen \u00abPuerta de la Paz Celestial\u00bb\",\"datePublished\":\"2022-09-07T20:48:12+00:00\",\"mainEntityOfPage\":{\"@id\":\"https:\/\/www.fraczinet.cl\/sitio\/2022\/09\/07\/plaza-de-tiananmen-puerta-de-la-paz-celestial\/\"},\"wordCount\":263,\"commentCount\":0,\"publisher\":{\"@id\":\"https:\/\/www.fraczinet.cl\/sitio\/#\/schema\/person\/aec8ee4da68df2b9b0eefdad24a0d582\"},\"image\":{\"@id\":\"https:\/\/www.fraczinet.cl\/sitio\/2022\/09\/07\/plaza-de-tiananmen-puerta-de-la-paz-celestial\/#primaryimage\"},\"thumbnailUrl\":\"https:\/\/www.fraczinet.cl\/sitio\/wp-content\/uploads\/2022\/09\/Tiananmen.jpeg\",\"articleSection\":[\"DDHH\",\"Historia\"],\"inLanguage\":\"es\",\"potentialAction\":[{\"@type\":\"CommentAction\",\"name\":\"Comment\",\"target\":[\"https:\/\/www.fraczinet.cl\/sitio\/2022\/09\/07\/plaza-de-tiananmen-puerta-de-la-paz-celestial\/#respond\"]}]},{\"@type\":\"WebPage\",\"@id\":\"https:\/\/www.fraczinet.cl\/sitio\/2022\/09\/07\/plaza-de-tiananmen-puerta-de-la-paz-celestial\/\",\"url\":\"https:\/\/www.fraczinet.cl\/sitio\/2022\/09\/07\/plaza-de-tiananmen-puerta-de-la-paz-celestial\/\",\"name\":\"Plaza de Tiananmen \\\"Puerta de la Paz Celestial\\\" - Nuestro Bio B\u00edo\",\"isPartOf\":{\"@id\":\"https:\/\/www.fraczinet.cl\/sitio\/#website\"},\"primaryImageOfPage\":{\"@id\":\"https:\/\/www.fraczinet.cl\/sitio\/2022\/09\/07\/plaza-de-tiananmen-puerta-de-la-paz-celestial\/#primaryimage\"},\"image\":{\"@id\":\"https:\/\/www.fraczinet.cl\/sitio\/2022\/09\/07\/plaza-de-tiananmen-puerta-de-la-paz-celestial\/#primaryimage\"},\"thumbnailUrl\":\"https:\/\/www.fraczinet.cl\/sitio\/wp-content\/uploads\/2022\/09\/Tiananmen.jpeg\",\"datePublished\":\"2022-09-07T20:48:12+00:00\",\"breadcrumb\":{\"@id\":\"https:\/\/www.fraczinet.cl\/sitio\/2022\/09\/07\/plaza-de-tiananmen-puerta-de-la-paz-celestial\/#breadcrumb\"},\"inLanguage\":\"es\",\"potentialAction\":[{\"@type\":\"ReadAction\",\"target\":[\"https:\/\/www.fraczinet.cl\/sitio\/2022\/09\/07\/plaza-de-tiananmen-puerta-de-la-paz-celestial\/\"]}]},{\"@type\":\"ImageObject\",\"inLanguage\":\"es\",\"@id\":\"https:\/\/www.fraczinet.cl\/sitio\/2022\/09\/07\/plaza-de-tiananmen-puerta-de-la-paz-celestial\/#primaryimage\",\"url\":\"https:\/\/www.fraczinet.cl\/sitio\/wp-content\/uploads\/2022\/09\/Tiananmen.jpeg\",\"contentUrl\":\"https:\/\/www.fraczinet.cl\/sitio\/wp-content\/uploads\/2022\/09\/Tiananmen.jpeg\",\"width\":1280,\"height\":830},{\"@type\":\"BreadcrumbList\",\"@id\":\"https:\/\/www.fraczinet.cl\/sitio\/2022\/09\/07\/plaza-de-tiananmen-puerta-de-la-paz-celestial\/#breadcrumb\",\"itemListElement\":[{\"@type\":\"ListItem\",\"position\":1,\"name\":\"Portada\",\"item\":\"https:\/\/www.fraczinet.cl\/sitio\/\"},{\"@type\":\"ListItem\",\"position\":2,\"name\":\"Plaza de Tiananmen \u00abPuerta de la Paz Celestial\u00bb\"}]},{\"@type\":\"WebSite\",\"@id\":\"https:\/\/www.fraczinet.cl\/sitio\/#website\",\"url\":\"https:\/\/www.fraczinet.cl\/sitio\/\",\"name\":\"Nuestro Bio B\u00edo\",\"description\":\"Tierra de Encuentros\",\"publisher\":{\"@id\":\"https:\/\/www.fraczinet.cl\/sitio\/#\/schema\/person\/aec8ee4da68df2b9b0eefdad24a0d582\"},\"potentialAction\":[{\"@type\":\"SearchAction\",\"target\":{\"@type\":\"EntryPoint\",\"urlTemplate\":\"https:\/\/www.fraczinet.cl\/sitio\/?s={search_term_string}\"},\"query-input\":{\"@type\":\"PropertyValueSpecification\",\"valueRequired\":true,\"valueName\":\"search_term_string\"}}],\"inLanguage\":\"es\"},{\"@type\":[\"Person\",\"Organization\"],\"@id\":\"https:\/\/www.fraczinet.cl\/sitio\/#\/schema\/person\/aec8ee4da68df2b9b0eefdad24a0d582\",\"name\":\"Luis Fernando Fraczinet\",\"image\":{\"@type\":\"ImageObject\",\"inLanguage\":\"es\",\"@id\":\"https:\/\/www.fraczinet.cl\/sitio\/#\/schema\/person\/image\/\",\"url\":\"https:\/\/www.fraczinet.cl\/sitio\/wp-content\/uploads\/2021\/07\/bannerlogo-1.gif\",\"contentUrl\":\"https:\/\/www.fraczinet.cl\/sitio\/wp-content\/uploads\/2021\/07\/bannerlogo-1.gif\",\"width\":159,\"height\":79,\"caption\":\"Luis Fernando Fraczinet\"},\"logo\":{\"@id\":\"https:\/\/www.fraczinet.cl\/sitio\/#\/schema\/person\/image\/\"},\"sameAs\":[\"https:\/\/www.fraczinet.cl\/sitio\/\"]},{\"@type\":\"Person\",\"@id\":\"https:\/\/www.fraczinet.cl\/sitio\/#\/schema\/person\/bc30f98e9cb10ae7e119dbe14bc93784\",\"name\":\"admin\",\"image\":{\"@type\":\"ImageObject\",\"inLanguage\":\"es\",\"@id\":\"https:\/\/www.fraczinet.cl\/sitio\/#\/schema\/person\/image\/\",\"url\":\"https:\/\/secure.gravatar.com\/avatar\/d5ad3cf7ef3b23a2bb5be73be780c86b2fc8545c3ad6b149f3913ff458c00099?s=96&d=mm&r=g\",\"contentUrl\":\"https:\/\/secure.gravatar.com\/avatar\/d5ad3cf7ef3b23a2bb5be73be780c86b2fc8545c3ad6b149f3913ff458c00099?s=96&d=mm&r=g\",\"caption\":\"admin\"},\"sameAs\":[\"https:\/\/www.fraczinet.cl\/sitio\"]}]}<\/script>\n<!-- \/ Yoast SEO plugin. -->","yoast_head_json":{"title":"Plaza de Tiananmen \"Puerta de la Paz Celestial\" - Nuestro Bio B\u00edo","robots":{"index":"index","follow":"follow","max-snippet":"max-snippet:-1","max-image-preview":"max-image-preview:large","max-video-preview":"max-video-preview:-1"},"canonical":"https:\/\/www.fraczinet.cl\/sitio\/2022\/09\/07\/plaza-de-tiananmen-puerta-de-la-paz-celestial\/","og_locale":"es_ES","og_type":"article","og_title":"Plaza de Tiananmen \"Puerta de la Paz Celestial\" - Nuestro Bio B\u00edo","og_description":"Es ir\u00f3nico el significado del nombre de una de las plazas m\u00e1s conocidas de China teniendo en cuenta el oscuro final que tuvieron las protestas que hubo all\u00ed durante la primavera de 1989. Literalmente, Tiananmen significa Puerta de la Paz Celestial, pero el d\u00eda 5 de junio de 1989, cuando fue tomada esta imagen, se [&hellip;]","og_url":"https:\/\/www.fraczinet.cl\/sitio\/2022\/09\/07\/plaza-de-tiananmen-puerta-de-la-paz-celestial\/","og_site_name":"Nuestro Bio B\u00edo","article_published_time":"2022-09-07T20:48:12+00:00","og_image":[{"width":1280,"height":830,"url":"https:\/\/www.fraczinet.cl\/sitio\/wp-content\/uploads\/2022\/09\/Tiananmen.jpeg","type":"image\/jpeg"}],"author":"admin","twitter_card":"summary_large_image","twitter_creator":"@nuestrobiobio","twitter_site":"@nuestrobiobio","twitter_misc":{"Escrito por":"admin","Tiempo de lectura":"1 minuto"},"schema":{"@context":"https:\/\/schema.org","@graph":[{"@type":"Article","@id":"https:\/\/www.fraczinet.cl\/sitio\/2022\/09\/07\/plaza-de-tiananmen-puerta-de-la-paz-celestial\/#article","isPartOf":{"@id":"https:\/\/www.fraczinet.cl\/sitio\/2022\/09\/07\/plaza-de-tiananmen-puerta-de-la-paz-celestial\/"},"author":{"name":"admin","@id":"https:\/\/www.fraczinet.cl\/sitio\/#\/schema\/person\/bc30f98e9cb10ae7e119dbe14bc93784"},"headline":"Plaza de Tiananmen \u00abPuerta de la Paz Celestial\u00bb","datePublished":"2022-09-07T20:48:12+00:00","mainEntityOfPage":{"@id":"https:\/\/www.fraczinet.cl\/sitio\/2022\/09\/07\/plaza-de-tiananmen-puerta-de-la-paz-celestial\/"},"wordCount":263,"commentCount":0,"publisher":{"@id":"https:\/\/www.fraczinet.cl\/sitio\/#\/schema\/person\/aec8ee4da68df2b9b0eefdad24a0d582"},"image":{"@id":"https:\/\/www.fraczinet.cl\/sitio\/2022\/09\/07\/plaza-de-tiananmen-puerta-de-la-paz-celestial\/#primaryimage"},"thumbnailUrl":"https:\/\/www.fraczinet.cl\/sitio\/wp-content\/uploads\/2022\/09\/Tiananmen.jpeg","articleSection":["DDHH","Historia"],"inLanguage":"es","potentialAction":[{"@type":"CommentAction","name":"Comment","target":["https:\/\/www.fraczinet.cl\/sitio\/2022\/09\/07\/plaza-de-tiananmen-puerta-de-la-paz-celestial\/#respond"]}]},{"@type":"WebPage","@id":"https:\/\/www.fraczinet.cl\/sitio\/2022\/09\/07\/plaza-de-tiananmen-puerta-de-la-paz-celestial\/","url":"https:\/\/www.fraczinet.cl\/sitio\/2022\/09\/07\/plaza-de-tiananmen-puerta-de-la-paz-celestial\/","name":"Plaza de Tiananmen \"Puerta de la Paz Celestial\" - Nuestro Bio B\u00edo","isPartOf":{"@id":"https:\/\/www.fraczinet.cl\/sitio\/#website"},"primaryImageOfPage":{"@id":"https:\/\/www.fraczinet.cl\/sitio\/2022\/09\/07\/plaza-de-tiananmen-puerta-de-la-paz-celestial\/#primaryimage"},"image":{"@id":"https:\/\/www.fraczinet.cl\/sitio\/2022\/09\/07\/plaza-de-tiananmen-puerta-de-la-paz-celestial\/#primaryimage"},"thumbnailUrl":"https:\/\/www.fraczinet.cl\/sitio\/wp-content\/uploads\/2022\/09\/Tiananmen.jpeg","datePublished":"2022-09-07T20:48:12+00:00","breadcrumb":{"@id":"https:\/\/www.fraczinet.cl\/sitio\/2022\/09\/07\/plaza-de-tiananmen-puerta-de-la-paz-celestial\/#breadcrumb"},"inLanguage":"es","potentialAction":[{"@type":"ReadAction","target":["https:\/\/www.fraczinet.cl\/sitio\/2022\/09\/07\/plaza-de-tiananmen-puerta-de-la-paz-celestial\/"]}]},{"@type":"ImageObject","inLanguage":"es","@id":"https:\/\/www.fraczinet.cl\/sitio\/2022\/09\/07\/plaza-de-tiananmen-puerta-de-la-paz-celestial\/#primaryimage","url":"https:\/\/www.fraczinet.cl\/sitio\/wp-content\/uploads\/2022\/09\/Tiananmen.jpeg","contentUrl":"https:\/\/www.fraczinet.cl\/sitio\/wp-content\/uploads\/2022\/09\/Tiananmen.jpeg","width":1280,"height":830},{"@type":"BreadcrumbList","@id":"https:\/\/www.fraczinet.cl\/sitio\/2022\/09\/07\/plaza-de-tiananmen-puerta-de-la-paz-celestial\/#breadcrumb","itemListElement":[{"@type":"ListItem","position":1,"name":"Portada","item":"https:\/\/www.fraczinet.cl\/sitio\/"},{"@type":"ListItem","position":2,"name":"Plaza de Tiananmen \u00abPuerta de la Paz Celestial\u00bb"}]},{"@type":"WebSite","@id":"https:\/\/www.fraczinet.cl\/sitio\/#website","url":"https:\/\/www.fraczinet.cl\/sitio\/","name":"Nuestro Bio B\u00edo","description":"Tierra de Encuentros","publisher":{"@id":"https:\/\/www.fraczinet.cl\/sitio\/#\/schema\/person\/aec8ee4da68df2b9b0eefdad24a0d582"},"potentialAction":[{"@type":"SearchAction","target":{"@type":"EntryPoint","urlTemplate":"https:\/\/www.fraczinet.cl\/sitio\/?s={search_term_string}"},"query-input":{"@type":"PropertyValueSpecification","valueRequired":true,"valueName":"search_term_string"}}],"inLanguage":"es"},{"@type":["Person","Organization"],"@id":"https:\/\/www.fraczinet.cl\/sitio\/#\/schema\/person\/aec8ee4da68df2b9b0eefdad24a0d582","name":"Luis Fernando Fraczinet","image":{"@type":"ImageObject","inLanguage":"es","@id":"https:\/\/www.fraczinet.cl\/sitio\/#\/schema\/person\/image\/","url":"https:\/\/www.fraczinet.cl\/sitio\/wp-content\/uploads\/2021\/07\/bannerlogo-1.gif","contentUrl":"https:\/\/www.fraczinet.cl\/sitio\/wp-content\/uploads\/2021\/07\/bannerlogo-1.gif","width":159,"height":79,"caption":"Luis Fernando Fraczinet"},"logo":{"@id":"https:\/\/www.fraczinet.cl\/sitio\/#\/schema\/person\/image\/"},"sameAs":["https:\/\/www.fraczinet.cl\/sitio\/"]},{"@type":"Person","@id":"https:\/\/www.fraczinet.cl\/sitio\/#\/schema\/person\/bc30f98e9cb10ae7e119dbe14bc93784","name":"admin","image":{"@type":"ImageObject","inLanguage":"es","@id":"https:\/\/www.fraczinet.cl\/sitio\/#\/schema\/person\/image\/","url":"https:\/\/secure.gravatar.com\/avatar\/d5ad3cf7ef3b23a2bb5be73be780c86b2fc8545c3ad6b149f3913ff458c00099?s=96&d=mm&r=g","contentUrl":"https:\/\/secure.gravatar.com\/avatar\/d5ad3cf7ef3b23a2bb5be73be780c86b2fc8545c3ad6b149f3913ff458c00099?s=96&d=mm&r=g","caption":"admin"},"sameAs":["https:\/\/www.fraczinet.cl\/sitio"]}]}},"_links":{"self":[{"href":"https:\/\/www.fraczinet.cl\/sitio\/wp-json\/wp\/v2\/posts\/11576","targetHints":{"allow":["GET"]}}],"collection":[{"href":"https:\/\/www.fraczinet.cl\/sitio\/wp-json\/wp\/v2\/posts"}],"about":[{"href":"https:\/\/www.fraczinet.cl\/sitio\/wp-json\/wp\/v2\/types\/post"}],"author":[{"embeddable":true,"href":"https:\/\/www.fraczinet.cl\/sitio\/wp-json\/wp\/v2\/users\/1"}],"replies":[{"embeddable":true,"href":"https:\/\/www.fraczinet.cl\/sitio\/wp-json\/wp\/v2\/comments?post=11576"}],"version-history":[{"count":1,"href":"https:\/\/www.fraczinet.cl\/sitio\/wp-json\/wp\/v2\/posts\/11576\/revisions"}],"predecessor-version":[{"id":11579,"href":"https:\/\/www.fraczinet.cl\/sitio\/wp-json\/wp\/v2\/posts\/11576\/revisions\/11579"}],"wp:featuredmedia":[{"embeddable":true,"href":"https:\/\/www.fraczinet.cl\/sitio\/wp-json\/wp\/v2\/media\/11577"}],"wp:attachment":[{"href":"https:\/\/www.fraczinet.cl\/sitio\/wp-json\/wp\/v2\/media?parent=11576"}],"wp:term":[{"taxonomy":"category","embeddable":true,"href":"https:\/\/www.fraczinet.cl\/sitio\/wp-json\/wp\/v2\/categories?post=11576"},{"taxonomy":"post_tag","embeddable":true,"href":"https:\/\/www.fraczinet.cl\/sitio\/wp-json\/wp\/v2\/tags?post=11576"}],"curies":[{"name":"wp","href":"https:\/\/api.w.org\/{rel}","templated":true}]}}