{"id":12319,"date":"2022-09-13T03:51:33","date_gmt":"2022-09-13T03:51:33","guid":{"rendered":"https:\/\/www.fraczinet.cl\/sitio\/?p=12319"},"modified":"2022-10-29T16:30:39","modified_gmt":"2022-10-29T16:30:39","slug":"ley-de-proteccion-de-glaciares-un-paso-urgente-para-garantizar-agua-a-los-ecosistemas-y-la-sociedad","status":"publish","type":"post","link":"https:\/\/www.fraczinet.cl\/sitio\/2022\/09\/13\/ley-de-proteccion-de-glaciares-un-paso-urgente-para-garantizar-agua-a-los-ecosistemas-y-la-sociedad\/","title":{"rendered":"Ley de Protecci\u00f3n de Glaciares: Garantizar Agua a los Ecosistemas"},"content":{"rendered":"<p><b>Fuente:\u00a0<a href=\"https:\/\/www.blogger.com\/blog\/post\/edit\/8484381475322701646\/6971771115482968692#\" target=\"_blank\" rel=\"noopener\" data-original-attrs=\"{&quot;data-original-href&quot;:&quot;https:\/\/www.terram.cl\/&quot;,&quot;target&quot;:&quot;_blank&quot;}\">Fundaci\u00f3n Terram<\/a><\/b><\/p>\n<p><img fetchpriority=\"high\" decoding=\"async\" class=\"alignnone wp-image-12320 size-large\" src=\"https:\/\/www.fraczinet.cl\/sitio\/wp-content\/uploads\/2022\/09\/Glaciar-Grey-5-1200x675-1-1024x576.jpg\" alt=\"\" width=\"1024\" height=\"576\" srcset=\"https:\/\/www.fraczinet.cl\/sitio\/wp-content\/uploads\/2022\/09\/Glaciar-Grey-5-1200x675-1-1024x576.jpg 1024w, https:\/\/www.fraczinet.cl\/sitio\/wp-content\/uploads\/2022\/09\/Glaciar-Grey-5-1200x675-1-300x169.jpg 300w, https:\/\/www.fraczinet.cl\/sitio\/wp-content\/uploads\/2022\/09\/Glaciar-Grey-5-1200x675-1-768x432.jpg 768w, https:\/\/www.fraczinet.cl\/sitio\/wp-content\/uploads\/2022\/09\/Glaciar-Grey-5-1200x675-1.jpg 1200w\" sizes=\"(max-width: 1024px) 100vw, 1024px\" \/><\/p>\n<h3><strong>Ecosistema glaciar<\/strong><\/h3>\n<p>A pesar de lo que muchos podr\u00edamos pensar, el ecosistema glaciar no solo es la masa de hielo blanca, visible muchas veces. Sino que la componen diversas conformaciones como el permafrost y el ambiente periglacial, las que en su conjunto cumplen roles ecosist\u00e9micos fundamentales para la salud de los ecosistemas con los que se relaciona. Tambi\u00e9n con los seres vivos que los habitan, incluy\u00e9ndonos.<\/p>\n<p>Chile posee, seg\u00fan el Inventario Nacional de Glaciares de 2019 de la Direcci\u00f3n General de Aguas (DGA), 24.114 glaciares, los que representan el 4% a nivel mundial y m\u00e1s del 80% de estos en el continente. Hay que mencionar que esta cifra debiese variar producto de los factores antr\u00f3picos indirectos como el cambio clim\u00e1tico. Adem\u00e1s de los directos, como la intervenci\u00f3n y vulneraci\u00f3n de glaciares por parte de mineras e hidroel\u00e9ctricas.<\/p>\n<p>Pero tambi\u00e9n por los criterios para considerar a los glaciares dentro del inventario que realiza la DGA, ya que este solo considera glaciares por sobre una hect\u00e1rea. Si bien en las \u00faltimas actualizaciones han incorporado glaciares menores, solo son considerados por el Sistema de Evaluaci\u00f3n de Impacto Ambiental aquellos dentro del inventario.<\/p>\n<p>\u201cSi hay un proyecto minero y dentro del \u00e1rea de concesi\u00f3n hay un cuerpo glaciar no inventariado, esa empresa ni siquiera tiene que informar en su estudio que est\u00e1 ese cuerpo y entonces en la pr\u00e1ctica no existe. Eso es s\u00faper preocupante\u201d, mencion\u00f3 sobre la relaci\u00f3n con el proyecto de ley de protecci\u00f3n de glaciares, Fernanda Miranda, ge\u00f3grafa e investigadora de Fundaci\u00f3n Terram en materias de agua y ordenamiento territorial.<\/p>\n<p>Junto con esto, Miranda agreg\u00f3 que \u201cen la zona central y norte hay muchos glaciares de tama\u00f1os menores no inventariados, pero que s\u00ed cumplen funciones h\u00eddricas y ecol\u00f3gicas relevantes y que no se encuentran protegidos\u201d.<\/p>\n<h3><strong>\u00bfC\u00f3mo se compone un glaciar?<\/strong><\/h3>\n<p>Los glaciares son mucho m\u00e1s que agua congelada, son ecosistemas sumamente fr\u00e1giles compuesto por diversas conformaciones como el permafrost y el ambiente periglaciar. El primero es una capa de suelo permanentemente congelada, mezcla de hielo y tierra. El segundo es todo aquello que rodea al glaciar y est\u00e1 influenciado por este.<\/p>\n<p>Mar\u00eda Jes\u00fas Mart\u00ednez, vocera de la Coordinaci\u00f3n de Territorios por la Defensa de los Glaciares, lo ejemplifica de la siguiente manera, considerando que es poco lo que sabemos como sociedad sobre estos ecosistemas, \u201ces como si tuvi\u00e9ramos un refrigerador, la parte de arriba, el congelador, es el glaciar y la parte de abajo es el ambiente preglaciar\u201d, dijo remarcando la fragilidad e interdependencia de ambas conformaciones.<\/p>\n<p>En este sentido, y a pesar de las declaraciones del exministro de Miner\u00eda Baldo Prokurika, quien asegur\u00f3 que hay estudios que demuestran que el aporte h\u00eddrico del permafrost en muchos casos es cero, y de esta manera intervenirlo no afectar\u00eda la seguridad h\u00eddrica, Mart\u00ednez matiz\u00f3 esta declaraci\u00f3n ya que esta formaci\u00f3n contribuye a la preservaci\u00f3n de las condiciones que generan una estabilidad para que el glaciar se puedan mantener.<\/p>\n<p>\u201cEl ambiente periglaciar y el permafrost que est\u00e1 influenciado por estos glaciares, tambi\u00e9n son una zona de amortiguaci\u00f3n de los glaciares. Cualquier impacto pasa por ah\u00ed antes de llegar a los glaciares y lo van haciendo mucho m\u00e1s paulatino\u201d, dijo la vocera, recordando que la protecci\u00f3n de los glaciares tiene como objetivo reducir la velocidad con que estos se derriten, situaci\u00f3n inevitable ya que estos son reductos de la \u00faltima era glaciar.<\/p>\n<h3><strong>Seguridad h\u00eddrica y triple impacto de la miner\u00eda<\/strong><\/h3>\n<p>En un contexto de sequ\u00eda nacional y de calentamiento clim\u00e1tico, el cual seguir\u00e1 agudiz\u00e1ndose de no cambiar nuestra forma de vida y relaci\u00f3n con la naturaleza, los glaciares se perfilan como un elemento b\u00e1sico. Ello tanto para asegurar la escorrent\u00eda superficial de cauces de aguas como el aporte a napas subterr\u00e1neas.<\/p>\n<p>\u201cSolo a modo de ejemplo, en la Regi\u00f3n de Valpara\u00edso que tiene aproximadamente un mill\u00f3n de habitantes, hoy los glaciares est\u00e1n aportando a la cuenca, desde la zona alta y hasta la zona urbana de Valpara\u00edso con el 80% de agua, que se sabe por estudios, que provienen de las \u00e1reas glaciares y no estamos protegiendo como es debido estas fuentes estrat\u00e9gicas\u201d, mencion\u00f3 Mart\u00ednez.<\/p>\n<p>Junto con ser reserva de agua, los glaciares tambi\u00e9n cumplen diversas funciones ecosist\u00e9micas \u201cque no pueden ser reemplazadas por un embalse o por la desalinizaci\u00f3n de agua de mar ya que estos no regulan el clima como s\u00ed lo hacen los glaciares y no restablecen el ciclo hidrobiol\u00f3gico en las cuencas. Adem\u00e1s, generan impactos ambientales y sociales en los territorios\u201d, asegur\u00f3 Miranda.<\/p>\n<p>De esta forma, la gesti\u00f3n responsable y normada del agua, en todas sus formas y vista como un ciclo, es una deuda hist\u00f3rica de nuestra legislaci\u00f3n. Frente a esta situaci\u00f3n la aproximaci\u00f3n es m\u00faltiple e involucra tanto la creaci\u00f3n y actualizaci\u00f3n de lo normativo, legislativo, la fiscalizaci\u00f3n e incluso de matriz energ\u00e9tica.<\/p>\n<p>Para el acad\u00e9mico y economista de Terram, Telye Yurisch, la miner\u00eda genera un triple impacto h\u00eddrico ya que primero, consume un gran volumen de agua en sus operaciones; segundo, contamina el agua que utiliza y tambi\u00e9n napas subterr\u00e1neas, lo que no permite su uso posterior; y el tercer lugar, porque se destruyen fuentes de agua como bofedales, humedales y glaciares, afectado gravemente la disponibilidad h\u00eddrica.<\/p>\n<p>\u201cVa m\u00e1s all\u00e1 del discurso de que la miner\u00eda consume poca agua comparada con la agricultura porque hay que ver el contexto y la proporci\u00f3n. La miner\u00eda se ubica donde hay poca disponibilidad de agua [principalmente en el norte] y la agricultura donde hay una mayor disponibilidad, como en el centro sur de Chile. Es distinto\u201d, asegur\u00f3 el economista.<\/p>\n<p>De esta forma, Yurisch tom\u00f3 los datos del Mapa de Conflictos Socioambientales que realiza el Instituto Nacional de Derechos Humanos (INDH) para identificar y caracterizar los conflictos mineros. Cuando realiz\u00f3 la caracterizaci\u00f3n, el mapa del INDH presentaba 118 conflictos ( hoy son 119) de los cuales 33 son conflictos con la miner\u00eda.<\/p>\n<p>\u201cHicimos este ejercicio de ver cu\u00e1ntos de estos conflictos ten\u00edan relaci\u00f3n con una de estas l\u00edneas te\u00f3ricas que te mencionaba y de esos 33 conflictos 29 son por agua: 13 por consumo, 13 por contaminaci\u00f3n y 3 por destrucci\u00f3n de fuentes de suministro, que principalmente son conflictos por afectaci\u00f3n parcial o completa a ciertos glaciares. El problema pol\u00edtico de la miner\u00eda actual es el agua sin duda, ese es tu tal\u00f3n de Aquiles\u201d, precis\u00f3 el economista.<\/p>\n<h3><strong>La cocci\u00f3n del glaciar<\/strong><\/h3>\n<p>Molestia ha causado a la treintena de organizaciones que componen la Coordinaci\u00f3n la postura del oficialismo, de las mineras y de algunos sectores de la oposici\u00f3n de considerar a los glaciares aislados de su entorno y m\u00e1s a\u00fan si es que se argumenta que son masas de hielo en declive y que por tanto no habr\u00eda un da\u00f1o significativo en intervenirlas. Argumento que deja entrever el sector minero.<\/p>\n<p>De forma paralela vemos al Estado construyendo embalses para de esta forma asegurar una cierta, pero ineficiente, seguridad h\u00eddrica. Cuando a luces de la organizaci\u00f3n la soluci\u00f3n est\u00e1 en proteger al ecosistema glaciar con una completa Ley de protecci\u00f3n de glaciares.<\/p>\n<p>En este sentido, el lobby minero se ha hecho sentir en las discusiones del Senado ya que, de espalda a la ciudadan\u00eda y sin participaci\u00f3n de instituciones y organizaciones cr\u00edticas del actuar de las mineras en nuestro pa\u00eds, se ingresaron indicaciones al proyecto de ley que lo transformaron de forma sustancial al abrir la posibilidad de intervenir las conformaciones antes mencionadas.<\/p>\n<p>\u201cIngresaron estas indicaciones y quedamos todos perplejos En el \u00faltimo tiempo ha ocurrido un cambio de posici\u00f3n con respecto al permafrost y el ambiente periglacial que no entendemos por qu\u00e9 ocurri\u00f3\u201d, lament\u00f3 Miranda, ya que desde fundaci\u00f3n Terram han seguido de cerca la tramitaci\u00f3n del proyecto de ley.<\/p>\n<p>En este sentido la vocera de la Coordinaci\u00f3n critica la forma en que se ha tramitado el proyecto de ley, en lo que llama una \u201ccocina\u201d de espalda a la ciudadan\u00eda.<\/p>\n<h3><strong>Comprender los ciclos para prever<\/strong><\/h3>\n<p>Una de las acciones que afectan de forma directa a los glaciares es la depositaci\u00f3n de polvo sobre su superficie producto de la actividad minera y la remoci\u00f3n de tierra, lo que aumenta su captaci\u00f3n de calor y por ende su derretimiento. Sin contar las afectaciones directas sobre el ecosistema glaciar como la destrucci\u00f3n de los mismos mediante sondajes y explosiones.<\/p>\n<p>\u201cSe estima que una gota que nace en la cordillera demora 24 horas en llegar al mar, ese es el flujo que tiene el agua desde la cordillera al mar\u201d, destac\u00f3 Mart\u00ednez. A su juicio lo que hace falta en la ley de protecci\u00f3n de glaciares y en general en la legislaci\u00f3n ambiental es entender y proteger los ciclos naturales en su contexto y con sus diversos elementos, sobre todo el del agua.<\/p>\n<p>El principal temor es perder los glaciares de forma acelerada, ya que esto pondr\u00e1 en una compleja situaci\u00f3n la seguridad h\u00eddrica de millones de personas. \u201cLas ciudades no podr\u00e1n subsistir sin el agua de los glaciares, ya que son muy relevantes para el abastecimiento de agua en per\u00edodos sin precipitaciones\u201d, alert\u00f3 Miranda. Razones de peso si consideramos la sequ\u00eda en la que nos encontramos por d\u00e9cimo segundo a\u00f1o consecutivo y con un territorio con m\u00e1s del 70% de su superficie con alg\u00fan grado de desertificaci\u00f3n, sequ\u00eda, erosi\u00f3n o degradaci\u00f3n de suelo seg\u00fan datos de la Conaf de 2016.<\/p>\n<h4><b>Leer el\u00a0<a href=\"https:\/\/www.blogger.com\/blog\/post\/edit\/8484381475322701646\/6971771115482968692#\" target=\"_blank\" rel=\"noopener\" data-original-attrs=\"{&quot;data-original-href&quot;:&quot;https:\/\/www.terram.cl\/2021\/04\/ley-de-proteccion-de-glaciares-un-paso-urgente-para-garantizar-agua-a-los-ecosistemas-y-la-sociedad\/?fbclid=IwAR20qN-GiF6roBcTvUrIigpN-a6MY4j6pau6cqTBJO9fSez8Yi0F8YIXeS4#.Yx_jgdAzpW8.facebook&quot;,&quot;target&quot;:&quot;_blank&quot;}\">Art\u00edculo completo en Terram.cl<\/a><\/b><\/h4>\n","protected":false},"excerpt":{"rendered":"<p>La importancia de los Glaciares en los ecosisitemas, c\u00f3mo son afectados por la actividad humana y cuan vitales son para la seguridad de disponibilidad de agua dulce.<\/p>\n","protected":false},"author":1,"featured_media":12320,"comment_status":"open","ping_status":"open","sticky":false,"template":"","format":"standard","meta":{"footnotes":""},"categories":[240,124],"tags":[],"class_list":["post-12319","post","type-post","status-publish","format-standard","has-post-thumbnail","hentry","category-agua","category-medio-ambiente"],"yoast_head":"<!-- This site is optimized with the Yoast SEO plugin v25.0 - https:\/\/yoast.com\/wordpress\/plugins\/seo\/ -->\n<title>Ley de Protecci\u00f3n de Glaciares: Garantizar Agua a los Ecosistemas - Nuestro Bio B\u00edo<\/title>\n<meta name=\"description\" content=\"La importancia de los Glaciares en los ecosisitemas, c\u00f3mo son afectados por la actividad humana y cuan vitales son para la seguridad de disponibilidad de agua dulce.\" \/>\n<meta name=\"robots\" content=\"index, follow, max-snippet:-1, max-image-preview:large, max-video-preview:-1\" \/>\n<link rel=\"canonical\" href=\"https:\/\/www.fraczinet.cl\/sitio\/2022\/09\/13\/ley-de-proteccion-de-glaciares-un-paso-urgente-para-garantizar-agua-a-los-ecosistemas-y-la-sociedad\/\" \/>\n<meta property=\"og:locale\" content=\"es_ES\" \/>\n<meta property=\"og:type\" content=\"article\" \/>\n<meta property=\"og:title\" content=\"Ley de Protecci\u00f3n de Glaciares: Garantizar Agua a los Ecosistemas - Nuestro Bio B\u00edo\" \/>\n<meta property=\"og:description\" content=\"La importancia de los Glaciares en los ecosisitemas, c\u00f3mo son afectados por la actividad humana y cuan vitales son para la seguridad de disponibilidad de agua dulce.\" \/>\n<meta property=\"og:url\" content=\"https:\/\/www.fraczinet.cl\/sitio\/2022\/09\/13\/ley-de-proteccion-de-glaciares-un-paso-urgente-para-garantizar-agua-a-los-ecosistemas-y-la-sociedad\/\" \/>\n<meta property=\"og:site_name\" content=\"Nuestro Bio B\u00edo\" \/>\n<meta property=\"article:published_time\" content=\"2022-09-13T03:51:33+00:00\" \/>\n<meta property=\"article:modified_time\" content=\"2022-10-29T16:30:39+00:00\" \/>\n<meta property=\"og:image\" content=\"https:\/\/www.fraczinet.cl\/sitio\/wp-content\/uploads\/2022\/09\/Glaciar-Grey-5-1200x675-1.jpg\" \/>\n\t<meta property=\"og:image:width\" content=\"1200\" \/>\n\t<meta property=\"og:image:height\" content=\"675\" \/>\n\t<meta property=\"og:image:type\" content=\"image\/jpeg\" \/>\n<meta name=\"author\" content=\"admin\" \/>\n<meta name=\"twitter:card\" content=\"summary_large_image\" \/>\n<meta name=\"twitter:creator\" content=\"@nuestrobiobio\" \/>\n<meta name=\"twitter:site\" content=\"@nuestrobiobio\" \/>\n<meta name=\"twitter:label1\" content=\"Escrito por\" \/>\n\t<meta name=\"twitter:data1\" content=\"admin\" \/>\n\t<meta name=\"twitter:label2\" content=\"Tiempo de lectura\" \/>\n\t<meta name=\"twitter:data2\" content=\"8 minutos\" \/>\n<script type=\"application\/ld+json\" class=\"yoast-schema-graph\">{\"@context\":\"https:\/\/schema.org\",\"@graph\":[{\"@type\":\"Article\",\"@id\":\"https:\/\/www.fraczinet.cl\/sitio\/2022\/09\/13\/ley-de-proteccion-de-glaciares-un-paso-urgente-para-garantizar-agua-a-los-ecosistemas-y-la-sociedad\/#article\",\"isPartOf\":{\"@id\":\"https:\/\/www.fraczinet.cl\/sitio\/2022\/09\/13\/ley-de-proteccion-de-glaciares-un-paso-urgente-para-garantizar-agua-a-los-ecosistemas-y-la-sociedad\/\"},\"author\":{\"name\":\"admin\",\"@id\":\"https:\/\/www.fraczinet.cl\/sitio\/#\/schema\/person\/bc30f98e9cb10ae7e119dbe14bc93784\"},\"headline\":\"Ley de Protecci\u00f3n de Glaciares: Garantizar Agua a los Ecosistemas\",\"datePublished\":\"2022-09-13T03:51:33+00:00\",\"dateModified\":\"2022-10-29T16:30:39+00:00\",\"mainEntityOfPage\":{\"@id\":\"https:\/\/www.fraczinet.cl\/sitio\/2022\/09\/13\/ley-de-proteccion-de-glaciares-un-paso-urgente-para-garantizar-agua-a-los-ecosistemas-y-la-sociedad\/\"},\"wordCount\":1684,\"commentCount\":0,\"publisher\":{\"@id\":\"https:\/\/www.fraczinet.cl\/sitio\/#\/schema\/person\/aec8ee4da68df2b9b0eefdad24a0d582\"},\"image\":{\"@id\":\"https:\/\/www.fraczinet.cl\/sitio\/2022\/09\/13\/ley-de-proteccion-de-glaciares-un-paso-urgente-para-garantizar-agua-a-los-ecosistemas-y-la-sociedad\/#primaryimage\"},\"thumbnailUrl\":\"https:\/\/www.fraczinet.cl\/sitio\/wp-content\/uploads\/2022\/09\/Glaciar-Grey-5-1200x675-1.jpg\",\"articleSection\":[\"Agua\",\"Medio Ambiente\"],\"inLanguage\":\"es\",\"potentialAction\":[{\"@type\":\"CommentAction\",\"name\":\"Comment\",\"target\":[\"https:\/\/www.fraczinet.cl\/sitio\/2022\/09\/13\/ley-de-proteccion-de-glaciares-un-paso-urgente-para-garantizar-agua-a-los-ecosistemas-y-la-sociedad\/#respond\"]}]},{\"@type\":\"WebPage\",\"@id\":\"https:\/\/www.fraczinet.cl\/sitio\/2022\/09\/13\/ley-de-proteccion-de-glaciares-un-paso-urgente-para-garantizar-agua-a-los-ecosistemas-y-la-sociedad\/\",\"url\":\"https:\/\/www.fraczinet.cl\/sitio\/2022\/09\/13\/ley-de-proteccion-de-glaciares-un-paso-urgente-para-garantizar-agua-a-los-ecosistemas-y-la-sociedad\/\",\"name\":\"Ley de Protecci\u00f3n de Glaciares: Garantizar Agua a los Ecosistemas - Nuestro Bio B\u00edo\",\"isPartOf\":{\"@id\":\"https:\/\/www.fraczinet.cl\/sitio\/#website\"},\"primaryImageOfPage\":{\"@id\":\"https:\/\/www.fraczinet.cl\/sitio\/2022\/09\/13\/ley-de-proteccion-de-glaciares-un-paso-urgente-para-garantizar-agua-a-los-ecosistemas-y-la-sociedad\/#primaryimage\"},\"image\":{\"@id\":\"https:\/\/www.fraczinet.cl\/sitio\/2022\/09\/13\/ley-de-proteccion-de-glaciares-un-paso-urgente-para-garantizar-agua-a-los-ecosistemas-y-la-sociedad\/#primaryimage\"},\"thumbnailUrl\":\"https:\/\/www.fraczinet.cl\/sitio\/wp-content\/uploads\/2022\/09\/Glaciar-Grey-5-1200x675-1.jpg\",\"datePublished\":\"2022-09-13T03:51:33+00:00\",\"dateModified\":\"2022-10-29T16:30:39+00:00\",\"description\":\"La importancia de los Glaciares en los ecosisitemas, c\u00f3mo son afectados por la actividad humana y cuan vitales son para la seguridad de disponibilidad de agua dulce.\",\"breadcrumb\":{\"@id\":\"https:\/\/www.fraczinet.cl\/sitio\/2022\/09\/13\/ley-de-proteccion-de-glaciares-un-paso-urgente-para-garantizar-agua-a-los-ecosistemas-y-la-sociedad\/#breadcrumb\"},\"inLanguage\":\"es\",\"potentialAction\":[{\"@type\":\"ReadAction\",\"target\":[\"https:\/\/www.fraczinet.cl\/sitio\/2022\/09\/13\/ley-de-proteccion-de-glaciares-un-paso-urgente-para-garantizar-agua-a-los-ecosistemas-y-la-sociedad\/\"]}]},{\"@type\":\"ImageObject\",\"inLanguage\":\"es\",\"@id\":\"https:\/\/www.fraczinet.cl\/sitio\/2022\/09\/13\/ley-de-proteccion-de-glaciares-un-paso-urgente-para-garantizar-agua-a-los-ecosistemas-y-la-sociedad\/#primaryimage\",\"url\":\"https:\/\/www.fraczinet.cl\/sitio\/wp-content\/uploads\/2022\/09\/Glaciar-Grey-5-1200x675-1.jpg\",\"contentUrl\":\"https:\/\/www.fraczinet.cl\/sitio\/wp-content\/uploads\/2022\/09\/Glaciar-Grey-5-1200x675-1.jpg\",\"width\":1200,\"height\":675},{\"@type\":\"BreadcrumbList\",\"@id\":\"https:\/\/www.fraczinet.cl\/sitio\/2022\/09\/13\/ley-de-proteccion-de-glaciares-un-paso-urgente-para-garantizar-agua-a-los-ecosistemas-y-la-sociedad\/#breadcrumb\",\"itemListElement\":[{\"@type\":\"ListItem\",\"position\":1,\"name\":\"Portada\",\"item\":\"https:\/\/www.fraczinet.cl\/sitio\/\"},{\"@type\":\"ListItem\",\"position\":2,\"name\":\"Ley de Protecci\u00f3n de Glaciares: Garantizar Agua a los Ecosistemas\"}]},{\"@type\":\"WebSite\",\"@id\":\"https:\/\/www.fraczinet.cl\/sitio\/#website\",\"url\":\"https:\/\/www.fraczinet.cl\/sitio\/\",\"name\":\"Nuestro Bio B\u00edo\",\"description\":\"Tierra de Encuentros\",\"publisher\":{\"@id\":\"https:\/\/www.fraczinet.cl\/sitio\/#\/schema\/person\/aec8ee4da68df2b9b0eefdad24a0d582\"},\"potentialAction\":[{\"@type\":\"SearchAction\",\"target\":{\"@type\":\"EntryPoint\",\"urlTemplate\":\"https:\/\/www.fraczinet.cl\/sitio\/?s={search_term_string}\"},\"query-input\":{\"@type\":\"PropertyValueSpecification\",\"valueRequired\":true,\"valueName\":\"search_term_string\"}}],\"inLanguage\":\"es\"},{\"@type\":[\"Person\",\"Organization\"],\"@id\":\"https:\/\/www.fraczinet.cl\/sitio\/#\/schema\/person\/aec8ee4da68df2b9b0eefdad24a0d582\",\"name\":\"Luis Fernando Fraczinet\",\"image\":{\"@type\":\"ImageObject\",\"inLanguage\":\"es\",\"@id\":\"https:\/\/www.fraczinet.cl\/sitio\/#\/schema\/person\/image\/\",\"url\":\"https:\/\/www.fraczinet.cl\/sitio\/wp-content\/uploads\/2021\/07\/bannerlogo-1.gif\",\"contentUrl\":\"https:\/\/www.fraczinet.cl\/sitio\/wp-content\/uploads\/2021\/07\/bannerlogo-1.gif\",\"width\":159,\"height\":79,\"caption\":\"Luis Fernando Fraczinet\"},\"logo\":{\"@id\":\"https:\/\/www.fraczinet.cl\/sitio\/#\/schema\/person\/image\/\"},\"sameAs\":[\"https:\/\/www.fraczinet.cl\/sitio\/\"]},{\"@type\":\"Person\",\"@id\":\"https:\/\/www.fraczinet.cl\/sitio\/#\/schema\/person\/bc30f98e9cb10ae7e119dbe14bc93784\",\"name\":\"admin\",\"image\":{\"@type\":\"ImageObject\",\"inLanguage\":\"es\",\"@id\":\"https:\/\/www.fraczinet.cl\/sitio\/#\/schema\/person\/image\/\",\"url\":\"https:\/\/secure.gravatar.com\/avatar\/d5ad3cf7ef3b23a2bb5be73be780c86b2fc8545c3ad6b149f3913ff458c00099?s=96&d=mm&r=g\",\"contentUrl\":\"https:\/\/secure.gravatar.com\/avatar\/d5ad3cf7ef3b23a2bb5be73be780c86b2fc8545c3ad6b149f3913ff458c00099?s=96&d=mm&r=g\",\"caption\":\"admin\"},\"sameAs\":[\"https:\/\/www.fraczinet.cl\/sitio\"]}]}<\/script>\n<!-- \/ Yoast SEO plugin. -->","yoast_head_json":{"title":"Ley de Protecci\u00f3n de Glaciares: Garantizar Agua a los Ecosistemas - Nuestro Bio B\u00edo","description":"La importancia de los Glaciares en los ecosisitemas, c\u00f3mo son afectados por la actividad humana y cuan vitales son para la seguridad de disponibilidad de agua dulce.","robots":{"index":"index","follow":"follow","max-snippet":"max-snippet:-1","max-image-preview":"max-image-preview:large","max-video-preview":"max-video-preview:-1"},"canonical":"https:\/\/www.fraczinet.cl\/sitio\/2022\/09\/13\/ley-de-proteccion-de-glaciares-un-paso-urgente-para-garantizar-agua-a-los-ecosistemas-y-la-sociedad\/","og_locale":"es_ES","og_type":"article","og_title":"Ley de Protecci\u00f3n de Glaciares: Garantizar Agua a los Ecosistemas - Nuestro Bio B\u00edo","og_description":"La importancia de los Glaciares en los ecosisitemas, c\u00f3mo son afectados por la actividad humana y cuan vitales son para la seguridad de disponibilidad de agua dulce.","og_url":"https:\/\/www.fraczinet.cl\/sitio\/2022\/09\/13\/ley-de-proteccion-de-glaciares-un-paso-urgente-para-garantizar-agua-a-los-ecosistemas-y-la-sociedad\/","og_site_name":"Nuestro Bio B\u00edo","article_published_time":"2022-09-13T03:51:33+00:00","article_modified_time":"2022-10-29T16:30:39+00:00","og_image":[{"width":1200,"height":675,"url":"https:\/\/www.fraczinet.cl\/sitio\/wp-content\/uploads\/2022\/09\/Glaciar-Grey-5-1200x675-1.jpg","type":"image\/jpeg"}],"author":"admin","twitter_card":"summary_large_image","twitter_creator":"@nuestrobiobio","twitter_site":"@nuestrobiobio","twitter_misc":{"Escrito por":"admin","Tiempo de lectura":"8 minutos"},"schema":{"@context":"https:\/\/schema.org","@graph":[{"@type":"Article","@id":"https:\/\/www.fraczinet.cl\/sitio\/2022\/09\/13\/ley-de-proteccion-de-glaciares-un-paso-urgente-para-garantizar-agua-a-los-ecosistemas-y-la-sociedad\/#article","isPartOf":{"@id":"https:\/\/www.fraczinet.cl\/sitio\/2022\/09\/13\/ley-de-proteccion-de-glaciares-un-paso-urgente-para-garantizar-agua-a-los-ecosistemas-y-la-sociedad\/"},"author":{"name":"admin","@id":"https:\/\/www.fraczinet.cl\/sitio\/#\/schema\/person\/bc30f98e9cb10ae7e119dbe14bc93784"},"headline":"Ley de Protecci\u00f3n de Glaciares: Garantizar Agua a los Ecosistemas","datePublished":"2022-09-13T03:51:33+00:00","dateModified":"2022-10-29T16:30:39+00:00","mainEntityOfPage":{"@id":"https:\/\/www.fraczinet.cl\/sitio\/2022\/09\/13\/ley-de-proteccion-de-glaciares-un-paso-urgente-para-garantizar-agua-a-los-ecosistemas-y-la-sociedad\/"},"wordCount":1684,"commentCount":0,"publisher":{"@id":"https:\/\/www.fraczinet.cl\/sitio\/#\/schema\/person\/aec8ee4da68df2b9b0eefdad24a0d582"},"image":{"@id":"https:\/\/www.fraczinet.cl\/sitio\/2022\/09\/13\/ley-de-proteccion-de-glaciares-un-paso-urgente-para-garantizar-agua-a-los-ecosistemas-y-la-sociedad\/#primaryimage"},"thumbnailUrl":"https:\/\/www.fraczinet.cl\/sitio\/wp-content\/uploads\/2022\/09\/Glaciar-Grey-5-1200x675-1.jpg","articleSection":["Agua","Medio Ambiente"],"inLanguage":"es","potentialAction":[{"@type":"CommentAction","name":"Comment","target":["https:\/\/www.fraczinet.cl\/sitio\/2022\/09\/13\/ley-de-proteccion-de-glaciares-un-paso-urgente-para-garantizar-agua-a-los-ecosistemas-y-la-sociedad\/#respond"]}]},{"@type":"WebPage","@id":"https:\/\/www.fraczinet.cl\/sitio\/2022\/09\/13\/ley-de-proteccion-de-glaciares-un-paso-urgente-para-garantizar-agua-a-los-ecosistemas-y-la-sociedad\/","url":"https:\/\/www.fraczinet.cl\/sitio\/2022\/09\/13\/ley-de-proteccion-de-glaciares-un-paso-urgente-para-garantizar-agua-a-los-ecosistemas-y-la-sociedad\/","name":"Ley de Protecci\u00f3n de Glaciares: Garantizar Agua a los Ecosistemas - Nuestro Bio B\u00edo","isPartOf":{"@id":"https:\/\/www.fraczinet.cl\/sitio\/#website"},"primaryImageOfPage":{"@id":"https:\/\/www.fraczinet.cl\/sitio\/2022\/09\/13\/ley-de-proteccion-de-glaciares-un-paso-urgente-para-garantizar-agua-a-los-ecosistemas-y-la-sociedad\/#primaryimage"},"image":{"@id":"https:\/\/www.fraczinet.cl\/sitio\/2022\/09\/13\/ley-de-proteccion-de-glaciares-un-paso-urgente-para-garantizar-agua-a-los-ecosistemas-y-la-sociedad\/#primaryimage"},"thumbnailUrl":"https:\/\/www.fraczinet.cl\/sitio\/wp-content\/uploads\/2022\/09\/Glaciar-Grey-5-1200x675-1.jpg","datePublished":"2022-09-13T03:51:33+00:00","dateModified":"2022-10-29T16:30:39+00:00","description":"La importancia de los Glaciares en los ecosisitemas, c\u00f3mo son afectados por la actividad humana y cuan vitales son para la seguridad de disponibilidad de agua dulce.","breadcrumb":{"@id":"https:\/\/www.fraczinet.cl\/sitio\/2022\/09\/13\/ley-de-proteccion-de-glaciares-un-paso-urgente-para-garantizar-agua-a-los-ecosistemas-y-la-sociedad\/#breadcrumb"},"inLanguage":"es","potentialAction":[{"@type":"ReadAction","target":["https:\/\/www.fraczinet.cl\/sitio\/2022\/09\/13\/ley-de-proteccion-de-glaciares-un-paso-urgente-para-garantizar-agua-a-los-ecosistemas-y-la-sociedad\/"]}]},{"@type":"ImageObject","inLanguage":"es","@id":"https:\/\/www.fraczinet.cl\/sitio\/2022\/09\/13\/ley-de-proteccion-de-glaciares-un-paso-urgente-para-garantizar-agua-a-los-ecosistemas-y-la-sociedad\/#primaryimage","url":"https:\/\/www.fraczinet.cl\/sitio\/wp-content\/uploads\/2022\/09\/Glaciar-Grey-5-1200x675-1.jpg","contentUrl":"https:\/\/www.fraczinet.cl\/sitio\/wp-content\/uploads\/2022\/09\/Glaciar-Grey-5-1200x675-1.jpg","width":1200,"height":675},{"@type":"BreadcrumbList","@id":"https:\/\/www.fraczinet.cl\/sitio\/2022\/09\/13\/ley-de-proteccion-de-glaciares-un-paso-urgente-para-garantizar-agua-a-los-ecosistemas-y-la-sociedad\/#breadcrumb","itemListElement":[{"@type":"ListItem","position":1,"name":"Portada","item":"https:\/\/www.fraczinet.cl\/sitio\/"},{"@type":"ListItem","position":2,"name":"Ley de Protecci\u00f3n de Glaciares: Garantizar Agua a los Ecosistemas"}]},{"@type":"WebSite","@id":"https:\/\/www.fraczinet.cl\/sitio\/#website","url":"https:\/\/www.fraczinet.cl\/sitio\/","name":"Nuestro Bio B\u00edo","description":"Tierra de Encuentros","publisher":{"@id":"https:\/\/www.fraczinet.cl\/sitio\/#\/schema\/person\/aec8ee4da68df2b9b0eefdad24a0d582"},"potentialAction":[{"@type":"SearchAction","target":{"@type":"EntryPoint","urlTemplate":"https:\/\/www.fraczinet.cl\/sitio\/?s={search_term_string}"},"query-input":{"@type":"PropertyValueSpecification","valueRequired":true,"valueName":"search_term_string"}}],"inLanguage":"es"},{"@type":["Person","Organization"],"@id":"https:\/\/www.fraczinet.cl\/sitio\/#\/schema\/person\/aec8ee4da68df2b9b0eefdad24a0d582","name":"Luis Fernando Fraczinet","image":{"@type":"ImageObject","inLanguage":"es","@id":"https:\/\/www.fraczinet.cl\/sitio\/#\/schema\/person\/image\/","url":"https:\/\/www.fraczinet.cl\/sitio\/wp-content\/uploads\/2021\/07\/bannerlogo-1.gif","contentUrl":"https:\/\/www.fraczinet.cl\/sitio\/wp-content\/uploads\/2021\/07\/bannerlogo-1.gif","width":159,"height":79,"caption":"Luis Fernando Fraczinet"},"logo":{"@id":"https:\/\/www.fraczinet.cl\/sitio\/#\/schema\/person\/image\/"},"sameAs":["https:\/\/www.fraczinet.cl\/sitio\/"]},{"@type":"Person","@id":"https:\/\/www.fraczinet.cl\/sitio\/#\/schema\/person\/bc30f98e9cb10ae7e119dbe14bc93784","name":"admin","image":{"@type":"ImageObject","inLanguage":"es","@id":"https:\/\/www.fraczinet.cl\/sitio\/#\/schema\/person\/image\/","url":"https:\/\/secure.gravatar.com\/avatar\/d5ad3cf7ef3b23a2bb5be73be780c86b2fc8545c3ad6b149f3913ff458c00099?s=96&d=mm&r=g","contentUrl":"https:\/\/secure.gravatar.com\/avatar\/d5ad3cf7ef3b23a2bb5be73be780c86b2fc8545c3ad6b149f3913ff458c00099?s=96&d=mm&r=g","caption":"admin"},"sameAs":["https:\/\/www.fraczinet.cl\/sitio"]}]}},"_links":{"self":[{"href":"https:\/\/www.fraczinet.cl\/sitio\/wp-json\/wp\/v2\/posts\/12319","targetHints":{"allow":["GET"]}}],"collection":[{"href":"https:\/\/www.fraczinet.cl\/sitio\/wp-json\/wp\/v2\/posts"}],"about":[{"href":"https:\/\/www.fraczinet.cl\/sitio\/wp-json\/wp\/v2\/types\/post"}],"author":[{"embeddable":true,"href":"https:\/\/www.fraczinet.cl\/sitio\/wp-json\/wp\/v2\/users\/1"}],"replies":[{"embeddable":true,"href":"https:\/\/www.fraczinet.cl\/sitio\/wp-json\/wp\/v2\/comments?post=12319"}],"version-history":[{"count":5,"href":"https:\/\/www.fraczinet.cl\/sitio\/wp-json\/wp\/v2\/posts\/12319\/revisions"}],"predecessor-version":[{"id":14967,"href":"https:\/\/www.fraczinet.cl\/sitio\/wp-json\/wp\/v2\/posts\/12319\/revisions\/14967"}],"wp:featuredmedia":[{"embeddable":true,"href":"https:\/\/www.fraczinet.cl\/sitio\/wp-json\/wp\/v2\/media\/12320"}],"wp:attachment":[{"href":"https:\/\/www.fraczinet.cl\/sitio\/wp-json\/wp\/v2\/media?parent=12319"}],"wp:term":[{"taxonomy":"category","embeddable":true,"href":"https:\/\/www.fraczinet.cl\/sitio\/wp-json\/wp\/v2\/categories?post=12319"},{"taxonomy":"post_tag","embeddable":true,"href":"https:\/\/www.fraczinet.cl\/sitio\/wp-json\/wp\/v2\/tags?post=12319"}],"curies":[{"name":"wp","href":"https:\/\/api.w.org\/{rel}","templated":true}]}}