{"id":14718,"date":"2022-10-10T14:59:42","date_gmt":"2022-10-10T14:59:42","guid":{"rendered":"https:\/\/www.fraczinet.cl\/sitio\/?p=14718"},"modified":"2022-10-29T16:32:58","modified_gmt":"2022-10-29T16:32:58","slug":"qatar-2022-el-mundial-maldito","status":"publish","type":"post","link":"https:\/\/www.fraczinet.cl\/sitio\/2022\/10\/10\/qatar-2022-el-mundial-maldito\/","title":{"rendered":"Qatar 2022, El Mundial Maldito"},"content":{"rendered":"<p><img fetchpriority=\"high\" decoding=\"async\" class=\"size-medium wp-image-14719 alignleft\" src=\"https:\/\/www.fraczinet.cl\/sitio\/wp-content\/uploads\/2022\/10\/Mundial-de-Qatar-2022-300x173.jpg\" alt=\"\" width=\"300\" height=\"173\" srcset=\"https:\/\/www.fraczinet.cl\/sitio\/wp-content\/uploads\/2022\/10\/Mundial-de-Qatar-2022-300x173.jpg 300w, https:\/\/www.fraczinet.cl\/sitio\/wp-content\/uploads\/2022\/10\/Mundial-de-Qatar-2022.jpg 686w\" sizes=\"(max-width: 300px) 100vw, 300px\" \/>Autor:\u00a0<a class=\"x1i10hfl xjbqb8w x6umtig x1b1mbwd xaqea5y xav7gou x9f619 x1ypdohk xt0psk2 xe8uvvx xdj266r x11i5rnm xat24cr x1mh8g0r xexx8yu x4uap5 x18d9i69 xkhd6sd x16tdsg8 x1hl2dhg xggy1nq x1a2a7pz xt0b8zv x1qq9wsj xo1l8bm\" tabindex=\"0\" role=\"link\" href=\"https:\/\/www.facebook.com\/oscarjonym?__cft__[0]=AZX1AF8lhp3G4PgR1yPLMoFbGntKjhOnnc6PJwpERWZD3mtLRizMarSkHt_y9r6P_4-fZLHuGI5Qxtk-4A_AJIv3gtmIOjhShyiFvIaGlnb_pHdMl1ps1Czj_ENuMtBYW5d0eVkRP3g-mQJ3BJvdtZ7OywrrsF2ASJBvNdzAyATwAJ0I3WDeecAhEAeP9GsKwMo&amp;__tn__=-]K-y-R\"><span class=\"xt0psk2\">Jon Kokura<\/span><\/a><\/p>\n<div class=\"x11i5rnm xat24cr x1mh8g0r x1vvkbs xtlvy1s x126k92a\">\n<div dir=\"auto\">\u00abLo que mal comienza, mal termina\u00bb dec\u00eda mi abuelita, que era sabia y muy bonita. Hace 12 a\u00f1os, en diciembre del 2010. Joseph Blatter, presidente de la FIFA en aquellos a\u00f1os anunciaba que el mundial 2022 se iba a jugar en Qatar.<\/div>\n<div dir=\"auto\"><\/div>\n<div dir=\"auto\">Los \u00fanicos que saltaron de sus asientos felices como lombrices fueron los integrantes de la familia Al Thani. Son los amos y se\u00f1ores de Qatar.<\/div>\n<div dir=\"auto\"><\/div>\n<\/div>\n<div class=\"x11i5rnm xat24cr x1mh8g0r x1vvkbs xtlvy1s x126k92a\">\n<div dir=\"auto\">Este peque\u00f1o territorio metido en el Golfo P\u00e9rsico, con una sola frontera terrestre, con Arab\u00eda Saudita, con la que se llevan bastante mal. Qatar est\u00e1 sentado sobre la tercera reserva de gas y petr\u00f3leo del mundo. Su poblaci\u00f3n es de 250.000 catar\u00edes. Y 2.750.000 trabajadores inmigrantes&#8230; S\u00ed, el 80% de la poblaci\u00f3n son extranjeros.<\/div>\n<div dir=\"auto\"><\/div>\n<div dir=\"auto\">En Qatar la palabra democracia es un chiste de mal gusto. All\u00ed, la que corta el queso es la familia real Al Thani. Y el jeque Tamim Bin Hamad Al Thani de 42 pirulos y tres bellas esposas&#8230; por el momento.<\/div>\n<div dir=\"auto\">Como son los due\u00f1os de Qatar, su patrimonio ronda los 350.000 millones de d\u00f3lares. Y como ya no saben que hacer con tantos petro d\u00f3lares, aparte de construir fastuosos edificios, al cuete en el desierto. Y comprar clubes de f\u00fatbol, el PSG entre otros.<\/div>\n<div dir=\"auto\"><\/div>\n<div dir=\"auto\">Alguien les sugiri\u00f3 que financiaran las ONG que trabajan alimentando a los ni\u00f1os hambrientos del mundo&#8230; pero no le dieron pelota. Un d\u00eda los hombres de la familia Al Thani (las mujeres no puden decir ni p\u00edo) dijeron: \u00ab\u00bfY si compramos el mundial de f\u00fatbol 2022?\u00bb \u00ab\u00a1Dale!\u00bb contestaron todos&#8230; Y compraron un mundial de f\u00fatbol.<\/div>\n<div dir=\"auto\"><\/div>\n<div dir=\"auto\">Les sali\u00f3 barato. Le pagaron un mill\u00f3n de d\u00f3lares a ciertos delegados de la Concacaf (Centroam\u00e9rica) Un mill\u00f3n y medio a otros de la Conmebol (Sudam\u00e9rica) Un par de millones por aqu\u00ed y otro m\u00e1s all\u00e1&#8230; Dicen que el crack del f\u00fatbol franc\u00e9s Michel Platini, que se las daba de virgen, casto y puro, cobr\u00f3 7,5 millones de d\u00f3lares. Y el capo di tutti capo, el argentino Julio Grondona (fallecido el 2014) se embols\u00f3 10 palos verdes por dar el s\u00ed a Qatar 2022.<\/div>\n<div dir=\"auto\"><\/div>\n<div dir=\"auto\">De inmediato la realeza catar\u00ed se puso manos a la obra. Ten\u00edan que construir estadios de f\u00fatbol, en un \u00abpa\u00eds\u00bb donde nadie jugaba al f\u00fatbol. El proyecto original era de 12 estadios. Quedaron en 8 uno de ellos desmontable, que van a \u00abdonar\u00bb a alg\u00fan pa\u00eds donde s\u00ed se juegue al f\u00fatbol. Si usted, tiene en su barrio, una canchita rasca y pi\u00f1inienta, escr\u00edbale al Emir de Qatar \u00bfqui\u00e9n sabe? por ah\u00ed, le regalan el estadio desmontable.<\/div>\n<div dir=\"auto\"><\/div>\n<div dir=\"auto\">El asunto fue que para construir los 8 estadios, hoteles, aeropuerto, autopista, centro comerciales, necesitaron mano de obra barata, muy barata&#8230; y eso que est\u00e1n podridos en d\u00f3lares. Y llevaron trabajadores inmigrantes al por mayor. En un sistema de esclavitud llamado \u00abKafala\u00bb y que consiste en darle todo el poder a un administrador (negrero) para que contrate inmigrantes, los explote reteni\u00e9ndole los pasaportes. Haci\u00e9ndolos vivir hacinados y con horarios de trabajo de hasta 18 horas por d\u00eda. Sin derecho a pataleo, y mucho menos a cambiar de empleo.<\/div>\n<div dir=\"auto\"><\/div>\n<div dir=\"auto\">Sin este sistema perverso, construir lo que se construy\u00f3 en Qatar, con temperaturas que var\u00edan de 30\u00b0 a 50\u00b0 a la sombra era imposible. Desde el 2010 muri\u00f3 en las faenas un promedio de 12 obreros por semana. Un total de 6.751 trabajadores inmigrantes murieron para que usted; \u00ab\u00a1Viva el f\u00fatbol!\u00bb<\/div>\n<div dir=\"auto\"><\/div>\n<div dir=\"auto\">Esto, sin contar los obreros de Kenia y Filipinas, donde no se llevan registros migratorios. Las cifras de muertos aportadas por informes de The Guardian, la BBC (Inglaterra) y Amnist\u00eda Internacional son las siguientes: India 2711&#8230; Nepal 1641&#8230; Bangladesh 1018&#8230; Pakist\u00e1n 824&#8230; Sri Lanka 557.<\/div>\n<div dir=\"auto\"><\/div>\n<div dir=\"auto\">Se construyeron 8 estadios espectaculares, pero manchados de sangre. Est\u00e1n tan cerquita el uno del otro, que si usted es bueno pa&#8217; andar en bicicleta los recorre todos, en poco m\u00e1s de un medio d\u00eda.<\/div>\n<div dir=\"auto\">Hace poco, en Ir\u00e1n, una mujer de 22 a\u00f1os, Mahsa Amini muri\u00f3 en manos de la polic\u00eda por usar \u00abmal el velo\u00bb. Esto caus\u00f3 una ola de protesta en Ir\u00e1n y el mundo entero.<\/div>\n<div dir=\"auto\"><\/div>\n<div dir=\"auto\">Como si en Qatar las mujeres se pudieran vestir como se les canta los ovarios. Como si tuvieran derecho a decidir por si mismas. Como si pudieran jugar al f\u00fabol. El lado femenino de la FIFA crece d\u00eda a d\u00eda. Las ligas de f\u00fatbol femenino son cada vez m\u00e1s populares. Pero el mundial 2022 se va hacer en un territorio, donde las mujeres tienen prohibido practicar deporte. Entre otras muchas cosas.<\/div>\n<div dir=\"auto\"><\/div>\n<div dir=\"auto\">En Qatar, sobre la periodista mexicana Paola Schietekat, que trabajaba para el mundial, pesa una condena de siete a\u00f1os de prisi\u00f3n, m\u00e1s cien latigazos, con fecha 19 de febrero 2022. Por haber denunciado a un colega colombiano que la viol\u00f3 en territorio catar\u00ed. El violador era casado, entonces la mujer violada es la culpable. Seg\u00fan \u00abla shaira\u00bb ley isl\u00e1mica que \u00abcontrola\u00bb a las mujeres.<\/div>\n<div dir=\"auto\"><\/div>\n<div dir=\"auto\">Un mes va durar el mundial 2022.<\/div>\n<div dir=\"auto\"><\/div>\n<div dir=\"auto\">30 d\u00edas en que las usinas catar\u00edes estar\u00e1n funcionando a full para mantener el aire acondicionado en los 8 estadios, hoteles, centros tur\u00edsticos y comerciales. Arrojando al aire humo contaminante, equivalente a diez mil autos tirando smog sin filtro por hora. Todo sea por la fiesta del f\u00fatbol&#8230; Porque el deporte es salud \u00bfvio?<\/div>\n<div dir=\"auto\"><\/div>\n<div dir=\"auto\">Pero hay una sombra m\u00e1s siniestra sobre Qatar 2022. La posibilidad latente de atentados terroristas.<\/div>\n<div dir=\"auto\">Los musulmanes, no olvida, ni perdonan&#8230; aunque digan que s\u00ed. La familia real de Qatar a financiado a oscuras facciones terroristas en Siria, Irak, Afganist\u00e1n y Libia. En Libia financiaron a los terroristas que asesinaron al l\u00edder Muamar el Gadafi en octubre de 2011. \u00bfPor qu\u00e9 no van a arruinarle \u00abla fiesta\u00bb a la realeza pro yankee catar\u00ed?<\/div>\n<div dir=\"auto\"><\/div>\n<div dir=\"auto\">De esto nadie habla&#8230; Todos cruzan los dedos, rogando que ning\u00fan musulm\u00e1n suicida se haga el m\u00e1rtir, vol\u00e1ndose en medio de un mont\u00f3n de gente. Como ocurri\u00f3 el 2021 en el Aeropuerto de Kabul.<\/div>\n<div dir=\"auto\"><\/div>\n<div dir=\"auto\"><\/div>\n<div dir=\"auto\"><img decoding=\"async\" class=\"size-medium wp-image-14959 alignleft\" src=\"https:\/\/www.fraczinet.cl\/sitio\/wp-content\/uploads\/2022\/10\/Jon-Kokura-300x300.jpg\" alt=\"\" width=\"300\" height=\"300\" srcset=\"https:\/\/www.fraczinet.cl\/sitio\/wp-content\/uploads\/2022\/10\/Jon-Kokura-300x300.jpg 300w, https:\/\/www.fraczinet.cl\/sitio\/wp-content\/uploads\/2022\/10\/Jon-Kokura-150x150.jpg 150w, https:\/\/www.fraczinet.cl\/sitio\/wp-content\/uploads\/2022\/10\/Jon-Kokura.jpg 459w\" sizes=\"(max-width: 300px) 100vw, 300px\" \/>En Europa, al mundial de Qatar le llaman: \u00abEl mundial de la verg\u00fcenza\u00bb. Hay una movida en ciudades francesas para no poner pantallas gigantes en lugares p\u00fablicos en Par\u00eds, Marsella, Burdeos, Estrasburgo, Lille, etc. Es una forma de protesta por un mundial de f\u00fatbol que se llev\u00f3 la vida y sue\u00f1os de miles de trabajadores inmigrantes, que no le importaron a nadie. Por 8 estadios fastuosos. Que durante 30 d\u00edas estar\u00e1n repletos de hinchas. Y vac\u00edos, por toda la eternidad. Por un capricho de la familia Al Thani, que el 2010 compr\u00f3 un mundial de f\u00fatbol.En un mundo en crisis. Con millones de desplazados por hambre y con hambre. En el v\u00e9rtice de una guerra nuclear.<\/div>\n<div dir=\"auto\"><\/div>\n<div dir=\"auto\">\u00a1Viva el f\u00fatbol!<\/div>\n<\/div>\n","protected":false},"excerpt":{"rendered":"<p>Columna de Opini\u00f3n de Jon Kokura sobre la cruda realidad que llev\u00f3 a Qatar a realizar el Mundial el a\u00f1o 2022. <\/p>\n","protected":false},"author":1,"featured_media":14719,"comment_status":"open","ping_status":"open","sticky":false,"template":"","format":"standard","meta":{"footnotes":""},"categories":[154,323,112],"tags":[],"class_list":["post-14718","post","type-post","status-publish","format-standard","has-post-thumbnail","hentry","category-ddhh","category-jon-kokura","category-opinion"],"yoast_head":"<!-- This site is optimized with the Yoast SEO plugin v25.0 - https:\/\/yoast.com\/wordpress\/plugins\/seo\/ -->\n<title>Qatar 2022, El Mundial Maldito - Nuestro Bio B\u00edo<\/title>\n<meta name=\"description\" content=\"Columna de Opini\u00f3n de Jon Kokura sobre la cruda realidad que llev\u00f3 a Qatar a realizar el Mundial el a\u00f1o 2022.\" \/>\n<meta name=\"robots\" content=\"index, follow, max-snippet:-1, max-image-preview:large, max-video-preview:-1\" \/>\n<link rel=\"canonical\" href=\"https:\/\/www.fraczinet.cl\/sitio\/2022\/10\/10\/qatar-2022-el-mundial-maldito\/\" \/>\n<meta property=\"og:locale\" content=\"es_ES\" \/>\n<meta property=\"og:type\" content=\"article\" \/>\n<meta property=\"og:title\" content=\"Qatar 2022, El Mundial Maldito - Nuestro Bio B\u00edo\" \/>\n<meta property=\"og:description\" content=\"Columna de Opini\u00f3n de Jon Kokura sobre la cruda realidad que llev\u00f3 a Qatar a realizar el Mundial el a\u00f1o 2022.\" \/>\n<meta property=\"og:url\" content=\"https:\/\/www.fraczinet.cl\/sitio\/2022\/10\/10\/qatar-2022-el-mundial-maldito\/\" \/>\n<meta property=\"og:site_name\" content=\"Nuestro Bio B\u00edo\" \/>\n<meta property=\"article:published_time\" content=\"2022-10-10T14:59:42+00:00\" \/>\n<meta property=\"article:modified_time\" content=\"2022-10-29T16:32:58+00:00\" \/>\n<meta property=\"og:image\" content=\"https:\/\/www.fraczinet.cl\/sitio\/wp-content\/uploads\/2022\/10\/Mundial-de-Qatar-2022.jpg\" \/>\n\t<meta property=\"og:image:width\" content=\"686\" \/>\n\t<meta property=\"og:image:height\" content=\"395\" \/>\n\t<meta property=\"og:image:type\" content=\"image\/jpeg\" \/>\n<meta name=\"author\" content=\"admin\" \/>\n<meta name=\"twitter:card\" content=\"summary_large_image\" \/>\n<meta name=\"twitter:creator\" content=\"@nuestrobiobio\" \/>\n<meta name=\"twitter:site\" content=\"@nuestrobiobio\" \/>\n<meta name=\"twitter:label1\" content=\"Escrito por\" \/>\n\t<meta name=\"twitter:data1\" content=\"admin\" \/>\n\t<meta name=\"twitter:label2\" content=\"Tiempo de lectura\" \/>\n\t<meta name=\"twitter:data2\" content=\"6 minutos\" \/>\n<script type=\"application\/ld+json\" class=\"yoast-schema-graph\">{\"@context\":\"https:\/\/schema.org\",\"@graph\":[{\"@type\":\"Article\",\"@id\":\"https:\/\/www.fraczinet.cl\/sitio\/2022\/10\/10\/qatar-2022-el-mundial-maldito\/#article\",\"isPartOf\":{\"@id\":\"https:\/\/www.fraczinet.cl\/sitio\/2022\/10\/10\/qatar-2022-el-mundial-maldito\/\"},\"author\":{\"name\":\"admin\",\"@id\":\"https:\/\/www.fraczinet.cl\/sitio\/#\/schema\/person\/bc30f98e9cb10ae7e119dbe14bc93784\"},\"headline\":\"Qatar 2022, El Mundial Maldito\",\"datePublished\":\"2022-10-10T14:59:42+00:00\",\"dateModified\":\"2022-10-29T16:32:58+00:00\",\"mainEntityOfPage\":{\"@id\":\"https:\/\/www.fraczinet.cl\/sitio\/2022\/10\/10\/qatar-2022-el-mundial-maldito\/\"},\"wordCount\":1153,\"commentCount\":0,\"publisher\":{\"@id\":\"https:\/\/www.fraczinet.cl\/sitio\/#\/schema\/person\/aec8ee4da68df2b9b0eefdad24a0d582\"},\"image\":{\"@id\":\"https:\/\/www.fraczinet.cl\/sitio\/2022\/10\/10\/qatar-2022-el-mundial-maldito\/#primaryimage\"},\"thumbnailUrl\":\"https:\/\/www.fraczinet.cl\/sitio\/wp-content\/uploads\/2022\/10\/Mundial-de-Qatar-2022.jpg\",\"articleSection\":[\"DDHH\",\"Jon Kokura\",\"Opini\u00f3n\"],\"inLanguage\":\"es\",\"potentialAction\":[{\"@type\":\"CommentAction\",\"name\":\"Comment\",\"target\":[\"https:\/\/www.fraczinet.cl\/sitio\/2022\/10\/10\/qatar-2022-el-mundial-maldito\/#respond\"]}]},{\"@type\":\"WebPage\",\"@id\":\"https:\/\/www.fraczinet.cl\/sitio\/2022\/10\/10\/qatar-2022-el-mundial-maldito\/\",\"url\":\"https:\/\/www.fraczinet.cl\/sitio\/2022\/10\/10\/qatar-2022-el-mundial-maldito\/\",\"name\":\"Qatar 2022, El Mundial Maldito - Nuestro Bio B\u00edo\",\"isPartOf\":{\"@id\":\"https:\/\/www.fraczinet.cl\/sitio\/#website\"},\"primaryImageOfPage\":{\"@id\":\"https:\/\/www.fraczinet.cl\/sitio\/2022\/10\/10\/qatar-2022-el-mundial-maldito\/#primaryimage\"},\"image\":{\"@id\":\"https:\/\/www.fraczinet.cl\/sitio\/2022\/10\/10\/qatar-2022-el-mundial-maldito\/#primaryimage\"},\"thumbnailUrl\":\"https:\/\/www.fraczinet.cl\/sitio\/wp-content\/uploads\/2022\/10\/Mundial-de-Qatar-2022.jpg\",\"datePublished\":\"2022-10-10T14:59:42+00:00\",\"dateModified\":\"2022-10-29T16:32:58+00:00\",\"description\":\"Columna de Opini\u00f3n de Jon Kokura sobre la cruda realidad que llev\u00f3 a Qatar a realizar el Mundial el a\u00f1o 2022.\",\"breadcrumb\":{\"@id\":\"https:\/\/www.fraczinet.cl\/sitio\/2022\/10\/10\/qatar-2022-el-mundial-maldito\/#breadcrumb\"},\"inLanguage\":\"es\",\"potentialAction\":[{\"@type\":\"ReadAction\",\"target\":[\"https:\/\/www.fraczinet.cl\/sitio\/2022\/10\/10\/qatar-2022-el-mundial-maldito\/\"]}]},{\"@type\":\"ImageObject\",\"inLanguage\":\"es\",\"@id\":\"https:\/\/www.fraczinet.cl\/sitio\/2022\/10\/10\/qatar-2022-el-mundial-maldito\/#primaryimage\",\"url\":\"https:\/\/www.fraczinet.cl\/sitio\/wp-content\/uploads\/2022\/10\/Mundial-de-Qatar-2022.jpg\",\"contentUrl\":\"https:\/\/www.fraczinet.cl\/sitio\/wp-content\/uploads\/2022\/10\/Mundial-de-Qatar-2022.jpg\",\"width\":686,\"height\":395},{\"@type\":\"BreadcrumbList\",\"@id\":\"https:\/\/www.fraczinet.cl\/sitio\/2022\/10\/10\/qatar-2022-el-mundial-maldito\/#breadcrumb\",\"itemListElement\":[{\"@type\":\"ListItem\",\"position\":1,\"name\":\"Portada\",\"item\":\"https:\/\/www.fraczinet.cl\/sitio\/\"},{\"@type\":\"ListItem\",\"position\":2,\"name\":\"Qatar 2022, El Mundial Maldito\"}]},{\"@type\":\"WebSite\",\"@id\":\"https:\/\/www.fraczinet.cl\/sitio\/#website\",\"url\":\"https:\/\/www.fraczinet.cl\/sitio\/\",\"name\":\"Nuestro Bio B\u00edo\",\"description\":\"Tierra de Encuentros\",\"publisher\":{\"@id\":\"https:\/\/www.fraczinet.cl\/sitio\/#\/schema\/person\/aec8ee4da68df2b9b0eefdad24a0d582\"},\"potentialAction\":[{\"@type\":\"SearchAction\",\"target\":{\"@type\":\"EntryPoint\",\"urlTemplate\":\"https:\/\/www.fraczinet.cl\/sitio\/?s={search_term_string}\"},\"query-input\":{\"@type\":\"PropertyValueSpecification\",\"valueRequired\":true,\"valueName\":\"search_term_string\"}}],\"inLanguage\":\"es\"},{\"@type\":[\"Person\",\"Organization\"],\"@id\":\"https:\/\/www.fraczinet.cl\/sitio\/#\/schema\/person\/aec8ee4da68df2b9b0eefdad24a0d582\",\"name\":\"Luis Fernando Fraczinet\",\"image\":{\"@type\":\"ImageObject\",\"inLanguage\":\"es\",\"@id\":\"https:\/\/www.fraczinet.cl\/sitio\/#\/schema\/person\/image\/\",\"url\":\"https:\/\/www.fraczinet.cl\/sitio\/wp-content\/uploads\/2021\/07\/bannerlogo-1.gif\",\"contentUrl\":\"https:\/\/www.fraczinet.cl\/sitio\/wp-content\/uploads\/2021\/07\/bannerlogo-1.gif\",\"width\":159,\"height\":79,\"caption\":\"Luis Fernando Fraczinet\"},\"logo\":{\"@id\":\"https:\/\/www.fraczinet.cl\/sitio\/#\/schema\/person\/image\/\"},\"sameAs\":[\"https:\/\/www.fraczinet.cl\/sitio\/\"]},{\"@type\":\"Person\",\"@id\":\"https:\/\/www.fraczinet.cl\/sitio\/#\/schema\/person\/bc30f98e9cb10ae7e119dbe14bc93784\",\"name\":\"admin\",\"image\":{\"@type\":\"ImageObject\",\"inLanguage\":\"es\",\"@id\":\"https:\/\/www.fraczinet.cl\/sitio\/#\/schema\/person\/image\/\",\"url\":\"https:\/\/secure.gravatar.com\/avatar\/d5ad3cf7ef3b23a2bb5be73be780c86b2fc8545c3ad6b149f3913ff458c00099?s=96&d=mm&r=g\",\"contentUrl\":\"https:\/\/secure.gravatar.com\/avatar\/d5ad3cf7ef3b23a2bb5be73be780c86b2fc8545c3ad6b149f3913ff458c00099?s=96&d=mm&r=g\",\"caption\":\"admin\"},\"sameAs\":[\"https:\/\/www.fraczinet.cl\/sitio\"]}]}<\/script>\n<!-- \/ Yoast SEO plugin. -->","yoast_head_json":{"title":"Qatar 2022, El Mundial Maldito - Nuestro Bio B\u00edo","description":"Columna de Opini\u00f3n de Jon Kokura sobre la cruda realidad que llev\u00f3 a Qatar a realizar el Mundial el a\u00f1o 2022.","robots":{"index":"index","follow":"follow","max-snippet":"max-snippet:-1","max-image-preview":"max-image-preview:large","max-video-preview":"max-video-preview:-1"},"canonical":"https:\/\/www.fraczinet.cl\/sitio\/2022\/10\/10\/qatar-2022-el-mundial-maldito\/","og_locale":"es_ES","og_type":"article","og_title":"Qatar 2022, El Mundial Maldito - Nuestro Bio B\u00edo","og_description":"Columna de Opini\u00f3n de Jon Kokura sobre la cruda realidad que llev\u00f3 a Qatar a realizar el Mundial el a\u00f1o 2022.","og_url":"https:\/\/www.fraczinet.cl\/sitio\/2022\/10\/10\/qatar-2022-el-mundial-maldito\/","og_site_name":"Nuestro Bio B\u00edo","article_published_time":"2022-10-10T14:59:42+00:00","article_modified_time":"2022-10-29T16:32:58+00:00","og_image":[{"width":686,"height":395,"url":"https:\/\/www.fraczinet.cl\/sitio\/wp-content\/uploads\/2022\/10\/Mundial-de-Qatar-2022.jpg","type":"image\/jpeg"}],"author":"admin","twitter_card":"summary_large_image","twitter_creator":"@nuestrobiobio","twitter_site":"@nuestrobiobio","twitter_misc":{"Escrito por":"admin","Tiempo de lectura":"6 minutos"},"schema":{"@context":"https:\/\/schema.org","@graph":[{"@type":"Article","@id":"https:\/\/www.fraczinet.cl\/sitio\/2022\/10\/10\/qatar-2022-el-mundial-maldito\/#article","isPartOf":{"@id":"https:\/\/www.fraczinet.cl\/sitio\/2022\/10\/10\/qatar-2022-el-mundial-maldito\/"},"author":{"name":"admin","@id":"https:\/\/www.fraczinet.cl\/sitio\/#\/schema\/person\/bc30f98e9cb10ae7e119dbe14bc93784"},"headline":"Qatar 2022, El Mundial Maldito","datePublished":"2022-10-10T14:59:42+00:00","dateModified":"2022-10-29T16:32:58+00:00","mainEntityOfPage":{"@id":"https:\/\/www.fraczinet.cl\/sitio\/2022\/10\/10\/qatar-2022-el-mundial-maldito\/"},"wordCount":1153,"commentCount":0,"publisher":{"@id":"https:\/\/www.fraczinet.cl\/sitio\/#\/schema\/person\/aec8ee4da68df2b9b0eefdad24a0d582"},"image":{"@id":"https:\/\/www.fraczinet.cl\/sitio\/2022\/10\/10\/qatar-2022-el-mundial-maldito\/#primaryimage"},"thumbnailUrl":"https:\/\/www.fraczinet.cl\/sitio\/wp-content\/uploads\/2022\/10\/Mundial-de-Qatar-2022.jpg","articleSection":["DDHH","Jon Kokura","Opini\u00f3n"],"inLanguage":"es","potentialAction":[{"@type":"CommentAction","name":"Comment","target":["https:\/\/www.fraczinet.cl\/sitio\/2022\/10\/10\/qatar-2022-el-mundial-maldito\/#respond"]}]},{"@type":"WebPage","@id":"https:\/\/www.fraczinet.cl\/sitio\/2022\/10\/10\/qatar-2022-el-mundial-maldito\/","url":"https:\/\/www.fraczinet.cl\/sitio\/2022\/10\/10\/qatar-2022-el-mundial-maldito\/","name":"Qatar 2022, El Mundial Maldito - Nuestro Bio B\u00edo","isPartOf":{"@id":"https:\/\/www.fraczinet.cl\/sitio\/#website"},"primaryImageOfPage":{"@id":"https:\/\/www.fraczinet.cl\/sitio\/2022\/10\/10\/qatar-2022-el-mundial-maldito\/#primaryimage"},"image":{"@id":"https:\/\/www.fraczinet.cl\/sitio\/2022\/10\/10\/qatar-2022-el-mundial-maldito\/#primaryimage"},"thumbnailUrl":"https:\/\/www.fraczinet.cl\/sitio\/wp-content\/uploads\/2022\/10\/Mundial-de-Qatar-2022.jpg","datePublished":"2022-10-10T14:59:42+00:00","dateModified":"2022-10-29T16:32:58+00:00","description":"Columna de Opini\u00f3n de Jon Kokura sobre la cruda realidad que llev\u00f3 a Qatar a realizar el Mundial el a\u00f1o 2022.","breadcrumb":{"@id":"https:\/\/www.fraczinet.cl\/sitio\/2022\/10\/10\/qatar-2022-el-mundial-maldito\/#breadcrumb"},"inLanguage":"es","potentialAction":[{"@type":"ReadAction","target":["https:\/\/www.fraczinet.cl\/sitio\/2022\/10\/10\/qatar-2022-el-mundial-maldito\/"]}]},{"@type":"ImageObject","inLanguage":"es","@id":"https:\/\/www.fraczinet.cl\/sitio\/2022\/10\/10\/qatar-2022-el-mundial-maldito\/#primaryimage","url":"https:\/\/www.fraczinet.cl\/sitio\/wp-content\/uploads\/2022\/10\/Mundial-de-Qatar-2022.jpg","contentUrl":"https:\/\/www.fraczinet.cl\/sitio\/wp-content\/uploads\/2022\/10\/Mundial-de-Qatar-2022.jpg","width":686,"height":395},{"@type":"BreadcrumbList","@id":"https:\/\/www.fraczinet.cl\/sitio\/2022\/10\/10\/qatar-2022-el-mundial-maldito\/#breadcrumb","itemListElement":[{"@type":"ListItem","position":1,"name":"Portada","item":"https:\/\/www.fraczinet.cl\/sitio\/"},{"@type":"ListItem","position":2,"name":"Qatar 2022, El Mundial Maldito"}]},{"@type":"WebSite","@id":"https:\/\/www.fraczinet.cl\/sitio\/#website","url":"https:\/\/www.fraczinet.cl\/sitio\/","name":"Nuestro Bio B\u00edo","description":"Tierra de Encuentros","publisher":{"@id":"https:\/\/www.fraczinet.cl\/sitio\/#\/schema\/person\/aec8ee4da68df2b9b0eefdad24a0d582"},"potentialAction":[{"@type":"SearchAction","target":{"@type":"EntryPoint","urlTemplate":"https:\/\/www.fraczinet.cl\/sitio\/?s={search_term_string}"},"query-input":{"@type":"PropertyValueSpecification","valueRequired":true,"valueName":"search_term_string"}}],"inLanguage":"es"},{"@type":["Person","Organization"],"@id":"https:\/\/www.fraczinet.cl\/sitio\/#\/schema\/person\/aec8ee4da68df2b9b0eefdad24a0d582","name":"Luis Fernando Fraczinet","image":{"@type":"ImageObject","inLanguage":"es","@id":"https:\/\/www.fraczinet.cl\/sitio\/#\/schema\/person\/image\/","url":"https:\/\/www.fraczinet.cl\/sitio\/wp-content\/uploads\/2021\/07\/bannerlogo-1.gif","contentUrl":"https:\/\/www.fraczinet.cl\/sitio\/wp-content\/uploads\/2021\/07\/bannerlogo-1.gif","width":159,"height":79,"caption":"Luis Fernando Fraczinet"},"logo":{"@id":"https:\/\/www.fraczinet.cl\/sitio\/#\/schema\/person\/image\/"},"sameAs":["https:\/\/www.fraczinet.cl\/sitio\/"]},{"@type":"Person","@id":"https:\/\/www.fraczinet.cl\/sitio\/#\/schema\/person\/bc30f98e9cb10ae7e119dbe14bc93784","name":"admin","image":{"@type":"ImageObject","inLanguage":"es","@id":"https:\/\/www.fraczinet.cl\/sitio\/#\/schema\/person\/image\/","url":"https:\/\/secure.gravatar.com\/avatar\/d5ad3cf7ef3b23a2bb5be73be780c86b2fc8545c3ad6b149f3913ff458c00099?s=96&d=mm&r=g","contentUrl":"https:\/\/secure.gravatar.com\/avatar\/d5ad3cf7ef3b23a2bb5be73be780c86b2fc8545c3ad6b149f3913ff458c00099?s=96&d=mm&r=g","caption":"admin"},"sameAs":["https:\/\/www.fraczinet.cl\/sitio"]}]}},"_links":{"self":[{"href":"https:\/\/www.fraczinet.cl\/sitio\/wp-json\/wp\/v2\/posts\/14718","targetHints":{"allow":["GET"]}}],"collection":[{"href":"https:\/\/www.fraczinet.cl\/sitio\/wp-json\/wp\/v2\/posts"}],"about":[{"href":"https:\/\/www.fraczinet.cl\/sitio\/wp-json\/wp\/v2\/types\/post"}],"author":[{"embeddable":true,"href":"https:\/\/www.fraczinet.cl\/sitio\/wp-json\/wp\/v2\/users\/1"}],"replies":[{"embeddable":true,"href":"https:\/\/www.fraczinet.cl\/sitio\/wp-json\/wp\/v2\/comments?post=14718"}],"version-history":[{"count":4,"href":"https:\/\/www.fraczinet.cl\/sitio\/wp-json\/wp\/v2\/posts\/14718\/revisions"}],"predecessor-version":[{"id":14962,"href":"https:\/\/www.fraczinet.cl\/sitio\/wp-json\/wp\/v2\/posts\/14718\/revisions\/14962"}],"wp:featuredmedia":[{"embeddable":true,"href":"https:\/\/www.fraczinet.cl\/sitio\/wp-json\/wp\/v2\/media\/14719"}],"wp:attachment":[{"href":"https:\/\/www.fraczinet.cl\/sitio\/wp-json\/wp\/v2\/media?parent=14718"}],"wp:term":[{"taxonomy":"category","embeddable":true,"href":"https:\/\/www.fraczinet.cl\/sitio\/wp-json\/wp\/v2\/categories?post=14718"},{"taxonomy":"post_tag","embeddable":true,"href":"https:\/\/www.fraczinet.cl\/sitio\/wp-json\/wp\/v2\/tags?post=14718"}],"curies":[{"name":"wp","href":"https:\/\/api.w.org\/{rel}","templated":true}]}}