{"id":14949,"date":"2022-10-27T22:02:28","date_gmt":"2022-10-27T22:02:28","guid":{"rendered":"https:\/\/www.fraczinet.cl\/sitio\/?p=14949"},"modified":"2022-10-27T22:05:34","modified_gmt":"2022-10-27T22:05:34","slug":"madrigal-de-verano-por-federico-garcia-lorca","status":"publish","type":"post","link":"https:\/\/www.fraczinet.cl\/sitio\/2022\/10\/27\/madrigal-de-verano-por-federico-garcia-lorca\/","title":{"rendered":"Madrigal de Verano&#8230; Por Federico Garc\u00eda Lorca"},"content":{"rendered":"<h1><img fetchpriority=\"high\" decoding=\"async\" class=\"size-medium wp-image-14950 alignleft\" src=\"https:\/\/www.fraczinet.cl\/sitio\/wp-content\/uploads\/2022\/10\/IMG_20221027_083504_015-300x300.jpg\" alt=\"\" width=\"300\" height=\"300\" srcset=\"https:\/\/www.fraczinet.cl\/sitio\/wp-content\/uploads\/2022\/10\/IMG_20221027_083504_015-300x300.jpg 300w, https:\/\/www.fraczinet.cl\/sitio\/wp-content\/uploads\/2022\/10\/IMG_20221027_083504_015-150x150.jpg 150w, https:\/\/www.fraczinet.cl\/sitio\/wp-content\/uploads\/2022\/10\/IMG_20221027_083504_015.jpg 320w\" sizes=\"(max-width: 300px) 100vw, 300px\" \/>Madrigal de Verano<\/h1>\n<p>Federico Garc\u00eda Lorca<\/p>\n<p>Agosto de 1920 (Vega de Zujaira)<\/p>\n<p>\u00abLibro de Poemas\u00bb publicado en Madrid en el a\u00f1o de 1921.<\/p>\n<p>&nbsp;<\/p>\n<p>Junta tu roja boca con la m\u00eda,<\/p>\n<p>\u00a1oh Estrella la gitana!<\/p>\n<p>Bajo el oro solar del mediod\u00eda<\/p>\n<p>morder\u00e1 la manzana.<\/p>\n<p>&nbsp;<\/p>\n<p>En el verde olivar de la colina<\/p>\n<p>hay una torre mora,<\/p>\n<p>del color de tu carne campesina<\/p>\n<p>que sabe a miel y aurora.<\/p>\n<p>&nbsp;<\/p>\n<p>Me ofreces en tu cuerpo requemado<\/p>\n<p>el divino alimento<\/p>\n<p>que da flores al cauce sosegado<\/p>\n<p>y luceros al viento.<\/p>\n<p>&nbsp;<\/p>\n<p>\u00bfC\u00f3mo a m\u00ed te entregaste, luz morena?<\/p>\n<p>\u00bfPor qu\u00e9 me diste llenos<\/p>\n<p>de amor tu sexo de azucena<\/p>\n<p>y el rumor de tus senos?<\/p>\n<p>&nbsp;<\/p>\n<p>\u00bfNo fue por mi figura entristecida?<\/p>\n<p>(\u00a1Oh mis torpes andares!)<\/p>\n<p>\u00bfTe dio l\u00e1stima acaso de mi vida,<\/p>\n<p>marchita de cantares?<\/p>\n<p>&nbsp;<\/p>\n<p>\u00bfC\u00f3mo no has preferido a mis lamentos<\/p>\n<p>los muslos sudorosos<\/p>\n<p>de un San Crist\u00f3bal campesino, lentos<\/p>\n<p>en el amor y hermosos?<\/p>\n<p>&nbsp;<\/p>\n<p>Danaide del placer eres conmigo.<\/p>\n<p>Femenino Silvano.<\/p>\n<p>Huelen tus besos como huele el trigo<\/p>\n<p>reseco del verano.<\/p>\n<p>&nbsp;<\/p>\n<p>Ent\u00farbiame los ojos con tu canto.<\/p>\n<p>Deja tu cabellera<\/p>\n<p>extendida y solemne como un manto<\/p>\n<p>de sombra en la pradera.<\/p>\n<p>&nbsp;<\/p>\n<p>P\u00edntame con tu boca ensangrentada<\/p>\n<p>un cielo del amor,<\/p>\n<p>en un fondo de carne la morada<\/p>\n<p>estrella de dolor.<\/p>\n<p>&nbsp;<\/p>\n<p>Mi pegaso andaluz est\u00e1 cautivo<\/p>\n<p>de tus ojos abiertos;<\/p>\n<p>volar\u00e1 desolado y pensativo<\/p>\n<p>cuando los vea muertos.<\/p>\n<p>&nbsp;<\/p>\n<p>Y aunque no me quisieras te querr\u00eda<\/p>\n<p>por tu mirar sombr\u00edo,<\/p>\n<p>como quiere la alondra al nuevo d\u00eda,<\/p>\n<p>s\u00f3lo por el roc\u00edo.<\/p>\n<p>&nbsp;<\/p>\n<p>&nbsp;<\/p>\n<p>Junta tu roja boca con la m\u00eda,<\/p>\n<p>\u00a1oh Estrella la gitana!<\/p>\n<p>D\u00e9jame bajo el claro mediod\u00eda<\/p>\n<p>consumir la manzana.<\/p>\n","protected":false},"excerpt":{"rendered":"<p>Madrigal de Verano de Federico Garc\u00eda Lorca es uno, entre otros, de los m\u00e1s fuertes poemas de amor escritos por el Poeta. \u00abLibro de Poemas\u00bb publicado en Madrid en el a\u00f1o de 1921.<\/p>\n","protected":false},"author":1,"featured_media":14950,"comment_status":"open","ping_status":"open","sticky":false,"template":"","format":"standard","meta":{"footnotes":""},"categories":[384,67],"tags":[],"class_list":["post-14949","post","type-post","status-publish","format-standard","has-post-thumbnail","hentry","category-federico-garcia-lorca","category-poesia"],"yoast_head":"<!-- This site is optimized with the Yoast SEO plugin v25.0 - https:\/\/yoast.com\/wordpress\/plugins\/seo\/ -->\n<title>Madrigal de Verano... Por Federico Garc\u00eda Lorca - Nuestro Bio B\u00edo<\/title>\n<meta name=\"description\" content=\"Madrigal de Verano de Federico Garc\u00eda Lorca es uno, entre otros, de los m\u00e1s fuertes poemas de amor escritos por el Poeta. &quot;Libro de Poemas&quot; publicado en Madrid en el a\u00f1o de 1921.\" \/>\n<meta name=\"robots\" content=\"index, follow, max-snippet:-1, max-image-preview:large, max-video-preview:-1\" \/>\n<link rel=\"canonical\" href=\"https:\/\/www.fraczinet.cl\/sitio\/2022\/10\/27\/madrigal-de-verano-por-federico-garcia-lorca\/\" \/>\n<meta property=\"og:locale\" content=\"es_ES\" \/>\n<meta property=\"og:type\" content=\"article\" \/>\n<meta property=\"og:title\" content=\"Madrigal de Verano... Por Federico Garc\u00eda Lorca - Nuestro Bio B\u00edo\" \/>\n<meta property=\"og:description\" content=\"Madrigal de Verano de Federico Garc\u00eda Lorca es uno, entre otros, de los m\u00e1s fuertes poemas de amor escritos por el Poeta. &quot;Libro de Poemas&quot; publicado en Madrid en el a\u00f1o de 1921.\" \/>\n<meta property=\"og:url\" content=\"https:\/\/www.fraczinet.cl\/sitio\/2022\/10\/27\/madrigal-de-verano-por-federico-garcia-lorca\/\" \/>\n<meta property=\"og:site_name\" content=\"Nuestro Bio B\u00edo\" \/>\n<meta property=\"article:published_time\" content=\"2022-10-27T22:02:28+00:00\" \/>\n<meta property=\"article:modified_time\" content=\"2022-10-27T22:05:34+00:00\" \/>\n<meta property=\"og:image\" content=\"https:\/\/www.fraczinet.cl\/sitio\/wp-content\/uploads\/2022\/10\/IMG_20221027_083504_015.jpg\" \/>\n\t<meta property=\"og:image:width\" content=\"320\" \/>\n\t<meta property=\"og:image:height\" content=\"320\" \/>\n\t<meta property=\"og:image:type\" content=\"image\/jpeg\" \/>\n<meta name=\"author\" content=\"admin\" \/>\n<meta name=\"twitter:card\" content=\"summary_large_image\" \/>\n<meta name=\"twitter:creator\" content=\"@nuestrobiobio\" \/>\n<meta name=\"twitter:site\" content=\"@nuestrobiobio\" \/>\n<meta name=\"twitter:label1\" content=\"Escrito por\" \/>\n\t<meta name=\"twitter:data1\" content=\"admin\" \/>\n\t<meta name=\"twitter:label2\" content=\"Tiempo de lectura\" \/>\n\t<meta name=\"twitter:data2\" content=\"2 minutos\" \/>\n<script type=\"application\/ld+json\" class=\"yoast-schema-graph\">{\"@context\":\"https:\/\/schema.org\",\"@graph\":[{\"@type\":\"Article\",\"@id\":\"https:\/\/www.fraczinet.cl\/sitio\/2022\/10\/27\/madrigal-de-verano-por-federico-garcia-lorca\/#article\",\"isPartOf\":{\"@id\":\"https:\/\/www.fraczinet.cl\/sitio\/2022\/10\/27\/madrigal-de-verano-por-federico-garcia-lorca\/\"},\"author\":{\"name\":\"admin\",\"@id\":\"https:\/\/www.fraczinet.cl\/sitio\/#\/schema\/person\/bc30f98e9cb10ae7e119dbe14bc93784\"},\"headline\":\"Madrigal de Verano&#8230; Por Federico Garc\u00eda Lorca\",\"datePublished\":\"2022-10-27T22:02:28+00:00\",\"dateModified\":\"2022-10-27T22:05:34+00:00\",\"mainEntityOfPage\":{\"@id\":\"https:\/\/www.fraczinet.cl\/sitio\/2022\/10\/27\/madrigal-de-verano-por-federico-garcia-lorca\/\"},\"wordCount\":301,\"commentCount\":0,\"publisher\":{\"@id\":\"https:\/\/www.fraczinet.cl\/sitio\/#\/schema\/person\/aec8ee4da68df2b9b0eefdad24a0d582\"},\"image\":{\"@id\":\"https:\/\/www.fraczinet.cl\/sitio\/2022\/10\/27\/madrigal-de-verano-por-federico-garcia-lorca\/#primaryimage\"},\"thumbnailUrl\":\"https:\/\/www.fraczinet.cl\/sitio\/wp-content\/uploads\/2022\/10\/IMG_20221027_083504_015.jpg\",\"articleSection\":[\"Federico Garc\u00eda Lorca\",\"Poes\u00eda\"],\"inLanguage\":\"es\",\"potentialAction\":[{\"@type\":\"CommentAction\",\"name\":\"Comment\",\"target\":[\"https:\/\/www.fraczinet.cl\/sitio\/2022\/10\/27\/madrigal-de-verano-por-federico-garcia-lorca\/#respond\"]}]},{\"@type\":\"WebPage\",\"@id\":\"https:\/\/www.fraczinet.cl\/sitio\/2022\/10\/27\/madrigal-de-verano-por-federico-garcia-lorca\/\",\"url\":\"https:\/\/www.fraczinet.cl\/sitio\/2022\/10\/27\/madrigal-de-verano-por-federico-garcia-lorca\/\",\"name\":\"Madrigal de Verano... Por Federico Garc\u00eda Lorca - Nuestro Bio B\u00edo\",\"isPartOf\":{\"@id\":\"https:\/\/www.fraczinet.cl\/sitio\/#website\"},\"primaryImageOfPage\":{\"@id\":\"https:\/\/www.fraczinet.cl\/sitio\/2022\/10\/27\/madrigal-de-verano-por-federico-garcia-lorca\/#primaryimage\"},\"image\":{\"@id\":\"https:\/\/www.fraczinet.cl\/sitio\/2022\/10\/27\/madrigal-de-verano-por-federico-garcia-lorca\/#primaryimage\"},\"thumbnailUrl\":\"https:\/\/www.fraczinet.cl\/sitio\/wp-content\/uploads\/2022\/10\/IMG_20221027_083504_015.jpg\",\"datePublished\":\"2022-10-27T22:02:28+00:00\",\"dateModified\":\"2022-10-27T22:05:34+00:00\",\"description\":\"Madrigal de Verano de Federico Garc\u00eda Lorca es uno, entre otros, de los m\u00e1s fuertes poemas de amor escritos por el Poeta. \\\"Libro de Poemas\\\" publicado en Madrid en el a\u00f1o de 1921.\",\"breadcrumb\":{\"@id\":\"https:\/\/www.fraczinet.cl\/sitio\/2022\/10\/27\/madrigal-de-verano-por-federico-garcia-lorca\/#breadcrumb\"},\"inLanguage\":\"es\",\"potentialAction\":[{\"@type\":\"ReadAction\",\"target\":[\"https:\/\/www.fraczinet.cl\/sitio\/2022\/10\/27\/madrigal-de-verano-por-federico-garcia-lorca\/\"]}]},{\"@type\":\"ImageObject\",\"inLanguage\":\"es\",\"@id\":\"https:\/\/www.fraczinet.cl\/sitio\/2022\/10\/27\/madrigal-de-verano-por-federico-garcia-lorca\/#primaryimage\",\"url\":\"https:\/\/www.fraczinet.cl\/sitio\/wp-content\/uploads\/2022\/10\/IMG_20221027_083504_015.jpg\",\"contentUrl\":\"https:\/\/www.fraczinet.cl\/sitio\/wp-content\/uploads\/2022\/10\/IMG_20221027_083504_015.jpg\",\"width\":320,\"height\":320},{\"@type\":\"BreadcrumbList\",\"@id\":\"https:\/\/www.fraczinet.cl\/sitio\/2022\/10\/27\/madrigal-de-verano-por-federico-garcia-lorca\/#breadcrumb\",\"itemListElement\":[{\"@type\":\"ListItem\",\"position\":1,\"name\":\"Portada\",\"item\":\"https:\/\/www.fraczinet.cl\/sitio\/\"},{\"@type\":\"ListItem\",\"position\":2,\"name\":\"Madrigal de Verano&#8230; Por Federico Garc\u00eda Lorca\"}]},{\"@type\":\"WebSite\",\"@id\":\"https:\/\/www.fraczinet.cl\/sitio\/#website\",\"url\":\"https:\/\/www.fraczinet.cl\/sitio\/\",\"name\":\"Nuestro Bio B\u00edo\",\"description\":\"Tierra de Encuentros\",\"publisher\":{\"@id\":\"https:\/\/www.fraczinet.cl\/sitio\/#\/schema\/person\/aec8ee4da68df2b9b0eefdad24a0d582\"},\"potentialAction\":[{\"@type\":\"SearchAction\",\"target\":{\"@type\":\"EntryPoint\",\"urlTemplate\":\"https:\/\/www.fraczinet.cl\/sitio\/?s={search_term_string}\"},\"query-input\":{\"@type\":\"PropertyValueSpecification\",\"valueRequired\":true,\"valueName\":\"search_term_string\"}}],\"inLanguage\":\"es\"},{\"@type\":[\"Person\",\"Organization\"],\"@id\":\"https:\/\/www.fraczinet.cl\/sitio\/#\/schema\/person\/aec8ee4da68df2b9b0eefdad24a0d582\",\"name\":\"Luis Fernando Fraczinet\",\"image\":{\"@type\":\"ImageObject\",\"inLanguage\":\"es\",\"@id\":\"https:\/\/www.fraczinet.cl\/sitio\/#\/schema\/person\/image\/\",\"url\":\"https:\/\/www.fraczinet.cl\/sitio\/wp-content\/uploads\/2021\/07\/bannerlogo-1.gif\",\"contentUrl\":\"https:\/\/www.fraczinet.cl\/sitio\/wp-content\/uploads\/2021\/07\/bannerlogo-1.gif\",\"width\":159,\"height\":79,\"caption\":\"Luis Fernando Fraczinet\"},\"logo\":{\"@id\":\"https:\/\/www.fraczinet.cl\/sitio\/#\/schema\/person\/image\/\"},\"sameAs\":[\"https:\/\/www.fraczinet.cl\/sitio\/\"]},{\"@type\":\"Person\",\"@id\":\"https:\/\/www.fraczinet.cl\/sitio\/#\/schema\/person\/bc30f98e9cb10ae7e119dbe14bc93784\",\"name\":\"admin\",\"image\":{\"@type\":\"ImageObject\",\"inLanguage\":\"es\",\"@id\":\"https:\/\/www.fraczinet.cl\/sitio\/#\/schema\/person\/image\/\",\"url\":\"https:\/\/secure.gravatar.com\/avatar\/d5ad3cf7ef3b23a2bb5be73be780c86b2fc8545c3ad6b149f3913ff458c00099?s=96&d=mm&r=g\",\"contentUrl\":\"https:\/\/secure.gravatar.com\/avatar\/d5ad3cf7ef3b23a2bb5be73be780c86b2fc8545c3ad6b149f3913ff458c00099?s=96&d=mm&r=g\",\"caption\":\"admin\"},\"sameAs\":[\"https:\/\/www.fraczinet.cl\/sitio\"]}]}<\/script>\n<!-- \/ Yoast SEO plugin. -->","yoast_head_json":{"title":"Madrigal de Verano... Por Federico Garc\u00eda Lorca - Nuestro Bio B\u00edo","description":"Madrigal de Verano de Federico Garc\u00eda Lorca es uno, entre otros, de los m\u00e1s fuertes poemas de amor escritos por el Poeta. \"Libro de Poemas\" publicado en Madrid en el a\u00f1o de 1921.","robots":{"index":"index","follow":"follow","max-snippet":"max-snippet:-1","max-image-preview":"max-image-preview:large","max-video-preview":"max-video-preview:-1"},"canonical":"https:\/\/www.fraczinet.cl\/sitio\/2022\/10\/27\/madrigal-de-verano-por-federico-garcia-lorca\/","og_locale":"es_ES","og_type":"article","og_title":"Madrigal de Verano... Por Federico Garc\u00eda Lorca - Nuestro Bio B\u00edo","og_description":"Madrigal de Verano de Federico Garc\u00eda Lorca es uno, entre otros, de los m\u00e1s fuertes poemas de amor escritos por el Poeta. \"Libro de Poemas\" publicado en Madrid en el a\u00f1o de 1921.","og_url":"https:\/\/www.fraczinet.cl\/sitio\/2022\/10\/27\/madrigal-de-verano-por-federico-garcia-lorca\/","og_site_name":"Nuestro Bio B\u00edo","article_published_time":"2022-10-27T22:02:28+00:00","article_modified_time":"2022-10-27T22:05:34+00:00","og_image":[{"width":320,"height":320,"url":"https:\/\/www.fraczinet.cl\/sitio\/wp-content\/uploads\/2022\/10\/IMG_20221027_083504_015.jpg","type":"image\/jpeg"}],"author":"admin","twitter_card":"summary_large_image","twitter_creator":"@nuestrobiobio","twitter_site":"@nuestrobiobio","twitter_misc":{"Escrito por":"admin","Tiempo de lectura":"2 minutos"},"schema":{"@context":"https:\/\/schema.org","@graph":[{"@type":"Article","@id":"https:\/\/www.fraczinet.cl\/sitio\/2022\/10\/27\/madrigal-de-verano-por-federico-garcia-lorca\/#article","isPartOf":{"@id":"https:\/\/www.fraczinet.cl\/sitio\/2022\/10\/27\/madrigal-de-verano-por-federico-garcia-lorca\/"},"author":{"name":"admin","@id":"https:\/\/www.fraczinet.cl\/sitio\/#\/schema\/person\/bc30f98e9cb10ae7e119dbe14bc93784"},"headline":"Madrigal de Verano&#8230; Por Federico Garc\u00eda Lorca","datePublished":"2022-10-27T22:02:28+00:00","dateModified":"2022-10-27T22:05:34+00:00","mainEntityOfPage":{"@id":"https:\/\/www.fraczinet.cl\/sitio\/2022\/10\/27\/madrigal-de-verano-por-federico-garcia-lorca\/"},"wordCount":301,"commentCount":0,"publisher":{"@id":"https:\/\/www.fraczinet.cl\/sitio\/#\/schema\/person\/aec8ee4da68df2b9b0eefdad24a0d582"},"image":{"@id":"https:\/\/www.fraczinet.cl\/sitio\/2022\/10\/27\/madrigal-de-verano-por-federico-garcia-lorca\/#primaryimage"},"thumbnailUrl":"https:\/\/www.fraczinet.cl\/sitio\/wp-content\/uploads\/2022\/10\/IMG_20221027_083504_015.jpg","articleSection":["Federico Garc\u00eda Lorca","Poes\u00eda"],"inLanguage":"es","potentialAction":[{"@type":"CommentAction","name":"Comment","target":["https:\/\/www.fraczinet.cl\/sitio\/2022\/10\/27\/madrigal-de-verano-por-federico-garcia-lorca\/#respond"]}]},{"@type":"WebPage","@id":"https:\/\/www.fraczinet.cl\/sitio\/2022\/10\/27\/madrigal-de-verano-por-federico-garcia-lorca\/","url":"https:\/\/www.fraczinet.cl\/sitio\/2022\/10\/27\/madrigal-de-verano-por-federico-garcia-lorca\/","name":"Madrigal de Verano... Por Federico Garc\u00eda Lorca - Nuestro Bio B\u00edo","isPartOf":{"@id":"https:\/\/www.fraczinet.cl\/sitio\/#website"},"primaryImageOfPage":{"@id":"https:\/\/www.fraczinet.cl\/sitio\/2022\/10\/27\/madrigal-de-verano-por-federico-garcia-lorca\/#primaryimage"},"image":{"@id":"https:\/\/www.fraczinet.cl\/sitio\/2022\/10\/27\/madrigal-de-verano-por-federico-garcia-lorca\/#primaryimage"},"thumbnailUrl":"https:\/\/www.fraczinet.cl\/sitio\/wp-content\/uploads\/2022\/10\/IMG_20221027_083504_015.jpg","datePublished":"2022-10-27T22:02:28+00:00","dateModified":"2022-10-27T22:05:34+00:00","description":"Madrigal de Verano de Federico Garc\u00eda Lorca es uno, entre otros, de los m\u00e1s fuertes poemas de amor escritos por el Poeta. \"Libro de Poemas\" publicado en Madrid en el a\u00f1o de 1921.","breadcrumb":{"@id":"https:\/\/www.fraczinet.cl\/sitio\/2022\/10\/27\/madrigal-de-verano-por-federico-garcia-lorca\/#breadcrumb"},"inLanguage":"es","potentialAction":[{"@type":"ReadAction","target":["https:\/\/www.fraczinet.cl\/sitio\/2022\/10\/27\/madrigal-de-verano-por-federico-garcia-lorca\/"]}]},{"@type":"ImageObject","inLanguage":"es","@id":"https:\/\/www.fraczinet.cl\/sitio\/2022\/10\/27\/madrigal-de-verano-por-federico-garcia-lorca\/#primaryimage","url":"https:\/\/www.fraczinet.cl\/sitio\/wp-content\/uploads\/2022\/10\/IMG_20221027_083504_015.jpg","contentUrl":"https:\/\/www.fraczinet.cl\/sitio\/wp-content\/uploads\/2022\/10\/IMG_20221027_083504_015.jpg","width":320,"height":320},{"@type":"BreadcrumbList","@id":"https:\/\/www.fraczinet.cl\/sitio\/2022\/10\/27\/madrigal-de-verano-por-federico-garcia-lorca\/#breadcrumb","itemListElement":[{"@type":"ListItem","position":1,"name":"Portada","item":"https:\/\/www.fraczinet.cl\/sitio\/"},{"@type":"ListItem","position":2,"name":"Madrigal de Verano&#8230; Por Federico Garc\u00eda Lorca"}]},{"@type":"WebSite","@id":"https:\/\/www.fraczinet.cl\/sitio\/#website","url":"https:\/\/www.fraczinet.cl\/sitio\/","name":"Nuestro Bio B\u00edo","description":"Tierra de Encuentros","publisher":{"@id":"https:\/\/www.fraczinet.cl\/sitio\/#\/schema\/person\/aec8ee4da68df2b9b0eefdad24a0d582"},"potentialAction":[{"@type":"SearchAction","target":{"@type":"EntryPoint","urlTemplate":"https:\/\/www.fraczinet.cl\/sitio\/?s={search_term_string}"},"query-input":{"@type":"PropertyValueSpecification","valueRequired":true,"valueName":"search_term_string"}}],"inLanguage":"es"},{"@type":["Person","Organization"],"@id":"https:\/\/www.fraczinet.cl\/sitio\/#\/schema\/person\/aec8ee4da68df2b9b0eefdad24a0d582","name":"Luis Fernando Fraczinet","image":{"@type":"ImageObject","inLanguage":"es","@id":"https:\/\/www.fraczinet.cl\/sitio\/#\/schema\/person\/image\/","url":"https:\/\/www.fraczinet.cl\/sitio\/wp-content\/uploads\/2021\/07\/bannerlogo-1.gif","contentUrl":"https:\/\/www.fraczinet.cl\/sitio\/wp-content\/uploads\/2021\/07\/bannerlogo-1.gif","width":159,"height":79,"caption":"Luis Fernando Fraczinet"},"logo":{"@id":"https:\/\/www.fraczinet.cl\/sitio\/#\/schema\/person\/image\/"},"sameAs":["https:\/\/www.fraczinet.cl\/sitio\/"]},{"@type":"Person","@id":"https:\/\/www.fraczinet.cl\/sitio\/#\/schema\/person\/bc30f98e9cb10ae7e119dbe14bc93784","name":"admin","image":{"@type":"ImageObject","inLanguage":"es","@id":"https:\/\/www.fraczinet.cl\/sitio\/#\/schema\/person\/image\/","url":"https:\/\/secure.gravatar.com\/avatar\/d5ad3cf7ef3b23a2bb5be73be780c86b2fc8545c3ad6b149f3913ff458c00099?s=96&d=mm&r=g","contentUrl":"https:\/\/secure.gravatar.com\/avatar\/d5ad3cf7ef3b23a2bb5be73be780c86b2fc8545c3ad6b149f3913ff458c00099?s=96&d=mm&r=g","caption":"admin"},"sameAs":["https:\/\/www.fraczinet.cl\/sitio"]}]}},"_links":{"self":[{"href":"https:\/\/www.fraczinet.cl\/sitio\/wp-json\/wp\/v2\/posts\/14949","targetHints":{"allow":["GET"]}}],"collection":[{"href":"https:\/\/www.fraczinet.cl\/sitio\/wp-json\/wp\/v2\/posts"}],"about":[{"href":"https:\/\/www.fraczinet.cl\/sitio\/wp-json\/wp\/v2\/types\/post"}],"author":[{"embeddable":true,"href":"https:\/\/www.fraczinet.cl\/sitio\/wp-json\/wp\/v2\/users\/1"}],"replies":[{"embeddable":true,"href":"https:\/\/www.fraczinet.cl\/sitio\/wp-json\/wp\/v2\/comments?post=14949"}],"version-history":[{"count":3,"href":"https:\/\/www.fraczinet.cl\/sitio\/wp-json\/wp\/v2\/posts\/14949\/revisions"}],"predecessor-version":[{"id":14954,"href":"https:\/\/www.fraczinet.cl\/sitio\/wp-json\/wp\/v2\/posts\/14949\/revisions\/14954"}],"wp:featuredmedia":[{"embeddable":true,"href":"https:\/\/www.fraczinet.cl\/sitio\/wp-json\/wp\/v2\/media\/14950"}],"wp:attachment":[{"href":"https:\/\/www.fraczinet.cl\/sitio\/wp-json\/wp\/v2\/media?parent=14949"}],"wp:term":[{"taxonomy":"category","embeddable":true,"href":"https:\/\/www.fraczinet.cl\/sitio\/wp-json\/wp\/v2\/categories?post=14949"},{"taxonomy":"post_tag","embeddable":true,"href":"https:\/\/www.fraczinet.cl\/sitio\/wp-json\/wp\/v2\/tags?post=14949"}],"curies":[{"name":"wp","href":"https:\/\/api.w.org\/{rel}","templated":true}]}}