{"id":15076,"date":"2022-11-01T14:55:51","date_gmt":"2022-11-01T14:55:51","guid":{"rendered":"https:\/\/www.fraczinet.cl\/sitio\/?p=15076"},"modified":"2024-09-26T00:52:46","modified_gmt":"2024-09-26T00:52:46","slug":"venta-del-libro-de-ser-humano-a-ser-humano","status":"publish","type":"post","link":"https:\/\/www.fraczinet.cl\/sitio\/2022\/11\/01\/venta-del-libro-de-ser-humano-a-ser-humano\/","title":{"rendered":"Venta del Libro De Ser Humano a Ser Humano &#8211; Segunda Edici\u00f3n"},"content":{"rendered":"<p><img fetchpriority=\"high\" decoding=\"async\" class=\"size-medium wp-image-15071 alignleft\" src=\"https:\/\/www.fraczinet.cl\/sitio\/wp-content\/uploads\/2022\/11\/Portada-De-Ser-Humano-2-Poemas-188x300.jpg\" alt=\"\" width=\"188\" height=\"300\" srcset=\"https:\/\/www.fraczinet.cl\/sitio\/wp-content\/uploads\/2022\/11\/Portada-De-Ser-Humano-2-Poemas-188x300.jpg 188w, https:\/\/www.fraczinet.cl\/sitio\/wp-content\/uploads\/2022\/11\/Portada-De-Ser-Humano-2-Poemas-640x1024.jpg 640w, https:\/\/www.fraczinet.cl\/sitio\/wp-content\/uploads\/2022\/11\/Portada-De-Ser-Humano-2-Poemas-768x1228.jpg 768w, https:\/\/www.fraczinet.cl\/sitio\/wp-content\/uploads\/2022\/11\/Portada-De-Ser-Humano-2-Poemas-960x1536.jpg 960w, https:\/\/www.fraczinet.cl\/sitio\/wp-content\/uploads\/2022\/11\/Portada-De-Ser-Humano-2-Poemas.jpg 1051w\" sizes=\"(max-width: 188px) 100vw, 188px\" \/>Ya est\u00e1 a la venta la segunda edici\u00f3n del libro de poemas De Ser Humano a Ser Humano (poemas) del poeta Luis Fernando Fraczinet Ch\u00e1vez, editado e impreso por Editorial Askasis.<\/p>\n<p>Consta de una selecci\u00f3n de Sonetos y Prosas, en 40 p\u00e1ginas, donde se plasman los momentos m\u00e1s \u00edntimos de un poeta que estructura en las palabras los sentimientos m\u00e1s puros que arrancan de las manos. Tal como en la primera edici\u00f3n, el pr\u00f3logo es de la Poetisa chillaneja Alicia Pereda Saavedra quien nos dej\u00f3 un camino lleno de sonrisas, a quien se le recuerda con mucho cari\u00f1o.<\/p>\n<p>Esta segunda edici\u00f3n busca revitalizar el camino de quien disfruta de la escritura, cumpliendo etapas y dise\u00f1ando nuevas ideas hasta que la mente deje de hacerle caso al alma.<\/p>\n<h3>Para comprar el libro<\/h3>\n<p>El libro lo puede comprar contact\u00e1ndose con el autor, se puede entregar por mano o enviando v\u00eda Chilexpress o Correos de Chile. El valor es de $ 10.000.- (<strong>Env\u00edo Incluido<\/strong>). <a href=\"https:\/\/mpago.la\/1LQYhz7\">Pago Mediante Mercado Pago<\/a>.<\/p>\n<p style=\"text-align: center;\"><a href=\"https:\/\/mpago.la\/1LQYhz7\"><img decoding=\"async\" src=\"https:\/\/sp-ao.shortpixel.ai\/client\/to_auto,q_glossy,ret_img,w_300\/https:\/\/www.fraczinet.cl\/sitio\/wp-content\/uploads\/2022\/11\/medios-pagos-300x93.png\" alt=\"Realice el pago aqu\u00ed\" \/><\/a><\/p>\n<p>&nbsp;<\/p>\n<p>&nbsp;<\/p>\n<p>Luis Fraczinet<\/p>\n<p>&nbsp;<\/p>\n<p>&nbsp;<\/p>\n<p>&nbsp;<\/p>\n","protected":false},"excerpt":{"rendered":"<p>Consta de una selecci\u00f3n de Sonetos y Prosas del Poeta Luis Fraczinet, en 40 p\u00e1ginas, donde se plasman los momentos m\u00e1s \u00edntimos de un poeta que estructura en las palabras los sentimientos m\u00e1s puros que arrancan de las manos. Tal como en la primera edici\u00f3n, el pr\u00f3logo es de la Poetisa chillaneja Alicia Pereda Saavedra.<\/p>\n","protected":false},"author":1,"featured_media":15071,"comment_status":"open","ping_status":"open","sticky":false,"template":"","format":"standard","meta":{"footnotes":""},"categories":[133,70,116,385,67],"tags":[],"class_list":["post-15076","post","type-post","status-publish","format-standard","has-post-thumbnail","hentry","category-editorial-c-e-c-a","category-libros","category-luis-fraczinet","category-luis-fraczinet-poesia","category-poesia"],"yoast_head":"<!-- This site is optimized with the Yoast SEO plugin v25.0 - https:\/\/yoast.com\/wordpress\/plugins\/seo\/ -->\n<title>Venta del Libro De Ser Humano a Ser Humano - Segunda Edici\u00f3n - Nuestro Bio B\u00edo<\/title>\n<meta name=\"description\" content=\"Consta de una selecci\u00f3n de Sonetos y Prosas del Poeta Luis Fraczinet, en 40 p\u00e1ginas, donde se plasman los momentos m\u00e1s \u00edntimos de un poeta que estructura en las palabras los sentimientos m\u00e1s puros que arrancan de las manos. Tal como en la primera edici\u00f3n, el pr\u00f3logo es de la Poetisa chillaneja Alicia Pereda Saavedra.\" \/>\n<meta name=\"robots\" content=\"index, follow, max-snippet:-1, max-image-preview:large, max-video-preview:-1\" \/>\n<link rel=\"canonical\" href=\"https:\/\/www.fraczinet.cl\/sitio\/2022\/11\/01\/venta-del-libro-de-ser-humano-a-ser-humano\/\" \/>\n<meta property=\"og:locale\" content=\"es_ES\" \/>\n<meta property=\"og:type\" content=\"article\" \/>\n<meta property=\"og:title\" content=\"Venta del Libro De Ser Humano a Ser Humano - Segunda Edici\u00f3n - Nuestro Bio B\u00edo\" \/>\n<meta property=\"og:description\" content=\"Consta de una selecci\u00f3n de Sonetos y Prosas del Poeta Luis Fraczinet, en 40 p\u00e1ginas, donde se plasman los momentos m\u00e1s \u00edntimos de un poeta que estructura en las palabras los sentimientos m\u00e1s puros que arrancan de las manos. Tal como en la primera edici\u00f3n, el pr\u00f3logo es de la Poetisa chillaneja Alicia Pereda Saavedra.\" \/>\n<meta property=\"og:url\" content=\"https:\/\/www.fraczinet.cl\/sitio\/2022\/11\/01\/venta-del-libro-de-ser-humano-a-ser-humano\/\" \/>\n<meta property=\"og:site_name\" content=\"Nuestro Bio B\u00edo\" \/>\n<meta property=\"article:published_time\" content=\"2022-11-01T14:55:51+00:00\" \/>\n<meta property=\"article:modified_time\" content=\"2024-09-26T00:52:46+00:00\" \/>\n<meta property=\"og:image\" content=\"https:\/\/www.fraczinet.cl\/sitio\/wp-content\/uploads\/2022\/11\/Portada-De-Ser-Humano-2-Poemas.jpg\" \/>\n\t<meta property=\"og:image:width\" content=\"1051\" \/>\n\t<meta property=\"og:image:height\" content=\"1681\" \/>\n\t<meta property=\"og:image:type\" content=\"image\/jpeg\" \/>\n<meta name=\"author\" content=\"admin\" \/>\n<meta name=\"twitter:card\" content=\"summary_large_image\" \/>\n<meta name=\"twitter:creator\" content=\"@nuestrobiobio\" \/>\n<meta name=\"twitter:site\" content=\"@nuestrobiobio\" \/>\n<meta name=\"twitter:label1\" content=\"Escrito por\" \/>\n\t<meta name=\"twitter:data1\" content=\"admin\" \/>\n\t<meta name=\"twitter:label2\" content=\"Tiempo de lectura\" \/>\n\t<meta name=\"twitter:data2\" content=\"2 minutos\" \/>\n<script type=\"application\/ld+json\" class=\"yoast-schema-graph\">{\"@context\":\"https:\/\/schema.org\",\"@graph\":[{\"@type\":\"Article\",\"@id\":\"https:\/\/www.fraczinet.cl\/sitio\/2022\/11\/01\/venta-del-libro-de-ser-humano-a-ser-humano\/#article\",\"isPartOf\":{\"@id\":\"https:\/\/www.fraczinet.cl\/sitio\/2022\/11\/01\/venta-del-libro-de-ser-humano-a-ser-humano\/\"},\"author\":{\"name\":\"admin\",\"@id\":\"https:\/\/www.fraczinet.cl\/sitio\/#\/schema\/person\/bc30f98e9cb10ae7e119dbe14bc93784\"},\"headline\":\"Venta del Libro De Ser Humano a Ser Humano &#8211; Segunda Edici\u00f3n\",\"datePublished\":\"2022-11-01T14:55:51+00:00\",\"dateModified\":\"2024-09-26T00:52:46+00:00\",\"mainEntityOfPage\":{\"@id\":\"https:\/\/www.fraczinet.cl\/sitio\/2022\/11\/01\/venta-del-libro-de-ser-humano-a-ser-humano\/\"},\"wordCount\":197,\"commentCount\":0,\"publisher\":{\"@id\":\"https:\/\/www.fraczinet.cl\/sitio\/#\/schema\/person\/aec8ee4da68df2b9b0eefdad24a0d582\"},\"image\":{\"@id\":\"https:\/\/www.fraczinet.cl\/sitio\/2022\/11\/01\/venta-del-libro-de-ser-humano-a-ser-humano\/#primaryimage\"},\"thumbnailUrl\":\"https:\/\/www.fraczinet.cl\/sitio\/wp-content\/uploads\/2022\/11\/Portada-De-Ser-Humano-2-Poemas.jpg\",\"articleSection\":[\"Editorial C.E.C.A.\",\"Libros\",\"Luis Fraczinet\",\"Luis Fraczinet Poes\u00eda\",\"Poes\u00eda\"],\"inLanguage\":\"es\",\"potentialAction\":[{\"@type\":\"CommentAction\",\"name\":\"Comment\",\"target\":[\"https:\/\/www.fraczinet.cl\/sitio\/2022\/11\/01\/venta-del-libro-de-ser-humano-a-ser-humano\/#respond\"]}]},{\"@type\":\"WebPage\",\"@id\":\"https:\/\/www.fraczinet.cl\/sitio\/2022\/11\/01\/venta-del-libro-de-ser-humano-a-ser-humano\/\",\"url\":\"https:\/\/www.fraczinet.cl\/sitio\/2022\/11\/01\/venta-del-libro-de-ser-humano-a-ser-humano\/\",\"name\":\"Venta del Libro De Ser Humano a Ser Humano - Segunda Edici\u00f3n - Nuestro Bio B\u00edo\",\"isPartOf\":{\"@id\":\"https:\/\/www.fraczinet.cl\/sitio\/#website\"},\"primaryImageOfPage\":{\"@id\":\"https:\/\/www.fraczinet.cl\/sitio\/2022\/11\/01\/venta-del-libro-de-ser-humano-a-ser-humano\/#primaryimage\"},\"image\":{\"@id\":\"https:\/\/www.fraczinet.cl\/sitio\/2022\/11\/01\/venta-del-libro-de-ser-humano-a-ser-humano\/#primaryimage\"},\"thumbnailUrl\":\"https:\/\/www.fraczinet.cl\/sitio\/wp-content\/uploads\/2022\/11\/Portada-De-Ser-Humano-2-Poemas.jpg\",\"datePublished\":\"2022-11-01T14:55:51+00:00\",\"dateModified\":\"2024-09-26T00:52:46+00:00\",\"description\":\"Consta de una selecci\u00f3n de Sonetos y Prosas del Poeta Luis Fraczinet, en 40 p\u00e1ginas, donde se plasman los momentos m\u00e1s \u00edntimos de un poeta que estructura en las palabras los sentimientos m\u00e1s puros que arrancan de las manos. Tal como en la primera edici\u00f3n, el pr\u00f3logo es de la Poetisa chillaneja Alicia Pereda Saavedra.\",\"breadcrumb\":{\"@id\":\"https:\/\/www.fraczinet.cl\/sitio\/2022\/11\/01\/venta-del-libro-de-ser-humano-a-ser-humano\/#breadcrumb\"},\"inLanguage\":\"es\",\"potentialAction\":[{\"@type\":\"ReadAction\",\"target\":[\"https:\/\/www.fraczinet.cl\/sitio\/2022\/11\/01\/venta-del-libro-de-ser-humano-a-ser-humano\/\"]}]},{\"@type\":\"ImageObject\",\"inLanguage\":\"es\",\"@id\":\"https:\/\/www.fraczinet.cl\/sitio\/2022\/11\/01\/venta-del-libro-de-ser-humano-a-ser-humano\/#primaryimage\",\"url\":\"https:\/\/www.fraczinet.cl\/sitio\/wp-content\/uploads\/2022\/11\/Portada-De-Ser-Humano-2-Poemas.jpg\",\"contentUrl\":\"https:\/\/www.fraczinet.cl\/sitio\/wp-content\/uploads\/2022\/11\/Portada-De-Ser-Humano-2-Poemas.jpg\",\"width\":1051,\"height\":1681},{\"@type\":\"BreadcrumbList\",\"@id\":\"https:\/\/www.fraczinet.cl\/sitio\/2022\/11\/01\/venta-del-libro-de-ser-humano-a-ser-humano\/#breadcrumb\",\"itemListElement\":[{\"@type\":\"ListItem\",\"position\":1,\"name\":\"Portada\",\"item\":\"https:\/\/www.fraczinet.cl\/sitio\/\"},{\"@type\":\"ListItem\",\"position\":2,\"name\":\"Venta del Libro De Ser Humano a Ser Humano &#8211; Segunda Edici\u00f3n\"}]},{\"@type\":\"WebSite\",\"@id\":\"https:\/\/www.fraczinet.cl\/sitio\/#website\",\"url\":\"https:\/\/www.fraczinet.cl\/sitio\/\",\"name\":\"Nuestro Bio B\u00edo\",\"description\":\"Tierra de Encuentros\",\"publisher\":{\"@id\":\"https:\/\/www.fraczinet.cl\/sitio\/#\/schema\/person\/aec8ee4da68df2b9b0eefdad24a0d582\"},\"potentialAction\":[{\"@type\":\"SearchAction\",\"target\":{\"@type\":\"EntryPoint\",\"urlTemplate\":\"https:\/\/www.fraczinet.cl\/sitio\/?s={search_term_string}\"},\"query-input\":{\"@type\":\"PropertyValueSpecification\",\"valueRequired\":true,\"valueName\":\"search_term_string\"}}],\"inLanguage\":\"es\"},{\"@type\":[\"Person\",\"Organization\"],\"@id\":\"https:\/\/www.fraczinet.cl\/sitio\/#\/schema\/person\/aec8ee4da68df2b9b0eefdad24a0d582\",\"name\":\"Luis Fernando Fraczinet\",\"image\":{\"@type\":\"ImageObject\",\"inLanguage\":\"es\",\"@id\":\"https:\/\/www.fraczinet.cl\/sitio\/#\/schema\/person\/image\/\",\"url\":\"https:\/\/www.fraczinet.cl\/sitio\/wp-content\/uploads\/2021\/07\/bannerlogo-1.gif\",\"contentUrl\":\"https:\/\/www.fraczinet.cl\/sitio\/wp-content\/uploads\/2021\/07\/bannerlogo-1.gif\",\"width\":159,\"height\":79,\"caption\":\"Luis Fernando Fraczinet\"},\"logo\":{\"@id\":\"https:\/\/www.fraczinet.cl\/sitio\/#\/schema\/person\/image\/\"},\"sameAs\":[\"https:\/\/www.fraczinet.cl\/sitio\/\"]},{\"@type\":\"Person\",\"@id\":\"https:\/\/www.fraczinet.cl\/sitio\/#\/schema\/person\/bc30f98e9cb10ae7e119dbe14bc93784\",\"name\":\"admin\",\"image\":{\"@type\":\"ImageObject\",\"inLanguage\":\"es\",\"@id\":\"https:\/\/www.fraczinet.cl\/sitio\/#\/schema\/person\/image\/\",\"url\":\"https:\/\/secure.gravatar.com\/avatar\/d5ad3cf7ef3b23a2bb5be73be780c86b2fc8545c3ad6b149f3913ff458c00099?s=96&d=mm&r=g\",\"contentUrl\":\"https:\/\/secure.gravatar.com\/avatar\/d5ad3cf7ef3b23a2bb5be73be780c86b2fc8545c3ad6b149f3913ff458c00099?s=96&d=mm&r=g\",\"caption\":\"admin\"},\"sameAs\":[\"https:\/\/www.fraczinet.cl\/sitio\"]}]}<\/script>\n<!-- \/ Yoast SEO plugin. -->","yoast_head_json":{"title":"Venta del Libro De Ser Humano a Ser Humano - Segunda Edici\u00f3n - Nuestro Bio B\u00edo","description":"Consta de una selecci\u00f3n de Sonetos y Prosas del Poeta Luis Fraczinet, en 40 p\u00e1ginas, donde se plasman los momentos m\u00e1s \u00edntimos de un poeta que estructura en las palabras los sentimientos m\u00e1s puros que arrancan de las manos. Tal como en la primera edici\u00f3n, el pr\u00f3logo es de la Poetisa chillaneja Alicia Pereda Saavedra.","robots":{"index":"index","follow":"follow","max-snippet":"max-snippet:-1","max-image-preview":"max-image-preview:large","max-video-preview":"max-video-preview:-1"},"canonical":"https:\/\/www.fraczinet.cl\/sitio\/2022\/11\/01\/venta-del-libro-de-ser-humano-a-ser-humano\/","og_locale":"es_ES","og_type":"article","og_title":"Venta del Libro De Ser Humano a Ser Humano - Segunda Edici\u00f3n - Nuestro Bio B\u00edo","og_description":"Consta de una selecci\u00f3n de Sonetos y Prosas del Poeta Luis Fraczinet, en 40 p\u00e1ginas, donde se plasman los momentos m\u00e1s \u00edntimos de un poeta que estructura en las palabras los sentimientos m\u00e1s puros que arrancan de las manos. Tal como en la primera edici\u00f3n, el pr\u00f3logo es de la Poetisa chillaneja Alicia Pereda Saavedra.","og_url":"https:\/\/www.fraczinet.cl\/sitio\/2022\/11\/01\/venta-del-libro-de-ser-humano-a-ser-humano\/","og_site_name":"Nuestro Bio B\u00edo","article_published_time":"2022-11-01T14:55:51+00:00","article_modified_time":"2024-09-26T00:52:46+00:00","og_image":[{"width":1051,"height":1681,"url":"https:\/\/www.fraczinet.cl\/sitio\/wp-content\/uploads\/2022\/11\/Portada-De-Ser-Humano-2-Poemas.jpg","type":"image\/jpeg"}],"author":"admin","twitter_card":"summary_large_image","twitter_creator":"@nuestrobiobio","twitter_site":"@nuestrobiobio","twitter_misc":{"Escrito por":"admin","Tiempo de lectura":"2 minutos"},"schema":{"@context":"https:\/\/schema.org","@graph":[{"@type":"Article","@id":"https:\/\/www.fraczinet.cl\/sitio\/2022\/11\/01\/venta-del-libro-de-ser-humano-a-ser-humano\/#article","isPartOf":{"@id":"https:\/\/www.fraczinet.cl\/sitio\/2022\/11\/01\/venta-del-libro-de-ser-humano-a-ser-humano\/"},"author":{"name":"admin","@id":"https:\/\/www.fraczinet.cl\/sitio\/#\/schema\/person\/bc30f98e9cb10ae7e119dbe14bc93784"},"headline":"Venta del Libro De Ser Humano a Ser Humano &#8211; Segunda Edici\u00f3n","datePublished":"2022-11-01T14:55:51+00:00","dateModified":"2024-09-26T00:52:46+00:00","mainEntityOfPage":{"@id":"https:\/\/www.fraczinet.cl\/sitio\/2022\/11\/01\/venta-del-libro-de-ser-humano-a-ser-humano\/"},"wordCount":197,"commentCount":0,"publisher":{"@id":"https:\/\/www.fraczinet.cl\/sitio\/#\/schema\/person\/aec8ee4da68df2b9b0eefdad24a0d582"},"image":{"@id":"https:\/\/www.fraczinet.cl\/sitio\/2022\/11\/01\/venta-del-libro-de-ser-humano-a-ser-humano\/#primaryimage"},"thumbnailUrl":"https:\/\/www.fraczinet.cl\/sitio\/wp-content\/uploads\/2022\/11\/Portada-De-Ser-Humano-2-Poemas.jpg","articleSection":["Editorial C.E.C.A.","Libros","Luis Fraczinet","Luis Fraczinet Poes\u00eda","Poes\u00eda"],"inLanguage":"es","potentialAction":[{"@type":"CommentAction","name":"Comment","target":["https:\/\/www.fraczinet.cl\/sitio\/2022\/11\/01\/venta-del-libro-de-ser-humano-a-ser-humano\/#respond"]}]},{"@type":"WebPage","@id":"https:\/\/www.fraczinet.cl\/sitio\/2022\/11\/01\/venta-del-libro-de-ser-humano-a-ser-humano\/","url":"https:\/\/www.fraczinet.cl\/sitio\/2022\/11\/01\/venta-del-libro-de-ser-humano-a-ser-humano\/","name":"Venta del Libro De Ser Humano a Ser Humano - Segunda Edici\u00f3n - Nuestro Bio B\u00edo","isPartOf":{"@id":"https:\/\/www.fraczinet.cl\/sitio\/#website"},"primaryImageOfPage":{"@id":"https:\/\/www.fraczinet.cl\/sitio\/2022\/11\/01\/venta-del-libro-de-ser-humano-a-ser-humano\/#primaryimage"},"image":{"@id":"https:\/\/www.fraczinet.cl\/sitio\/2022\/11\/01\/venta-del-libro-de-ser-humano-a-ser-humano\/#primaryimage"},"thumbnailUrl":"https:\/\/www.fraczinet.cl\/sitio\/wp-content\/uploads\/2022\/11\/Portada-De-Ser-Humano-2-Poemas.jpg","datePublished":"2022-11-01T14:55:51+00:00","dateModified":"2024-09-26T00:52:46+00:00","description":"Consta de una selecci\u00f3n de Sonetos y Prosas del Poeta Luis Fraczinet, en 40 p\u00e1ginas, donde se plasman los momentos m\u00e1s \u00edntimos de un poeta que estructura en las palabras los sentimientos m\u00e1s puros que arrancan de las manos. Tal como en la primera edici\u00f3n, el pr\u00f3logo es de la Poetisa chillaneja Alicia Pereda Saavedra.","breadcrumb":{"@id":"https:\/\/www.fraczinet.cl\/sitio\/2022\/11\/01\/venta-del-libro-de-ser-humano-a-ser-humano\/#breadcrumb"},"inLanguage":"es","potentialAction":[{"@type":"ReadAction","target":["https:\/\/www.fraczinet.cl\/sitio\/2022\/11\/01\/venta-del-libro-de-ser-humano-a-ser-humano\/"]}]},{"@type":"ImageObject","inLanguage":"es","@id":"https:\/\/www.fraczinet.cl\/sitio\/2022\/11\/01\/venta-del-libro-de-ser-humano-a-ser-humano\/#primaryimage","url":"https:\/\/www.fraczinet.cl\/sitio\/wp-content\/uploads\/2022\/11\/Portada-De-Ser-Humano-2-Poemas.jpg","contentUrl":"https:\/\/www.fraczinet.cl\/sitio\/wp-content\/uploads\/2022\/11\/Portada-De-Ser-Humano-2-Poemas.jpg","width":1051,"height":1681},{"@type":"BreadcrumbList","@id":"https:\/\/www.fraczinet.cl\/sitio\/2022\/11\/01\/venta-del-libro-de-ser-humano-a-ser-humano\/#breadcrumb","itemListElement":[{"@type":"ListItem","position":1,"name":"Portada","item":"https:\/\/www.fraczinet.cl\/sitio\/"},{"@type":"ListItem","position":2,"name":"Venta del Libro De Ser Humano a Ser Humano &#8211; Segunda Edici\u00f3n"}]},{"@type":"WebSite","@id":"https:\/\/www.fraczinet.cl\/sitio\/#website","url":"https:\/\/www.fraczinet.cl\/sitio\/","name":"Nuestro Bio B\u00edo","description":"Tierra de Encuentros","publisher":{"@id":"https:\/\/www.fraczinet.cl\/sitio\/#\/schema\/person\/aec8ee4da68df2b9b0eefdad24a0d582"},"potentialAction":[{"@type":"SearchAction","target":{"@type":"EntryPoint","urlTemplate":"https:\/\/www.fraczinet.cl\/sitio\/?s={search_term_string}"},"query-input":{"@type":"PropertyValueSpecification","valueRequired":true,"valueName":"search_term_string"}}],"inLanguage":"es"},{"@type":["Person","Organization"],"@id":"https:\/\/www.fraczinet.cl\/sitio\/#\/schema\/person\/aec8ee4da68df2b9b0eefdad24a0d582","name":"Luis Fernando Fraczinet","image":{"@type":"ImageObject","inLanguage":"es","@id":"https:\/\/www.fraczinet.cl\/sitio\/#\/schema\/person\/image\/","url":"https:\/\/www.fraczinet.cl\/sitio\/wp-content\/uploads\/2021\/07\/bannerlogo-1.gif","contentUrl":"https:\/\/www.fraczinet.cl\/sitio\/wp-content\/uploads\/2021\/07\/bannerlogo-1.gif","width":159,"height":79,"caption":"Luis Fernando Fraczinet"},"logo":{"@id":"https:\/\/www.fraczinet.cl\/sitio\/#\/schema\/person\/image\/"},"sameAs":["https:\/\/www.fraczinet.cl\/sitio\/"]},{"@type":"Person","@id":"https:\/\/www.fraczinet.cl\/sitio\/#\/schema\/person\/bc30f98e9cb10ae7e119dbe14bc93784","name":"admin","image":{"@type":"ImageObject","inLanguage":"es","@id":"https:\/\/www.fraczinet.cl\/sitio\/#\/schema\/person\/image\/","url":"https:\/\/secure.gravatar.com\/avatar\/d5ad3cf7ef3b23a2bb5be73be780c86b2fc8545c3ad6b149f3913ff458c00099?s=96&d=mm&r=g","contentUrl":"https:\/\/secure.gravatar.com\/avatar\/d5ad3cf7ef3b23a2bb5be73be780c86b2fc8545c3ad6b149f3913ff458c00099?s=96&d=mm&r=g","caption":"admin"},"sameAs":["https:\/\/www.fraczinet.cl\/sitio"]}]}},"_links":{"self":[{"href":"https:\/\/www.fraczinet.cl\/sitio\/wp-json\/wp\/v2\/posts\/15076","targetHints":{"allow":["GET"]}}],"collection":[{"href":"https:\/\/www.fraczinet.cl\/sitio\/wp-json\/wp\/v2\/posts"}],"about":[{"href":"https:\/\/www.fraczinet.cl\/sitio\/wp-json\/wp\/v2\/types\/post"}],"author":[{"embeddable":true,"href":"https:\/\/www.fraczinet.cl\/sitio\/wp-json\/wp\/v2\/users\/1"}],"replies":[{"embeddable":true,"href":"https:\/\/www.fraczinet.cl\/sitio\/wp-json\/wp\/v2\/comments?post=15076"}],"version-history":[{"count":14,"href":"https:\/\/www.fraczinet.cl\/sitio\/wp-json\/wp\/v2\/posts\/15076\/revisions"}],"predecessor-version":[{"id":16141,"href":"https:\/\/www.fraczinet.cl\/sitio\/wp-json\/wp\/v2\/posts\/15076\/revisions\/16141"}],"wp:featuredmedia":[{"embeddable":true,"href":"https:\/\/www.fraczinet.cl\/sitio\/wp-json\/wp\/v2\/media\/15071"}],"wp:attachment":[{"href":"https:\/\/www.fraczinet.cl\/sitio\/wp-json\/wp\/v2\/media?parent=15076"}],"wp:term":[{"taxonomy":"category","embeddable":true,"href":"https:\/\/www.fraczinet.cl\/sitio\/wp-json\/wp\/v2\/categories?post=15076"},{"taxonomy":"post_tag","embeddable":true,"href":"https:\/\/www.fraczinet.cl\/sitio\/wp-json\/wp\/v2\/tags?post=15076"}],"curies":[{"name":"wp","href":"https:\/\/api.w.org\/{rel}","templated":true}]}}