{"id":15082,"date":"2022-11-06T22:34:28","date_gmt":"2022-11-06T22:34:28","guid":{"rendered":"https:\/\/www.fraczinet.cl\/sitio\/?p=15082"},"modified":"2022-11-06T22:40:24","modified_gmt":"2022-11-06T22:40:24","slug":"el-arbol-del-amor-por-aldo-de-la-reyna","status":"publish","type":"post","link":"https:\/\/www.fraczinet.cl\/sitio\/2022\/11\/06\/el-arbol-del-amor-por-aldo-de-la-reyna\/","title":{"rendered":"El \u00c1rbol del Amor&#8230; Por Aldo de la Reyna"},"content":{"rendered":"<p><img fetchpriority=\"high\" decoding=\"async\" class=\"size-medium wp-image-15083 alignleft\" src=\"https:\/\/www.fraczinet.cl\/sitio\/wp-content\/uploads\/2022\/11\/Las-Alas-del-Amor-Aldo-de-la-Reyna-225x300.jpg\" alt=\"\" width=\"225\" height=\"300\" srcset=\"https:\/\/www.fraczinet.cl\/sitio\/wp-content\/uploads\/2022\/11\/Las-Alas-del-Amor-Aldo-de-la-Reyna-225x300.jpg 225w, https:\/\/www.fraczinet.cl\/sitio\/wp-content\/uploads\/2022\/11\/Las-Alas-del-Amor-Aldo-de-la-Reyna-768x1024.jpg 768w, https:\/\/www.fraczinet.cl\/sitio\/wp-content\/uploads\/2022\/11\/Las-Alas-del-Amor-Aldo-de-la-Reyna-1152x1536.jpg 1152w, https:\/\/www.fraczinet.cl\/sitio\/wp-content\/uploads\/2022\/11\/Las-Alas-del-Amor-Aldo-de-la-Reyna-1536x2048.jpg 1536w, https:\/\/www.fraczinet.cl\/sitio\/wp-content\/uploads\/2022\/11\/Las-Alas-del-Amor-Aldo-de-la-Reyna-scaled.jpg 1920w\" sizes=\"(max-width: 225px) 100vw, 225px\" \/>Viejo sill\u00f3n del tiempo amurallado<\/p>\n<p>por \u00e1rboles con naranjas de oro,<\/p>\n<p>robles con hojas de plata, higueras<\/p>\n<p>con los higos de la iluminaci\u00f3n.<\/p>\n<p>Es la misma madera de la luz ca\u00edda,<\/p>\n<p>que ard\u00eda en la carne de Eva<\/p>\n<p>mientras so\u00f1aba en la costilla de Ad\u00e1n.<\/p>\n<p>El viento del para\u00edso inventa canciones<\/p>\n<p>desnudando en los ojos de la amada<\/p>\n<p>el alma incendiada del amado.<\/p>\n<p>Geometr\u00eda de diamantes falsos<\/p>\n<p>dando de beber al pozo de la misma sed.<\/p>\n<p>Hilos de seda roja tejen la carne viva<\/p>\n<p>para el r\u00edo inconcluso del amor,<\/p>\n<p>que canta por las venas de las aves<\/p>\n<p>donde cada nido es un c\u00e1liz de oro.<\/p>\n<p>Los arquitectos de la luz del Sol<\/p>\n<p>est\u00e1n construyendo el \u00c1rbol del Para\u00edso<\/p>\n<p>para que tu coseches las uvas del Amor.<\/p>\n<p>&nbsp;<\/p>\n<p>Del libro \u00abLas Alas del Amor\u00bb<\/p>\n<p>Autor: Aldo de la Reyna Pellitero<\/p>\n<p>Editorial Platero, 110 p. Santiago, 2000.<\/p>\n","protected":false},"excerpt":{"rendered":"<p>Viejo sill\u00f3n del tiempo amurallado por \u00e1rboles con naranjas de oro, robles con hojas de plata, higueras con los higos de la iluminaci\u00f3n. Es la misma madera de la luz ca\u00edda, que ard\u00eda en la carne de Eva mientras so\u00f1aba en la costilla de Ad\u00e1n. El viento del para\u00edso inventa canciones desnudando en los ojos [&hellip;]<\/p>\n","protected":false},"author":1,"featured_media":15085,"comment_status":"open","ping_status":"open","sticky":false,"template":"","format":"standard","meta":{"footnotes":""},"categories":[387,67],"tags":[],"class_list":["post-15082","post","type-post","status-publish","format-standard","has-post-thumbnail","hentry","category-aldo-de-la-reyna","category-poesia"],"yoast_head":"<!-- This site is optimized with the Yoast SEO plugin v25.0 - https:\/\/yoast.com\/wordpress\/plugins\/seo\/ -->\n<title>El \u00c1rbol del Amor... Por Aldo de la Reyna - Nuestro Bio B\u00edo<\/title>\n<meta name=\"robots\" content=\"index, follow, max-snippet:-1, max-image-preview:large, max-video-preview:-1\" \/>\n<link rel=\"canonical\" href=\"https:\/\/www.fraczinet.cl\/sitio\/2022\/11\/06\/el-arbol-del-amor-por-aldo-de-la-reyna\/\" \/>\n<meta property=\"og:locale\" content=\"es_ES\" \/>\n<meta property=\"og:type\" content=\"article\" \/>\n<meta property=\"og:title\" content=\"El \u00c1rbol del Amor... Por Aldo de la Reyna - Nuestro Bio B\u00edo\" \/>\n<meta property=\"og:description\" content=\"Viejo sill\u00f3n del tiempo amurallado por \u00e1rboles con naranjas de oro, robles con hojas de plata, higueras con los higos de la iluminaci\u00f3n. Es la misma madera de la luz ca\u00edda, que ard\u00eda en la carne de Eva mientras so\u00f1aba en la costilla de Ad\u00e1n. El viento del para\u00edso inventa canciones desnudando en los ojos [&hellip;]\" \/>\n<meta property=\"og:url\" content=\"https:\/\/www.fraczinet.cl\/sitio\/2022\/11\/06\/el-arbol-del-amor-por-aldo-de-la-reyna\/\" \/>\n<meta property=\"og:site_name\" content=\"Nuestro Bio B\u00edo\" \/>\n<meta property=\"article:published_time\" content=\"2022-11-06T22:34:28+00:00\" \/>\n<meta property=\"article:modified_time\" content=\"2022-11-06T22:40:24+00:00\" \/>\n<meta property=\"og:image\" content=\"https:\/\/www.fraczinet.cl\/sitio\/wp-content\/uploads\/2022\/11\/Las-Alas-del-Amor-Aldo-de-la-Reyna-1-scaled.jpg\" \/>\n\t<meta property=\"og:image:width\" content=\"1920\" \/>\n\t<meta property=\"og:image:height\" content=\"2560\" \/>\n\t<meta property=\"og:image:type\" content=\"image\/jpeg\" \/>\n<meta name=\"author\" content=\"admin\" \/>\n<meta name=\"twitter:card\" content=\"summary_large_image\" \/>\n<meta name=\"twitter:creator\" content=\"@nuestrobiobio\" \/>\n<meta name=\"twitter:site\" content=\"@nuestrobiobio\" \/>\n<meta name=\"twitter:label1\" content=\"Escrito por\" \/>\n\t<meta name=\"twitter:data1\" content=\"admin\" \/>\n\t<meta name=\"twitter:label2\" content=\"Tiempo de lectura\" \/>\n\t<meta name=\"twitter:data2\" content=\"1 minuto\" \/>\n<script type=\"application\/ld+json\" class=\"yoast-schema-graph\">{\"@context\":\"https:\/\/schema.org\",\"@graph\":[{\"@type\":\"Article\",\"@id\":\"https:\/\/www.fraczinet.cl\/sitio\/2022\/11\/06\/el-arbol-del-amor-por-aldo-de-la-reyna\/#article\",\"isPartOf\":{\"@id\":\"https:\/\/www.fraczinet.cl\/sitio\/2022\/11\/06\/el-arbol-del-amor-por-aldo-de-la-reyna\/\"},\"author\":{\"name\":\"admin\",\"@id\":\"https:\/\/www.fraczinet.cl\/sitio\/#\/schema\/person\/bc30f98e9cb10ae7e119dbe14bc93784\"},\"headline\":\"El \u00c1rbol del Amor&#8230; Por Aldo de la Reyna\",\"datePublished\":\"2022-11-06T22:34:28+00:00\",\"dateModified\":\"2022-11-06T22:40:24+00:00\",\"mainEntityOfPage\":{\"@id\":\"https:\/\/www.fraczinet.cl\/sitio\/2022\/11\/06\/el-arbol-del-amor-por-aldo-de-la-reyna\/\"},\"wordCount\":165,\"commentCount\":0,\"publisher\":{\"@id\":\"https:\/\/www.fraczinet.cl\/sitio\/#\/schema\/person\/aec8ee4da68df2b9b0eefdad24a0d582\"},\"image\":{\"@id\":\"https:\/\/www.fraczinet.cl\/sitio\/2022\/11\/06\/el-arbol-del-amor-por-aldo-de-la-reyna\/#primaryimage\"},\"thumbnailUrl\":\"https:\/\/www.fraczinet.cl\/sitio\/wp-content\/uploads\/2022\/11\/Las-Alas-del-Amor-Aldo-de-la-Reyna-1-scaled.jpg\",\"articleSection\":[\"Aldo de la Reyna\",\"Poes\u00eda\"],\"inLanguage\":\"es\",\"potentialAction\":[{\"@type\":\"CommentAction\",\"name\":\"Comment\",\"target\":[\"https:\/\/www.fraczinet.cl\/sitio\/2022\/11\/06\/el-arbol-del-amor-por-aldo-de-la-reyna\/#respond\"]}]},{\"@type\":\"WebPage\",\"@id\":\"https:\/\/www.fraczinet.cl\/sitio\/2022\/11\/06\/el-arbol-del-amor-por-aldo-de-la-reyna\/\",\"url\":\"https:\/\/www.fraczinet.cl\/sitio\/2022\/11\/06\/el-arbol-del-amor-por-aldo-de-la-reyna\/\",\"name\":\"El \u00c1rbol del Amor... Por Aldo de la Reyna - Nuestro Bio B\u00edo\",\"isPartOf\":{\"@id\":\"https:\/\/www.fraczinet.cl\/sitio\/#website\"},\"primaryImageOfPage\":{\"@id\":\"https:\/\/www.fraczinet.cl\/sitio\/2022\/11\/06\/el-arbol-del-amor-por-aldo-de-la-reyna\/#primaryimage\"},\"image\":{\"@id\":\"https:\/\/www.fraczinet.cl\/sitio\/2022\/11\/06\/el-arbol-del-amor-por-aldo-de-la-reyna\/#primaryimage\"},\"thumbnailUrl\":\"https:\/\/www.fraczinet.cl\/sitio\/wp-content\/uploads\/2022\/11\/Las-Alas-del-Amor-Aldo-de-la-Reyna-1-scaled.jpg\",\"datePublished\":\"2022-11-06T22:34:28+00:00\",\"dateModified\":\"2022-11-06T22:40:24+00:00\",\"breadcrumb\":{\"@id\":\"https:\/\/www.fraczinet.cl\/sitio\/2022\/11\/06\/el-arbol-del-amor-por-aldo-de-la-reyna\/#breadcrumb\"},\"inLanguage\":\"es\",\"potentialAction\":[{\"@type\":\"ReadAction\",\"target\":[\"https:\/\/www.fraczinet.cl\/sitio\/2022\/11\/06\/el-arbol-del-amor-por-aldo-de-la-reyna\/\"]}]},{\"@type\":\"ImageObject\",\"inLanguage\":\"es\",\"@id\":\"https:\/\/www.fraczinet.cl\/sitio\/2022\/11\/06\/el-arbol-del-amor-por-aldo-de-la-reyna\/#primaryimage\",\"url\":\"https:\/\/www.fraczinet.cl\/sitio\/wp-content\/uploads\/2022\/11\/Las-Alas-del-Amor-Aldo-de-la-Reyna-1-scaled.jpg\",\"contentUrl\":\"https:\/\/www.fraczinet.cl\/sitio\/wp-content\/uploads\/2022\/11\/Las-Alas-del-Amor-Aldo-de-la-Reyna-1-scaled.jpg\",\"width\":1920,\"height\":2560},{\"@type\":\"BreadcrumbList\",\"@id\":\"https:\/\/www.fraczinet.cl\/sitio\/2022\/11\/06\/el-arbol-del-amor-por-aldo-de-la-reyna\/#breadcrumb\",\"itemListElement\":[{\"@type\":\"ListItem\",\"position\":1,\"name\":\"Portada\",\"item\":\"https:\/\/www.fraczinet.cl\/sitio\/\"},{\"@type\":\"ListItem\",\"position\":2,\"name\":\"El \u00c1rbol del Amor&#8230; Por Aldo de la Reyna\"}]},{\"@type\":\"WebSite\",\"@id\":\"https:\/\/www.fraczinet.cl\/sitio\/#website\",\"url\":\"https:\/\/www.fraczinet.cl\/sitio\/\",\"name\":\"Nuestro Bio B\u00edo\",\"description\":\"Tierra de Encuentros\",\"publisher\":{\"@id\":\"https:\/\/www.fraczinet.cl\/sitio\/#\/schema\/person\/aec8ee4da68df2b9b0eefdad24a0d582\"},\"potentialAction\":[{\"@type\":\"SearchAction\",\"target\":{\"@type\":\"EntryPoint\",\"urlTemplate\":\"https:\/\/www.fraczinet.cl\/sitio\/?s={search_term_string}\"},\"query-input\":{\"@type\":\"PropertyValueSpecification\",\"valueRequired\":true,\"valueName\":\"search_term_string\"}}],\"inLanguage\":\"es\"},{\"@type\":[\"Person\",\"Organization\"],\"@id\":\"https:\/\/www.fraczinet.cl\/sitio\/#\/schema\/person\/aec8ee4da68df2b9b0eefdad24a0d582\",\"name\":\"Luis Fernando Fraczinet\",\"image\":{\"@type\":\"ImageObject\",\"inLanguage\":\"es\",\"@id\":\"https:\/\/www.fraczinet.cl\/sitio\/#\/schema\/person\/image\/\",\"url\":\"https:\/\/www.fraczinet.cl\/sitio\/wp-content\/uploads\/2021\/07\/bannerlogo-1.gif\",\"contentUrl\":\"https:\/\/www.fraczinet.cl\/sitio\/wp-content\/uploads\/2021\/07\/bannerlogo-1.gif\",\"width\":159,\"height\":79,\"caption\":\"Luis Fernando Fraczinet\"},\"logo\":{\"@id\":\"https:\/\/www.fraczinet.cl\/sitio\/#\/schema\/person\/image\/\"},\"sameAs\":[\"https:\/\/www.fraczinet.cl\/sitio\/\"]},{\"@type\":\"Person\",\"@id\":\"https:\/\/www.fraczinet.cl\/sitio\/#\/schema\/person\/bc30f98e9cb10ae7e119dbe14bc93784\",\"name\":\"admin\",\"image\":{\"@type\":\"ImageObject\",\"inLanguage\":\"es\",\"@id\":\"https:\/\/www.fraczinet.cl\/sitio\/#\/schema\/person\/image\/\",\"url\":\"https:\/\/secure.gravatar.com\/avatar\/d5ad3cf7ef3b23a2bb5be73be780c86b2fc8545c3ad6b149f3913ff458c00099?s=96&d=mm&r=g\",\"contentUrl\":\"https:\/\/secure.gravatar.com\/avatar\/d5ad3cf7ef3b23a2bb5be73be780c86b2fc8545c3ad6b149f3913ff458c00099?s=96&d=mm&r=g\",\"caption\":\"admin\"},\"sameAs\":[\"https:\/\/www.fraczinet.cl\/sitio\"]}]}<\/script>\n<!-- \/ Yoast SEO plugin. -->","yoast_head_json":{"title":"El \u00c1rbol del Amor... Por Aldo de la Reyna - Nuestro Bio B\u00edo","robots":{"index":"index","follow":"follow","max-snippet":"max-snippet:-1","max-image-preview":"max-image-preview:large","max-video-preview":"max-video-preview:-1"},"canonical":"https:\/\/www.fraczinet.cl\/sitio\/2022\/11\/06\/el-arbol-del-amor-por-aldo-de-la-reyna\/","og_locale":"es_ES","og_type":"article","og_title":"El \u00c1rbol del Amor... Por Aldo de la Reyna - Nuestro Bio B\u00edo","og_description":"Viejo sill\u00f3n del tiempo amurallado por \u00e1rboles con naranjas de oro, robles con hojas de plata, higueras con los higos de la iluminaci\u00f3n. Es la misma madera de la luz ca\u00edda, que ard\u00eda en la carne de Eva mientras so\u00f1aba en la costilla de Ad\u00e1n. El viento del para\u00edso inventa canciones desnudando en los ojos [&hellip;]","og_url":"https:\/\/www.fraczinet.cl\/sitio\/2022\/11\/06\/el-arbol-del-amor-por-aldo-de-la-reyna\/","og_site_name":"Nuestro Bio B\u00edo","article_published_time":"2022-11-06T22:34:28+00:00","article_modified_time":"2022-11-06T22:40:24+00:00","og_image":[{"width":1920,"height":2560,"url":"https:\/\/www.fraczinet.cl\/sitio\/wp-content\/uploads\/2022\/11\/Las-Alas-del-Amor-Aldo-de-la-Reyna-1-scaled.jpg","type":"image\/jpeg"}],"author":"admin","twitter_card":"summary_large_image","twitter_creator":"@nuestrobiobio","twitter_site":"@nuestrobiobio","twitter_misc":{"Escrito por":"admin","Tiempo de lectura":"1 minuto"},"schema":{"@context":"https:\/\/schema.org","@graph":[{"@type":"Article","@id":"https:\/\/www.fraczinet.cl\/sitio\/2022\/11\/06\/el-arbol-del-amor-por-aldo-de-la-reyna\/#article","isPartOf":{"@id":"https:\/\/www.fraczinet.cl\/sitio\/2022\/11\/06\/el-arbol-del-amor-por-aldo-de-la-reyna\/"},"author":{"name":"admin","@id":"https:\/\/www.fraczinet.cl\/sitio\/#\/schema\/person\/bc30f98e9cb10ae7e119dbe14bc93784"},"headline":"El \u00c1rbol del Amor&#8230; Por Aldo de la Reyna","datePublished":"2022-11-06T22:34:28+00:00","dateModified":"2022-11-06T22:40:24+00:00","mainEntityOfPage":{"@id":"https:\/\/www.fraczinet.cl\/sitio\/2022\/11\/06\/el-arbol-del-amor-por-aldo-de-la-reyna\/"},"wordCount":165,"commentCount":0,"publisher":{"@id":"https:\/\/www.fraczinet.cl\/sitio\/#\/schema\/person\/aec8ee4da68df2b9b0eefdad24a0d582"},"image":{"@id":"https:\/\/www.fraczinet.cl\/sitio\/2022\/11\/06\/el-arbol-del-amor-por-aldo-de-la-reyna\/#primaryimage"},"thumbnailUrl":"https:\/\/www.fraczinet.cl\/sitio\/wp-content\/uploads\/2022\/11\/Las-Alas-del-Amor-Aldo-de-la-Reyna-1-scaled.jpg","articleSection":["Aldo de la Reyna","Poes\u00eda"],"inLanguage":"es","potentialAction":[{"@type":"CommentAction","name":"Comment","target":["https:\/\/www.fraczinet.cl\/sitio\/2022\/11\/06\/el-arbol-del-amor-por-aldo-de-la-reyna\/#respond"]}]},{"@type":"WebPage","@id":"https:\/\/www.fraczinet.cl\/sitio\/2022\/11\/06\/el-arbol-del-amor-por-aldo-de-la-reyna\/","url":"https:\/\/www.fraczinet.cl\/sitio\/2022\/11\/06\/el-arbol-del-amor-por-aldo-de-la-reyna\/","name":"El \u00c1rbol del Amor... Por Aldo de la Reyna - Nuestro Bio B\u00edo","isPartOf":{"@id":"https:\/\/www.fraczinet.cl\/sitio\/#website"},"primaryImageOfPage":{"@id":"https:\/\/www.fraczinet.cl\/sitio\/2022\/11\/06\/el-arbol-del-amor-por-aldo-de-la-reyna\/#primaryimage"},"image":{"@id":"https:\/\/www.fraczinet.cl\/sitio\/2022\/11\/06\/el-arbol-del-amor-por-aldo-de-la-reyna\/#primaryimage"},"thumbnailUrl":"https:\/\/www.fraczinet.cl\/sitio\/wp-content\/uploads\/2022\/11\/Las-Alas-del-Amor-Aldo-de-la-Reyna-1-scaled.jpg","datePublished":"2022-11-06T22:34:28+00:00","dateModified":"2022-11-06T22:40:24+00:00","breadcrumb":{"@id":"https:\/\/www.fraczinet.cl\/sitio\/2022\/11\/06\/el-arbol-del-amor-por-aldo-de-la-reyna\/#breadcrumb"},"inLanguage":"es","potentialAction":[{"@type":"ReadAction","target":["https:\/\/www.fraczinet.cl\/sitio\/2022\/11\/06\/el-arbol-del-amor-por-aldo-de-la-reyna\/"]}]},{"@type":"ImageObject","inLanguage":"es","@id":"https:\/\/www.fraczinet.cl\/sitio\/2022\/11\/06\/el-arbol-del-amor-por-aldo-de-la-reyna\/#primaryimage","url":"https:\/\/www.fraczinet.cl\/sitio\/wp-content\/uploads\/2022\/11\/Las-Alas-del-Amor-Aldo-de-la-Reyna-1-scaled.jpg","contentUrl":"https:\/\/www.fraczinet.cl\/sitio\/wp-content\/uploads\/2022\/11\/Las-Alas-del-Amor-Aldo-de-la-Reyna-1-scaled.jpg","width":1920,"height":2560},{"@type":"BreadcrumbList","@id":"https:\/\/www.fraczinet.cl\/sitio\/2022\/11\/06\/el-arbol-del-amor-por-aldo-de-la-reyna\/#breadcrumb","itemListElement":[{"@type":"ListItem","position":1,"name":"Portada","item":"https:\/\/www.fraczinet.cl\/sitio\/"},{"@type":"ListItem","position":2,"name":"El \u00c1rbol del Amor&#8230; Por Aldo de la Reyna"}]},{"@type":"WebSite","@id":"https:\/\/www.fraczinet.cl\/sitio\/#website","url":"https:\/\/www.fraczinet.cl\/sitio\/","name":"Nuestro Bio B\u00edo","description":"Tierra de Encuentros","publisher":{"@id":"https:\/\/www.fraczinet.cl\/sitio\/#\/schema\/person\/aec8ee4da68df2b9b0eefdad24a0d582"},"potentialAction":[{"@type":"SearchAction","target":{"@type":"EntryPoint","urlTemplate":"https:\/\/www.fraczinet.cl\/sitio\/?s={search_term_string}"},"query-input":{"@type":"PropertyValueSpecification","valueRequired":true,"valueName":"search_term_string"}}],"inLanguage":"es"},{"@type":["Person","Organization"],"@id":"https:\/\/www.fraczinet.cl\/sitio\/#\/schema\/person\/aec8ee4da68df2b9b0eefdad24a0d582","name":"Luis Fernando Fraczinet","image":{"@type":"ImageObject","inLanguage":"es","@id":"https:\/\/www.fraczinet.cl\/sitio\/#\/schema\/person\/image\/","url":"https:\/\/www.fraczinet.cl\/sitio\/wp-content\/uploads\/2021\/07\/bannerlogo-1.gif","contentUrl":"https:\/\/www.fraczinet.cl\/sitio\/wp-content\/uploads\/2021\/07\/bannerlogo-1.gif","width":159,"height":79,"caption":"Luis Fernando Fraczinet"},"logo":{"@id":"https:\/\/www.fraczinet.cl\/sitio\/#\/schema\/person\/image\/"},"sameAs":["https:\/\/www.fraczinet.cl\/sitio\/"]},{"@type":"Person","@id":"https:\/\/www.fraczinet.cl\/sitio\/#\/schema\/person\/bc30f98e9cb10ae7e119dbe14bc93784","name":"admin","image":{"@type":"ImageObject","inLanguage":"es","@id":"https:\/\/www.fraczinet.cl\/sitio\/#\/schema\/person\/image\/","url":"https:\/\/secure.gravatar.com\/avatar\/d5ad3cf7ef3b23a2bb5be73be780c86b2fc8545c3ad6b149f3913ff458c00099?s=96&d=mm&r=g","contentUrl":"https:\/\/secure.gravatar.com\/avatar\/d5ad3cf7ef3b23a2bb5be73be780c86b2fc8545c3ad6b149f3913ff458c00099?s=96&d=mm&r=g","caption":"admin"},"sameAs":["https:\/\/www.fraczinet.cl\/sitio"]}]}},"_links":{"self":[{"href":"https:\/\/www.fraczinet.cl\/sitio\/wp-json\/wp\/v2\/posts\/15082","targetHints":{"allow":["GET"]}}],"collection":[{"href":"https:\/\/www.fraczinet.cl\/sitio\/wp-json\/wp\/v2\/posts"}],"about":[{"href":"https:\/\/www.fraczinet.cl\/sitio\/wp-json\/wp\/v2\/types\/post"}],"author":[{"embeddable":true,"href":"https:\/\/www.fraczinet.cl\/sitio\/wp-json\/wp\/v2\/users\/1"}],"replies":[{"embeddable":true,"href":"https:\/\/www.fraczinet.cl\/sitio\/wp-json\/wp\/v2\/comments?post=15082"}],"version-history":[{"count":2,"href":"https:\/\/www.fraczinet.cl\/sitio\/wp-json\/wp\/v2\/posts\/15082\/revisions"}],"predecessor-version":[{"id":15088,"href":"https:\/\/www.fraczinet.cl\/sitio\/wp-json\/wp\/v2\/posts\/15082\/revisions\/15088"}],"wp:featuredmedia":[{"embeddable":true,"href":"https:\/\/www.fraczinet.cl\/sitio\/wp-json\/wp\/v2\/media\/15085"}],"wp:attachment":[{"href":"https:\/\/www.fraczinet.cl\/sitio\/wp-json\/wp\/v2\/media?parent=15082"}],"wp:term":[{"taxonomy":"category","embeddable":true,"href":"https:\/\/www.fraczinet.cl\/sitio\/wp-json\/wp\/v2\/categories?post=15082"},{"taxonomy":"post_tag","embeddable":true,"href":"https:\/\/www.fraczinet.cl\/sitio\/wp-json\/wp\/v2\/tags?post=15082"}],"curies":[{"name":"wp","href":"https:\/\/api.w.org\/{rel}","templated":true}]}}