{"id":15093,"date":"2022-11-07T23:37:48","date_gmt":"2022-11-07T23:37:48","guid":{"rendered":"https:\/\/www.fraczinet.cl\/sitio\/?p=15093"},"modified":"2022-11-07T23:37:48","modified_gmt":"2022-11-07T23:37:48","slug":"graffiti-la-literatura-de-los-muros","status":"publish","type":"post","link":"https:\/\/www.fraczinet.cl\/sitio\/2022\/11\/07\/graffiti-la-literatura-de-los-muros\/","title":{"rendered":"Graffiti&#8230; La Literatura De Los Muros"},"content":{"rendered":"<p align=\"left\"><strong><img fetchpriority=\"high\" decoding=\"async\" class=\"size-full wp-image-15094 alignleft\" src=\"https:\/\/www.fraczinet.cl\/sitio\/wp-content\/uploads\/2022\/11\/Graffiti.jpg\" alt=\"\" width=\"252\" height=\"200\" \/>Hay muros que fueron editados&#8230; y publicados. Esos que ostentan inscripciones llamadas \u00abGraffiti\u00bb, o rayados, las m\u00e1s de las veces con frases inteligentes nacidas al calor de un combate&#8230; Para instruirse, a veces hay que leer los muros&#8230;<\/strong><\/p>\n<p align=\"left\"><a href=\"https:\/\/www.fraczinet.cl\/sitio\/opinion\/luis-casado\/\"><b>Escrito por Luis Casado<\/b><\/a><\/p>\n<p align=\"left\">A lo largo y ancho de mis viajes por el mundo siempre hubo un elemento com\u00fan: la salpimienta de los graffiti. Ellos exigen estar atento a la literatura que ofrecen los muros. Muros exteriores, en calles canallas, destartaladas y de pobre reputaci\u00f3n, o bien muros interiores, frecuentemente alicatados como conviene a las\u00a0<em>pissoti\u00e8res<\/em>, ed\u00edculos, urinarios, vespasianas, cagaderos, letrinas, toilettes o\u00a0<em>gogues<\/em>\u00a0seg\u00fan sea tu cari\u00f1o.<\/p>\n<p align=\"left\">En mis recuerdos figura un domingo franco y aburrido que pas\u00e9 solo en Montevideo, hasta encontrar en sus calles un ceremil de frases para el bronce cuya abundancia daba de qu\u00e9 llenar un libro. Libro que por lo dem\u00e1s ya hab\u00eda sido publicado para solaz de los amantes de la chispa, las ocurrencias y nuestra bella lengua castellana.<\/p>\n<p align=\"left\">El t\u00edtulo de esa joya:\u00a0<em>Contra cualquier muro \u2013 Los graffiti de la transici\u00f3n 1985-1989<\/em>. El orfebre fue Eduardo Roland, quien recogi\u00f3 cuidadosa y amorosamente esos estallidos de inteligencia, de humor y de significados profundos que me dieron la sensaci\u00f3n de aprender filosof\u00eda mientras caminaba sin rumbo preciso.<\/p>\n<p align=\"left\">All\u00ed recog\u00ed en mi memoria esa oraci\u00f3n que reza:<\/p>\n<p align=\"left\"><strong>\u201c\u00c1nimo compa\u00f1eros, la vida puede m\u00e1s\u2026\u201d<\/strong><\/p>\n<p align=\"left\">Mensaje de esperanza cuando en Chile corr\u00edan los tiempos de la dictadura en bruto, mucho antes de la dictadura en brote y en brete.<\/p>\n<p align=\"left\">Mi acendrado ate\u00edsmo racionalista se sinti\u00f3 confortado al leer<\/p>\n<p align=\"left\"><strong>\u201cDios no existe. Alejandro.\u201d<\/strong><\/p>\n<p align=\"left\">Unos metros m\u00e1s all\u00e1 otro graffiti me envi\u00f3 de regreso a la Biblia:<\/p>\n<p align=\"left\"><strong>\u201cAlejandro no existe. Dios.\u201d<\/strong><\/p>\n<p align=\"left\">Lo que hizo venir a mi memoria chispazos m\u00e1s antiguos\u2026 Como esa frase atribuida al anarquista ruso Piotr Alexeievitch Kropotkin:<\/p>\n<p align=\"left\"><strong>\u201cLa \u00fanica iglesia que ilumina es la que arde\u2026\u201d<\/strong><\/p>\n<p align=\"left\">Como quiera que sea \u2013no hemos inventado nada\u2013 los graffiti exist\u00edan hace siglos. Se cuenta que en lugares inaccesibles de\u00a0<em>N\u00f4tre Dame de Paris<\/em>\u00a0las piedras de los muros llevan salaces inscripciones hechas por los artesanos que la construyeron. A fin de cuentas nuestros amigos uruguayos no hac\u00edan sino emular con br\u00edo a los j\u00f3venes de Mayo\u201968, esos que quer\u00edan\u00a0<em>Tomar el cielo por asalto<\/em>\u00a0y escribieron en el Barrio Latino:<\/p>\n<p align=\"left\"><strong>\u201cLa barricada cierra la calle, pero abre el camino\u201d<\/strong><\/p>\n<p align=\"left\">O bien el inolvidable<\/p>\n<p align=\"left\"><strong>\u201cSous les pav\u00e9s la plage\u2026\u201d<\/strong><\/p>\n<p align=\"left\">(bajo el empedrado est\u00e1 la playa\u2026): los adoquines eran arrancados del suelo para combatir a las fuerzas represivas.<\/p>\n<p align=\"left\">La revoluci\u00f3n de Mayo\u201968 tambi\u00e9n nos dej\u00f3 un radical: \u201cSeamos realistas. Pidamos lo imposible\u201d. Y el recuerdo de las ansias de libertad del joven que ray\u00f3 un muro para preguntar:<\/p>\n<p align=\"left\"><strong>\u201c\u00bfC\u00f3mo pensar libremente a la sombra de una capilla?\u201d<\/strong><\/p>\n<p align=\"left\">E incluso las amargas palabras que \u201cN\u201d, mi amigo rancag\u00fcino, ley\u00f3 en La Sorbona:<\/p>\n<p align=\"left\"><strong>\u201cObrero, si quieres ser libre\u2026 \u00a1ah\u00f3rcate!\u201d<\/strong><\/p>\n<p align=\"left\">Los graffiti de Mayo\u201968 tambi\u00e9n fueron objeto de un libro, uno de cuyos ejemplares forma parte de lo m\u00e1s preciado de mi modesta biblioteca. De ah\u00ed que cuando visit\u00e9 la librer\u00eda b\u00e1sicamente elemental de Voulx, pueblito de apenas 1.761 habitantes en la provincia de\u00a0<em>Seine et Marne<\/em>\u00a0(Francia), me apresurase a poner en el montoncito de libros que compr\u00e9 (Rimbaud, Boris Vian, Sade, George Orwell, Balzac\u2026) un ejemplar de\u00a0<em>Les Murs se Marrent<\/em>\u00a0(los muros se matan de la risa), recopilaci\u00f3n de graffiti de R\u00e9gis Hauser.<\/p>\n<p align=\"left\">Lo que Hauser revela son chispas provenientes mayormente de sitios como el descrito por Cervantes, t\u00fa ya sabes, ese \u201c\u2026lugar sagrado donde acude tanta gente, hace fuerza el m\u00e1s cobarde y se caga el m\u00e1s valiente\u2026\u00bb<\/p>\n<p align=\"left\">Hauser y quienes tuvieron la amabilidad de enviarle frases descubiertas al azar de una meada aleatoria en letrinas improbables, nos permiten acercarnos a estas erupciones neuronales que provocan admiraci\u00f3n, sonrisas y un no disimulado placer.<\/p>\n<p align=\"left\">Entre otras perlas encontradas en\u00a0<em>Les Murs se Marrent\u2026<\/em><\/p>\n<p align=\"left\"><strong>Coca-Cola = Caca \u00e9colo\u2026 y que viva el tinto<\/strong><\/p>\n<p align=\"left\"><strong>Aqu\u00ed hab\u00eda menos alemanes durante la guerra\u2026<\/strong><\/p>\n<p align=\"left\"><strong>Puta: persona p\u00fablica que incita, promete, se hace pagar por adelantado y te coge<\/strong><br \/>\nDiputado: \u00eddem<\/p>\n<p align=\"left\"><strong>Haz el amor, no la guerra<\/strong><br \/>\nHice los dos: hace 20 a\u00f1os que estoy casado\u2026<\/p>\n<p align=\"left\"><strong>T\u00fa, que te alivias en este ed\u00edculo, honorable lector, tienes el futuro entre tus manos<\/strong><br \/>\nPor lo que veo no cuentes con una familia numerosa\u2026<\/p>\n<p align=\"left\"><strong>Marca Registrada<\/strong><br \/>\n(al lado de una mancha de dudosa proveniencia)<\/p>\n<p align=\"left\"><strong>\u00bfSoy realmente responsable si tengo este complejo de culpabilidad?<\/strong><\/p>\n<p align=\"left\"><strong>\u00bfD\u00f3nde crece el c\u00e1\u00f1amo que servir\u00e1 para colgar a los pol\u00edticos?<\/strong><br \/>\n\u00bfD\u00f3nde crecen los pinos con que haremos sus f\u00e9retros?<\/p>\n<p align=\"left\"><strong>Dios existe<\/strong><br \/>\nDesde luego, la prueba es que te respondo, hijo\u2026<\/p>\n<p align=\"left\"><strong>En caso de incendio no use el ascensor<\/strong><br \/>\nUse el extintor\u2026<\/p>\n<p align=\"left\"><strong>Micci\u00f3n Imposible<\/strong><\/p>\n<p align=\"left\"><strong>La vida es una enfermedad transmisible sexualmente<\/strong><\/p>\n<p align=\"left\"><strong>Coito Ergo Sum<\/strong><\/p>\n<p align=\"left\"><strong>Si mi t\u00eda tuviera dos, la llamar\u00eda mi t\u00edo\u2026<\/strong><br \/>\nSi mi t\u00edo tuviera dos, llamar\u00eda a mi t\u00eda\u2026<\/p>\n<p align=\"left\"><strong>Estefan\u00eda de M\u00f3naco toca los cojones\u2026<\/strong><br \/>\n\u00bfD\u00f3nde? \u00bfA qu\u00e9 hora?<\/p>\n<p align=\"left\"><strong>Este Restaurant tiene dos especialidades: el pollo y la mesera<\/strong><br \/>\nYo prefiero el pollo\u2026<\/p>\n<p align=\"left\"><strong>Siempre tube amvisioneh<\/strong><br \/>\nAhora soi funsionario de karavineroh<\/p>\n<p align=\"left\">No s\u00e9 t\u00fa, pero a m\u00ed estos ramalazos de inteligencia me alegran la vida, me dan la impresi\u00f3n de devenir m\u00e1s astuto, me devuelven la fe en la especie humana\u2026 A m\u00ed, que afecciono las frases que atravesaron siglos para llegar hasta nosotros, con su carga explosiva de racionalidad e inteligencia. Yo las uso en la banderola de POLITIKA, como una suerte de homenaje a quienes compartieron sus agudas reflexiones con generaciones que no ten\u00edan ninguna posibilidad de conocer. He aqu\u00ed algunas:<\/p>\n<p align=\"left\"><strong>Un c\u00ednico es un hombre que conoce el precio de todo y el valor de nada (O. Wilde)<\/strong><\/p>\n<p align=\"left\"><strong>Los EEUU son un pa\u00eds que pas\u00f3 directamente de la barbarie a la decadencia sin haber conocido jam\u00e1s la civilizaci\u00f3n (O. Wilde)<\/strong><\/p>\n<p align=\"left\"><strong>Si os dan papel pautado, escribid del otro lado\u2026 (J.J. Jim\u00e9nez)<\/strong><\/p>\n<p align=\"left\"><strong>Ud. piensa demasiado, dijo Montag, inc\u00f3modo\u2026 (Ray Bradbury \u2013 Fahrenheit 451)<\/strong><\/p>\n<p align=\"left\"><strong>\u00bfUd, es feliz?, pregunt\u00f3 Clarisse. \u00bfQu\u00e9 si yo soy qu\u00e9?, respondi\u00f3 Montag (Ray Bradbury \u2013 Fahrenheit 451)<\/strong><\/p>\n<p align=\"left\"><strong>La vida hay que vivirla, que es para lo \u00fanico que sirve (Marcos Mundstock)<\/strong><\/p>\n<p align=\"left\"><strong>Jes\u00fas no dijo \u201cAmaos los unos a los otros, sino Armaos los unos a los otros\u201d<\/strong><\/p>\n<p align=\"left\"><strong>\u00a1Osad! Esta palabra resume toda la pol\u00edtica de nuestra revoluci\u00f3n (Saint-Just)<\/strong><\/p>\n<p align=\"left\"><strong>La pol\u00edtica es el arte de mentir de adrede\u2026 (Voltaire)<\/strong><\/p>\n<p align=\"left\"><strong>El mejor r\u00e9gimen pol\u00edtico es la monarqu\u00eda absoluta moderada por el asesinato\u2026 (Stendhal)<\/strong><\/p>\n<p align=\"left\">Todas estas reflexiones me hacen tomar caldo de cabeza, me obligan a reflexionar, a cuestionar la cuesti\u00f3n y a consolidar \u2013o a modificar\u2013 opiniones que cre\u00eda construidas en hormig\u00f3n armado.<\/p>\n<p align=\"left\">Por cierto, tambi\u00e9n hay citas de algunos enanos mentales, \u2013al parecer la Naturaleza adora las simetr\u00edas\u2013, que dan cuenta de la profundidad a la que se encuentra el ancla del fascismo. A t\u00edtulo de vacuna indolora he aqu\u00ed algunas que merecen el desv\u00edo:<\/p>\n<p align=\"left\"><strong>A m\u00ed lo que no me gusta de la reforma educativa es la palabra \u2018laica\u2019 (Jorge Burgos)<\/strong><\/p>\n<p align=\"left\"><strong>La nueva constituci\u00f3n no tiene por qu\u00e9 ser de Golpe\u2026 (Jorge Pizarro)<\/strong><\/p>\n<p align=\"left\"><strong>Legalizar la eugenesia significa que se acab\u00f3 la Telet\u00f3n\u2026 (Gustavo Hasb\u00fan)<\/strong><\/p>\n<p align=\"left\"><strong>Solo una maquinaci\u00f3n intelectual es capaz de decir que la mujer tiene derecho a decidir sobre su cuerpo (Jos\u00e9 Antonio Kast)<\/strong><\/p>\n<p align=\"left\"><strong>Una mujer violada no est\u00e1 en condiciones de pensar (Iv\u00e1n Flores)<\/strong><\/p>\n<p align=\"left\"><strong>Antes de abortar hay que preguntarle al feto (Andrea Molina)<\/strong><\/p>\n<p>Por alguna raz\u00f3n, aparte\u00a0<em>Mein Kampf<\/em>\u00a0y alguna cosilla de Mussolini, estas \u2018gracias\u2019 no han sido publicadas sino por POLITIKA, en su af\u00e1n de demostrar que\u00a0<em>lo que Natura non da\u2026 Salamanca non presta<\/em>.<\/p>\n","protected":false},"excerpt":{"rendered":"<p>Hay muros que fueron editados&#8230; y publicados. Esos que ostentan inscripciones llamadas \u00abGraffiti\u00bb, o rayados, las m\u00e1s de las veces con frases inteligentes nacidas al calor de un combate&#8230; Para instruirse, a veces hay que leer los muros&#8230;<\/p>\n","protected":false},"author":1,"featured_media":15094,"comment_status":"open","ping_status":"open","sticky":false,"template":"","format":"standard","meta":{"footnotes":""},"categories":[322,112],"tags":[],"class_list":["post-15093","post","type-post","status-publish","format-standard","has-post-thumbnail","hentry","category-luis-casado","category-opinion"],"yoast_head":"<!-- This site is optimized with the Yoast SEO plugin v25.0 - https:\/\/yoast.com\/wordpress\/plugins\/seo\/ -->\n<title>Graffiti... La Literatura De Los Muros - Nuestro Bio B\u00edo<\/title>\n<meta name=\"description\" content=\"Hay muros que fueron editados... y publicados. Esos que ostentan inscripciones llamadas &quot;Graffiti&quot;, o rayados, las m\u00e1s de las veces con frases inteligentes nacidas al calor de un combate... Para instruirse, a veces hay que leer los muros...\" \/>\n<meta name=\"robots\" content=\"index, follow, max-snippet:-1, max-image-preview:large, max-video-preview:-1\" \/>\n<link rel=\"canonical\" href=\"https:\/\/www.fraczinet.cl\/sitio\/2022\/11\/07\/graffiti-la-literatura-de-los-muros\/\" \/>\n<meta property=\"og:locale\" content=\"es_ES\" \/>\n<meta property=\"og:type\" content=\"article\" \/>\n<meta property=\"og:title\" content=\"Graffiti... La Literatura De Los Muros - Nuestro Bio B\u00edo\" \/>\n<meta property=\"og:description\" content=\"Hay muros que fueron editados... y publicados. Esos que ostentan inscripciones llamadas &quot;Graffiti&quot;, o rayados, las m\u00e1s de las veces con frases inteligentes nacidas al calor de un combate... Para instruirse, a veces hay que leer los muros...\" \/>\n<meta property=\"og:url\" content=\"https:\/\/www.fraczinet.cl\/sitio\/2022\/11\/07\/graffiti-la-literatura-de-los-muros\/\" \/>\n<meta property=\"og:site_name\" content=\"Nuestro Bio B\u00edo\" \/>\n<meta property=\"article:published_time\" content=\"2022-11-07T23:37:48+00:00\" \/>\n<meta property=\"og:image\" content=\"https:\/\/www.fraczinet.cl\/sitio\/wp-content\/uploads\/2022\/11\/Graffiti.jpg\" \/>\n\t<meta property=\"og:image:width\" content=\"252\" \/>\n\t<meta property=\"og:image:height\" content=\"200\" \/>\n\t<meta property=\"og:image:type\" content=\"image\/jpeg\" \/>\n<meta name=\"author\" content=\"admin\" \/>\n<meta name=\"twitter:card\" content=\"summary_large_image\" \/>\n<meta name=\"twitter:creator\" content=\"@nuestrobiobio\" \/>\n<meta name=\"twitter:site\" content=\"@nuestrobiobio\" \/>\n<meta name=\"twitter:label1\" content=\"Escrito por\" \/>\n\t<meta name=\"twitter:data1\" content=\"admin\" \/>\n\t<meta name=\"twitter:label2\" content=\"Tiempo de lectura\" \/>\n\t<meta name=\"twitter:data2\" content=\"6 minutos\" \/>\n<script type=\"application\/ld+json\" class=\"yoast-schema-graph\">{\"@context\":\"https:\/\/schema.org\",\"@graph\":[{\"@type\":\"Article\",\"@id\":\"https:\/\/www.fraczinet.cl\/sitio\/2022\/11\/07\/graffiti-la-literatura-de-los-muros\/#article\",\"isPartOf\":{\"@id\":\"https:\/\/www.fraczinet.cl\/sitio\/2022\/11\/07\/graffiti-la-literatura-de-los-muros\/\"},\"author\":{\"name\":\"admin\",\"@id\":\"https:\/\/www.fraczinet.cl\/sitio\/#\/schema\/person\/bc30f98e9cb10ae7e119dbe14bc93784\"},\"headline\":\"Graffiti&#8230; La Literatura De Los Muros\",\"datePublished\":\"2022-11-07T23:37:48+00:00\",\"mainEntityOfPage\":{\"@id\":\"https:\/\/www.fraczinet.cl\/sitio\/2022\/11\/07\/graffiti-la-literatura-de-los-muros\/\"},\"wordCount\":1341,\"commentCount\":0,\"publisher\":{\"@id\":\"https:\/\/www.fraczinet.cl\/sitio\/#\/schema\/person\/aec8ee4da68df2b9b0eefdad24a0d582\"},\"image\":{\"@id\":\"https:\/\/www.fraczinet.cl\/sitio\/2022\/11\/07\/graffiti-la-literatura-de-los-muros\/#primaryimage\"},\"thumbnailUrl\":\"https:\/\/www.fraczinet.cl\/sitio\/wp-content\/uploads\/2022\/11\/Graffiti.jpg\",\"articleSection\":[\"Luis Casado\",\"Opini\u00f3n\"],\"inLanguage\":\"es\",\"potentialAction\":[{\"@type\":\"CommentAction\",\"name\":\"Comment\",\"target\":[\"https:\/\/www.fraczinet.cl\/sitio\/2022\/11\/07\/graffiti-la-literatura-de-los-muros\/#respond\"]}]},{\"@type\":\"WebPage\",\"@id\":\"https:\/\/www.fraczinet.cl\/sitio\/2022\/11\/07\/graffiti-la-literatura-de-los-muros\/\",\"url\":\"https:\/\/www.fraczinet.cl\/sitio\/2022\/11\/07\/graffiti-la-literatura-de-los-muros\/\",\"name\":\"Graffiti... La Literatura De Los Muros - Nuestro Bio B\u00edo\",\"isPartOf\":{\"@id\":\"https:\/\/www.fraczinet.cl\/sitio\/#website\"},\"primaryImageOfPage\":{\"@id\":\"https:\/\/www.fraczinet.cl\/sitio\/2022\/11\/07\/graffiti-la-literatura-de-los-muros\/#primaryimage\"},\"image\":{\"@id\":\"https:\/\/www.fraczinet.cl\/sitio\/2022\/11\/07\/graffiti-la-literatura-de-los-muros\/#primaryimage\"},\"thumbnailUrl\":\"https:\/\/www.fraczinet.cl\/sitio\/wp-content\/uploads\/2022\/11\/Graffiti.jpg\",\"datePublished\":\"2022-11-07T23:37:48+00:00\",\"description\":\"Hay muros que fueron editados... y publicados. Esos que ostentan inscripciones llamadas \\\"Graffiti\\\", o rayados, las m\u00e1s de las veces con frases inteligentes nacidas al calor de un combate... Para instruirse, a veces hay que leer los muros...\",\"breadcrumb\":{\"@id\":\"https:\/\/www.fraczinet.cl\/sitio\/2022\/11\/07\/graffiti-la-literatura-de-los-muros\/#breadcrumb\"},\"inLanguage\":\"es\",\"potentialAction\":[{\"@type\":\"ReadAction\",\"target\":[\"https:\/\/www.fraczinet.cl\/sitio\/2022\/11\/07\/graffiti-la-literatura-de-los-muros\/\"]}]},{\"@type\":\"ImageObject\",\"inLanguage\":\"es\",\"@id\":\"https:\/\/www.fraczinet.cl\/sitio\/2022\/11\/07\/graffiti-la-literatura-de-los-muros\/#primaryimage\",\"url\":\"https:\/\/www.fraczinet.cl\/sitio\/wp-content\/uploads\/2022\/11\/Graffiti.jpg\",\"contentUrl\":\"https:\/\/www.fraczinet.cl\/sitio\/wp-content\/uploads\/2022\/11\/Graffiti.jpg\",\"width\":252,\"height\":200},{\"@type\":\"BreadcrumbList\",\"@id\":\"https:\/\/www.fraczinet.cl\/sitio\/2022\/11\/07\/graffiti-la-literatura-de-los-muros\/#breadcrumb\",\"itemListElement\":[{\"@type\":\"ListItem\",\"position\":1,\"name\":\"Portada\",\"item\":\"https:\/\/www.fraczinet.cl\/sitio\/\"},{\"@type\":\"ListItem\",\"position\":2,\"name\":\"Graffiti&#8230; La Literatura De Los Muros\"}]},{\"@type\":\"WebSite\",\"@id\":\"https:\/\/www.fraczinet.cl\/sitio\/#website\",\"url\":\"https:\/\/www.fraczinet.cl\/sitio\/\",\"name\":\"Nuestro Bio B\u00edo\",\"description\":\"Tierra de Encuentros\",\"publisher\":{\"@id\":\"https:\/\/www.fraczinet.cl\/sitio\/#\/schema\/person\/aec8ee4da68df2b9b0eefdad24a0d582\"},\"potentialAction\":[{\"@type\":\"SearchAction\",\"target\":{\"@type\":\"EntryPoint\",\"urlTemplate\":\"https:\/\/www.fraczinet.cl\/sitio\/?s={search_term_string}\"},\"query-input\":{\"@type\":\"PropertyValueSpecification\",\"valueRequired\":true,\"valueName\":\"search_term_string\"}}],\"inLanguage\":\"es\"},{\"@type\":[\"Person\",\"Organization\"],\"@id\":\"https:\/\/www.fraczinet.cl\/sitio\/#\/schema\/person\/aec8ee4da68df2b9b0eefdad24a0d582\",\"name\":\"Luis Fernando Fraczinet\",\"image\":{\"@type\":\"ImageObject\",\"inLanguage\":\"es\",\"@id\":\"https:\/\/www.fraczinet.cl\/sitio\/#\/schema\/person\/image\/\",\"url\":\"https:\/\/www.fraczinet.cl\/sitio\/wp-content\/uploads\/2021\/07\/bannerlogo-1.gif\",\"contentUrl\":\"https:\/\/www.fraczinet.cl\/sitio\/wp-content\/uploads\/2021\/07\/bannerlogo-1.gif\",\"width\":159,\"height\":79,\"caption\":\"Luis Fernando Fraczinet\"},\"logo\":{\"@id\":\"https:\/\/www.fraczinet.cl\/sitio\/#\/schema\/person\/image\/\"},\"sameAs\":[\"https:\/\/www.fraczinet.cl\/sitio\/\"]},{\"@type\":\"Person\",\"@id\":\"https:\/\/www.fraczinet.cl\/sitio\/#\/schema\/person\/bc30f98e9cb10ae7e119dbe14bc93784\",\"name\":\"admin\",\"image\":{\"@type\":\"ImageObject\",\"inLanguage\":\"es\",\"@id\":\"https:\/\/www.fraczinet.cl\/sitio\/#\/schema\/person\/image\/\",\"url\":\"https:\/\/secure.gravatar.com\/avatar\/d5ad3cf7ef3b23a2bb5be73be780c86b2fc8545c3ad6b149f3913ff458c00099?s=96&d=mm&r=g\",\"contentUrl\":\"https:\/\/secure.gravatar.com\/avatar\/d5ad3cf7ef3b23a2bb5be73be780c86b2fc8545c3ad6b149f3913ff458c00099?s=96&d=mm&r=g\",\"caption\":\"admin\"},\"sameAs\":[\"https:\/\/www.fraczinet.cl\/sitio\"]}]}<\/script>\n<!-- \/ Yoast SEO plugin. -->","yoast_head_json":{"title":"Graffiti... La Literatura De Los Muros - Nuestro Bio B\u00edo","description":"Hay muros que fueron editados... y publicados. Esos que ostentan inscripciones llamadas \"Graffiti\", o rayados, las m\u00e1s de las veces con frases inteligentes nacidas al calor de un combate... Para instruirse, a veces hay que leer los muros...","robots":{"index":"index","follow":"follow","max-snippet":"max-snippet:-1","max-image-preview":"max-image-preview:large","max-video-preview":"max-video-preview:-1"},"canonical":"https:\/\/www.fraczinet.cl\/sitio\/2022\/11\/07\/graffiti-la-literatura-de-los-muros\/","og_locale":"es_ES","og_type":"article","og_title":"Graffiti... La Literatura De Los Muros - Nuestro Bio B\u00edo","og_description":"Hay muros que fueron editados... y publicados. Esos que ostentan inscripciones llamadas \"Graffiti\", o rayados, las m\u00e1s de las veces con frases inteligentes nacidas al calor de un combate... Para instruirse, a veces hay que leer los muros...","og_url":"https:\/\/www.fraczinet.cl\/sitio\/2022\/11\/07\/graffiti-la-literatura-de-los-muros\/","og_site_name":"Nuestro Bio B\u00edo","article_published_time":"2022-11-07T23:37:48+00:00","og_image":[{"width":252,"height":200,"url":"https:\/\/www.fraczinet.cl\/sitio\/wp-content\/uploads\/2022\/11\/Graffiti.jpg","type":"image\/jpeg"}],"author":"admin","twitter_card":"summary_large_image","twitter_creator":"@nuestrobiobio","twitter_site":"@nuestrobiobio","twitter_misc":{"Escrito por":"admin","Tiempo de lectura":"6 minutos"},"schema":{"@context":"https:\/\/schema.org","@graph":[{"@type":"Article","@id":"https:\/\/www.fraczinet.cl\/sitio\/2022\/11\/07\/graffiti-la-literatura-de-los-muros\/#article","isPartOf":{"@id":"https:\/\/www.fraczinet.cl\/sitio\/2022\/11\/07\/graffiti-la-literatura-de-los-muros\/"},"author":{"name":"admin","@id":"https:\/\/www.fraczinet.cl\/sitio\/#\/schema\/person\/bc30f98e9cb10ae7e119dbe14bc93784"},"headline":"Graffiti&#8230; La Literatura De Los Muros","datePublished":"2022-11-07T23:37:48+00:00","mainEntityOfPage":{"@id":"https:\/\/www.fraczinet.cl\/sitio\/2022\/11\/07\/graffiti-la-literatura-de-los-muros\/"},"wordCount":1341,"commentCount":0,"publisher":{"@id":"https:\/\/www.fraczinet.cl\/sitio\/#\/schema\/person\/aec8ee4da68df2b9b0eefdad24a0d582"},"image":{"@id":"https:\/\/www.fraczinet.cl\/sitio\/2022\/11\/07\/graffiti-la-literatura-de-los-muros\/#primaryimage"},"thumbnailUrl":"https:\/\/www.fraczinet.cl\/sitio\/wp-content\/uploads\/2022\/11\/Graffiti.jpg","articleSection":["Luis Casado","Opini\u00f3n"],"inLanguage":"es","potentialAction":[{"@type":"CommentAction","name":"Comment","target":["https:\/\/www.fraczinet.cl\/sitio\/2022\/11\/07\/graffiti-la-literatura-de-los-muros\/#respond"]}]},{"@type":"WebPage","@id":"https:\/\/www.fraczinet.cl\/sitio\/2022\/11\/07\/graffiti-la-literatura-de-los-muros\/","url":"https:\/\/www.fraczinet.cl\/sitio\/2022\/11\/07\/graffiti-la-literatura-de-los-muros\/","name":"Graffiti... La Literatura De Los Muros - Nuestro Bio B\u00edo","isPartOf":{"@id":"https:\/\/www.fraczinet.cl\/sitio\/#website"},"primaryImageOfPage":{"@id":"https:\/\/www.fraczinet.cl\/sitio\/2022\/11\/07\/graffiti-la-literatura-de-los-muros\/#primaryimage"},"image":{"@id":"https:\/\/www.fraczinet.cl\/sitio\/2022\/11\/07\/graffiti-la-literatura-de-los-muros\/#primaryimage"},"thumbnailUrl":"https:\/\/www.fraczinet.cl\/sitio\/wp-content\/uploads\/2022\/11\/Graffiti.jpg","datePublished":"2022-11-07T23:37:48+00:00","description":"Hay muros que fueron editados... y publicados. Esos que ostentan inscripciones llamadas \"Graffiti\", o rayados, las m\u00e1s de las veces con frases inteligentes nacidas al calor de un combate... Para instruirse, a veces hay que leer los muros...","breadcrumb":{"@id":"https:\/\/www.fraczinet.cl\/sitio\/2022\/11\/07\/graffiti-la-literatura-de-los-muros\/#breadcrumb"},"inLanguage":"es","potentialAction":[{"@type":"ReadAction","target":["https:\/\/www.fraczinet.cl\/sitio\/2022\/11\/07\/graffiti-la-literatura-de-los-muros\/"]}]},{"@type":"ImageObject","inLanguage":"es","@id":"https:\/\/www.fraczinet.cl\/sitio\/2022\/11\/07\/graffiti-la-literatura-de-los-muros\/#primaryimage","url":"https:\/\/www.fraczinet.cl\/sitio\/wp-content\/uploads\/2022\/11\/Graffiti.jpg","contentUrl":"https:\/\/www.fraczinet.cl\/sitio\/wp-content\/uploads\/2022\/11\/Graffiti.jpg","width":252,"height":200},{"@type":"BreadcrumbList","@id":"https:\/\/www.fraczinet.cl\/sitio\/2022\/11\/07\/graffiti-la-literatura-de-los-muros\/#breadcrumb","itemListElement":[{"@type":"ListItem","position":1,"name":"Portada","item":"https:\/\/www.fraczinet.cl\/sitio\/"},{"@type":"ListItem","position":2,"name":"Graffiti&#8230; La Literatura De Los Muros"}]},{"@type":"WebSite","@id":"https:\/\/www.fraczinet.cl\/sitio\/#website","url":"https:\/\/www.fraczinet.cl\/sitio\/","name":"Nuestro Bio B\u00edo","description":"Tierra de Encuentros","publisher":{"@id":"https:\/\/www.fraczinet.cl\/sitio\/#\/schema\/person\/aec8ee4da68df2b9b0eefdad24a0d582"},"potentialAction":[{"@type":"SearchAction","target":{"@type":"EntryPoint","urlTemplate":"https:\/\/www.fraczinet.cl\/sitio\/?s={search_term_string}"},"query-input":{"@type":"PropertyValueSpecification","valueRequired":true,"valueName":"search_term_string"}}],"inLanguage":"es"},{"@type":["Person","Organization"],"@id":"https:\/\/www.fraczinet.cl\/sitio\/#\/schema\/person\/aec8ee4da68df2b9b0eefdad24a0d582","name":"Luis Fernando Fraczinet","image":{"@type":"ImageObject","inLanguage":"es","@id":"https:\/\/www.fraczinet.cl\/sitio\/#\/schema\/person\/image\/","url":"https:\/\/www.fraczinet.cl\/sitio\/wp-content\/uploads\/2021\/07\/bannerlogo-1.gif","contentUrl":"https:\/\/www.fraczinet.cl\/sitio\/wp-content\/uploads\/2021\/07\/bannerlogo-1.gif","width":159,"height":79,"caption":"Luis Fernando Fraczinet"},"logo":{"@id":"https:\/\/www.fraczinet.cl\/sitio\/#\/schema\/person\/image\/"},"sameAs":["https:\/\/www.fraczinet.cl\/sitio\/"]},{"@type":"Person","@id":"https:\/\/www.fraczinet.cl\/sitio\/#\/schema\/person\/bc30f98e9cb10ae7e119dbe14bc93784","name":"admin","image":{"@type":"ImageObject","inLanguage":"es","@id":"https:\/\/www.fraczinet.cl\/sitio\/#\/schema\/person\/image\/","url":"https:\/\/secure.gravatar.com\/avatar\/d5ad3cf7ef3b23a2bb5be73be780c86b2fc8545c3ad6b149f3913ff458c00099?s=96&d=mm&r=g","contentUrl":"https:\/\/secure.gravatar.com\/avatar\/d5ad3cf7ef3b23a2bb5be73be780c86b2fc8545c3ad6b149f3913ff458c00099?s=96&d=mm&r=g","caption":"admin"},"sameAs":["https:\/\/www.fraczinet.cl\/sitio"]}]}},"_links":{"self":[{"href":"https:\/\/www.fraczinet.cl\/sitio\/wp-json\/wp\/v2\/posts\/15093","targetHints":{"allow":["GET"]}}],"collection":[{"href":"https:\/\/www.fraczinet.cl\/sitio\/wp-json\/wp\/v2\/posts"}],"about":[{"href":"https:\/\/www.fraczinet.cl\/sitio\/wp-json\/wp\/v2\/types\/post"}],"author":[{"embeddable":true,"href":"https:\/\/www.fraczinet.cl\/sitio\/wp-json\/wp\/v2\/users\/1"}],"replies":[{"embeddable":true,"href":"https:\/\/www.fraczinet.cl\/sitio\/wp-json\/wp\/v2\/comments?post=15093"}],"version-history":[{"count":1,"href":"https:\/\/www.fraczinet.cl\/sitio\/wp-json\/wp\/v2\/posts\/15093\/revisions"}],"predecessor-version":[{"id":15096,"href":"https:\/\/www.fraczinet.cl\/sitio\/wp-json\/wp\/v2\/posts\/15093\/revisions\/15096"}],"wp:featuredmedia":[{"embeddable":true,"href":"https:\/\/www.fraczinet.cl\/sitio\/wp-json\/wp\/v2\/media\/15094"}],"wp:attachment":[{"href":"https:\/\/www.fraczinet.cl\/sitio\/wp-json\/wp\/v2\/media?parent=15093"}],"wp:term":[{"taxonomy":"category","embeddable":true,"href":"https:\/\/www.fraczinet.cl\/sitio\/wp-json\/wp\/v2\/categories?post=15093"},{"taxonomy":"post_tag","embeddable":true,"href":"https:\/\/www.fraczinet.cl\/sitio\/wp-json\/wp\/v2\/tags?post=15093"}],"curies":[{"name":"wp","href":"https:\/\/api.w.org\/{rel}","templated":true}]}}