{"id":15097,"date":"2022-11-08T22:18:44","date_gmt":"2022-11-08T22:18:44","guid":{"rendered":"https:\/\/www.fraczinet.cl\/sitio\/?p=15097"},"modified":"2022-11-09T20:49:57","modified_gmt":"2022-11-09T20:49:57","slug":"chillan-por-gabriela-mistral","status":"publish","type":"post","link":"https:\/\/www.fraczinet.cl\/sitio\/chillan-por-gabriela-mistral\/","title":{"rendered":"Chill\u00e1n&#8230; Por Gabriela Mistral"},"content":{"rendered":"<p><img fetchpriority=\"high\" decoding=\"async\" class=\"size-medium wp-image-15098 alignleft\" src=\"https:\/\/www.fraczinet.cl\/sitio\/wp-content\/uploads\/2022\/11\/Poema-de-Chile-Gabriela-Mistral-182x300.png\" alt=\"\" width=\"182\" height=\"300\" srcset=\"https:\/\/www.fraczinet.cl\/sitio\/wp-content\/uploads\/2022\/11\/Poema-de-Chile-Gabriela-Mistral-182x300.png 182w, https:\/\/www.fraczinet.cl\/sitio\/wp-content\/uploads\/2022\/11\/Poema-de-Chile-Gabriela-Mistral.png 428w\" sizes=\"(max-width: 182px) 100vw, 182px\" \/>La ciudad de amansaderas,<\/p>\n<p>curtidores y alfareros,<\/p>\n<p>tiene tendones heridos<\/p>\n<p>y un no s\u00e9 qu\u00e9 de lo hu\u00e9rfano<\/p>\n<p>y a medio alzarse nos cuenta<\/p>\n<p>de su tercer nacimiento.<\/p>\n<p>&nbsp;<\/p>\n<p>El juega en todas las rondas,<\/p>\n<p>vuelto ni\u00f1o de su tiempo.<\/p>\n<p>Da a Eduardo su romance<\/p>\n<p>y a Manuel sopla cuentos<\/p>\n<p>y a Pablo le hace cantar<\/p>\n<p>su m\u00e1s feliz canto nuevo.<\/p>\n<p>&nbsp;<\/p>\n<p>El baja por no olvidar<\/p>\n<p>la Cordillera<\/p>\n<p>la madraza araucaria,<\/p>\n<p>la feria del chillanejo.<\/p>\n<p>&nbsp;<\/p>\n<p>Y cuando baja, lo sigue<\/p>\n<p>por la vertical del vuelo<\/p>\n<p>Do\u00f1a Isabel, y se adentra<\/p>\n<p>por \u00e9ste y el otro pueblo<\/p>\n<p>donde un corro de mujeres<\/p>\n<p>baila bailes de su tiempo;<\/p>\n<p>y entre una y otra danza,<\/p>\n<p>nos averigua si habemos<\/p>\n<p>m\u00e1s pan, m\u00e1s leche y contento.<\/p>\n<p>Y ahora le vamos a contar<\/p>\n<p>que cunden cosas y puertos.<\/p>\n<p>&nbsp;<\/p>\n<p>Do\u00f1a Isabel se retarda,<\/p>\n<p>Bernardo vuelve contento<\/p>\n<p>y despu\u00e9s, despu\u00e9s, los dos<\/p>\n<p>vuelven tejiendo el comento.<\/p>\n<p>&nbsp;<\/p>\n<p>Es la presencia callada<\/p>\n<p>y viva, es el largo aliento<\/p>\n<p>de uno que vive en<\/p>\n<p>mundo como un sacramento<\/p>\n<p>que en la ca\u00edda nos alza<\/p>\n<p>y en la lentitud da el vuelo.<\/p>\n<p>El Frecuenta a los ancianos<\/p>\n<p>y llega a los nacimientos,<\/p>\n<p>y acude a las bodas<\/p>\n<p>y amortaja a nuestros muertos.<\/p>\n<p>&nbsp;<\/p>\n<p>Por la feria de Chill\u00e1n<\/p>\n<p>donde rebrillan en cercos<\/p>\n<p>ma\u00edces, volater\u00edas,<\/p>\n<p>riendas, estribos, aperos,<\/p>\n<p>cruzaremos sin pararnos<\/p>\n<p>y azuzados del deseo,<\/p>\n<p>porque la que va en fastasma<\/p>\n<p>voz no lleva ni dineros.<\/p>\n<p>&nbsp;<\/p>\n<p>Arden eras chillanejas.<\/p>\n<p>Todo Chill\u00e1n es fermento.<\/p>\n<p>Toda su tierra parece<\/p>\n<p>ofrenda, fervor, sustento,<\/p>\n<p>y salta una llamarada<\/p>\n<p>que nos da a mitad del pecho.<\/p>\n<p>Ternuras balbuceamos<\/p>\n<p>al Padre, o\u00eddos abiertos,<\/p>\n<p>y El mira y oye a sus tres<\/p>\n<p>carrizos calenturientos.<\/p>\n<p>&nbsp;<\/p>\n<p>Dejen que lo mire largo<\/p>\n<p>en el \u00faltimo reencuentro,<\/p>\n<p>que lo beba fijamente<\/p>\n<p>hasta que imposible sea verlo<\/p>\n<p>y que sus memorias vayan<\/p>\n<p>bajando como en deshielo.<\/p>\n<p>&nbsp;<\/p>\n<p>Por esta tierra que mira<\/p>\n<p>con pesta\u00f1as abrasadas<\/p>\n<p>y unos barbechos de oro<\/p>\n<p>y un trascender de retamas.<\/p>\n<p>&nbsp;<\/p>\n<p>Encumbrar\u00eda el Bernardo<\/p>\n<p>cometas pintarrajeados,<\/p>\n<p>mestizo de ojos de lino,<\/p>\n<p>hombros altos, cejas bravas.<\/p>\n<p>&nbsp;<\/p>\n<p>Voces de do\u00f1a Isabel<\/p>\n<p>ven\u00edan en la venteada.<\/p>\n<p>Pero tirado en ma\u00edces<\/p>\n<p>el mozo o\u00eda otras hablas,<\/p>\n<p>la oreja puesta en la tierra<\/p>\n<p>y la vista desvariada.<\/p>\n<p>A otro grito el cimarr\u00f3n<\/p>\n<p>apenas se enderezaba,<\/p>\n<p>y volv\u00eda a dar la oreja<\/p>\n<p>a la greda y a las pajas<\/p>\n<p>y a lo que ellas le dec\u00edan.<\/p>\n<p>&nbsp;<\/p>\n<p>Do\u00f1a Isabel lo quer\u00eda<\/p>\n<p>suyo y lo mismo la Parda,<\/p>\n<p>y el Bernardo entre las dos<\/p>\n<p>como un junquillo temblaba.<\/p>\n<p>La parda se lo luchaba<\/p>\n<p>y de vuelta, trascordado,<\/p>\n<p>las dos s\u00edlabas mascaba<\/p>\n<p>y ser\u00eda de esa brega<\/p>\n<p>la luz que lo iluminaba.<\/p>\n<p>&nbsp;<\/p>\n<p>&nbsp;<\/p>\n<p><b>Del libro Poema de Chile, Editorial Pomaire,\u00a0 Barcelona, 1967, 244 p\u00e1g.<\/b><\/p>\n<p><b>Editado por Doris Dana<\/b><\/p>\n","protected":false},"excerpt":{"rendered":"<p>Poema de Gabriela Mistral que muestra el cari\u00f1o a la idiosincrasia del chillanejo, su historia y su tierra.<\/p>\n","protected":false},"author":1,"featured_media":15098,"comment_status":"open","ping_status":"closed","sticky":false,"template":"","format":"standard","meta":{"footnotes":""},"categories":[31,126,67],"tags":[],"class_list":["post-15097","post","type-post","status-publish","format-standard","has-post-thumbnail","hentry","category-chillan","category-gabriela-mistral","category-poesia"],"yoast_head":"<!-- This site is optimized with the Yoast SEO plugin v28.2 - https:\/\/yoast.com\/product\/yoast-seo-wordpress\/ -->\n<title>Chill\u00e1n... Por Gabriela Mistral - Nuestro Bio B\u00edo<\/title>\n<meta name=\"description\" content=\"Poema de Gabriela Mistral que muestra el cari\u00f1o a la idiosincrasia del chillanejo, su historia y su tierra.\" \/>\n<meta name=\"robots\" content=\"index, follow, max-snippet:-1, max-image-preview:large, max-video-preview:-1\" \/>\n<link rel=\"canonical\" href=\"https:\/\/www.fraczinet.cl\/sitio\/chillan-por-gabriela-mistral\/\" \/>\n<meta property=\"og:locale\" content=\"es_ES\" \/>\n<meta property=\"og:type\" content=\"article\" \/>\n<meta property=\"og:title\" content=\"Chill\u00e1n... Por Gabriela Mistral - Nuestro Bio B\u00edo\" \/>\n<meta property=\"og:description\" content=\"Poema de Gabriela Mistral que muestra el cari\u00f1o a la idiosincrasia del chillanejo, su historia y su tierra.\" \/>\n<meta property=\"og:url\" content=\"https:\/\/www.fraczinet.cl\/sitio\/chillan-por-gabriela-mistral\/\" \/>\n<meta property=\"og:site_name\" content=\"Nuestro Bio B\u00edo\" \/>\n<meta property=\"article:publisher\" content=\"https:\/\/www.facebook.com\/groups\/15721414452\/\" \/>\n<meta property=\"article:published_time\" content=\"2022-11-08T22:18:44+00:00\" \/>\n<meta property=\"article:modified_time\" content=\"2022-11-09T20:49:57+00:00\" \/>\n<meta property=\"og:image\" content=\"https:\/\/www.fraczinet.cl\/sitio\/wp-content\/uploads\/2022\/11\/Poema-de-Chile-Gabriela-Mistral.png\" \/>\n\t<meta property=\"og:image:width\" content=\"428\" \/>\n\t<meta property=\"og:image:height\" content=\"704\" \/>\n\t<meta property=\"og:image:type\" content=\"image\/png\" \/>\n<meta name=\"twitter:card\" content=\"summary_large_image\" \/>\n<meta name=\"twitter:creator\" content=\"@nuestrobiobio\" \/>\n<meta name=\"twitter:site\" content=\"@nuestrobiobio\" \/>\n<meta name=\"twitter:label1\" content=\"Escrito por\" \/>\n\t<meta name=\"twitter:data1\" content=\"\" \/>\n\t<meta name=\"twitter:label2\" content=\"Tiempo de lectura\" \/>\n\t<meta name=\"twitter:data2\" content=\"3 minutos\" \/>\n<script type=\"application\/ld+json\" class=\"yoast-schema-graph\">{\"@context\":\"https:\\\/\\\/schema.org\",\"@graph\":[{\"@type\":\"Article\",\"@id\":\"https:\\\/\\\/www.fraczinet.cl\\\/sitio\\\/chillan-por-gabriela-mistral\\\/#article\",\"isPartOf\":{\"@id\":\"https:\\\/\\\/www.fraczinet.cl\\\/sitio\\\/chillan-por-gabriela-mistral\\\/\"},\"author\":{\"name\":\"\",\"@id\":\"\"},\"headline\":\"Chill\u00e1n&#8230; Por Gabriela Mistral\",\"datePublished\":\"2022-11-08T22:18:44+00:00\",\"dateModified\":\"2022-11-09T20:49:57+00:00\",\"mainEntityOfPage\":{\"@id\":\"https:\\\/\\\/www.fraczinet.cl\\\/sitio\\\/chillan-por-gabriela-mistral\\\/\"},\"wordCount\":491,\"commentCount\":0,\"image\":{\"@id\":\"https:\\\/\\\/www.fraczinet.cl\\\/sitio\\\/chillan-por-gabriela-mistral\\\/#primaryimage\"},\"thumbnailUrl\":\"https:\\\/\\\/www.fraczinet.cl\\\/sitio\\\/wp-content\\\/uploads\\\/2022\\\/11\\\/Poema-de-Chile-Gabriela-Mistral.png\",\"articleSection\":[\"Chill\u00e1n\",\"Gabriela Mistral\",\"Poes\u00eda\"],\"inLanguage\":\"es\",\"potentialAction\":[{\"@type\":\"CommentAction\",\"name\":\"Comment\",\"target\":[\"https:\\\/\\\/www.fraczinet.cl\\\/sitio\\\/chillan-por-gabriela-mistral\\\/#respond\"]}]},{\"@type\":\"WebPage\",\"@id\":\"https:\\\/\\\/www.fraczinet.cl\\\/sitio\\\/chillan-por-gabriela-mistral\\\/\",\"url\":\"https:\\\/\\\/www.fraczinet.cl\\\/sitio\\\/chillan-por-gabriela-mistral\\\/\",\"name\":\"Chill\u00e1n... Por Gabriela Mistral - Nuestro Bio B\u00edo\",\"isPartOf\":{\"@id\":\"https:\\\/\\\/www.fraczinet.cl\\\/sitio\\\/#website\"},\"primaryImageOfPage\":{\"@id\":\"https:\\\/\\\/www.fraczinet.cl\\\/sitio\\\/chillan-por-gabriela-mistral\\\/#primaryimage\"},\"image\":{\"@id\":\"https:\\\/\\\/www.fraczinet.cl\\\/sitio\\\/chillan-por-gabriela-mistral\\\/#primaryimage\"},\"thumbnailUrl\":\"https:\\\/\\\/www.fraczinet.cl\\\/sitio\\\/wp-content\\\/uploads\\\/2022\\\/11\\\/Poema-de-Chile-Gabriela-Mistral.png\",\"datePublished\":\"2022-11-08T22:18:44+00:00\",\"dateModified\":\"2022-11-09T20:49:57+00:00\",\"author\":{\"@id\":\"\"},\"description\":\"Poema de Gabriela Mistral que muestra el cari\u00f1o a la idiosincrasia del chillanejo, su historia y su tierra.\",\"breadcrumb\":{\"@id\":\"https:\\\/\\\/www.fraczinet.cl\\\/sitio\\\/chillan-por-gabriela-mistral\\\/#breadcrumb\"},\"inLanguage\":\"es\",\"potentialAction\":[{\"@type\":\"ReadAction\",\"target\":[\"https:\\\/\\\/www.fraczinet.cl\\\/sitio\\\/chillan-por-gabriela-mistral\\\/\"]}]},{\"@type\":\"ImageObject\",\"inLanguage\":\"es\",\"@id\":\"https:\\\/\\\/www.fraczinet.cl\\\/sitio\\\/chillan-por-gabriela-mistral\\\/#primaryimage\",\"url\":\"https:\\\/\\\/www.fraczinet.cl\\\/sitio\\\/wp-content\\\/uploads\\\/2022\\\/11\\\/Poema-de-Chile-Gabriela-Mistral.png\",\"contentUrl\":\"https:\\\/\\\/www.fraczinet.cl\\\/sitio\\\/wp-content\\\/uploads\\\/2022\\\/11\\\/Poema-de-Chile-Gabriela-Mistral.png\",\"width\":428,\"height\":704},{\"@type\":\"BreadcrumbList\",\"@id\":\"https:\\\/\\\/www.fraczinet.cl\\\/sitio\\\/chillan-por-gabriela-mistral\\\/#breadcrumb\",\"itemListElement\":[{\"@type\":\"ListItem\",\"position\":1,\"name\":\"Portada\",\"item\":\"https:\\\/\\\/www.fraczinet.cl\\\/sitio\\\/\"},{\"@type\":\"ListItem\",\"position\":2,\"name\":\"Chill\u00e1n&#8230; Por Gabriela Mistral\"}]},{\"@type\":\"WebSite\",\"@id\":\"https:\\\/\\\/www.fraczinet.cl\\\/sitio\\\/#website\",\"url\":\"https:\\\/\\\/www.fraczinet.cl\\\/sitio\\\/\",\"name\":\"Nuestro Bio B\u00edo\",\"description\":\"Tierra de Encuentros\",\"potentialAction\":[{\"@type\":\"SearchAction\",\"target\":{\"@type\":\"EntryPoint\",\"urlTemplate\":\"https:\\\/\\\/www.fraczinet.cl\\\/sitio\\\/?s={search_term_string}\"},\"query-input\":{\"@type\":\"PropertyValueSpecification\",\"valueRequired\":true,\"valueName\":\"search_term_string\"}}],\"inLanguage\":\"es\"},{\"@type\":\"Person\",\"@id\":\"\"}]}<\/script>\n<!-- \/ Yoast SEO plugin. -->","yoast_head_json":{"title":"Chill\u00e1n... Por Gabriela Mistral - Nuestro Bio B\u00edo","description":"Poema de Gabriela Mistral que muestra el cari\u00f1o a la idiosincrasia del chillanejo, su historia y su tierra.","robots":{"index":"index","follow":"follow","max-snippet":"max-snippet:-1","max-image-preview":"max-image-preview:large","max-video-preview":"max-video-preview:-1"},"canonical":"https:\/\/www.fraczinet.cl\/sitio\/chillan-por-gabriela-mistral\/","og_locale":"es_ES","og_type":"article","og_title":"Chill\u00e1n... Por Gabriela Mistral - Nuestro Bio B\u00edo","og_description":"Poema de Gabriela Mistral que muestra el cari\u00f1o a la idiosincrasia del chillanejo, su historia y su tierra.","og_url":"https:\/\/www.fraczinet.cl\/sitio\/chillan-por-gabriela-mistral\/","og_site_name":"Nuestro Bio B\u00edo","article_publisher":"https:\/\/www.facebook.com\/groups\/15721414452\/","article_published_time":"2022-11-08T22:18:44+00:00","article_modified_time":"2022-11-09T20:49:57+00:00","og_image":[{"width":428,"height":704,"url":"https:\/\/www.fraczinet.cl\/sitio\/wp-content\/uploads\/2022\/11\/Poema-de-Chile-Gabriela-Mistral.png","type":"image\/png"}],"twitter_card":"summary_large_image","twitter_creator":"@nuestrobiobio","twitter_site":"@nuestrobiobio","twitter_misc":{"Escrito por":"","Tiempo de lectura":"3 minutos"},"schema":{"@context":"https:\/\/schema.org","@graph":[{"@type":"Article","@id":"https:\/\/www.fraczinet.cl\/sitio\/chillan-por-gabriela-mistral\/#article","isPartOf":{"@id":"https:\/\/www.fraczinet.cl\/sitio\/chillan-por-gabriela-mistral\/"},"author":{"name":"","@id":""},"headline":"Chill\u00e1n&#8230; Por Gabriela Mistral","datePublished":"2022-11-08T22:18:44+00:00","dateModified":"2022-11-09T20:49:57+00:00","mainEntityOfPage":{"@id":"https:\/\/www.fraczinet.cl\/sitio\/chillan-por-gabriela-mistral\/"},"wordCount":491,"commentCount":0,"image":{"@id":"https:\/\/www.fraczinet.cl\/sitio\/chillan-por-gabriela-mistral\/#primaryimage"},"thumbnailUrl":"https:\/\/www.fraczinet.cl\/sitio\/wp-content\/uploads\/2022\/11\/Poema-de-Chile-Gabriela-Mistral.png","articleSection":["Chill\u00e1n","Gabriela Mistral","Poes\u00eda"],"inLanguage":"es","potentialAction":[{"@type":"CommentAction","name":"Comment","target":["https:\/\/www.fraczinet.cl\/sitio\/chillan-por-gabriela-mistral\/#respond"]}]},{"@type":"WebPage","@id":"https:\/\/www.fraczinet.cl\/sitio\/chillan-por-gabriela-mistral\/","url":"https:\/\/www.fraczinet.cl\/sitio\/chillan-por-gabriela-mistral\/","name":"Chill\u00e1n... Por Gabriela Mistral - Nuestro Bio B\u00edo","isPartOf":{"@id":"https:\/\/www.fraczinet.cl\/sitio\/#website"},"primaryImageOfPage":{"@id":"https:\/\/www.fraczinet.cl\/sitio\/chillan-por-gabriela-mistral\/#primaryimage"},"image":{"@id":"https:\/\/www.fraczinet.cl\/sitio\/chillan-por-gabriela-mistral\/#primaryimage"},"thumbnailUrl":"https:\/\/www.fraczinet.cl\/sitio\/wp-content\/uploads\/2022\/11\/Poema-de-Chile-Gabriela-Mistral.png","datePublished":"2022-11-08T22:18:44+00:00","dateModified":"2022-11-09T20:49:57+00:00","author":{"@id":""},"description":"Poema de Gabriela Mistral que muestra el cari\u00f1o a la idiosincrasia del chillanejo, su historia y su tierra.","breadcrumb":{"@id":"https:\/\/www.fraczinet.cl\/sitio\/chillan-por-gabriela-mistral\/#breadcrumb"},"inLanguage":"es","potentialAction":[{"@type":"ReadAction","target":["https:\/\/www.fraczinet.cl\/sitio\/chillan-por-gabriela-mistral\/"]}]},{"@type":"ImageObject","inLanguage":"es","@id":"https:\/\/www.fraczinet.cl\/sitio\/chillan-por-gabriela-mistral\/#primaryimage","url":"https:\/\/www.fraczinet.cl\/sitio\/wp-content\/uploads\/2022\/11\/Poema-de-Chile-Gabriela-Mistral.png","contentUrl":"https:\/\/www.fraczinet.cl\/sitio\/wp-content\/uploads\/2022\/11\/Poema-de-Chile-Gabriela-Mistral.png","width":428,"height":704},{"@type":"BreadcrumbList","@id":"https:\/\/www.fraczinet.cl\/sitio\/chillan-por-gabriela-mistral\/#breadcrumb","itemListElement":[{"@type":"ListItem","position":1,"name":"Portada","item":"https:\/\/www.fraczinet.cl\/sitio\/"},{"@type":"ListItem","position":2,"name":"Chill\u00e1n&#8230; Por Gabriela Mistral"}]},{"@type":"WebSite","@id":"https:\/\/www.fraczinet.cl\/sitio\/#website","url":"https:\/\/www.fraczinet.cl\/sitio\/","name":"Nuestro Bio B\u00edo","description":"Tierra de Encuentros","potentialAction":[{"@type":"SearchAction","target":{"@type":"EntryPoint","urlTemplate":"https:\/\/www.fraczinet.cl\/sitio\/?s={search_term_string}"},"query-input":{"@type":"PropertyValueSpecification","valueRequired":true,"valueName":"search_term_string"}}],"inLanguage":"es"},{"@type":"Person","@id":""}]}},"_links":{"self":[{"href":"https:\/\/www.fraczinet.cl\/sitio\/wp-json\/wp\/v2\/posts\/15097","targetHints":{"allow":["GET"]}}],"collection":[{"href":"https:\/\/www.fraczinet.cl\/sitio\/wp-json\/wp\/v2\/posts"}],"about":[{"href":"https:\/\/www.fraczinet.cl\/sitio\/wp-json\/wp\/v2\/types\/post"}],"author":[{"embeddable":true,"href":"https:\/\/www.fraczinet.cl\/sitio\/wp-json\/wp\/v2\/users\/1"}],"replies":[{"embeddable":true,"href":"https:\/\/www.fraczinet.cl\/sitio\/wp-json\/wp\/v2\/comments?post=15097"}],"version-history":[{"count":5,"href":"https:\/\/www.fraczinet.cl\/sitio\/wp-json\/wp\/v2\/posts\/15097\/revisions"}],"predecessor-version":[{"id":15104,"href":"https:\/\/www.fraczinet.cl\/sitio\/wp-json\/wp\/v2\/posts\/15097\/revisions\/15104"}],"wp:featuredmedia":[{"embeddable":true,"href":"https:\/\/www.fraczinet.cl\/sitio\/wp-json\/wp\/v2\/media\/15098"}],"wp:attachment":[{"href":"https:\/\/www.fraczinet.cl\/sitio\/wp-json\/wp\/v2\/media?parent=15097"}],"wp:term":[{"taxonomy":"category","embeddable":true,"href":"https:\/\/www.fraczinet.cl\/sitio\/wp-json\/wp\/v2\/categories?post=15097"},{"taxonomy":"post_tag","embeddable":true,"href":"https:\/\/www.fraczinet.cl\/sitio\/wp-json\/wp\/v2\/tags?post=15097"}],"curies":[{"name":"wp","href":"https:\/\/api.w.org\/{rel}","templated":true}]}}