{"id":15106,"date":"2022-11-09T20:19:01","date_gmt":"2022-11-09T20:19:01","guid":{"rendered":"https:\/\/www.fraczinet.cl\/sitio\/?p=15106"},"modified":"2022-11-10T00:29:54","modified_gmt":"2022-11-10T00:29:54","slug":"escarmenando-la-historia-aquella-que-no-nos-han-ensenado","status":"publish","type":"post","link":"https:\/\/www.fraczinet.cl\/sitio\/2022\/11\/09\/escarmenando-la-historia-aquella-que-no-nos-han-ensenado\/","title":{"rendered":"Escarmenando La Historia&#8230; Las Causas Del Desastre de Rancagua"},"content":{"rendered":"<p><strong><img fetchpriority=\"high\" decoding=\"async\" class=\"size-medium wp-image-15107 alignleft\" src=\"https:\/\/www.fraczinet.cl\/sitio\/wp-content\/uploads\/2022\/11\/Manuel-Rodriguez-300x168.jpg\" alt=\"\" width=\"300\" height=\"168\" srcset=\"https:\/\/www.fraczinet.cl\/sitio\/wp-content\/uploads\/2022\/11\/Manuel-Rodriguez-300x168.jpg 300w, https:\/\/www.fraczinet.cl\/sitio\/wp-content\/uploads\/2022\/11\/Manuel-Rodriguez.jpg 474w\" sizes=\"(max-width: 300px) 100vw, 300px\" \/>El texto a continuaci\u00f3n forma parte del ensayo \u201cEl Centrinaje, marca indeleble de la idiosincrasia chilena\u201d, cuyo autor es Arturo Alejandro Mu\u00f1oz. La Historia de Chile como nunca te la contaron.<\/strong><\/p>\n<h4>Por Alejandro Mu\u00f1oz<\/h4>\n<h4>Fuente:\u00a0<a href=\"mailto:diarioelect.politika@gmail.com\" data-original-attrs=\"{&quot;data-original-href&quot;:&quot;mailto:diarioelect.politika@gmail.com&quot;}\">POLITIKA<\/a><\/h4>\n<p>&nbsp;<\/p>\n<p>El escritor e investigador Ricardo Figueroa hurg\u00f3 en la voluminosa documentaci\u00f3n existente sobre esa batalla, que se ha dado en llamar \u201c<strong>el desastre de Rancagua<\/strong>\u201d, y pari\u00f3 una obra seria, estructurada y escrita con la visi\u00f3n de un ingeniero. Una obra que resulta ser aporte indiscutible para comprender los acaecimientos de los albores de nuestra independencia (\u201cEl desastre de Rancagua\u201d, Centro Gr\u00e1fico Prisma, Santiago, 2003).<\/p>\n<p>&nbsp;<\/p>\n<p data-original-attrs=\"{&quot;style&quot;:&quot;&quot;}\">\u00bfQu\u00e9 ocurri\u00f3, realmente, en la rancag\u00fcina plaza por cuatro calles crucificada, como excelentemente se\u00f1ala el autor?<\/p>\n<p>&nbsp;<\/p>\n<p data-original-attrs=\"{&quot;style&quot;:&quot;&quot;}\">Guiados por la documentada objetividad de Ricardo Figueroa, entendemos los or\u00edgenes de la severa e inexcusable pugna existente entre los principales caudillos criollos de esa \u00e9poca. Una lucha soterrada por conseguir la administraci\u00f3n de un pa\u00eds naciente, ora a nombre de la Patria a\u00fan difusa, ora por responder a requerimientos de una organizaci\u00f3n secreta y continental, ora por burdas veleidades personales.<\/p>\n<p>&nbsp;<\/p>\n<p data-original-attrs=\"{&quot;style&quot;:&quot;&quot;}\">Tanto la familia de los Carrera como la de O\u2019Higgins pertenec\u00edan a una clase social privilegiada en posesiones, dinero y apellidos, lo que por cierto no era \u00f3bice para exudar un sincero anhelo de libertad. Ello ocurr\u00eda de la misma laya en toda la Am\u00e9rica hispana. Sim\u00f3n Bol\u00edvar, por ejemplo, era el joven m\u00e1s rico de Caracas, as\u00ed como Sucre y Artigas mostraban extensas propiedades agr\u00edcolas allende los Andes. Solamente Jos\u00e9 de San Mart\u00edn y Manuel Rodr\u00edguez parecen haber sido los menos afortunados en materias econ\u00f3micas.<\/p>\n<p>&nbsp;<\/p>\n<p data-original-attrs=\"{&quot;style&quot;:&quot;&quot;}\">En cambio, el pueblo campesino y laborioso no manifestaba mayor entusiasmo con las ideas independentistas, demasiado acostumbrado quiz\u00e1s a la obediencia servil y obsecuente de sus patrones-amos, independientemente del origen o nacionalidad que estos pudiesen tener. En cambio, a quienes pose\u00edan vastas extensiones de tierras o comercios significativos, la independencia del naciente pa\u00eds les resultaba econ\u00f3micamente beneficiosa, ya que deseaban liberarse de las trabas impuestas por la insaciable monarqu\u00eda ib\u00e9rica que les amarraba a un sistema injusto y poco rentable.<\/p>\n<p>&nbsp;<\/p>\n<p data-original-attrs=\"{&quot;style&quot;:&quot;&quot;}\">Digamos entonces que un importante porcentaje de chilenos (espec\u00edficamente, el pueblo campesino y el \u201croto\u201d citadino), declinaba apoyar con decisi\u00f3n la posibilidad de gobierno aut\u00f3nomo, ya que los hisp\u00e1nicos le resultaban patrones lejanos, no as\u00ed sus amos locales que les explotaban desde muy cerca. Es por ello que casi el 80% de las tropas reales dirigidas por el general Mariano Osorio, estaba compuesto por chilenos del sur&#8230; penquistas, chillanejos, valdivianos y chilotes.<\/p>\n<p>&nbsp;<\/p>\n<p data-original-attrs=\"{&quot;style&quot;:&quot;&quot;}\">A este respecto, Jos\u00e9 Zapiola, artista de fuste que vivi\u00f3 intensamente la lucha independentista, asegur\u00f3 que \u201c<em>no todos los j\u00f3venes chilenos se entusiasmaron con la revoluci\u00f3n<\/em>\u201d. Luego, agreg\u00f3: \u201c<em>algunos de los revolucionarios, como Manuel Rodr\u00edguez, nos dieron el modelo de los politiqueros y los bochincheros de m\u00e1s tarde. Rodr\u00edguez fue un admirable guerrillero, cuando las guerrillas serv\u00edan un ideal. Pasado su tiempo el guerrillero se convirti\u00f3 en peligro p\u00fablico<\/em>\u00ab.<\/p>\n<p>&nbsp;<\/p>\n<p data-original-attrs=\"{&quot;style&quot;:&quot;&quot;}\">Joaqu\u00edn Edwards Bello, escritor, poeta y ensayista, asegura en su obra \u201cEl Bisabuelo de Piedra\u201d (Edit. Nascimento, Santiago, 1978), a este respecto: \u201c<em>Digamos de una vez que en la revoluci\u00f3n de 1810 hubo mucho de politiquer\u00eda y de ansias de poder, disfrazadas de patriotismo<\/em>\u201d.<\/p>\n<p>&nbsp;<\/p>\n<p data-original-attrs=\"{&quot;style&quot;:&quot;&quot;}\">Adem\u00e1s de haber sido aquella una lucha independentista, en alguna medida fue tambi\u00e9n una guerra civil que puso frente a frente dos zonas muy identificables del pa\u00eds. El centro, con Santiago a la cabeza junto al apoyo tibio de ciudades como Valpara\u00edso y Coquimbo, y el sur espl\u00e9ndido, donde Valdivia y la isla grande de Chilo\u00e9 manten\u00edan f\u00e9rrea lealtad a la corona espa\u00f1ola.<\/p>\n<p>&nbsp;<\/p>\n<p data-original-attrs=\"{&quot;style&quot;:&quot;&quot;}\">Mariano Osorio desembarca en Talcahuano con 600 soldados espa\u00f1oles y avanza tropas hacia Chill\u00e1n y Talca, aunando voluntades criollas para recuperar el reino y, de paso, intentar la reconquista del Virreinato del Plata atacando la provincia de Cuyo desde territorio chileno.<\/p>\n<p>&nbsp;<\/p>\n<p data-original-attrs=\"{&quot;style&quot;:&quot;&quot;}\">En el mismo momento que el general espa\u00f1ol pone pie en nuestro suelo, O\u2019Higgins y Carrera dirimen sus diferencias enfrent\u00e1ndose en una batalla fratricida que deciden posponer una vez enterados del arribo de nuevas tropas hisp\u00e1nicas venidas desde el viejo continente.<\/p>\n<p>&nbsp;<\/p>\n<p data-original-attrs=\"{&quot;style&quot;:&quot;&quot;}\">Con un ej\u00e9rcito de cinco mil setecientos soldados (chilenos del sur, la mayor\u00eda de ellos), Osorio se acerca a Santiago. La independencia de las colonias americanas comienza a tambalear y Rancagua resulta ser el \u00faltimo escollo. All\u00ed se atrinchera O\u2019Higgins con tres divisiones, mientras la divisi\u00f3n restante, al mando de Carrera, espera en Angostura de Paine. Merced al momento crucial que vive la causa libertaria, las odiosidades personales han sido abandonadas, aunque s\u00f3lo temporalmente, ya que ellas subyacen en el fondo de las almas esperando mejor ocasi\u00f3n para salir a flote, pero afloran torpemente las \u00f3pticas diferentes en cuanto a c\u00f3mo y d\u00f3nde detener el paso de Osorio.<\/p>\n<p>&nbsp;<\/p>\n<p data-original-attrs=\"{&quot;style&quot;:&quot;&quot;}\">Durante dos d\u00edas, la gesta de Rancagua alcanz\u00f3 ribetes de leyenda. Fue David luchando una vez m\u00e1s contra Goliat. Pero ahora el triunfo cay\u00f3 en manos distintas.<\/p>\n<p>&nbsp;<\/p>\n<p data-original-attrs=\"{&quot;style&quot;:&quot;&quot;}\">La derrota de las armas patriotas se\u00f1ala un nuevo destino, pues ser\u00e1 necesario recurrir a apoyos externos para liberar el pa\u00eds ya que los l\u00edderes de la revoluci\u00f3n independentista chilena carecen realmente de capacidad suficiente para estructurar un ej\u00e9rcito, implementarlo, entrenarlo y, lo que es principal, convencer a la poblaci\u00f3n respecto de la justicia de sus ideales.<\/p>\n<p>&nbsp;<\/p>\n<p data-original-attrs=\"{&quot;style&quot;:&quot;&quot;}\">En los avatares de las discrepancias y odiosidades personales que caracterizaron el desastre patriota del a\u00f1o 1814 en Rancagua \u2013y que alcanzar\u00edan su cl\u00edmax tr\u00e1gico con el fusilamiento de los hermanos Carrera en Mendoza y el asesinato de Manuel Rodr\u00edguez en Til-Til- se encuentra la semilla del fen\u00f3meno que hemos dado en llamar \u201ccentrinaje\u201d chileno&#8230;.una forma ya no de hacer pol\u00edtica o de afrontar deberes, sino un modelo de vida social repudiable que afortunadamente no ha contaminado del todo a nuestros compatriotas de los extremos del pa\u00eds.<\/p>\n<p>&nbsp;<\/p>\n<p data-original-attrs=\"{&quot;style&quot;:&quot;&quot;}\">O\u2019Higgins y Carrera se odiaban\u2026 y lo demostraron en los hechos concretos, aunque intentaron esconderlo en sus comunicaciones oficiales. Dos aristocracias de diferente cepa se enfrentan para conducir la naci\u00f3n. Una \u2013la de Jos\u00e9 Miguel- es la a\u00f1osa clase agr\u00edcola y terrateniente, cat\u00f3lica ultramontana hasta los huesos. La otra \u2013la de Bernardo- es la pujante y naciente clase nueva, m\u00e1s minera y comercial, que encuentra solidez en la conformaci\u00f3n de sociedades secretas interamericanas, con ra\u00edces filos\u00f3ficas franco-inglesas m\u00e1s que hisp\u00e1nicas.<\/p>\n<p>&nbsp;<\/p>\n<p data-original-attrs=\"{&quot;style&quot;:&quot;&quot;}\">Es tan insoslayable lo que hemos afirmado, que los militares espa\u00f1oles \u2013conocedores del \u201c<strong><em>centrinaje<\/em><\/strong>\u201d, por formar ellos parte de \u00e9l\u2013 una vez que hubieron detenido y encarcelado a los hermanos Jos\u00e9 Miguel y Luis Carrera en Penco y Chill\u00e1n, permitieron que el astuto comandante hisp\u00e1nico Urrejola les liberara de la prisi\u00f3n para que viajasen a Santiago, se apoderaran del poder y dividieran insanablemente las tropas chilenas. Y as\u00ed ocurri\u00f3, pues Jos\u00e9 Miguel Carrera derroc\u00f3 al Director Supremo Francisco de la Lastra, provocando las iras de los soldados al mando de O\u2019Higgins, que se encontraban acantonados en Talca, dirigi\u00e9ndose de inmediato hacia Santiago para enfrentar a los hermanos Carrera en <strong>la batalla de las Tres Acequias<\/strong>, dando tiempo a Mariano Osorio a desembarcar sus tropas en Talcahuano.<\/p>\n<p>&nbsp;<\/p>\n<p data-original-attrs=\"{&quot;style&quot;:&quot;&quot;}\">Ambos pr\u00f3ceres \u2013y es algo necesario de reiterar- carec\u00edan realmente de cualidades administrativas y dirigenciales para conformar no s\u00f3lo un ej\u00e9rcito libertador, sino tambi\u00e9n para construir el punto de encuentro a partir del cual la joven naci\u00f3n lograse aglutinar conciencias, voluntades y esfuerzos. Por ello es posible explicarse el desaguisado final en Rancagua y, lo que es a\u00fan m\u00e1s delicado, comprender por qu\u00e9 Chile debi\u00f3 buscar refugio y apoyo en el extranjero para obtener su liberaci\u00f3n.<\/p>\n<p>&nbsp;<\/p>\n<p data-original-attrs=\"{&quot;style&quot;:&quot;&quot;}\">Era tan pr\u00edstina la opini\u00f3n de los criollos chilenos respecto de la incapacidad de gobernar manifestada por sus l\u00edderes, que ofrecieron primero a San Mart\u00edn el tim\u00f3n de la rep\u00fablica. Al declinar este el ofrecimiento, s\u00f3lo qued\u00f3 el Brigadier chillanejo como posible mandatario.<\/p>\n<p>&nbsp;<\/p>\n<p data-original-attrs=\"{&quot;style&quot;:&quot;&quot;}\">Hay quienes afirman que los primeros pasos de la patria fueron ordenados desde Argentina, pues precisamente all\u00ed se encontraba la flor y nata de la <strong><em>logia lautarina<\/em><\/strong>. Entendamos que el Ej\u00e9rcito de los Andes no fue una creaci\u00f3n del gobierno argentino, sino de un gobernador de provincia, Jos\u00e9 de San Mart\u00edn, que ni siquiera ten\u00eda ascendiente relevante en el gobierno central en Buenos Aires.<\/p>\n<p>&nbsp;<\/p>\n<p data-original-attrs=\"{&quot;style&quot;:&quot;&quot;}\">Una buena prueba de lo mencionado en estas l\u00edneas es posible encontrarla en los p\u00e1rrafos de una carta que el a\u00f1o 1816 escribi\u00f3 Manuel Rodr\u00edguez al general Jos\u00e9 de San Mart\u00edn. Lea usted y reflexiones (las palabras son del guerrillero):<\/p>\n<p data-original-attrs=\"{&quot;style&quot;:&quot;&quot;}\">\u201c<em>Los chilenos no tienen amor propio ni la delicada decencia de los libres<\/em>.<\/p>\n<p data-original-attrs=\"{&quot;style&quot;:&quot;&quot;}\">\u201c<em>La envidia, la emulaci\u00f3n baja y una soberbia absolutamente vana y vaga son sus \u00fanicos valores y virtudes nacionales&#8230;<\/em><\/p>\n<p data-original-attrs=\"{&quot;style&quot;:&quot;&quot;}\">\u201c<em>La nobleza se llena sin protestar su preferencia a los moros, que a vivir con los espa\u00f1oles y se entiesan&#8230;<\/em><\/p>\n<p data-original-attrs=\"{&quot;style&quot;:&quot;&quot;}\">\u201c<em>El pueblo medio es infidente y codicioso&#8230;<\/em><\/p>\n<p data-original-attrs=\"{&quot;style&quot;:&quot;&quot;}\">\u201c<em>Los artesanos son la gente de mayor raz\u00f3n y de m\u00e1s esperanza&#8230;<\/em><\/p>\n<p data-original-attrs=\"{&quot;style&quot;:&quot;&quot;}\">\u201c<em>La \u00faltima plebe tiene cualidades muy convenientes. Pero anonadada por constituci\u00f3n de su rebajad\u00edsima educaci\u00f3n y degradada por el sistema general que los agobia con una dependencia feudataria demasiado oprimente, se hace incapaz de todo, si no es mandada por el brillo desp\u00f3tico de una autoridad reconocida&#8230;<\/em>\u201d.<\/p>\n<p data-original-attrs=\"{&quot;style&quot;:&quot;&quot;}\"><strong>Lo dijo el guerrillero\u2026 y de ese Chile procedemos.<\/strong><\/p>\n<p>&nbsp;<\/p>\n","protected":false},"excerpt":{"rendered":"<p>El texto a continuaci\u00f3n forma parte del ensayo \u201cEl Centrinaje, marca indeleble de la idiosincrasia chilena\u201d, hace referencia al origen del desastre de Rancagua, cuyo autor es Arturo Alejandro Mu\u00f1oz. La Historia de Chile como nunca te la contaron.<\/p>\n","protected":false},"author":1,"featured_media":15107,"comment_status":"open","ping_status":"open","sticky":false,"template":"","format":"standard","meta":{"footnotes":""},"categories":[310,10,389,388],"tags":[],"class_list":["post-15106","post","type-post","status-publish","format-standard","has-post-thumbnail","hentry","category-bernardo-ohiggins","category-historia","category-jose-miguel-carrera","category-manuel-rodriguez"],"yoast_head":"<!-- This site is optimized with the Yoast SEO plugin v25.0 - https:\/\/yoast.com\/wordpress\/plugins\/seo\/ -->\n<title>Escarmenando La Historia... Las Causas Del Desastre de Rancagua - Nuestro Bio B\u00edo<\/title>\n<meta name=\"description\" content=\"El texto a continuaci\u00f3n forma parte del ensayo \u201cEl Centrinaje, marca indeleble de la idiosincrasia chilena\u201d, hace referencia al origen del desastre de Rancagua, cuyo autor es Arturo Alejandro Mu\u00f1oz. La Historia de Chile como nunca te la contaron.\" \/>\n<meta name=\"robots\" content=\"index, follow, max-snippet:-1, max-image-preview:large, max-video-preview:-1\" \/>\n<link rel=\"canonical\" href=\"https:\/\/www.fraczinet.cl\/sitio\/2022\/11\/09\/escarmenando-la-historia-aquella-que-no-nos-han-ensenado\/\" \/>\n<meta property=\"og:locale\" content=\"es_ES\" \/>\n<meta property=\"og:type\" content=\"article\" \/>\n<meta property=\"og:title\" content=\"Escarmenando La Historia... Las Causas Del Desastre de Rancagua - Nuestro Bio B\u00edo\" \/>\n<meta property=\"og:description\" content=\"El texto a continuaci\u00f3n forma parte del ensayo \u201cEl Centrinaje, marca indeleble de la idiosincrasia chilena\u201d, hace referencia al origen del desastre de Rancagua, cuyo autor es Arturo Alejandro Mu\u00f1oz. La Historia de Chile como nunca te la contaron.\" \/>\n<meta property=\"og:url\" content=\"https:\/\/www.fraczinet.cl\/sitio\/2022\/11\/09\/escarmenando-la-historia-aquella-que-no-nos-han-ensenado\/\" \/>\n<meta property=\"og:site_name\" content=\"Nuestro Bio B\u00edo\" \/>\n<meta property=\"article:published_time\" content=\"2022-11-09T20:19:01+00:00\" \/>\n<meta property=\"article:modified_time\" content=\"2022-11-10T00:29:54+00:00\" \/>\n<meta property=\"og:image\" content=\"https:\/\/www.fraczinet.cl\/sitio\/wp-content\/uploads\/2022\/11\/Manuel-Rodriguez.jpg\" \/>\n\t<meta property=\"og:image:width\" content=\"474\" \/>\n\t<meta property=\"og:image:height\" content=\"266\" \/>\n\t<meta property=\"og:image:type\" content=\"image\/jpeg\" \/>\n<meta name=\"author\" content=\"admin\" \/>\n<meta name=\"twitter:card\" content=\"summary_large_image\" \/>\n<meta name=\"twitter:creator\" content=\"@nuestrobiobio\" \/>\n<meta name=\"twitter:site\" content=\"@nuestrobiobio\" \/>\n<meta name=\"twitter:label1\" content=\"Escrito por\" \/>\n\t<meta name=\"twitter:data1\" content=\"admin\" \/>\n\t<meta name=\"twitter:label2\" content=\"Tiempo de lectura\" \/>\n\t<meta name=\"twitter:data2\" content=\"8 minutos\" \/>\n<script type=\"application\/ld+json\" class=\"yoast-schema-graph\">{\"@context\":\"https:\/\/schema.org\",\"@graph\":[{\"@type\":\"Article\",\"@id\":\"https:\/\/www.fraczinet.cl\/sitio\/2022\/11\/09\/escarmenando-la-historia-aquella-que-no-nos-han-ensenado\/#article\",\"isPartOf\":{\"@id\":\"https:\/\/www.fraczinet.cl\/sitio\/2022\/11\/09\/escarmenando-la-historia-aquella-que-no-nos-han-ensenado\/\"},\"author\":{\"name\":\"admin\",\"@id\":\"https:\/\/www.fraczinet.cl\/sitio\/#\/schema\/person\/bc30f98e9cb10ae7e119dbe14bc93784\"},\"headline\":\"Escarmenando La Historia&#8230; Las Causas Del Desastre de Rancagua\",\"datePublished\":\"2022-11-09T20:19:01+00:00\",\"dateModified\":\"2022-11-10T00:29:54+00:00\",\"mainEntityOfPage\":{\"@id\":\"https:\/\/www.fraczinet.cl\/sitio\/2022\/11\/09\/escarmenando-la-historia-aquella-que-no-nos-han-ensenado\/\"},\"wordCount\":1666,\"commentCount\":0,\"publisher\":{\"@id\":\"https:\/\/www.fraczinet.cl\/sitio\/#\/schema\/person\/aec8ee4da68df2b9b0eefdad24a0d582\"},\"image\":{\"@id\":\"https:\/\/www.fraczinet.cl\/sitio\/2022\/11\/09\/escarmenando-la-historia-aquella-que-no-nos-han-ensenado\/#primaryimage\"},\"thumbnailUrl\":\"https:\/\/www.fraczinet.cl\/sitio\/wp-content\/uploads\/2022\/11\/Manuel-Rodriguez.jpg\",\"articleSection\":[\"Bernardo O'Higgins\",\"Historia\",\"Jos\u00e9 Miguel Carrera\",\"Manuel Rodr\u00edguez\"],\"inLanguage\":\"es\",\"potentialAction\":[{\"@type\":\"CommentAction\",\"name\":\"Comment\",\"target\":[\"https:\/\/www.fraczinet.cl\/sitio\/2022\/11\/09\/escarmenando-la-historia-aquella-que-no-nos-han-ensenado\/#respond\"]}]},{\"@type\":\"WebPage\",\"@id\":\"https:\/\/www.fraczinet.cl\/sitio\/2022\/11\/09\/escarmenando-la-historia-aquella-que-no-nos-han-ensenado\/\",\"url\":\"https:\/\/www.fraczinet.cl\/sitio\/2022\/11\/09\/escarmenando-la-historia-aquella-que-no-nos-han-ensenado\/\",\"name\":\"Escarmenando La Historia... Las Causas Del Desastre de Rancagua - Nuestro Bio B\u00edo\",\"isPartOf\":{\"@id\":\"https:\/\/www.fraczinet.cl\/sitio\/#website\"},\"primaryImageOfPage\":{\"@id\":\"https:\/\/www.fraczinet.cl\/sitio\/2022\/11\/09\/escarmenando-la-historia-aquella-que-no-nos-han-ensenado\/#primaryimage\"},\"image\":{\"@id\":\"https:\/\/www.fraczinet.cl\/sitio\/2022\/11\/09\/escarmenando-la-historia-aquella-que-no-nos-han-ensenado\/#primaryimage\"},\"thumbnailUrl\":\"https:\/\/www.fraczinet.cl\/sitio\/wp-content\/uploads\/2022\/11\/Manuel-Rodriguez.jpg\",\"datePublished\":\"2022-11-09T20:19:01+00:00\",\"dateModified\":\"2022-11-10T00:29:54+00:00\",\"description\":\"El texto a continuaci\u00f3n forma parte del ensayo \u201cEl Centrinaje, marca indeleble de la idiosincrasia chilena\u201d, hace referencia al origen del desastre de Rancagua, cuyo autor es Arturo Alejandro Mu\u00f1oz. La Historia de Chile como nunca te la contaron.\",\"breadcrumb\":{\"@id\":\"https:\/\/www.fraczinet.cl\/sitio\/2022\/11\/09\/escarmenando-la-historia-aquella-que-no-nos-han-ensenado\/#breadcrumb\"},\"inLanguage\":\"es\",\"potentialAction\":[{\"@type\":\"ReadAction\",\"target\":[\"https:\/\/www.fraczinet.cl\/sitio\/2022\/11\/09\/escarmenando-la-historia-aquella-que-no-nos-han-ensenado\/\"]}]},{\"@type\":\"ImageObject\",\"inLanguage\":\"es\",\"@id\":\"https:\/\/www.fraczinet.cl\/sitio\/2022\/11\/09\/escarmenando-la-historia-aquella-que-no-nos-han-ensenado\/#primaryimage\",\"url\":\"https:\/\/www.fraczinet.cl\/sitio\/wp-content\/uploads\/2022\/11\/Manuel-Rodriguez.jpg\",\"contentUrl\":\"https:\/\/www.fraczinet.cl\/sitio\/wp-content\/uploads\/2022\/11\/Manuel-Rodriguez.jpg\",\"width\":474,\"height\":266},{\"@type\":\"BreadcrumbList\",\"@id\":\"https:\/\/www.fraczinet.cl\/sitio\/2022\/11\/09\/escarmenando-la-historia-aquella-que-no-nos-han-ensenado\/#breadcrumb\",\"itemListElement\":[{\"@type\":\"ListItem\",\"position\":1,\"name\":\"Portada\",\"item\":\"https:\/\/www.fraczinet.cl\/sitio\/\"},{\"@type\":\"ListItem\",\"position\":2,\"name\":\"Escarmenando La Historia&#8230; Las Causas Del Desastre de Rancagua\"}]},{\"@type\":\"WebSite\",\"@id\":\"https:\/\/www.fraczinet.cl\/sitio\/#website\",\"url\":\"https:\/\/www.fraczinet.cl\/sitio\/\",\"name\":\"Nuestro Bio B\u00edo\",\"description\":\"Tierra de Encuentros\",\"publisher\":{\"@id\":\"https:\/\/www.fraczinet.cl\/sitio\/#\/schema\/person\/aec8ee4da68df2b9b0eefdad24a0d582\"},\"potentialAction\":[{\"@type\":\"SearchAction\",\"target\":{\"@type\":\"EntryPoint\",\"urlTemplate\":\"https:\/\/www.fraczinet.cl\/sitio\/?s={search_term_string}\"},\"query-input\":{\"@type\":\"PropertyValueSpecification\",\"valueRequired\":true,\"valueName\":\"search_term_string\"}}],\"inLanguage\":\"es\"},{\"@type\":[\"Person\",\"Organization\"],\"@id\":\"https:\/\/www.fraczinet.cl\/sitio\/#\/schema\/person\/aec8ee4da68df2b9b0eefdad24a0d582\",\"name\":\"Luis Fernando Fraczinet\",\"image\":{\"@type\":\"ImageObject\",\"inLanguage\":\"es\",\"@id\":\"https:\/\/www.fraczinet.cl\/sitio\/#\/schema\/person\/image\/\",\"url\":\"https:\/\/www.fraczinet.cl\/sitio\/wp-content\/uploads\/2021\/07\/bannerlogo-1.gif\",\"contentUrl\":\"https:\/\/www.fraczinet.cl\/sitio\/wp-content\/uploads\/2021\/07\/bannerlogo-1.gif\",\"width\":159,\"height\":79,\"caption\":\"Luis Fernando Fraczinet\"},\"logo\":{\"@id\":\"https:\/\/www.fraczinet.cl\/sitio\/#\/schema\/person\/image\/\"},\"sameAs\":[\"https:\/\/www.fraczinet.cl\/sitio\/\"]},{\"@type\":\"Person\",\"@id\":\"https:\/\/www.fraczinet.cl\/sitio\/#\/schema\/person\/bc30f98e9cb10ae7e119dbe14bc93784\",\"name\":\"admin\",\"image\":{\"@type\":\"ImageObject\",\"inLanguage\":\"es\",\"@id\":\"https:\/\/www.fraczinet.cl\/sitio\/#\/schema\/person\/image\/\",\"url\":\"https:\/\/secure.gravatar.com\/avatar\/d5ad3cf7ef3b23a2bb5be73be780c86b2fc8545c3ad6b149f3913ff458c00099?s=96&d=mm&r=g\",\"contentUrl\":\"https:\/\/secure.gravatar.com\/avatar\/d5ad3cf7ef3b23a2bb5be73be780c86b2fc8545c3ad6b149f3913ff458c00099?s=96&d=mm&r=g\",\"caption\":\"admin\"},\"sameAs\":[\"https:\/\/www.fraczinet.cl\/sitio\"]}]}<\/script>\n<!-- \/ Yoast SEO plugin. -->","yoast_head_json":{"title":"Escarmenando La Historia... Las Causas Del Desastre de Rancagua - Nuestro Bio B\u00edo","description":"El texto a continuaci\u00f3n forma parte del ensayo \u201cEl Centrinaje, marca indeleble de la idiosincrasia chilena\u201d, hace referencia al origen del desastre de Rancagua, cuyo autor es Arturo Alejandro Mu\u00f1oz. La Historia de Chile como nunca te la contaron.","robots":{"index":"index","follow":"follow","max-snippet":"max-snippet:-1","max-image-preview":"max-image-preview:large","max-video-preview":"max-video-preview:-1"},"canonical":"https:\/\/www.fraczinet.cl\/sitio\/2022\/11\/09\/escarmenando-la-historia-aquella-que-no-nos-han-ensenado\/","og_locale":"es_ES","og_type":"article","og_title":"Escarmenando La Historia... Las Causas Del Desastre de Rancagua - Nuestro Bio B\u00edo","og_description":"El texto a continuaci\u00f3n forma parte del ensayo \u201cEl Centrinaje, marca indeleble de la idiosincrasia chilena\u201d, hace referencia al origen del desastre de Rancagua, cuyo autor es Arturo Alejandro Mu\u00f1oz. La Historia de Chile como nunca te la contaron.","og_url":"https:\/\/www.fraczinet.cl\/sitio\/2022\/11\/09\/escarmenando-la-historia-aquella-que-no-nos-han-ensenado\/","og_site_name":"Nuestro Bio B\u00edo","article_published_time":"2022-11-09T20:19:01+00:00","article_modified_time":"2022-11-10T00:29:54+00:00","og_image":[{"width":474,"height":266,"url":"https:\/\/www.fraczinet.cl\/sitio\/wp-content\/uploads\/2022\/11\/Manuel-Rodriguez.jpg","type":"image\/jpeg"}],"author":"admin","twitter_card":"summary_large_image","twitter_creator":"@nuestrobiobio","twitter_site":"@nuestrobiobio","twitter_misc":{"Escrito por":"admin","Tiempo de lectura":"8 minutos"},"schema":{"@context":"https:\/\/schema.org","@graph":[{"@type":"Article","@id":"https:\/\/www.fraczinet.cl\/sitio\/2022\/11\/09\/escarmenando-la-historia-aquella-que-no-nos-han-ensenado\/#article","isPartOf":{"@id":"https:\/\/www.fraczinet.cl\/sitio\/2022\/11\/09\/escarmenando-la-historia-aquella-que-no-nos-han-ensenado\/"},"author":{"name":"admin","@id":"https:\/\/www.fraczinet.cl\/sitio\/#\/schema\/person\/bc30f98e9cb10ae7e119dbe14bc93784"},"headline":"Escarmenando La Historia&#8230; Las Causas Del Desastre de Rancagua","datePublished":"2022-11-09T20:19:01+00:00","dateModified":"2022-11-10T00:29:54+00:00","mainEntityOfPage":{"@id":"https:\/\/www.fraczinet.cl\/sitio\/2022\/11\/09\/escarmenando-la-historia-aquella-que-no-nos-han-ensenado\/"},"wordCount":1666,"commentCount":0,"publisher":{"@id":"https:\/\/www.fraczinet.cl\/sitio\/#\/schema\/person\/aec8ee4da68df2b9b0eefdad24a0d582"},"image":{"@id":"https:\/\/www.fraczinet.cl\/sitio\/2022\/11\/09\/escarmenando-la-historia-aquella-que-no-nos-han-ensenado\/#primaryimage"},"thumbnailUrl":"https:\/\/www.fraczinet.cl\/sitio\/wp-content\/uploads\/2022\/11\/Manuel-Rodriguez.jpg","articleSection":["Bernardo O'Higgins","Historia","Jos\u00e9 Miguel Carrera","Manuel Rodr\u00edguez"],"inLanguage":"es","potentialAction":[{"@type":"CommentAction","name":"Comment","target":["https:\/\/www.fraczinet.cl\/sitio\/2022\/11\/09\/escarmenando-la-historia-aquella-que-no-nos-han-ensenado\/#respond"]}]},{"@type":"WebPage","@id":"https:\/\/www.fraczinet.cl\/sitio\/2022\/11\/09\/escarmenando-la-historia-aquella-que-no-nos-han-ensenado\/","url":"https:\/\/www.fraczinet.cl\/sitio\/2022\/11\/09\/escarmenando-la-historia-aquella-que-no-nos-han-ensenado\/","name":"Escarmenando La Historia... Las Causas Del Desastre de Rancagua - Nuestro Bio B\u00edo","isPartOf":{"@id":"https:\/\/www.fraczinet.cl\/sitio\/#website"},"primaryImageOfPage":{"@id":"https:\/\/www.fraczinet.cl\/sitio\/2022\/11\/09\/escarmenando-la-historia-aquella-que-no-nos-han-ensenado\/#primaryimage"},"image":{"@id":"https:\/\/www.fraczinet.cl\/sitio\/2022\/11\/09\/escarmenando-la-historia-aquella-que-no-nos-han-ensenado\/#primaryimage"},"thumbnailUrl":"https:\/\/www.fraczinet.cl\/sitio\/wp-content\/uploads\/2022\/11\/Manuel-Rodriguez.jpg","datePublished":"2022-11-09T20:19:01+00:00","dateModified":"2022-11-10T00:29:54+00:00","description":"El texto a continuaci\u00f3n forma parte del ensayo \u201cEl Centrinaje, marca indeleble de la idiosincrasia chilena\u201d, hace referencia al origen del desastre de Rancagua, cuyo autor es Arturo Alejandro Mu\u00f1oz. La Historia de Chile como nunca te la contaron.","breadcrumb":{"@id":"https:\/\/www.fraczinet.cl\/sitio\/2022\/11\/09\/escarmenando-la-historia-aquella-que-no-nos-han-ensenado\/#breadcrumb"},"inLanguage":"es","potentialAction":[{"@type":"ReadAction","target":["https:\/\/www.fraczinet.cl\/sitio\/2022\/11\/09\/escarmenando-la-historia-aquella-que-no-nos-han-ensenado\/"]}]},{"@type":"ImageObject","inLanguage":"es","@id":"https:\/\/www.fraczinet.cl\/sitio\/2022\/11\/09\/escarmenando-la-historia-aquella-que-no-nos-han-ensenado\/#primaryimage","url":"https:\/\/www.fraczinet.cl\/sitio\/wp-content\/uploads\/2022\/11\/Manuel-Rodriguez.jpg","contentUrl":"https:\/\/www.fraczinet.cl\/sitio\/wp-content\/uploads\/2022\/11\/Manuel-Rodriguez.jpg","width":474,"height":266},{"@type":"BreadcrumbList","@id":"https:\/\/www.fraczinet.cl\/sitio\/2022\/11\/09\/escarmenando-la-historia-aquella-que-no-nos-han-ensenado\/#breadcrumb","itemListElement":[{"@type":"ListItem","position":1,"name":"Portada","item":"https:\/\/www.fraczinet.cl\/sitio\/"},{"@type":"ListItem","position":2,"name":"Escarmenando La Historia&#8230; Las Causas Del Desastre de Rancagua"}]},{"@type":"WebSite","@id":"https:\/\/www.fraczinet.cl\/sitio\/#website","url":"https:\/\/www.fraczinet.cl\/sitio\/","name":"Nuestro Bio B\u00edo","description":"Tierra de Encuentros","publisher":{"@id":"https:\/\/www.fraczinet.cl\/sitio\/#\/schema\/person\/aec8ee4da68df2b9b0eefdad24a0d582"},"potentialAction":[{"@type":"SearchAction","target":{"@type":"EntryPoint","urlTemplate":"https:\/\/www.fraczinet.cl\/sitio\/?s={search_term_string}"},"query-input":{"@type":"PropertyValueSpecification","valueRequired":true,"valueName":"search_term_string"}}],"inLanguage":"es"},{"@type":["Person","Organization"],"@id":"https:\/\/www.fraczinet.cl\/sitio\/#\/schema\/person\/aec8ee4da68df2b9b0eefdad24a0d582","name":"Luis Fernando Fraczinet","image":{"@type":"ImageObject","inLanguage":"es","@id":"https:\/\/www.fraczinet.cl\/sitio\/#\/schema\/person\/image\/","url":"https:\/\/www.fraczinet.cl\/sitio\/wp-content\/uploads\/2021\/07\/bannerlogo-1.gif","contentUrl":"https:\/\/www.fraczinet.cl\/sitio\/wp-content\/uploads\/2021\/07\/bannerlogo-1.gif","width":159,"height":79,"caption":"Luis Fernando Fraczinet"},"logo":{"@id":"https:\/\/www.fraczinet.cl\/sitio\/#\/schema\/person\/image\/"},"sameAs":["https:\/\/www.fraczinet.cl\/sitio\/"]},{"@type":"Person","@id":"https:\/\/www.fraczinet.cl\/sitio\/#\/schema\/person\/bc30f98e9cb10ae7e119dbe14bc93784","name":"admin","image":{"@type":"ImageObject","inLanguage":"es","@id":"https:\/\/www.fraczinet.cl\/sitio\/#\/schema\/person\/image\/","url":"https:\/\/secure.gravatar.com\/avatar\/d5ad3cf7ef3b23a2bb5be73be780c86b2fc8545c3ad6b149f3913ff458c00099?s=96&d=mm&r=g","contentUrl":"https:\/\/secure.gravatar.com\/avatar\/d5ad3cf7ef3b23a2bb5be73be780c86b2fc8545c3ad6b149f3913ff458c00099?s=96&d=mm&r=g","caption":"admin"},"sameAs":["https:\/\/www.fraczinet.cl\/sitio"]}]}},"_links":{"self":[{"href":"https:\/\/www.fraczinet.cl\/sitio\/wp-json\/wp\/v2\/posts\/15106","targetHints":{"allow":["GET"]}}],"collection":[{"href":"https:\/\/www.fraczinet.cl\/sitio\/wp-json\/wp\/v2\/posts"}],"about":[{"href":"https:\/\/www.fraczinet.cl\/sitio\/wp-json\/wp\/v2\/types\/post"}],"author":[{"embeddable":true,"href":"https:\/\/www.fraczinet.cl\/sitio\/wp-json\/wp\/v2\/users\/1"}],"replies":[{"embeddable":true,"href":"https:\/\/www.fraczinet.cl\/sitio\/wp-json\/wp\/v2\/comments?post=15106"}],"version-history":[{"count":4,"href":"https:\/\/www.fraczinet.cl\/sitio\/wp-json\/wp\/v2\/posts\/15106\/revisions"}],"predecessor-version":[{"id":15112,"href":"https:\/\/www.fraczinet.cl\/sitio\/wp-json\/wp\/v2\/posts\/15106\/revisions\/15112"}],"wp:featuredmedia":[{"embeddable":true,"href":"https:\/\/www.fraczinet.cl\/sitio\/wp-json\/wp\/v2\/media\/15107"}],"wp:attachment":[{"href":"https:\/\/www.fraczinet.cl\/sitio\/wp-json\/wp\/v2\/media?parent=15106"}],"wp:term":[{"taxonomy":"category","embeddable":true,"href":"https:\/\/www.fraczinet.cl\/sitio\/wp-json\/wp\/v2\/categories?post=15106"},{"taxonomy":"post_tag","embeddable":true,"href":"https:\/\/www.fraczinet.cl\/sitio\/wp-json\/wp\/v2\/tags?post=15106"}],"curies":[{"name":"wp","href":"https:\/\/api.w.org\/{rel}","templated":true}]}}