{"id":15141,"date":"2022-11-16T23:26:37","date_gmt":"2022-11-16T23:26:37","guid":{"rendered":"https:\/\/www.fraczinet.cl\/sitio\/?p=15141"},"modified":"2024-10-06T00:59:58","modified_gmt":"2024-10-06T00:59:58","slug":"gallinas-por-rafael-barret","status":"publish","type":"post","link":"https:\/\/www.fraczinet.cl\/sitio\/gallinas-por-rafael-barret\/","title":{"rendered":"Gallinas&#8230; Por Rafael Barret"},"content":{"rendered":"<div dir=\"auto\">\n<p><span style=\"font-weight: 400;\">Mientras no pose\u00ed m\u00e1s que mi catre y mis libros, fui feliz. Ahora poseo nueve gallinas y un gallo, y mi alma est\u00e1 perturbada.\u00a0<\/span><\/p>\n<p><span style=\"font-weight: 400;\">La propiedad me ha hecho cruel. Siempre que compraba una gallina la ataba dos d\u00edas a un \u00e1rbol, para imponerle mi domicilio, destruyendo en su memoria fr\u00e1gil el amor a su antigua residencia.\u00a0<\/span><\/p>\n<p><span style=\"font-weight: 400;\">\u00a0<\/span><\/p>\n<p><span style=\"font-weight: 400;\">Remend\u00e9 el cerco de mi patio, con el fin de evitar la evasi\u00f3n de mis aves, y la invasi\u00f3n de zorros de cuatro y dos pies.\u00a0<\/span><\/p>\n<p><span style=\"font-weight: 400;\">\u00a0<\/span><\/p>\n<p><span style=\"font-weight: 400;\">Me aisl\u00e9, fortifiqu\u00e9 la frontera, trac\u00e9 una l\u00ednea diab\u00f3lica entre mi pr\u00f3jimo y yo. Divid\u00ed la humanidad en dos categor\u00edas; yo, due\u00f1o de mis gallinas, y los dem\u00e1s que pod\u00edan quit\u00e1rmelas. Defin\u00ed el delito. El mundo se llena para m\u00ed de presuntos ladrones, y por primera vez lanc\u00e9 del otro lado del cerco una mirada hostil.\u00a0<\/span><\/p>\n<p><span style=\"font-weight: 400;\">\u00a0<\/span><\/p>\n<p><span style=\"font-weight: 400;\">Mi gallo era demasiado joven. El gallo del vecino salt\u00f3 el cerco y se puso a hacer la corte a mis gallinas y a amargar la existencia de mi gallo. Desped\u00ed a pedradas el intruso, pero saltaban el cerco y aovaron en casa del vecino. Reclam\u00e9 los huevos y mi vecino me aborreci\u00f3.\u00a0<\/span><\/p>\n<p><span style=\"font-weight: 400;\">\u00a0<\/span><\/p>\n<p><span style=\"font-weight: 400;\">Desde entonces vi su cara sobre el cerco, su mirada inquisidora y hostil, id\u00e9ntica a la m\u00eda. Sus pollos pasaban el cerco, y devoraban el ma\u00edz mojado que consagraba a los m\u00edos. Los pollos ajenos me parecieron criminales. Los persegu\u00ed, y cegado por la rabia mat\u00e9 uno. El vecino atribuy\u00f3 una importancia enorme al atentado. No quiso aceptar una indemnizaci\u00f3n pecuniaria. Retir\u00f3 gravemente el cad\u00e1ver de su pollo, y en lugar de com\u00e9rselo, se lo mostr\u00f3 a sus amigos, con lo cual empez\u00f3 a circular por el pueblo la leyenda de mi brutalidad imperialista.\u00a0<\/span><\/p>\n<p><span style=\"font-weight: 400;\">\u00a0<\/span><\/p>\n<p><span style=\"font-weight: 400;\">Tuve que reforzar el cerco, aumentar la vigilancia, elevar, en una palabra, mi presupuesto de guerra. El vecino dispone de un perro decidido a todo; yo pienso adquirir un rev\u00f3lver.\u00a0<\/span><\/p>\n<p><span style=\"font-weight: 400;\">\u00a0<\/span><\/p>\n<p><span style=\"font-weight: 400;\">\u00bfD\u00f3nde est\u00e1 mi vieja tranquilidad? Estoy envenenado por la desconfianza y por el odio. El esp\u00edritu del mal se ha apoderado de m\u00ed. Antes era un hombre. Ahora soy un propietario&#8230;\u00a0<\/span><\/p>\n<p>&nbsp;<\/p>\n<p><strong>Rafael Barrett, 1910.\u00a0<\/strong><\/p>\n<p><strong>Sobre el auto en Traficantes<\/strong><\/p>\n<\/div>\n<div dir=\"auto\"><\/div>\n<div dir=\"auto\"><\/div>\n<div dir=\"auto\">\n<div class=\"separator\"><img decoding=\"async\" class=\" wp-image-15142 alignleft\" src=\"https:\/\/www.fraczinet.cl\/sitio\/wp-content\/uploads\/2022\/11\/Rafael_Angel_Jorge_Julian_Barrett_y_Alvarez_de_Toledo-197x300.png\" alt=\"\" width=\"121\" height=\"184\" srcset=\"https:\/\/www.fraczinet.cl\/sitio\/wp-content\/uploads\/2022\/11\/Rafael_Angel_Jorge_Julian_Barrett_y_Alvarez_de_Toledo-197x300.png 197w, https:\/\/www.fraczinet.cl\/sitio\/wp-content\/uploads\/2022\/11\/Rafael_Angel_Jorge_Julian_Barrett_y_Alvarez_de_Toledo.png 353w\" sizes=\"(max-width: 121px) 100vw, 121px\" \/><\/div>\n<p><span style=\"font-family: arial;\"><br \/>\nRafael Barrett, de nombre completo Rafael \u00c1ngel Jorge Juli\u00e1n Barrett y \u00c1lvarez de Toledo (Torrelavega, Cantabria, Espa\u00f1a, 7 de enero de 1876 &#8211; Arcach\u00f3n, Francia, 17 de diciembre de 1910) fue un escritor espa\u00f1ol -narrador, ensayista y periodista- que desarroll\u00f3 la mayor parte de su producci\u00f3n literaria en Paraguay, resultando una figura destacada de la literatura paraguaya durante el siglo XX. Es particularmente conocido por sus cuentos y sus ensayos de hondo contenido filos\u00f3fico, exponente de un vitalismo que anticipa de cierta forma el existencialismo. Conocidos son tambi\u00e9n sus alegatos filos\u00f3fico-pol\u00edticos a favor del anarquismo.<\/span><\/p>\n<\/div>\n","protected":false},"excerpt":{"rendered":"<p>Mientras no pose\u00ed m\u00e1s que mi catre y mis libros, fui feliz. Ahora poseo nueve gallinas y un gallo, y mi alma est\u00e1 perturbada.\u00a0 La propiedad me ha hecho cruel. Siempre que compraba una gallina la ataba dos d\u00edas a un \u00e1rbol, para imponerle mi domicilio, destruyendo en su memoria fr\u00e1gil el amor a su [&hellip;]<\/p>\n","protected":false},"author":1,"featured_media":15142,"comment_status":"open","ping_status":"closed","sticky":false,"template":"","format":"standard","meta":{"footnotes":""},"categories":[217,392],"tags":[],"class_list":["post-15141","post","type-post","status-publish","format-standard","has-post-thumbnail","hentry","category-cuentos","category-rafael-barret"],"yoast_head":"<!-- This site is optimized with the Yoast SEO plugin v28.2 - https:\/\/yoast.com\/product\/yoast-seo-wordpress\/ -->\n<title>Gallinas... Por Rafael Barret - Nuestro Bio B\u00edo<\/title>\n<meta name=\"robots\" content=\"index, follow, max-snippet:-1, max-image-preview:large, max-video-preview:-1\" \/>\n<link rel=\"canonical\" href=\"https:\/\/www.fraczinet.cl\/sitio\/gallinas-por-rafael-barret\/\" \/>\n<meta property=\"og:locale\" content=\"es_ES\" \/>\n<meta property=\"og:type\" content=\"article\" \/>\n<meta property=\"og:title\" content=\"Gallinas... Por Rafael Barret - Nuestro Bio B\u00edo\" \/>\n<meta property=\"og:description\" content=\"Mientras no pose\u00ed m\u00e1s que mi catre y mis libros, fui feliz. Ahora poseo nueve gallinas y un gallo, y mi alma est\u00e1 perturbada.\u00a0 La propiedad me ha hecho cruel. Siempre que compraba una gallina la ataba dos d\u00edas a un \u00e1rbol, para imponerle mi domicilio, destruyendo en su memoria fr\u00e1gil el amor a su [&hellip;]\" \/>\n<meta property=\"og:url\" content=\"https:\/\/www.fraczinet.cl\/sitio\/gallinas-por-rafael-barret\/\" \/>\n<meta property=\"og:site_name\" content=\"Nuestro Bio B\u00edo\" \/>\n<meta property=\"article:publisher\" content=\"https:\/\/www.facebook.com\/groups\/15721414452\/\" \/>\n<meta property=\"article:published_time\" content=\"2022-11-16T23:26:37+00:00\" \/>\n<meta property=\"article:modified_time\" content=\"2024-10-06T00:59:58+00:00\" \/>\n<meta property=\"og:image\" content=\"https:\/\/www.fraczinet.cl\/sitio\/wp-content\/uploads\/2022\/11\/Rafael_Angel_Jorge_Julian_Barrett_y_Alvarez_de_Toledo.png\" \/>\n\t<meta property=\"og:image:width\" content=\"353\" \/>\n\t<meta property=\"og:image:height\" content=\"537\" \/>\n\t<meta property=\"og:image:type\" content=\"image\/png\" \/>\n<meta name=\"twitter:card\" content=\"summary_large_image\" \/>\n<meta name=\"twitter:creator\" content=\"@nuestrobiobio\" \/>\n<meta name=\"twitter:site\" content=\"@nuestrobiobio\" \/>\n<meta name=\"twitter:label1\" content=\"Escrito por\" \/>\n\t<meta name=\"twitter:data1\" content=\"\" \/>\n\t<meta name=\"twitter:label2\" content=\"Tiempo de lectura\" \/>\n\t<meta name=\"twitter:data2\" content=\"3 minutos\" \/>\n<script type=\"application\/ld+json\" class=\"yoast-schema-graph\">{\"@context\":\"https:\\\/\\\/schema.org\",\"@graph\":[{\"@type\":\"Article\",\"@id\":\"https:\\\/\\\/www.fraczinet.cl\\\/sitio\\\/gallinas-por-rafael-barret\\\/#article\",\"isPartOf\":{\"@id\":\"https:\\\/\\\/www.fraczinet.cl\\\/sitio\\\/gallinas-por-rafael-barret\\\/\"},\"author\":{\"name\":\"\",\"@id\":\"\"},\"headline\":\"Gallinas&#8230; Por Rafael Barret\",\"datePublished\":\"2022-11-16T23:26:37+00:00\",\"dateModified\":\"2024-10-06T00:59:58+00:00\",\"mainEntityOfPage\":{\"@id\":\"https:\\\/\\\/www.fraczinet.cl\\\/sitio\\\/gallinas-por-rafael-barret\\\/\"},\"wordCount\":482,\"commentCount\":0,\"image\":{\"@id\":\"https:\\\/\\\/www.fraczinet.cl\\\/sitio\\\/gallinas-por-rafael-barret\\\/#primaryimage\"},\"thumbnailUrl\":\"https:\\\/\\\/www.fraczinet.cl\\\/sitio\\\/wp-content\\\/uploads\\\/2022\\\/11\\\/Rafael_Angel_Jorge_Julian_Barrett_y_Alvarez_de_Toledo.png\",\"articleSection\":[\"Cuentos\",\"Rafael Barret\"],\"inLanguage\":\"es\",\"potentialAction\":[{\"@type\":\"CommentAction\",\"name\":\"Comment\",\"target\":[\"https:\\\/\\\/www.fraczinet.cl\\\/sitio\\\/gallinas-por-rafael-barret\\\/#respond\"]}]},{\"@type\":\"WebPage\",\"@id\":\"https:\\\/\\\/www.fraczinet.cl\\\/sitio\\\/gallinas-por-rafael-barret\\\/\",\"url\":\"https:\\\/\\\/www.fraczinet.cl\\\/sitio\\\/gallinas-por-rafael-barret\\\/\",\"name\":\"Gallinas... Por Rafael Barret - Nuestro Bio B\u00edo\",\"isPartOf\":{\"@id\":\"https:\\\/\\\/www.fraczinet.cl\\\/sitio\\\/#website\"},\"primaryImageOfPage\":{\"@id\":\"https:\\\/\\\/www.fraczinet.cl\\\/sitio\\\/gallinas-por-rafael-barret\\\/#primaryimage\"},\"image\":{\"@id\":\"https:\\\/\\\/www.fraczinet.cl\\\/sitio\\\/gallinas-por-rafael-barret\\\/#primaryimage\"},\"thumbnailUrl\":\"https:\\\/\\\/www.fraczinet.cl\\\/sitio\\\/wp-content\\\/uploads\\\/2022\\\/11\\\/Rafael_Angel_Jorge_Julian_Barrett_y_Alvarez_de_Toledo.png\",\"datePublished\":\"2022-11-16T23:26:37+00:00\",\"dateModified\":\"2024-10-06T00:59:58+00:00\",\"author\":{\"@id\":\"\"},\"breadcrumb\":{\"@id\":\"https:\\\/\\\/www.fraczinet.cl\\\/sitio\\\/gallinas-por-rafael-barret\\\/#breadcrumb\"},\"inLanguage\":\"es\",\"potentialAction\":[{\"@type\":\"ReadAction\",\"target\":[\"https:\\\/\\\/www.fraczinet.cl\\\/sitio\\\/gallinas-por-rafael-barret\\\/\"]}]},{\"@type\":\"ImageObject\",\"inLanguage\":\"es\",\"@id\":\"https:\\\/\\\/www.fraczinet.cl\\\/sitio\\\/gallinas-por-rafael-barret\\\/#primaryimage\",\"url\":\"https:\\\/\\\/www.fraczinet.cl\\\/sitio\\\/wp-content\\\/uploads\\\/2022\\\/11\\\/Rafael_Angel_Jorge_Julian_Barrett_y_Alvarez_de_Toledo.png\",\"contentUrl\":\"https:\\\/\\\/www.fraczinet.cl\\\/sitio\\\/wp-content\\\/uploads\\\/2022\\\/11\\\/Rafael_Angel_Jorge_Julian_Barrett_y_Alvarez_de_Toledo.png\",\"width\":353,\"height\":537},{\"@type\":\"BreadcrumbList\",\"@id\":\"https:\\\/\\\/www.fraczinet.cl\\\/sitio\\\/gallinas-por-rafael-barret\\\/#breadcrumb\",\"itemListElement\":[{\"@type\":\"ListItem\",\"position\":1,\"name\":\"Portada\",\"item\":\"https:\\\/\\\/www.fraczinet.cl\\\/sitio\\\/\"},{\"@type\":\"ListItem\",\"position\":2,\"name\":\"Gallinas&#8230; Por Rafael Barret\"}]},{\"@type\":\"WebSite\",\"@id\":\"https:\\\/\\\/www.fraczinet.cl\\\/sitio\\\/#website\",\"url\":\"https:\\\/\\\/www.fraczinet.cl\\\/sitio\\\/\",\"name\":\"Nuestro Bio B\u00edo\",\"description\":\"Tierra de Encuentros\",\"potentialAction\":[{\"@type\":\"SearchAction\",\"target\":{\"@type\":\"EntryPoint\",\"urlTemplate\":\"https:\\\/\\\/www.fraczinet.cl\\\/sitio\\\/?s={search_term_string}\"},\"query-input\":{\"@type\":\"PropertyValueSpecification\",\"valueRequired\":true,\"valueName\":\"search_term_string\"}}],\"inLanguage\":\"es\"},{\"@type\":\"Person\",\"@id\":\"\"}]}<\/script>\n<!-- \/ Yoast SEO plugin. -->","yoast_head_json":{"title":"Gallinas... Por Rafael Barret - Nuestro Bio B\u00edo","robots":{"index":"index","follow":"follow","max-snippet":"max-snippet:-1","max-image-preview":"max-image-preview:large","max-video-preview":"max-video-preview:-1"},"canonical":"https:\/\/www.fraczinet.cl\/sitio\/gallinas-por-rafael-barret\/","og_locale":"es_ES","og_type":"article","og_title":"Gallinas... Por Rafael Barret - Nuestro Bio B\u00edo","og_description":"Mientras no pose\u00ed m\u00e1s que mi catre y mis libros, fui feliz. Ahora poseo nueve gallinas y un gallo, y mi alma est\u00e1 perturbada.\u00a0 La propiedad me ha hecho cruel. Siempre que compraba una gallina la ataba dos d\u00edas a un \u00e1rbol, para imponerle mi domicilio, destruyendo en su memoria fr\u00e1gil el amor a su [&hellip;]","og_url":"https:\/\/www.fraczinet.cl\/sitio\/gallinas-por-rafael-barret\/","og_site_name":"Nuestro Bio B\u00edo","article_publisher":"https:\/\/www.facebook.com\/groups\/15721414452\/","article_published_time":"2022-11-16T23:26:37+00:00","article_modified_time":"2024-10-06T00:59:58+00:00","og_image":[{"width":353,"height":537,"url":"https:\/\/www.fraczinet.cl\/sitio\/wp-content\/uploads\/2022\/11\/Rafael_Angel_Jorge_Julian_Barrett_y_Alvarez_de_Toledo.png","type":"image\/png"}],"twitter_card":"summary_large_image","twitter_creator":"@nuestrobiobio","twitter_site":"@nuestrobiobio","twitter_misc":{"Escrito por":"","Tiempo de lectura":"3 minutos"},"schema":{"@context":"https:\/\/schema.org","@graph":[{"@type":"Article","@id":"https:\/\/www.fraczinet.cl\/sitio\/gallinas-por-rafael-barret\/#article","isPartOf":{"@id":"https:\/\/www.fraczinet.cl\/sitio\/gallinas-por-rafael-barret\/"},"author":{"name":"","@id":""},"headline":"Gallinas&#8230; Por Rafael Barret","datePublished":"2022-11-16T23:26:37+00:00","dateModified":"2024-10-06T00:59:58+00:00","mainEntityOfPage":{"@id":"https:\/\/www.fraczinet.cl\/sitio\/gallinas-por-rafael-barret\/"},"wordCount":482,"commentCount":0,"image":{"@id":"https:\/\/www.fraczinet.cl\/sitio\/gallinas-por-rafael-barret\/#primaryimage"},"thumbnailUrl":"https:\/\/www.fraczinet.cl\/sitio\/wp-content\/uploads\/2022\/11\/Rafael_Angel_Jorge_Julian_Barrett_y_Alvarez_de_Toledo.png","articleSection":["Cuentos","Rafael Barret"],"inLanguage":"es","potentialAction":[{"@type":"CommentAction","name":"Comment","target":["https:\/\/www.fraczinet.cl\/sitio\/gallinas-por-rafael-barret\/#respond"]}]},{"@type":"WebPage","@id":"https:\/\/www.fraczinet.cl\/sitio\/gallinas-por-rafael-barret\/","url":"https:\/\/www.fraczinet.cl\/sitio\/gallinas-por-rafael-barret\/","name":"Gallinas... Por Rafael Barret - Nuestro Bio B\u00edo","isPartOf":{"@id":"https:\/\/www.fraczinet.cl\/sitio\/#website"},"primaryImageOfPage":{"@id":"https:\/\/www.fraczinet.cl\/sitio\/gallinas-por-rafael-barret\/#primaryimage"},"image":{"@id":"https:\/\/www.fraczinet.cl\/sitio\/gallinas-por-rafael-barret\/#primaryimage"},"thumbnailUrl":"https:\/\/www.fraczinet.cl\/sitio\/wp-content\/uploads\/2022\/11\/Rafael_Angel_Jorge_Julian_Barrett_y_Alvarez_de_Toledo.png","datePublished":"2022-11-16T23:26:37+00:00","dateModified":"2024-10-06T00:59:58+00:00","author":{"@id":""},"breadcrumb":{"@id":"https:\/\/www.fraczinet.cl\/sitio\/gallinas-por-rafael-barret\/#breadcrumb"},"inLanguage":"es","potentialAction":[{"@type":"ReadAction","target":["https:\/\/www.fraczinet.cl\/sitio\/gallinas-por-rafael-barret\/"]}]},{"@type":"ImageObject","inLanguage":"es","@id":"https:\/\/www.fraczinet.cl\/sitio\/gallinas-por-rafael-barret\/#primaryimage","url":"https:\/\/www.fraczinet.cl\/sitio\/wp-content\/uploads\/2022\/11\/Rafael_Angel_Jorge_Julian_Barrett_y_Alvarez_de_Toledo.png","contentUrl":"https:\/\/www.fraczinet.cl\/sitio\/wp-content\/uploads\/2022\/11\/Rafael_Angel_Jorge_Julian_Barrett_y_Alvarez_de_Toledo.png","width":353,"height":537},{"@type":"BreadcrumbList","@id":"https:\/\/www.fraczinet.cl\/sitio\/gallinas-por-rafael-barret\/#breadcrumb","itemListElement":[{"@type":"ListItem","position":1,"name":"Portada","item":"https:\/\/www.fraczinet.cl\/sitio\/"},{"@type":"ListItem","position":2,"name":"Gallinas&#8230; Por Rafael Barret"}]},{"@type":"WebSite","@id":"https:\/\/www.fraczinet.cl\/sitio\/#website","url":"https:\/\/www.fraczinet.cl\/sitio\/","name":"Nuestro Bio B\u00edo","description":"Tierra de Encuentros","potentialAction":[{"@type":"SearchAction","target":{"@type":"EntryPoint","urlTemplate":"https:\/\/www.fraczinet.cl\/sitio\/?s={search_term_string}"},"query-input":{"@type":"PropertyValueSpecification","valueRequired":true,"valueName":"search_term_string"}}],"inLanguage":"es"},{"@type":"Person","@id":""}]}},"_links":{"self":[{"href":"https:\/\/www.fraczinet.cl\/sitio\/wp-json\/wp\/v2\/posts\/15141","targetHints":{"allow":["GET"]}}],"collection":[{"href":"https:\/\/www.fraczinet.cl\/sitio\/wp-json\/wp\/v2\/posts"}],"about":[{"href":"https:\/\/www.fraczinet.cl\/sitio\/wp-json\/wp\/v2\/types\/post"}],"author":[{"embeddable":true,"href":"https:\/\/www.fraczinet.cl\/sitio\/wp-json\/wp\/v2\/users\/1"}],"replies":[{"embeddable":true,"href":"https:\/\/www.fraczinet.cl\/sitio\/wp-json\/wp\/v2\/comments?post=15141"}],"version-history":[{"count":4,"href":"https:\/\/www.fraczinet.cl\/sitio\/wp-json\/wp\/v2\/posts\/15141\/revisions"}],"predecessor-version":[{"id":16166,"href":"https:\/\/www.fraczinet.cl\/sitio\/wp-json\/wp\/v2\/posts\/15141\/revisions\/16166"}],"wp:featuredmedia":[{"embeddable":true,"href":"https:\/\/www.fraczinet.cl\/sitio\/wp-json\/wp\/v2\/media\/15142"}],"wp:attachment":[{"href":"https:\/\/www.fraczinet.cl\/sitio\/wp-json\/wp\/v2\/media?parent=15141"}],"wp:term":[{"taxonomy":"category","embeddable":true,"href":"https:\/\/www.fraczinet.cl\/sitio\/wp-json\/wp\/v2\/categories?post=15141"},{"taxonomy":"post_tag","embeddable":true,"href":"https:\/\/www.fraczinet.cl\/sitio\/wp-json\/wp\/v2\/tags?post=15141"}],"curies":[{"name":"wp","href":"https:\/\/api.w.org\/{rel}","templated":true}]}}