{"id":15280,"date":"2023-01-26T02:10:38","date_gmt":"2023-01-26T02:10:38","guid":{"rendered":"https:\/\/www.fraczinet.cl\/sitio\/?p=15280"},"modified":"2023-01-26T02:10:38","modified_gmt":"2023-01-26T02:10:38","slug":"las-primeras-peliculas-de-los-hermanos-lumiere-la-invencion-del-cine","status":"publish","type":"post","link":"https:\/\/www.fraczinet.cl\/sitio\/2023\/01\/26\/las-primeras-peliculas-de-los-hermanos-lumiere-la-invencion-del-cine\/","title":{"rendered":"Las Primeras Pel\u00edculas De Los Hermanos Lumi\u00e8re&#8230; La Invenci\u00f3n Del Cine"},"content":{"rendered":"<p><img fetchpriority=\"high\" decoding=\"async\" class=\"size-medium wp-image-15281 alignleft\" src=\"https:\/\/www.fraczinet.cl\/sitio\/wp-content\/uploads\/2023\/01\/Hermanos-Lumiere-300x213.jpeg\" alt=\"\" width=\"300\" height=\"213\" srcset=\"https:\/\/www.fraczinet.cl\/sitio\/wp-content\/uploads\/2023\/01\/Hermanos-Lumiere-300x213.jpeg 300w, https:\/\/www.fraczinet.cl\/sitio\/wp-content\/uploads\/2023\/01\/Hermanos-Lumiere-1024x727.jpeg 1024w, https:\/\/www.fraczinet.cl\/sitio\/wp-content\/uploads\/2023\/01\/Hermanos-Lumiere-768x545.jpeg 768w, https:\/\/www.fraczinet.cl\/sitio\/wp-content\/uploads\/2023\/01\/Hermanos-Lumiere.jpeg 1169w\" sizes=\"(max-width: 300px) 100vw, 300px\" \/>El 28 de diciembre de 1895, los hermanos Lumi\u00e8re ofrecen la primera exhibici\u00f3n p\u00fablica de su cinemat\u00f3grafo. Se considera esta fecha como el comienzo la historia del cine, fecha en la que los hermanos Lumi\u00e8re proyectaron p\u00fablicamente la salida de obreros de una f\u00e1brica francesa en Lyon. Un tren que llega a la estaci\u00f3n, un jardinero regando, pasajeros descendiendo de un barco o unos padres que dan de comer a su hija, estas escenas cotidianas fueron grabadas por los hermanos Lumi\u00e8re. El \u00e9xito de este invento fue inmediato, no s\u00f3lo en Francia, sino tambi\u00e9n en toda Europa y Am\u00e9rica del Norte.<\/p>\n<p>En un a\u00f1o los hermanos Lumi\u00e8re crearon m\u00e1s de 500 pel\u00edculas, marcadas por la ausencia de actores y los decorados naturales, la brevedad, la ausencia de montaje y la posici\u00f3n fija de la c\u00e1mara.<\/p>\n<p><iframe title=\"Los Hermanos Lumi\u00e8re, primeras pel\u00edculas de la historia del cine\" width=\"640\" height=\"480\" src=\"https:\/\/www.youtube.com\/embed\/cNoJ9AmTibU?feature=oembed\" frameborder=\"0\" allow=\"accelerometer; autoplay; clipboard-write; encrypted-media; gyroscope; picture-in-picture; web-share\" referrerpolicy=\"strict-origin-when-cross-origin\" allowfullscreen><\/iframe><\/p>\n","protected":false},"excerpt":{"rendered":"<p>El 28 de diciembre de 1895, los hermanos Lumi\u00e8re ofrecen la primera exhibici\u00f3n p\u00fablica de su cinemat\u00f3grafo. Se considera esta fecha como el comienzo la historia del cine, fecha en la que los hermanos Lumi\u00e8re proyectaron p\u00fablicamente la salida de obreros de una f\u00e1brica francesa en Lyon. Un tren que llega a la estaci\u00f3n, un [&hellip;]<\/p>\n","protected":false},"author":1,"featured_media":15281,"comment_status":"open","ping_status":"open","sticky":false,"template":"","format":"standard","meta":{"footnotes":""},"categories":[32],"tags":[],"class_list":["post-15280","post","type-post","status-publish","format-standard","has-post-thumbnail","hentry","category-cine"],"yoast_head":"<!-- This site is optimized with the Yoast SEO plugin v25.0 - https:\/\/yoast.com\/wordpress\/plugins\/seo\/ -->\n<title>Las Primeras Pel\u00edculas De Los Hermanos Lumi\u00e8re... La Invenci\u00f3n Del Cine - Nuestro Bio B\u00edo<\/title>\n<meta name=\"description\" content=\"El 28 de diciembre de 1895, los hermanos Lumi\u00e8re ofrecen la primera exhibici\u00f3n p\u00fablica de su cinemat\u00f3grafo. Se considera esta fecha como el comienzo la historia del cine, fecha en la que los hermanos Lumi\u00e8re proyectaron p\u00fablicamente la salida de obreros de una f\u00e1brica francesa en Lyon.\" \/>\n<meta name=\"robots\" content=\"index, follow, max-snippet:-1, max-image-preview:large, max-video-preview:-1\" \/>\n<link rel=\"canonical\" href=\"https:\/\/www.fraczinet.cl\/sitio\/2023\/01\/26\/las-primeras-peliculas-de-los-hermanos-lumiere-la-invencion-del-cine\/\" \/>\n<meta property=\"og:locale\" content=\"es_ES\" \/>\n<meta property=\"og:type\" content=\"article\" \/>\n<meta property=\"og:title\" content=\"Las Primeras Pel\u00edculas De Los Hermanos Lumi\u00e8re... La Invenci\u00f3n Del Cine - Nuestro Bio B\u00edo\" \/>\n<meta property=\"og:description\" content=\"El 28 de diciembre de 1895, los hermanos Lumi\u00e8re ofrecen la primera exhibici\u00f3n p\u00fablica de su cinemat\u00f3grafo. Se considera esta fecha como el comienzo la historia del cine, fecha en la que los hermanos Lumi\u00e8re proyectaron p\u00fablicamente la salida de obreros de una f\u00e1brica francesa en Lyon.\" \/>\n<meta property=\"og:url\" content=\"https:\/\/www.fraczinet.cl\/sitio\/2023\/01\/26\/las-primeras-peliculas-de-los-hermanos-lumiere-la-invencion-del-cine\/\" \/>\n<meta property=\"og:site_name\" content=\"Nuestro Bio B\u00edo\" \/>\n<meta property=\"article:published_time\" content=\"2023-01-26T02:10:38+00:00\" \/>\n<meta property=\"og:image\" content=\"https:\/\/www.fraczinet.cl\/sitio\/wp-content\/uploads\/2023\/01\/Hermanos-Lumiere.jpeg\" \/>\n\t<meta property=\"og:image:width\" content=\"1169\" \/>\n\t<meta property=\"og:image:height\" content=\"830\" \/>\n\t<meta property=\"og:image:type\" content=\"image\/jpeg\" \/>\n<meta name=\"author\" content=\"admin\" \/>\n<meta name=\"twitter:card\" content=\"summary_large_image\" \/>\n<meta name=\"twitter:creator\" content=\"@nuestrobiobio\" \/>\n<meta name=\"twitter:site\" content=\"@nuestrobiobio\" \/>\n<meta name=\"twitter:label1\" content=\"Escrito por\" \/>\n\t<meta name=\"twitter:data1\" content=\"admin\" \/>\n\t<meta name=\"twitter:label2\" content=\"Tiempo de lectura\" \/>\n\t<meta name=\"twitter:data2\" content=\"1 minuto\" \/>\n<script type=\"application\/ld+json\" class=\"yoast-schema-graph\">{\"@context\":\"https:\/\/schema.org\",\"@graph\":[{\"@type\":\"Article\",\"@id\":\"https:\/\/www.fraczinet.cl\/sitio\/2023\/01\/26\/las-primeras-peliculas-de-los-hermanos-lumiere-la-invencion-del-cine\/#article\",\"isPartOf\":{\"@id\":\"https:\/\/www.fraczinet.cl\/sitio\/2023\/01\/26\/las-primeras-peliculas-de-los-hermanos-lumiere-la-invencion-del-cine\/\"},\"author\":{\"name\":\"admin\",\"@id\":\"https:\/\/www.fraczinet.cl\/sitio\/#\/schema\/person\/bc30f98e9cb10ae7e119dbe14bc93784\"},\"headline\":\"Las Primeras Pel\u00edculas De Los Hermanos Lumi\u00e8re&#8230; La Invenci\u00f3n Del Cine\",\"datePublished\":\"2023-01-26T02:10:38+00:00\",\"mainEntityOfPage\":{\"@id\":\"https:\/\/www.fraczinet.cl\/sitio\/2023\/01\/26\/las-primeras-peliculas-de-los-hermanos-lumiere-la-invencion-del-cine\/\"},\"wordCount\":171,\"commentCount\":0,\"publisher\":{\"@id\":\"https:\/\/www.fraczinet.cl\/sitio\/#\/schema\/person\/aec8ee4da68df2b9b0eefdad24a0d582\"},\"image\":{\"@id\":\"https:\/\/www.fraczinet.cl\/sitio\/2023\/01\/26\/las-primeras-peliculas-de-los-hermanos-lumiere-la-invencion-del-cine\/#primaryimage\"},\"thumbnailUrl\":\"https:\/\/www.fraczinet.cl\/sitio\/wp-content\/uploads\/2023\/01\/Hermanos-Lumiere.jpeg\",\"articleSection\":[\"Cine\"],\"inLanguage\":\"es\",\"potentialAction\":[{\"@type\":\"CommentAction\",\"name\":\"Comment\",\"target\":[\"https:\/\/www.fraczinet.cl\/sitio\/2023\/01\/26\/las-primeras-peliculas-de-los-hermanos-lumiere-la-invencion-del-cine\/#respond\"]}]},{\"@type\":\"WebPage\",\"@id\":\"https:\/\/www.fraczinet.cl\/sitio\/2023\/01\/26\/las-primeras-peliculas-de-los-hermanos-lumiere-la-invencion-del-cine\/\",\"url\":\"https:\/\/www.fraczinet.cl\/sitio\/2023\/01\/26\/las-primeras-peliculas-de-los-hermanos-lumiere-la-invencion-del-cine\/\",\"name\":\"Las Primeras Pel\u00edculas De Los Hermanos Lumi\u00e8re... La Invenci\u00f3n Del Cine - Nuestro Bio B\u00edo\",\"isPartOf\":{\"@id\":\"https:\/\/www.fraczinet.cl\/sitio\/#website\"},\"primaryImageOfPage\":{\"@id\":\"https:\/\/www.fraczinet.cl\/sitio\/2023\/01\/26\/las-primeras-peliculas-de-los-hermanos-lumiere-la-invencion-del-cine\/#primaryimage\"},\"image\":{\"@id\":\"https:\/\/www.fraczinet.cl\/sitio\/2023\/01\/26\/las-primeras-peliculas-de-los-hermanos-lumiere-la-invencion-del-cine\/#primaryimage\"},\"thumbnailUrl\":\"https:\/\/www.fraczinet.cl\/sitio\/wp-content\/uploads\/2023\/01\/Hermanos-Lumiere.jpeg\",\"datePublished\":\"2023-01-26T02:10:38+00:00\",\"description\":\"El 28 de diciembre de 1895, los hermanos Lumi\u00e8re ofrecen la primera exhibici\u00f3n p\u00fablica de su cinemat\u00f3grafo. Se considera esta fecha como el comienzo la historia del cine, fecha en la que los hermanos Lumi\u00e8re proyectaron p\u00fablicamente la salida de obreros de una f\u00e1brica francesa en Lyon.\",\"breadcrumb\":{\"@id\":\"https:\/\/www.fraczinet.cl\/sitio\/2023\/01\/26\/las-primeras-peliculas-de-los-hermanos-lumiere-la-invencion-del-cine\/#breadcrumb\"},\"inLanguage\":\"es\",\"potentialAction\":[{\"@type\":\"ReadAction\",\"target\":[\"https:\/\/www.fraczinet.cl\/sitio\/2023\/01\/26\/las-primeras-peliculas-de-los-hermanos-lumiere-la-invencion-del-cine\/\"]}]},{\"@type\":\"ImageObject\",\"inLanguage\":\"es\",\"@id\":\"https:\/\/www.fraczinet.cl\/sitio\/2023\/01\/26\/las-primeras-peliculas-de-los-hermanos-lumiere-la-invencion-del-cine\/#primaryimage\",\"url\":\"https:\/\/www.fraczinet.cl\/sitio\/wp-content\/uploads\/2023\/01\/Hermanos-Lumiere.jpeg\",\"contentUrl\":\"https:\/\/www.fraczinet.cl\/sitio\/wp-content\/uploads\/2023\/01\/Hermanos-Lumiere.jpeg\",\"width\":1169,\"height\":830},{\"@type\":\"BreadcrumbList\",\"@id\":\"https:\/\/www.fraczinet.cl\/sitio\/2023\/01\/26\/las-primeras-peliculas-de-los-hermanos-lumiere-la-invencion-del-cine\/#breadcrumb\",\"itemListElement\":[{\"@type\":\"ListItem\",\"position\":1,\"name\":\"Portada\",\"item\":\"https:\/\/www.fraczinet.cl\/sitio\/\"},{\"@type\":\"ListItem\",\"position\":2,\"name\":\"Las Primeras Pel\u00edculas De Los Hermanos Lumi\u00e8re&#8230; La Invenci\u00f3n Del Cine\"}]},{\"@type\":\"WebSite\",\"@id\":\"https:\/\/www.fraczinet.cl\/sitio\/#website\",\"url\":\"https:\/\/www.fraczinet.cl\/sitio\/\",\"name\":\"Nuestro Bio B\u00edo\",\"description\":\"Tierra de Encuentros\",\"publisher\":{\"@id\":\"https:\/\/www.fraczinet.cl\/sitio\/#\/schema\/person\/aec8ee4da68df2b9b0eefdad24a0d582\"},\"potentialAction\":[{\"@type\":\"SearchAction\",\"target\":{\"@type\":\"EntryPoint\",\"urlTemplate\":\"https:\/\/www.fraczinet.cl\/sitio\/?s={search_term_string}\"},\"query-input\":{\"@type\":\"PropertyValueSpecification\",\"valueRequired\":true,\"valueName\":\"search_term_string\"}}],\"inLanguage\":\"es\"},{\"@type\":[\"Person\",\"Organization\"],\"@id\":\"https:\/\/www.fraczinet.cl\/sitio\/#\/schema\/person\/aec8ee4da68df2b9b0eefdad24a0d582\",\"name\":\"Luis Fernando Fraczinet\",\"image\":{\"@type\":\"ImageObject\",\"inLanguage\":\"es\",\"@id\":\"https:\/\/www.fraczinet.cl\/sitio\/#\/schema\/person\/image\/\",\"url\":\"https:\/\/www.fraczinet.cl\/sitio\/wp-content\/uploads\/2021\/07\/bannerlogo-1.gif\",\"contentUrl\":\"https:\/\/www.fraczinet.cl\/sitio\/wp-content\/uploads\/2021\/07\/bannerlogo-1.gif\",\"width\":159,\"height\":79,\"caption\":\"Luis Fernando Fraczinet\"},\"logo\":{\"@id\":\"https:\/\/www.fraczinet.cl\/sitio\/#\/schema\/person\/image\/\"},\"sameAs\":[\"https:\/\/www.fraczinet.cl\/sitio\/\"]},{\"@type\":\"Person\",\"@id\":\"https:\/\/www.fraczinet.cl\/sitio\/#\/schema\/person\/bc30f98e9cb10ae7e119dbe14bc93784\",\"name\":\"admin\",\"image\":{\"@type\":\"ImageObject\",\"inLanguage\":\"es\",\"@id\":\"https:\/\/www.fraczinet.cl\/sitio\/#\/schema\/person\/image\/\",\"url\":\"https:\/\/secure.gravatar.com\/avatar\/d5ad3cf7ef3b23a2bb5be73be780c86b2fc8545c3ad6b149f3913ff458c00099?s=96&d=mm&r=g\",\"contentUrl\":\"https:\/\/secure.gravatar.com\/avatar\/d5ad3cf7ef3b23a2bb5be73be780c86b2fc8545c3ad6b149f3913ff458c00099?s=96&d=mm&r=g\",\"caption\":\"admin\"},\"sameAs\":[\"https:\/\/www.fraczinet.cl\/sitio\"]}]}<\/script>\n<!-- \/ Yoast SEO plugin. -->","yoast_head_json":{"title":"Las Primeras Pel\u00edculas De Los Hermanos Lumi\u00e8re... La Invenci\u00f3n Del Cine - Nuestro Bio B\u00edo","description":"El 28 de diciembre de 1895, los hermanos Lumi\u00e8re ofrecen la primera exhibici\u00f3n p\u00fablica de su cinemat\u00f3grafo. Se considera esta fecha como el comienzo la historia del cine, fecha en la que los hermanos Lumi\u00e8re proyectaron p\u00fablicamente la salida de obreros de una f\u00e1brica francesa en Lyon.","robots":{"index":"index","follow":"follow","max-snippet":"max-snippet:-1","max-image-preview":"max-image-preview:large","max-video-preview":"max-video-preview:-1"},"canonical":"https:\/\/www.fraczinet.cl\/sitio\/2023\/01\/26\/las-primeras-peliculas-de-los-hermanos-lumiere-la-invencion-del-cine\/","og_locale":"es_ES","og_type":"article","og_title":"Las Primeras Pel\u00edculas De Los Hermanos Lumi\u00e8re... La Invenci\u00f3n Del Cine - Nuestro Bio B\u00edo","og_description":"El 28 de diciembre de 1895, los hermanos Lumi\u00e8re ofrecen la primera exhibici\u00f3n p\u00fablica de su cinemat\u00f3grafo. Se considera esta fecha como el comienzo la historia del cine, fecha en la que los hermanos Lumi\u00e8re proyectaron p\u00fablicamente la salida de obreros de una f\u00e1brica francesa en Lyon.","og_url":"https:\/\/www.fraczinet.cl\/sitio\/2023\/01\/26\/las-primeras-peliculas-de-los-hermanos-lumiere-la-invencion-del-cine\/","og_site_name":"Nuestro Bio B\u00edo","article_published_time":"2023-01-26T02:10:38+00:00","og_image":[{"width":1169,"height":830,"url":"https:\/\/www.fraczinet.cl\/sitio\/wp-content\/uploads\/2023\/01\/Hermanos-Lumiere.jpeg","type":"image\/jpeg"}],"author":"admin","twitter_card":"summary_large_image","twitter_creator":"@nuestrobiobio","twitter_site":"@nuestrobiobio","twitter_misc":{"Escrito por":"admin","Tiempo de lectura":"1 minuto"},"schema":{"@context":"https:\/\/schema.org","@graph":[{"@type":"Article","@id":"https:\/\/www.fraczinet.cl\/sitio\/2023\/01\/26\/las-primeras-peliculas-de-los-hermanos-lumiere-la-invencion-del-cine\/#article","isPartOf":{"@id":"https:\/\/www.fraczinet.cl\/sitio\/2023\/01\/26\/las-primeras-peliculas-de-los-hermanos-lumiere-la-invencion-del-cine\/"},"author":{"name":"admin","@id":"https:\/\/www.fraczinet.cl\/sitio\/#\/schema\/person\/bc30f98e9cb10ae7e119dbe14bc93784"},"headline":"Las Primeras Pel\u00edculas De Los Hermanos Lumi\u00e8re&#8230; La Invenci\u00f3n Del Cine","datePublished":"2023-01-26T02:10:38+00:00","mainEntityOfPage":{"@id":"https:\/\/www.fraczinet.cl\/sitio\/2023\/01\/26\/las-primeras-peliculas-de-los-hermanos-lumiere-la-invencion-del-cine\/"},"wordCount":171,"commentCount":0,"publisher":{"@id":"https:\/\/www.fraczinet.cl\/sitio\/#\/schema\/person\/aec8ee4da68df2b9b0eefdad24a0d582"},"image":{"@id":"https:\/\/www.fraczinet.cl\/sitio\/2023\/01\/26\/las-primeras-peliculas-de-los-hermanos-lumiere-la-invencion-del-cine\/#primaryimage"},"thumbnailUrl":"https:\/\/www.fraczinet.cl\/sitio\/wp-content\/uploads\/2023\/01\/Hermanos-Lumiere.jpeg","articleSection":["Cine"],"inLanguage":"es","potentialAction":[{"@type":"CommentAction","name":"Comment","target":["https:\/\/www.fraczinet.cl\/sitio\/2023\/01\/26\/las-primeras-peliculas-de-los-hermanos-lumiere-la-invencion-del-cine\/#respond"]}]},{"@type":"WebPage","@id":"https:\/\/www.fraczinet.cl\/sitio\/2023\/01\/26\/las-primeras-peliculas-de-los-hermanos-lumiere-la-invencion-del-cine\/","url":"https:\/\/www.fraczinet.cl\/sitio\/2023\/01\/26\/las-primeras-peliculas-de-los-hermanos-lumiere-la-invencion-del-cine\/","name":"Las Primeras Pel\u00edculas De Los Hermanos Lumi\u00e8re... La Invenci\u00f3n Del Cine - Nuestro Bio B\u00edo","isPartOf":{"@id":"https:\/\/www.fraczinet.cl\/sitio\/#website"},"primaryImageOfPage":{"@id":"https:\/\/www.fraczinet.cl\/sitio\/2023\/01\/26\/las-primeras-peliculas-de-los-hermanos-lumiere-la-invencion-del-cine\/#primaryimage"},"image":{"@id":"https:\/\/www.fraczinet.cl\/sitio\/2023\/01\/26\/las-primeras-peliculas-de-los-hermanos-lumiere-la-invencion-del-cine\/#primaryimage"},"thumbnailUrl":"https:\/\/www.fraczinet.cl\/sitio\/wp-content\/uploads\/2023\/01\/Hermanos-Lumiere.jpeg","datePublished":"2023-01-26T02:10:38+00:00","description":"El 28 de diciembre de 1895, los hermanos Lumi\u00e8re ofrecen la primera exhibici\u00f3n p\u00fablica de su cinemat\u00f3grafo. Se considera esta fecha como el comienzo la historia del cine, fecha en la que los hermanos Lumi\u00e8re proyectaron p\u00fablicamente la salida de obreros de una f\u00e1brica francesa en Lyon.","breadcrumb":{"@id":"https:\/\/www.fraczinet.cl\/sitio\/2023\/01\/26\/las-primeras-peliculas-de-los-hermanos-lumiere-la-invencion-del-cine\/#breadcrumb"},"inLanguage":"es","potentialAction":[{"@type":"ReadAction","target":["https:\/\/www.fraczinet.cl\/sitio\/2023\/01\/26\/las-primeras-peliculas-de-los-hermanos-lumiere-la-invencion-del-cine\/"]}]},{"@type":"ImageObject","inLanguage":"es","@id":"https:\/\/www.fraczinet.cl\/sitio\/2023\/01\/26\/las-primeras-peliculas-de-los-hermanos-lumiere-la-invencion-del-cine\/#primaryimage","url":"https:\/\/www.fraczinet.cl\/sitio\/wp-content\/uploads\/2023\/01\/Hermanos-Lumiere.jpeg","contentUrl":"https:\/\/www.fraczinet.cl\/sitio\/wp-content\/uploads\/2023\/01\/Hermanos-Lumiere.jpeg","width":1169,"height":830},{"@type":"BreadcrumbList","@id":"https:\/\/www.fraczinet.cl\/sitio\/2023\/01\/26\/las-primeras-peliculas-de-los-hermanos-lumiere-la-invencion-del-cine\/#breadcrumb","itemListElement":[{"@type":"ListItem","position":1,"name":"Portada","item":"https:\/\/www.fraczinet.cl\/sitio\/"},{"@type":"ListItem","position":2,"name":"Las Primeras Pel\u00edculas De Los Hermanos Lumi\u00e8re&#8230; La Invenci\u00f3n Del Cine"}]},{"@type":"WebSite","@id":"https:\/\/www.fraczinet.cl\/sitio\/#website","url":"https:\/\/www.fraczinet.cl\/sitio\/","name":"Nuestro Bio B\u00edo","description":"Tierra de Encuentros","publisher":{"@id":"https:\/\/www.fraczinet.cl\/sitio\/#\/schema\/person\/aec8ee4da68df2b9b0eefdad24a0d582"},"potentialAction":[{"@type":"SearchAction","target":{"@type":"EntryPoint","urlTemplate":"https:\/\/www.fraczinet.cl\/sitio\/?s={search_term_string}"},"query-input":{"@type":"PropertyValueSpecification","valueRequired":true,"valueName":"search_term_string"}}],"inLanguage":"es"},{"@type":["Person","Organization"],"@id":"https:\/\/www.fraczinet.cl\/sitio\/#\/schema\/person\/aec8ee4da68df2b9b0eefdad24a0d582","name":"Luis Fernando Fraczinet","image":{"@type":"ImageObject","inLanguage":"es","@id":"https:\/\/www.fraczinet.cl\/sitio\/#\/schema\/person\/image\/","url":"https:\/\/www.fraczinet.cl\/sitio\/wp-content\/uploads\/2021\/07\/bannerlogo-1.gif","contentUrl":"https:\/\/www.fraczinet.cl\/sitio\/wp-content\/uploads\/2021\/07\/bannerlogo-1.gif","width":159,"height":79,"caption":"Luis Fernando Fraczinet"},"logo":{"@id":"https:\/\/www.fraczinet.cl\/sitio\/#\/schema\/person\/image\/"},"sameAs":["https:\/\/www.fraczinet.cl\/sitio\/"]},{"@type":"Person","@id":"https:\/\/www.fraczinet.cl\/sitio\/#\/schema\/person\/bc30f98e9cb10ae7e119dbe14bc93784","name":"admin","image":{"@type":"ImageObject","inLanguage":"es","@id":"https:\/\/www.fraczinet.cl\/sitio\/#\/schema\/person\/image\/","url":"https:\/\/secure.gravatar.com\/avatar\/d5ad3cf7ef3b23a2bb5be73be780c86b2fc8545c3ad6b149f3913ff458c00099?s=96&d=mm&r=g","contentUrl":"https:\/\/secure.gravatar.com\/avatar\/d5ad3cf7ef3b23a2bb5be73be780c86b2fc8545c3ad6b149f3913ff458c00099?s=96&d=mm&r=g","caption":"admin"},"sameAs":["https:\/\/www.fraczinet.cl\/sitio"]}]}},"_links":{"self":[{"href":"https:\/\/www.fraczinet.cl\/sitio\/wp-json\/wp\/v2\/posts\/15280","targetHints":{"allow":["GET"]}}],"collection":[{"href":"https:\/\/www.fraczinet.cl\/sitio\/wp-json\/wp\/v2\/posts"}],"about":[{"href":"https:\/\/www.fraczinet.cl\/sitio\/wp-json\/wp\/v2\/types\/post"}],"author":[{"embeddable":true,"href":"https:\/\/www.fraczinet.cl\/sitio\/wp-json\/wp\/v2\/users\/1"}],"replies":[{"embeddable":true,"href":"https:\/\/www.fraczinet.cl\/sitio\/wp-json\/wp\/v2\/comments?post=15280"}],"version-history":[{"count":1,"href":"https:\/\/www.fraczinet.cl\/sitio\/wp-json\/wp\/v2\/posts\/15280\/revisions"}],"predecessor-version":[{"id":15283,"href":"https:\/\/www.fraczinet.cl\/sitio\/wp-json\/wp\/v2\/posts\/15280\/revisions\/15283"}],"wp:featuredmedia":[{"embeddable":true,"href":"https:\/\/www.fraczinet.cl\/sitio\/wp-json\/wp\/v2\/media\/15281"}],"wp:attachment":[{"href":"https:\/\/www.fraczinet.cl\/sitio\/wp-json\/wp\/v2\/media?parent=15280"}],"wp:term":[{"taxonomy":"category","embeddable":true,"href":"https:\/\/www.fraczinet.cl\/sitio\/wp-json\/wp\/v2\/categories?post=15280"},{"taxonomy":"post_tag","embeddable":true,"href":"https:\/\/www.fraczinet.cl\/sitio\/wp-json\/wp\/v2\/tags?post=15280"}],"curies":[{"name":"wp","href":"https:\/\/api.w.org\/{rel}","templated":true}]}}