{"id":15296,"date":"2023-02-06T23:15:04","date_gmt":"2023-02-06T23:15:04","guid":{"rendered":"https:\/\/www.fraczinet.cl\/sitio\/?p=15296"},"modified":"2023-02-06T23:29:59","modified_gmt":"2023-02-06T23:29:59","slug":"francisco-bilbao-democrata-americanista-y-revolucionario","status":"publish","type":"post","link":"https:\/\/www.fraczinet.cl\/sitio\/2023\/02\/06\/francisco-bilbao-democrata-americanista-y-revolucionario\/","title":{"rendered":"Francisco Bilbao: Dem\u00f3crata, Americanista y Revolucionario"},"content":{"rendered":"<p><img fetchpriority=\"high\" decoding=\"async\" class=\"size-medium wp-image-15297 alignleft\" src=\"https:\/\/www.fraczinet.cl\/sitio\/wp-content\/uploads\/2023\/02\/Francisco-Bilbao2-241x300.png\" alt=\"\" width=\"241\" height=\"300\" srcset=\"https:\/\/www.fraczinet.cl\/sitio\/wp-content\/uploads\/2023\/02\/Francisco-Bilbao2-241x300.png 241w, https:\/\/www.fraczinet.cl\/sitio\/wp-content\/uploads\/2023\/02\/Francisco-Bilbao2.png 508w\" sizes=\"(max-width: 241px) 100vw, 241px\" \/>La pugna entre liberales y conservadores -pipiolos y pelucones- que comenz\u00f3 tras el t\u00e9rmino de las guerras de independencia, se resolvi\u00f3 en 1829 con el triunfo de los segundos en la Batalla de Lircay. Liderados por el ministro Diego Portales, los pelucones instauraron las bases de una organizaci\u00f3n pol\u00edtica que perdur\u00f3 por d\u00e9cadas, consagrada en la Constituci\u00f3n de 1833. En la d\u00e9cada siguiente, sin embargo, surgi\u00f3 una nueva generaci\u00f3n educada en los principios liberales que presion\u00f3 por cambios en la conducci\u00f3n del pa\u00eds.<\/p>\n<p>&nbsp;<\/p>\n<p>Francisco Bilbao fue el \u00edcono de aquella generaci\u00f3n, s\u00edmbolo del radicalismo liberal que combati\u00f3 a los gobiernos autoritarios en nombre de una democracia plena, al mismo tiempo que llamaba a la unidad de los pueblos latinoamericanos para impugnar la amenaza imperialista. De una constancia admirable y enemigo de las transacciones pol\u00edticas, Bilbao dedic\u00f3 su vida a la causa de la democracia, pasando gran parte de ella en el exilio y sufriendo constantes persecuciones.<\/p>\n<p>&nbsp;<\/p>\n<p>Naci\u00f3 en 1823 y a corta edad debi\u00f3 partir al exilio acompa\u00f1ando a su padre, dirigente liberal que emigr\u00f3 tras el triunfo conservador de 1829. En 1839 se autoriz\u00f3 el regreso de su familia a Chile y, al poco tiempo, Bilbao comenz\u00f3 sus estudios en el Instituto Nacional. En 1844 se inici\u00f3 en la vida p\u00fablica con la publicaci\u00f3n de su ensayo Sociabilidad chilena, en donde llam\u00f3 a una transformaci\u00f3n democr\u00e1tica y atac\u00f3 ferozmente al clero. Tras un pol\u00e9mico juicio por blasfemia, viaj\u00f3 a Europa y se instal\u00f3 en Par\u00eds. All\u00ed, se inici\u00f3 en las ideas liberales de Lamennais, Quinet y Michelet, a la vez que presenci\u00f3 la oleada revolucionaria que se extendi\u00f3 por Europa en 1848. De regreso a Chile, en 1849, organiz\u00f3 junto a Santiago Arcos la Sociedad de la Igualdad, que agrup\u00f3 a artesanos e intelectuales radicales y que a trav\u00e9s de su \u00f3rgano de prensa lanz\u00f3 enconados ataques al gobierno de Manuel Montt y a la alta jerarqu\u00eda eclesi\u00e1stica. Dos a\u00f1os m\u00e1s tarde se pleg\u00f3 a una sublevaci\u00f3n liberal dirigida por el general Jos\u00e9 Mar\u00eda de la Cruz.<\/p>\n<p>&nbsp;<\/p>\n<p>Tras el fracaso de la revoluci\u00f3n de 1851, Bilbao tom\u00f3 nuevamente el rumbo del exilio, embarc\u00e1ndose hacia el Per\u00fa. En ese pa\u00eds, public\u00f3 La revoluci\u00f3n en Chile y los mensajes del proscripto, en el que reflexion\u00f3 acerca de la experiencia de 1851. A fines de 1854, se uni\u00f3 al levantamiento liberal acaudillado por el general Ram\u00f3n Castilla, que result\u00f3 triunfante en la guerra civil. Sin embargo, las tibias reformas lanzadas por el nuevo gobierno peruano no satisficieron a Bilbao, que al poco tiempo manifest\u00f3 su abierta oposici\u00f3n.<\/p>\n<p>&nbsp;<\/p>\n<p>Luego de una breve temporada en la c\u00e1rcel, fue expulsado del Per\u00fa, embarc\u00e1ndose nuevamente con destino a Europa. En el viejo continente desarroll\u00f3 sus ideas acerca de la necesidad de unir a las naciones americanas para hacer frente a la amenaza imperialista y para concretar los ideales de libertad, igualdad y justicia entre los pueblos. En 1857 viaj\u00f3 a Buenos Aires y se identific\u00f3 con los intereses de las provincias defensoras de un sistema federal. Tras el triunfo de la Confederaci\u00f3n Argentina en 1859, encabezada por Justo Jos\u00e9 de Urquiza, fue testigo de c\u00f3mo el nuevo gobierno dej\u00f3 de lado los ideales federales por los que hab\u00eda luchado, al mismo tiempo que la oligarqu\u00eda bonaerense volv\u00eda a recuperar la hegemon\u00eda pol\u00edtica en 1861. La invasi\u00f3n francesa a M\u00e9xico, en 1862, despert\u00f3 la inquietud de Bilbao, que llam\u00f3 la atenci\u00f3n sobre el despotismo imperante en Europa y su pol\u00edtica imperialista en su libro La Am\u00e9rica en peligro. En 1864, public\u00f3 El evangelio americano, en el que reflexion\u00f3 acerca de la lucha por la libertad, igualdad y justicia en Am\u00e9rica Latina y sus obst\u00e1culos.<\/p>\n<p>&nbsp;<\/p>\n<p>Tras morir en el exilio en el a\u00f1o 1865, su hermano Manuel Bilbao (1828-1895) emprendi\u00f3 el trabajo de edici\u00f3n de las primeras Obras completas de Francisco Bilbao (1866), que se convirtieron en la base de posteriores ediciones.<\/p>\n<p>Fuente:\u00a0<a href=\"https:\/\/www.blogger.com\/blog\/post\/edit\/8484381475322701646\/9193876443497493559#\" target=\"_blank\" rel=\"noopener\" data-original-attrs=\"{&quot;data-original-href&quot;:&quot;http:\/\/www.memoriachilena.gob.cl\/602\/w3-article-631.html?fbclid=IwAR1vfH7Mz4ty6yatqRheTeNVFKsqodFM3Cy7eKWjZ71YXcsuOgvSJ8lapQ0&quot;,&quot;target&quot;:&quot;_blank&quot;}\">Memoria Chilena &#8211; Biblioteca Nacional de Chile\u00a0<\/a><\/p>\n","protected":false},"excerpt":{"rendered":"<p>La pugna entre liberales y conservadores -pipiolos y pelucones- que comenz\u00f3 tras el t\u00e9rmino de las guerras de independencia, se resolvi\u00f3 en 1829 con el triunfo de los segundos en la Batalla de Lircay. Liderados por el ministro Diego Portales, los pelucones instauraron las bases de una organizaci\u00f3n pol\u00edtica que perdur\u00f3 por d\u00e9cadas, consagrada en [&hellip;]<\/p>\n","protected":false},"author":1,"featured_media":15300,"comment_status":"open","ping_status":"open","sticky":false,"template":"","format":"standard","meta":{"footnotes":""},"categories":[402,10],"tags":[],"class_list":["post-15296","post","type-post","status-publish","format-standard","has-post-thumbnail","hentry","category-francisco-bilbao","category-historia"],"yoast_head":"<!-- This site is optimized with the Yoast SEO plugin v25.0 - https:\/\/yoast.com\/wordpress\/plugins\/seo\/ -->\n<title>Francisco Bilbao: Dem\u00f3crata, Americanista y Revolucionario - Nuestro Bio B\u00edo<\/title>\n<meta name=\"robots\" content=\"index, follow, max-snippet:-1, max-image-preview:large, max-video-preview:-1\" \/>\n<link rel=\"canonical\" href=\"https:\/\/www.fraczinet.cl\/sitio\/2023\/02\/06\/francisco-bilbao-democrata-americanista-y-revolucionario\/\" \/>\n<meta property=\"og:locale\" content=\"es_ES\" \/>\n<meta property=\"og:type\" content=\"article\" \/>\n<meta property=\"og:title\" content=\"Francisco Bilbao: Dem\u00f3crata, Americanista y Revolucionario - Nuestro Bio B\u00edo\" \/>\n<meta property=\"og:description\" content=\"La pugna entre liberales y conservadores -pipiolos y pelucones- que comenz\u00f3 tras el t\u00e9rmino de las guerras de independencia, se resolvi\u00f3 en 1829 con el triunfo de los segundos en la Batalla de Lircay. Liderados por el ministro Diego Portales, los pelucones instauraron las bases de una organizaci\u00f3n pol\u00edtica que perdur\u00f3 por d\u00e9cadas, consagrada en [&hellip;]\" \/>\n<meta property=\"og:url\" content=\"https:\/\/www.fraczinet.cl\/sitio\/2023\/02\/06\/francisco-bilbao-democrata-americanista-y-revolucionario\/\" \/>\n<meta property=\"og:site_name\" content=\"Nuestro Bio B\u00edo\" \/>\n<meta property=\"article:published_time\" content=\"2023-02-06T23:15:04+00:00\" \/>\n<meta property=\"article:modified_time\" content=\"2023-02-06T23:29:59+00:00\" \/>\n<meta property=\"og:image\" content=\"https:\/\/www.fraczinet.cl\/sitio\/wp-content\/uploads\/2023\/02\/Francisco-Bilbao.jpeg\" \/>\n\t<meta property=\"og:image:width\" content=\"201\" \/>\n\t<meta property=\"og:image:height\" content=\"251\" \/>\n\t<meta property=\"og:image:type\" content=\"image\/jpeg\" \/>\n<meta name=\"author\" content=\"admin\" \/>\n<meta name=\"twitter:card\" content=\"summary_large_image\" \/>\n<meta name=\"twitter:creator\" content=\"@nuestrobiobio\" \/>\n<meta name=\"twitter:site\" content=\"@nuestrobiobio\" \/>\n<meta name=\"twitter:label1\" content=\"Escrito por\" \/>\n\t<meta name=\"twitter:data1\" content=\"admin\" \/>\n\t<meta name=\"twitter:label2\" content=\"Tiempo de lectura\" \/>\n\t<meta name=\"twitter:data2\" content=\"4 minutos\" \/>\n<script type=\"application\/ld+json\" class=\"yoast-schema-graph\">{\"@context\":\"https:\/\/schema.org\",\"@graph\":[{\"@type\":\"Article\",\"@id\":\"https:\/\/www.fraczinet.cl\/sitio\/2023\/02\/06\/francisco-bilbao-democrata-americanista-y-revolucionario\/#article\",\"isPartOf\":{\"@id\":\"https:\/\/www.fraczinet.cl\/sitio\/2023\/02\/06\/francisco-bilbao-democrata-americanista-y-revolucionario\/\"},\"author\":{\"name\":\"admin\",\"@id\":\"https:\/\/www.fraczinet.cl\/sitio\/#\/schema\/person\/bc30f98e9cb10ae7e119dbe14bc93784\"},\"headline\":\"Francisco Bilbao: Dem\u00f3crata, Americanista y Revolucionario\",\"datePublished\":\"2023-02-06T23:15:04+00:00\",\"dateModified\":\"2023-02-06T23:29:59+00:00\",\"mainEntityOfPage\":{\"@id\":\"https:\/\/www.fraczinet.cl\/sitio\/2023\/02\/06\/francisco-bilbao-democrata-americanista-y-revolucionario\/\"},\"wordCount\":696,\"commentCount\":0,\"publisher\":{\"@id\":\"https:\/\/www.fraczinet.cl\/sitio\/#\/schema\/person\/aec8ee4da68df2b9b0eefdad24a0d582\"},\"image\":{\"@id\":\"https:\/\/www.fraczinet.cl\/sitio\/2023\/02\/06\/francisco-bilbao-democrata-americanista-y-revolucionario\/#primaryimage\"},\"thumbnailUrl\":\"https:\/\/www.fraczinet.cl\/sitio\/wp-content\/uploads\/2023\/02\/Francisco-Bilbao.jpeg\",\"articleSection\":[\"Francisco Bilbao\",\"Historia\"],\"inLanguage\":\"es\",\"potentialAction\":[{\"@type\":\"CommentAction\",\"name\":\"Comment\",\"target\":[\"https:\/\/www.fraczinet.cl\/sitio\/2023\/02\/06\/francisco-bilbao-democrata-americanista-y-revolucionario\/#respond\"]}]},{\"@type\":\"WebPage\",\"@id\":\"https:\/\/www.fraczinet.cl\/sitio\/2023\/02\/06\/francisco-bilbao-democrata-americanista-y-revolucionario\/\",\"url\":\"https:\/\/www.fraczinet.cl\/sitio\/2023\/02\/06\/francisco-bilbao-democrata-americanista-y-revolucionario\/\",\"name\":\"Francisco Bilbao: Dem\u00f3crata, Americanista y Revolucionario - Nuestro Bio B\u00edo\",\"isPartOf\":{\"@id\":\"https:\/\/www.fraczinet.cl\/sitio\/#website\"},\"primaryImageOfPage\":{\"@id\":\"https:\/\/www.fraczinet.cl\/sitio\/2023\/02\/06\/francisco-bilbao-democrata-americanista-y-revolucionario\/#primaryimage\"},\"image\":{\"@id\":\"https:\/\/www.fraczinet.cl\/sitio\/2023\/02\/06\/francisco-bilbao-democrata-americanista-y-revolucionario\/#primaryimage\"},\"thumbnailUrl\":\"https:\/\/www.fraczinet.cl\/sitio\/wp-content\/uploads\/2023\/02\/Francisco-Bilbao.jpeg\",\"datePublished\":\"2023-02-06T23:15:04+00:00\",\"dateModified\":\"2023-02-06T23:29:59+00:00\",\"breadcrumb\":{\"@id\":\"https:\/\/www.fraczinet.cl\/sitio\/2023\/02\/06\/francisco-bilbao-democrata-americanista-y-revolucionario\/#breadcrumb\"},\"inLanguage\":\"es\",\"potentialAction\":[{\"@type\":\"ReadAction\",\"target\":[\"https:\/\/www.fraczinet.cl\/sitio\/2023\/02\/06\/francisco-bilbao-democrata-americanista-y-revolucionario\/\"]}]},{\"@type\":\"ImageObject\",\"inLanguage\":\"es\",\"@id\":\"https:\/\/www.fraczinet.cl\/sitio\/2023\/02\/06\/francisco-bilbao-democrata-americanista-y-revolucionario\/#primaryimage\",\"url\":\"https:\/\/www.fraczinet.cl\/sitio\/wp-content\/uploads\/2023\/02\/Francisco-Bilbao.jpeg\",\"contentUrl\":\"https:\/\/www.fraczinet.cl\/sitio\/wp-content\/uploads\/2023\/02\/Francisco-Bilbao.jpeg\",\"width\":201,\"height\":251},{\"@type\":\"BreadcrumbList\",\"@id\":\"https:\/\/www.fraczinet.cl\/sitio\/2023\/02\/06\/francisco-bilbao-democrata-americanista-y-revolucionario\/#breadcrumb\",\"itemListElement\":[{\"@type\":\"ListItem\",\"position\":1,\"name\":\"Portada\",\"item\":\"https:\/\/www.fraczinet.cl\/sitio\/\"},{\"@type\":\"ListItem\",\"position\":2,\"name\":\"Francisco Bilbao: Dem\u00f3crata, Americanista y Revolucionario\"}]},{\"@type\":\"WebSite\",\"@id\":\"https:\/\/www.fraczinet.cl\/sitio\/#website\",\"url\":\"https:\/\/www.fraczinet.cl\/sitio\/\",\"name\":\"Nuestro Bio B\u00edo\",\"description\":\"Tierra de Encuentros\",\"publisher\":{\"@id\":\"https:\/\/www.fraczinet.cl\/sitio\/#\/schema\/person\/aec8ee4da68df2b9b0eefdad24a0d582\"},\"potentialAction\":[{\"@type\":\"SearchAction\",\"target\":{\"@type\":\"EntryPoint\",\"urlTemplate\":\"https:\/\/www.fraczinet.cl\/sitio\/?s={search_term_string}\"},\"query-input\":{\"@type\":\"PropertyValueSpecification\",\"valueRequired\":true,\"valueName\":\"search_term_string\"}}],\"inLanguage\":\"es\"},{\"@type\":[\"Person\",\"Organization\"],\"@id\":\"https:\/\/www.fraczinet.cl\/sitio\/#\/schema\/person\/aec8ee4da68df2b9b0eefdad24a0d582\",\"name\":\"Luis Fernando Fraczinet\",\"image\":{\"@type\":\"ImageObject\",\"inLanguage\":\"es\",\"@id\":\"https:\/\/www.fraczinet.cl\/sitio\/#\/schema\/person\/image\/\",\"url\":\"https:\/\/www.fraczinet.cl\/sitio\/wp-content\/uploads\/2021\/07\/bannerlogo-1.gif\",\"contentUrl\":\"https:\/\/www.fraczinet.cl\/sitio\/wp-content\/uploads\/2021\/07\/bannerlogo-1.gif\",\"width\":159,\"height\":79,\"caption\":\"Luis Fernando Fraczinet\"},\"logo\":{\"@id\":\"https:\/\/www.fraczinet.cl\/sitio\/#\/schema\/person\/image\/\"},\"sameAs\":[\"https:\/\/www.fraczinet.cl\/sitio\/\"]},{\"@type\":\"Person\",\"@id\":\"https:\/\/www.fraczinet.cl\/sitio\/#\/schema\/person\/bc30f98e9cb10ae7e119dbe14bc93784\",\"name\":\"admin\",\"image\":{\"@type\":\"ImageObject\",\"inLanguage\":\"es\",\"@id\":\"https:\/\/www.fraczinet.cl\/sitio\/#\/schema\/person\/image\/\",\"url\":\"https:\/\/secure.gravatar.com\/avatar\/d5ad3cf7ef3b23a2bb5be73be780c86b2fc8545c3ad6b149f3913ff458c00099?s=96&d=mm&r=g\",\"contentUrl\":\"https:\/\/secure.gravatar.com\/avatar\/d5ad3cf7ef3b23a2bb5be73be780c86b2fc8545c3ad6b149f3913ff458c00099?s=96&d=mm&r=g\",\"caption\":\"admin\"},\"sameAs\":[\"https:\/\/www.fraczinet.cl\/sitio\"]}]}<\/script>\n<!-- \/ Yoast SEO plugin. -->","yoast_head_json":{"title":"Francisco Bilbao: Dem\u00f3crata, Americanista y Revolucionario - Nuestro Bio B\u00edo","robots":{"index":"index","follow":"follow","max-snippet":"max-snippet:-1","max-image-preview":"max-image-preview:large","max-video-preview":"max-video-preview:-1"},"canonical":"https:\/\/www.fraczinet.cl\/sitio\/2023\/02\/06\/francisco-bilbao-democrata-americanista-y-revolucionario\/","og_locale":"es_ES","og_type":"article","og_title":"Francisco Bilbao: Dem\u00f3crata, Americanista y Revolucionario - Nuestro Bio B\u00edo","og_description":"La pugna entre liberales y conservadores -pipiolos y pelucones- que comenz\u00f3 tras el t\u00e9rmino de las guerras de independencia, se resolvi\u00f3 en 1829 con el triunfo de los segundos en la Batalla de Lircay. Liderados por el ministro Diego Portales, los pelucones instauraron las bases de una organizaci\u00f3n pol\u00edtica que perdur\u00f3 por d\u00e9cadas, consagrada en [&hellip;]","og_url":"https:\/\/www.fraczinet.cl\/sitio\/2023\/02\/06\/francisco-bilbao-democrata-americanista-y-revolucionario\/","og_site_name":"Nuestro Bio B\u00edo","article_published_time":"2023-02-06T23:15:04+00:00","article_modified_time":"2023-02-06T23:29:59+00:00","og_image":[{"width":201,"height":251,"url":"https:\/\/www.fraczinet.cl\/sitio\/wp-content\/uploads\/2023\/02\/Francisco-Bilbao.jpeg","type":"image\/jpeg"}],"author":"admin","twitter_card":"summary_large_image","twitter_creator":"@nuestrobiobio","twitter_site":"@nuestrobiobio","twitter_misc":{"Escrito por":"admin","Tiempo de lectura":"4 minutos"},"schema":{"@context":"https:\/\/schema.org","@graph":[{"@type":"Article","@id":"https:\/\/www.fraczinet.cl\/sitio\/2023\/02\/06\/francisco-bilbao-democrata-americanista-y-revolucionario\/#article","isPartOf":{"@id":"https:\/\/www.fraczinet.cl\/sitio\/2023\/02\/06\/francisco-bilbao-democrata-americanista-y-revolucionario\/"},"author":{"name":"admin","@id":"https:\/\/www.fraczinet.cl\/sitio\/#\/schema\/person\/bc30f98e9cb10ae7e119dbe14bc93784"},"headline":"Francisco Bilbao: Dem\u00f3crata, Americanista y Revolucionario","datePublished":"2023-02-06T23:15:04+00:00","dateModified":"2023-02-06T23:29:59+00:00","mainEntityOfPage":{"@id":"https:\/\/www.fraczinet.cl\/sitio\/2023\/02\/06\/francisco-bilbao-democrata-americanista-y-revolucionario\/"},"wordCount":696,"commentCount":0,"publisher":{"@id":"https:\/\/www.fraczinet.cl\/sitio\/#\/schema\/person\/aec8ee4da68df2b9b0eefdad24a0d582"},"image":{"@id":"https:\/\/www.fraczinet.cl\/sitio\/2023\/02\/06\/francisco-bilbao-democrata-americanista-y-revolucionario\/#primaryimage"},"thumbnailUrl":"https:\/\/www.fraczinet.cl\/sitio\/wp-content\/uploads\/2023\/02\/Francisco-Bilbao.jpeg","articleSection":["Francisco Bilbao","Historia"],"inLanguage":"es","potentialAction":[{"@type":"CommentAction","name":"Comment","target":["https:\/\/www.fraczinet.cl\/sitio\/2023\/02\/06\/francisco-bilbao-democrata-americanista-y-revolucionario\/#respond"]}]},{"@type":"WebPage","@id":"https:\/\/www.fraczinet.cl\/sitio\/2023\/02\/06\/francisco-bilbao-democrata-americanista-y-revolucionario\/","url":"https:\/\/www.fraczinet.cl\/sitio\/2023\/02\/06\/francisco-bilbao-democrata-americanista-y-revolucionario\/","name":"Francisco Bilbao: Dem\u00f3crata, Americanista y Revolucionario - Nuestro Bio B\u00edo","isPartOf":{"@id":"https:\/\/www.fraczinet.cl\/sitio\/#website"},"primaryImageOfPage":{"@id":"https:\/\/www.fraczinet.cl\/sitio\/2023\/02\/06\/francisco-bilbao-democrata-americanista-y-revolucionario\/#primaryimage"},"image":{"@id":"https:\/\/www.fraczinet.cl\/sitio\/2023\/02\/06\/francisco-bilbao-democrata-americanista-y-revolucionario\/#primaryimage"},"thumbnailUrl":"https:\/\/www.fraczinet.cl\/sitio\/wp-content\/uploads\/2023\/02\/Francisco-Bilbao.jpeg","datePublished":"2023-02-06T23:15:04+00:00","dateModified":"2023-02-06T23:29:59+00:00","breadcrumb":{"@id":"https:\/\/www.fraczinet.cl\/sitio\/2023\/02\/06\/francisco-bilbao-democrata-americanista-y-revolucionario\/#breadcrumb"},"inLanguage":"es","potentialAction":[{"@type":"ReadAction","target":["https:\/\/www.fraczinet.cl\/sitio\/2023\/02\/06\/francisco-bilbao-democrata-americanista-y-revolucionario\/"]}]},{"@type":"ImageObject","inLanguage":"es","@id":"https:\/\/www.fraczinet.cl\/sitio\/2023\/02\/06\/francisco-bilbao-democrata-americanista-y-revolucionario\/#primaryimage","url":"https:\/\/www.fraczinet.cl\/sitio\/wp-content\/uploads\/2023\/02\/Francisco-Bilbao.jpeg","contentUrl":"https:\/\/www.fraczinet.cl\/sitio\/wp-content\/uploads\/2023\/02\/Francisco-Bilbao.jpeg","width":201,"height":251},{"@type":"BreadcrumbList","@id":"https:\/\/www.fraczinet.cl\/sitio\/2023\/02\/06\/francisco-bilbao-democrata-americanista-y-revolucionario\/#breadcrumb","itemListElement":[{"@type":"ListItem","position":1,"name":"Portada","item":"https:\/\/www.fraczinet.cl\/sitio\/"},{"@type":"ListItem","position":2,"name":"Francisco Bilbao: Dem\u00f3crata, Americanista y Revolucionario"}]},{"@type":"WebSite","@id":"https:\/\/www.fraczinet.cl\/sitio\/#website","url":"https:\/\/www.fraczinet.cl\/sitio\/","name":"Nuestro Bio B\u00edo","description":"Tierra de Encuentros","publisher":{"@id":"https:\/\/www.fraczinet.cl\/sitio\/#\/schema\/person\/aec8ee4da68df2b9b0eefdad24a0d582"},"potentialAction":[{"@type":"SearchAction","target":{"@type":"EntryPoint","urlTemplate":"https:\/\/www.fraczinet.cl\/sitio\/?s={search_term_string}"},"query-input":{"@type":"PropertyValueSpecification","valueRequired":true,"valueName":"search_term_string"}}],"inLanguage":"es"},{"@type":["Person","Organization"],"@id":"https:\/\/www.fraczinet.cl\/sitio\/#\/schema\/person\/aec8ee4da68df2b9b0eefdad24a0d582","name":"Luis Fernando Fraczinet","image":{"@type":"ImageObject","inLanguage":"es","@id":"https:\/\/www.fraczinet.cl\/sitio\/#\/schema\/person\/image\/","url":"https:\/\/www.fraczinet.cl\/sitio\/wp-content\/uploads\/2021\/07\/bannerlogo-1.gif","contentUrl":"https:\/\/www.fraczinet.cl\/sitio\/wp-content\/uploads\/2021\/07\/bannerlogo-1.gif","width":159,"height":79,"caption":"Luis Fernando Fraczinet"},"logo":{"@id":"https:\/\/www.fraczinet.cl\/sitio\/#\/schema\/person\/image\/"},"sameAs":["https:\/\/www.fraczinet.cl\/sitio\/"]},{"@type":"Person","@id":"https:\/\/www.fraczinet.cl\/sitio\/#\/schema\/person\/bc30f98e9cb10ae7e119dbe14bc93784","name":"admin","image":{"@type":"ImageObject","inLanguage":"es","@id":"https:\/\/www.fraczinet.cl\/sitio\/#\/schema\/person\/image\/","url":"https:\/\/secure.gravatar.com\/avatar\/d5ad3cf7ef3b23a2bb5be73be780c86b2fc8545c3ad6b149f3913ff458c00099?s=96&d=mm&r=g","contentUrl":"https:\/\/secure.gravatar.com\/avatar\/d5ad3cf7ef3b23a2bb5be73be780c86b2fc8545c3ad6b149f3913ff458c00099?s=96&d=mm&r=g","caption":"admin"},"sameAs":["https:\/\/www.fraczinet.cl\/sitio"]}]}},"_links":{"self":[{"href":"https:\/\/www.fraczinet.cl\/sitio\/wp-json\/wp\/v2\/posts\/15296","targetHints":{"allow":["GET"]}}],"collection":[{"href":"https:\/\/www.fraczinet.cl\/sitio\/wp-json\/wp\/v2\/posts"}],"about":[{"href":"https:\/\/www.fraczinet.cl\/sitio\/wp-json\/wp\/v2\/types\/post"}],"author":[{"embeddable":true,"href":"https:\/\/www.fraczinet.cl\/sitio\/wp-json\/wp\/v2\/users\/1"}],"replies":[{"embeddable":true,"href":"https:\/\/www.fraczinet.cl\/sitio\/wp-json\/wp\/v2\/comments?post=15296"}],"version-history":[{"count":1,"href":"https:\/\/www.fraczinet.cl\/sitio\/wp-json\/wp\/v2\/posts\/15296\/revisions"}],"predecessor-version":[{"id":15299,"href":"https:\/\/www.fraczinet.cl\/sitio\/wp-json\/wp\/v2\/posts\/15296\/revisions\/15299"}],"wp:featuredmedia":[{"embeddable":true,"href":"https:\/\/www.fraczinet.cl\/sitio\/wp-json\/wp\/v2\/media\/15300"}],"wp:attachment":[{"href":"https:\/\/www.fraczinet.cl\/sitio\/wp-json\/wp\/v2\/media?parent=15296"}],"wp:term":[{"taxonomy":"category","embeddable":true,"href":"https:\/\/www.fraczinet.cl\/sitio\/wp-json\/wp\/v2\/categories?post=15296"},{"taxonomy":"post_tag","embeddable":true,"href":"https:\/\/www.fraczinet.cl\/sitio\/wp-json\/wp\/v2\/tags?post=15296"}],"curies":[{"name":"wp","href":"https:\/\/api.w.org\/{rel}","templated":true}]}}