{"id":15322,"date":"2023-06-26T13:37:54","date_gmt":"2023-06-26T13:37:54","guid":{"rendered":"https:\/\/www.fraczinet.cl\/sitio\/?p=15322"},"modified":"2023-06-26T13:39:58","modified_gmt":"2023-06-26T13:39:58","slug":"el-desastre-de-rancagua-por-luis-casado","status":"publish","type":"post","link":"https:\/\/www.fraczinet.cl\/sitio\/2023\/06\/26\/el-desastre-de-rancagua-por-luis-casado\/","title":{"rendered":"El Desastre de Rancagua&#8230; Por Luis Casado"},"content":{"rendered":"<p><span style=\"font-weight: 400;\"><img decoding=\"async\" class=\"size-medium wp-image-15323 alignleft\" src=\"https:\/\/www.fraczinet.cl\/sitio\/wp-content\/uploads\/2023\/06\/El-Desastre-de-Rancagua-300x156.jpg\" alt=\"\" width=\"300\" height=\"156\" srcset=\"https:\/\/www.fraczinet.cl\/sitio\/wp-content\/uploads\/2023\/06\/El-Desastre-de-Rancagua-300x156.jpg 300w, https:\/\/www.fraczinet.cl\/sitio\/wp-content\/uploads\/2023\/06\/El-Desastre-de-Rancagua.jpg 311w\" sizes=\"(max-width: 300px) 100vw, 300px\" \/>Mal de muchos, consuelo de tontos, reza el proverbio. Dicho lo cual, no podemos ignorar que en materia de fallos en la Educaci\u00f3n, Chile no califica. He aqu\u00ed algunos titulares de la prensa de habla hispana. Salud: \u00ab<\/span><strong>Ten\u00eda da\u00f1os cerebrales en el h\u00edgado, vejiga y p\u00e9rdida de visi\u00f3n.<\/strong><span style=\"font-weight: 400;\">\u00bb Injusticia: \u00ab<\/span><strong>La acusaci\u00f3n ped\u00eda un a\u00f1o de c\u00e1ncer y una indemnizaci\u00f3n de 12 mil euros<\/strong><span style=\"font-weight: 400;\">\u00ab. Previsiones meteorol\u00f3gicas: \u00ab<\/span><strong>Cielos con nubes y claros, con riesgo de alguna preocupaci\u00f3n aislada<\/strong><span style=\"font-weight: 400;\">\u00ab. Y el deporte: \u00ab<\/span><strong>El medio celeste aprovech\u00f3 un grabe error de Beto para dar una nueva la tercera victoria en tierras andaluzas<\/strong><span style=\"font-weight: 400;\">\u00ab. Grabe, muy grabe&#8230;<\/span><\/p>\n<p>Escribe<strong> Luis Casado<\/strong><\/p>\n<p>Fuente<strong>: <a href=\"https:\/\/www.blogger.com\/blog\/post\/edit\/8484381475322701646\/6359084516428893443#\" data-original-attrs=\"{&quot;data-original-href&quot;:&quot;mailto: diarioelect.politika@gmail.com&quot;,&quot;target&quot;:&quot;_blank&quot;}\">Diario Electr\u00f3nico Politika<\/a><\/strong><\/p>\n<p>No es por incordiar, pero la encuesta Simce se me atragant\u00f3 en el gaznate. Record\u00e9 mis a\u00f1os de colegial, a los compa\u00f1eros que ven\u00edan del campo: Pelequ\u00e9n, el Tambo, Limahue y a\u00fan m\u00e1s lejos, desde Pichidehua o de Peumo. Para tomar la g\u00f3ndola se levantaban al alba, alguno pernoctaba en San Fernando en un albergue perdulario, cuesti\u00f3n de llegar puntualmente al Liceo cada ma\u00f1ana. Caminar siete u ocho kil\u00f3metros de ida y otros tantos de regreso, con el sano prop\u00f3sito de asistir a clases no era considerado una haza\u00f1a.<\/p>\n<p><span style=\"font-weight: 400;\">\u00a0<\/span><\/p>\n<p>Eso s\u00ed, la Escuela y el Liceo eran p\u00fablicos, laicos y gratuitos. Mi bisabuela Leontina aseguraba que se lo deb\u00edamos al gobierno de don Pedro Aguirre Cerda y al Frente Popular, uno de cuyos ministros se llamaba Salvador Allende. En un lejano eco a las palabras de Danton, el lema de Aguirre Cerda fue \u201c<strong><em>Gobernar es educar<\/em><\/strong>\u201d.<\/p>\n<p><span style=\"font-weight: 400;\">\u00a0<\/span><\/p>\n<p>Ahora \u2013seg\u00fan me cuentan- un profesor de Historia interrog\u00f3 a sus alumnos sobre el Desastre de Rancagua. Para su gran sorpresa un muchacho contest\u00f3 que \u00e9l no ten\u00eda ninguna responsabilidad en eso, que no pod\u00edan echarle la culpa, que \u00e9l nunca hab\u00eda estado en Rancagua y que si hubiese sabido algo lo hubiese denunciado inmediatamente.<\/p>\n<p><span style=\"font-weight: 400;\">\u00a0<\/span><\/p>\n<p>Abrumado y confundido el profesor hizo venir al padre del chico, le expuso lo acontecido, y esper\u00f3 una explicaci\u00f3n. El padre, inc\u00f3modo y molesto, defendi\u00f3 a su v\u00e1stago: \u201c<em>De mi hijo se pueden decir muchas cosas, arguy\u00f3, pero mentiroso no es. Somos una familia decente. Si \u00e9l dice que no tuvo nada que ver en el desastre\u2026 Ud. tiene que creerle<\/em>\u201d.<\/p>\n<p><span style=\"font-weight: 400;\">\u00a0<\/span><\/p>\n<p>El profesor \u2013algo mosqueado\u2013 decidi\u00f3 confiarle su desamparo al director del Colegio. Este le recibi\u00f3 en su despacho, cerr\u00f3 bien las puertas, y habl\u00f3 muy bajito para darle un consejo: \u201c<em>No te metas con esa familia, le dijo. Son gente de plata, y son influyentes. M\u00e1s vale que olvides este desdichado incidente: aunque el ni\u00f1o tenga algo que ver en el cagazo, m\u00e1s vale hacerse el we\u00f3n.<\/em>\u201d<\/p>\n<p><span style=\"font-weight: 400;\">\u00a0<\/span><\/p>\n<p>Respetuoso de su oficio, el profesor reflexion\u00f3 un par de d\u00edas antes de dirigirse al Seremi de Educaci\u00f3n. \u201c<em>No puede ser, le coment\u00f3, que ni el ni\u00f1o, ni su padre, ni siquiera el director del Colegio tengan la m\u00e1s pijotera idea del Desastre de Rancagua.<\/em>\u201d<\/p>\n<p><span style=\"font-weight: 400;\">\u00a0<\/span><\/p>\n<p>El Seremi lo calm\u00f3 y lo disuadi\u00f3 de montar un cristo. \u201c<em>Nuestro gobierno atraviesa un mal momento en plan catrasca\u2026<\/em>\u201d alcanz\u00f3 a decir, antes de que el profesor le interrumpiese, el ce\u00f1o fruncido, para preguntarle: \u201c<em>\u00bfCatrasca\u2026?<\/em>\u201d<\/p>\n<p><span style=\"font-weight: 400;\">\u00a0<\/span><\/p>\n<p>El Seremi, condescendiente, precis\u00f3: \u201c<em>cagada tras cagada<\/em>\u201d. \u201c<em>\u00a1Ah!<\/em>\u201d, musit\u00f3 el profesor, que pensaba haber ca\u00eddo en un vocablo desconocido. \u201c<em>De modo<\/em>\u201d, prosigui\u00f3 el Seremi, \u201c<em>que tenemos instrucciones de no agregar m\u00e1s desorden y despistes all\u00ed donde eso abunda<\/em>\u201d. \u201c<em>Comprender\u00e1s f\u00e1cilmente<\/em>\u201d, termin\u00f3, \u201c<em>que te ruegue encarecidamente no denunciar al alumno implicado en el desastre: si la cosa se llega a saber podr\u00eda hasta perder mi puesto<\/em>\u201d.<\/p>\n<p><span style=\"font-weight: 400;\">\u00a0<\/span><\/p>\n<p>Visto lo cual al profesor no le qued\u00f3 m\u00e1s remedio que interpelar al ministro de Educaci\u00f3n, cuya reacci\u00f3n fue iracunda:<\/p>\n<p><span style=\"font-weight: 400;\">\u00a0<\/span><\/p>\n<p>\u201c<em>\u00a1Desastre de Rancagua, desastre de Rancagua<\/em>!\u201d, exclam\u00f3\u2026 \u201c<em>Nadie puede ignorar nuestras glorias nacionales: a Lucho Gatica no se le falta el respeto impunemente, ni siquiera porque, ya viejo, cant\u00f3 \u2018cocido\u2019 en el Festival de Vi\u00f1a<\/em>\u201d.<\/p>\n<p><span style=\"font-weight: 400;\">\u00a0<\/span><\/p>\n<p>El profesor del cuento se dijo que visto lo visto, y escuchado lo escuchado, no pod\u00eda retroceder. Resolvi\u00f3 pues escribir una carta cuyo texto comenzaba de este modo:<\/p>\n<p><span style=\"font-weight: 400;\">\u00a0<\/span><\/p>\n<p>\u201c<em>Respetado Se\u00f1or Presidente\u2026<\/em>\u201d<\/p>\n<p><span style=\"font-weight: 400;\">\u00a0<\/span><\/p>\n<p>Suspicaz y esc\u00e9ptico como soy, no me tragu\u00e9 el cuento y me dije para mis adentros lo que dicen mis panas italianos: \u201cSe non \u00e8 vero, \u00e8 ben trovato\u2026\u201d<\/p>\n<p><span style=\"font-weight: 400;\">\u00a0<\/span><\/p>\n<p>Lo cierto es que, en materia de estancamiento cultural y degradaci\u00f3n de la Educaci\u00f3n, Chile est\u00e1 en el lugar que le corresponde: un segund\u00f3n de cuarta categor\u00eda.<\/p>\n<p><span style=\"font-weight: 400;\">\u00a0<\/span><\/p>\n<p>Los EEUU descubrieron el mismo fen\u00f3meno ya en 1965, apenas unos a\u00f1os antes de que uno de sus cosmonautas caminase a saltitos en la Luna. Emmanuel Todd pudo escribir: \u201cPor lo mejor o lo peor, los EEUU siempre se sit\u00faan a la cabeza desde el fin de la II Guerra Mundial\u201d.<\/p>\n<p><span style=\"font-weight: 400;\">\u00a0<\/span><\/p>\n<p>Nosotros no hacemos sino copiarle al l\u00edder del \u00abmundo libre\u00bb\u2026<\/p>\n<p><span style=\"font-weight: 400;\">\u00a0<\/span><\/p>\n<p>Notas<\/p>\n<p><span style=\"font-weight: 400;\">\u00a0<\/span><\/p>\n<p>En el marco de la guerra de Independencia, el 2 de octubre de 1814 se produjo en Chile la derrota de Rancagua, cuando las tropas realistas comandadas por Mariano Osorio vencieron a las fuerzas patriotas dirigidas por el general Bernardo O&#8217;Higgins. Tras una heroica defensa, O&#8217;Higgins debi\u00f3 retirarse derrotado.<\/p>\n<p><span style=\"font-weight: 400;\">\u00a0<\/span><\/p>\n<p>Lucho Gatica naci\u00f3 en Rancagua.<\/p>\n","protected":false},"excerpt":{"rendered":"<p>Mal de muchos, consuelo de tontos, reza el proverbio. Dicho lo cual, no podemos ignorar que en materia de fallos en la Educaci\u00f3n, Chile no califica. He aqu\u00ed algunos titulares de la prensa de habla hispana. Salud: \u00abTen\u00eda da\u00f1os cerebrales en el h\u00edgado, vejiga y p\u00e9rdida de visi\u00f3n.\u00bb Injusticia: \u00abLa acusaci\u00f3n ped\u00eda un a\u00f1o de [&hellip;]<\/p>\n","protected":false},"author":1,"featured_media":15325,"comment_status":"open","ping_status":"open","sticky":false,"template":"","format":"standard","meta":{"footnotes":""},"categories":[310,151,10,322,112],"tags":[],"class_list":["post-15322","post","type-post","status-publish","format-standard","has-post-thumbnail","hentry","category-bernardo-ohiggins","category-educacion","category-historia","category-luis-casado","category-opinion"],"yoast_head":"<!-- This site is optimized with the Yoast SEO plugin v25.0 - https:\/\/yoast.com\/wordpress\/plugins\/seo\/ -->\n<title>El Desastre de Rancagua... Por Luis Casado - Nuestro Bio B\u00edo<\/title>\n<meta name=\"description\" content=\"Mal de muchos, consuelo de tontos, reza el proverbio. Dicho lo cual, no podemos ignorar que en materia de fallos en la Educaci\u00f3n, Chile no califica. He aqu\u00ed algunos titulares de la prensa de habla hispana. Salud: &quot;Ten\u00eda da\u00f1os cerebrales en el h\u00edgado, vejiga y p\u00e9rdida de visi\u00f3n.&quot; Injusticia: &quot;La acusaci\u00f3n ped\u00eda un a\u00f1o de c\u00e1ncer y una indemnizaci\u00f3n de 12 mil euros&quot;.\" \/>\n<meta name=\"robots\" content=\"index, follow, max-snippet:-1, max-image-preview:large, max-video-preview:-1\" \/>\n<link rel=\"canonical\" href=\"https:\/\/www.fraczinet.cl\/sitio\/2023\/06\/26\/el-desastre-de-rancagua-por-luis-casado\/\" \/>\n<meta property=\"og:locale\" content=\"es_ES\" \/>\n<meta property=\"og:type\" content=\"article\" \/>\n<meta property=\"og:title\" content=\"El Desastre de Rancagua... Por Luis Casado - Nuestro Bio B\u00edo\" \/>\n<meta property=\"og:description\" content=\"Mal de muchos, consuelo de tontos, reza el proverbio. Dicho lo cual, no podemos ignorar que en materia de fallos en la Educaci\u00f3n, Chile no califica. He aqu\u00ed algunos titulares de la prensa de habla hispana. Salud: &quot;Ten\u00eda da\u00f1os cerebrales en el h\u00edgado, vejiga y p\u00e9rdida de visi\u00f3n.&quot; Injusticia: &quot;La acusaci\u00f3n ped\u00eda un a\u00f1o de c\u00e1ncer y una indemnizaci\u00f3n de 12 mil euros&quot;.\" \/>\n<meta property=\"og:url\" content=\"https:\/\/www.fraczinet.cl\/sitio\/2023\/06\/26\/el-desastre-de-rancagua-por-luis-casado\/\" \/>\n<meta property=\"og:site_name\" content=\"Nuestro Bio B\u00edo\" \/>\n<meta property=\"article:published_time\" content=\"2023-06-26T13:37:54+00:00\" \/>\n<meta property=\"article:modified_time\" content=\"2023-06-26T13:39:58+00:00\" \/>\n<meta property=\"og:image\" content=\"https:\/\/www.fraczinet.cl\/sitio\/wp-content\/uploads\/2023\/06\/Desastre-de-Rancagua.webp\" \/>\n\t<meta property=\"og:image:width\" content=\"1023\" \/>\n\t<meta property=\"og:image:height\" content=\"814\" \/>\n\t<meta property=\"og:image:type\" content=\"image\/webp\" \/>\n<meta name=\"author\" content=\"admin\" \/>\n<meta name=\"twitter:card\" content=\"summary_large_image\" \/>\n<meta name=\"twitter:creator\" content=\"@nuestrobiobio\" \/>\n<meta name=\"twitter:site\" content=\"@nuestrobiobio\" \/>\n<meta name=\"twitter:label1\" content=\"Escrito por\" \/>\n\t<meta name=\"twitter:data1\" content=\"admin\" \/>\n\t<meta name=\"twitter:label2\" content=\"Tiempo de lectura\" \/>\n\t<meta name=\"twitter:data2\" content=\"4 minutos\" \/>\n<script type=\"application\/ld+json\" class=\"yoast-schema-graph\">{\"@context\":\"https:\/\/schema.org\",\"@graph\":[{\"@type\":\"Article\",\"@id\":\"https:\/\/www.fraczinet.cl\/sitio\/2023\/06\/26\/el-desastre-de-rancagua-por-luis-casado\/#article\",\"isPartOf\":{\"@id\":\"https:\/\/www.fraczinet.cl\/sitio\/2023\/06\/26\/el-desastre-de-rancagua-por-luis-casado\/\"},\"author\":{\"name\":\"admin\",\"@id\":\"https:\/\/www.fraczinet.cl\/sitio\/#\/schema\/person\/bc30f98e9cb10ae7e119dbe14bc93784\"},\"headline\":\"El Desastre de Rancagua&#8230; Por Luis Casado\",\"datePublished\":\"2023-06-26T13:37:54+00:00\",\"dateModified\":\"2023-06-26T13:39:58+00:00\",\"mainEntityOfPage\":{\"@id\":\"https:\/\/www.fraczinet.cl\/sitio\/2023\/06\/26\/el-desastre-de-rancagua-por-luis-casado\/\"},\"wordCount\":906,\"commentCount\":0,\"publisher\":{\"@id\":\"https:\/\/www.fraczinet.cl\/sitio\/#\/schema\/person\/aec8ee4da68df2b9b0eefdad24a0d582\"},\"image\":{\"@id\":\"https:\/\/www.fraczinet.cl\/sitio\/2023\/06\/26\/el-desastre-de-rancagua-por-luis-casado\/#primaryimage\"},\"thumbnailUrl\":\"https:\/\/www.fraczinet.cl\/sitio\/wp-content\/uploads\/2023\/06\/Desastre-de-Rancagua.webp\",\"articleSection\":[\"Bernardo O'Higgins\",\"Educaci\u00f3n\",\"Historia\",\"Luis Casado\",\"Opini\u00f3n\"],\"inLanguage\":\"es\",\"potentialAction\":[{\"@type\":\"CommentAction\",\"name\":\"Comment\",\"target\":[\"https:\/\/www.fraczinet.cl\/sitio\/2023\/06\/26\/el-desastre-de-rancagua-por-luis-casado\/#respond\"]}]},{\"@type\":\"WebPage\",\"@id\":\"https:\/\/www.fraczinet.cl\/sitio\/2023\/06\/26\/el-desastre-de-rancagua-por-luis-casado\/\",\"url\":\"https:\/\/www.fraczinet.cl\/sitio\/2023\/06\/26\/el-desastre-de-rancagua-por-luis-casado\/\",\"name\":\"El Desastre de Rancagua... Por Luis Casado - Nuestro Bio B\u00edo\",\"isPartOf\":{\"@id\":\"https:\/\/www.fraczinet.cl\/sitio\/#website\"},\"primaryImageOfPage\":{\"@id\":\"https:\/\/www.fraczinet.cl\/sitio\/2023\/06\/26\/el-desastre-de-rancagua-por-luis-casado\/#primaryimage\"},\"image\":{\"@id\":\"https:\/\/www.fraczinet.cl\/sitio\/2023\/06\/26\/el-desastre-de-rancagua-por-luis-casado\/#primaryimage\"},\"thumbnailUrl\":\"https:\/\/www.fraczinet.cl\/sitio\/wp-content\/uploads\/2023\/06\/Desastre-de-Rancagua.webp\",\"datePublished\":\"2023-06-26T13:37:54+00:00\",\"dateModified\":\"2023-06-26T13:39:58+00:00\",\"description\":\"Mal de muchos, consuelo de tontos, reza el proverbio. Dicho lo cual, no podemos ignorar que en materia de fallos en la Educaci\u00f3n, Chile no califica. He aqu\u00ed algunos titulares de la prensa de habla hispana. Salud: \\\"Ten\u00eda da\u00f1os cerebrales en el h\u00edgado, vejiga y p\u00e9rdida de visi\u00f3n.\\\" Injusticia: \\\"La acusaci\u00f3n ped\u00eda un a\u00f1o de c\u00e1ncer y una indemnizaci\u00f3n de 12 mil euros\\\".\",\"breadcrumb\":{\"@id\":\"https:\/\/www.fraczinet.cl\/sitio\/2023\/06\/26\/el-desastre-de-rancagua-por-luis-casado\/#breadcrumb\"},\"inLanguage\":\"es\",\"potentialAction\":[{\"@type\":\"ReadAction\",\"target\":[\"https:\/\/www.fraczinet.cl\/sitio\/2023\/06\/26\/el-desastre-de-rancagua-por-luis-casado\/\"]}]},{\"@type\":\"ImageObject\",\"inLanguage\":\"es\",\"@id\":\"https:\/\/www.fraczinet.cl\/sitio\/2023\/06\/26\/el-desastre-de-rancagua-por-luis-casado\/#primaryimage\",\"url\":\"https:\/\/www.fraczinet.cl\/sitio\/wp-content\/uploads\/2023\/06\/Desastre-de-Rancagua.webp\",\"contentUrl\":\"https:\/\/www.fraczinet.cl\/sitio\/wp-content\/uploads\/2023\/06\/Desastre-de-Rancagua.webp\",\"width\":1023,\"height\":814},{\"@type\":\"BreadcrumbList\",\"@id\":\"https:\/\/www.fraczinet.cl\/sitio\/2023\/06\/26\/el-desastre-de-rancagua-por-luis-casado\/#breadcrumb\",\"itemListElement\":[{\"@type\":\"ListItem\",\"position\":1,\"name\":\"Portada\",\"item\":\"https:\/\/www.fraczinet.cl\/sitio\/\"},{\"@type\":\"ListItem\",\"position\":2,\"name\":\"El Desastre de Rancagua&#8230; Por Luis Casado\"}]},{\"@type\":\"WebSite\",\"@id\":\"https:\/\/www.fraczinet.cl\/sitio\/#website\",\"url\":\"https:\/\/www.fraczinet.cl\/sitio\/\",\"name\":\"Nuestro Bio B\u00edo\",\"description\":\"Tierra de Encuentros\",\"publisher\":{\"@id\":\"https:\/\/www.fraczinet.cl\/sitio\/#\/schema\/person\/aec8ee4da68df2b9b0eefdad24a0d582\"},\"potentialAction\":[{\"@type\":\"SearchAction\",\"target\":{\"@type\":\"EntryPoint\",\"urlTemplate\":\"https:\/\/www.fraczinet.cl\/sitio\/?s={search_term_string}\"},\"query-input\":{\"@type\":\"PropertyValueSpecification\",\"valueRequired\":true,\"valueName\":\"search_term_string\"}}],\"inLanguage\":\"es\"},{\"@type\":[\"Person\",\"Organization\"],\"@id\":\"https:\/\/www.fraczinet.cl\/sitio\/#\/schema\/person\/aec8ee4da68df2b9b0eefdad24a0d582\",\"name\":\"Luis Fernando Fraczinet\",\"image\":{\"@type\":\"ImageObject\",\"inLanguage\":\"es\",\"@id\":\"https:\/\/www.fraczinet.cl\/sitio\/#\/schema\/person\/image\/\",\"url\":\"https:\/\/www.fraczinet.cl\/sitio\/wp-content\/uploads\/2021\/07\/bannerlogo-1.gif\",\"contentUrl\":\"https:\/\/www.fraczinet.cl\/sitio\/wp-content\/uploads\/2021\/07\/bannerlogo-1.gif\",\"width\":159,\"height\":79,\"caption\":\"Luis Fernando Fraczinet\"},\"logo\":{\"@id\":\"https:\/\/www.fraczinet.cl\/sitio\/#\/schema\/person\/image\/\"},\"sameAs\":[\"https:\/\/www.fraczinet.cl\/sitio\/\"]},{\"@type\":\"Person\",\"@id\":\"https:\/\/www.fraczinet.cl\/sitio\/#\/schema\/person\/bc30f98e9cb10ae7e119dbe14bc93784\",\"name\":\"admin\",\"image\":{\"@type\":\"ImageObject\",\"inLanguage\":\"es\",\"@id\":\"https:\/\/www.fraczinet.cl\/sitio\/#\/schema\/person\/image\/\",\"url\":\"https:\/\/secure.gravatar.com\/avatar\/d5ad3cf7ef3b23a2bb5be73be780c86b2fc8545c3ad6b149f3913ff458c00099?s=96&d=mm&r=g\",\"contentUrl\":\"https:\/\/secure.gravatar.com\/avatar\/d5ad3cf7ef3b23a2bb5be73be780c86b2fc8545c3ad6b149f3913ff458c00099?s=96&d=mm&r=g\",\"caption\":\"admin\"},\"sameAs\":[\"https:\/\/www.fraczinet.cl\/sitio\"]}]}<\/script>\n<!-- \/ Yoast SEO plugin. -->","yoast_head_json":{"title":"El Desastre de Rancagua... Por Luis Casado - Nuestro Bio B\u00edo","description":"Mal de muchos, consuelo de tontos, reza el proverbio. Dicho lo cual, no podemos ignorar que en materia de fallos en la Educaci\u00f3n, Chile no califica. He aqu\u00ed algunos titulares de la prensa de habla hispana. Salud: \"Ten\u00eda da\u00f1os cerebrales en el h\u00edgado, vejiga y p\u00e9rdida de visi\u00f3n.\" Injusticia: \"La acusaci\u00f3n ped\u00eda un a\u00f1o de c\u00e1ncer y una indemnizaci\u00f3n de 12 mil euros\".","robots":{"index":"index","follow":"follow","max-snippet":"max-snippet:-1","max-image-preview":"max-image-preview:large","max-video-preview":"max-video-preview:-1"},"canonical":"https:\/\/www.fraczinet.cl\/sitio\/2023\/06\/26\/el-desastre-de-rancagua-por-luis-casado\/","og_locale":"es_ES","og_type":"article","og_title":"El Desastre de Rancagua... Por Luis Casado - Nuestro Bio B\u00edo","og_description":"Mal de muchos, consuelo de tontos, reza el proverbio. Dicho lo cual, no podemos ignorar que en materia de fallos en la Educaci\u00f3n, Chile no califica. He aqu\u00ed algunos titulares de la prensa de habla hispana. Salud: \"Ten\u00eda da\u00f1os cerebrales en el h\u00edgado, vejiga y p\u00e9rdida de visi\u00f3n.\" Injusticia: \"La acusaci\u00f3n ped\u00eda un a\u00f1o de c\u00e1ncer y una indemnizaci\u00f3n de 12 mil euros\".","og_url":"https:\/\/www.fraczinet.cl\/sitio\/2023\/06\/26\/el-desastre-de-rancagua-por-luis-casado\/","og_site_name":"Nuestro Bio B\u00edo","article_published_time":"2023-06-26T13:37:54+00:00","article_modified_time":"2023-06-26T13:39:58+00:00","og_image":[{"width":1023,"height":814,"url":"https:\/\/www.fraczinet.cl\/sitio\/wp-content\/uploads\/2023\/06\/Desastre-de-Rancagua.webp","type":"image\/webp"}],"author":"admin","twitter_card":"summary_large_image","twitter_creator":"@nuestrobiobio","twitter_site":"@nuestrobiobio","twitter_misc":{"Escrito por":"admin","Tiempo de lectura":"4 minutos"},"schema":{"@context":"https:\/\/schema.org","@graph":[{"@type":"Article","@id":"https:\/\/www.fraczinet.cl\/sitio\/2023\/06\/26\/el-desastre-de-rancagua-por-luis-casado\/#article","isPartOf":{"@id":"https:\/\/www.fraczinet.cl\/sitio\/2023\/06\/26\/el-desastre-de-rancagua-por-luis-casado\/"},"author":{"name":"admin","@id":"https:\/\/www.fraczinet.cl\/sitio\/#\/schema\/person\/bc30f98e9cb10ae7e119dbe14bc93784"},"headline":"El Desastre de Rancagua&#8230; Por Luis Casado","datePublished":"2023-06-26T13:37:54+00:00","dateModified":"2023-06-26T13:39:58+00:00","mainEntityOfPage":{"@id":"https:\/\/www.fraczinet.cl\/sitio\/2023\/06\/26\/el-desastre-de-rancagua-por-luis-casado\/"},"wordCount":906,"commentCount":0,"publisher":{"@id":"https:\/\/www.fraczinet.cl\/sitio\/#\/schema\/person\/aec8ee4da68df2b9b0eefdad24a0d582"},"image":{"@id":"https:\/\/www.fraczinet.cl\/sitio\/2023\/06\/26\/el-desastre-de-rancagua-por-luis-casado\/#primaryimage"},"thumbnailUrl":"https:\/\/www.fraczinet.cl\/sitio\/wp-content\/uploads\/2023\/06\/Desastre-de-Rancagua.webp","articleSection":["Bernardo O'Higgins","Educaci\u00f3n","Historia","Luis Casado","Opini\u00f3n"],"inLanguage":"es","potentialAction":[{"@type":"CommentAction","name":"Comment","target":["https:\/\/www.fraczinet.cl\/sitio\/2023\/06\/26\/el-desastre-de-rancagua-por-luis-casado\/#respond"]}]},{"@type":"WebPage","@id":"https:\/\/www.fraczinet.cl\/sitio\/2023\/06\/26\/el-desastre-de-rancagua-por-luis-casado\/","url":"https:\/\/www.fraczinet.cl\/sitio\/2023\/06\/26\/el-desastre-de-rancagua-por-luis-casado\/","name":"El Desastre de Rancagua... Por Luis Casado - Nuestro Bio B\u00edo","isPartOf":{"@id":"https:\/\/www.fraczinet.cl\/sitio\/#website"},"primaryImageOfPage":{"@id":"https:\/\/www.fraczinet.cl\/sitio\/2023\/06\/26\/el-desastre-de-rancagua-por-luis-casado\/#primaryimage"},"image":{"@id":"https:\/\/www.fraczinet.cl\/sitio\/2023\/06\/26\/el-desastre-de-rancagua-por-luis-casado\/#primaryimage"},"thumbnailUrl":"https:\/\/www.fraczinet.cl\/sitio\/wp-content\/uploads\/2023\/06\/Desastre-de-Rancagua.webp","datePublished":"2023-06-26T13:37:54+00:00","dateModified":"2023-06-26T13:39:58+00:00","description":"Mal de muchos, consuelo de tontos, reza el proverbio. Dicho lo cual, no podemos ignorar que en materia de fallos en la Educaci\u00f3n, Chile no califica. He aqu\u00ed algunos titulares de la prensa de habla hispana. Salud: \"Ten\u00eda da\u00f1os cerebrales en el h\u00edgado, vejiga y p\u00e9rdida de visi\u00f3n.\" Injusticia: \"La acusaci\u00f3n ped\u00eda un a\u00f1o de c\u00e1ncer y una indemnizaci\u00f3n de 12 mil euros\".","breadcrumb":{"@id":"https:\/\/www.fraczinet.cl\/sitio\/2023\/06\/26\/el-desastre-de-rancagua-por-luis-casado\/#breadcrumb"},"inLanguage":"es","potentialAction":[{"@type":"ReadAction","target":["https:\/\/www.fraczinet.cl\/sitio\/2023\/06\/26\/el-desastre-de-rancagua-por-luis-casado\/"]}]},{"@type":"ImageObject","inLanguage":"es","@id":"https:\/\/www.fraczinet.cl\/sitio\/2023\/06\/26\/el-desastre-de-rancagua-por-luis-casado\/#primaryimage","url":"https:\/\/www.fraczinet.cl\/sitio\/wp-content\/uploads\/2023\/06\/Desastre-de-Rancagua.webp","contentUrl":"https:\/\/www.fraczinet.cl\/sitio\/wp-content\/uploads\/2023\/06\/Desastre-de-Rancagua.webp","width":1023,"height":814},{"@type":"BreadcrumbList","@id":"https:\/\/www.fraczinet.cl\/sitio\/2023\/06\/26\/el-desastre-de-rancagua-por-luis-casado\/#breadcrumb","itemListElement":[{"@type":"ListItem","position":1,"name":"Portada","item":"https:\/\/www.fraczinet.cl\/sitio\/"},{"@type":"ListItem","position":2,"name":"El Desastre de Rancagua&#8230; Por Luis Casado"}]},{"@type":"WebSite","@id":"https:\/\/www.fraczinet.cl\/sitio\/#website","url":"https:\/\/www.fraczinet.cl\/sitio\/","name":"Nuestro Bio B\u00edo","description":"Tierra de Encuentros","publisher":{"@id":"https:\/\/www.fraczinet.cl\/sitio\/#\/schema\/person\/aec8ee4da68df2b9b0eefdad24a0d582"},"potentialAction":[{"@type":"SearchAction","target":{"@type":"EntryPoint","urlTemplate":"https:\/\/www.fraczinet.cl\/sitio\/?s={search_term_string}"},"query-input":{"@type":"PropertyValueSpecification","valueRequired":true,"valueName":"search_term_string"}}],"inLanguage":"es"},{"@type":["Person","Organization"],"@id":"https:\/\/www.fraczinet.cl\/sitio\/#\/schema\/person\/aec8ee4da68df2b9b0eefdad24a0d582","name":"Luis Fernando Fraczinet","image":{"@type":"ImageObject","inLanguage":"es","@id":"https:\/\/www.fraczinet.cl\/sitio\/#\/schema\/person\/image\/","url":"https:\/\/www.fraczinet.cl\/sitio\/wp-content\/uploads\/2021\/07\/bannerlogo-1.gif","contentUrl":"https:\/\/www.fraczinet.cl\/sitio\/wp-content\/uploads\/2021\/07\/bannerlogo-1.gif","width":159,"height":79,"caption":"Luis Fernando Fraczinet"},"logo":{"@id":"https:\/\/www.fraczinet.cl\/sitio\/#\/schema\/person\/image\/"},"sameAs":["https:\/\/www.fraczinet.cl\/sitio\/"]},{"@type":"Person","@id":"https:\/\/www.fraczinet.cl\/sitio\/#\/schema\/person\/bc30f98e9cb10ae7e119dbe14bc93784","name":"admin","image":{"@type":"ImageObject","inLanguage":"es","@id":"https:\/\/www.fraczinet.cl\/sitio\/#\/schema\/person\/image\/","url":"https:\/\/secure.gravatar.com\/avatar\/d5ad3cf7ef3b23a2bb5be73be780c86b2fc8545c3ad6b149f3913ff458c00099?s=96&d=mm&r=g","contentUrl":"https:\/\/secure.gravatar.com\/avatar\/d5ad3cf7ef3b23a2bb5be73be780c86b2fc8545c3ad6b149f3913ff458c00099?s=96&d=mm&r=g","caption":"admin"},"sameAs":["https:\/\/www.fraczinet.cl\/sitio"]}]}},"_links":{"self":[{"href":"https:\/\/www.fraczinet.cl\/sitio\/wp-json\/wp\/v2\/posts\/15322","targetHints":{"allow":["GET"]}}],"collection":[{"href":"https:\/\/www.fraczinet.cl\/sitio\/wp-json\/wp\/v2\/posts"}],"about":[{"href":"https:\/\/www.fraczinet.cl\/sitio\/wp-json\/wp\/v2\/types\/post"}],"author":[{"embeddable":true,"href":"https:\/\/www.fraczinet.cl\/sitio\/wp-json\/wp\/v2\/users\/1"}],"replies":[{"embeddable":true,"href":"https:\/\/www.fraczinet.cl\/sitio\/wp-json\/wp\/v2\/comments?post=15322"}],"version-history":[{"count":1,"href":"https:\/\/www.fraczinet.cl\/sitio\/wp-json\/wp\/v2\/posts\/15322\/revisions"}],"predecessor-version":[{"id":15326,"href":"https:\/\/www.fraczinet.cl\/sitio\/wp-json\/wp\/v2\/posts\/15322\/revisions\/15326"}],"wp:featuredmedia":[{"embeddable":true,"href":"https:\/\/www.fraczinet.cl\/sitio\/wp-json\/wp\/v2\/media\/15325"}],"wp:attachment":[{"href":"https:\/\/www.fraczinet.cl\/sitio\/wp-json\/wp\/v2\/media?parent=15322"}],"wp:term":[{"taxonomy":"category","embeddable":true,"href":"https:\/\/www.fraczinet.cl\/sitio\/wp-json\/wp\/v2\/categories?post=15322"},{"taxonomy":"post_tag","embeddable":true,"href":"https:\/\/www.fraczinet.cl\/sitio\/wp-json\/wp\/v2\/tags?post=15322"}],"curies":[{"name":"wp","href":"https:\/\/api.w.org\/{rel}","templated":true}]}}