{"id":15367,"date":"2023-09-10T21:47:07","date_gmt":"2023-09-10T21:47:07","guid":{"rendered":"https:\/\/www.fraczinet.cl\/sitio\/?p=15367"},"modified":"2023-09-10T21:47:07","modified_gmt":"2023-09-10T21:47:07","slug":"humanidad","status":"publish","type":"post","link":"https:\/\/www.fraczinet.cl\/sitio\/2023\/09\/10\/humanidad\/","title":{"rendered":"Humanidad"},"content":{"rendered":"<h2 align=\"left\">Art\u00edculo de Daniel Matamala en el peri\u00f3dico \u00abLa Tercera\u00bb de Santiago de Chile<\/h2>\n<hr \/>\n<p align=\"left\"><img fetchpriority=\"high\" decoding=\"async\" class=\"size-medium wp-image-15368 alignleft\" src=\"https:\/\/www.fraczinet.cl\/sitio\/wp-content\/uploads\/2023\/09\/Humanidad-300x200.jpg\" alt=\"\" width=\"300\" height=\"200\" srcset=\"https:\/\/www.fraczinet.cl\/sitio\/wp-content\/uploads\/2023\/09\/Humanidad-300x200.jpg 300w, https:\/\/www.fraczinet.cl\/sitio\/wp-content\/uploads\/2023\/09\/Humanidad-768x512.jpg 768w, https:\/\/www.fraczinet.cl\/sitio\/wp-content\/uploads\/2023\/09\/Humanidad.jpg 900w\" sizes=\"(max-width: 300px) 100vw, 300px\" \/>Carlos Lorca era el mayor de cinco hermanos, hijo de una profesora normalista y de un vendedor. Se titul\u00f3 de m\u00e9dico siquiatra. Le gustaba jugar ajedrez, la m\u00fasica de Serrat y los Beatles. \u201cHab\u00eda una bondad sobrecogedora en Carlos, una risa como la de los ni\u00f1os, aut\u00e9ntica y verdadera\u201d, recordar\u00eda tiempo despu\u00e9s su amigo Ennio.<\/p>\n<p align=\"left\">Ten\u00eda 30 a\u00f1os y un hijo.<\/p>\n<p align=\"left\">Vicente Atencio proven\u00eda de la quebrada Los Chacayes, cerca de Los Andes. Fue pirquinero en el sur, obrero del salitre en el norte, y trabajador de la construcci\u00f3n en Arica. \u201cUn hombre alegre, un hombre consecuente, un hombre humilde\u201d, recordar\u00eda tiempo despu\u00e9s su sobrina nieta Lenina.<\/p>\n<p align=\"left\">Ten\u00eda 47 a\u00f1os y cuatro hijos.<\/p>\n<p align=\"left\">Luis Gast\u00f3n Lobos naci\u00f3 en R\u00edo Bueno y creci\u00f3 en Valdivia, donde estudi\u00f3 en el Instituto Comercial y se titul\u00f3 de contador. En Pitrufqu\u00e9n se cas\u00f3 y se convirti\u00f3 en bombero. \u201cSe pon\u00eda a cantar, o se iba silbando, y yo le dec\u00eda \u201c\u00a1pero pap\u00e1!\u201d y \u00e9l se mor\u00eda de la risa. Le gustaba mucho jugar\u201d, recordar\u00eda tiempo despu\u00e9s su hija Marianela.<\/p>\n<p align=\"left\">Ten\u00eda 46 a\u00f1os y cinco hijos.<\/p>\n<p align=\"left\">\u201cTen\u00eda\u201d. El pret\u00e9rito imperfecto en estos casos es muy imperfecto. Sabemos la edad que ten\u00edan Carlos, Vicente y Gast\u00f3n la \u00faltima vez que fueron vistos con vida. Pero no sabemos exactamente cu\u00e1nto sobrevivieron. Cu\u00e1nto duraron sus tormentos en esas mazmorras del horror donde la palabra \u201ctortura\u201d ten\u00eda significados que ni siquiera queremos imaginar. Por eso elegimos el eufemismo sobre la descripci\u00f3n, la palabra fr\u00eda sobre el detalle horrible. \u201cApremios ileg\u00edtimos\u201d. \u201cTorturas\u201d. \u201cViolaciones de los derechos humanos\u201d.<\/p>\n<p align=\"left\">Carlos, Vicente y Gast\u00f3n tuvieron vidas dis\u00edmiles, casi opuestas. Vivieron en distintos puntos del pa\u00eds, en oficios con tan poco en com\u00fan. Cuando se interesaron por la pol\u00edtica, militaron en diferentes partidos. Carlos fue socialista. Vicente, comunista. Gast\u00f3n, radical.<\/p>\n<p align=\"left\">Sus vidas se cruzaron por vez primera el 11 de marzo de 1973, cuando fueron elegidos diputados. Carlos, por Valdivia. Vicente, por Arica e Iquique. Gast\u00f3n, por Temuco. Seis meses despu\u00e9s, la dictadura cerr\u00f3 el Congreso y la cuenta regresiva de sus vidas comenz\u00f3.<\/p>\n<p align=\"left\">Gast\u00f3n fue el primero en caer. Lo arrestaron dos d\u00edas despu\u00e9s del golpe. Le cortaron el pelo al rape y lo dejaron con arresto domiciliario. El 5 de octubre lo detuvieron de nuevo. \u201cDijo que nos qued\u00e1ramos tranquilos, que \u00e9l ya iba a volver\u201d, recuerda su hija Marcela, entonces de 11 a\u00f1os. \u201cPas\u00e9 muchos a\u00f1os esperando que tocara la puerta y que volviera\u201d. Tras seis d\u00edas de arresto en Temuco, un fiscal firm\u00f3 el documento que lo dejaba libre por falta de m\u00e9ritos. Pero en vez de liberarlo, lo hicieron desaparecer.<\/p>\n<p align=\"left\">Carlos fue el siguiente. Agentes de la DINA se lo llevaron el 25 de junio de 1975, desde una casa en calle Maule, Santiago, y lo subieron esposado a un Fiat 125 rojo. Fue visto en Villa Grimaldi, antes de que se perdiera su rastro para siempre.<\/p>\n<p align=\"left\">A Vicente, la DINA se lo llev\u00f3 la ma\u00f1ana del 11 de agosto de 1976. Lo trasladaron a Villa Grimaldi. Su cuerpo apareci\u00f3 por casualidad. En 1990, mientras se excavaba un terreno en el Fundo Las T\u00f3rtolas de Colina, que hab\u00eda pertenecido al Ej\u00e9rcito hasta 1980, encontraron sus restos y los de otras dos personas en fosas clandestinas.<\/p>\n<p align=\"left\">Hay una tumba con el nombre de Vicente. No las hay con los nombres de Carlos y Gast\u00f3n.<\/p>\n<p align=\"left\">Este mi\u00e9rcoles, la C\u00e1mara de Diputadas y Diputados les rindi\u00f3 un homenaje. Se recordaron sus cualidades humanas, su trabajo como parlamentarios y su legado. Mientras ello ocurr\u00eda, el hemiciclo estaba semi vac\u00edo. Muchos parlamentarios se ausentaron. Otros, apenas comenz\u00f3 el homenaje, hicieron un punto pol\u00edtico al retirarse, sin ninguna discreci\u00f3n, de la sala.<\/p>\n<p align=\"left\">Han sido d\u00edas oscuros para Chile. Lejos de ser el hito que permitiera resta\u00f1ar heridas y sellar un compromiso con los valores democr\u00e1ticos y humanistas, estos 50 a\u00f1os nos han retrotra\u00eddo a un escenario que cre\u00edamos ya superado: la justificaci\u00f3n del golpe, la relativizaci\u00f3n del horror, el contexto usado como excusa, como atenuante, como justificaci\u00f3n.<\/p>\n<p align=\"left\">El exministro del Interior V\u00edctor P\u00e9rez ha llegado a decir que los torturados, los asesinados, los desaparecidos, \u201cfueron v\u00edctimas, s\u00ed, pero pudieron ser victimarios\u201d.<\/p>\n<p align=\"left\">El \u201cs\u00ed, pero\u2026\u201d convertido en discurso pol\u00edtico.<\/p>\n<p align=\"left\">Parte de la responsabilidad es del gobierno, que nunca encontr\u00f3 el tono ni la estrategia para este hito. Tres ministros de Culturas y un asesor presidencial pasaron en este a\u00f1o y medio, con eventos que se organizaban y luego se cancelaban, y un presidente que, cual Hamlet, ventilaba dudas existenciales sobre su rol al mando de esta conmemoraci\u00f3n.<\/p>\n<p align=\"left\">Al final, el mayor logro fue m\u00ednimo: que los cuatro expresidentes, junto al actual mandatario, firmaran una declaraci\u00f3n con un par de lugares comunes sobre la democracia. La firma no tuvo solemnidad, ya que no se logr\u00f3 que los expresidentes participaran en el acto del 11 en La Moneda.<\/p>\n<p align=\"left\">Los partidos de derecha ni siquiera accedieron a firmar una declaraci\u00f3n en la que ning\u00fan dem\u00f3crata podr\u00eda identificar un solo punto cuestionable. Prim\u00f3 el miedo a verse \u201cblandos\u201d ante el extremismo de los republicanos. Una derecha secuestrada por el pinochetismo m\u00e1s agresivo obliga a mirar con escepticismo el futuro de la democracia.<\/p>\n<p align=\"left\">Pero lo ocurrido en la C\u00e1mara de Diputados demuestra que el problema no es s\u00f3lo pol\u00edtico. Es m\u00e1s profundo: es humano.<\/p>\n<p align=\"left\">Deshumanizar al adversario est\u00e1 en el ABC de las dictaduras genocidas. Lo hicieron los nazis con los untermenschen (subhumanos), y el pinochetismo con los humanoides.<\/p>\n<p align=\"left\">Lo hac\u00edan para apagar la humanidad. Esa luz al fondo del coraz\u00f3n, que nos avisa que, sin importar cu\u00e1les sean las diferencias entre nosotros, todos somos humanos.<\/p>\n<p align=\"left\">Por eso, un hombre asesinado merece un homenaje. Y un homenaje impone presencia, silencio y respeto.<\/p>\n<p align=\"left\">Empat\u00eda por el dolor de sus familiares y amigos, presentes en las tribunas. Recogimiento por quien fue un colega como parlamentario, pero antes que eso, un ser humano que cantaba, que jugaba ajedrez, que apagaba incendios, que re\u00eda con sus hijos. Un ser humano que am\u00f3 y sufri\u00f3.<\/p>\n<p align=\"left\">No debemos dejar que esa luz se apague. Porque si perdemos la humanidad, entonces lo habremos perdido todo.<\/p>\n","protected":false},"excerpt":{"rendered":"<p>Art\u00edculo de Daniel Matamala en el peri\u00f3dico \u00abLa Tercera\u00bb de Santiago de Chile Carlos Lorca era el mayor de cinco hermanos, hijo de una profesora normalista y de un vendedor. Se titul\u00f3 de m\u00e9dico siquiatra. Le gustaba jugar ajedrez, la m\u00fasica de Serrat y los Beatles. \u201cHab\u00eda una bondad sobrecogedora en Carlos, una risa como [&hellip;]<\/p>\n","protected":false},"author":1,"featured_media":15368,"comment_status":"open","ping_status":"open","sticky":false,"template":"","format":"standard","meta":{"footnotes":""},"categories":[154,112,131],"tags":[],"class_list":["post-15367","post","type-post","status-publish","format-standard","has-post-thumbnail","hentry","category-ddhh","category-opinion","category-politica"],"yoast_head":"<!-- This site is optimized with the Yoast SEO plugin v25.0 - https:\/\/yoast.com\/wordpress\/plugins\/seo\/ -->\n<title>Humanidad - Nuestro Bio B\u00edo<\/title>\n<meta name=\"description\" content=\"50 a\u00f1os despu\u00e9s, Emmanuel Macron, presidente de Francia, env\u00eda un mensaje de solidaridad y compasi\u00f3n hacia las v\u00edctimas de la dictadura, recordando los &quot;valores comunes&quot;, o sea la libertad, la democracia, los DDHH. Desde los cinco continentes llegan mensajes de amistad y de homenaje a Salvador Allende. S\u00f3lo los nost\u00e1lgicos de la tortura y el asesinato como herramienta pol\u00edtica se niegan a reconocer que, en la defensa de sus privilegios, destruyeron un pa\u00eds y sacrificaron a un pueblo.\" \/>\n<meta name=\"robots\" content=\"index, follow, max-snippet:-1, max-image-preview:large, max-video-preview:-1\" \/>\n<link rel=\"canonical\" href=\"https:\/\/www.fraczinet.cl\/sitio\/2023\/09\/10\/humanidad\/\" \/>\n<meta property=\"og:locale\" content=\"es_ES\" \/>\n<meta property=\"og:type\" content=\"article\" \/>\n<meta property=\"og:title\" content=\"Humanidad - Nuestro Bio B\u00edo\" \/>\n<meta property=\"og:description\" content=\"50 a\u00f1os despu\u00e9s, Emmanuel Macron, presidente de Francia, env\u00eda un mensaje de solidaridad y compasi\u00f3n hacia las v\u00edctimas de la dictadura, recordando los &quot;valores comunes&quot;, o sea la libertad, la democracia, los DDHH. Desde los cinco continentes llegan mensajes de amistad y de homenaje a Salvador Allende. S\u00f3lo los nost\u00e1lgicos de la tortura y el asesinato como herramienta pol\u00edtica se niegan a reconocer que, en la defensa de sus privilegios, destruyeron un pa\u00eds y sacrificaron a un pueblo.\" \/>\n<meta property=\"og:url\" content=\"https:\/\/www.fraczinet.cl\/sitio\/2023\/09\/10\/humanidad\/\" \/>\n<meta property=\"og:site_name\" content=\"Nuestro Bio B\u00edo\" \/>\n<meta property=\"article:published_time\" content=\"2023-09-10T21:47:07+00:00\" \/>\n<meta property=\"og:image\" content=\"https:\/\/www.fraczinet.cl\/sitio\/wp-content\/uploads\/2023\/09\/Humanidad.jpg\" \/>\n\t<meta property=\"og:image:width\" content=\"900\" \/>\n\t<meta property=\"og:image:height\" content=\"600\" \/>\n\t<meta property=\"og:image:type\" content=\"image\/jpeg\" \/>\n<meta name=\"author\" content=\"admin\" \/>\n<meta name=\"twitter:card\" content=\"summary_large_image\" \/>\n<meta name=\"twitter:creator\" content=\"@nuestrobiobio\" \/>\n<meta name=\"twitter:site\" content=\"@nuestrobiobio\" \/>\n<meta name=\"twitter:label1\" content=\"Escrito por\" \/>\n\t<meta name=\"twitter:data1\" content=\"admin\" \/>\n\t<meta name=\"twitter:label2\" content=\"Tiempo de lectura\" \/>\n\t<meta name=\"twitter:data2\" content=\"5 minutos\" \/>\n<script type=\"application\/ld+json\" class=\"yoast-schema-graph\">{\"@context\":\"https:\/\/schema.org\",\"@graph\":[{\"@type\":\"Article\",\"@id\":\"https:\/\/www.fraczinet.cl\/sitio\/2023\/09\/10\/humanidad\/#article\",\"isPartOf\":{\"@id\":\"https:\/\/www.fraczinet.cl\/sitio\/2023\/09\/10\/humanidad\/\"},\"author\":{\"name\":\"admin\",\"@id\":\"https:\/\/www.fraczinet.cl\/sitio\/#\/schema\/person\/bc30f98e9cb10ae7e119dbe14bc93784\"},\"headline\":\"Humanidad\",\"datePublished\":\"2023-09-10T21:47:07+00:00\",\"mainEntityOfPage\":{\"@id\":\"https:\/\/www.fraczinet.cl\/sitio\/2023\/09\/10\/humanidad\/\"},\"wordCount\":1100,\"commentCount\":0,\"publisher\":{\"@id\":\"https:\/\/www.fraczinet.cl\/sitio\/#\/schema\/person\/aec8ee4da68df2b9b0eefdad24a0d582\"},\"image\":{\"@id\":\"https:\/\/www.fraczinet.cl\/sitio\/2023\/09\/10\/humanidad\/#primaryimage\"},\"thumbnailUrl\":\"https:\/\/www.fraczinet.cl\/sitio\/wp-content\/uploads\/2023\/09\/Humanidad.jpg\",\"articleSection\":[\"DDHH\",\"Opini\u00f3n\",\"Pol\u00edtica\"],\"inLanguage\":\"es\",\"potentialAction\":[{\"@type\":\"CommentAction\",\"name\":\"Comment\",\"target\":[\"https:\/\/www.fraczinet.cl\/sitio\/2023\/09\/10\/humanidad\/#respond\"]}]},{\"@type\":\"WebPage\",\"@id\":\"https:\/\/www.fraczinet.cl\/sitio\/2023\/09\/10\/humanidad\/\",\"url\":\"https:\/\/www.fraczinet.cl\/sitio\/2023\/09\/10\/humanidad\/\",\"name\":\"Humanidad - Nuestro Bio B\u00edo\",\"isPartOf\":{\"@id\":\"https:\/\/www.fraczinet.cl\/sitio\/#website\"},\"primaryImageOfPage\":{\"@id\":\"https:\/\/www.fraczinet.cl\/sitio\/2023\/09\/10\/humanidad\/#primaryimage\"},\"image\":{\"@id\":\"https:\/\/www.fraczinet.cl\/sitio\/2023\/09\/10\/humanidad\/#primaryimage\"},\"thumbnailUrl\":\"https:\/\/www.fraczinet.cl\/sitio\/wp-content\/uploads\/2023\/09\/Humanidad.jpg\",\"datePublished\":\"2023-09-10T21:47:07+00:00\",\"description\":\"50 a\u00f1os despu\u00e9s, Emmanuel Macron, presidente de Francia, env\u00eda un mensaje de solidaridad y compasi\u00f3n hacia las v\u00edctimas de la dictadura, recordando los \\\"valores comunes\\\", o sea la libertad, la democracia, los DDHH. Desde los cinco continentes llegan mensajes de amistad y de homenaje a Salvador Allende. S\u00f3lo los nost\u00e1lgicos de la tortura y el asesinato como herramienta pol\u00edtica se niegan a reconocer que, en la defensa de sus privilegios, destruyeron un pa\u00eds y sacrificaron a un pueblo.\",\"breadcrumb\":{\"@id\":\"https:\/\/www.fraczinet.cl\/sitio\/2023\/09\/10\/humanidad\/#breadcrumb\"},\"inLanguage\":\"es\",\"potentialAction\":[{\"@type\":\"ReadAction\",\"target\":[\"https:\/\/www.fraczinet.cl\/sitio\/2023\/09\/10\/humanidad\/\"]}]},{\"@type\":\"ImageObject\",\"inLanguage\":\"es\",\"@id\":\"https:\/\/www.fraczinet.cl\/sitio\/2023\/09\/10\/humanidad\/#primaryimage\",\"url\":\"https:\/\/www.fraczinet.cl\/sitio\/wp-content\/uploads\/2023\/09\/Humanidad.jpg\",\"contentUrl\":\"https:\/\/www.fraczinet.cl\/sitio\/wp-content\/uploads\/2023\/09\/Humanidad.jpg\",\"width\":900,\"height\":600},{\"@type\":\"BreadcrumbList\",\"@id\":\"https:\/\/www.fraczinet.cl\/sitio\/2023\/09\/10\/humanidad\/#breadcrumb\",\"itemListElement\":[{\"@type\":\"ListItem\",\"position\":1,\"name\":\"Portada\",\"item\":\"https:\/\/www.fraczinet.cl\/sitio\/\"},{\"@type\":\"ListItem\",\"position\":2,\"name\":\"Humanidad\"}]},{\"@type\":\"WebSite\",\"@id\":\"https:\/\/www.fraczinet.cl\/sitio\/#website\",\"url\":\"https:\/\/www.fraczinet.cl\/sitio\/\",\"name\":\"Nuestro Bio B\u00edo\",\"description\":\"Tierra de Encuentros\",\"publisher\":{\"@id\":\"https:\/\/www.fraczinet.cl\/sitio\/#\/schema\/person\/aec8ee4da68df2b9b0eefdad24a0d582\"},\"potentialAction\":[{\"@type\":\"SearchAction\",\"target\":{\"@type\":\"EntryPoint\",\"urlTemplate\":\"https:\/\/www.fraczinet.cl\/sitio\/?s={search_term_string}\"},\"query-input\":{\"@type\":\"PropertyValueSpecification\",\"valueRequired\":true,\"valueName\":\"search_term_string\"}}],\"inLanguage\":\"es\"},{\"@type\":[\"Person\",\"Organization\"],\"@id\":\"https:\/\/www.fraczinet.cl\/sitio\/#\/schema\/person\/aec8ee4da68df2b9b0eefdad24a0d582\",\"name\":\"Luis Fernando Fraczinet\",\"image\":{\"@type\":\"ImageObject\",\"inLanguage\":\"es\",\"@id\":\"https:\/\/www.fraczinet.cl\/sitio\/#\/schema\/person\/image\/\",\"url\":\"https:\/\/www.fraczinet.cl\/sitio\/wp-content\/uploads\/2021\/07\/bannerlogo-1.gif\",\"contentUrl\":\"https:\/\/www.fraczinet.cl\/sitio\/wp-content\/uploads\/2021\/07\/bannerlogo-1.gif\",\"width\":159,\"height\":79,\"caption\":\"Luis Fernando Fraczinet\"},\"logo\":{\"@id\":\"https:\/\/www.fraczinet.cl\/sitio\/#\/schema\/person\/image\/\"},\"sameAs\":[\"https:\/\/www.fraczinet.cl\/sitio\/\"]},{\"@type\":\"Person\",\"@id\":\"https:\/\/www.fraczinet.cl\/sitio\/#\/schema\/person\/bc30f98e9cb10ae7e119dbe14bc93784\",\"name\":\"admin\",\"image\":{\"@type\":\"ImageObject\",\"inLanguage\":\"es\",\"@id\":\"https:\/\/www.fraczinet.cl\/sitio\/#\/schema\/person\/image\/\",\"url\":\"https:\/\/secure.gravatar.com\/avatar\/d5ad3cf7ef3b23a2bb5be73be780c86b2fc8545c3ad6b149f3913ff458c00099?s=96&d=mm&r=g\",\"contentUrl\":\"https:\/\/secure.gravatar.com\/avatar\/d5ad3cf7ef3b23a2bb5be73be780c86b2fc8545c3ad6b149f3913ff458c00099?s=96&d=mm&r=g\",\"caption\":\"admin\"},\"sameAs\":[\"https:\/\/www.fraczinet.cl\/sitio\"]}]}<\/script>\n<!-- \/ Yoast SEO plugin. -->","yoast_head_json":{"title":"Humanidad - Nuestro Bio B\u00edo","description":"50 a\u00f1os despu\u00e9s, Emmanuel Macron, presidente de Francia, env\u00eda un mensaje de solidaridad y compasi\u00f3n hacia las v\u00edctimas de la dictadura, recordando los \"valores comunes\", o sea la libertad, la democracia, los DDHH. Desde los cinco continentes llegan mensajes de amistad y de homenaje a Salvador Allende. S\u00f3lo los nost\u00e1lgicos de la tortura y el asesinato como herramienta pol\u00edtica se niegan a reconocer que, en la defensa de sus privilegios, destruyeron un pa\u00eds y sacrificaron a un pueblo.","robots":{"index":"index","follow":"follow","max-snippet":"max-snippet:-1","max-image-preview":"max-image-preview:large","max-video-preview":"max-video-preview:-1"},"canonical":"https:\/\/www.fraczinet.cl\/sitio\/2023\/09\/10\/humanidad\/","og_locale":"es_ES","og_type":"article","og_title":"Humanidad - Nuestro Bio B\u00edo","og_description":"50 a\u00f1os despu\u00e9s, Emmanuel Macron, presidente de Francia, env\u00eda un mensaje de solidaridad y compasi\u00f3n hacia las v\u00edctimas de la dictadura, recordando los \"valores comunes\", o sea la libertad, la democracia, los DDHH. Desde los cinco continentes llegan mensajes de amistad y de homenaje a Salvador Allende. S\u00f3lo los nost\u00e1lgicos de la tortura y el asesinato como herramienta pol\u00edtica se niegan a reconocer que, en la defensa de sus privilegios, destruyeron un pa\u00eds y sacrificaron a un pueblo.","og_url":"https:\/\/www.fraczinet.cl\/sitio\/2023\/09\/10\/humanidad\/","og_site_name":"Nuestro Bio B\u00edo","article_published_time":"2023-09-10T21:47:07+00:00","og_image":[{"width":900,"height":600,"url":"https:\/\/www.fraczinet.cl\/sitio\/wp-content\/uploads\/2023\/09\/Humanidad.jpg","type":"image\/jpeg"}],"author":"admin","twitter_card":"summary_large_image","twitter_creator":"@nuestrobiobio","twitter_site":"@nuestrobiobio","twitter_misc":{"Escrito por":"admin","Tiempo de lectura":"5 minutos"},"schema":{"@context":"https:\/\/schema.org","@graph":[{"@type":"Article","@id":"https:\/\/www.fraczinet.cl\/sitio\/2023\/09\/10\/humanidad\/#article","isPartOf":{"@id":"https:\/\/www.fraczinet.cl\/sitio\/2023\/09\/10\/humanidad\/"},"author":{"name":"admin","@id":"https:\/\/www.fraczinet.cl\/sitio\/#\/schema\/person\/bc30f98e9cb10ae7e119dbe14bc93784"},"headline":"Humanidad","datePublished":"2023-09-10T21:47:07+00:00","mainEntityOfPage":{"@id":"https:\/\/www.fraczinet.cl\/sitio\/2023\/09\/10\/humanidad\/"},"wordCount":1100,"commentCount":0,"publisher":{"@id":"https:\/\/www.fraczinet.cl\/sitio\/#\/schema\/person\/aec8ee4da68df2b9b0eefdad24a0d582"},"image":{"@id":"https:\/\/www.fraczinet.cl\/sitio\/2023\/09\/10\/humanidad\/#primaryimage"},"thumbnailUrl":"https:\/\/www.fraczinet.cl\/sitio\/wp-content\/uploads\/2023\/09\/Humanidad.jpg","articleSection":["DDHH","Opini\u00f3n","Pol\u00edtica"],"inLanguage":"es","potentialAction":[{"@type":"CommentAction","name":"Comment","target":["https:\/\/www.fraczinet.cl\/sitio\/2023\/09\/10\/humanidad\/#respond"]}]},{"@type":"WebPage","@id":"https:\/\/www.fraczinet.cl\/sitio\/2023\/09\/10\/humanidad\/","url":"https:\/\/www.fraczinet.cl\/sitio\/2023\/09\/10\/humanidad\/","name":"Humanidad - Nuestro Bio B\u00edo","isPartOf":{"@id":"https:\/\/www.fraczinet.cl\/sitio\/#website"},"primaryImageOfPage":{"@id":"https:\/\/www.fraczinet.cl\/sitio\/2023\/09\/10\/humanidad\/#primaryimage"},"image":{"@id":"https:\/\/www.fraczinet.cl\/sitio\/2023\/09\/10\/humanidad\/#primaryimage"},"thumbnailUrl":"https:\/\/www.fraczinet.cl\/sitio\/wp-content\/uploads\/2023\/09\/Humanidad.jpg","datePublished":"2023-09-10T21:47:07+00:00","description":"50 a\u00f1os despu\u00e9s, Emmanuel Macron, presidente de Francia, env\u00eda un mensaje de solidaridad y compasi\u00f3n hacia las v\u00edctimas de la dictadura, recordando los \"valores comunes\", o sea la libertad, la democracia, los DDHH. Desde los cinco continentes llegan mensajes de amistad y de homenaje a Salvador Allende. S\u00f3lo los nost\u00e1lgicos de la tortura y el asesinato como herramienta pol\u00edtica se niegan a reconocer que, en la defensa de sus privilegios, destruyeron un pa\u00eds y sacrificaron a un pueblo.","breadcrumb":{"@id":"https:\/\/www.fraczinet.cl\/sitio\/2023\/09\/10\/humanidad\/#breadcrumb"},"inLanguage":"es","potentialAction":[{"@type":"ReadAction","target":["https:\/\/www.fraczinet.cl\/sitio\/2023\/09\/10\/humanidad\/"]}]},{"@type":"ImageObject","inLanguage":"es","@id":"https:\/\/www.fraczinet.cl\/sitio\/2023\/09\/10\/humanidad\/#primaryimage","url":"https:\/\/www.fraczinet.cl\/sitio\/wp-content\/uploads\/2023\/09\/Humanidad.jpg","contentUrl":"https:\/\/www.fraczinet.cl\/sitio\/wp-content\/uploads\/2023\/09\/Humanidad.jpg","width":900,"height":600},{"@type":"BreadcrumbList","@id":"https:\/\/www.fraczinet.cl\/sitio\/2023\/09\/10\/humanidad\/#breadcrumb","itemListElement":[{"@type":"ListItem","position":1,"name":"Portada","item":"https:\/\/www.fraczinet.cl\/sitio\/"},{"@type":"ListItem","position":2,"name":"Humanidad"}]},{"@type":"WebSite","@id":"https:\/\/www.fraczinet.cl\/sitio\/#website","url":"https:\/\/www.fraczinet.cl\/sitio\/","name":"Nuestro Bio B\u00edo","description":"Tierra de Encuentros","publisher":{"@id":"https:\/\/www.fraczinet.cl\/sitio\/#\/schema\/person\/aec8ee4da68df2b9b0eefdad24a0d582"},"potentialAction":[{"@type":"SearchAction","target":{"@type":"EntryPoint","urlTemplate":"https:\/\/www.fraczinet.cl\/sitio\/?s={search_term_string}"},"query-input":{"@type":"PropertyValueSpecification","valueRequired":true,"valueName":"search_term_string"}}],"inLanguage":"es"},{"@type":["Person","Organization"],"@id":"https:\/\/www.fraczinet.cl\/sitio\/#\/schema\/person\/aec8ee4da68df2b9b0eefdad24a0d582","name":"Luis Fernando Fraczinet","image":{"@type":"ImageObject","inLanguage":"es","@id":"https:\/\/www.fraczinet.cl\/sitio\/#\/schema\/person\/image\/","url":"https:\/\/www.fraczinet.cl\/sitio\/wp-content\/uploads\/2021\/07\/bannerlogo-1.gif","contentUrl":"https:\/\/www.fraczinet.cl\/sitio\/wp-content\/uploads\/2021\/07\/bannerlogo-1.gif","width":159,"height":79,"caption":"Luis Fernando Fraczinet"},"logo":{"@id":"https:\/\/www.fraczinet.cl\/sitio\/#\/schema\/person\/image\/"},"sameAs":["https:\/\/www.fraczinet.cl\/sitio\/"]},{"@type":"Person","@id":"https:\/\/www.fraczinet.cl\/sitio\/#\/schema\/person\/bc30f98e9cb10ae7e119dbe14bc93784","name":"admin","image":{"@type":"ImageObject","inLanguage":"es","@id":"https:\/\/www.fraczinet.cl\/sitio\/#\/schema\/person\/image\/","url":"https:\/\/secure.gravatar.com\/avatar\/d5ad3cf7ef3b23a2bb5be73be780c86b2fc8545c3ad6b149f3913ff458c00099?s=96&d=mm&r=g","contentUrl":"https:\/\/secure.gravatar.com\/avatar\/d5ad3cf7ef3b23a2bb5be73be780c86b2fc8545c3ad6b149f3913ff458c00099?s=96&d=mm&r=g","caption":"admin"},"sameAs":["https:\/\/www.fraczinet.cl\/sitio"]}]}},"_links":{"self":[{"href":"https:\/\/www.fraczinet.cl\/sitio\/wp-json\/wp\/v2\/posts\/15367","targetHints":{"allow":["GET"]}}],"collection":[{"href":"https:\/\/www.fraczinet.cl\/sitio\/wp-json\/wp\/v2\/posts"}],"about":[{"href":"https:\/\/www.fraczinet.cl\/sitio\/wp-json\/wp\/v2\/types\/post"}],"author":[{"embeddable":true,"href":"https:\/\/www.fraczinet.cl\/sitio\/wp-json\/wp\/v2\/users\/1"}],"replies":[{"embeddable":true,"href":"https:\/\/www.fraczinet.cl\/sitio\/wp-json\/wp\/v2\/comments?post=15367"}],"version-history":[{"count":1,"href":"https:\/\/www.fraczinet.cl\/sitio\/wp-json\/wp\/v2\/posts\/15367\/revisions"}],"predecessor-version":[{"id":15370,"href":"https:\/\/www.fraczinet.cl\/sitio\/wp-json\/wp\/v2\/posts\/15367\/revisions\/15370"}],"wp:featuredmedia":[{"embeddable":true,"href":"https:\/\/www.fraczinet.cl\/sitio\/wp-json\/wp\/v2\/media\/15368"}],"wp:attachment":[{"href":"https:\/\/www.fraczinet.cl\/sitio\/wp-json\/wp\/v2\/media?parent=15367"}],"wp:term":[{"taxonomy":"category","embeddable":true,"href":"https:\/\/www.fraczinet.cl\/sitio\/wp-json\/wp\/v2\/categories?post=15367"},{"taxonomy":"post_tag","embeddable":true,"href":"https:\/\/www.fraczinet.cl\/sitio\/wp-json\/wp\/v2\/tags?post=15367"}],"curies":[{"name":"wp","href":"https:\/\/api.w.org\/{rel}","templated":true}]}}