{"id":15371,"date":"2023-09-18T01:39:45","date_gmt":"2023-09-18T01:39:45","guid":{"rendered":"https:\/\/www.fraczinet.cl\/sitio\/?p=15371"},"modified":"2023-09-18T01:39:45","modified_gmt":"2023-09-18T01:39:45","slug":"fallece-el-artista-fernando-botero","status":"publish","type":"post","link":"https:\/\/www.fraczinet.cl\/sitio\/fallece-el-artista-fernando-botero\/","title":{"rendered":"Fallece El Artista Fernando Botero"},"content":{"rendered":"<p style=\"font-weight: 400;\"><span style=\"font-weight: 400;\"><img fetchpriority=\"high\" decoding=\"async\" class=\"size-medium wp-image-15372 alignleft\" src=\"https:\/\/www.fraczinet.cl\/sitio\/wp-content\/uploads\/2023\/09\/Fernando-Botero-300x217.jpg\" alt=\"\" width=\"300\" height=\"217\" srcset=\"https:\/\/www.fraczinet.cl\/sitio\/wp-content\/uploads\/2023\/09\/Fernando-Botero-300x217.jpg 300w, https:\/\/www.fraczinet.cl\/sitio\/wp-content\/uploads\/2023\/09\/Fernando-Botero-768x556.jpg 768w, https:\/\/www.fraczinet.cl\/sitio\/wp-content\/uploads\/2023\/09\/Fernando-Botero.jpg 780w\" sizes=\"(max-width: 300px) 100vw, 300px\" \/>El artista muri\u00f3, el pasado 15 de septiembre de 2023, en su casa de M\u00f3naco, a los 91 a\u00f1os de edad, seg\u00fan confirm\u00f3 su familia a trav\u00e9s de un comunicado oficial.\u00a0<\/span><\/p>\n<p style=\"font-weight: 400;\"><span style=\"font-weight: 400;\">Fernando Botero fue uno de los artistas m\u00e1s reconocidos de Colombia y del mundo. Su estilo, conocido como \u00abBoterismo\u00bb, se caracteriza por la representaci\u00f3n de figuras humanas y objetos con vol\u00famenes exagerados.\u00a0<\/span><\/p>\n<p style=\"font-weight: 400;\"><span style=\"font-weight: 400;\">Nacido en Medell\u00edn, Colombia, en 1932, comenz\u00f3 su carrera como ilustrador de peri\u00f3dicos y revistas, y luego se dedic\u00f3 a la pintura y la escultura.\u00a0<\/span><\/p>\n<p style=\"font-weight: 400;\"><span style=\"font-weight: 400;\">Su obra ha sido interpretada de diversas maneras, entre quienes lo consideran un artista sat\u00edrico que critica la sociedad de consumo, y quienes ven una obra m\u00e1s bien ingenua, que simplemente disfruta de la belleza de las formas redondeadas.\u00a0<\/span><\/p>\n<p style=\"font-weight: 400;\"><span style=\"font-weight: 400;\">Seg\u00fan el comunicado de la familia, Botero falleci\u00f3 de causas naturales y, aunque hab\u00eda estado luchando contra problemas de salud en los \u00faltimos a\u00f1os, continu\u00f3 trabajando hasta el final.<\/span><\/p>\n","protected":false},"excerpt":{"rendered":"<p>Fernando Botero fue uno de los artistas m\u00e1s reconocidos de Colombia y del mundo. Su estilo, conocido como \u00abBoterismo\u00bb, se caracteriza por la representaci\u00f3n de figuras humanas y objetos con vol\u00famenes exagerados. <\/p>\n","protected":false},"author":1,"featured_media":15372,"comment_status":"open","ping_status":"closed","sticky":false,"template":"","format":"standard","meta":{"footnotes":""},"categories":[229],"tags":[],"class_list":["post-15371","post","type-post","status-publish","format-standard","has-post-thumbnail","hentry","category-artes-plasticas"],"yoast_head":"<!-- This site is optimized with the Yoast SEO plugin v28.2 - https:\/\/yoast.com\/product\/yoast-seo-wordpress\/ -->\n<title>Fallece El Artista Fernando Botero - Nuestro Bio B\u00edo<\/title>\n<meta name=\"robots\" content=\"index, follow, max-snippet:-1, max-image-preview:large, max-video-preview:-1\" \/>\n<link rel=\"canonical\" href=\"https:\/\/www.fraczinet.cl\/sitio\/fallece-el-artista-fernando-botero\/\" \/>\n<meta property=\"og:locale\" content=\"es_ES\" \/>\n<meta property=\"og:type\" content=\"article\" \/>\n<meta property=\"og:title\" content=\"Fallece El Artista Fernando Botero - Nuestro Bio B\u00edo\" \/>\n<meta property=\"og:description\" content=\"Fernando Botero fue uno de los artistas m\u00e1s reconocidos de Colombia y del mundo. Su estilo, conocido como &quot;Boterismo&quot;, se caracteriza por la representaci\u00f3n de figuras humanas y objetos con vol\u00famenes exagerados.\" \/>\n<meta property=\"og:url\" content=\"https:\/\/www.fraczinet.cl\/sitio\/fallece-el-artista-fernando-botero\/\" \/>\n<meta property=\"og:site_name\" content=\"Nuestro Bio B\u00edo\" \/>\n<meta property=\"article:publisher\" content=\"https:\/\/www.facebook.com\/groups\/15721414452\/\" \/>\n<meta property=\"article:published_time\" content=\"2023-09-18T01:39:45+00:00\" \/>\n<meta property=\"og:image\" content=\"https:\/\/www.fraczinet.cl\/sitio\/wp-content\/uploads\/2023\/09\/Fernando-Botero.jpg\" \/>\n\t<meta property=\"og:image:width\" content=\"780\" \/>\n\t<meta property=\"og:image:height\" content=\"565\" \/>\n\t<meta property=\"og:image:type\" content=\"image\/jpeg\" \/>\n<meta name=\"twitter:card\" content=\"summary_large_image\" \/>\n<meta name=\"twitter:creator\" content=\"@nuestrobiobio\" \/>\n<meta name=\"twitter:site\" content=\"@nuestrobiobio\" \/>\n<meta name=\"twitter:label1\" content=\"Escrito por\" \/>\n\t<meta name=\"twitter:data1\" content=\"\" \/>\n\t<meta name=\"twitter:label2\" content=\"Tiempo de lectura\" \/>\n\t<meta name=\"twitter:data2\" content=\"1 minuto\" \/>\n<script type=\"application\/ld+json\" class=\"yoast-schema-graph\">{\"@context\":\"https:\\\/\\\/schema.org\",\"@graph\":[{\"@type\":\"Article\",\"@id\":\"https:\\\/\\\/www.fraczinet.cl\\\/sitio\\\/fallece-el-artista-fernando-botero\\\/#article\",\"isPartOf\":{\"@id\":\"https:\\\/\\\/www.fraczinet.cl\\\/sitio\\\/fallece-el-artista-fernando-botero\\\/\"},\"author\":{\"name\":\"\",\"@id\":\"\"},\"headline\":\"Fallece El Artista Fernando Botero\",\"datePublished\":\"2023-09-18T01:39:45+00:00\",\"mainEntityOfPage\":{\"@id\":\"https:\\\/\\\/www.fraczinet.cl\\\/sitio\\\/fallece-el-artista-fernando-botero\\\/\"},\"wordCount\":171,\"commentCount\":0,\"image\":{\"@id\":\"https:\\\/\\\/www.fraczinet.cl\\\/sitio\\\/fallece-el-artista-fernando-botero\\\/#primaryimage\"},\"thumbnailUrl\":\"https:\\\/\\\/www.fraczinet.cl\\\/sitio\\\/wp-content\\\/uploads\\\/2023\\\/09\\\/Fernando-Botero.jpg\",\"articleSection\":[\"Artes Pl\u00e1sticas\"],\"inLanguage\":\"es\",\"potentialAction\":[{\"@type\":\"CommentAction\",\"name\":\"Comment\",\"target\":[\"https:\\\/\\\/www.fraczinet.cl\\\/sitio\\\/fallece-el-artista-fernando-botero\\\/#respond\"]}]},{\"@type\":\"WebPage\",\"@id\":\"https:\\\/\\\/www.fraczinet.cl\\\/sitio\\\/fallece-el-artista-fernando-botero\\\/\",\"url\":\"https:\\\/\\\/www.fraczinet.cl\\\/sitio\\\/fallece-el-artista-fernando-botero\\\/\",\"name\":\"Fallece El Artista Fernando Botero - Nuestro Bio B\u00edo\",\"isPartOf\":{\"@id\":\"https:\\\/\\\/www.fraczinet.cl\\\/sitio\\\/#website\"},\"primaryImageOfPage\":{\"@id\":\"https:\\\/\\\/www.fraczinet.cl\\\/sitio\\\/fallece-el-artista-fernando-botero\\\/#primaryimage\"},\"image\":{\"@id\":\"https:\\\/\\\/www.fraczinet.cl\\\/sitio\\\/fallece-el-artista-fernando-botero\\\/#primaryimage\"},\"thumbnailUrl\":\"https:\\\/\\\/www.fraczinet.cl\\\/sitio\\\/wp-content\\\/uploads\\\/2023\\\/09\\\/Fernando-Botero.jpg\",\"datePublished\":\"2023-09-18T01:39:45+00:00\",\"author\":{\"@id\":\"\"},\"breadcrumb\":{\"@id\":\"https:\\\/\\\/www.fraczinet.cl\\\/sitio\\\/fallece-el-artista-fernando-botero\\\/#breadcrumb\"},\"inLanguage\":\"es\",\"potentialAction\":[{\"@type\":\"ReadAction\",\"target\":[\"https:\\\/\\\/www.fraczinet.cl\\\/sitio\\\/fallece-el-artista-fernando-botero\\\/\"]}]},{\"@type\":\"ImageObject\",\"inLanguage\":\"es\",\"@id\":\"https:\\\/\\\/www.fraczinet.cl\\\/sitio\\\/fallece-el-artista-fernando-botero\\\/#primaryimage\",\"url\":\"https:\\\/\\\/www.fraczinet.cl\\\/sitio\\\/wp-content\\\/uploads\\\/2023\\\/09\\\/Fernando-Botero.jpg\",\"contentUrl\":\"https:\\\/\\\/www.fraczinet.cl\\\/sitio\\\/wp-content\\\/uploads\\\/2023\\\/09\\\/Fernando-Botero.jpg\",\"width\":780,\"height\":565},{\"@type\":\"BreadcrumbList\",\"@id\":\"https:\\\/\\\/www.fraczinet.cl\\\/sitio\\\/fallece-el-artista-fernando-botero\\\/#breadcrumb\",\"itemListElement\":[{\"@type\":\"ListItem\",\"position\":1,\"name\":\"Portada\",\"item\":\"https:\\\/\\\/www.fraczinet.cl\\\/sitio\\\/\"},{\"@type\":\"ListItem\",\"position\":2,\"name\":\"Fallece El Artista Fernando Botero\"}]},{\"@type\":\"WebSite\",\"@id\":\"https:\\\/\\\/www.fraczinet.cl\\\/sitio\\\/#website\",\"url\":\"https:\\\/\\\/www.fraczinet.cl\\\/sitio\\\/\",\"name\":\"Nuestro Bio B\u00edo\",\"description\":\"Tierra de Encuentros\",\"potentialAction\":[{\"@type\":\"SearchAction\",\"target\":{\"@type\":\"EntryPoint\",\"urlTemplate\":\"https:\\\/\\\/www.fraczinet.cl\\\/sitio\\\/?s={search_term_string}\"},\"query-input\":{\"@type\":\"PropertyValueSpecification\",\"valueRequired\":true,\"valueName\":\"search_term_string\"}}],\"inLanguage\":\"es\"},{\"@type\":\"Person\",\"@id\":\"\"}]}<\/script>\n<!-- \/ Yoast SEO plugin. -->","yoast_head_json":{"title":"Fallece El Artista Fernando Botero - Nuestro Bio B\u00edo","robots":{"index":"index","follow":"follow","max-snippet":"max-snippet:-1","max-image-preview":"max-image-preview:large","max-video-preview":"max-video-preview:-1"},"canonical":"https:\/\/www.fraczinet.cl\/sitio\/fallece-el-artista-fernando-botero\/","og_locale":"es_ES","og_type":"article","og_title":"Fallece El Artista Fernando Botero - Nuestro Bio B\u00edo","og_description":"Fernando Botero fue uno de los artistas m\u00e1s reconocidos de Colombia y del mundo. Su estilo, conocido como \"Boterismo\", se caracteriza por la representaci\u00f3n de figuras humanas y objetos con vol\u00famenes exagerados.","og_url":"https:\/\/www.fraczinet.cl\/sitio\/fallece-el-artista-fernando-botero\/","og_site_name":"Nuestro Bio B\u00edo","article_publisher":"https:\/\/www.facebook.com\/groups\/15721414452\/","article_published_time":"2023-09-18T01:39:45+00:00","og_image":[{"width":780,"height":565,"url":"https:\/\/www.fraczinet.cl\/sitio\/wp-content\/uploads\/2023\/09\/Fernando-Botero.jpg","type":"image\/jpeg"}],"twitter_card":"summary_large_image","twitter_creator":"@nuestrobiobio","twitter_site":"@nuestrobiobio","twitter_misc":{"Escrito por":"","Tiempo de lectura":"1 minuto"},"schema":{"@context":"https:\/\/schema.org","@graph":[{"@type":"Article","@id":"https:\/\/www.fraczinet.cl\/sitio\/fallece-el-artista-fernando-botero\/#article","isPartOf":{"@id":"https:\/\/www.fraczinet.cl\/sitio\/fallece-el-artista-fernando-botero\/"},"author":{"name":"","@id":""},"headline":"Fallece El Artista Fernando Botero","datePublished":"2023-09-18T01:39:45+00:00","mainEntityOfPage":{"@id":"https:\/\/www.fraczinet.cl\/sitio\/fallece-el-artista-fernando-botero\/"},"wordCount":171,"commentCount":0,"image":{"@id":"https:\/\/www.fraczinet.cl\/sitio\/fallece-el-artista-fernando-botero\/#primaryimage"},"thumbnailUrl":"https:\/\/www.fraczinet.cl\/sitio\/wp-content\/uploads\/2023\/09\/Fernando-Botero.jpg","articleSection":["Artes Pl\u00e1sticas"],"inLanguage":"es","potentialAction":[{"@type":"CommentAction","name":"Comment","target":["https:\/\/www.fraczinet.cl\/sitio\/fallece-el-artista-fernando-botero\/#respond"]}]},{"@type":"WebPage","@id":"https:\/\/www.fraczinet.cl\/sitio\/fallece-el-artista-fernando-botero\/","url":"https:\/\/www.fraczinet.cl\/sitio\/fallece-el-artista-fernando-botero\/","name":"Fallece El Artista Fernando Botero - Nuestro Bio B\u00edo","isPartOf":{"@id":"https:\/\/www.fraczinet.cl\/sitio\/#website"},"primaryImageOfPage":{"@id":"https:\/\/www.fraczinet.cl\/sitio\/fallece-el-artista-fernando-botero\/#primaryimage"},"image":{"@id":"https:\/\/www.fraczinet.cl\/sitio\/fallece-el-artista-fernando-botero\/#primaryimage"},"thumbnailUrl":"https:\/\/www.fraczinet.cl\/sitio\/wp-content\/uploads\/2023\/09\/Fernando-Botero.jpg","datePublished":"2023-09-18T01:39:45+00:00","author":{"@id":""},"breadcrumb":{"@id":"https:\/\/www.fraczinet.cl\/sitio\/fallece-el-artista-fernando-botero\/#breadcrumb"},"inLanguage":"es","potentialAction":[{"@type":"ReadAction","target":["https:\/\/www.fraczinet.cl\/sitio\/fallece-el-artista-fernando-botero\/"]}]},{"@type":"ImageObject","inLanguage":"es","@id":"https:\/\/www.fraczinet.cl\/sitio\/fallece-el-artista-fernando-botero\/#primaryimage","url":"https:\/\/www.fraczinet.cl\/sitio\/wp-content\/uploads\/2023\/09\/Fernando-Botero.jpg","contentUrl":"https:\/\/www.fraczinet.cl\/sitio\/wp-content\/uploads\/2023\/09\/Fernando-Botero.jpg","width":780,"height":565},{"@type":"BreadcrumbList","@id":"https:\/\/www.fraczinet.cl\/sitio\/fallece-el-artista-fernando-botero\/#breadcrumb","itemListElement":[{"@type":"ListItem","position":1,"name":"Portada","item":"https:\/\/www.fraczinet.cl\/sitio\/"},{"@type":"ListItem","position":2,"name":"Fallece El Artista Fernando Botero"}]},{"@type":"WebSite","@id":"https:\/\/www.fraczinet.cl\/sitio\/#website","url":"https:\/\/www.fraczinet.cl\/sitio\/","name":"Nuestro Bio B\u00edo","description":"Tierra de Encuentros","potentialAction":[{"@type":"SearchAction","target":{"@type":"EntryPoint","urlTemplate":"https:\/\/www.fraczinet.cl\/sitio\/?s={search_term_string}"},"query-input":{"@type":"PropertyValueSpecification","valueRequired":true,"valueName":"search_term_string"}}],"inLanguage":"es"},{"@type":"Person","@id":""}]}},"_links":{"self":[{"href":"https:\/\/www.fraczinet.cl\/sitio\/wp-json\/wp\/v2\/posts\/15371","targetHints":{"allow":["GET"]}}],"collection":[{"href":"https:\/\/www.fraczinet.cl\/sitio\/wp-json\/wp\/v2\/posts"}],"about":[{"href":"https:\/\/www.fraczinet.cl\/sitio\/wp-json\/wp\/v2\/types\/post"}],"author":[{"embeddable":true,"href":"https:\/\/www.fraczinet.cl\/sitio\/wp-json\/wp\/v2\/users\/1"}],"replies":[{"embeddable":true,"href":"https:\/\/www.fraczinet.cl\/sitio\/wp-json\/wp\/v2\/comments?post=15371"}],"version-history":[{"count":1,"href":"https:\/\/www.fraczinet.cl\/sitio\/wp-json\/wp\/v2\/posts\/15371\/revisions"}],"predecessor-version":[{"id":15374,"href":"https:\/\/www.fraczinet.cl\/sitio\/wp-json\/wp\/v2\/posts\/15371\/revisions\/15374"}],"wp:featuredmedia":[{"embeddable":true,"href":"https:\/\/www.fraczinet.cl\/sitio\/wp-json\/wp\/v2\/media\/15372"}],"wp:attachment":[{"href":"https:\/\/www.fraczinet.cl\/sitio\/wp-json\/wp\/v2\/media?parent=15371"}],"wp:term":[{"taxonomy":"category","embeddable":true,"href":"https:\/\/www.fraczinet.cl\/sitio\/wp-json\/wp\/v2\/categories?post=15371"},{"taxonomy":"post_tag","embeddable":true,"href":"https:\/\/www.fraczinet.cl\/sitio\/wp-json\/wp\/v2\/tags?post=15371"}],"curies":[{"name":"wp","href":"https:\/\/api.w.org\/{rel}","templated":true}]}}