{"id":15376,"date":"2023-09-18T21:56:57","date_gmt":"2023-09-18T21:56:57","guid":{"rendered":"https:\/\/www.fraczinet.cl\/sitio\/?p=15376"},"modified":"2023-09-18T21:56:57","modified_gmt":"2023-09-18T21:56:57","slug":"dante-alighieri-el-poeta-tras-la-divina-comedia","status":"publish","type":"post","link":"https:\/\/www.fraczinet.cl\/sitio\/2023\/09\/18\/dante-alighieri-el-poeta-tras-la-divina-comedia\/","title":{"rendered":"Dante Alighieri El Poeta Tras La Divina Comedia"},"content":{"rendered":"<p style=\"font-weight: 400;\"><img fetchpriority=\"high\" decoding=\"async\" class=\"size-full wp-image-15377 alignleft\" src=\"https:\/\/www.fraczinet.cl\/sitio\/wp-content\/uploads\/2023\/09\/Dante.jpeg\" alt=\"\" width=\"275\" height=\"183\" \/>El 14 de septiembre de 1321 fallece, en R\u00e1vena, el poeta italiano Dante Alighieri, autor de la Divina comedia, obra maestra de la literatura universal. Poeta italiano c\u00e9lebremente conocido por ser autor de la Divina comedia, obra cumbre de la literatura universal. \u2800<\/p>\n<p>La Divina comedia, represent\u00f3 la base del pensamiento moderno y culmin\u00f3 con la afirmaci\u00f3n del modo medieval de entender el mundo. Dante particip\u00f3 activamente en las luchas pol\u00edticas de su tiempo, por lo cual fue desterrado de su ciudad natal. \u2800<\/p>\n<p><span style=\"font-weight: 400;\">\u00a0<\/span><\/p>\n<p>Fue un activo defensor de la unidad italiana. Escribi\u00f3 varios tratados en lat\u00edn sobre literatura, pol\u00edtica y filosof\u00eda. \u2800<\/p>\n<p><span style=\"font-weight: 400;\">\u00a0<\/span><\/p>\n<p>Escribi\u00f3 El tratado De Monarchia, de 1310, en lat\u00edn, que constituye una exposici\u00f3n detallada de sus ideas pol\u00edticas, entre las cuales se encuentran la necesidad de la existencia de un Sacro Imperio Romano y la separaci\u00f3n de la Iglesia y el Estado.<\/p>\n","protected":false},"excerpt":{"rendered":"<p>El 14 de septiembre de 1321 fallece, en R\u00e1vena, el poeta italiano Dante Alighieri, autor de la Divina comedia, obra maestra de la literatura universal. Poeta italiano c\u00e9lebremente conocido por ser autor de la Divina comedia, obra cumbre de la literatura universal. \u2800<\/p>\n","protected":false},"author":1,"featured_media":15379,"comment_status":"open","ping_status":"open","sticky":false,"template":"","format":"standard","meta":{"footnotes":""},"categories":[10,102],"tags":[],"class_list":["post-15376","post","type-post","status-publish","format-standard","has-post-thumbnail","hentry","category-historia","category-literatura"],"yoast_head":"<!-- This site is optimized with the Yoast SEO plugin v25.0 - https:\/\/yoast.com\/wordpress\/plugins\/seo\/ -->\n<title>Dante Alighieri El Poeta Tras La Divina Comedia - Nuestro Bio B\u00edo<\/title>\n<meta name=\"robots\" content=\"index, follow, max-snippet:-1, max-image-preview:large, max-video-preview:-1\" \/>\n<link rel=\"canonical\" href=\"https:\/\/www.fraczinet.cl\/sitio\/2023\/09\/18\/dante-alighieri-el-poeta-tras-la-divina-comedia\/\" \/>\n<meta property=\"og:locale\" content=\"es_ES\" \/>\n<meta property=\"og:type\" content=\"article\" \/>\n<meta property=\"og:title\" content=\"Dante Alighieri El Poeta Tras La Divina Comedia - Nuestro Bio B\u00edo\" \/>\n<meta property=\"og:description\" content=\"El 14 de septiembre de 1321 fallece, en R\u00e1vena, el poeta italiano Dante Alighieri, autor de la Divina comedia, obra maestra de la literatura universal. Poeta italiano c\u00e9lebremente conocido por ser autor de la Divina comedia, obra cumbre de la literatura universal. \u2800\" \/>\n<meta property=\"og:url\" content=\"https:\/\/www.fraczinet.cl\/sitio\/2023\/09\/18\/dante-alighieri-el-poeta-tras-la-divina-comedia\/\" \/>\n<meta property=\"og:site_name\" content=\"Nuestro Bio B\u00edo\" \/>\n<meta property=\"article:published_time\" content=\"2023-09-18T21:56:57+00:00\" \/>\n<meta property=\"og:image\" content=\"https:\/\/www.fraczinet.cl\/sitio\/wp-content\/uploads\/2023\/09\/Dante.jpg\" \/>\n\t<meta property=\"og:image:width\" content=\"750\" \/>\n\t<meta property=\"og:image:height\" content=\"500\" \/>\n\t<meta property=\"og:image:type\" content=\"image\/jpeg\" \/>\n<meta name=\"author\" content=\"admin\" \/>\n<meta name=\"twitter:card\" content=\"summary_large_image\" \/>\n<meta name=\"twitter:creator\" content=\"@nuestrobiobio\" \/>\n<meta name=\"twitter:site\" content=\"@nuestrobiobio\" \/>\n<meta name=\"twitter:label1\" content=\"Escrito por\" \/>\n\t<meta name=\"twitter:data1\" content=\"admin\" \/>\n\t<meta name=\"twitter:label2\" content=\"Tiempo de lectura\" \/>\n\t<meta name=\"twitter:data2\" content=\"1 minuto\" \/>\n<script type=\"application\/ld+json\" class=\"yoast-schema-graph\">{\"@context\":\"https:\/\/schema.org\",\"@graph\":[{\"@type\":\"Article\",\"@id\":\"https:\/\/www.fraczinet.cl\/sitio\/2023\/09\/18\/dante-alighieri-el-poeta-tras-la-divina-comedia\/#article\",\"isPartOf\":{\"@id\":\"https:\/\/www.fraczinet.cl\/sitio\/2023\/09\/18\/dante-alighieri-el-poeta-tras-la-divina-comedia\/\"},\"author\":{\"name\":\"admin\",\"@id\":\"https:\/\/www.fraczinet.cl\/sitio\/#\/schema\/person\/bc30f98e9cb10ae7e119dbe14bc93784\"},\"headline\":\"Dante Alighieri El Poeta Tras La Divina Comedia\",\"datePublished\":\"2023-09-18T21:56:57+00:00\",\"mainEntityOfPage\":{\"@id\":\"https:\/\/www.fraczinet.cl\/sitio\/2023\/09\/18\/dante-alighieri-el-poeta-tras-la-divina-comedia\/\"},\"wordCount\":158,\"commentCount\":0,\"publisher\":{\"@id\":\"https:\/\/www.fraczinet.cl\/sitio\/#\/schema\/person\/aec8ee4da68df2b9b0eefdad24a0d582\"},\"image\":{\"@id\":\"https:\/\/www.fraczinet.cl\/sitio\/2023\/09\/18\/dante-alighieri-el-poeta-tras-la-divina-comedia\/#primaryimage\"},\"thumbnailUrl\":\"https:\/\/www.fraczinet.cl\/sitio\/wp-content\/uploads\/2023\/09\/Dante.jpg\",\"articleSection\":[\"Historia\",\"Literatura\"],\"inLanguage\":\"es\",\"potentialAction\":[{\"@type\":\"CommentAction\",\"name\":\"Comment\",\"target\":[\"https:\/\/www.fraczinet.cl\/sitio\/2023\/09\/18\/dante-alighieri-el-poeta-tras-la-divina-comedia\/#respond\"]}]},{\"@type\":\"WebPage\",\"@id\":\"https:\/\/www.fraczinet.cl\/sitio\/2023\/09\/18\/dante-alighieri-el-poeta-tras-la-divina-comedia\/\",\"url\":\"https:\/\/www.fraczinet.cl\/sitio\/2023\/09\/18\/dante-alighieri-el-poeta-tras-la-divina-comedia\/\",\"name\":\"Dante Alighieri El Poeta Tras La Divina Comedia - Nuestro Bio B\u00edo\",\"isPartOf\":{\"@id\":\"https:\/\/www.fraczinet.cl\/sitio\/#website\"},\"primaryImageOfPage\":{\"@id\":\"https:\/\/www.fraczinet.cl\/sitio\/2023\/09\/18\/dante-alighieri-el-poeta-tras-la-divina-comedia\/#primaryimage\"},\"image\":{\"@id\":\"https:\/\/www.fraczinet.cl\/sitio\/2023\/09\/18\/dante-alighieri-el-poeta-tras-la-divina-comedia\/#primaryimage\"},\"thumbnailUrl\":\"https:\/\/www.fraczinet.cl\/sitio\/wp-content\/uploads\/2023\/09\/Dante.jpg\",\"datePublished\":\"2023-09-18T21:56:57+00:00\",\"breadcrumb\":{\"@id\":\"https:\/\/www.fraczinet.cl\/sitio\/2023\/09\/18\/dante-alighieri-el-poeta-tras-la-divina-comedia\/#breadcrumb\"},\"inLanguage\":\"es\",\"potentialAction\":[{\"@type\":\"ReadAction\",\"target\":[\"https:\/\/www.fraczinet.cl\/sitio\/2023\/09\/18\/dante-alighieri-el-poeta-tras-la-divina-comedia\/\"]}]},{\"@type\":\"ImageObject\",\"inLanguage\":\"es\",\"@id\":\"https:\/\/www.fraczinet.cl\/sitio\/2023\/09\/18\/dante-alighieri-el-poeta-tras-la-divina-comedia\/#primaryimage\",\"url\":\"https:\/\/www.fraczinet.cl\/sitio\/wp-content\/uploads\/2023\/09\/Dante.jpg\",\"contentUrl\":\"https:\/\/www.fraczinet.cl\/sitio\/wp-content\/uploads\/2023\/09\/Dante.jpg\",\"width\":750,\"height\":500},{\"@type\":\"BreadcrumbList\",\"@id\":\"https:\/\/www.fraczinet.cl\/sitio\/2023\/09\/18\/dante-alighieri-el-poeta-tras-la-divina-comedia\/#breadcrumb\",\"itemListElement\":[{\"@type\":\"ListItem\",\"position\":1,\"name\":\"Portada\",\"item\":\"https:\/\/www.fraczinet.cl\/sitio\/\"},{\"@type\":\"ListItem\",\"position\":2,\"name\":\"Dante Alighieri El Poeta Tras La Divina Comedia\"}]},{\"@type\":\"WebSite\",\"@id\":\"https:\/\/www.fraczinet.cl\/sitio\/#website\",\"url\":\"https:\/\/www.fraczinet.cl\/sitio\/\",\"name\":\"Nuestro Bio B\u00edo\",\"description\":\"Tierra de Encuentros\",\"publisher\":{\"@id\":\"https:\/\/www.fraczinet.cl\/sitio\/#\/schema\/person\/aec8ee4da68df2b9b0eefdad24a0d582\"},\"potentialAction\":[{\"@type\":\"SearchAction\",\"target\":{\"@type\":\"EntryPoint\",\"urlTemplate\":\"https:\/\/www.fraczinet.cl\/sitio\/?s={search_term_string}\"},\"query-input\":{\"@type\":\"PropertyValueSpecification\",\"valueRequired\":true,\"valueName\":\"search_term_string\"}}],\"inLanguage\":\"es\"},{\"@type\":[\"Person\",\"Organization\"],\"@id\":\"https:\/\/www.fraczinet.cl\/sitio\/#\/schema\/person\/aec8ee4da68df2b9b0eefdad24a0d582\",\"name\":\"Luis Fernando Fraczinet\",\"image\":{\"@type\":\"ImageObject\",\"inLanguage\":\"es\",\"@id\":\"https:\/\/www.fraczinet.cl\/sitio\/#\/schema\/person\/image\/\",\"url\":\"https:\/\/www.fraczinet.cl\/sitio\/wp-content\/uploads\/2021\/07\/bannerlogo-1.gif\",\"contentUrl\":\"https:\/\/www.fraczinet.cl\/sitio\/wp-content\/uploads\/2021\/07\/bannerlogo-1.gif\",\"width\":159,\"height\":79,\"caption\":\"Luis Fernando Fraczinet\"},\"logo\":{\"@id\":\"https:\/\/www.fraczinet.cl\/sitio\/#\/schema\/person\/image\/\"},\"sameAs\":[\"https:\/\/www.fraczinet.cl\/sitio\/\"]},{\"@type\":\"Person\",\"@id\":\"https:\/\/www.fraczinet.cl\/sitio\/#\/schema\/person\/bc30f98e9cb10ae7e119dbe14bc93784\",\"name\":\"admin\",\"image\":{\"@type\":\"ImageObject\",\"inLanguage\":\"es\",\"@id\":\"https:\/\/www.fraczinet.cl\/sitio\/#\/schema\/person\/image\/\",\"url\":\"https:\/\/secure.gravatar.com\/avatar\/d5ad3cf7ef3b23a2bb5be73be780c86b2fc8545c3ad6b149f3913ff458c00099?s=96&d=mm&r=g\",\"contentUrl\":\"https:\/\/secure.gravatar.com\/avatar\/d5ad3cf7ef3b23a2bb5be73be780c86b2fc8545c3ad6b149f3913ff458c00099?s=96&d=mm&r=g\",\"caption\":\"admin\"},\"sameAs\":[\"https:\/\/www.fraczinet.cl\/sitio\"]}]}<\/script>\n<!-- \/ Yoast SEO plugin. -->","yoast_head_json":{"title":"Dante Alighieri El Poeta Tras La Divina Comedia - Nuestro Bio B\u00edo","robots":{"index":"index","follow":"follow","max-snippet":"max-snippet:-1","max-image-preview":"max-image-preview:large","max-video-preview":"max-video-preview:-1"},"canonical":"https:\/\/www.fraczinet.cl\/sitio\/2023\/09\/18\/dante-alighieri-el-poeta-tras-la-divina-comedia\/","og_locale":"es_ES","og_type":"article","og_title":"Dante Alighieri El Poeta Tras La Divina Comedia - Nuestro Bio B\u00edo","og_description":"El 14 de septiembre de 1321 fallece, en R\u00e1vena, el poeta italiano Dante Alighieri, autor de la Divina comedia, obra maestra de la literatura universal. Poeta italiano c\u00e9lebremente conocido por ser autor de la Divina comedia, obra cumbre de la literatura universal. \u2800","og_url":"https:\/\/www.fraczinet.cl\/sitio\/2023\/09\/18\/dante-alighieri-el-poeta-tras-la-divina-comedia\/","og_site_name":"Nuestro Bio B\u00edo","article_published_time":"2023-09-18T21:56:57+00:00","og_image":[{"width":750,"height":500,"url":"https:\/\/www.fraczinet.cl\/sitio\/wp-content\/uploads\/2023\/09\/Dante.jpg","type":"image\/jpeg"}],"author":"admin","twitter_card":"summary_large_image","twitter_creator":"@nuestrobiobio","twitter_site":"@nuestrobiobio","twitter_misc":{"Escrito por":"admin","Tiempo de lectura":"1 minuto"},"schema":{"@context":"https:\/\/schema.org","@graph":[{"@type":"Article","@id":"https:\/\/www.fraczinet.cl\/sitio\/2023\/09\/18\/dante-alighieri-el-poeta-tras-la-divina-comedia\/#article","isPartOf":{"@id":"https:\/\/www.fraczinet.cl\/sitio\/2023\/09\/18\/dante-alighieri-el-poeta-tras-la-divina-comedia\/"},"author":{"name":"admin","@id":"https:\/\/www.fraczinet.cl\/sitio\/#\/schema\/person\/bc30f98e9cb10ae7e119dbe14bc93784"},"headline":"Dante Alighieri El Poeta Tras La Divina Comedia","datePublished":"2023-09-18T21:56:57+00:00","mainEntityOfPage":{"@id":"https:\/\/www.fraczinet.cl\/sitio\/2023\/09\/18\/dante-alighieri-el-poeta-tras-la-divina-comedia\/"},"wordCount":158,"commentCount":0,"publisher":{"@id":"https:\/\/www.fraczinet.cl\/sitio\/#\/schema\/person\/aec8ee4da68df2b9b0eefdad24a0d582"},"image":{"@id":"https:\/\/www.fraczinet.cl\/sitio\/2023\/09\/18\/dante-alighieri-el-poeta-tras-la-divina-comedia\/#primaryimage"},"thumbnailUrl":"https:\/\/www.fraczinet.cl\/sitio\/wp-content\/uploads\/2023\/09\/Dante.jpg","articleSection":["Historia","Literatura"],"inLanguage":"es","potentialAction":[{"@type":"CommentAction","name":"Comment","target":["https:\/\/www.fraczinet.cl\/sitio\/2023\/09\/18\/dante-alighieri-el-poeta-tras-la-divina-comedia\/#respond"]}]},{"@type":"WebPage","@id":"https:\/\/www.fraczinet.cl\/sitio\/2023\/09\/18\/dante-alighieri-el-poeta-tras-la-divina-comedia\/","url":"https:\/\/www.fraczinet.cl\/sitio\/2023\/09\/18\/dante-alighieri-el-poeta-tras-la-divina-comedia\/","name":"Dante Alighieri El Poeta Tras La Divina Comedia - Nuestro Bio B\u00edo","isPartOf":{"@id":"https:\/\/www.fraczinet.cl\/sitio\/#website"},"primaryImageOfPage":{"@id":"https:\/\/www.fraczinet.cl\/sitio\/2023\/09\/18\/dante-alighieri-el-poeta-tras-la-divina-comedia\/#primaryimage"},"image":{"@id":"https:\/\/www.fraczinet.cl\/sitio\/2023\/09\/18\/dante-alighieri-el-poeta-tras-la-divina-comedia\/#primaryimage"},"thumbnailUrl":"https:\/\/www.fraczinet.cl\/sitio\/wp-content\/uploads\/2023\/09\/Dante.jpg","datePublished":"2023-09-18T21:56:57+00:00","breadcrumb":{"@id":"https:\/\/www.fraczinet.cl\/sitio\/2023\/09\/18\/dante-alighieri-el-poeta-tras-la-divina-comedia\/#breadcrumb"},"inLanguage":"es","potentialAction":[{"@type":"ReadAction","target":["https:\/\/www.fraczinet.cl\/sitio\/2023\/09\/18\/dante-alighieri-el-poeta-tras-la-divina-comedia\/"]}]},{"@type":"ImageObject","inLanguage":"es","@id":"https:\/\/www.fraczinet.cl\/sitio\/2023\/09\/18\/dante-alighieri-el-poeta-tras-la-divina-comedia\/#primaryimage","url":"https:\/\/www.fraczinet.cl\/sitio\/wp-content\/uploads\/2023\/09\/Dante.jpg","contentUrl":"https:\/\/www.fraczinet.cl\/sitio\/wp-content\/uploads\/2023\/09\/Dante.jpg","width":750,"height":500},{"@type":"BreadcrumbList","@id":"https:\/\/www.fraczinet.cl\/sitio\/2023\/09\/18\/dante-alighieri-el-poeta-tras-la-divina-comedia\/#breadcrumb","itemListElement":[{"@type":"ListItem","position":1,"name":"Portada","item":"https:\/\/www.fraczinet.cl\/sitio\/"},{"@type":"ListItem","position":2,"name":"Dante Alighieri El Poeta Tras La Divina Comedia"}]},{"@type":"WebSite","@id":"https:\/\/www.fraczinet.cl\/sitio\/#website","url":"https:\/\/www.fraczinet.cl\/sitio\/","name":"Nuestro Bio B\u00edo","description":"Tierra de Encuentros","publisher":{"@id":"https:\/\/www.fraczinet.cl\/sitio\/#\/schema\/person\/aec8ee4da68df2b9b0eefdad24a0d582"},"potentialAction":[{"@type":"SearchAction","target":{"@type":"EntryPoint","urlTemplate":"https:\/\/www.fraczinet.cl\/sitio\/?s={search_term_string}"},"query-input":{"@type":"PropertyValueSpecification","valueRequired":true,"valueName":"search_term_string"}}],"inLanguage":"es"},{"@type":["Person","Organization"],"@id":"https:\/\/www.fraczinet.cl\/sitio\/#\/schema\/person\/aec8ee4da68df2b9b0eefdad24a0d582","name":"Luis Fernando Fraczinet","image":{"@type":"ImageObject","inLanguage":"es","@id":"https:\/\/www.fraczinet.cl\/sitio\/#\/schema\/person\/image\/","url":"https:\/\/www.fraczinet.cl\/sitio\/wp-content\/uploads\/2021\/07\/bannerlogo-1.gif","contentUrl":"https:\/\/www.fraczinet.cl\/sitio\/wp-content\/uploads\/2021\/07\/bannerlogo-1.gif","width":159,"height":79,"caption":"Luis Fernando Fraczinet"},"logo":{"@id":"https:\/\/www.fraczinet.cl\/sitio\/#\/schema\/person\/image\/"},"sameAs":["https:\/\/www.fraczinet.cl\/sitio\/"]},{"@type":"Person","@id":"https:\/\/www.fraczinet.cl\/sitio\/#\/schema\/person\/bc30f98e9cb10ae7e119dbe14bc93784","name":"admin","image":{"@type":"ImageObject","inLanguage":"es","@id":"https:\/\/www.fraczinet.cl\/sitio\/#\/schema\/person\/image\/","url":"https:\/\/secure.gravatar.com\/avatar\/d5ad3cf7ef3b23a2bb5be73be780c86b2fc8545c3ad6b149f3913ff458c00099?s=96&d=mm&r=g","contentUrl":"https:\/\/secure.gravatar.com\/avatar\/d5ad3cf7ef3b23a2bb5be73be780c86b2fc8545c3ad6b149f3913ff458c00099?s=96&d=mm&r=g","caption":"admin"},"sameAs":["https:\/\/www.fraczinet.cl\/sitio"]}]}},"_links":{"self":[{"href":"https:\/\/www.fraczinet.cl\/sitio\/wp-json\/wp\/v2\/posts\/15376","targetHints":{"allow":["GET"]}}],"collection":[{"href":"https:\/\/www.fraczinet.cl\/sitio\/wp-json\/wp\/v2\/posts"}],"about":[{"href":"https:\/\/www.fraczinet.cl\/sitio\/wp-json\/wp\/v2\/types\/post"}],"author":[{"embeddable":true,"href":"https:\/\/www.fraczinet.cl\/sitio\/wp-json\/wp\/v2\/users\/1"}],"replies":[{"embeddable":true,"href":"https:\/\/www.fraczinet.cl\/sitio\/wp-json\/wp\/v2\/comments?post=15376"}],"version-history":[{"count":1,"href":"https:\/\/www.fraczinet.cl\/sitio\/wp-json\/wp\/v2\/posts\/15376\/revisions"}],"predecessor-version":[{"id":15381,"href":"https:\/\/www.fraczinet.cl\/sitio\/wp-json\/wp\/v2\/posts\/15376\/revisions\/15381"}],"wp:featuredmedia":[{"embeddable":true,"href":"https:\/\/www.fraczinet.cl\/sitio\/wp-json\/wp\/v2\/media\/15379"}],"wp:attachment":[{"href":"https:\/\/www.fraczinet.cl\/sitio\/wp-json\/wp\/v2\/media?parent=15376"}],"wp:term":[{"taxonomy":"category","embeddable":true,"href":"https:\/\/www.fraczinet.cl\/sitio\/wp-json\/wp\/v2\/categories?post=15376"},{"taxonomy":"post_tag","embeddable":true,"href":"https:\/\/www.fraczinet.cl\/sitio\/wp-json\/wp\/v2\/tags?post=15376"}],"curies":[{"name":"wp","href":"https:\/\/api.w.org\/{rel}","templated":true}]}}