{"id":15382,"date":"2023-09-19T18:50:37","date_gmt":"2023-09-19T18:50:37","guid":{"rendered":"https:\/\/www.fraczinet.cl\/sitio\/?p=15382"},"modified":"2023-09-19T18:50:37","modified_gmt":"2023-09-19T18:50:37","slug":"victor-canta-a-las-estrellas-porque-hay-muchas-y-alcanza-para-todos","status":"publish","type":"post","link":"https:\/\/www.fraczinet.cl\/sitio\/2023\/09\/19\/victor-canta-a-las-estrellas-porque-hay-muchas-y-alcanza-para-todos\/","title":{"rendered":"V\u00edctor Canta A Las Estrellas&#8230; Porque Hay Muchas Y Alcanza Para Todos"},"content":{"rendered":"<p style=\"font-weight: 400;\"><img fetchpriority=\"high\" decoding=\"async\" class=\"size-medium wp-image-15383 alignleft\" src=\"https:\/\/www.fraczinet.cl\/sitio\/wp-content\/uploads\/2023\/09\/Victor-Jara-300x300.jpg\" alt=\"\" width=\"300\" height=\"300\" srcset=\"https:\/\/www.fraczinet.cl\/sitio\/wp-content\/uploads\/2023\/09\/Victor-Jara-300x300.jpg 300w, https:\/\/www.fraczinet.cl\/sitio\/wp-content\/uploads\/2023\/09\/Victor-Jara-150x150.jpg 150w, https:\/\/www.fraczinet.cl\/sitio\/wp-content\/uploads\/2023\/09\/Victor-Jara-768x768.jpg 768w, https:\/\/www.fraczinet.cl\/sitio\/wp-content\/uploads\/2023\/09\/Victor-Jara.jpg 800w\" sizes=\"(max-width: 300px) 100vw, 300px\" \/>El 16 de septiembre de 1973, despu\u00e9s de ser detenido y torturado en el infame Estadio de Santiago de Chile, el artista chileno V\u00edctor Jara muri\u00f3 bajo las balas de una r\u00e1faga de ametralladora.\u2800<\/p>\n<p style=\"font-weight: 400;\">Jara fue uno de los artistas populares de Chile m\u00e1s comprometidos y sensibles con las tradiciones de su tierra, un amor que busc\u00f3 plasmar mediante el comienzo de su carrera en la dramaturgia.<\/p>\n<p style=\"font-weight: 400;\">Sin embargo, alcanz\u00f3 renombre y fama a partir de su ingreso al conjunto de m\u00fasica folcl\u00f3rica Cuncum\u00e9n, en 1957, donde conoci\u00f3 a la cantautora Violeta Parra, una de las figuras que m\u00e1s supo inspirarlo en el terreno art\u00edstico.<\/p>\n<p>\u2800<\/p>\n<p>Jara apoy\u00f3 p\u00fablicamente al socialismo chileno y respald\u00f3 en\u00e9rgicamente la gesti\u00f3n del presidente Salvador Allende, motivo por el cual fue detenido en la Universidad de Chile durante el d\u00eda del golpe de 1973, cuando preparaba un recital en contra de las idea fascistas.<\/p>\n<p>\u2800<\/p>\n<p>En sus \u00faltimos momentos de vida, en trozos de papel escribi\u00f3 un poema que dice: \u00abSomos cinco mil \/ en esta peque\u00f1a parte de la ciudad \/ somos cinco mil \/ \u00bfcu\u00e1ntos seremos en total en las ciudades \/ y en todo el pa\u00eds?\u00bb.<\/p>\n<p>\u2800<\/p>\n<p>\u2800<\/p>\n<p>Imagen: Luis Poirot. Quena &#8211; Fundaci\u00f3n Victor Jara<\/p>\n","protected":false},"excerpt":{"rendered":"<p>El 16 de septiembre de 1973, despu\u00e9s de ser detenido y torturado en el infame Estadio de Santiago de Chile, el artista chileno V\u00edctor Jara muri\u00f3 bajo las balas de una r\u00e1faga de ametralladora.\u2800<\/p>\n","protected":false},"author":1,"featured_media":15383,"comment_status":"open","ping_status":"open","sticky":false,"template":"","format":"standard","meta":{"footnotes":""},"categories":[154,10,128],"tags":[],"class_list":["post-15382","post","type-post","status-publish","format-standard","has-post-thumbnail","hentry","category-ddhh","category-historia","category-victor-jara"],"yoast_head":"<!-- This site is optimized with the Yoast SEO plugin v25.0 - https:\/\/yoast.com\/wordpress\/plugins\/seo\/ -->\n<title>V\u00edctor Canta A Las Estrellas... Porque Hay Muchas Y Alcanza Para Todos - Nuestro Bio B\u00edo<\/title>\n<meta name=\"robots\" content=\"index, follow, max-snippet:-1, max-image-preview:large, max-video-preview:-1\" \/>\n<link rel=\"canonical\" href=\"https:\/\/www.fraczinet.cl\/sitio\/2023\/09\/19\/victor-canta-a-las-estrellas-porque-hay-muchas-y-alcanza-para-todos\/\" \/>\n<meta property=\"og:locale\" content=\"es_ES\" \/>\n<meta property=\"og:type\" content=\"article\" \/>\n<meta property=\"og:title\" content=\"V\u00edctor Canta A Las Estrellas... Porque Hay Muchas Y Alcanza Para Todos - Nuestro Bio B\u00edo\" \/>\n<meta property=\"og:description\" content=\"El 16 de septiembre de 1973, despu\u00e9s de ser detenido y torturado en el infame Estadio de Santiago de Chile, el artista chileno V\u00edctor Jara muri\u00f3 bajo las balas de una r\u00e1faga de ametralladora.\u2800\" \/>\n<meta property=\"og:url\" content=\"https:\/\/www.fraczinet.cl\/sitio\/2023\/09\/19\/victor-canta-a-las-estrellas-porque-hay-muchas-y-alcanza-para-todos\/\" \/>\n<meta property=\"og:site_name\" content=\"Nuestro Bio B\u00edo\" \/>\n<meta property=\"article:published_time\" content=\"2023-09-19T18:50:37+00:00\" \/>\n<meta property=\"og:image\" content=\"https:\/\/www.fraczinet.cl\/sitio\/wp-content\/uploads\/2023\/09\/Victor-Jara.jpg\" \/>\n\t<meta property=\"og:image:width\" content=\"800\" \/>\n\t<meta property=\"og:image:height\" content=\"800\" \/>\n\t<meta property=\"og:image:type\" content=\"image\/jpeg\" \/>\n<meta name=\"author\" content=\"admin\" \/>\n<meta name=\"twitter:card\" content=\"summary_large_image\" \/>\n<meta name=\"twitter:creator\" content=\"@nuestrobiobio\" \/>\n<meta name=\"twitter:site\" content=\"@nuestrobiobio\" \/>\n<meta name=\"twitter:label1\" content=\"Escrito por\" \/>\n\t<meta name=\"twitter:data1\" content=\"admin\" \/>\n\t<meta name=\"twitter:label2\" content=\"Tiempo de lectura\" \/>\n\t<meta name=\"twitter:data2\" content=\"1 minuto\" \/>\n<script type=\"application\/ld+json\" class=\"yoast-schema-graph\">{\"@context\":\"https:\/\/schema.org\",\"@graph\":[{\"@type\":\"Article\",\"@id\":\"https:\/\/www.fraczinet.cl\/sitio\/2023\/09\/19\/victor-canta-a-las-estrellas-porque-hay-muchas-y-alcanza-para-todos\/#article\",\"isPartOf\":{\"@id\":\"https:\/\/www.fraczinet.cl\/sitio\/2023\/09\/19\/victor-canta-a-las-estrellas-porque-hay-muchas-y-alcanza-para-todos\/\"},\"author\":{\"name\":\"admin\",\"@id\":\"https:\/\/www.fraczinet.cl\/sitio\/#\/schema\/person\/bc30f98e9cb10ae7e119dbe14bc93784\"},\"headline\":\"V\u00edctor Canta A Las Estrellas&#8230; Porque Hay Muchas Y Alcanza Para Todos\",\"datePublished\":\"2023-09-19T18:50:37+00:00\",\"mainEntityOfPage\":{\"@id\":\"https:\/\/www.fraczinet.cl\/sitio\/2023\/09\/19\/victor-canta-a-las-estrellas-porque-hay-muchas-y-alcanza-para-todos\/\"},\"wordCount\":222,\"commentCount\":0,\"publisher\":{\"@id\":\"https:\/\/www.fraczinet.cl\/sitio\/#\/schema\/person\/aec8ee4da68df2b9b0eefdad24a0d582\"},\"image\":{\"@id\":\"https:\/\/www.fraczinet.cl\/sitio\/2023\/09\/19\/victor-canta-a-las-estrellas-porque-hay-muchas-y-alcanza-para-todos\/#primaryimage\"},\"thumbnailUrl\":\"https:\/\/www.fraczinet.cl\/sitio\/wp-content\/uploads\/2023\/09\/Victor-Jara.jpg\",\"articleSection\":[\"DDHH\",\"Historia\",\"V\u00edctor Jara\"],\"inLanguage\":\"es\",\"potentialAction\":[{\"@type\":\"CommentAction\",\"name\":\"Comment\",\"target\":[\"https:\/\/www.fraczinet.cl\/sitio\/2023\/09\/19\/victor-canta-a-las-estrellas-porque-hay-muchas-y-alcanza-para-todos\/#respond\"]}]},{\"@type\":\"WebPage\",\"@id\":\"https:\/\/www.fraczinet.cl\/sitio\/2023\/09\/19\/victor-canta-a-las-estrellas-porque-hay-muchas-y-alcanza-para-todos\/\",\"url\":\"https:\/\/www.fraczinet.cl\/sitio\/2023\/09\/19\/victor-canta-a-las-estrellas-porque-hay-muchas-y-alcanza-para-todos\/\",\"name\":\"V\u00edctor Canta A Las Estrellas... Porque Hay Muchas Y Alcanza Para Todos - Nuestro Bio B\u00edo\",\"isPartOf\":{\"@id\":\"https:\/\/www.fraczinet.cl\/sitio\/#website\"},\"primaryImageOfPage\":{\"@id\":\"https:\/\/www.fraczinet.cl\/sitio\/2023\/09\/19\/victor-canta-a-las-estrellas-porque-hay-muchas-y-alcanza-para-todos\/#primaryimage\"},\"image\":{\"@id\":\"https:\/\/www.fraczinet.cl\/sitio\/2023\/09\/19\/victor-canta-a-las-estrellas-porque-hay-muchas-y-alcanza-para-todos\/#primaryimage\"},\"thumbnailUrl\":\"https:\/\/www.fraczinet.cl\/sitio\/wp-content\/uploads\/2023\/09\/Victor-Jara.jpg\",\"datePublished\":\"2023-09-19T18:50:37+00:00\",\"breadcrumb\":{\"@id\":\"https:\/\/www.fraczinet.cl\/sitio\/2023\/09\/19\/victor-canta-a-las-estrellas-porque-hay-muchas-y-alcanza-para-todos\/#breadcrumb\"},\"inLanguage\":\"es\",\"potentialAction\":[{\"@type\":\"ReadAction\",\"target\":[\"https:\/\/www.fraczinet.cl\/sitio\/2023\/09\/19\/victor-canta-a-las-estrellas-porque-hay-muchas-y-alcanza-para-todos\/\"]}]},{\"@type\":\"ImageObject\",\"inLanguage\":\"es\",\"@id\":\"https:\/\/www.fraczinet.cl\/sitio\/2023\/09\/19\/victor-canta-a-las-estrellas-porque-hay-muchas-y-alcanza-para-todos\/#primaryimage\",\"url\":\"https:\/\/www.fraczinet.cl\/sitio\/wp-content\/uploads\/2023\/09\/Victor-Jara.jpg\",\"contentUrl\":\"https:\/\/www.fraczinet.cl\/sitio\/wp-content\/uploads\/2023\/09\/Victor-Jara.jpg\",\"width\":800,\"height\":800},{\"@type\":\"BreadcrumbList\",\"@id\":\"https:\/\/www.fraczinet.cl\/sitio\/2023\/09\/19\/victor-canta-a-las-estrellas-porque-hay-muchas-y-alcanza-para-todos\/#breadcrumb\",\"itemListElement\":[{\"@type\":\"ListItem\",\"position\":1,\"name\":\"Portada\",\"item\":\"https:\/\/www.fraczinet.cl\/sitio\/\"},{\"@type\":\"ListItem\",\"position\":2,\"name\":\"V\u00edctor Canta A Las Estrellas&#8230; Porque Hay Muchas Y Alcanza Para Todos\"}]},{\"@type\":\"WebSite\",\"@id\":\"https:\/\/www.fraczinet.cl\/sitio\/#website\",\"url\":\"https:\/\/www.fraczinet.cl\/sitio\/\",\"name\":\"Nuestro Bio B\u00edo\",\"description\":\"Tierra de Encuentros\",\"publisher\":{\"@id\":\"https:\/\/www.fraczinet.cl\/sitio\/#\/schema\/person\/aec8ee4da68df2b9b0eefdad24a0d582\"},\"potentialAction\":[{\"@type\":\"SearchAction\",\"target\":{\"@type\":\"EntryPoint\",\"urlTemplate\":\"https:\/\/www.fraczinet.cl\/sitio\/?s={search_term_string}\"},\"query-input\":{\"@type\":\"PropertyValueSpecification\",\"valueRequired\":true,\"valueName\":\"search_term_string\"}}],\"inLanguage\":\"es\"},{\"@type\":[\"Person\",\"Organization\"],\"@id\":\"https:\/\/www.fraczinet.cl\/sitio\/#\/schema\/person\/aec8ee4da68df2b9b0eefdad24a0d582\",\"name\":\"Luis Fernando Fraczinet\",\"image\":{\"@type\":\"ImageObject\",\"inLanguage\":\"es\",\"@id\":\"https:\/\/www.fraczinet.cl\/sitio\/#\/schema\/person\/image\/\",\"url\":\"https:\/\/www.fraczinet.cl\/sitio\/wp-content\/uploads\/2021\/07\/bannerlogo-1.gif\",\"contentUrl\":\"https:\/\/www.fraczinet.cl\/sitio\/wp-content\/uploads\/2021\/07\/bannerlogo-1.gif\",\"width\":159,\"height\":79,\"caption\":\"Luis Fernando Fraczinet\"},\"logo\":{\"@id\":\"https:\/\/www.fraczinet.cl\/sitio\/#\/schema\/person\/image\/\"},\"sameAs\":[\"https:\/\/www.fraczinet.cl\/sitio\/\"]},{\"@type\":\"Person\",\"@id\":\"https:\/\/www.fraczinet.cl\/sitio\/#\/schema\/person\/bc30f98e9cb10ae7e119dbe14bc93784\",\"name\":\"admin\",\"image\":{\"@type\":\"ImageObject\",\"inLanguage\":\"es\",\"@id\":\"https:\/\/www.fraczinet.cl\/sitio\/#\/schema\/person\/image\/\",\"url\":\"https:\/\/secure.gravatar.com\/avatar\/d5ad3cf7ef3b23a2bb5be73be780c86b2fc8545c3ad6b149f3913ff458c00099?s=96&d=mm&r=g\",\"contentUrl\":\"https:\/\/secure.gravatar.com\/avatar\/d5ad3cf7ef3b23a2bb5be73be780c86b2fc8545c3ad6b149f3913ff458c00099?s=96&d=mm&r=g\",\"caption\":\"admin\"},\"sameAs\":[\"https:\/\/www.fraczinet.cl\/sitio\"]}]}<\/script>\n<!-- \/ Yoast SEO plugin. -->","yoast_head_json":{"title":"V\u00edctor Canta A Las Estrellas... Porque Hay Muchas Y Alcanza Para Todos - Nuestro Bio B\u00edo","robots":{"index":"index","follow":"follow","max-snippet":"max-snippet:-1","max-image-preview":"max-image-preview:large","max-video-preview":"max-video-preview:-1"},"canonical":"https:\/\/www.fraczinet.cl\/sitio\/2023\/09\/19\/victor-canta-a-las-estrellas-porque-hay-muchas-y-alcanza-para-todos\/","og_locale":"es_ES","og_type":"article","og_title":"V\u00edctor Canta A Las Estrellas... Porque Hay Muchas Y Alcanza Para Todos - Nuestro Bio B\u00edo","og_description":"El 16 de septiembre de 1973, despu\u00e9s de ser detenido y torturado en el infame Estadio de Santiago de Chile, el artista chileno V\u00edctor Jara muri\u00f3 bajo las balas de una r\u00e1faga de ametralladora.\u2800","og_url":"https:\/\/www.fraczinet.cl\/sitio\/2023\/09\/19\/victor-canta-a-las-estrellas-porque-hay-muchas-y-alcanza-para-todos\/","og_site_name":"Nuestro Bio B\u00edo","article_published_time":"2023-09-19T18:50:37+00:00","og_image":[{"width":800,"height":800,"url":"https:\/\/www.fraczinet.cl\/sitio\/wp-content\/uploads\/2023\/09\/Victor-Jara.jpg","type":"image\/jpeg"}],"author":"admin","twitter_card":"summary_large_image","twitter_creator":"@nuestrobiobio","twitter_site":"@nuestrobiobio","twitter_misc":{"Escrito por":"admin","Tiempo de lectura":"1 minuto"},"schema":{"@context":"https:\/\/schema.org","@graph":[{"@type":"Article","@id":"https:\/\/www.fraczinet.cl\/sitio\/2023\/09\/19\/victor-canta-a-las-estrellas-porque-hay-muchas-y-alcanza-para-todos\/#article","isPartOf":{"@id":"https:\/\/www.fraczinet.cl\/sitio\/2023\/09\/19\/victor-canta-a-las-estrellas-porque-hay-muchas-y-alcanza-para-todos\/"},"author":{"name":"admin","@id":"https:\/\/www.fraczinet.cl\/sitio\/#\/schema\/person\/bc30f98e9cb10ae7e119dbe14bc93784"},"headline":"V\u00edctor Canta A Las Estrellas&#8230; Porque Hay Muchas Y Alcanza Para Todos","datePublished":"2023-09-19T18:50:37+00:00","mainEntityOfPage":{"@id":"https:\/\/www.fraczinet.cl\/sitio\/2023\/09\/19\/victor-canta-a-las-estrellas-porque-hay-muchas-y-alcanza-para-todos\/"},"wordCount":222,"commentCount":0,"publisher":{"@id":"https:\/\/www.fraczinet.cl\/sitio\/#\/schema\/person\/aec8ee4da68df2b9b0eefdad24a0d582"},"image":{"@id":"https:\/\/www.fraczinet.cl\/sitio\/2023\/09\/19\/victor-canta-a-las-estrellas-porque-hay-muchas-y-alcanza-para-todos\/#primaryimage"},"thumbnailUrl":"https:\/\/www.fraczinet.cl\/sitio\/wp-content\/uploads\/2023\/09\/Victor-Jara.jpg","articleSection":["DDHH","Historia","V\u00edctor Jara"],"inLanguage":"es","potentialAction":[{"@type":"CommentAction","name":"Comment","target":["https:\/\/www.fraczinet.cl\/sitio\/2023\/09\/19\/victor-canta-a-las-estrellas-porque-hay-muchas-y-alcanza-para-todos\/#respond"]}]},{"@type":"WebPage","@id":"https:\/\/www.fraczinet.cl\/sitio\/2023\/09\/19\/victor-canta-a-las-estrellas-porque-hay-muchas-y-alcanza-para-todos\/","url":"https:\/\/www.fraczinet.cl\/sitio\/2023\/09\/19\/victor-canta-a-las-estrellas-porque-hay-muchas-y-alcanza-para-todos\/","name":"V\u00edctor Canta A Las Estrellas... Porque Hay Muchas Y Alcanza Para Todos - Nuestro Bio B\u00edo","isPartOf":{"@id":"https:\/\/www.fraczinet.cl\/sitio\/#website"},"primaryImageOfPage":{"@id":"https:\/\/www.fraczinet.cl\/sitio\/2023\/09\/19\/victor-canta-a-las-estrellas-porque-hay-muchas-y-alcanza-para-todos\/#primaryimage"},"image":{"@id":"https:\/\/www.fraczinet.cl\/sitio\/2023\/09\/19\/victor-canta-a-las-estrellas-porque-hay-muchas-y-alcanza-para-todos\/#primaryimage"},"thumbnailUrl":"https:\/\/www.fraczinet.cl\/sitio\/wp-content\/uploads\/2023\/09\/Victor-Jara.jpg","datePublished":"2023-09-19T18:50:37+00:00","breadcrumb":{"@id":"https:\/\/www.fraczinet.cl\/sitio\/2023\/09\/19\/victor-canta-a-las-estrellas-porque-hay-muchas-y-alcanza-para-todos\/#breadcrumb"},"inLanguage":"es","potentialAction":[{"@type":"ReadAction","target":["https:\/\/www.fraczinet.cl\/sitio\/2023\/09\/19\/victor-canta-a-las-estrellas-porque-hay-muchas-y-alcanza-para-todos\/"]}]},{"@type":"ImageObject","inLanguage":"es","@id":"https:\/\/www.fraczinet.cl\/sitio\/2023\/09\/19\/victor-canta-a-las-estrellas-porque-hay-muchas-y-alcanza-para-todos\/#primaryimage","url":"https:\/\/www.fraczinet.cl\/sitio\/wp-content\/uploads\/2023\/09\/Victor-Jara.jpg","contentUrl":"https:\/\/www.fraczinet.cl\/sitio\/wp-content\/uploads\/2023\/09\/Victor-Jara.jpg","width":800,"height":800},{"@type":"BreadcrumbList","@id":"https:\/\/www.fraczinet.cl\/sitio\/2023\/09\/19\/victor-canta-a-las-estrellas-porque-hay-muchas-y-alcanza-para-todos\/#breadcrumb","itemListElement":[{"@type":"ListItem","position":1,"name":"Portada","item":"https:\/\/www.fraczinet.cl\/sitio\/"},{"@type":"ListItem","position":2,"name":"V\u00edctor Canta A Las Estrellas&#8230; Porque Hay Muchas Y Alcanza Para Todos"}]},{"@type":"WebSite","@id":"https:\/\/www.fraczinet.cl\/sitio\/#website","url":"https:\/\/www.fraczinet.cl\/sitio\/","name":"Nuestro Bio B\u00edo","description":"Tierra de Encuentros","publisher":{"@id":"https:\/\/www.fraczinet.cl\/sitio\/#\/schema\/person\/aec8ee4da68df2b9b0eefdad24a0d582"},"potentialAction":[{"@type":"SearchAction","target":{"@type":"EntryPoint","urlTemplate":"https:\/\/www.fraczinet.cl\/sitio\/?s={search_term_string}"},"query-input":{"@type":"PropertyValueSpecification","valueRequired":true,"valueName":"search_term_string"}}],"inLanguage":"es"},{"@type":["Person","Organization"],"@id":"https:\/\/www.fraczinet.cl\/sitio\/#\/schema\/person\/aec8ee4da68df2b9b0eefdad24a0d582","name":"Luis Fernando Fraczinet","image":{"@type":"ImageObject","inLanguage":"es","@id":"https:\/\/www.fraczinet.cl\/sitio\/#\/schema\/person\/image\/","url":"https:\/\/www.fraczinet.cl\/sitio\/wp-content\/uploads\/2021\/07\/bannerlogo-1.gif","contentUrl":"https:\/\/www.fraczinet.cl\/sitio\/wp-content\/uploads\/2021\/07\/bannerlogo-1.gif","width":159,"height":79,"caption":"Luis Fernando Fraczinet"},"logo":{"@id":"https:\/\/www.fraczinet.cl\/sitio\/#\/schema\/person\/image\/"},"sameAs":["https:\/\/www.fraczinet.cl\/sitio\/"]},{"@type":"Person","@id":"https:\/\/www.fraczinet.cl\/sitio\/#\/schema\/person\/bc30f98e9cb10ae7e119dbe14bc93784","name":"admin","image":{"@type":"ImageObject","inLanguage":"es","@id":"https:\/\/www.fraczinet.cl\/sitio\/#\/schema\/person\/image\/","url":"https:\/\/secure.gravatar.com\/avatar\/d5ad3cf7ef3b23a2bb5be73be780c86b2fc8545c3ad6b149f3913ff458c00099?s=96&d=mm&r=g","contentUrl":"https:\/\/secure.gravatar.com\/avatar\/d5ad3cf7ef3b23a2bb5be73be780c86b2fc8545c3ad6b149f3913ff458c00099?s=96&d=mm&r=g","caption":"admin"},"sameAs":["https:\/\/www.fraczinet.cl\/sitio"]}]}},"_links":{"self":[{"href":"https:\/\/www.fraczinet.cl\/sitio\/wp-json\/wp\/v2\/posts\/15382","targetHints":{"allow":["GET"]}}],"collection":[{"href":"https:\/\/www.fraczinet.cl\/sitio\/wp-json\/wp\/v2\/posts"}],"about":[{"href":"https:\/\/www.fraczinet.cl\/sitio\/wp-json\/wp\/v2\/types\/post"}],"author":[{"embeddable":true,"href":"https:\/\/www.fraczinet.cl\/sitio\/wp-json\/wp\/v2\/users\/1"}],"replies":[{"embeddable":true,"href":"https:\/\/www.fraczinet.cl\/sitio\/wp-json\/wp\/v2\/comments?post=15382"}],"version-history":[{"count":1,"href":"https:\/\/www.fraczinet.cl\/sitio\/wp-json\/wp\/v2\/posts\/15382\/revisions"}],"predecessor-version":[{"id":15384,"href":"https:\/\/www.fraczinet.cl\/sitio\/wp-json\/wp\/v2\/posts\/15382\/revisions\/15384"}],"wp:featuredmedia":[{"embeddable":true,"href":"https:\/\/www.fraczinet.cl\/sitio\/wp-json\/wp\/v2\/media\/15383"}],"wp:attachment":[{"href":"https:\/\/www.fraczinet.cl\/sitio\/wp-json\/wp\/v2\/media?parent=15382"}],"wp:term":[{"taxonomy":"category","embeddable":true,"href":"https:\/\/www.fraczinet.cl\/sitio\/wp-json\/wp\/v2\/categories?post=15382"},{"taxonomy":"post_tag","embeddable":true,"href":"https:\/\/www.fraczinet.cl\/sitio\/wp-json\/wp\/v2\/tags?post=15382"}],"curies":[{"name":"wp","href":"https:\/\/api.w.org\/{rel}","templated":true}]}}