{"id":15444,"date":"2023-10-21T23:58:44","date_gmt":"2023-10-21T23:58:44","guid":{"rendered":"https:\/\/www.fraczinet.cl\/sitio\/?p=15444"},"modified":"2023-10-21T23:58:44","modified_gmt":"2023-10-21T23:58:44","slug":"fin-a-los-tiempos-oscuros-de-paraguay-fin-a-stroessner","status":"publish","type":"post","link":"https:\/\/www.fraczinet.cl\/sitio\/2023\/10\/21\/fin-a-los-tiempos-oscuros-de-paraguay-fin-a-stroessner\/","title":{"rendered":"Fin A Los Tiempos Oscuros De Paraguay&#8230; Fin A Stroessner"},"content":{"rendered":"<p><img decoding=\"async\" class=\"size-medium wp-image-15445 alignleft\" src=\"https:\/\/www.fraczinet.cl\/sitio\/wp-content\/uploads\/2023\/10\/Alfredo-Stroessner-300x165.jpg\" alt=\"\" width=\"300\" height=\"165\" srcset=\"https:\/\/www.fraczinet.cl\/sitio\/wp-content\/uploads\/2023\/10\/Alfredo-Stroessner-300x165.jpg 300w, https:\/\/www.fraczinet.cl\/sitio\/wp-content\/uploads\/2023\/10\/Alfredo-Stroessner.jpg 600w\" sizes=\"(max-width: 300px) 100vw, 300px\" \/>El 3 de febrero de cada a\u00f1o, Paraguay conmemora el aniversario del <b>fin de la dictadura militar de Alfredo Stroessner<\/b>. Un levantamiento encabezado por su mano derecha, el general Andr\u00e9s Rodr\u00edguez que le puso freno en 1989 a sus 35 a\u00f1os en el poder.<\/p>\n<p>&nbsp;<\/p>\n<p>Durante sus m\u00e1s de 30 a\u00f1os de dictadura, el regimen de Stroessner dej\u00f3 cientos de desaparecidos, miles de exiliados y d\u00e9cadas de violaciones a los derechos humanos, en lo que signific\u00f3 la etapa m\u00e1s oscura de la historia de ese pa\u00eds.<\/p>\n<p>&nbsp;<\/p>\n<p>La situaci\u00f3n estaba al borde del colapso y comenzaron a surgir los primeros rumores de un posible golpe de Estado aunque Stroessner cre\u00eda imposible que su propio ej\u00e9rcito se rebelara contra \u00e9l.<\/p>\n<p>&nbsp;<\/p>\n<p>Finalmente, el 2 de febrero de 1989 los militares tomaron gran parte del territorio paraguayo y en Asunci\u00f3n redujeron a los partidarios de Stroessner, provocando heridos y muertos en ambos grupos.<\/p>\n<p>&nbsp;<\/p>\n<p>Despu\u00e9s de ocho horas de enfrentamientos, el dictador no tuvo m\u00e1s remedio que entregarse a los golpistas liderados por su propio consuegro y, bajo su custodia, firm\u00f3 su renuncia.<\/p>\n<p>&nbsp;<\/p>\n<p>Su legado son los<b> 20.814 paraguayos exiliados, los 20.000 detenidos sometidos a torturas y abusos y las 425 personas desaparecidas.<\/b><\/p>\n","protected":false},"excerpt":{"rendered":"<p>El 3 de febrero de cada a\u00f1o, Paraguay conmemora el aniversario del fin de la dictadura militar de Alfredo Stroessner. Un levantamiento encabezado por su mano derecha, el general Andr\u00e9s Rodr\u00edguez que le puso freno en 1989 a sus 35 a\u00f1os en el poder.<\/p>\n","protected":false},"author":1,"featured_media":15445,"comment_status":"open","ping_status":"closed","sticky":false,"template":"","format":"standard","meta":{"footnotes":""},"categories":[154,10],"tags":[],"class_list":["post-15444","post","type-post","status-publish","format-standard","has-post-thumbnail","hentry","category-ddhh","category-historia"],"yoast_head":"<!-- This site is optimized with the Yoast SEO plugin v25.0 - https:\/\/yoast.com\/wordpress\/plugins\/seo\/ -->\n<title>Fin A Los Tiempos Oscuros De Paraguay... Fin A Stroessner - Nuestro Bio B\u00edo<\/title>\n<meta name=\"description\" content=\"El 3 de febrero de cada a\u00f1o, Paraguay conmemora el aniversario del fin de la dictadura militar de Alfredo Stroessner. Un levantamiento encabezado por su mano derecha, el general Andr\u00e9s Rodr\u00edguez que le puso freno en 1989 a sus 35 a\u00f1os en el poder.\" \/>\n<meta name=\"robots\" content=\"index, follow, max-snippet:-1, max-image-preview:large, max-video-preview:-1\" \/>\n<link rel=\"canonical\" href=\"https:\/\/www.fraczinet.cl\/sitio\/2023\/10\/21\/fin-a-los-tiempos-oscuros-de-paraguay-fin-a-stroessner\/\" \/>\n<meta property=\"og:locale\" content=\"es_ES\" \/>\n<meta property=\"og:type\" content=\"article\" \/>\n<meta property=\"og:title\" content=\"Fin A Los Tiempos Oscuros De Paraguay... Fin A Stroessner - Nuestro Bio B\u00edo\" \/>\n<meta property=\"og:description\" content=\"El 3 de febrero de cada a\u00f1o, Paraguay conmemora el aniversario del fin de la dictadura militar de Alfredo Stroessner. Un levantamiento encabezado por su mano derecha, el general Andr\u00e9s Rodr\u00edguez que le puso freno en 1989 a sus 35 a\u00f1os en el poder.\" \/>\n<meta property=\"og:url\" content=\"https:\/\/www.fraczinet.cl\/sitio\/2023\/10\/21\/fin-a-los-tiempos-oscuros-de-paraguay-fin-a-stroessner\/\" \/>\n<meta property=\"og:site_name\" content=\"Nuestro Bio B\u00edo\" \/>\n<meta property=\"article:published_time\" content=\"2023-10-21T23:58:44+00:00\" \/>\n<meta property=\"og:image\" content=\"https:\/\/www.fraczinet.cl\/sitio\/wp-content\/uploads\/2023\/10\/Alfredo-Stroessner.jpg\" \/>\n\t<meta property=\"og:image:width\" content=\"600\" \/>\n\t<meta property=\"og:image:height\" content=\"330\" \/>\n\t<meta property=\"og:image:type\" content=\"image\/jpeg\" \/>\n<meta name=\"author\" content=\"admin\" \/>\n<meta name=\"twitter:card\" content=\"summary_large_image\" \/>\n<meta name=\"twitter:creator\" content=\"@nuestrobiobio\" \/>\n<meta name=\"twitter:site\" content=\"@nuestrobiobio\" \/>\n<meta name=\"twitter:label1\" content=\"Escrito por\" \/>\n\t<meta name=\"twitter:data1\" content=\"admin\" \/>\n\t<meta name=\"twitter:label2\" content=\"Tiempo de lectura\" \/>\n\t<meta name=\"twitter:data2\" content=\"2 minutos\" \/>\n<script type=\"application\/ld+json\" class=\"yoast-schema-graph\">{\"@context\":\"https:\/\/schema.org\",\"@graph\":[{\"@type\":\"Article\",\"@id\":\"https:\/\/www.fraczinet.cl\/sitio\/2023\/10\/21\/fin-a-los-tiempos-oscuros-de-paraguay-fin-a-stroessner\/#article\",\"isPartOf\":{\"@id\":\"https:\/\/www.fraczinet.cl\/sitio\/2023\/10\/21\/fin-a-los-tiempos-oscuros-de-paraguay-fin-a-stroessner\/\"},\"author\":{\"name\":\"admin\",\"@id\":\"https:\/\/www.fraczinet.cl\/sitio\/#\/schema\/person\/bc30f98e9cb10ae7e119dbe14bc93784\"},\"headline\":\"Fin A Los Tiempos Oscuros De Paraguay&#8230; Fin A Stroessner\",\"datePublished\":\"2023-10-21T23:58:44+00:00\",\"mainEntityOfPage\":{\"@id\":\"https:\/\/www.fraczinet.cl\/sitio\/2023\/10\/21\/fin-a-los-tiempos-oscuros-de-paraguay-fin-a-stroessner\/\"},\"wordCount\":218,\"commentCount\":0,\"publisher\":{\"@id\":\"https:\/\/www.fraczinet.cl\/sitio\/#\/schema\/person\/aec8ee4da68df2b9b0eefdad24a0d582\"},\"image\":{\"@id\":\"https:\/\/www.fraczinet.cl\/sitio\/2023\/10\/21\/fin-a-los-tiempos-oscuros-de-paraguay-fin-a-stroessner\/#primaryimage\"},\"thumbnailUrl\":\"https:\/\/www.fraczinet.cl\/sitio\/wp-content\/uploads\/2023\/10\/Alfredo-Stroessner.jpg\",\"articleSection\":[\"DDHH\",\"Historia\"],\"inLanguage\":\"es\",\"potentialAction\":[{\"@type\":\"CommentAction\",\"name\":\"Comment\",\"target\":[\"https:\/\/www.fraczinet.cl\/sitio\/2023\/10\/21\/fin-a-los-tiempos-oscuros-de-paraguay-fin-a-stroessner\/#respond\"]}]},{\"@type\":\"WebPage\",\"@id\":\"https:\/\/www.fraczinet.cl\/sitio\/2023\/10\/21\/fin-a-los-tiempos-oscuros-de-paraguay-fin-a-stroessner\/\",\"url\":\"https:\/\/www.fraczinet.cl\/sitio\/2023\/10\/21\/fin-a-los-tiempos-oscuros-de-paraguay-fin-a-stroessner\/\",\"name\":\"Fin A Los Tiempos Oscuros De Paraguay... Fin A Stroessner - Nuestro Bio B\u00edo\",\"isPartOf\":{\"@id\":\"https:\/\/www.fraczinet.cl\/sitio\/#website\"},\"primaryImageOfPage\":{\"@id\":\"https:\/\/www.fraczinet.cl\/sitio\/2023\/10\/21\/fin-a-los-tiempos-oscuros-de-paraguay-fin-a-stroessner\/#primaryimage\"},\"image\":{\"@id\":\"https:\/\/www.fraczinet.cl\/sitio\/2023\/10\/21\/fin-a-los-tiempos-oscuros-de-paraguay-fin-a-stroessner\/#primaryimage\"},\"thumbnailUrl\":\"https:\/\/www.fraczinet.cl\/sitio\/wp-content\/uploads\/2023\/10\/Alfredo-Stroessner.jpg\",\"datePublished\":\"2023-10-21T23:58:44+00:00\",\"description\":\"El 3 de febrero de cada a\u00f1o, Paraguay conmemora el aniversario del fin de la dictadura militar de Alfredo Stroessner. Un levantamiento encabezado por su mano derecha, el general Andr\u00e9s Rodr\u00edguez que le puso freno en 1989 a sus 35 a\u00f1os en el poder.\",\"breadcrumb\":{\"@id\":\"https:\/\/www.fraczinet.cl\/sitio\/2023\/10\/21\/fin-a-los-tiempos-oscuros-de-paraguay-fin-a-stroessner\/#breadcrumb\"},\"inLanguage\":\"es\",\"potentialAction\":[{\"@type\":\"ReadAction\",\"target\":[\"https:\/\/www.fraczinet.cl\/sitio\/2023\/10\/21\/fin-a-los-tiempos-oscuros-de-paraguay-fin-a-stroessner\/\"]}]},{\"@type\":\"ImageObject\",\"inLanguage\":\"es\",\"@id\":\"https:\/\/www.fraczinet.cl\/sitio\/2023\/10\/21\/fin-a-los-tiempos-oscuros-de-paraguay-fin-a-stroessner\/#primaryimage\",\"url\":\"https:\/\/www.fraczinet.cl\/sitio\/wp-content\/uploads\/2023\/10\/Alfredo-Stroessner.jpg\",\"contentUrl\":\"https:\/\/www.fraczinet.cl\/sitio\/wp-content\/uploads\/2023\/10\/Alfredo-Stroessner.jpg\",\"width\":600,\"height\":330},{\"@type\":\"BreadcrumbList\",\"@id\":\"https:\/\/www.fraczinet.cl\/sitio\/2023\/10\/21\/fin-a-los-tiempos-oscuros-de-paraguay-fin-a-stroessner\/#breadcrumb\",\"itemListElement\":[{\"@type\":\"ListItem\",\"position\":1,\"name\":\"Portada\",\"item\":\"https:\/\/www.fraczinet.cl\/sitio\/\"},{\"@type\":\"ListItem\",\"position\":2,\"name\":\"Fin A Los Tiempos Oscuros De Paraguay&#8230; Fin A Stroessner\"}]},{\"@type\":\"WebSite\",\"@id\":\"https:\/\/www.fraczinet.cl\/sitio\/#website\",\"url\":\"https:\/\/www.fraczinet.cl\/sitio\/\",\"name\":\"Nuestro Bio B\u00edo\",\"description\":\"Tierra de Encuentros\",\"publisher\":{\"@id\":\"https:\/\/www.fraczinet.cl\/sitio\/#\/schema\/person\/aec8ee4da68df2b9b0eefdad24a0d582\"},\"potentialAction\":[{\"@type\":\"SearchAction\",\"target\":{\"@type\":\"EntryPoint\",\"urlTemplate\":\"https:\/\/www.fraczinet.cl\/sitio\/?s={search_term_string}\"},\"query-input\":{\"@type\":\"PropertyValueSpecification\",\"valueRequired\":true,\"valueName\":\"search_term_string\"}}],\"inLanguage\":\"es\"},{\"@type\":[\"Person\",\"Organization\"],\"@id\":\"https:\/\/www.fraczinet.cl\/sitio\/#\/schema\/person\/aec8ee4da68df2b9b0eefdad24a0d582\",\"name\":\"Luis Fernando Fraczinet\",\"image\":{\"@type\":\"ImageObject\",\"inLanguage\":\"es\",\"@id\":\"https:\/\/www.fraczinet.cl\/sitio\/#\/schema\/person\/image\/\",\"url\":\"https:\/\/www.fraczinet.cl\/sitio\/wp-content\/uploads\/2021\/07\/bannerlogo-1.gif\",\"contentUrl\":\"https:\/\/www.fraczinet.cl\/sitio\/wp-content\/uploads\/2021\/07\/bannerlogo-1.gif\",\"width\":159,\"height\":79,\"caption\":\"Luis Fernando Fraczinet\"},\"logo\":{\"@id\":\"https:\/\/www.fraczinet.cl\/sitio\/#\/schema\/person\/image\/\"},\"sameAs\":[\"https:\/\/www.fraczinet.cl\/sitio\/\"]},{\"@type\":\"Person\",\"@id\":\"https:\/\/www.fraczinet.cl\/sitio\/#\/schema\/person\/bc30f98e9cb10ae7e119dbe14bc93784\",\"name\":\"admin\",\"image\":{\"@type\":\"ImageObject\",\"inLanguage\":\"es\",\"@id\":\"https:\/\/www.fraczinet.cl\/sitio\/#\/schema\/person\/image\/\",\"url\":\"https:\/\/secure.gravatar.com\/avatar\/d5ad3cf7ef3b23a2bb5be73be780c86b2fc8545c3ad6b149f3913ff458c00099?s=96&d=mm&r=g\",\"contentUrl\":\"https:\/\/secure.gravatar.com\/avatar\/d5ad3cf7ef3b23a2bb5be73be780c86b2fc8545c3ad6b149f3913ff458c00099?s=96&d=mm&r=g\",\"caption\":\"admin\"},\"sameAs\":[\"https:\/\/www.fraczinet.cl\/sitio\"]}]}<\/script>\n<!-- \/ Yoast SEO plugin. -->","yoast_head_json":{"title":"Fin A Los Tiempos Oscuros De Paraguay... Fin A Stroessner - Nuestro Bio B\u00edo","description":"El 3 de febrero de cada a\u00f1o, Paraguay conmemora el aniversario del fin de la dictadura militar de Alfredo Stroessner. Un levantamiento encabezado por su mano derecha, el general Andr\u00e9s Rodr\u00edguez que le puso freno en 1989 a sus 35 a\u00f1os en el poder.","robots":{"index":"index","follow":"follow","max-snippet":"max-snippet:-1","max-image-preview":"max-image-preview:large","max-video-preview":"max-video-preview:-1"},"canonical":"https:\/\/www.fraczinet.cl\/sitio\/2023\/10\/21\/fin-a-los-tiempos-oscuros-de-paraguay-fin-a-stroessner\/","og_locale":"es_ES","og_type":"article","og_title":"Fin A Los Tiempos Oscuros De Paraguay... Fin A Stroessner - Nuestro Bio B\u00edo","og_description":"El 3 de febrero de cada a\u00f1o, Paraguay conmemora el aniversario del fin de la dictadura militar de Alfredo Stroessner. Un levantamiento encabezado por su mano derecha, el general Andr\u00e9s Rodr\u00edguez que le puso freno en 1989 a sus 35 a\u00f1os en el poder.","og_url":"https:\/\/www.fraczinet.cl\/sitio\/2023\/10\/21\/fin-a-los-tiempos-oscuros-de-paraguay-fin-a-stroessner\/","og_site_name":"Nuestro Bio B\u00edo","article_published_time":"2023-10-21T23:58:44+00:00","og_image":[{"width":600,"height":330,"url":"https:\/\/www.fraczinet.cl\/sitio\/wp-content\/uploads\/2023\/10\/Alfredo-Stroessner.jpg","type":"image\/jpeg"}],"author":"admin","twitter_card":"summary_large_image","twitter_creator":"@nuestrobiobio","twitter_site":"@nuestrobiobio","twitter_misc":{"Escrito por":"admin","Tiempo de lectura":"2 minutos"},"schema":{"@context":"https:\/\/schema.org","@graph":[{"@type":"Article","@id":"https:\/\/www.fraczinet.cl\/sitio\/2023\/10\/21\/fin-a-los-tiempos-oscuros-de-paraguay-fin-a-stroessner\/#article","isPartOf":{"@id":"https:\/\/www.fraczinet.cl\/sitio\/2023\/10\/21\/fin-a-los-tiempos-oscuros-de-paraguay-fin-a-stroessner\/"},"author":{"name":"admin","@id":"https:\/\/www.fraczinet.cl\/sitio\/#\/schema\/person\/bc30f98e9cb10ae7e119dbe14bc93784"},"headline":"Fin A Los Tiempos Oscuros De Paraguay&#8230; Fin A Stroessner","datePublished":"2023-10-21T23:58:44+00:00","mainEntityOfPage":{"@id":"https:\/\/www.fraczinet.cl\/sitio\/2023\/10\/21\/fin-a-los-tiempos-oscuros-de-paraguay-fin-a-stroessner\/"},"wordCount":218,"commentCount":0,"publisher":{"@id":"https:\/\/www.fraczinet.cl\/sitio\/#\/schema\/person\/aec8ee4da68df2b9b0eefdad24a0d582"},"image":{"@id":"https:\/\/www.fraczinet.cl\/sitio\/2023\/10\/21\/fin-a-los-tiempos-oscuros-de-paraguay-fin-a-stroessner\/#primaryimage"},"thumbnailUrl":"https:\/\/www.fraczinet.cl\/sitio\/wp-content\/uploads\/2023\/10\/Alfredo-Stroessner.jpg","articleSection":["DDHH","Historia"],"inLanguage":"es","potentialAction":[{"@type":"CommentAction","name":"Comment","target":["https:\/\/www.fraczinet.cl\/sitio\/2023\/10\/21\/fin-a-los-tiempos-oscuros-de-paraguay-fin-a-stroessner\/#respond"]}]},{"@type":"WebPage","@id":"https:\/\/www.fraczinet.cl\/sitio\/2023\/10\/21\/fin-a-los-tiempos-oscuros-de-paraguay-fin-a-stroessner\/","url":"https:\/\/www.fraczinet.cl\/sitio\/2023\/10\/21\/fin-a-los-tiempos-oscuros-de-paraguay-fin-a-stroessner\/","name":"Fin A Los Tiempos Oscuros De Paraguay... Fin A Stroessner - Nuestro Bio B\u00edo","isPartOf":{"@id":"https:\/\/www.fraczinet.cl\/sitio\/#website"},"primaryImageOfPage":{"@id":"https:\/\/www.fraczinet.cl\/sitio\/2023\/10\/21\/fin-a-los-tiempos-oscuros-de-paraguay-fin-a-stroessner\/#primaryimage"},"image":{"@id":"https:\/\/www.fraczinet.cl\/sitio\/2023\/10\/21\/fin-a-los-tiempos-oscuros-de-paraguay-fin-a-stroessner\/#primaryimage"},"thumbnailUrl":"https:\/\/www.fraczinet.cl\/sitio\/wp-content\/uploads\/2023\/10\/Alfredo-Stroessner.jpg","datePublished":"2023-10-21T23:58:44+00:00","description":"El 3 de febrero de cada a\u00f1o, Paraguay conmemora el aniversario del fin de la dictadura militar de Alfredo Stroessner. Un levantamiento encabezado por su mano derecha, el general Andr\u00e9s Rodr\u00edguez que le puso freno en 1989 a sus 35 a\u00f1os en el poder.","breadcrumb":{"@id":"https:\/\/www.fraczinet.cl\/sitio\/2023\/10\/21\/fin-a-los-tiempos-oscuros-de-paraguay-fin-a-stroessner\/#breadcrumb"},"inLanguage":"es","potentialAction":[{"@type":"ReadAction","target":["https:\/\/www.fraczinet.cl\/sitio\/2023\/10\/21\/fin-a-los-tiempos-oscuros-de-paraguay-fin-a-stroessner\/"]}]},{"@type":"ImageObject","inLanguage":"es","@id":"https:\/\/www.fraczinet.cl\/sitio\/2023\/10\/21\/fin-a-los-tiempos-oscuros-de-paraguay-fin-a-stroessner\/#primaryimage","url":"https:\/\/www.fraczinet.cl\/sitio\/wp-content\/uploads\/2023\/10\/Alfredo-Stroessner.jpg","contentUrl":"https:\/\/www.fraczinet.cl\/sitio\/wp-content\/uploads\/2023\/10\/Alfredo-Stroessner.jpg","width":600,"height":330},{"@type":"BreadcrumbList","@id":"https:\/\/www.fraczinet.cl\/sitio\/2023\/10\/21\/fin-a-los-tiempos-oscuros-de-paraguay-fin-a-stroessner\/#breadcrumb","itemListElement":[{"@type":"ListItem","position":1,"name":"Portada","item":"https:\/\/www.fraczinet.cl\/sitio\/"},{"@type":"ListItem","position":2,"name":"Fin A Los Tiempos Oscuros De Paraguay&#8230; Fin A Stroessner"}]},{"@type":"WebSite","@id":"https:\/\/www.fraczinet.cl\/sitio\/#website","url":"https:\/\/www.fraczinet.cl\/sitio\/","name":"Nuestro Bio B\u00edo","description":"Tierra de Encuentros","publisher":{"@id":"https:\/\/www.fraczinet.cl\/sitio\/#\/schema\/person\/aec8ee4da68df2b9b0eefdad24a0d582"},"potentialAction":[{"@type":"SearchAction","target":{"@type":"EntryPoint","urlTemplate":"https:\/\/www.fraczinet.cl\/sitio\/?s={search_term_string}"},"query-input":{"@type":"PropertyValueSpecification","valueRequired":true,"valueName":"search_term_string"}}],"inLanguage":"es"},{"@type":["Person","Organization"],"@id":"https:\/\/www.fraczinet.cl\/sitio\/#\/schema\/person\/aec8ee4da68df2b9b0eefdad24a0d582","name":"Luis Fernando Fraczinet","image":{"@type":"ImageObject","inLanguage":"es","@id":"https:\/\/www.fraczinet.cl\/sitio\/#\/schema\/person\/image\/","url":"https:\/\/www.fraczinet.cl\/sitio\/wp-content\/uploads\/2021\/07\/bannerlogo-1.gif","contentUrl":"https:\/\/www.fraczinet.cl\/sitio\/wp-content\/uploads\/2021\/07\/bannerlogo-1.gif","width":159,"height":79,"caption":"Luis Fernando Fraczinet"},"logo":{"@id":"https:\/\/www.fraczinet.cl\/sitio\/#\/schema\/person\/image\/"},"sameAs":["https:\/\/www.fraczinet.cl\/sitio\/"]},{"@type":"Person","@id":"https:\/\/www.fraczinet.cl\/sitio\/#\/schema\/person\/bc30f98e9cb10ae7e119dbe14bc93784","name":"admin","image":{"@type":"ImageObject","inLanguage":"es","@id":"https:\/\/www.fraczinet.cl\/sitio\/#\/schema\/person\/image\/","url":"https:\/\/secure.gravatar.com\/avatar\/d5ad3cf7ef3b23a2bb5be73be780c86b2fc8545c3ad6b149f3913ff458c00099?s=96&d=mm&r=g","contentUrl":"https:\/\/secure.gravatar.com\/avatar\/d5ad3cf7ef3b23a2bb5be73be780c86b2fc8545c3ad6b149f3913ff458c00099?s=96&d=mm&r=g","caption":"admin"},"sameAs":["https:\/\/www.fraczinet.cl\/sitio"]}]}},"_links":{"self":[{"href":"https:\/\/www.fraczinet.cl\/sitio\/wp-json\/wp\/v2\/posts\/15444","targetHints":{"allow":["GET"]}}],"collection":[{"href":"https:\/\/www.fraczinet.cl\/sitio\/wp-json\/wp\/v2\/posts"}],"about":[{"href":"https:\/\/www.fraczinet.cl\/sitio\/wp-json\/wp\/v2\/types\/post"}],"author":[{"embeddable":true,"href":"https:\/\/www.fraczinet.cl\/sitio\/wp-json\/wp\/v2\/users\/1"}],"replies":[{"embeddable":true,"href":"https:\/\/www.fraczinet.cl\/sitio\/wp-json\/wp\/v2\/comments?post=15444"}],"version-history":[{"count":1,"href":"https:\/\/www.fraczinet.cl\/sitio\/wp-json\/wp\/v2\/posts\/15444\/revisions"}],"predecessor-version":[{"id":15446,"href":"https:\/\/www.fraczinet.cl\/sitio\/wp-json\/wp\/v2\/posts\/15444\/revisions\/15446"}],"wp:featuredmedia":[{"embeddable":true,"href":"https:\/\/www.fraczinet.cl\/sitio\/wp-json\/wp\/v2\/media\/15445"}],"wp:attachment":[{"href":"https:\/\/www.fraczinet.cl\/sitio\/wp-json\/wp\/v2\/media?parent=15444"}],"wp:term":[{"taxonomy":"category","embeddable":true,"href":"https:\/\/www.fraczinet.cl\/sitio\/wp-json\/wp\/v2\/categories?post=15444"},{"taxonomy":"post_tag","embeddable":true,"href":"https:\/\/www.fraczinet.cl\/sitio\/wp-json\/wp\/v2\/tags?post=15444"}],"curies":[{"name":"wp","href":"https:\/\/api.w.org\/{rel}","templated":true}]}}