{"id":15475,"date":"2023-12-03T00:30:59","date_gmt":"2023-12-03T00:30:59","guid":{"rendered":"https:\/\/www.fraczinet.cl\/sitio\/?p=15475"},"modified":"2023-12-03T00:30:59","modified_gmt":"2023-12-03T00:30:59","slug":"cuando-la-otan-bombardeo-yugoslavia-para-destruirla","status":"publish","type":"post","link":"https:\/\/www.fraczinet.cl\/sitio\/2023\/12\/03\/cuando-la-otan-bombardeo-yugoslavia-para-destruirla\/","title":{"rendered":"Cuando La OTAN Bombarde\u00f3 Yugoslavia&#8230; Para Destruirla"},"content":{"rendered":"<p><span style=\"font-weight: 400;\"><img fetchpriority=\"high\" decoding=\"async\" class=\"size-medium wp-image-15476 alignleft\" src=\"https:\/\/www.fraczinet.cl\/sitio\/wp-content\/uploads\/2023\/12\/IMG_20231202_212355_467-204x300.jpg\" alt=\"\" width=\"204\" height=\"300\" srcset=\"https:\/\/www.fraczinet.cl\/sitio\/wp-content\/uploads\/2023\/12\/IMG_20231202_212355_467-204x300.jpg 204w, https:\/\/www.fraczinet.cl\/sitio\/wp-content\/uploads\/2023\/12\/IMG_20231202_212355_467-697x1024.jpg 697w, https:\/\/www.fraczinet.cl\/sitio\/wp-content\/uploads\/2023\/12\/IMG_20231202_212355_467-768x1129.jpg 768w, https:\/\/www.fraczinet.cl\/sitio\/wp-content\/uploads\/2023\/12\/IMG_20231202_212355_467.jpg 871w\" sizes=\"(max-width: 204px) 100vw, 204px\" \/>El <\/span><b>24 de marzo de 1999, inicia el bombardeo de la OTAN sobre Yugoslavia en la guerra de los Balcanes<\/b><\/p>\n<p>&nbsp;<\/p>\n<p><span style=\"font-weight: 400;\">El pretexto oficial para el comienzo del ataque fue la protecci\u00f3n de la poblaci\u00f3n albanesa de Kosovo de la limpieza \u00e9tnica, adem\u00e1s de la prevenci\u00f3n de una \u00ab<\/span><i><span style=\"font-weight: 400;\">cat\u00e1strofe humanitaria<\/span><\/i><span style=\"font-weight: 400;\">\u00ab.<\/span><\/p>\n<p>&nbsp;<\/p>\n<p><span style=\"font-weight: 400;\">Occidente reaccion\u00f3 a las operaciones de las Fuerzas de Seguridad serbias para poner fin a la resistencia del Ej\u00e9rcito de Liberaci\u00f3n de Kosovo (ELK), considerado en Serbia como una organizaci\u00f3n terrorista.<\/span><\/p>\n<p>&nbsp;<\/p>\n<p><span style=\"font-weight: 400;\">La agresi\u00f3n de la OTAN contra Yugoslavia dur\u00f3 desde e<\/span><b>l 24 de marzo hasta el 10 de junio de 1999<\/b><span style=\"font-weight: 400;\">. Fue la segunda operaci\u00f3n militar de la Alianza Atl\u00e1ntica fuera de sus fronteras: la primera fueron los bombardeos de la Rep\u00fablica Serbia en 1995.<\/span><\/p>\n<p>&nbsp;<\/p>\n<p><span style=\"font-weight: 400;\">Seg\u00fan las estimaciones serbias, entre<\/span><b> 1.200 y 2.500 personas<\/b><span style=\"font-weight: 400;\"> fallecieron y hubo <\/span><b>6.000<\/b><span style=\"font-weight: 400;\"> heridos. Fueron perpetrados<\/span><b> 2.300 ataques <\/b><span style=\"font-weight: 400;\">contra<\/span><b> 995 instalaciones <\/b><span style=\"font-weight: 400;\">por todo el pa\u00eds. Se lanzaron <\/span><b>420.000 proyectiles <\/b><span style=\"font-weight: 400;\">contra Yugoslavia. Entre ellos hab\u00eda proyectiles con <\/span><b>uranio empobrecido.<\/b><\/p>\n<p>&nbsp;<\/p>\n<p><i><span style=\"font-weight: 400;\">A pesar de haber declarado la &#8216;desmilitarizaci\u00f3n&#8217; de los terroristas del ELK, Kosovo form\u00f3 su propio cuerpo de seguridad, que m\u00e1s tarde se convirti\u00f3 en las Fuerzas de Seguridad y en 2018 se transform\u00f3 en un Ej\u00e9rcito.<\/span><\/i><\/p>\n<p>&nbsp;<\/p>\n<p><i><span style=\"font-weight: 400;\">Ignorando la integridad territorial de Yugoslavia, que fue declarada en la resoluci\u00f3n 1244 del Consejo de Seguridad de la ONU, Kosovo proclam\u00f3 unilateralmente en 2008 la independencia con el apoyo de algunos miembros de la \u00abcomunidad internacional\u00bb.<\/span><\/i><\/p>\n<p><span style=\"font-weight: 400;\">Fuente:<\/span><b>en Twitter:<\/b><a href=\"https:\/\/twitter.com\/comohoyundia123\"><span style=\"font-weight: 400;\">https:\/\/twitter.com\/comohoyundia123<\/span><\/a><\/p>\n","protected":false},"excerpt":{"rendered":"<p>Seg\u00fan las estimaciones serbias, entre 1.200 y 2.500 personas fallecieron y hubo 6.000 heridos. Fueron perpetrados 2.300 ataques contra 995 instalaciones por todo el pa\u00eds. Se lanzaron 420.000 proyectiles contra Yugoslavia. Entre ellos hab\u00eda proyectiles con uranio empobrecido.<\/p>\n","protected":false},"author":1,"featured_media":15476,"comment_status":"open","ping_status":"closed","sticky":false,"template":"","format":"standard","meta":{"footnotes":""},"categories":[154,10],"tags":[],"class_list":["post-15475","post","type-post","status-publish","format-standard","has-post-thumbnail","hentry","category-ddhh","category-historia"],"yoast_head":"<!-- This site is optimized with the Yoast SEO plugin v25.0 - https:\/\/yoast.com\/wordpress\/plugins\/seo\/ -->\n<title>Cuando La OTAN Bombarde\u00f3 Yugoslavia... Para Destruirla - Nuestro Bio B\u00edo<\/title>\n<meta name=\"description\" content=\"Seg\u00fan las estimaciones serbias, entre 1.200 y 2.500 personas fallecieron y hubo 6.000 heridos. Fueron perpetrados 2.300 ataques contra 995 instalaciones por todo el pa\u00eds. Se lanzaron 420.000 proyectiles contra Yugoslavia. Entre ellos hab\u00eda proyectiles con uranio empobrecido.\" \/>\n<meta name=\"robots\" content=\"index, follow, max-snippet:-1, max-image-preview:large, max-video-preview:-1\" \/>\n<link rel=\"canonical\" href=\"https:\/\/www.fraczinet.cl\/sitio\/2023\/12\/03\/cuando-la-otan-bombardeo-yugoslavia-para-destruirla\/\" \/>\n<meta property=\"og:locale\" content=\"es_ES\" \/>\n<meta property=\"og:type\" content=\"article\" \/>\n<meta property=\"og:title\" content=\"Cuando La OTAN Bombarde\u00f3 Yugoslavia... Para Destruirla - Nuestro Bio B\u00edo\" \/>\n<meta property=\"og:description\" content=\"Seg\u00fan las estimaciones serbias, entre 1.200 y 2.500 personas fallecieron y hubo 6.000 heridos. Fueron perpetrados 2.300 ataques contra 995 instalaciones por todo el pa\u00eds. Se lanzaron 420.000 proyectiles contra Yugoslavia. Entre ellos hab\u00eda proyectiles con uranio empobrecido.\" \/>\n<meta property=\"og:url\" content=\"https:\/\/www.fraczinet.cl\/sitio\/2023\/12\/03\/cuando-la-otan-bombardeo-yugoslavia-para-destruirla\/\" \/>\n<meta property=\"og:site_name\" content=\"Nuestro Bio B\u00edo\" \/>\n<meta property=\"article:published_time\" content=\"2023-12-03T00:30:59+00:00\" \/>\n<meta property=\"og:image\" content=\"https:\/\/www.fraczinet.cl\/sitio\/wp-content\/uploads\/2023\/12\/IMG_20231202_212355_467.jpg\" \/>\n\t<meta property=\"og:image:width\" content=\"871\" \/>\n\t<meta property=\"og:image:height\" content=\"1280\" \/>\n\t<meta property=\"og:image:type\" content=\"image\/jpeg\" \/>\n<meta name=\"author\" content=\"admin\" \/>\n<meta name=\"twitter:card\" content=\"summary_large_image\" \/>\n<meta name=\"twitter:creator\" content=\"@nuestrobiobio\" \/>\n<meta name=\"twitter:site\" content=\"@nuestrobiobio\" \/>\n<meta name=\"twitter:label1\" content=\"Escrito por\" \/>\n\t<meta name=\"twitter:data1\" content=\"admin\" \/>\n\t<meta name=\"twitter:label2\" content=\"Tiempo de lectura\" \/>\n\t<meta name=\"twitter:data2\" content=\"2 minutos\" \/>\n<script type=\"application\/ld+json\" class=\"yoast-schema-graph\">{\"@context\":\"https:\/\/schema.org\",\"@graph\":[{\"@type\":\"Article\",\"@id\":\"https:\/\/www.fraczinet.cl\/sitio\/2023\/12\/03\/cuando-la-otan-bombardeo-yugoslavia-para-destruirla\/#article\",\"isPartOf\":{\"@id\":\"https:\/\/www.fraczinet.cl\/sitio\/2023\/12\/03\/cuando-la-otan-bombardeo-yugoslavia-para-destruirla\/\"},\"author\":{\"name\":\"admin\",\"@id\":\"https:\/\/www.fraczinet.cl\/sitio\/#\/schema\/person\/bc30f98e9cb10ae7e119dbe14bc93784\"},\"headline\":\"Cuando La OTAN Bombarde\u00f3 Yugoslavia&#8230; Para Destruirla\",\"datePublished\":\"2023-12-03T00:30:59+00:00\",\"mainEntityOfPage\":{\"@id\":\"https:\/\/www.fraczinet.cl\/sitio\/2023\/12\/03\/cuando-la-otan-bombardeo-yugoslavia-para-destruirla\/\"},\"wordCount\":261,\"commentCount\":0,\"publisher\":{\"@id\":\"https:\/\/www.fraczinet.cl\/sitio\/#\/schema\/person\/aec8ee4da68df2b9b0eefdad24a0d582\"},\"image\":{\"@id\":\"https:\/\/www.fraczinet.cl\/sitio\/2023\/12\/03\/cuando-la-otan-bombardeo-yugoslavia-para-destruirla\/#primaryimage\"},\"thumbnailUrl\":\"https:\/\/www.fraczinet.cl\/sitio\/wp-content\/uploads\/2023\/12\/IMG_20231202_212355_467.jpg\",\"articleSection\":[\"DDHH\",\"Historia\"],\"inLanguage\":\"es\",\"potentialAction\":[{\"@type\":\"CommentAction\",\"name\":\"Comment\",\"target\":[\"https:\/\/www.fraczinet.cl\/sitio\/2023\/12\/03\/cuando-la-otan-bombardeo-yugoslavia-para-destruirla\/#respond\"]}]},{\"@type\":\"WebPage\",\"@id\":\"https:\/\/www.fraczinet.cl\/sitio\/2023\/12\/03\/cuando-la-otan-bombardeo-yugoslavia-para-destruirla\/\",\"url\":\"https:\/\/www.fraczinet.cl\/sitio\/2023\/12\/03\/cuando-la-otan-bombardeo-yugoslavia-para-destruirla\/\",\"name\":\"Cuando La OTAN Bombarde\u00f3 Yugoslavia... Para Destruirla - Nuestro Bio B\u00edo\",\"isPartOf\":{\"@id\":\"https:\/\/www.fraczinet.cl\/sitio\/#website\"},\"primaryImageOfPage\":{\"@id\":\"https:\/\/www.fraczinet.cl\/sitio\/2023\/12\/03\/cuando-la-otan-bombardeo-yugoslavia-para-destruirla\/#primaryimage\"},\"image\":{\"@id\":\"https:\/\/www.fraczinet.cl\/sitio\/2023\/12\/03\/cuando-la-otan-bombardeo-yugoslavia-para-destruirla\/#primaryimage\"},\"thumbnailUrl\":\"https:\/\/www.fraczinet.cl\/sitio\/wp-content\/uploads\/2023\/12\/IMG_20231202_212355_467.jpg\",\"datePublished\":\"2023-12-03T00:30:59+00:00\",\"description\":\"Seg\u00fan las estimaciones serbias, entre 1.200 y 2.500 personas fallecieron y hubo 6.000 heridos. Fueron perpetrados 2.300 ataques contra 995 instalaciones por todo el pa\u00eds. Se lanzaron 420.000 proyectiles contra Yugoslavia. Entre ellos hab\u00eda proyectiles con uranio empobrecido.\",\"breadcrumb\":{\"@id\":\"https:\/\/www.fraczinet.cl\/sitio\/2023\/12\/03\/cuando-la-otan-bombardeo-yugoslavia-para-destruirla\/#breadcrumb\"},\"inLanguage\":\"es\",\"potentialAction\":[{\"@type\":\"ReadAction\",\"target\":[\"https:\/\/www.fraczinet.cl\/sitio\/2023\/12\/03\/cuando-la-otan-bombardeo-yugoslavia-para-destruirla\/\"]}]},{\"@type\":\"ImageObject\",\"inLanguage\":\"es\",\"@id\":\"https:\/\/www.fraczinet.cl\/sitio\/2023\/12\/03\/cuando-la-otan-bombardeo-yugoslavia-para-destruirla\/#primaryimage\",\"url\":\"https:\/\/www.fraczinet.cl\/sitio\/wp-content\/uploads\/2023\/12\/IMG_20231202_212355_467.jpg\",\"contentUrl\":\"https:\/\/www.fraczinet.cl\/sitio\/wp-content\/uploads\/2023\/12\/IMG_20231202_212355_467.jpg\",\"width\":871,\"height\":1280},{\"@type\":\"BreadcrumbList\",\"@id\":\"https:\/\/www.fraczinet.cl\/sitio\/2023\/12\/03\/cuando-la-otan-bombardeo-yugoslavia-para-destruirla\/#breadcrumb\",\"itemListElement\":[{\"@type\":\"ListItem\",\"position\":1,\"name\":\"Portada\",\"item\":\"https:\/\/www.fraczinet.cl\/sitio\/\"},{\"@type\":\"ListItem\",\"position\":2,\"name\":\"Cuando La OTAN Bombarde\u00f3 Yugoslavia&#8230; Para Destruirla\"}]},{\"@type\":\"WebSite\",\"@id\":\"https:\/\/www.fraczinet.cl\/sitio\/#website\",\"url\":\"https:\/\/www.fraczinet.cl\/sitio\/\",\"name\":\"Nuestro Bio B\u00edo\",\"description\":\"Tierra de Encuentros\",\"publisher\":{\"@id\":\"https:\/\/www.fraczinet.cl\/sitio\/#\/schema\/person\/aec8ee4da68df2b9b0eefdad24a0d582\"},\"potentialAction\":[{\"@type\":\"SearchAction\",\"target\":{\"@type\":\"EntryPoint\",\"urlTemplate\":\"https:\/\/www.fraczinet.cl\/sitio\/?s={search_term_string}\"},\"query-input\":{\"@type\":\"PropertyValueSpecification\",\"valueRequired\":true,\"valueName\":\"search_term_string\"}}],\"inLanguage\":\"es\"},{\"@type\":[\"Person\",\"Organization\"],\"@id\":\"https:\/\/www.fraczinet.cl\/sitio\/#\/schema\/person\/aec8ee4da68df2b9b0eefdad24a0d582\",\"name\":\"Luis Fernando Fraczinet\",\"image\":{\"@type\":\"ImageObject\",\"inLanguage\":\"es\",\"@id\":\"https:\/\/www.fraczinet.cl\/sitio\/#\/schema\/person\/image\/\",\"url\":\"https:\/\/www.fraczinet.cl\/sitio\/wp-content\/uploads\/2021\/07\/bannerlogo-1.gif\",\"contentUrl\":\"https:\/\/www.fraczinet.cl\/sitio\/wp-content\/uploads\/2021\/07\/bannerlogo-1.gif\",\"width\":159,\"height\":79,\"caption\":\"Luis Fernando Fraczinet\"},\"logo\":{\"@id\":\"https:\/\/www.fraczinet.cl\/sitio\/#\/schema\/person\/image\/\"},\"sameAs\":[\"https:\/\/www.fraczinet.cl\/sitio\/\"]},{\"@type\":\"Person\",\"@id\":\"https:\/\/www.fraczinet.cl\/sitio\/#\/schema\/person\/bc30f98e9cb10ae7e119dbe14bc93784\",\"name\":\"admin\",\"image\":{\"@type\":\"ImageObject\",\"inLanguage\":\"es\",\"@id\":\"https:\/\/www.fraczinet.cl\/sitio\/#\/schema\/person\/image\/\",\"url\":\"https:\/\/secure.gravatar.com\/avatar\/d5ad3cf7ef3b23a2bb5be73be780c86b2fc8545c3ad6b149f3913ff458c00099?s=96&d=mm&r=g\",\"contentUrl\":\"https:\/\/secure.gravatar.com\/avatar\/d5ad3cf7ef3b23a2bb5be73be780c86b2fc8545c3ad6b149f3913ff458c00099?s=96&d=mm&r=g\",\"caption\":\"admin\"},\"sameAs\":[\"https:\/\/www.fraczinet.cl\/sitio\"]}]}<\/script>\n<!-- \/ Yoast SEO plugin. -->","yoast_head_json":{"title":"Cuando La OTAN Bombarde\u00f3 Yugoslavia... Para Destruirla - Nuestro Bio B\u00edo","description":"Seg\u00fan las estimaciones serbias, entre 1.200 y 2.500 personas fallecieron y hubo 6.000 heridos. Fueron perpetrados 2.300 ataques contra 995 instalaciones por todo el pa\u00eds. Se lanzaron 420.000 proyectiles contra Yugoslavia. Entre ellos hab\u00eda proyectiles con uranio empobrecido.","robots":{"index":"index","follow":"follow","max-snippet":"max-snippet:-1","max-image-preview":"max-image-preview:large","max-video-preview":"max-video-preview:-1"},"canonical":"https:\/\/www.fraczinet.cl\/sitio\/2023\/12\/03\/cuando-la-otan-bombardeo-yugoslavia-para-destruirla\/","og_locale":"es_ES","og_type":"article","og_title":"Cuando La OTAN Bombarde\u00f3 Yugoslavia... Para Destruirla - Nuestro Bio B\u00edo","og_description":"Seg\u00fan las estimaciones serbias, entre 1.200 y 2.500 personas fallecieron y hubo 6.000 heridos. Fueron perpetrados 2.300 ataques contra 995 instalaciones por todo el pa\u00eds. Se lanzaron 420.000 proyectiles contra Yugoslavia. Entre ellos hab\u00eda proyectiles con uranio empobrecido.","og_url":"https:\/\/www.fraczinet.cl\/sitio\/2023\/12\/03\/cuando-la-otan-bombardeo-yugoslavia-para-destruirla\/","og_site_name":"Nuestro Bio B\u00edo","article_published_time":"2023-12-03T00:30:59+00:00","og_image":[{"width":871,"height":1280,"url":"https:\/\/www.fraczinet.cl\/sitio\/wp-content\/uploads\/2023\/12\/IMG_20231202_212355_467.jpg","type":"image\/jpeg"}],"author":"admin","twitter_card":"summary_large_image","twitter_creator":"@nuestrobiobio","twitter_site":"@nuestrobiobio","twitter_misc":{"Escrito por":"admin","Tiempo de lectura":"2 minutos"},"schema":{"@context":"https:\/\/schema.org","@graph":[{"@type":"Article","@id":"https:\/\/www.fraczinet.cl\/sitio\/2023\/12\/03\/cuando-la-otan-bombardeo-yugoslavia-para-destruirla\/#article","isPartOf":{"@id":"https:\/\/www.fraczinet.cl\/sitio\/2023\/12\/03\/cuando-la-otan-bombardeo-yugoslavia-para-destruirla\/"},"author":{"name":"admin","@id":"https:\/\/www.fraczinet.cl\/sitio\/#\/schema\/person\/bc30f98e9cb10ae7e119dbe14bc93784"},"headline":"Cuando La OTAN Bombarde\u00f3 Yugoslavia&#8230; Para Destruirla","datePublished":"2023-12-03T00:30:59+00:00","mainEntityOfPage":{"@id":"https:\/\/www.fraczinet.cl\/sitio\/2023\/12\/03\/cuando-la-otan-bombardeo-yugoslavia-para-destruirla\/"},"wordCount":261,"commentCount":0,"publisher":{"@id":"https:\/\/www.fraczinet.cl\/sitio\/#\/schema\/person\/aec8ee4da68df2b9b0eefdad24a0d582"},"image":{"@id":"https:\/\/www.fraczinet.cl\/sitio\/2023\/12\/03\/cuando-la-otan-bombardeo-yugoslavia-para-destruirla\/#primaryimage"},"thumbnailUrl":"https:\/\/www.fraczinet.cl\/sitio\/wp-content\/uploads\/2023\/12\/IMG_20231202_212355_467.jpg","articleSection":["DDHH","Historia"],"inLanguage":"es","potentialAction":[{"@type":"CommentAction","name":"Comment","target":["https:\/\/www.fraczinet.cl\/sitio\/2023\/12\/03\/cuando-la-otan-bombardeo-yugoslavia-para-destruirla\/#respond"]}]},{"@type":"WebPage","@id":"https:\/\/www.fraczinet.cl\/sitio\/2023\/12\/03\/cuando-la-otan-bombardeo-yugoslavia-para-destruirla\/","url":"https:\/\/www.fraczinet.cl\/sitio\/2023\/12\/03\/cuando-la-otan-bombardeo-yugoslavia-para-destruirla\/","name":"Cuando La OTAN Bombarde\u00f3 Yugoslavia... Para Destruirla - Nuestro Bio B\u00edo","isPartOf":{"@id":"https:\/\/www.fraczinet.cl\/sitio\/#website"},"primaryImageOfPage":{"@id":"https:\/\/www.fraczinet.cl\/sitio\/2023\/12\/03\/cuando-la-otan-bombardeo-yugoslavia-para-destruirla\/#primaryimage"},"image":{"@id":"https:\/\/www.fraczinet.cl\/sitio\/2023\/12\/03\/cuando-la-otan-bombardeo-yugoslavia-para-destruirla\/#primaryimage"},"thumbnailUrl":"https:\/\/www.fraczinet.cl\/sitio\/wp-content\/uploads\/2023\/12\/IMG_20231202_212355_467.jpg","datePublished":"2023-12-03T00:30:59+00:00","description":"Seg\u00fan las estimaciones serbias, entre 1.200 y 2.500 personas fallecieron y hubo 6.000 heridos. Fueron perpetrados 2.300 ataques contra 995 instalaciones por todo el pa\u00eds. Se lanzaron 420.000 proyectiles contra Yugoslavia. Entre ellos hab\u00eda proyectiles con uranio empobrecido.","breadcrumb":{"@id":"https:\/\/www.fraczinet.cl\/sitio\/2023\/12\/03\/cuando-la-otan-bombardeo-yugoslavia-para-destruirla\/#breadcrumb"},"inLanguage":"es","potentialAction":[{"@type":"ReadAction","target":["https:\/\/www.fraczinet.cl\/sitio\/2023\/12\/03\/cuando-la-otan-bombardeo-yugoslavia-para-destruirla\/"]}]},{"@type":"ImageObject","inLanguage":"es","@id":"https:\/\/www.fraczinet.cl\/sitio\/2023\/12\/03\/cuando-la-otan-bombardeo-yugoslavia-para-destruirla\/#primaryimage","url":"https:\/\/www.fraczinet.cl\/sitio\/wp-content\/uploads\/2023\/12\/IMG_20231202_212355_467.jpg","contentUrl":"https:\/\/www.fraczinet.cl\/sitio\/wp-content\/uploads\/2023\/12\/IMG_20231202_212355_467.jpg","width":871,"height":1280},{"@type":"BreadcrumbList","@id":"https:\/\/www.fraczinet.cl\/sitio\/2023\/12\/03\/cuando-la-otan-bombardeo-yugoslavia-para-destruirla\/#breadcrumb","itemListElement":[{"@type":"ListItem","position":1,"name":"Portada","item":"https:\/\/www.fraczinet.cl\/sitio\/"},{"@type":"ListItem","position":2,"name":"Cuando La OTAN Bombarde\u00f3 Yugoslavia&#8230; Para Destruirla"}]},{"@type":"WebSite","@id":"https:\/\/www.fraczinet.cl\/sitio\/#website","url":"https:\/\/www.fraczinet.cl\/sitio\/","name":"Nuestro Bio B\u00edo","description":"Tierra de Encuentros","publisher":{"@id":"https:\/\/www.fraczinet.cl\/sitio\/#\/schema\/person\/aec8ee4da68df2b9b0eefdad24a0d582"},"potentialAction":[{"@type":"SearchAction","target":{"@type":"EntryPoint","urlTemplate":"https:\/\/www.fraczinet.cl\/sitio\/?s={search_term_string}"},"query-input":{"@type":"PropertyValueSpecification","valueRequired":true,"valueName":"search_term_string"}}],"inLanguage":"es"},{"@type":["Person","Organization"],"@id":"https:\/\/www.fraczinet.cl\/sitio\/#\/schema\/person\/aec8ee4da68df2b9b0eefdad24a0d582","name":"Luis Fernando Fraczinet","image":{"@type":"ImageObject","inLanguage":"es","@id":"https:\/\/www.fraczinet.cl\/sitio\/#\/schema\/person\/image\/","url":"https:\/\/www.fraczinet.cl\/sitio\/wp-content\/uploads\/2021\/07\/bannerlogo-1.gif","contentUrl":"https:\/\/www.fraczinet.cl\/sitio\/wp-content\/uploads\/2021\/07\/bannerlogo-1.gif","width":159,"height":79,"caption":"Luis Fernando Fraczinet"},"logo":{"@id":"https:\/\/www.fraczinet.cl\/sitio\/#\/schema\/person\/image\/"},"sameAs":["https:\/\/www.fraczinet.cl\/sitio\/"]},{"@type":"Person","@id":"https:\/\/www.fraczinet.cl\/sitio\/#\/schema\/person\/bc30f98e9cb10ae7e119dbe14bc93784","name":"admin","image":{"@type":"ImageObject","inLanguage":"es","@id":"https:\/\/www.fraczinet.cl\/sitio\/#\/schema\/person\/image\/","url":"https:\/\/secure.gravatar.com\/avatar\/d5ad3cf7ef3b23a2bb5be73be780c86b2fc8545c3ad6b149f3913ff458c00099?s=96&d=mm&r=g","contentUrl":"https:\/\/secure.gravatar.com\/avatar\/d5ad3cf7ef3b23a2bb5be73be780c86b2fc8545c3ad6b149f3913ff458c00099?s=96&d=mm&r=g","caption":"admin"},"sameAs":["https:\/\/www.fraczinet.cl\/sitio"]}]}},"_links":{"self":[{"href":"https:\/\/www.fraczinet.cl\/sitio\/wp-json\/wp\/v2\/posts\/15475","targetHints":{"allow":["GET"]}}],"collection":[{"href":"https:\/\/www.fraczinet.cl\/sitio\/wp-json\/wp\/v2\/posts"}],"about":[{"href":"https:\/\/www.fraczinet.cl\/sitio\/wp-json\/wp\/v2\/types\/post"}],"author":[{"embeddable":true,"href":"https:\/\/www.fraczinet.cl\/sitio\/wp-json\/wp\/v2\/users\/1"}],"replies":[{"embeddable":true,"href":"https:\/\/www.fraczinet.cl\/sitio\/wp-json\/wp\/v2\/comments?post=15475"}],"version-history":[{"count":1,"href":"https:\/\/www.fraczinet.cl\/sitio\/wp-json\/wp\/v2\/posts\/15475\/revisions"}],"predecessor-version":[{"id":15477,"href":"https:\/\/www.fraczinet.cl\/sitio\/wp-json\/wp\/v2\/posts\/15475\/revisions\/15477"}],"wp:featuredmedia":[{"embeddable":true,"href":"https:\/\/www.fraczinet.cl\/sitio\/wp-json\/wp\/v2\/media\/15476"}],"wp:attachment":[{"href":"https:\/\/www.fraczinet.cl\/sitio\/wp-json\/wp\/v2\/media?parent=15475"}],"wp:term":[{"taxonomy":"category","embeddable":true,"href":"https:\/\/www.fraczinet.cl\/sitio\/wp-json\/wp\/v2\/categories?post=15475"},{"taxonomy":"post_tag","embeddable":true,"href":"https:\/\/www.fraczinet.cl\/sitio\/wp-json\/wp\/v2\/tags?post=15475"}],"curies":[{"name":"wp","href":"https:\/\/api.w.org\/{rel}","templated":true}]}}