{"id":15478,"date":"2023-12-03T00:46:46","date_gmt":"2023-12-03T00:46:46","guid":{"rendered":"https:\/\/www.fraczinet.cl\/sitio\/?p=15478"},"modified":"2023-12-03T00:46:46","modified_gmt":"2023-12-03T00:46:46","slug":"cuando-europa-inicio-la-esclavitud-de-africa","status":"publish","type":"post","link":"https:\/\/www.fraczinet.cl\/sitio\/2023\/12\/03\/cuando-europa-inicio-la-esclavitud-de-africa\/","title":{"rendered":"Cuando Europa Inici\u00f3 La Esclavitud De \u00c1frica"},"content":{"rendered":"<p><span style=\"font-weight: 400;\"><img fetchpriority=\"high\" decoding=\"async\" class=\"aligncenter wp-image-15479 size-large\" src=\"https:\/\/www.fraczinet.cl\/sitio\/wp-content\/uploads\/2023\/12\/esclavitud-1024x576.jpeg\" alt=\"\" width=\"640\" height=\"360\" srcset=\"https:\/\/www.fraczinet.cl\/sitio\/wp-content\/uploads\/2023\/12\/esclavitud-1024x576.jpeg 1024w, https:\/\/www.fraczinet.cl\/sitio\/wp-content\/uploads\/2023\/12\/esclavitud-300x169.jpeg 300w, https:\/\/www.fraczinet.cl\/sitio\/wp-content\/uploads\/2023\/12\/esclavitud-768x432.jpeg 768w, https:\/\/www.fraczinet.cl\/sitio\/wp-content\/uploads\/2023\/12\/esclavitud-1536x864.jpeg 1536w, https:\/\/www.fraczinet.cl\/sitio\/wp-content\/uploads\/2023\/12\/esclavitud.jpeg 1600w\" sizes=\"(max-width: 640px) 100vw, 640px\" \/><\/span><\/p>\n<p>&nbsp;<\/p>\n<p><span style=\"font-weight: 400;\">El 28 de marzo de 1658 comenz\u00f3 la triste historia de la esclavitud en \u00c1frica. Los espa\u00f1oles y portugueses fueron los mayores contribuyentes a la primera etapa de exploraci\u00f3n del continente. Pero el resto de potencias europeas occidentales tampoco se qued\u00f3 atr\u00e1s, incluidos Pa\u00edses bajos, Dinamarca, Francia, Inglaterra y Alemania.\u00a0<\/span><\/p>\n<p>&nbsp;<\/p>\n<p><span style=\"font-weight: 400;\">Ese d\u00eda, el velero Amersfoort de la Compa\u00f1\u00eda Holandesa de las Indias Orientales ancl\u00f3 con un \u00abcargamento\u00bb de esclavos negros en la bah\u00eda de Tabel, 50 kil\u00f3metros al norte del cabo de Buena Esperanza, cerca del primer asentamiento de europeos en Sud\u00e1frica, fundado en 1652.\u00a0<\/span><\/p>\n<p>&nbsp;<\/p>\n<p><span style=\"font-weight: 400;\">El transporte de esclavos se realizaba en condiciones inhumanas: en terribles condiciones de hacinamiento, con calor y escasa comida. Era una pr\u00e1ctica habitual. Solo 174 esclavos sobrevivieron hasta su destino. De los 38 hombres y 37 mujeres que quedaron, 21 hombres y 22 mujeres fueron enviados al campo, mientras que otros fueron entregados a la compa\u00f1\u00eda. Los esclavos restantes fueron enviados pronto a la isla de Java.<\/span><\/p>\n","protected":false},"excerpt":{"rendered":"<p>El 28 de marzo de 1658 comenz\u00f3 la triste historia de la esclavitud en \u00c1frica. Los espa\u00f1oles y portugueses fueron los mayores contribuyentes a la primera etapa de exploraci\u00f3n del continente. Pero el resto de potencias europeas occidentales tampoco se qued\u00f3 atr\u00e1s, incluidos Pa\u00edses bajos, Dinamarca, Francia, Inglaterra y Alemania.\u00a0<\/p>\n","protected":false},"author":1,"featured_media":15479,"comment_status":"open","ping_status":"closed","sticky":false,"template":"","format":"standard","meta":{"footnotes":""},"categories":[154,10],"tags":[],"class_list":["post-15478","post","type-post","status-publish","format-standard","has-post-thumbnail","hentry","category-ddhh","category-historia"],"yoast_head":"<!-- This site is optimized with the Yoast SEO plugin v25.0 - https:\/\/yoast.com\/wordpress\/plugins\/seo\/ -->\n<title>Cuando Europa Inici\u00f3 La Esclavitud De \u00c1frica - Nuestro Bio B\u00edo<\/title>\n<meta name=\"description\" content=\"El 28 de marzo de 1658 comenz\u00f3 la triste historia de la esclavitud en \u00c1frica. Los espa\u00f1oles y portugueses fueron los mayores contribuyentes a la primera etapa de exploraci\u00f3n del continente. Pero el resto de potencias europeas occidentales tampoco se qued\u00f3 atr\u00e1s, incluidos Pa\u00edses bajos, Dinamarca, Francia, Inglaterra y Alemania.\u00a0\" \/>\n<meta name=\"robots\" content=\"index, follow, max-snippet:-1, max-image-preview:large, max-video-preview:-1\" \/>\n<link rel=\"canonical\" href=\"https:\/\/www.fraczinet.cl\/sitio\/2023\/12\/03\/cuando-europa-inicio-la-esclavitud-de-africa\/\" \/>\n<meta property=\"og:locale\" content=\"es_ES\" \/>\n<meta property=\"og:type\" content=\"article\" \/>\n<meta property=\"og:title\" content=\"Cuando Europa Inici\u00f3 La Esclavitud De \u00c1frica - Nuestro Bio B\u00edo\" \/>\n<meta property=\"og:description\" content=\"El 28 de marzo de 1658 comenz\u00f3 la triste historia de la esclavitud en \u00c1frica. Los espa\u00f1oles y portugueses fueron los mayores contribuyentes a la primera etapa de exploraci\u00f3n del continente. Pero el resto de potencias europeas occidentales tampoco se qued\u00f3 atr\u00e1s, incluidos Pa\u00edses bajos, Dinamarca, Francia, Inglaterra y Alemania.\u00a0\" \/>\n<meta property=\"og:url\" content=\"https:\/\/www.fraczinet.cl\/sitio\/2023\/12\/03\/cuando-europa-inicio-la-esclavitud-de-africa\/\" \/>\n<meta property=\"og:site_name\" content=\"Nuestro Bio B\u00edo\" \/>\n<meta property=\"article:published_time\" content=\"2023-12-03T00:46:46+00:00\" \/>\n<meta property=\"og:image\" content=\"https:\/\/www.fraczinet.cl\/sitio\/wp-content\/uploads\/2023\/12\/esclavitud.jpeg\" \/>\n\t<meta property=\"og:image:width\" content=\"1600\" \/>\n\t<meta property=\"og:image:height\" content=\"900\" \/>\n\t<meta property=\"og:image:type\" content=\"image\/jpeg\" \/>\n<meta name=\"author\" content=\"admin\" \/>\n<meta name=\"twitter:card\" content=\"summary_large_image\" \/>\n<meta name=\"twitter:creator\" content=\"@nuestrobiobio\" \/>\n<meta name=\"twitter:site\" content=\"@nuestrobiobio\" \/>\n<meta name=\"twitter:label1\" content=\"Escrito por\" \/>\n\t<meta name=\"twitter:data1\" content=\"admin\" \/>\n\t<meta name=\"twitter:label2\" content=\"Tiempo de lectura\" \/>\n\t<meta name=\"twitter:data2\" content=\"1 minuto\" \/>\n<script type=\"application\/ld+json\" class=\"yoast-schema-graph\">{\"@context\":\"https:\/\/schema.org\",\"@graph\":[{\"@type\":\"Article\",\"@id\":\"https:\/\/www.fraczinet.cl\/sitio\/2023\/12\/03\/cuando-europa-inicio-la-esclavitud-de-africa\/#article\",\"isPartOf\":{\"@id\":\"https:\/\/www.fraczinet.cl\/sitio\/2023\/12\/03\/cuando-europa-inicio-la-esclavitud-de-africa\/\"},\"author\":{\"name\":\"admin\",\"@id\":\"https:\/\/www.fraczinet.cl\/sitio\/#\/schema\/person\/bc30f98e9cb10ae7e119dbe14bc93784\"},\"headline\":\"Cuando Europa Inici\u00f3 La Esclavitud De \u00c1frica\",\"datePublished\":\"2023-12-03T00:46:46+00:00\",\"mainEntityOfPage\":{\"@id\":\"https:\/\/www.fraczinet.cl\/sitio\/2023\/12\/03\/cuando-europa-inicio-la-esclavitud-de-africa\/\"},\"wordCount\":174,\"commentCount\":0,\"publisher\":{\"@id\":\"https:\/\/www.fraczinet.cl\/sitio\/#\/schema\/person\/aec8ee4da68df2b9b0eefdad24a0d582\"},\"image\":{\"@id\":\"https:\/\/www.fraczinet.cl\/sitio\/2023\/12\/03\/cuando-europa-inicio-la-esclavitud-de-africa\/#primaryimage\"},\"thumbnailUrl\":\"https:\/\/www.fraczinet.cl\/sitio\/wp-content\/uploads\/2023\/12\/esclavitud.jpeg\",\"articleSection\":[\"DDHH\",\"Historia\"],\"inLanguage\":\"es\",\"potentialAction\":[{\"@type\":\"CommentAction\",\"name\":\"Comment\",\"target\":[\"https:\/\/www.fraczinet.cl\/sitio\/2023\/12\/03\/cuando-europa-inicio-la-esclavitud-de-africa\/#respond\"]}]},{\"@type\":\"WebPage\",\"@id\":\"https:\/\/www.fraczinet.cl\/sitio\/2023\/12\/03\/cuando-europa-inicio-la-esclavitud-de-africa\/\",\"url\":\"https:\/\/www.fraczinet.cl\/sitio\/2023\/12\/03\/cuando-europa-inicio-la-esclavitud-de-africa\/\",\"name\":\"Cuando Europa Inici\u00f3 La Esclavitud De \u00c1frica - Nuestro Bio B\u00edo\",\"isPartOf\":{\"@id\":\"https:\/\/www.fraczinet.cl\/sitio\/#website\"},\"primaryImageOfPage\":{\"@id\":\"https:\/\/www.fraczinet.cl\/sitio\/2023\/12\/03\/cuando-europa-inicio-la-esclavitud-de-africa\/#primaryimage\"},\"image\":{\"@id\":\"https:\/\/www.fraczinet.cl\/sitio\/2023\/12\/03\/cuando-europa-inicio-la-esclavitud-de-africa\/#primaryimage\"},\"thumbnailUrl\":\"https:\/\/www.fraczinet.cl\/sitio\/wp-content\/uploads\/2023\/12\/esclavitud.jpeg\",\"datePublished\":\"2023-12-03T00:46:46+00:00\",\"description\":\"El 28 de marzo de 1658 comenz\u00f3 la triste historia de la esclavitud en \u00c1frica. Los espa\u00f1oles y portugueses fueron los mayores contribuyentes a la primera etapa de exploraci\u00f3n del continente. Pero el resto de potencias europeas occidentales tampoco se qued\u00f3 atr\u00e1s, incluidos Pa\u00edses bajos, Dinamarca, Francia, Inglaterra y Alemania.\u00a0\",\"breadcrumb\":{\"@id\":\"https:\/\/www.fraczinet.cl\/sitio\/2023\/12\/03\/cuando-europa-inicio-la-esclavitud-de-africa\/#breadcrumb\"},\"inLanguage\":\"es\",\"potentialAction\":[{\"@type\":\"ReadAction\",\"target\":[\"https:\/\/www.fraczinet.cl\/sitio\/2023\/12\/03\/cuando-europa-inicio-la-esclavitud-de-africa\/\"]}]},{\"@type\":\"ImageObject\",\"inLanguage\":\"es\",\"@id\":\"https:\/\/www.fraczinet.cl\/sitio\/2023\/12\/03\/cuando-europa-inicio-la-esclavitud-de-africa\/#primaryimage\",\"url\":\"https:\/\/www.fraczinet.cl\/sitio\/wp-content\/uploads\/2023\/12\/esclavitud.jpeg\",\"contentUrl\":\"https:\/\/www.fraczinet.cl\/sitio\/wp-content\/uploads\/2023\/12\/esclavitud.jpeg\",\"width\":1600,\"height\":900},{\"@type\":\"BreadcrumbList\",\"@id\":\"https:\/\/www.fraczinet.cl\/sitio\/2023\/12\/03\/cuando-europa-inicio-la-esclavitud-de-africa\/#breadcrumb\",\"itemListElement\":[{\"@type\":\"ListItem\",\"position\":1,\"name\":\"Portada\",\"item\":\"https:\/\/www.fraczinet.cl\/sitio\/\"},{\"@type\":\"ListItem\",\"position\":2,\"name\":\"Cuando Europa Inici\u00f3 La Esclavitud De \u00c1frica\"}]},{\"@type\":\"WebSite\",\"@id\":\"https:\/\/www.fraczinet.cl\/sitio\/#website\",\"url\":\"https:\/\/www.fraczinet.cl\/sitio\/\",\"name\":\"Nuestro Bio B\u00edo\",\"description\":\"Tierra de Encuentros\",\"publisher\":{\"@id\":\"https:\/\/www.fraczinet.cl\/sitio\/#\/schema\/person\/aec8ee4da68df2b9b0eefdad24a0d582\"},\"potentialAction\":[{\"@type\":\"SearchAction\",\"target\":{\"@type\":\"EntryPoint\",\"urlTemplate\":\"https:\/\/www.fraczinet.cl\/sitio\/?s={search_term_string}\"},\"query-input\":{\"@type\":\"PropertyValueSpecification\",\"valueRequired\":true,\"valueName\":\"search_term_string\"}}],\"inLanguage\":\"es\"},{\"@type\":[\"Person\",\"Organization\"],\"@id\":\"https:\/\/www.fraczinet.cl\/sitio\/#\/schema\/person\/aec8ee4da68df2b9b0eefdad24a0d582\",\"name\":\"Luis Fernando Fraczinet\",\"image\":{\"@type\":\"ImageObject\",\"inLanguage\":\"es\",\"@id\":\"https:\/\/www.fraczinet.cl\/sitio\/#\/schema\/person\/image\/\",\"url\":\"https:\/\/www.fraczinet.cl\/sitio\/wp-content\/uploads\/2021\/07\/bannerlogo-1.gif\",\"contentUrl\":\"https:\/\/www.fraczinet.cl\/sitio\/wp-content\/uploads\/2021\/07\/bannerlogo-1.gif\",\"width\":159,\"height\":79,\"caption\":\"Luis Fernando Fraczinet\"},\"logo\":{\"@id\":\"https:\/\/www.fraczinet.cl\/sitio\/#\/schema\/person\/image\/\"},\"sameAs\":[\"https:\/\/www.fraczinet.cl\/sitio\/\"]},{\"@type\":\"Person\",\"@id\":\"https:\/\/www.fraczinet.cl\/sitio\/#\/schema\/person\/bc30f98e9cb10ae7e119dbe14bc93784\",\"name\":\"admin\",\"image\":{\"@type\":\"ImageObject\",\"inLanguage\":\"es\",\"@id\":\"https:\/\/www.fraczinet.cl\/sitio\/#\/schema\/person\/image\/\",\"url\":\"https:\/\/secure.gravatar.com\/avatar\/d5ad3cf7ef3b23a2bb5be73be780c86b2fc8545c3ad6b149f3913ff458c00099?s=96&d=mm&r=g\",\"contentUrl\":\"https:\/\/secure.gravatar.com\/avatar\/d5ad3cf7ef3b23a2bb5be73be780c86b2fc8545c3ad6b149f3913ff458c00099?s=96&d=mm&r=g\",\"caption\":\"admin\"},\"sameAs\":[\"https:\/\/www.fraczinet.cl\/sitio\"]}]}<\/script>\n<!-- \/ Yoast SEO plugin. -->","yoast_head_json":{"title":"Cuando Europa Inici\u00f3 La Esclavitud De \u00c1frica - Nuestro Bio B\u00edo","description":"El 28 de marzo de 1658 comenz\u00f3 la triste historia de la esclavitud en \u00c1frica. Los espa\u00f1oles y portugueses fueron los mayores contribuyentes a la primera etapa de exploraci\u00f3n del continente. Pero el resto de potencias europeas occidentales tampoco se qued\u00f3 atr\u00e1s, incluidos Pa\u00edses bajos, Dinamarca, Francia, Inglaterra y Alemania.\u00a0","robots":{"index":"index","follow":"follow","max-snippet":"max-snippet:-1","max-image-preview":"max-image-preview:large","max-video-preview":"max-video-preview:-1"},"canonical":"https:\/\/www.fraczinet.cl\/sitio\/2023\/12\/03\/cuando-europa-inicio-la-esclavitud-de-africa\/","og_locale":"es_ES","og_type":"article","og_title":"Cuando Europa Inici\u00f3 La Esclavitud De \u00c1frica - Nuestro Bio B\u00edo","og_description":"El 28 de marzo de 1658 comenz\u00f3 la triste historia de la esclavitud en \u00c1frica. Los espa\u00f1oles y portugueses fueron los mayores contribuyentes a la primera etapa de exploraci\u00f3n del continente. Pero el resto de potencias europeas occidentales tampoco se qued\u00f3 atr\u00e1s, incluidos Pa\u00edses bajos, Dinamarca, Francia, Inglaterra y Alemania.\u00a0","og_url":"https:\/\/www.fraczinet.cl\/sitio\/2023\/12\/03\/cuando-europa-inicio-la-esclavitud-de-africa\/","og_site_name":"Nuestro Bio B\u00edo","article_published_time":"2023-12-03T00:46:46+00:00","og_image":[{"width":1600,"height":900,"url":"https:\/\/www.fraczinet.cl\/sitio\/wp-content\/uploads\/2023\/12\/esclavitud.jpeg","type":"image\/jpeg"}],"author":"admin","twitter_card":"summary_large_image","twitter_creator":"@nuestrobiobio","twitter_site":"@nuestrobiobio","twitter_misc":{"Escrito por":"admin","Tiempo de lectura":"1 minuto"},"schema":{"@context":"https:\/\/schema.org","@graph":[{"@type":"Article","@id":"https:\/\/www.fraczinet.cl\/sitio\/2023\/12\/03\/cuando-europa-inicio-la-esclavitud-de-africa\/#article","isPartOf":{"@id":"https:\/\/www.fraczinet.cl\/sitio\/2023\/12\/03\/cuando-europa-inicio-la-esclavitud-de-africa\/"},"author":{"name":"admin","@id":"https:\/\/www.fraczinet.cl\/sitio\/#\/schema\/person\/bc30f98e9cb10ae7e119dbe14bc93784"},"headline":"Cuando Europa Inici\u00f3 La Esclavitud De \u00c1frica","datePublished":"2023-12-03T00:46:46+00:00","mainEntityOfPage":{"@id":"https:\/\/www.fraczinet.cl\/sitio\/2023\/12\/03\/cuando-europa-inicio-la-esclavitud-de-africa\/"},"wordCount":174,"commentCount":0,"publisher":{"@id":"https:\/\/www.fraczinet.cl\/sitio\/#\/schema\/person\/aec8ee4da68df2b9b0eefdad24a0d582"},"image":{"@id":"https:\/\/www.fraczinet.cl\/sitio\/2023\/12\/03\/cuando-europa-inicio-la-esclavitud-de-africa\/#primaryimage"},"thumbnailUrl":"https:\/\/www.fraczinet.cl\/sitio\/wp-content\/uploads\/2023\/12\/esclavitud.jpeg","articleSection":["DDHH","Historia"],"inLanguage":"es","potentialAction":[{"@type":"CommentAction","name":"Comment","target":["https:\/\/www.fraczinet.cl\/sitio\/2023\/12\/03\/cuando-europa-inicio-la-esclavitud-de-africa\/#respond"]}]},{"@type":"WebPage","@id":"https:\/\/www.fraczinet.cl\/sitio\/2023\/12\/03\/cuando-europa-inicio-la-esclavitud-de-africa\/","url":"https:\/\/www.fraczinet.cl\/sitio\/2023\/12\/03\/cuando-europa-inicio-la-esclavitud-de-africa\/","name":"Cuando Europa Inici\u00f3 La Esclavitud De \u00c1frica - Nuestro Bio B\u00edo","isPartOf":{"@id":"https:\/\/www.fraczinet.cl\/sitio\/#website"},"primaryImageOfPage":{"@id":"https:\/\/www.fraczinet.cl\/sitio\/2023\/12\/03\/cuando-europa-inicio-la-esclavitud-de-africa\/#primaryimage"},"image":{"@id":"https:\/\/www.fraczinet.cl\/sitio\/2023\/12\/03\/cuando-europa-inicio-la-esclavitud-de-africa\/#primaryimage"},"thumbnailUrl":"https:\/\/www.fraczinet.cl\/sitio\/wp-content\/uploads\/2023\/12\/esclavitud.jpeg","datePublished":"2023-12-03T00:46:46+00:00","description":"El 28 de marzo de 1658 comenz\u00f3 la triste historia de la esclavitud en \u00c1frica. Los espa\u00f1oles y portugueses fueron los mayores contribuyentes a la primera etapa de exploraci\u00f3n del continente. Pero el resto de potencias europeas occidentales tampoco se qued\u00f3 atr\u00e1s, incluidos Pa\u00edses bajos, Dinamarca, Francia, Inglaterra y Alemania.\u00a0","breadcrumb":{"@id":"https:\/\/www.fraczinet.cl\/sitio\/2023\/12\/03\/cuando-europa-inicio-la-esclavitud-de-africa\/#breadcrumb"},"inLanguage":"es","potentialAction":[{"@type":"ReadAction","target":["https:\/\/www.fraczinet.cl\/sitio\/2023\/12\/03\/cuando-europa-inicio-la-esclavitud-de-africa\/"]}]},{"@type":"ImageObject","inLanguage":"es","@id":"https:\/\/www.fraczinet.cl\/sitio\/2023\/12\/03\/cuando-europa-inicio-la-esclavitud-de-africa\/#primaryimage","url":"https:\/\/www.fraczinet.cl\/sitio\/wp-content\/uploads\/2023\/12\/esclavitud.jpeg","contentUrl":"https:\/\/www.fraczinet.cl\/sitio\/wp-content\/uploads\/2023\/12\/esclavitud.jpeg","width":1600,"height":900},{"@type":"BreadcrumbList","@id":"https:\/\/www.fraczinet.cl\/sitio\/2023\/12\/03\/cuando-europa-inicio-la-esclavitud-de-africa\/#breadcrumb","itemListElement":[{"@type":"ListItem","position":1,"name":"Portada","item":"https:\/\/www.fraczinet.cl\/sitio\/"},{"@type":"ListItem","position":2,"name":"Cuando Europa Inici\u00f3 La Esclavitud De \u00c1frica"}]},{"@type":"WebSite","@id":"https:\/\/www.fraczinet.cl\/sitio\/#website","url":"https:\/\/www.fraczinet.cl\/sitio\/","name":"Nuestro Bio B\u00edo","description":"Tierra de Encuentros","publisher":{"@id":"https:\/\/www.fraczinet.cl\/sitio\/#\/schema\/person\/aec8ee4da68df2b9b0eefdad24a0d582"},"potentialAction":[{"@type":"SearchAction","target":{"@type":"EntryPoint","urlTemplate":"https:\/\/www.fraczinet.cl\/sitio\/?s={search_term_string}"},"query-input":{"@type":"PropertyValueSpecification","valueRequired":true,"valueName":"search_term_string"}}],"inLanguage":"es"},{"@type":["Person","Organization"],"@id":"https:\/\/www.fraczinet.cl\/sitio\/#\/schema\/person\/aec8ee4da68df2b9b0eefdad24a0d582","name":"Luis Fernando Fraczinet","image":{"@type":"ImageObject","inLanguage":"es","@id":"https:\/\/www.fraczinet.cl\/sitio\/#\/schema\/person\/image\/","url":"https:\/\/www.fraczinet.cl\/sitio\/wp-content\/uploads\/2021\/07\/bannerlogo-1.gif","contentUrl":"https:\/\/www.fraczinet.cl\/sitio\/wp-content\/uploads\/2021\/07\/bannerlogo-1.gif","width":159,"height":79,"caption":"Luis Fernando Fraczinet"},"logo":{"@id":"https:\/\/www.fraczinet.cl\/sitio\/#\/schema\/person\/image\/"},"sameAs":["https:\/\/www.fraczinet.cl\/sitio\/"]},{"@type":"Person","@id":"https:\/\/www.fraczinet.cl\/sitio\/#\/schema\/person\/bc30f98e9cb10ae7e119dbe14bc93784","name":"admin","image":{"@type":"ImageObject","inLanguage":"es","@id":"https:\/\/www.fraczinet.cl\/sitio\/#\/schema\/person\/image\/","url":"https:\/\/secure.gravatar.com\/avatar\/d5ad3cf7ef3b23a2bb5be73be780c86b2fc8545c3ad6b149f3913ff458c00099?s=96&d=mm&r=g","contentUrl":"https:\/\/secure.gravatar.com\/avatar\/d5ad3cf7ef3b23a2bb5be73be780c86b2fc8545c3ad6b149f3913ff458c00099?s=96&d=mm&r=g","caption":"admin"},"sameAs":["https:\/\/www.fraczinet.cl\/sitio"]}]}},"_links":{"self":[{"href":"https:\/\/www.fraczinet.cl\/sitio\/wp-json\/wp\/v2\/posts\/15478","targetHints":{"allow":["GET"]}}],"collection":[{"href":"https:\/\/www.fraczinet.cl\/sitio\/wp-json\/wp\/v2\/posts"}],"about":[{"href":"https:\/\/www.fraczinet.cl\/sitio\/wp-json\/wp\/v2\/types\/post"}],"author":[{"embeddable":true,"href":"https:\/\/www.fraczinet.cl\/sitio\/wp-json\/wp\/v2\/users\/1"}],"replies":[{"embeddable":true,"href":"https:\/\/www.fraczinet.cl\/sitio\/wp-json\/wp\/v2\/comments?post=15478"}],"version-history":[{"count":1,"href":"https:\/\/www.fraczinet.cl\/sitio\/wp-json\/wp\/v2\/posts\/15478\/revisions"}],"predecessor-version":[{"id":15480,"href":"https:\/\/www.fraczinet.cl\/sitio\/wp-json\/wp\/v2\/posts\/15478\/revisions\/15480"}],"wp:featuredmedia":[{"embeddable":true,"href":"https:\/\/www.fraczinet.cl\/sitio\/wp-json\/wp\/v2\/media\/15479"}],"wp:attachment":[{"href":"https:\/\/www.fraczinet.cl\/sitio\/wp-json\/wp\/v2\/media?parent=15478"}],"wp:term":[{"taxonomy":"category","embeddable":true,"href":"https:\/\/www.fraczinet.cl\/sitio\/wp-json\/wp\/v2\/categories?post=15478"},{"taxonomy":"post_tag","embeddable":true,"href":"https:\/\/www.fraczinet.cl\/sitio\/wp-json\/wp\/v2\/tags?post=15478"}],"curies":[{"name":"wp","href":"https:\/\/api.w.org\/{rel}","templated":true}]}}