{"id":15514,"date":"2023-12-22T00:11:36","date_gmt":"2023-12-22T00:11:36","guid":{"rendered":"https:\/\/www.fraczinet.cl\/sitio\/?p=15514"},"modified":"2024-01-29T15:07:29","modified_gmt":"2024-01-29T15:07:29","slug":"a-116-anos-desde-la-matanza-de-la-escuela-santa-maria-de-iquique","status":"publish","type":"post","link":"https:\/\/www.fraczinet.cl\/sitio\/2023\/12\/22\/a-116-anos-desde-la-matanza-de-la-escuela-santa-maria-de-iquique\/","title":{"rendered":"A 116 A\u00f1os Desde La Matanza De La Escuela Santa Mar\u00eda De Iquique"},"content":{"rendered":"<h4><em><strong>Se\u00f1oras y Se\u00f1ores, venimos a contar, aquello que la historia no quiere recordar<\/strong><\/em><\/h4>\n<h4><em><strong>Pas\u00f3 en el Norte Grande, fue Iquique la ciudad. Mil novecientos siete marc\u00f3 fatalidad.<\/strong><\/em><\/h4>\n<h4><em><strong>All\u00ed al pampino pobre mataron por matar&#8230;<\/strong><\/em><\/h4>\n<p>&nbsp;<\/p>\n<p><span style=\"font-weight: 400;\">Por Andr\u00e9s Figueroa Cornejo<\/span><\/p>\n<p><strong><em>\u00abTenemos razones puras, tenemos por qu\u00e9 pelear\u00bb<\/em> (Luis Advis)<\/strong><\/p>\n<p>&nbsp;<\/p>\n<p><span style=\"font-weight: 400;\"><img fetchpriority=\"high\" decoding=\"async\" class=\"size-medium wp-image-15515 alignleft\" src=\"https:\/\/www.fraczinet.cl\/sitio\/wp-content\/uploads\/2023\/12\/escuela-santa-maria-de-iquique-300x178.jpg\" alt=\"\" width=\"300\" height=\"178\" srcset=\"https:\/\/www.fraczinet.cl\/sitio\/wp-content\/uploads\/2023\/12\/escuela-santa-maria-de-iquique-300x178.jpg 300w, https:\/\/www.fraczinet.cl\/sitio\/wp-content\/uploads\/2023\/12\/escuela-santa-maria-de-iquique.jpg 600w\" sizes=\"(max-width: 300px) 100vw, 300px\" \/>El 21 de diciembre de 1907, hace 116 a\u00f1os, miles de trabajadores salitreros y sus familias en huelga fueron asesinados por el ej\u00e9rcito de Chile. En la matanza de la Escuela Santa Mar\u00eda de Iquique cayeron bajo las r\u00e1fagas de la oligarqu\u00eda y el colonialismo brit\u00e1nico obreros chilenos, peruanos, bolivianos y de distintas nacionalidades.<\/span><\/p>\n<p>&nbsp;<\/p>\n<p><span style=\"font-weight: 400;\">7 a\u00f1os luego de la masacre, el anarquista Antonio Ram\u00f3n Ram\u00f3n intent\u00f3 ajusticiar al general Silva Renard, quien encabez\u00f3 la matanza donde fue asesinado su hermano Manuel Vaca. Ram\u00f3n Ram\u00f3n fue capturado y encarcelado, y muri\u00f3 una d\u00e9cada despu\u00e9s.<\/span><\/p>\n<p>&nbsp;<\/p>\n<p><span style=\"font-weight: 400;\">Durante la ma\u00f1ana de este 21 de diciembre de 2023, dirigentes sindicales de la Central de Clase o Clasista de Trabajadores y Trabajadoras se apostaron en las puertas de la Comandancia en Jefe del Ej\u00e9rcito de Chile, plantada junto al Parque O\u00b4Higgins en Santiago, con el prop\u00f3sito de conmemorar y condenar a los militares, mano homicida de los intereses de la minor\u00eda rica en el pa\u00eds andino, y responsable de los innumerables cr\u00edmenes en masa cometidos contra el pueblo trabajador.<\/span><\/p>\n<p>&nbsp;<\/p>\n<p><span style=\"font-weight: 400;\">Al respecto, el dirigente sindical de la Federaci\u00f3n Centro Sur del retail, Santiago Mart\u00ednez, indic\u00f3:<\/span><\/p>\n<p>&nbsp;<\/p>\n<p><span style=\"font-weight: 400;\">\u00abA lo largo de nuestra historia, los uniformados se han comportado como guardia pretoriana de las clases pudientes. Son miles los trabajadores y trabajadoras que han sido asesinadas en las movilizaciones obreras y populares. Esto se suma a las barbaries cometidas contra los pueblos originarios. Algunas de ellas son la Masacre de Lo Ca\u00f1as, Santiago 1891; Mitin de la Carne, Santiago 1905; Plaza Col\u00f3n, Antofagasta 1906; Escuela Santa Mar\u00eda de Iquique 1907; Matanza de Forrahue, Osorno 1912; Sede de la FOM, Punta Arenas 1920; San Gregorio, Antofagasta 1921; Marusia, Antofagasta 1925; La Coru\u00f1a, Tarapac\u00e1 1925; Ranquil, Malleco 1934; Plaza Bulnes, Santiago 1946; Jos\u00e9 Mar\u00eda Caro, Santiago 1962; El Salvador, Diego de Almagro 1966; Puerto Montt 1969; a las que se suman las incontables matanzas durante la dictadura terrorista de Pinochet, y en el estallido social del 2019\u00bb,<\/span><\/p>\n<p>&nbsp;<\/p>\n<p><span style=\"font-weight: 400;\">y agreg\u00f3:<\/span><\/p>\n<p>&nbsp;<\/p>\n<p><span style=\"font-weight: 400;\">\u00abChile y sus trabajadoras y trabajadores necesitan unas verdaderas Fuerzas Armadas, patri\u00f3ticas, con honor, limpias de asesinatos, robos y corrupci\u00f3n. S\u00f3lo as\u00ed podremos tener soberan\u00eda popular\u00bb.<\/span><\/p>\n<p>&nbsp;<\/p>\n<p><span style=\"font-weight: 400;\">Por su parte, el representante del Sindicato de Trabajadores de la Importadora Caf\u00e9 do Brasil, Miguel M\u00e9ndez, explic\u00f3 que \u00ablo importante es que nuestras bases conozcan lo que ha ocurrido a lo largo de nuestra historia de clase. La dificultades vienen de aquellos dirigentes que ni siquiera recuerdan toda la sangre que nos ha costado llegar hasta aqu\u00ed\u00bb.<\/span><\/p>\n<p>&nbsp;<\/p>\n<p><span style=\"font-weight: 400;\">\u00d3scar Jim\u00e9nez es director del Sindicato Interempresa Sintraces del rubro de las telecomunicaciones. Y mientras con un rabillo del ojo jam\u00e1s se distrajo de la guardia militar momificada en el ingreso a las dependencias de la Comandancia en Jefe del Ej\u00e9rcito, precis\u00f3 que \u00absin justicia no hay paz. Venimos a evocar que a trav\u00e9s de la lucha de clases los trabajadores somos quienes terminamos poniendo los cuerpos. Por eso queremos hacer pol\u00edtica, que nuestra gente sepa que nosotros tambi\u00e9n hacemos pol\u00edtica, y que la pol\u00edtica no es propiedad de unos pocos\u00bb.<\/span><\/p>\n<p>&nbsp;<\/p>\n<p><span style=\"font-weight: 400;\">Acompa\u00f1\u00f3 la acci\u00f3n Jos\u00e9 Amaro Seguel, una de las personas que sufri\u00f3 la amputaci\u00f3n de uno de sus ojos y parte de la mand\u00edbula por municiones de militares, durante la revuelta popular, el 1 de agosto de 2020, en la comuna metropolitana de Pe\u00f1alol\u00e9n, en el cruce de las calles Grecia con Tobalaba. Su situaci\u00f3n se agrav\u00f3 todav\u00eda m\u00e1s cuando hace un a\u00f1o, en el entorno de Plaza Dignidad y en medio de la represi\u00f3n de la polic\u00eda militar, cay\u00f3 a la ribera del Mapocho desde varios metros de altura. Ello ha provocado que hoy deba usar muletas para desplazarse.<\/span><\/p>\n<p>&nbsp;<\/p>\n<p><span style=\"font-weight: 400;\">\u00abLos militares no tienen valor ni gloria\u00bb, sentenci\u00f3 Jos\u00e9 Amaro y a\u00f1adi\u00f3 que \u00abs\u00f3lo se han dedicado a matar trabajadores y pobres cada vez que luchamos por mejoras b\u00e1sicas y justicia social\u00bb.<\/span><\/p>\n<p>&nbsp;<\/p>\n<p><span style=\"font-weight: 400;\">\u00abMe siento como un sobreviviente contempor\u00e1neo de la matanza de la escuela Santa Mar\u00eda de Iquique\u00bb, dijo Amaro.<\/span><\/p>\n<p>&nbsp;<\/p>\n<p><span style=\"font-weight: 400;\">La canci\u00f3n final de la cantata creada por Luis Advis y dedicada a la matanza de la escuela Santa Mar\u00eda de Iquique dice:<\/span><\/p>\n<p>&nbsp;<\/p>\n<p><span style=\"font-weight: 400;\">\u00abQuiz\u00e1s ma\u00f1ana o pasado, o bien en un tiempo m\u00e1s, la historia que han escuchado de nuevo suceder\u00e1. Es Chile un pa\u00eds tan largo, mil cosas pueden pasar si es que no nos preparamos resueltos para luchar\u00bb.<\/span><\/p>\n<p>&nbsp;<\/p>\n<p><span style=\"font-weight: 400;\">\u00bfY estamos preparados?<\/span><\/p>\n<p>&nbsp;<\/p>\n<p><span style=\"font-weight: 400;\">\u00abEse es nuestro problema. La memoria. Nuestra mala memoria\u00bb.<\/span><\/p>\n<p>&nbsp;<\/p>\n<p><strong>Fuente: Politika | diarioelect.politika@gmail.com<\/strong><\/p>\n","protected":false},"excerpt":{"rendered":"<p>El 21 de diciembre de 1907, hace 116 a\u00f1os, miles de trabajadores salitreros y sus familias en huelga fueron asesinados por el ej\u00e9rcito de Chile. En la matanza de la Escuela Santa Mar\u00eda de Iquique cayeron bajo las r\u00e1fagas de la oligarqu\u00eda y el colonialismo brit\u00e1nico obreros chilenos, peruanos, bolivianos y de distintas nacionalidades.<\/p>\n","protected":false},"author":1,"featured_media":15583,"comment_status":"open","ping_status":"closed","sticky":false,"template":"","format":"standard","meta":{"footnotes":""},"categories":[154,10,112],"tags":[],"class_list":["post-15514","post","type-post","status-publish","format-standard","has-post-thumbnail","hentry","category-ddhh","category-historia","category-opinion"],"yoast_head":"<!-- This site is optimized with the Yoast SEO plugin v25.0 - https:\/\/yoast.com\/wordpress\/plugins\/seo\/ -->\n<title>A 116 A\u00f1os Desde La Matanza De La Escuela Santa Mar\u00eda De Iquique - Nuestro Bio B\u00edo<\/title>\n<meta name=\"description\" content=\"El 21 de diciembre de 1907, hace 116 a\u00f1os, miles de trabajadores salitreros y sus familias en huelga fueron asesinados por el ej\u00e9rcito de Chile. En la matanza de la Escuela Santa Mar\u00eda de Iquique cayeron bajo las r\u00e1fagas de la oligarqu\u00eda y el colonialismo brit\u00e1nico obreros chilenos, peruanos, bolivianos y de distintas nacionalidades.\" \/>\n<meta name=\"robots\" content=\"index, follow, max-snippet:-1, max-image-preview:large, max-video-preview:-1\" \/>\n<link rel=\"canonical\" href=\"https:\/\/www.fraczinet.cl\/sitio\/2023\/12\/22\/a-116-anos-desde-la-matanza-de-la-escuela-santa-maria-de-iquique\/\" \/>\n<meta property=\"og:locale\" content=\"es_ES\" \/>\n<meta property=\"og:type\" content=\"article\" \/>\n<meta property=\"og:title\" content=\"A 116 A\u00f1os Desde La Matanza De La Escuela Santa Mar\u00eda De Iquique - Nuestro Bio B\u00edo\" \/>\n<meta property=\"og:description\" content=\"El 21 de diciembre de 1907, hace 116 a\u00f1os, miles de trabajadores salitreros y sus familias en huelga fueron asesinados por el ej\u00e9rcito de Chile. En la matanza de la Escuela Santa Mar\u00eda de Iquique cayeron bajo las r\u00e1fagas de la oligarqu\u00eda y el colonialismo brit\u00e1nico obreros chilenos, peruanos, bolivianos y de distintas nacionalidades.\" \/>\n<meta property=\"og:url\" content=\"https:\/\/www.fraczinet.cl\/sitio\/2023\/12\/22\/a-116-anos-desde-la-matanza-de-la-escuela-santa-maria-de-iquique\/\" \/>\n<meta property=\"og:site_name\" content=\"Nuestro Bio B\u00edo\" \/>\n<meta property=\"article:published_time\" content=\"2023-12-22T00:11:36+00:00\" \/>\n<meta property=\"article:modified_time\" content=\"2024-01-29T15:07:29+00:00\" \/>\n<meta property=\"og:image\" content=\"https:\/\/www.fraczinet.cl\/sitio\/wp-content\/uploads\/2023\/12\/escuela-santa-maria-de-iquique.webp\" \/>\n\t<meta property=\"og:image:width\" content=\"600\" \/>\n\t<meta property=\"og:image:height\" content=\"355\" \/>\n\t<meta property=\"og:image:type\" content=\"image\/webp\" \/>\n<meta name=\"author\" content=\"admin\" \/>\n<meta name=\"twitter:card\" content=\"summary_large_image\" \/>\n<meta name=\"twitter:creator\" content=\"@nuestrobiobio\" \/>\n<meta name=\"twitter:site\" content=\"@nuestrobiobio\" \/>\n<meta name=\"twitter:label1\" content=\"Escrito por\" \/>\n\t<meta name=\"twitter:data1\" content=\"admin\" \/>\n\t<meta name=\"twitter:label2\" content=\"Tiempo de lectura\" \/>\n\t<meta name=\"twitter:data2\" content=\"4 minutos\" \/>\n<script type=\"application\/ld+json\" class=\"yoast-schema-graph\">{\"@context\":\"https:\/\/schema.org\",\"@graph\":[{\"@type\":\"Article\",\"@id\":\"https:\/\/www.fraczinet.cl\/sitio\/2023\/12\/22\/a-116-anos-desde-la-matanza-de-la-escuela-santa-maria-de-iquique\/#article\",\"isPartOf\":{\"@id\":\"https:\/\/www.fraczinet.cl\/sitio\/2023\/12\/22\/a-116-anos-desde-la-matanza-de-la-escuela-santa-maria-de-iquique\/\"},\"author\":{\"name\":\"admin\",\"@id\":\"https:\/\/www.fraczinet.cl\/sitio\/#\/schema\/person\/bc30f98e9cb10ae7e119dbe14bc93784\"},\"headline\":\"A 116 A\u00f1os Desde La Matanza De La Escuela Santa Mar\u00eda De Iquique\",\"datePublished\":\"2023-12-22T00:11:36+00:00\",\"dateModified\":\"2024-01-29T15:07:29+00:00\",\"mainEntityOfPage\":{\"@id\":\"https:\/\/www.fraczinet.cl\/sitio\/2023\/12\/22\/a-116-anos-desde-la-matanza-de-la-escuela-santa-maria-de-iquique\/\"},\"wordCount\":851,\"commentCount\":0,\"publisher\":{\"@id\":\"https:\/\/www.fraczinet.cl\/sitio\/#\/schema\/person\/aec8ee4da68df2b9b0eefdad24a0d582\"},\"image\":{\"@id\":\"https:\/\/www.fraczinet.cl\/sitio\/2023\/12\/22\/a-116-anos-desde-la-matanza-de-la-escuela-santa-maria-de-iquique\/#primaryimage\"},\"thumbnailUrl\":\"https:\/\/www.fraczinet.cl\/sitio\/wp-content\/uploads\/2023\/12\/escuela-santa-maria-de-iquique.webp\",\"articleSection\":[\"DDHH\",\"Historia\",\"Opini\u00f3n\"],\"inLanguage\":\"es\",\"potentialAction\":[{\"@type\":\"CommentAction\",\"name\":\"Comment\",\"target\":[\"https:\/\/www.fraczinet.cl\/sitio\/2023\/12\/22\/a-116-anos-desde-la-matanza-de-la-escuela-santa-maria-de-iquique\/#respond\"]}]},{\"@type\":\"WebPage\",\"@id\":\"https:\/\/www.fraczinet.cl\/sitio\/2023\/12\/22\/a-116-anos-desde-la-matanza-de-la-escuela-santa-maria-de-iquique\/\",\"url\":\"https:\/\/www.fraczinet.cl\/sitio\/2023\/12\/22\/a-116-anos-desde-la-matanza-de-la-escuela-santa-maria-de-iquique\/\",\"name\":\"A 116 A\u00f1os Desde La Matanza De La Escuela Santa Mar\u00eda De Iquique - Nuestro Bio B\u00edo\",\"isPartOf\":{\"@id\":\"https:\/\/www.fraczinet.cl\/sitio\/#website\"},\"primaryImageOfPage\":{\"@id\":\"https:\/\/www.fraczinet.cl\/sitio\/2023\/12\/22\/a-116-anos-desde-la-matanza-de-la-escuela-santa-maria-de-iquique\/#primaryimage\"},\"image\":{\"@id\":\"https:\/\/www.fraczinet.cl\/sitio\/2023\/12\/22\/a-116-anos-desde-la-matanza-de-la-escuela-santa-maria-de-iquique\/#primaryimage\"},\"thumbnailUrl\":\"https:\/\/www.fraczinet.cl\/sitio\/wp-content\/uploads\/2023\/12\/escuela-santa-maria-de-iquique.webp\",\"datePublished\":\"2023-12-22T00:11:36+00:00\",\"dateModified\":\"2024-01-29T15:07:29+00:00\",\"description\":\"El 21 de diciembre de 1907, hace 116 a\u00f1os, miles de trabajadores salitreros y sus familias en huelga fueron asesinados por el ej\u00e9rcito de Chile. En la matanza de la Escuela Santa Mar\u00eda de Iquique cayeron bajo las r\u00e1fagas de la oligarqu\u00eda y el colonialismo brit\u00e1nico obreros chilenos, peruanos, bolivianos y de distintas nacionalidades.\",\"breadcrumb\":{\"@id\":\"https:\/\/www.fraczinet.cl\/sitio\/2023\/12\/22\/a-116-anos-desde-la-matanza-de-la-escuela-santa-maria-de-iquique\/#breadcrumb\"},\"inLanguage\":\"es\",\"potentialAction\":[{\"@type\":\"ReadAction\",\"target\":[\"https:\/\/www.fraczinet.cl\/sitio\/2023\/12\/22\/a-116-anos-desde-la-matanza-de-la-escuela-santa-maria-de-iquique\/\"]}]},{\"@type\":\"ImageObject\",\"inLanguage\":\"es\",\"@id\":\"https:\/\/www.fraczinet.cl\/sitio\/2023\/12\/22\/a-116-anos-desde-la-matanza-de-la-escuela-santa-maria-de-iquique\/#primaryimage\",\"url\":\"https:\/\/www.fraczinet.cl\/sitio\/wp-content\/uploads\/2023\/12\/escuela-santa-maria-de-iquique.webp\",\"contentUrl\":\"https:\/\/www.fraczinet.cl\/sitio\/wp-content\/uploads\/2023\/12\/escuela-santa-maria-de-iquique.webp\",\"width\":600,\"height\":355},{\"@type\":\"BreadcrumbList\",\"@id\":\"https:\/\/www.fraczinet.cl\/sitio\/2023\/12\/22\/a-116-anos-desde-la-matanza-de-la-escuela-santa-maria-de-iquique\/#breadcrumb\",\"itemListElement\":[{\"@type\":\"ListItem\",\"position\":1,\"name\":\"Portada\",\"item\":\"https:\/\/www.fraczinet.cl\/sitio\/\"},{\"@type\":\"ListItem\",\"position\":2,\"name\":\"A 116 A\u00f1os Desde La Matanza De La Escuela Santa Mar\u00eda De Iquique\"}]},{\"@type\":\"WebSite\",\"@id\":\"https:\/\/www.fraczinet.cl\/sitio\/#website\",\"url\":\"https:\/\/www.fraczinet.cl\/sitio\/\",\"name\":\"Nuestro Bio B\u00edo\",\"description\":\"Tierra de Encuentros\",\"publisher\":{\"@id\":\"https:\/\/www.fraczinet.cl\/sitio\/#\/schema\/person\/aec8ee4da68df2b9b0eefdad24a0d582\"},\"potentialAction\":[{\"@type\":\"SearchAction\",\"target\":{\"@type\":\"EntryPoint\",\"urlTemplate\":\"https:\/\/www.fraczinet.cl\/sitio\/?s={search_term_string}\"},\"query-input\":{\"@type\":\"PropertyValueSpecification\",\"valueRequired\":true,\"valueName\":\"search_term_string\"}}],\"inLanguage\":\"es\"},{\"@type\":[\"Person\",\"Organization\"],\"@id\":\"https:\/\/www.fraczinet.cl\/sitio\/#\/schema\/person\/aec8ee4da68df2b9b0eefdad24a0d582\",\"name\":\"Luis Fernando Fraczinet\",\"image\":{\"@type\":\"ImageObject\",\"inLanguage\":\"es\",\"@id\":\"https:\/\/www.fraczinet.cl\/sitio\/#\/schema\/person\/image\/\",\"url\":\"https:\/\/www.fraczinet.cl\/sitio\/wp-content\/uploads\/2021\/07\/bannerlogo-1.gif\",\"contentUrl\":\"https:\/\/www.fraczinet.cl\/sitio\/wp-content\/uploads\/2021\/07\/bannerlogo-1.gif\",\"width\":159,\"height\":79,\"caption\":\"Luis Fernando Fraczinet\"},\"logo\":{\"@id\":\"https:\/\/www.fraczinet.cl\/sitio\/#\/schema\/person\/image\/\"},\"sameAs\":[\"https:\/\/www.fraczinet.cl\/sitio\/\"]},{\"@type\":\"Person\",\"@id\":\"https:\/\/www.fraczinet.cl\/sitio\/#\/schema\/person\/bc30f98e9cb10ae7e119dbe14bc93784\",\"name\":\"admin\",\"image\":{\"@type\":\"ImageObject\",\"inLanguage\":\"es\",\"@id\":\"https:\/\/www.fraczinet.cl\/sitio\/#\/schema\/person\/image\/\",\"url\":\"https:\/\/secure.gravatar.com\/avatar\/d5ad3cf7ef3b23a2bb5be73be780c86b2fc8545c3ad6b149f3913ff458c00099?s=96&d=mm&r=g\",\"contentUrl\":\"https:\/\/secure.gravatar.com\/avatar\/d5ad3cf7ef3b23a2bb5be73be780c86b2fc8545c3ad6b149f3913ff458c00099?s=96&d=mm&r=g\",\"caption\":\"admin\"},\"sameAs\":[\"https:\/\/www.fraczinet.cl\/sitio\"]}]}<\/script>\n<!-- \/ Yoast SEO plugin. -->","yoast_head_json":{"title":"A 116 A\u00f1os Desde La Matanza De La Escuela Santa Mar\u00eda De Iquique - Nuestro Bio B\u00edo","description":"El 21 de diciembre de 1907, hace 116 a\u00f1os, miles de trabajadores salitreros y sus familias en huelga fueron asesinados por el ej\u00e9rcito de Chile. En la matanza de la Escuela Santa Mar\u00eda de Iquique cayeron bajo las r\u00e1fagas de la oligarqu\u00eda y el colonialismo brit\u00e1nico obreros chilenos, peruanos, bolivianos y de distintas nacionalidades.","robots":{"index":"index","follow":"follow","max-snippet":"max-snippet:-1","max-image-preview":"max-image-preview:large","max-video-preview":"max-video-preview:-1"},"canonical":"https:\/\/www.fraczinet.cl\/sitio\/2023\/12\/22\/a-116-anos-desde-la-matanza-de-la-escuela-santa-maria-de-iquique\/","og_locale":"es_ES","og_type":"article","og_title":"A 116 A\u00f1os Desde La Matanza De La Escuela Santa Mar\u00eda De Iquique - Nuestro Bio B\u00edo","og_description":"El 21 de diciembre de 1907, hace 116 a\u00f1os, miles de trabajadores salitreros y sus familias en huelga fueron asesinados por el ej\u00e9rcito de Chile. En la matanza de la Escuela Santa Mar\u00eda de Iquique cayeron bajo las r\u00e1fagas de la oligarqu\u00eda y el colonialismo brit\u00e1nico obreros chilenos, peruanos, bolivianos y de distintas nacionalidades.","og_url":"https:\/\/www.fraczinet.cl\/sitio\/2023\/12\/22\/a-116-anos-desde-la-matanza-de-la-escuela-santa-maria-de-iquique\/","og_site_name":"Nuestro Bio B\u00edo","article_published_time":"2023-12-22T00:11:36+00:00","article_modified_time":"2024-01-29T15:07:29+00:00","og_image":[{"width":600,"height":355,"url":"https:\/\/www.fraczinet.cl\/sitio\/wp-content\/uploads\/2023\/12\/escuela-santa-maria-de-iquique.webp","type":"image\/webp"}],"author":"admin","twitter_card":"summary_large_image","twitter_creator":"@nuestrobiobio","twitter_site":"@nuestrobiobio","twitter_misc":{"Escrito por":"admin","Tiempo de lectura":"4 minutos"},"schema":{"@context":"https:\/\/schema.org","@graph":[{"@type":"Article","@id":"https:\/\/www.fraczinet.cl\/sitio\/2023\/12\/22\/a-116-anos-desde-la-matanza-de-la-escuela-santa-maria-de-iquique\/#article","isPartOf":{"@id":"https:\/\/www.fraczinet.cl\/sitio\/2023\/12\/22\/a-116-anos-desde-la-matanza-de-la-escuela-santa-maria-de-iquique\/"},"author":{"name":"admin","@id":"https:\/\/www.fraczinet.cl\/sitio\/#\/schema\/person\/bc30f98e9cb10ae7e119dbe14bc93784"},"headline":"A 116 A\u00f1os Desde La Matanza De La Escuela Santa Mar\u00eda De Iquique","datePublished":"2023-12-22T00:11:36+00:00","dateModified":"2024-01-29T15:07:29+00:00","mainEntityOfPage":{"@id":"https:\/\/www.fraczinet.cl\/sitio\/2023\/12\/22\/a-116-anos-desde-la-matanza-de-la-escuela-santa-maria-de-iquique\/"},"wordCount":851,"commentCount":0,"publisher":{"@id":"https:\/\/www.fraczinet.cl\/sitio\/#\/schema\/person\/aec8ee4da68df2b9b0eefdad24a0d582"},"image":{"@id":"https:\/\/www.fraczinet.cl\/sitio\/2023\/12\/22\/a-116-anos-desde-la-matanza-de-la-escuela-santa-maria-de-iquique\/#primaryimage"},"thumbnailUrl":"https:\/\/www.fraczinet.cl\/sitio\/wp-content\/uploads\/2023\/12\/escuela-santa-maria-de-iquique.webp","articleSection":["DDHH","Historia","Opini\u00f3n"],"inLanguage":"es","potentialAction":[{"@type":"CommentAction","name":"Comment","target":["https:\/\/www.fraczinet.cl\/sitio\/2023\/12\/22\/a-116-anos-desde-la-matanza-de-la-escuela-santa-maria-de-iquique\/#respond"]}]},{"@type":"WebPage","@id":"https:\/\/www.fraczinet.cl\/sitio\/2023\/12\/22\/a-116-anos-desde-la-matanza-de-la-escuela-santa-maria-de-iquique\/","url":"https:\/\/www.fraczinet.cl\/sitio\/2023\/12\/22\/a-116-anos-desde-la-matanza-de-la-escuela-santa-maria-de-iquique\/","name":"A 116 A\u00f1os Desde La Matanza De La Escuela Santa Mar\u00eda De Iquique - Nuestro Bio B\u00edo","isPartOf":{"@id":"https:\/\/www.fraczinet.cl\/sitio\/#website"},"primaryImageOfPage":{"@id":"https:\/\/www.fraczinet.cl\/sitio\/2023\/12\/22\/a-116-anos-desde-la-matanza-de-la-escuela-santa-maria-de-iquique\/#primaryimage"},"image":{"@id":"https:\/\/www.fraczinet.cl\/sitio\/2023\/12\/22\/a-116-anos-desde-la-matanza-de-la-escuela-santa-maria-de-iquique\/#primaryimage"},"thumbnailUrl":"https:\/\/www.fraczinet.cl\/sitio\/wp-content\/uploads\/2023\/12\/escuela-santa-maria-de-iquique.webp","datePublished":"2023-12-22T00:11:36+00:00","dateModified":"2024-01-29T15:07:29+00:00","description":"El 21 de diciembre de 1907, hace 116 a\u00f1os, miles de trabajadores salitreros y sus familias en huelga fueron asesinados por el ej\u00e9rcito de Chile. En la matanza de la Escuela Santa Mar\u00eda de Iquique cayeron bajo las r\u00e1fagas de la oligarqu\u00eda y el colonialismo brit\u00e1nico obreros chilenos, peruanos, bolivianos y de distintas nacionalidades.","breadcrumb":{"@id":"https:\/\/www.fraczinet.cl\/sitio\/2023\/12\/22\/a-116-anos-desde-la-matanza-de-la-escuela-santa-maria-de-iquique\/#breadcrumb"},"inLanguage":"es","potentialAction":[{"@type":"ReadAction","target":["https:\/\/www.fraczinet.cl\/sitio\/2023\/12\/22\/a-116-anos-desde-la-matanza-de-la-escuela-santa-maria-de-iquique\/"]}]},{"@type":"ImageObject","inLanguage":"es","@id":"https:\/\/www.fraczinet.cl\/sitio\/2023\/12\/22\/a-116-anos-desde-la-matanza-de-la-escuela-santa-maria-de-iquique\/#primaryimage","url":"https:\/\/www.fraczinet.cl\/sitio\/wp-content\/uploads\/2023\/12\/escuela-santa-maria-de-iquique.webp","contentUrl":"https:\/\/www.fraczinet.cl\/sitio\/wp-content\/uploads\/2023\/12\/escuela-santa-maria-de-iquique.webp","width":600,"height":355},{"@type":"BreadcrumbList","@id":"https:\/\/www.fraczinet.cl\/sitio\/2023\/12\/22\/a-116-anos-desde-la-matanza-de-la-escuela-santa-maria-de-iquique\/#breadcrumb","itemListElement":[{"@type":"ListItem","position":1,"name":"Portada","item":"https:\/\/www.fraczinet.cl\/sitio\/"},{"@type":"ListItem","position":2,"name":"A 116 A\u00f1os Desde La Matanza De La Escuela Santa Mar\u00eda De Iquique"}]},{"@type":"WebSite","@id":"https:\/\/www.fraczinet.cl\/sitio\/#website","url":"https:\/\/www.fraczinet.cl\/sitio\/","name":"Nuestro Bio B\u00edo","description":"Tierra de Encuentros","publisher":{"@id":"https:\/\/www.fraczinet.cl\/sitio\/#\/schema\/person\/aec8ee4da68df2b9b0eefdad24a0d582"},"potentialAction":[{"@type":"SearchAction","target":{"@type":"EntryPoint","urlTemplate":"https:\/\/www.fraczinet.cl\/sitio\/?s={search_term_string}"},"query-input":{"@type":"PropertyValueSpecification","valueRequired":true,"valueName":"search_term_string"}}],"inLanguage":"es"},{"@type":["Person","Organization"],"@id":"https:\/\/www.fraczinet.cl\/sitio\/#\/schema\/person\/aec8ee4da68df2b9b0eefdad24a0d582","name":"Luis Fernando Fraczinet","image":{"@type":"ImageObject","inLanguage":"es","@id":"https:\/\/www.fraczinet.cl\/sitio\/#\/schema\/person\/image\/","url":"https:\/\/www.fraczinet.cl\/sitio\/wp-content\/uploads\/2021\/07\/bannerlogo-1.gif","contentUrl":"https:\/\/www.fraczinet.cl\/sitio\/wp-content\/uploads\/2021\/07\/bannerlogo-1.gif","width":159,"height":79,"caption":"Luis Fernando Fraczinet"},"logo":{"@id":"https:\/\/www.fraczinet.cl\/sitio\/#\/schema\/person\/image\/"},"sameAs":["https:\/\/www.fraczinet.cl\/sitio\/"]},{"@type":"Person","@id":"https:\/\/www.fraczinet.cl\/sitio\/#\/schema\/person\/bc30f98e9cb10ae7e119dbe14bc93784","name":"admin","image":{"@type":"ImageObject","inLanguage":"es","@id":"https:\/\/www.fraczinet.cl\/sitio\/#\/schema\/person\/image\/","url":"https:\/\/secure.gravatar.com\/avatar\/d5ad3cf7ef3b23a2bb5be73be780c86b2fc8545c3ad6b149f3913ff458c00099?s=96&d=mm&r=g","contentUrl":"https:\/\/secure.gravatar.com\/avatar\/d5ad3cf7ef3b23a2bb5be73be780c86b2fc8545c3ad6b149f3913ff458c00099?s=96&d=mm&r=g","caption":"admin"},"sameAs":["https:\/\/www.fraczinet.cl\/sitio"]}]}},"_links":{"self":[{"href":"https:\/\/www.fraczinet.cl\/sitio\/wp-json\/wp\/v2\/posts\/15514","targetHints":{"allow":["GET"]}}],"collection":[{"href":"https:\/\/www.fraczinet.cl\/sitio\/wp-json\/wp\/v2\/posts"}],"about":[{"href":"https:\/\/www.fraczinet.cl\/sitio\/wp-json\/wp\/v2\/types\/post"}],"author":[{"embeddable":true,"href":"https:\/\/www.fraczinet.cl\/sitio\/wp-json\/wp\/v2\/users\/1"}],"replies":[{"embeddable":true,"href":"https:\/\/www.fraczinet.cl\/sitio\/wp-json\/wp\/v2\/comments?post=15514"}],"version-history":[{"count":1,"href":"https:\/\/www.fraczinet.cl\/sitio\/wp-json\/wp\/v2\/posts\/15514\/revisions"}],"predecessor-version":[{"id":15516,"href":"https:\/\/www.fraczinet.cl\/sitio\/wp-json\/wp\/v2\/posts\/15514\/revisions\/15516"}],"wp:featuredmedia":[{"embeddable":true,"href":"https:\/\/www.fraczinet.cl\/sitio\/wp-json\/wp\/v2\/media\/15583"}],"wp:attachment":[{"href":"https:\/\/www.fraczinet.cl\/sitio\/wp-json\/wp\/v2\/media?parent=15514"}],"wp:term":[{"taxonomy":"category","embeddable":true,"href":"https:\/\/www.fraczinet.cl\/sitio\/wp-json\/wp\/v2\/categories?post=15514"},{"taxonomy":"post_tag","embeddable":true,"href":"https:\/\/www.fraczinet.cl\/sitio\/wp-json\/wp\/v2\/tags?post=15514"}],"curies":[{"name":"wp","href":"https:\/\/api.w.org\/{rel}","templated":true}]}}