{"id":15648,"date":"2024-04-30T03:51:10","date_gmt":"2024-04-30T03:51:10","guid":{"rendered":"https:\/\/www.fraczinet.cl\/sitio\/?p=15648"},"modified":"2024-05-02T01:53:31","modified_gmt":"2024-05-02T01:53:31","slug":"causas-de-la-guerra-de-la-triple-alianza-a-traves-de-la-prensa-argentina-y-paraguaya-1862-1870","status":"publish","type":"post","link":"https:\/\/www.fraczinet.cl\/sitio\/2024\/04\/30\/causas-de-la-guerra-de-la-triple-alianza-a-traves-de-la-prensa-argentina-y-paraguaya-1862-1870\/","title":{"rendered":"Causas De La Guerra De La Triple Alianza A Trav\u00e9s De La Prensa Argentina Y Paraguaya (1862 \u2013 1870)"},"content":{"rendered":"<figure id=\"attachment_15650\" aria-describedby=\"caption-attachment-15650\" style=\"width: 300px\" class=\"wp-caption alignleft\"><img fetchpriority=\"high\" decoding=\"async\" class=\"wp-image-15650 size-medium\" title=\"Causas De La Guerra De La Triple Alianza A Trav\u00e9s De La Prensa Argentina Y Paraguaya \" src=\"https:\/\/www.fraczinet.cl\/sitio\/wp-content\/uploads\/2024\/04\/la-guerra-de-la-triple-alianza-300x169.jpeg\" alt=\"La Guerra de La Triple Alianza\" width=\"300\" height=\"169\" srcset=\"https:\/\/www.fraczinet.cl\/sitio\/wp-content\/uploads\/2024\/04\/la-guerra-de-la-triple-alianza-300x169.jpeg 300w, https:\/\/www.fraczinet.cl\/sitio\/wp-content\/uploads\/2024\/04\/la-guerra-de-la-triple-alianza-1024x576.jpeg 1024w, https:\/\/www.fraczinet.cl\/sitio\/wp-content\/uploads\/2024\/04\/la-guerra-de-la-triple-alianza-768x432.jpeg 768w, https:\/\/www.fraczinet.cl\/sitio\/wp-content\/uploads\/2024\/04\/la-guerra-de-la-triple-alianza.jpeg 1280w\" sizes=\"(max-width: 300px) 100vw, 300px\" \/><figcaption id=\"caption-attachment-15650\" class=\"wp-caption-text\">La Guerra de La Triple Alianza<\/figcaption><\/figure>\n<p>Estudio realizado por: <span style=\"font-weight: 400;\">Johansson, Mar\u00eda Lucrecia, &amp; Sujatovich, Luis. (2012). Papeles de guerra: Causas de la Guerra de la Triple Alianza a trav\u00e9s de la prensa argentina y paraguaya (1862 &#8211; 1870). Universum (Talca), 27(2), 99-111. <a href=\"https:\/\/dx.doi.org\/10.4067\/S0718-23762012000200007\" target=\"_blank\" rel=\"noopener\">Articulo Original en este Enlace<\/a><\/span><\/p>\n<p>&nbsp;<\/p>\n<p><span style=\"font-weight: 400;\">Entre 1864 y 1870, Paraguay y los tres pa\u00edses aliados (Argentina, Brasil y Uruguay) protagonizaron el mayor conflicto b\u00e9lico de la historia sudamericana. La Guerra de la Triple Alianza o Guerra del Paraguay, que tuvo una duraci\u00f3n de casi seis a\u00f1os (entre diciembre de 1864 y marzo de 1870), constituy\u00f3 una verdadera l\u00ednea divisoria en la historia de los pa\u00edses implicados, ya que se trat\u00f3 del conflicto externo de mayor repercusi\u00f3n para los Estados contendientes en lo que respecta a la movilizaci\u00f3n y p\u00e9rdida de vidas.<\/span><\/p>\n<p>&nbsp;<\/p>\n<p><span style=\"font-weight: 400;\">Un viejo apotegma sostiene que la primera baja de una guerra es la verdad. Si para las \u00faltimas conflagraciones es v\u00e1lida tal afirmaci\u00f3n, a pesar del desarrollo de los medios y las redes de comunicaci\u00f3n social, tambi\u00e9n lo es para el siglo XIX, en el cual la tecnolog\u00eda de la informaci\u00f3n no era tan avanzada. Adem\u00e1s, es preciso considerar las diversas manipulaciones que sufre la informaci\u00f3n acerca de las causas y las consecuencias de una guerra. En base a estos postulados, el presente estudio pretende comparar las representaciones con respecto a las causas y a los responsables del desencadenamiento de la Guerra de la Triple Alianza difundidas por los peri\u00f3dicos paraguayos publicados durante el conflicto con los argumentos que el peri\u00f3dico <\/span><b><i>La Naci\u00f3n Argentina<\/i><\/b><span style=\"font-weight: 400;\"> esgrimi\u00f3 en sus columnas editoriales.<\/span><\/p>\n<p>&nbsp;<\/p>\n<p><span style=\"font-weight: 400;\">La caracter\u00edstica principal de los conflictos desarrollados en el siglo XIX en la regi\u00f3n del Plata fue la interpenetraci\u00f3n de los intereses y de las fuerzas pol\u00edticas que actuaban en cada uno de esos pa\u00edses, generando complejos y mutables sistemas de alianzas m\u00e1s all\u00e1 de sus fronteras. En 1862 se hab\u00edan creado dos bloques principales de alianzas: de un lado, el Imperio del Brasil, el gobierno de Bartolom\u00e9 Mitre y los colorados uruguayos dirigidos por Venancio Flores, y del otro lado, Paraguay, los blancos de Uruguay dirigidos por Bernardo Berro y las provincias de Entre R\u00edos y Corrientes, unidos por la oposici\u00f3n a la pol\u00edtica hegem\u00f3nica de Buenos Aires y del Imperio del Brasil.<\/span><\/p>\n<p>&nbsp;<\/p>\n<p><span style=\"font-weight: 400;\">Por su parte, Argentina y Brasil buscaban eliminar los obst\u00e1culos y las resistencias regionales a sus proyectos centralizadores intentando establecer una hegemon\u00eda compartida en la regi\u00f3n. En ese marco, la situaci\u00f3n pol\u00edtica en el Uruguay se convirti\u00f3 en el punto de convergencia de las contradicciones platinas que desencadenar\u00edan la guerra.<\/span><\/p>\n<p>&nbsp;<\/p>\n<p><span style=\"font-weight: 400;\">En abril de 1863, el colorado Flores invadi\u00f3 Uruguay para derrocar al presidente Berro, con el apoyo encubierto de tropas argentinas, dando comienzo a una guerra civil en ese pa\u00eds. Como respuesta, Berro formaliz\u00f3 una alianza defensiva con Francisco Solano L\u00f3pez en caso de agresi\u00f3n externa de Argentina o Brasil. Los acontecimientos se precipitaron a partir de la intervenci\u00f3n brasile\u00f1a en Uruguay, en septiembre de 1864, con el objetivo de brindar a Flores el apoyo militar que necesitaba para derrocar al gobierno blanco. La reacci\u00f3n de Solano L\u00f3pez no se hizo esperar: invadi\u00f3 el Mato Grosso y declar\u00f3 la guerra al Imperio en diciembre de 1864. Poco tiempo despu\u00e9s, el 18 de marzo de 1865, Solano L\u00f3pez declar\u00f3 la guerra a Argentina, por haberle denegado el permiso de atravesar Corrientes con destino a Uruguay para enfrentarse con el ej\u00e9rcito brasilero. Luego de que el ej\u00e9rcito paraguayo entrara en Corrientes, Mitre declar\u00f3 la guerra a Paraguay.<\/span><\/p>\n<p>&nbsp;<\/p>\n<h3><b>La Naci\u00f3n Argentina contra el dictador del Paraguay<\/b><\/h3>\n<p>&nbsp;<\/p>\n<p><span style=\"font-weight: 400;\">Resulta revelador que <\/span><b><i>La Naci\u00f3n Argentina<\/i><\/b><span style=\"font-weight: 400;\"> dos d\u00edas despu\u00e9s de dar a conocer la muerte del presidente paraguayo Carlos Antonio L\u00f3pez (padre de Francisco Solano L\u00f3pez), haya titulado a su columna editorial del 28 de septiembre de 1862: \u00ab<\/span><i><span style=\"font-weight: 400;\">La guerra al Paraguay<\/span><\/i><span style=\"font-weight: 400;\">\u00ab. Uno de los p\u00e1rrafos m\u00e1s salientes del mencionado editorial sostiene que:<\/span><\/p>\n<p>&nbsp;<\/p>\n<p><b><i>\u201cCuando una parte de la prensa, queriendo volver por su honor comprometido, rescata con maldiciones a los tiranos muertos las alabanzas que prodig\u00f3 a los tiranos vivos, la Naci\u00f3n Argentina, que no ha defendido jam\u00e1s el Gobierno del Presidente L\u00f3pez, porque no puede ser amiga de la libertad en Buenos Aires y amiga del despotismo en el Paraguay (\u2026) El Paraguay, representando el despotismo en la Am\u00e9rica, no puede contar con la simpat\u00eda de nadie.\u201d<\/i><\/b><\/p>\n<p>&nbsp;<\/p>\n<p><span style=\"font-weight: 400;\">Esta cita deja de manifiesto que a\u00fan antes del desencadenamiento de la guerra La Naci\u00f3n Argentina utiliz\u00f3 un estilo combativo en sus editoriales. El nuevo presidente del Paraguay deb\u00eda optar por el camino de la libertad, que en la Argentina a\u00fan suscitaba disputas, aunque cada vez con menos poder de fuego para resistir las medidas centralizadoras y liberales del gobierno nacional. No hab\u00eda otra opci\u00f3n pac\u00edfica para el pa\u00eds vecino.<\/span><\/p>\n<p>&nbsp;<\/p>\n<p><span style=\"font-weight: 400;\">\u201c<\/span><i><span style=\"font-weight: 400;\">La Rep\u00fablica Argentina una vez asegurada su paz interior y despu\u00e9s de aplicar todos los recursos de una pol\u00edtica noble y reparadora a cerrar nuestras antiguas heridas y resta\u00f1ar la sangre que vert\u00eda el coraz\u00f3n de la patria, ha entrado de lleno en una fiebre de progreso. El Paraguay, entre tanto, vecino despotizado y b\u00e1rbaro, con el cual median grav\u00edsimas cuestiones de l\u00edmites, y principalmente la cuesti\u00f3n motriz de antagonismos entre la luz y las tinieblas, entre la prosperidad y el retroceso, entre el hombre adelantado y el que ama sistem\u00e1ticamente la satisfecha imprevisi\u00f3n de la vida salvaje, adem\u00e1s del recelo h\u00e1bilmente suscitado por los d\u00e9spotas entre sus v\u00edctimas, hacia el pueblo m\u00e1s generoso de la tierra.<\/span><\/i><span style=\"font-weight: 400;\">\u201d<\/span><\/p>\n<p>&nbsp;<\/p>\n<p><span style=\"font-weight: 400;\">Ese estilo combativo tuvo como componente principal la conformaci\u00f3n negativa del \u00abotro\u00bb, lo que implicaba como contrapartida la conformaci\u00f3n positiva de un \u00abnosotros\u00bb<\/span><span style=\"font-weight: 400;\">. Para la labor ideol\u00f3gica en tiempos violentos nada mejor que construir dentro de una enunciaci\u00f3n un enunciador malvado, d\u00e9spota y criminal. Con este fin, el estilo combativo se combin\u00f3 con el apolog\u00e9tico, dedicando las columnas editoriales a alabar la \u00ab<\/span><i><span style=\"font-weight: 400;\">noble pol\u00edtica<\/span><\/i><span style=\"font-weight: 400;\">\u00bb nacional en oposici\u00f3n al despotismo del pa\u00eds vecino. Adem\u00e1s, para hacer m\u00e1s efectiva la estrategia discursiva, se recalcaba que el pueblo al que pertenec\u00eda tanto el locutor como el alocutario, era el \u00ab<\/span><i><span style=\"font-weight: 400;\">m\u00e1s generoso de la tierra<\/span><\/i><span style=\"font-weight: 400;\">\u00ab. La construcci\u00f3n de este juego de opuestos para organizar el escenario de la guerra buscaba lograr una mejor recepci\u00f3n del contenido del peri\u00f3dico por parte del p\u00fablico.<\/span><\/p>\n<p>&nbsp;<\/p>\n<p><span style=\"font-weight: 400;\">El 20 de abril de 1865, la columna editorial de <\/span><b><i>La Naci\u00f3n Argentina<\/i><\/b><span style=\"font-weight: 400;\"> cedi\u00f3 su voz al gobierno para publicar \u00ab<\/span><i><span style=\"font-weight: 400;\">Important\u00edsimos Decretos<\/span><\/i><span style=\"font-weight: 400;\">\u00ab. La incorporaci\u00f3n de documentos oficiales era una forma de legitimar las enunciaciones period\u00edsticas con reiteradas, extensas y un\u00edvocas citas de autoridad. Podemos inferir que de esa manera se trataba de influenciar a los lectores acerca de la seriedad de las fuentes de informaci\u00f3n del peri\u00f3dico. Sobresalir en el espacio p\u00fablico con una versi\u00f3n fehaciente e ideol\u00f3gicamente liberal era una actividad propia de la pr\u00e1ctica period\u00edstica porte\u00f1a, que se reflejaba no solo en las columnas editoriales de las diferentes publicaciones que circulaban en ese espacio sino tambi\u00e9n en los numerosos debates que entablaron los peri\u00f3dicos entre s\u00ed.<\/span><\/p>\n<p>&nbsp;<\/p>\n<p><span style=\"font-weight: 400;\">\u00ab<\/span><i><span style=\"font-weight: 400;\">La guerra y la Nacionalidad Argentina<\/span><\/i><span style=\"font-weight: 400;\">\u00ab, editorial combativo y apolog\u00e9tico, publicado el 21 de abril, retoma la conformaci\u00f3n negativa del \u00abotro\u00bb y agrega un elemento que nos permite sospechar las discusiones acerca de la guerra en el espacio p\u00fablico y su relaci\u00f3n con los receptores:<\/span><\/p>\n<p>&nbsp;<\/p>\n<p><b><i>\u00abEl suelo de la patria acaba de ser violado salvaje y alevosamente. La bandera Argentina, aquel pabell\u00f3n glorioso que trep\u00f3 los Andes sirviendo de l\u00e1baro a las falanges de Mayo, acaba de ser arreado por la mano salvaje que tiraniza al pueblo paraguayo. La contienda en que vamos a empe\u00f1arnos, no es una contienda de partidos, ni en ella vamos a jugar el triunfo de \u00e9sta o aqu\u00e9lla personalidad pol\u00edtica. En ella vamos a levantar el nombre argentino a la altura de sus antecedentes gloriosos, y a lavar una ofensa que la mano del d\u00e9spota salvaje acaba de arrojar\u00a0 sobre nuestro pabell\u00f3n nacional. Y el que ante una situaci\u00f3n semejante, no sienta sublevarse su coraz\u00f3n, es porque, o es un cobarde, o ha perdido el \u00faltimo rasgo de su dignidad\u00bb.<\/i><\/b><\/p>\n<p>&nbsp;<\/p>\n<p><span style=\"font-weight: 400;\">Manifestar que no se trataba de una batalla pol\u00edtica sino nacional implicaba dos aspectos que guardaban una estrecha relaci\u00f3n entre s\u00ed. Por un lado, la homologaci\u00f3n entre gobierno y pueblo buscaba lograr una mayor cooptaci\u00f3n y adhesi\u00f3n ideol\u00f3gica a las medidas implementadas por el gobierno de Mitre. Mientras que, por otro lado, <\/span><span style=\"font-weight: 400;\">el peri\u00f3dico daba cuenta de una voluntad de presentarse como un actor pol\u00edtico con relativa independencia y en tensi\u00f3n con los otros diarios, y no como un \u00f3rgano de difusi\u00f3n del gobierno nacional; pues ello le hubiera quitado poder de influencia frente a la opini\u00f3n p\u00fablica<\/span><span style=\"font-weight: 400;\">.<\/span><\/p>\n<p>&nbsp;<\/p>\n<p><span style=\"font-weight: 400;\">El espacio editorial correspondiente al 22 de abril fue cedido para dar a conocer \u00abImportant\u00edsimas noticias de Entre R\u00edos\u00bb:<\/span><\/p>\n<p>&nbsp;<\/p>\n<p><b><i>\u201cAl saber el General Urquiza las noticias de Corrientes, se ha llenado de indignaci\u00f3n y de entusiasmo, diciendo que est\u00e1 pronto a hacer la \u00faltima campa\u00f1a y la que considera m\u00e1s gloriosa de su vida. Inmediatamente ha citado a todos los Entrerrianos en estado de llevar armas, para que concurran con sus equipos y caballos de tiro a Cal\u00e1, que es el punto de reuni\u00f3n.\u201d<\/i><\/b><\/p>\n<p>&nbsp;<\/p>\n<p><span style=\"font-weight: 400;\">El discurso utilizado buscaba producir un efecto de cooptaci\u00f3n ideol\u00f3gica en un momento decisivo. Tengamos en cuenta que los enfrentamientos entre Buenos Aires y la Confederaci\u00f3n Argentina hab\u00edan sido conducidos respectivamente por Mitre y por Justo Jos\u00e9 de Urquiza en Cepeda (1859) y Pav\u00f3n (1861). Las nuevas circunstancias planteaban la necesidad de una conciliaci\u00f3n entre ambos l\u00edderes, ya que la defensa nacional estaba por encima de las viejas diferencias. Por lo tanto, Urquiza empu\u00f1aba las armas y usaba a sus soldados en las filas nacionales, limpiando su pasado federal. Mientras tanto, L\u00f3pez era representado como el \u00faltimo basti\u00f3n del salvajismo, al que la civilizaci\u00f3n criolla deb\u00eda eliminar, de igual forma que lo hab\u00eda hecho con Juan Manuel de Rosas, con Chacho Pe\u00f1aloza, etc. El 23 de abril, el editorial se llam\u00f3: \u00abLa pol\u00edtica nacional y la \u2018Naci\u00f3n Argentina\u00bb:<\/span><\/p>\n<p>&nbsp;<\/p>\n<p><b><i>\u201cLa Naci\u00f3n Argentina, si no ha sido depositaria de la pol\u00edtica del Gobierno Argentino, ha sido al menos su sostenedora, en todos los terrenos donde pudo llevar su palabra. Si el General Mitre ha podido decir \u00abrecogemos los frutos de una gran pol\u00edtica\u00bb, nosotros podemos decir a nuestro turno: \u00abRecogimos, de esa verdad tan sencillamente expresada y aceptada hoy por todos, la consagraci\u00f3n de la pol\u00edtica sostenida por la Naci\u00f3n Argentina\u00bb. No hemos seguido ciegamente a un hombre. No hemos aplaudido a un gobernante. Hemos defendido a un Gobierno, hemos defendido una idea, un sistema, una serie de actos de los cuales en un momento de prueba, en un momento supremo, el pa\u00eds ha repetido con verdadera convicci\u00f3n: recogemos los frutos de una gran pol\u00edtica. Nuestra conciencia est\u00e1 satisfecha. El pueblo sabe hoy a qu\u00e9 atribuir los resultados que tocamos y se pinta en su imaginaci\u00f3n los desastres que nos amenazar\u00edan si hubi\u00e9ramos seguido rumbos extraviados.\u201d<\/i><\/b><\/p>\n<p>&nbsp;<\/p>\n<p><span style=\"font-weight: 400;\">Ese editorial apolog\u00e9tico es por dem\u00e1s elocuente. Mitre es citado como principio de autoridad, pero no es mencionado como presidente sino como general. Podemos pensar que se trata de una estrategia discursiva, ya que en tiempos de guerra seguir a un general puede resultar m\u00e1s \u00fatil que a un presidente. El peri\u00f3dico y el gobierno \u00ab<\/span><i><span style=\"font-weight: 400;\">recogen los frutos de una gran pol\u00edtica<\/span><\/i><span style=\"font-weight: 400;\">\u00ab, sin embargo, no hay una relaci\u00f3n verticalista entre ellos. <\/span><b><i>La Naci\u00f3n Argentina<\/i><\/b><span style=\"font-weight: 400;\"> adhiere, comparte y defiende las mismas ideas, pero no por ello es un mero vocero de Mitre en la arena period\u00edstica. Estas referencias permiten pensar que <\/span><b><i>La Naci\u00f3n Argentina<\/i><\/b><span style=\"font-weight: 400;\"> quiso presentarse ante sus lectores como un actor pol\u00edtico independiente y no como un panfleto oficialista. El 25 de abril, las columnas editoriales fueron usadas para dar a conocer \u00ab<\/span><i><span style=\"font-weight: 400;\">Important\u00edsimas noticias de Corrientes\u00bb<\/span><\/i><span style=\"font-weight: 400;\">.<\/span><\/p>\n<p>&nbsp;<\/p>\n<p><b><i>\u201cLos 7.500 paraguayos que han invadido a Corrientes van a encontrarse con los soldados que esa provincia re\u00fana, sobre los 6000 que ya cuenta; a qu\u00e9 debemos reunir los diez mil Entrerrianos en marcha muy en breve sobre Corrientes. L\u00f3pez, est\u00e1 loco furioso.\u201d<\/i><\/b><\/p>\n<p>&nbsp;<\/p>\n<p><span style=\"font-weight: 400;\">En esta oportunidad el editorial de estilo predictivo sirvi\u00f3 tambi\u00e9n como columna de informaci\u00f3n. Pero no por ese motivo se priv\u00f3 el diario de hacer uso de la conformaci\u00f3n negativa del \u00abotro\u00bb con una exagerada adjetivaci\u00f3n. El enunciado presentaba un relato de los acontecimientos tan favorable para los aliados, y en particular para los correntinos y entrerrianos, que no dejaba ni el m\u00e1s m\u00ednimo espacio para la cr\u00edtica o para una reflexi\u00f3n diferente. Los comentarios agregados a la informaci\u00f3n constituyen una editorializaci\u00f3n dentro de la propia editorial. Seguros que tanto sus lectores como las personas a las que hace referencia no dudar\u00e1n de sus valoraciones ni de sus \u00e1cidas diatribas, pues suponen que en la sociedad porte\u00f1a la idea dominante acerca del conflicto era af\u00edn a sus pensamientos pol\u00edticos.<\/span><\/p>\n<p>&nbsp;<\/p>\n<p><span style=\"font-weight: 400;\">En definitiva, <\/span><b><i>La Naci\u00f3n Argentina<\/i><\/b><span style=\"font-weight: 400;\"> utiliz\u00f3 diversas estrategias comunicacionales en sus enunciados editoriales para referirse de manera negativa a Solano L\u00f3pez y sindicar como peligrosas a cada una de las ideas que seg\u00fan el diario \u00e9l representaba. Las columnas institucionales oscilaron entre el tono combativo y el apolog\u00e9tico, pues sus intereses estaban orientados hacia el convencimiento de la importancia de la guerra para todo el pa\u00eds y la obtenci\u00f3n de adhesiones de todos los sectores sociales y pol\u00edticos. Incluso de quienes en el pasado reciente hab\u00edan sido enemigos en las ideas y en las armas, como Urquiza. Los intereses de la patria estaban por encima de las rencillas caseras que, gracias al gobierno de Mitre, el diario daba por superadas. Las columnas editoriales de <\/span><b><i>La Naci\u00f3n Argentina<\/i><\/b><span style=\"font-weight: 400;\"> previas a la guerra de la Triple Alianza marcaron una tendencia muy favorable hacia las fuerzas conjuntas en contra del ej\u00e9rcito paraguayo ofreciendo, a su vez, una construcci\u00f3n manique\u00edsta de los protagonistas. Si Mitre era el \u00ab<\/span><i><span style=\"font-weight: 400;\">progreso<\/span><\/i><span style=\"font-weight: 400;\">\u00ab, la \u00ab<\/span><i><span style=\"font-weight: 400;\">paz<\/span><\/i><span style=\"font-weight: 400;\">\u00bb y el \u00ab<\/span><i><span style=\"font-weight: 400;\">bien<\/span><\/i><span style=\"font-weight: 400;\">\u00ab, Solano L\u00f3pez era el \u00ab<\/span><i><span style=\"font-weight: 400;\">atraso<\/span><\/i><span style=\"font-weight: 400;\">\u00ab, el \u00ab<\/span><i><span style=\"font-weight: 400;\">vandalismo<\/span><\/i><span style=\"font-weight: 400;\">\u00bb y el \u00ab<\/span> <span style=\"font-weight: 400;\">\u00ab. De esta manera, una nueva versi\u00f3n de civilizaci\u00f3n y barbarie se constru\u00eda en la prensa del R\u00edo de la Plata.<\/span><\/p>\n<p>&nbsp;<\/p>\n<h3><b>La prensa paraguaya frente a la guerra m\u00e1s injusta y b\u00e1rbara<\/b><\/h3>\n<p>&nbsp;<\/p>\n<p><span style=\"font-weight: 400;\">A diferencia del caso argentino, en Paraguay existi\u00f3 un absoluto control estatal sobre la actividad period\u00edstica, que se remonta a la \u00e9poca de la instalaci\u00f3n de la imprenta en 1844 y a la aparici\u00f3n de la primera publicaci\u00f3n peri\u00f3dica del pa\u00eds, <\/span><b><i>El Paraguayo Independiente<\/i><\/b><span style=\"font-weight: 400;\">, en 1845. Si bien ese tradicional control gubernamental sobre la prensa permaneci\u00f3 inalterado durante la guerra, \u00e9sta \u00faltima gener\u00f3 una situaci\u00f3n de crisis de tal magnitud que plante\u00f3 la necesidad de realizar una serie de cambios cuantitativos y cualitativos en la actividad period\u00edstica con el fin de lograr una mayor difusi\u00f3n del mensaje propagand\u00edstico. En ese contexto el gobierno puso en marcha la creaci\u00f3n de nuevos peri\u00f3dicos, a los que calificamos como peri\u00f3dicos de trinchera. Las necesidades de movilizar a la poblaci\u00f3n y de garantizar la defensa de la identidad llevaron a que, entre abril de 1867 y febrero de 1869, se publicaran cuatro peri\u00f3dicos: <\/span><b><i>El Centinela<\/i><\/b><span style=\"font-weight: 400;\"> (1867-1868),<\/span><b><i>Cabichu\u00ed<\/i><\/b><span style=\"font-weight: 400;\"> (1867-1868), <\/span><b><i>Cacique Lambar\u00e9<\/i><\/b><span style=\"font-weight: 400;\"> (1867-1868) y <\/span><b><i>Estrella<\/i><\/b><span style=\"font-weight: 400;\"> (1869). A lo largo del conflicto llegaron a publicarse un total de cinco peri\u00f3dicos, incluyendo a <\/span><b><i>El Semanario de Avisos y Conocimientos \u00datiles<\/i><\/b><span style=\"font-weight: 400;\"> (1853-1869) que ven\u00eda edit\u00e1ndose con anterioridad al comienzo del enfrentamiento.<\/span><\/p>\n<p>&nbsp;<\/p>\n<p><span style=\"font-weight: 400;\">Los peri\u00f3dicos que se publicaron en Paraguay durante el transcurso del conflicto fueron \u00f3rganos de propaganda del gobierno, raz\u00f3n por la cual predomin\u00f3 en sus art\u00edculos el estilo apolog\u00e9tico y el estilo combativo. Una de las estrategias de la propaganda period\u00edstica paraguaya fue la utilizaci\u00f3n de diferentes tipos de textos para explicar las causas de la guerra. De esta manera, se publicaron correspondencias, poes\u00edas, di\u00e1logos, adivinanzas, etc., que expon\u00edan las razones que dieron origen al conflicto. As\u00ed, por ejemplo, <\/span><b><i>El Centinela<\/i><\/b><span style=\"font-weight: 400;\"> dio su versi\u00f3n sobre las causas de la guerra a trav\u00e9s de un art\u00edculo, redactado en forma de di\u00e1logo, en el que se relatan los supuestos acuerdos entre Pedro II y Venancio Flores. En ese art\u00edculo, de estilo combativo, se pretend\u00eda denunciar la forma en la que el Emperador hab\u00eda manipulado al l\u00edder del partido colorado para que participara en la guerra:<\/span><\/p>\n<p>&nbsp;<\/p>\n<p><b><i>\u201cEl Brasil declar\u00f3 la guerra a la Rep\u00fablica Oriental, con el fin de conquistarla y anexarla al imperio. El General Flores se encontr\u00f3 a la cabeza de una revoluci\u00f3n, que pretend\u00eda derrocar al Gobierno legal de su patria. (\u2026) El emperador Don Pedro II dijo \u00e1 Flores: \u00abQu\u00e9dese Vd. en posesi\u00f3n del mando de Montevideo, pero en cambio me dar\u00e1 su ej\u00e9rcito y sus servicios personales para combatir al Paraguay\u00bb. Aceptada de plano la oferta, marcha Flores a la guerra.\u201d<\/i><\/b><\/p>\n<p>&nbsp;<\/p>\n<p><span style=\"font-weight: 400;\">En <\/span><b><i>El Centinela<\/i><\/b><span style=\"font-weight: 400;\">, por el contrario, la \u00fanica responsabilidad atribuida a Solano L\u00f3pez, con respecto al desencadenamiento de la lucha armada, fue haber protestado en favor del respeto a la soberan\u00eda de la vecina Rep\u00fablica Oriental del Uruguay. De acuerdo con ese peri\u00f3dico, all\u00ed se encontraba:<\/span><\/p>\n<p>&nbsp;<\/p>\n<p><b><i>(\u2026) la llave de la gran hecatombe, de la guerra m\u00e1s in\u00f3cua, de la conquista m\u00e1s b\u00e1rbara con que el Imperio ha ensangrentado la bandera americana, y ha insultado la causa de la democracia, trayendo sus ca\u00f1ones para destruir la gran Rep\u00fablica del Paraguay que, noble y generosa, levant\u00f3 la voz de la justicia para proteger al pueblo Oriental, amenazado de muerte, y protestar de los actos atentatorios a la soberan\u00eda y equilibrio de los Estados del Plata.<\/i><\/b><\/p>\n<p>&nbsp;<\/p>\n<p><span style=\"font-weight: 400;\">En ese art\u00edculo, de estilo apolog\u00e9tico y combativo, el pueblo paraguayo fue caracterizado como el h\u00e9roe que ofrec\u00eda su sangre por el mantenimiento del equilibrio en el Plata. El ataque contra Uruguay era una clara manifestaci\u00f3n de la voluntad del Imperio del Brasil de tener injerencia en la pol\u00edtica interna de los Estados vecinos, es decir, una violaci\u00f3n de su soberan\u00eda y una muestra clara de sus intenciones de absorber a todos los gobiernos de la regi\u00f3n. La idea de la necesidad de mantener un equilibrio regional fue defendida en la prensa a trav\u00e9s de citas de autoridad, por ejemplo, se transcribieron fragmentos del libro <\/span><b><i>Derecho de gentes<\/i><\/b><span style=\"font-weight: 400;\">. <\/span><b><i>De las causas justas de la guerra<\/i><\/b><span style=\"font-weight: 400;\"> (1758), del suizo Emerich de Vattel:<\/span><\/p>\n<p>&nbsp;<\/p>\n<p><b><i>\u201cCuando un Estado vecino fuese injustamente atacado por un enemigo poderoso que oprimirle amenaze, es indudable que, si pudiereis defenderle, lo debeis hacer. No dig\u00e1is que no es permitido \u00e1 un Soberano el exponer la vida de sus soldados por salvar a un potencia extranjera con quien no haya hecho alianza defensiva alguna; pues puede hallarse el mismo en caso de necesitar auxilio, y por consiguiente, poner en vigor ese esp\u00edritu de asistencia m\u00fatua, es trabajar en la conservaci\u00f3n de la naci\u00f3n misma.\u201d<\/i><\/b><\/p>\n<p>&nbsp;<\/p>\n<p><span style=\"font-weight: 400;\">De acuerdo con <\/span><b><i>El Centinela<\/i><\/b><span style=\"font-weight: 400;\"> era eso justamente lo que hab\u00eda hecho el Mariscal cuando brind\u00f3 su apoyo a Uruguay, convirti\u00e9ndose en un ejemplo de solidaridad para toda Am\u00e9rica y el mundo. Con este tipo de argumentos la prensa paraguaya pretend\u00eda defender a L\u00f3pez de las acusaciones difundidas por los peri\u00f3dicos de los pa\u00edses aliados sobre su exclusiva responsabilidad en el estallido de la guerra.<\/span><\/p>\n<p>&nbsp;<\/p>\n<p><span style=\"font-weight: 400;\">Por el contrario, los peri\u00f3dicos de trinchera realizaron una clara diferenciaci\u00f3n de las responsabilidades de cada una de las autoridades de los pa\u00edses aliados con respecto al origen y continuidad de la guerra, atribuy\u00e9ndole al Emperador del Brasil la mayor parte de la culpa, se\u00f1al\u00e1ndolo como el creador intelectual de la alianza. Para <\/span><b><i>Cabichu\u00ed<\/i><\/b><span style=\"font-weight: 400;\">, Pedro II hab\u00eda declarado la guerra \u00ab<\/span><i><span style=\"font-weight: 400;\">m\u00e1s injusta y b\u00e1rbara que jam\u00e1s se ha hecho<\/span><\/i><span style=\"font-weight: 400;\">\u00ab; por ello, \u00e9l era se\u00f1alado como el responsable \u00ab<\/span><i><span style=\"font-weight: 400;\">de las calamidades que est\u00e1n sufriendo los pueblos del Plata<\/span><\/i><span style=\"font-weight: 400;\">\u00ab. En el peri\u00f3dico <\/span><b><i>Lambar\u00e9<\/i><\/b><span style=\"font-weight: 400;\">, Pedro II fue calificado de \u00ab<\/span><i><span style=\"font-weight: 400;\">cruel<\/span><\/i><span style=\"font-weight: 400;\">\u00ab, \u00ab<\/span><i><span style=\"font-weight: 400;\">zonzo<\/span><\/i><span style=\"font-weight: 400;\">\u00ab, \u00ab<\/span><i><span style=\"font-weight: 400;\">inhumano<\/span><\/i><span style=\"font-weight: 400;\">\u00ab, y fue nombrado \u00ab<\/span><i><span style=\"font-weight: 400;\">el mayor ladr\u00f3n de todo el Brasil<\/span><\/i><span style=\"font-weight: 400;\">\u00ab. Adem\u00e1s, afirmaba que \u00ab<\/span><i><span style=\"font-weight: 400;\">no conoce a Dios<\/span><\/i><span style=\"font-weight: 400;\">\u00bb y que su \u00fanico objetivo era quitar del Paraguay \u00ab<\/span><i><span style=\"font-weight: 400;\">al valiente Mariscal L\u00f3pez<\/span><\/i><span style=\"font-weight: 400;\">\u00ab.<\/span><\/p>\n<p>&nbsp;<\/p>\n<p><span style=\"font-weight: 400;\">Mientras Pedro II era presentado como el \u00abtitiritero\u00bb, los otros jefes aliados fueron mostrados como sus t\u00edteres. Seg\u00fan la prensa paraguaya, el \u00ab<\/span><i><span style=\"font-weight: 400;\">imb\u00e9cil<\/span><\/i><span style=\"font-weight: 400;\">\u00bb Flores y el \u00ab<\/span><i><span style=\"font-weight: 400;\">ap\u00f3stata<\/span><\/i><span style=\"font-weight: 400;\">\u00bb Mitre hab\u00edan traicionado a sus pueblos en pos de una guerra fratricida, bajo las \u00f3rdenes, enga\u00f1os y manipulaciones del Emperador. En un art\u00edculo en el que se transcribe un supuesto di\u00e1logo entre Pedro II y sus jefes militares, se coloc\u00f3 en boca del primero la siguiente afirmaci\u00f3n:<\/span><\/p>\n<p>&nbsp;<\/p>\n<p><b><i>\u201cVencer al Paraguay y dominarlo para siempre. En ello tengo yo mi m\u00e1s ardiente empe\u00f1o\u2026. S\u00f3lo as\u00ed quedar\u00e1 garantizado mi actual pleno dominio de los orientales y argentinos.\u201d<\/i><\/b><\/p>\n<p>&nbsp;<\/p>\n<p><span style=\"font-weight: 400;\">Para los peri\u00f3dicos de trinchera el deseo que ten\u00eda Brasil de absorber al Paraguay era una herencia colonial. <\/span><b><i>Cabichu\u00ed<\/i><\/b><span style=\"font-weight: 400;\"> afirmaba que el Paraguay hab\u00eda sido siempre el objetivo constante de la apasionada ambici\u00f3n de ese Imperio. A su vez, aseguraba, con un estilo predictivo, que una vez lograda esa primera conquista, el Emperador se lanzar\u00eda a apropiarse de las dem\u00e1s Rep\u00fablicas vecinas:<\/span><\/p>\n<p>&nbsp;<\/p>\n<p><b><i>\u201c(\u2026) la desaparici\u00f3n de una Rep\u00fablica por el poder absorvente de la corona de Braganza, no ser\u00eda sino el primer paso que su fuerza y diplomacia preparara para dirigir su alevoso ataque contra sus propios aliados, primero, y el resto de Am\u00e9rica despu\u00e9s.\u201d<\/i><\/b><\/p>\n<p>&nbsp;<\/p>\n<p><span style=\"font-weight: 400;\">M\u00e1s all\u00e1 de las cr\u00edticas a la persona del Emperador, la prensa paraguaya subray\u00f3 constantemente el car\u00e1cter de anomal\u00eda del Imperio del Brasil dentro del conjunto de rep\u00fablicas de Am\u00e9rica del Sur. Por ello, los peri\u00f3dicos paraguayos tuvieron un particular inter\u00e9s en exponer el significado de la guerra dentro del contexto americano; argumento que, por otra parte, resaltaba el valor de su lucha. De esta manera, seg\u00fan la prensa, lo que en realidad estaba en pugna eran dos sistemas pol\u00edticos diferentes, era la democracia contra la monarqu\u00eda, la libertad contra la esclavitud, la soberan\u00eda del pueblo contra la dependencia, etc.<\/span><\/p>\n<p>&nbsp;<\/p>\n<p><span style=\"font-weight: 400;\">En el juego de contrastes creado por la prensa, Paraguay fue presentado como una naci\u00f3n \u00ab<\/span><i><span style=\"font-weight: 400;\">joven<\/span><\/i><span style=\"font-weight: 400;\">\u00ab, \u00ab<\/span><i><span style=\"font-weight: 400;\">civilizada<\/span><\/i><span style=\"font-weight: 400;\">\u00ab, \u00ab<\/span><i><span style=\"font-weight: 400;\">cristiana<\/span><\/i><span style=\"font-weight: 400;\">\u00ab, \u00ab<\/span><i><span style=\"font-weight: 400;\">moderna<\/span><\/i><span style=\"font-weight: 400;\">\u00bb y \u00ab<\/span><i><span style=\"font-weight: 400;\">autosuficiente<\/span><\/i><span style=\"font-weight: 400;\">\u00ab. Incluso se aseguraba que el pa\u00eds pod\u00eda derrotar completamente solo a los aliados, a pesar de su superioridad num\u00e9rica, debido a la \u00ab<\/span><i><span style=\"font-weight: 400;\">santidad<\/span><\/i><span style=\"font-weight: 400;\">\u00bb y \u00ab<\/span><i><span style=\"font-weight: 400;\">justicia<\/span><\/i><span style=\"font-weight: 400;\">\u00bb de la causa que defend\u00eda. La grandeza de la naci\u00f3n paraguaya ten\u00eda su origen en el v\u00ednculo indestructible que ligaba al pueblo con su presidente:<\/span><\/p>\n<p>&nbsp;<\/p>\n<p><b><i>\u201cEn la Am\u00e9rica democr\u00e1tica no conocemos un pueblo m\u00e1s unido a su Gobierno que el Paraguay (\u2026) cuyo incontrastable poder y grandeza nace de esa uni\u00f3n (\u2026) Esta es la verdadera uni\u00f3n y la alianza m\u00e1s leg\u00edtima que dignifica al pueblo soberano.\u201d<\/i><\/b><\/p>\n<p>&nbsp;<\/p>\n<p><span style=\"font-weight: 400;\">Los peri\u00f3dicos de trinchera fueron haciendo al Mariscal el \u00ab<\/span><i><span style=\"font-weight: 400;\">gu\u00eda natural<\/span><\/i><span style=\"font-weight: 400;\">\u00bb del pa\u00eds, responsable exclusivo de todas las cualidades atribuidas a Paraguay<\/span> <span style=\"font-weight: 400;\">. De esta forma, se fue construyendo un mito alrededor de su persona, quien incluso lleg\u00f3 a ser considerado como una divinidad. Asimismo, la afirmaci\u00f3n de que L\u00f3pez contaba con el respaldo de la totalidad del pueblo paraguayo era, por un lado, una respuesta a las acusaciones de despotismo vertidas por la prensa enemiga, y por otro, era uno de los principales argumentos utilizados para descalificar al Tratado de la Triple Alianza.<\/span><\/p>\n<p>&nbsp;<\/p>\n<p><span style=\"font-weight: 400;\">El punto nodal de las cr\u00edticas a las cl\u00e1usulas del tratado se dirig\u00eda al art\u00edculo siete, donde se anunciaba que la guerra no era emprendida contra el pueblo paraguayo sino contra su gobierno. Ante esa norma, <\/span><b><i>El Centinela<\/i><\/b><span style=\"font-weight: 400;\"> sosten\u00eda que:<\/span><\/p>\n<p>&nbsp;<\/p>\n<p><b><i>\u201c(\u2026) el pueblo paraguayo responde: nuestro destino y ventura est\u00e1n indisolublemente unidos \u00e1 nuestro magn\u00e1nimo Presidente.\u201d<\/i><\/b><\/p>\n<p>&nbsp;<\/p>\n<p><span style=\"font-weight: 400;\">A continuaci\u00f3n, se declaraba que:<\/span><\/p>\n<p>&nbsp;<\/p>\n<p><b><i>\u201c(\u2026) nuestra sangre ilustre defender\u00e1 con gloria la Patria, la libertad y el Gobierno que nos hemos dado en virtud de la Soberan\u00eda \u00e9 independencia que disfrutamos.\u201d<\/i><\/b><\/p>\n<p>&nbsp;<\/p>\n<p><span style=\"font-weight: 400;\">El Tratado de la Triple Alianza era calificado de \u00ab<\/span><i><span style=\"font-weight: 400;\">clandestino<\/span><\/i><span style=\"font-weight: 400;\">\u00bb porque pretend\u00eda acabar con la \u00ab<\/span><i><span style=\"font-weight: 400;\">independencia e integridad de la Rep\u00fablica paraguaya<\/span><\/i><span style=\"font-weight: 400;\">\u00ab. La intenci\u00f3n de obligar a Solano L\u00f3pez a renunciar a la presidencia de su pa\u00eds era considerada una \u00ab<\/span><i><span style=\"font-weight: 400;\">aberraci\u00f3n deplorable<\/span><\/i><span style=\"font-weight: 400;\">\u00ab, porque significaba la abierta negaci\u00f3n de la soberan\u00eda del pueblo paraguayo.<\/span><\/p>\n<p>&nbsp;<\/p>\n<p><span style=\"font-weight: 400;\">En definitiva, al igual que <\/span><b><i>La Naci\u00f3n Argentina<\/i><\/b><span style=\"font-weight: 400;\">, la prensa paraguaya utiliz\u00f3 diversas estrategias comunicacionales para referirse de manera negativa a sus enemigos, al mismo tiempo que constru\u00eda una representaci\u00f3n positiva de su pa\u00eds. Para los peri\u00f3dicos de trinchera, a diferencia de lo difundido por <\/span><b><i>La Naci\u00f3n Argentina<\/i><\/b><span style=\"font-weight: 400;\">, el rol de Paraguay en la Guerra de la Triple Alianza era luchar en favor del republicanismo, por lo tanto, su acci\u00f3n b\u00e9lica iba m\u00e1s all\u00e1 de la protecci\u00f3n nacional ante la invasi\u00f3n aliada. La causa de Paraguay consist\u00eda en defender los valores universales, es decir, la \u00ab<\/span><i><span style=\"font-weight: 400;\">libertad<\/span><\/i><span style=\"font-weight: 400;\">\u00ab, el \u00ab<\/span><i><span style=\"font-weight: 400;\">derecho<\/span><\/i><span style=\"font-weight: 400;\">\u00ab, la \u00ab<\/span><i><span style=\"font-weight: 400;\">soberan\u00eda<\/span><\/i><span style=\"font-weight: 400;\">\u00ab, etc. Por ello, su causa se extend\u00eda a toda Am\u00e9rica, porque Brasil a trav\u00e9s del ataque militar al Paraguay estaba en realidad invadiendo la independencia de todas las rep\u00fablicas americanas. De esta manera, una vez logrado el triunfo sobre el Imperio, \u00ab<\/span><i><span style=\"font-weight: 400;\">el Paraguay dir\u00e1 \u00e1 la Am\u00e9rica: He salvado la Democracia<\/span><\/i><span style=\"font-weight: 400;\">\u00ab. Inclusive, el \u00e9xito del Paraguay, aseguraba <\/span><b><i>El Centinela<\/i><\/b><span style=\"font-weight: 400;\">, ser\u00e1 tambi\u00e9n un triunfo para el mismo Brasil porque sus s\u00fabditos se convertir\u00e1n en ciudadanos de pleno derecho: \u00ab<\/span><i><span style=\"font-weight: 400;\">Los negros tendr\u00e1n que agradecernos, por que al fin los haremos vivir sin argollas, sin cadenas y sin opresi\u00f3n<\/span><\/i><span style=\"font-weight: 400;\">\u00ab.<\/span><\/p>\n<p>&nbsp;<\/p>\n<h3><b>Consideraciones finales<\/b><\/h3>\n<p>&nbsp;<\/p>\n<p><span style=\"font-weight: 400;\">Ante la Guerra del Paraguay o Guerra de la Triple Alianza la prensa publicada en los pa\u00edses contendientes se volc\u00f3 de lleno a explicar a sus lectores el porqu\u00e9 de la lucha. En base al an\u00e1lisis comparado del corpus de peri\u00f3dicos seleccionados de Argentina y Paraguay podemos observar que la prensa de ambos pa\u00edses utiliz\u00f3 recursos similares con el fin de divulgar las posturas sostenidas por los gobiernos en pugna. Tanto en los art\u00edculos de <\/span><b><i>La Naci\u00f3n Argentina<\/i><\/b><span style=\"font-weight: 400;\"> como en la prensa paraguaya predominaron, por un lado, el estilo combativo, caracterizado por brindar una explicaci\u00f3n unilateral y doctrinaria basada en una exposici\u00f3n de acontecimientos cuidadosamente seleccionados, y por otro, el estilo apolog\u00e9tico o propagand\u00edstico, caracterizado por la defensa de las posiciones y acciones del gobierno de turno.<\/span><\/p>\n<p>&nbsp;<\/p>\n<p><span style=\"font-weight: 400;\">La prensa de los dos pa\u00edses utiliz\u00f3 ambos estilos para construir un discurso manique\u00edsta que demonizaba al enemigo, se\u00f1al\u00e1ndolo como la causa de todos los males. Las acusaciones cruzadas de salvajismo y barbarie atravesaron las p\u00e1ginas de los peri\u00f3dicos, junto con auto representaciones de civilidad y progreso, lo que pone de manifiesto que la prensa se encarg\u00f3 de construir fuertes estereotipos de los pa\u00edses enfrentados, sobre la base de una relectura de los discursos en circulaci\u00f3n en el R\u00edo de la Plata anteriores al comienzo del conflicto. De esta manera, seg\u00fan la prensa argentina y paraguaya, lo que en realidad estaba en pugna eran dos sistemas pol\u00edticos diferentes: la tiran\u00eda contra la libertad. El problema se encontraba en quien encarnaba a esos sistemas, y ah\u00ed justamente se encuentra la clave a trav\u00e9s de la cual gir\u00f3 el combate desplegado por la prensa de esos pa\u00edses combatientes.<\/span><\/p>\n<p>&nbsp;<\/p>\n<p><span style=\"font-weight: 400;\">En este sentido, las acusaciones con respecto al desencadenamiento del conflicto fueron una cuesti\u00f3n central. <\/span><b><i>La Naci\u00f3n Argentina<\/i><\/b><span style=\"font-weight: 400;\"> atribuy\u00f3 toda la responsabilidad de la guerra al Presidente de Paraguay, Francisco Solano L\u00f3pez. Como respuesta, la prensa de ese pa\u00eds, se empe\u00f1\u00f3 en argumentar que el enfrentamiento no era responsabilidad de L\u00f3pez sino que, por el contrario, era debida a la ambici\u00f3n del Emperador del Brasil. Las acusaciones contra Brasil iban m\u00e1s all\u00e1 de las cr\u00edticas a la persona de Pedro II, ya que la prensa paraguaya denunciaba las pretensiones expansionistas del Imperio, haciendo una extrapolaci\u00f3n del conflicto a un contexto mucho m\u00e1s amplio que el de la invasi\u00f3n al territorio nacional. Esos argumentos sirvieron a la prensa paraguaya para construir un discurso dicot\u00f3mico en el cual Paraguay representaba los valores republicanos de Am\u00e9rica del Sur.<\/span><\/p>\n<p>&nbsp;<\/p>\n<p><span style=\"font-weight: 400;\">Con respecto al Brasil, <\/span><b><i>La Naci\u00f3n Argentina<\/i><\/b><span style=\"font-weight: 400;\"> guard\u00f3 un llamativo silencio en sus editoriales, debido a que los valores liberales y republicanos que el gobierno de Mitre y el mismo diario dec\u00edan defender, los cuales eran usados para justificar la \u00ab<\/span><i><span style=\"font-weight: 400;\">cruzada civilizadora<\/span><\/i><span style=\"font-weight: 400;\">\u00bb contra el Paraguay, estaban ausentes en el Imperio del Brasil. Mencionar al Brasil pod\u00eda entonces debilitar los argumentos difundidos, al mismo tiempo este silencio, otorgaba preponderancia al rol de la Argentina y de Mitre en la contienda. En <\/span><b><i>La Naci\u00f3n Argentina<\/i><\/b><span style=\"font-weight: 400;\"> predomin\u00f3 una lectura de la guerra en la que se destacaba su significado para la organizaci\u00f3n nacional con Buenos Aires a la cabeza. A diferencia del caso de la prensa de Paraguay, no hubo un inter\u00e9s en exponer las causas de la guerra, sino en asimilar a Solano L\u00f3pez con el despotismo y el salvajismo, los b\u00e1rbaros enemigos de la unidad, del progreso y de la civilizaci\u00f3n, encarnados en el proyecto mitrista.<\/span><\/p>\n<p>&nbsp;<\/p>\n<p><span style=\"font-weight: 400;\">Los peri\u00f3dicos analizados en ambos pa\u00edses se esforzaron por presentar a la guerra como una cuesti\u00f3n de Estado, homologando al pueblo y al gobierno para involucrar a toda la poblaci\u00f3n, y por supuesto, tambi\u00e9n a la prensa. Sin embargo, <\/span><b><i>La Naci\u00f3n Argentina<\/i><\/b><span style=\"font-weight: 400;\"> tuvo un inter\u00e9s fundamental en presentarse a s\u00ed misma como un actor pol\u00edtico independiente y no como un \u00f3rgano de difusi\u00f3n del gobierno central, lo que se vincula con las necesidades propias de la pr\u00e1ctica period\u00edstica porte\u00f1a de la segunda mitad del siglo XIX. En cambio, sin la competencia de otros medios que le disputaran su lugar o le presentar\u00e1n debates, la prensa oficial de Paraguay reconoci\u00f3 su existencia a los incentivos del \u00ab<\/span><i><span style=\"font-weight: 400;\">genio<\/span><\/i><span style=\"font-weight: 400;\">\u00bb de Solano L\u00f3pez, motivo por el cual no desaprovechaba circunstancia para cantarle alabanzas, construyendo un mito alrededor de su persona. Sin embargo, <\/span><b><i>La Naci\u00f3n Argentina<\/i><\/b><span style=\"font-weight: 400;\">, a pesar de los intentos de distanciamiento, present\u00f3 a Mitre como el s\u00edmbolo de la unidad nacional y de la paz interior, como un presidente que fue obligado a marchar a la guerra debido a una invasi\u00f3n exterior. En defensa de la soberan\u00eda nacional toda la naci\u00f3n se hab\u00eda hermanado y alzado en armas, como lo evidenciaba el apoyo de Urquiza a la \u00ab<\/span><i><span style=\"font-weight: 400;\">pol\u00edtica noble<\/span><\/i><span style=\"font-weight: 400;\">\u00bb del gobierno nacional. De esta manera, para La Naci\u00f3n Argentina la guerra con el pa\u00eds vecino hab\u00eda logrado alcanzar esa unidad ambicionada por Mitre y su partido.<\/span><\/p>\n","protected":false},"excerpt":{"rendered":"<p>Entre 1864 y 1870, Paraguay y los tres pa\u00edses aliados (Argentina, Brasil y Uruguay) protagonizaron el mayor conflicto b\u00e9lico de la historia sudamericana. La Guerra de la Triple Alianza o Guerra del Paraguay, que tuvo una duraci\u00f3n de casi seis a\u00f1os (entre diciembre de 1864 y marzo de 1870), constituy\u00f3 una verdadera l\u00ednea divisoria en la historia de los pa\u00edses implicados, ya que se trat\u00f3 del conflicto externo de mayor repercusi\u00f3n para los Estados contendientes en lo que respecta a la movilizaci\u00f3n y p\u00e9rdida de vidas.<\/p>\n","protected":false},"author":1,"featured_media":15650,"comment_status":"open","ping_status":"closed","sticky":false,"template":"","format":"standard","meta":{"footnotes":""},"categories":[10,112],"tags":[],"class_list":["post-15648","post","type-post","status-publish","format-standard","has-post-thumbnail","hentry","category-historia","category-opinion"],"yoast_head":"<!-- This site is optimized with the Yoast SEO plugin v25.0 - https:\/\/yoast.com\/wordpress\/plugins\/seo\/ -->\n<title>Causas De La Guerra De La Triple Alianza A Trav\u00e9s De La Prensa Argentina Y Paraguaya (1862 \u2013 1870) - Nuestro Bio B\u00edo<\/title>\n<meta name=\"robots\" content=\"index, follow, max-snippet:-1, max-image-preview:large, max-video-preview:-1\" \/>\n<link rel=\"canonical\" href=\"https:\/\/www.fraczinet.cl\/sitio\/2024\/04\/30\/causas-de-la-guerra-de-la-triple-alianza-a-traves-de-la-prensa-argentina-y-paraguaya-1862-1870\/\" \/>\n<meta property=\"og:locale\" content=\"es_ES\" \/>\n<meta property=\"og:type\" content=\"article\" \/>\n<meta property=\"og:title\" content=\"Causas De La Guerra De La Triple Alianza A Trav\u00e9s De La Prensa Argentina Y Paraguaya (1862 \u2013 1870) - Nuestro Bio B\u00edo\" \/>\n<meta property=\"og:description\" content=\"Entre 1864 y 1870, Paraguay y los tres pa\u00edses aliados (Argentina, Brasil y Uruguay) protagonizaron el mayor conflicto b\u00e9lico de la historia sudamericana. La Guerra de la Triple Alianza o Guerra del Paraguay, que tuvo una duraci\u00f3n de casi seis a\u00f1os (entre diciembre de 1864 y marzo de 1870), constituy\u00f3 una verdadera l\u00ednea divisoria en la historia de los pa\u00edses implicados, ya que se trat\u00f3 del conflicto externo de mayor repercusi\u00f3n para los Estados contendientes en lo que respecta a la movilizaci\u00f3n y p\u00e9rdida de vidas.\" \/>\n<meta property=\"og:url\" content=\"https:\/\/www.fraczinet.cl\/sitio\/2024\/04\/30\/causas-de-la-guerra-de-la-triple-alianza-a-traves-de-la-prensa-argentina-y-paraguaya-1862-1870\/\" \/>\n<meta property=\"og:site_name\" content=\"Nuestro Bio B\u00edo\" \/>\n<meta property=\"article:published_time\" content=\"2024-04-30T03:51:10+00:00\" \/>\n<meta property=\"article:modified_time\" content=\"2024-05-02T01:53:31+00:00\" \/>\n<meta property=\"og:image\" content=\"https:\/\/www.fraczinet.cl\/sitio\/wp-content\/uploads\/2024\/04\/la-guerra-de-la-triple-alianza.jpeg\" \/>\n\t<meta property=\"og:image:width\" content=\"1280\" \/>\n\t<meta property=\"og:image:height\" content=\"720\" \/>\n\t<meta property=\"og:image:type\" content=\"image\/jpeg\" \/>\n<meta name=\"author\" content=\"admin\" \/>\n<meta name=\"twitter:card\" content=\"summary_large_image\" \/>\n<meta name=\"twitter:creator\" content=\"@nuestrobiobio\" \/>\n<meta name=\"twitter:site\" content=\"@nuestrobiobio\" \/>\n<meta name=\"twitter:label1\" content=\"Escrito por\" \/>\n\t<meta name=\"twitter:data1\" content=\"admin\" \/>\n\t<meta name=\"twitter:label2\" content=\"Tiempo de lectura\" \/>\n\t<meta name=\"twitter:data2\" content=\"23 minutos\" \/>\n<script type=\"application\/ld+json\" class=\"yoast-schema-graph\">{\"@context\":\"https:\/\/schema.org\",\"@graph\":[{\"@type\":\"Article\",\"@id\":\"https:\/\/www.fraczinet.cl\/sitio\/2024\/04\/30\/causas-de-la-guerra-de-la-triple-alianza-a-traves-de-la-prensa-argentina-y-paraguaya-1862-1870\/#article\",\"isPartOf\":{\"@id\":\"https:\/\/www.fraczinet.cl\/sitio\/2024\/04\/30\/causas-de-la-guerra-de-la-triple-alianza-a-traves-de-la-prensa-argentina-y-paraguaya-1862-1870\/\"},\"author\":{\"name\":\"admin\",\"@id\":\"https:\/\/www.fraczinet.cl\/sitio\/#\/schema\/person\/bc30f98e9cb10ae7e119dbe14bc93784\"},\"headline\":\"Causas De La Guerra De La Triple Alianza A Trav\u00e9s De La Prensa Argentina Y Paraguaya (1862 \u2013 1870)\",\"datePublished\":\"2024-04-30T03:51:10+00:00\",\"dateModified\":\"2024-05-02T01:53:31+00:00\",\"mainEntityOfPage\":{\"@id\":\"https:\/\/www.fraczinet.cl\/sitio\/2024\/04\/30\/causas-de-la-guerra-de-la-triple-alianza-a-traves-de-la-prensa-argentina-y-paraguaya-1862-1870\/\"},\"wordCount\":5416,\"commentCount\":0,\"publisher\":{\"@id\":\"https:\/\/www.fraczinet.cl\/sitio\/#\/schema\/person\/aec8ee4da68df2b9b0eefdad24a0d582\"},\"image\":{\"@id\":\"https:\/\/www.fraczinet.cl\/sitio\/2024\/04\/30\/causas-de-la-guerra-de-la-triple-alianza-a-traves-de-la-prensa-argentina-y-paraguaya-1862-1870\/#primaryimage\"},\"thumbnailUrl\":\"https:\/\/www.fraczinet.cl\/sitio\/wp-content\/uploads\/2024\/04\/la-guerra-de-la-triple-alianza.jpeg\",\"articleSection\":[\"Historia\",\"Opini\u00f3n\"],\"inLanguage\":\"es\",\"potentialAction\":[{\"@type\":\"CommentAction\",\"name\":\"Comment\",\"target\":[\"https:\/\/www.fraczinet.cl\/sitio\/2024\/04\/30\/causas-de-la-guerra-de-la-triple-alianza-a-traves-de-la-prensa-argentina-y-paraguaya-1862-1870\/#respond\"]}]},{\"@type\":\"WebPage\",\"@id\":\"https:\/\/www.fraczinet.cl\/sitio\/2024\/04\/30\/causas-de-la-guerra-de-la-triple-alianza-a-traves-de-la-prensa-argentina-y-paraguaya-1862-1870\/\",\"url\":\"https:\/\/www.fraczinet.cl\/sitio\/2024\/04\/30\/causas-de-la-guerra-de-la-triple-alianza-a-traves-de-la-prensa-argentina-y-paraguaya-1862-1870\/\",\"name\":\"Causas De La Guerra De La Triple Alianza A Trav\u00e9s De La Prensa Argentina Y Paraguaya (1862 \u2013 1870) - Nuestro Bio B\u00edo\",\"isPartOf\":{\"@id\":\"https:\/\/www.fraczinet.cl\/sitio\/#website\"},\"primaryImageOfPage\":{\"@id\":\"https:\/\/www.fraczinet.cl\/sitio\/2024\/04\/30\/causas-de-la-guerra-de-la-triple-alianza-a-traves-de-la-prensa-argentina-y-paraguaya-1862-1870\/#primaryimage\"},\"image\":{\"@id\":\"https:\/\/www.fraczinet.cl\/sitio\/2024\/04\/30\/causas-de-la-guerra-de-la-triple-alianza-a-traves-de-la-prensa-argentina-y-paraguaya-1862-1870\/#primaryimage\"},\"thumbnailUrl\":\"https:\/\/www.fraczinet.cl\/sitio\/wp-content\/uploads\/2024\/04\/la-guerra-de-la-triple-alianza.jpeg\",\"datePublished\":\"2024-04-30T03:51:10+00:00\",\"dateModified\":\"2024-05-02T01:53:31+00:00\",\"breadcrumb\":{\"@id\":\"https:\/\/www.fraczinet.cl\/sitio\/2024\/04\/30\/causas-de-la-guerra-de-la-triple-alianza-a-traves-de-la-prensa-argentina-y-paraguaya-1862-1870\/#breadcrumb\"},\"inLanguage\":\"es\",\"potentialAction\":[{\"@type\":\"ReadAction\",\"target\":[\"https:\/\/www.fraczinet.cl\/sitio\/2024\/04\/30\/causas-de-la-guerra-de-la-triple-alianza-a-traves-de-la-prensa-argentina-y-paraguaya-1862-1870\/\"]}]},{\"@type\":\"ImageObject\",\"inLanguage\":\"es\",\"@id\":\"https:\/\/www.fraczinet.cl\/sitio\/2024\/04\/30\/causas-de-la-guerra-de-la-triple-alianza-a-traves-de-la-prensa-argentina-y-paraguaya-1862-1870\/#primaryimage\",\"url\":\"https:\/\/www.fraczinet.cl\/sitio\/wp-content\/uploads\/2024\/04\/la-guerra-de-la-triple-alianza.jpeg\",\"contentUrl\":\"https:\/\/www.fraczinet.cl\/sitio\/wp-content\/uploads\/2024\/04\/la-guerra-de-la-triple-alianza.jpeg\",\"width\":1280,\"height\":720,\"caption\":\"La Guerra de La Triple Alianza\"},{\"@type\":\"BreadcrumbList\",\"@id\":\"https:\/\/www.fraczinet.cl\/sitio\/2024\/04\/30\/causas-de-la-guerra-de-la-triple-alianza-a-traves-de-la-prensa-argentina-y-paraguaya-1862-1870\/#breadcrumb\",\"itemListElement\":[{\"@type\":\"ListItem\",\"position\":1,\"name\":\"Portada\",\"item\":\"https:\/\/www.fraczinet.cl\/sitio\/\"},{\"@type\":\"ListItem\",\"position\":2,\"name\":\"Causas De La Guerra De La Triple Alianza A Trav\u00e9s De La Prensa Argentina Y Paraguaya (1862 \u2013 1870)\"}]},{\"@type\":\"WebSite\",\"@id\":\"https:\/\/www.fraczinet.cl\/sitio\/#website\",\"url\":\"https:\/\/www.fraczinet.cl\/sitio\/\",\"name\":\"Nuestro Bio B\u00edo\",\"description\":\"Tierra de Encuentros\",\"publisher\":{\"@id\":\"https:\/\/www.fraczinet.cl\/sitio\/#\/schema\/person\/aec8ee4da68df2b9b0eefdad24a0d582\"},\"potentialAction\":[{\"@type\":\"SearchAction\",\"target\":{\"@type\":\"EntryPoint\",\"urlTemplate\":\"https:\/\/www.fraczinet.cl\/sitio\/?s={search_term_string}\"},\"query-input\":{\"@type\":\"PropertyValueSpecification\",\"valueRequired\":true,\"valueName\":\"search_term_string\"}}],\"inLanguage\":\"es\"},{\"@type\":[\"Person\",\"Organization\"],\"@id\":\"https:\/\/www.fraczinet.cl\/sitio\/#\/schema\/person\/aec8ee4da68df2b9b0eefdad24a0d582\",\"name\":\"Luis Fernando Fraczinet\",\"image\":{\"@type\":\"ImageObject\",\"inLanguage\":\"es\",\"@id\":\"https:\/\/www.fraczinet.cl\/sitio\/#\/schema\/person\/image\/\",\"url\":\"https:\/\/www.fraczinet.cl\/sitio\/wp-content\/uploads\/2021\/07\/bannerlogo-1.gif\",\"contentUrl\":\"https:\/\/www.fraczinet.cl\/sitio\/wp-content\/uploads\/2021\/07\/bannerlogo-1.gif\",\"width\":159,\"height\":79,\"caption\":\"Luis Fernando Fraczinet\"},\"logo\":{\"@id\":\"https:\/\/www.fraczinet.cl\/sitio\/#\/schema\/person\/image\/\"},\"sameAs\":[\"https:\/\/www.fraczinet.cl\/sitio\/\"]},{\"@type\":\"Person\",\"@id\":\"https:\/\/www.fraczinet.cl\/sitio\/#\/schema\/person\/bc30f98e9cb10ae7e119dbe14bc93784\",\"name\":\"admin\",\"image\":{\"@type\":\"ImageObject\",\"inLanguage\":\"es\",\"@id\":\"https:\/\/www.fraczinet.cl\/sitio\/#\/schema\/person\/image\/\",\"url\":\"https:\/\/secure.gravatar.com\/avatar\/d5ad3cf7ef3b23a2bb5be73be780c86b2fc8545c3ad6b149f3913ff458c00099?s=96&d=mm&r=g\",\"contentUrl\":\"https:\/\/secure.gravatar.com\/avatar\/d5ad3cf7ef3b23a2bb5be73be780c86b2fc8545c3ad6b149f3913ff458c00099?s=96&d=mm&r=g\",\"caption\":\"admin\"},\"sameAs\":[\"https:\/\/www.fraczinet.cl\/sitio\"]}]}<\/script>\n<!-- \/ Yoast SEO plugin. -->","yoast_head_json":{"title":"Causas De La Guerra De La Triple Alianza A Trav\u00e9s De La Prensa Argentina Y Paraguaya (1862 \u2013 1870) - Nuestro Bio B\u00edo","robots":{"index":"index","follow":"follow","max-snippet":"max-snippet:-1","max-image-preview":"max-image-preview:large","max-video-preview":"max-video-preview:-1"},"canonical":"https:\/\/www.fraczinet.cl\/sitio\/2024\/04\/30\/causas-de-la-guerra-de-la-triple-alianza-a-traves-de-la-prensa-argentina-y-paraguaya-1862-1870\/","og_locale":"es_ES","og_type":"article","og_title":"Causas De La Guerra De La Triple Alianza A Trav\u00e9s De La Prensa Argentina Y Paraguaya (1862 \u2013 1870) - Nuestro Bio B\u00edo","og_description":"Entre 1864 y 1870, Paraguay y los tres pa\u00edses aliados (Argentina, Brasil y Uruguay) protagonizaron el mayor conflicto b\u00e9lico de la historia sudamericana. La Guerra de la Triple Alianza o Guerra del Paraguay, que tuvo una duraci\u00f3n de casi seis a\u00f1os (entre diciembre de 1864 y marzo de 1870), constituy\u00f3 una verdadera l\u00ednea divisoria en la historia de los pa\u00edses implicados, ya que se trat\u00f3 del conflicto externo de mayor repercusi\u00f3n para los Estados contendientes en lo que respecta a la movilizaci\u00f3n y p\u00e9rdida de vidas.","og_url":"https:\/\/www.fraczinet.cl\/sitio\/2024\/04\/30\/causas-de-la-guerra-de-la-triple-alianza-a-traves-de-la-prensa-argentina-y-paraguaya-1862-1870\/","og_site_name":"Nuestro Bio B\u00edo","article_published_time":"2024-04-30T03:51:10+00:00","article_modified_time":"2024-05-02T01:53:31+00:00","og_image":[{"width":1280,"height":720,"url":"https:\/\/www.fraczinet.cl\/sitio\/wp-content\/uploads\/2024\/04\/la-guerra-de-la-triple-alianza.jpeg","type":"image\/jpeg"}],"author":"admin","twitter_card":"summary_large_image","twitter_creator":"@nuestrobiobio","twitter_site":"@nuestrobiobio","twitter_misc":{"Escrito por":"admin","Tiempo de lectura":"23 minutos"},"schema":{"@context":"https:\/\/schema.org","@graph":[{"@type":"Article","@id":"https:\/\/www.fraczinet.cl\/sitio\/2024\/04\/30\/causas-de-la-guerra-de-la-triple-alianza-a-traves-de-la-prensa-argentina-y-paraguaya-1862-1870\/#article","isPartOf":{"@id":"https:\/\/www.fraczinet.cl\/sitio\/2024\/04\/30\/causas-de-la-guerra-de-la-triple-alianza-a-traves-de-la-prensa-argentina-y-paraguaya-1862-1870\/"},"author":{"name":"admin","@id":"https:\/\/www.fraczinet.cl\/sitio\/#\/schema\/person\/bc30f98e9cb10ae7e119dbe14bc93784"},"headline":"Causas De La Guerra De La Triple Alianza A Trav\u00e9s De La Prensa Argentina Y Paraguaya (1862 \u2013 1870)","datePublished":"2024-04-30T03:51:10+00:00","dateModified":"2024-05-02T01:53:31+00:00","mainEntityOfPage":{"@id":"https:\/\/www.fraczinet.cl\/sitio\/2024\/04\/30\/causas-de-la-guerra-de-la-triple-alianza-a-traves-de-la-prensa-argentina-y-paraguaya-1862-1870\/"},"wordCount":5416,"commentCount":0,"publisher":{"@id":"https:\/\/www.fraczinet.cl\/sitio\/#\/schema\/person\/aec8ee4da68df2b9b0eefdad24a0d582"},"image":{"@id":"https:\/\/www.fraczinet.cl\/sitio\/2024\/04\/30\/causas-de-la-guerra-de-la-triple-alianza-a-traves-de-la-prensa-argentina-y-paraguaya-1862-1870\/#primaryimage"},"thumbnailUrl":"https:\/\/www.fraczinet.cl\/sitio\/wp-content\/uploads\/2024\/04\/la-guerra-de-la-triple-alianza.jpeg","articleSection":["Historia","Opini\u00f3n"],"inLanguage":"es","potentialAction":[{"@type":"CommentAction","name":"Comment","target":["https:\/\/www.fraczinet.cl\/sitio\/2024\/04\/30\/causas-de-la-guerra-de-la-triple-alianza-a-traves-de-la-prensa-argentina-y-paraguaya-1862-1870\/#respond"]}]},{"@type":"WebPage","@id":"https:\/\/www.fraczinet.cl\/sitio\/2024\/04\/30\/causas-de-la-guerra-de-la-triple-alianza-a-traves-de-la-prensa-argentina-y-paraguaya-1862-1870\/","url":"https:\/\/www.fraczinet.cl\/sitio\/2024\/04\/30\/causas-de-la-guerra-de-la-triple-alianza-a-traves-de-la-prensa-argentina-y-paraguaya-1862-1870\/","name":"Causas De La Guerra De La Triple Alianza A Trav\u00e9s De La Prensa Argentina Y Paraguaya (1862 \u2013 1870) - Nuestro Bio B\u00edo","isPartOf":{"@id":"https:\/\/www.fraczinet.cl\/sitio\/#website"},"primaryImageOfPage":{"@id":"https:\/\/www.fraczinet.cl\/sitio\/2024\/04\/30\/causas-de-la-guerra-de-la-triple-alianza-a-traves-de-la-prensa-argentina-y-paraguaya-1862-1870\/#primaryimage"},"image":{"@id":"https:\/\/www.fraczinet.cl\/sitio\/2024\/04\/30\/causas-de-la-guerra-de-la-triple-alianza-a-traves-de-la-prensa-argentina-y-paraguaya-1862-1870\/#primaryimage"},"thumbnailUrl":"https:\/\/www.fraczinet.cl\/sitio\/wp-content\/uploads\/2024\/04\/la-guerra-de-la-triple-alianza.jpeg","datePublished":"2024-04-30T03:51:10+00:00","dateModified":"2024-05-02T01:53:31+00:00","breadcrumb":{"@id":"https:\/\/www.fraczinet.cl\/sitio\/2024\/04\/30\/causas-de-la-guerra-de-la-triple-alianza-a-traves-de-la-prensa-argentina-y-paraguaya-1862-1870\/#breadcrumb"},"inLanguage":"es","potentialAction":[{"@type":"ReadAction","target":["https:\/\/www.fraczinet.cl\/sitio\/2024\/04\/30\/causas-de-la-guerra-de-la-triple-alianza-a-traves-de-la-prensa-argentina-y-paraguaya-1862-1870\/"]}]},{"@type":"ImageObject","inLanguage":"es","@id":"https:\/\/www.fraczinet.cl\/sitio\/2024\/04\/30\/causas-de-la-guerra-de-la-triple-alianza-a-traves-de-la-prensa-argentina-y-paraguaya-1862-1870\/#primaryimage","url":"https:\/\/www.fraczinet.cl\/sitio\/wp-content\/uploads\/2024\/04\/la-guerra-de-la-triple-alianza.jpeg","contentUrl":"https:\/\/www.fraczinet.cl\/sitio\/wp-content\/uploads\/2024\/04\/la-guerra-de-la-triple-alianza.jpeg","width":1280,"height":720,"caption":"La Guerra de La Triple Alianza"},{"@type":"BreadcrumbList","@id":"https:\/\/www.fraczinet.cl\/sitio\/2024\/04\/30\/causas-de-la-guerra-de-la-triple-alianza-a-traves-de-la-prensa-argentina-y-paraguaya-1862-1870\/#breadcrumb","itemListElement":[{"@type":"ListItem","position":1,"name":"Portada","item":"https:\/\/www.fraczinet.cl\/sitio\/"},{"@type":"ListItem","position":2,"name":"Causas De La Guerra De La Triple Alianza A Trav\u00e9s De La Prensa Argentina Y Paraguaya (1862 \u2013 1870)"}]},{"@type":"WebSite","@id":"https:\/\/www.fraczinet.cl\/sitio\/#website","url":"https:\/\/www.fraczinet.cl\/sitio\/","name":"Nuestro Bio B\u00edo","description":"Tierra de Encuentros","publisher":{"@id":"https:\/\/www.fraczinet.cl\/sitio\/#\/schema\/person\/aec8ee4da68df2b9b0eefdad24a0d582"},"potentialAction":[{"@type":"SearchAction","target":{"@type":"EntryPoint","urlTemplate":"https:\/\/www.fraczinet.cl\/sitio\/?s={search_term_string}"},"query-input":{"@type":"PropertyValueSpecification","valueRequired":true,"valueName":"search_term_string"}}],"inLanguage":"es"},{"@type":["Person","Organization"],"@id":"https:\/\/www.fraczinet.cl\/sitio\/#\/schema\/person\/aec8ee4da68df2b9b0eefdad24a0d582","name":"Luis Fernando Fraczinet","image":{"@type":"ImageObject","inLanguage":"es","@id":"https:\/\/www.fraczinet.cl\/sitio\/#\/schema\/person\/image\/","url":"https:\/\/www.fraczinet.cl\/sitio\/wp-content\/uploads\/2021\/07\/bannerlogo-1.gif","contentUrl":"https:\/\/www.fraczinet.cl\/sitio\/wp-content\/uploads\/2021\/07\/bannerlogo-1.gif","width":159,"height":79,"caption":"Luis Fernando Fraczinet"},"logo":{"@id":"https:\/\/www.fraczinet.cl\/sitio\/#\/schema\/person\/image\/"},"sameAs":["https:\/\/www.fraczinet.cl\/sitio\/"]},{"@type":"Person","@id":"https:\/\/www.fraczinet.cl\/sitio\/#\/schema\/person\/bc30f98e9cb10ae7e119dbe14bc93784","name":"admin","image":{"@type":"ImageObject","inLanguage":"es","@id":"https:\/\/www.fraczinet.cl\/sitio\/#\/schema\/person\/image\/","url":"https:\/\/secure.gravatar.com\/avatar\/d5ad3cf7ef3b23a2bb5be73be780c86b2fc8545c3ad6b149f3913ff458c00099?s=96&d=mm&r=g","contentUrl":"https:\/\/secure.gravatar.com\/avatar\/d5ad3cf7ef3b23a2bb5be73be780c86b2fc8545c3ad6b149f3913ff458c00099?s=96&d=mm&r=g","caption":"admin"},"sameAs":["https:\/\/www.fraczinet.cl\/sitio"]}]}},"_links":{"self":[{"href":"https:\/\/www.fraczinet.cl\/sitio\/wp-json\/wp\/v2\/posts\/15648","targetHints":{"allow":["GET"]}}],"collection":[{"href":"https:\/\/www.fraczinet.cl\/sitio\/wp-json\/wp\/v2\/posts"}],"about":[{"href":"https:\/\/www.fraczinet.cl\/sitio\/wp-json\/wp\/v2\/types\/post"}],"author":[{"embeddable":true,"href":"https:\/\/www.fraczinet.cl\/sitio\/wp-json\/wp\/v2\/users\/1"}],"replies":[{"embeddable":true,"href":"https:\/\/www.fraczinet.cl\/sitio\/wp-json\/wp\/v2\/comments?post=15648"}],"version-history":[{"count":2,"href":"https:\/\/www.fraczinet.cl\/sitio\/wp-json\/wp\/v2\/posts\/15648\/revisions"}],"predecessor-version":[{"id":15652,"href":"https:\/\/www.fraczinet.cl\/sitio\/wp-json\/wp\/v2\/posts\/15648\/revisions\/15652"}],"wp:featuredmedia":[{"embeddable":true,"href":"https:\/\/www.fraczinet.cl\/sitio\/wp-json\/wp\/v2\/media\/15650"}],"wp:attachment":[{"href":"https:\/\/www.fraczinet.cl\/sitio\/wp-json\/wp\/v2\/media?parent=15648"}],"wp:term":[{"taxonomy":"category","embeddable":true,"href":"https:\/\/www.fraczinet.cl\/sitio\/wp-json\/wp\/v2\/categories?post=15648"},{"taxonomy":"post_tag","embeddable":true,"href":"https:\/\/www.fraczinet.cl\/sitio\/wp-json\/wp\/v2\/tags?post=15648"}],"curies":[{"name":"wp","href":"https:\/\/api.w.org\/{rel}","templated":true}]}}