{"id":15654,"date":"2024-05-03T15:48:09","date_gmt":"2024-05-03T15:48:09","guid":{"rendered":"https:\/\/www.fraczinet.cl\/sitio\/?p=15654"},"modified":"2024-05-03T18:39:35","modified_gmt":"2024-05-03T18:39:35","slug":"de-que-trata-la-economia","status":"publish","type":"post","link":"https:\/\/www.fraczinet.cl\/sitio\/2024\/05\/03\/de-que-trata-la-economia\/","title":{"rendered":"\u00bfDe Qu\u00e9 Trata La Econom\u00eda?"},"content":{"rendered":"<figure id=\"attachment_15655\" aria-describedby=\"caption-attachment-15655\" style=\"width: 300px\" class=\"wp-caption alignleft\"><img fetchpriority=\"high\" decoding=\"async\" class=\"wp-image-15655 size-medium\" title=\"Marx y Engels en Bishkek\" src=\"https:\/\/www.fraczinet.cl\/sitio\/wp-content\/uploads\/2024\/05\/monumento-karl-marx-friedrich-engels-era-sovietica_527134-329-300x200.jpg\" alt=\"Marx y Engels en Bishkek\" width=\"300\" height=\"200\" srcset=\"https:\/\/www.fraczinet.cl\/sitio\/wp-content\/uploads\/2024\/05\/monumento-karl-marx-friedrich-engels-era-sovietica_527134-329-300x200.jpg 300w, https:\/\/www.fraczinet.cl\/sitio\/wp-content\/uploads\/2024\/05\/monumento-karl-marx-friedrich-engels-era-sovietica_527134-329.jpg 740w\" sizes=\"(max-width: 300px) 100vw, 300px\" \/><figcaption id=\"caption-attachment-15655\" class=\"wp-caption-text\">Marx y Engels en Bishkek<\/figcaption><\/figure>\n<h5><strong>Del griego oikos nomos&#8230; (hogar administraci\u00f3n), la Econom\u00eda tiene que ver con la gesti\u00f3n del hogar. Bruno Le Maire es un ejemplo. Ministro de Finanzas galo, prometi\u00f3 arrodillar econ\u00f3micamente a Rusia y&#8230; \u00bfQu\u00e9? A siete a\u00f1os de su gesti\u00f3n la deuda p\u00fablica supera los 3 billones de euros, Francia es el pa\u00eds m\u00e1s endeudado de la Uni\u00f3n, el d\u00e9ficit presupuestario sobrepasa el 5,5% del PIB&#8230; un desastre. \u00a1Ah! Olvidaba decirte: Bruno Le Maire es economista\u2026<\/strong><\/h5>\n<p>&nbsp;<\/p>\n<h5>Por Luis Casado. Fuente\u00a0<a href=\"mailto:diarioelect.politika@gmail.com\">Diario Electr\u00f3nico Politika<\/a><\/h5>\n<p>&nbsp;<\/p>\n<p><span style=\"font-weight: 400;\">Me hab\u00eda prometido a m\u00ed mismo alejarme del tema, como otros toman distancia de la botella, de las pelotas, de las minas o de la cuesti\u00f3n social. Mayormente porque no hay materia&#8230;<\/span><\/p>\n<p>&nbsp;<\/p>\n<p><span style=\"font-weight: 400;\">\u00bfDe qu\u00e9 quieres hablar a prop\u00f3sito de econom\u00eda que no suene a ecolalia?<\/span><\/p>\n<p>&nbsp;<\/p>\n<p><span style=\"font-weight: 400;\">No existe ni siquiera el morbo de alg\u00fan descubrimiento reciente, y tampoco alg\u00fan mensaje \u00fatil de la sonda Voyager cuyo gal\u00e1ctico periplo a\u00fan no descubre ni nuevos mercados ni mano de obra explotable.<\/span><\/p>\n<p>&nbsp;<\/p>\n<p><span style=\"font-weight: 400;\">Te quedas pues reducido a recordar lo b\u00e1sico de lo esencial, a no ser que busques cachondearte de los pseudo-premios Nobel y otros famosillos de la econom\u00eda siempre dispuestos a decir burradas.<\/span><\/p>\n<p>&nbsp;<\/p>\n<p><span style=\"font-weight: 400;\">Un economista normalmente constituido prev\u00e9 el avenir, y accesoriamente explica no como funciona la econom\u00eda sino c\u00f3mo debiese funcionar. Hay ejemplos deslumbrantes.<\/span><\/p>\n<p>&nbsp;<\/p>\n<p><span style=\"font-weight: 400;\">Irving Fisher (New York 1867-1947) fue un economista yanqui famoso por sus trabajos sobre las tasas de inter\u00e9s y la teor\u00eda del capital. D\u00edas antes del peor desastre del capitalismo, el krach de 1929, Fisher escrib\u00eda:<\/span><\/p>\n<p>&nbsp;<\/p>\n<p><span style=\"font-weight: 400;\">\u201cel precio de las acciones alcanz\u00f3 lo que parece ser un altiplano permanente\u201d.<\/span><\/p>\n<p>&nbsp;<\/p>\n<p><span style=\"font-weight: 400;\">El 21 de octubre de 1929 Fisher declar\u00f3: la Bolsa \u201cno tiembla sino a causa de la locura de unos pocos\u201d, agregando que las cotas burs\u00e1tiles a\u00fan no alcanzaban su verdadero valor y deb\u00edan seguir subiendo. <\/span><b>El c\u00e9lebre \u201cjueves negro\u201d del 24 de octubre<\/b><span style=\"font-weight: 400;\"> lo desminti\u00f3 de mala manera.<\/span><\/p>\n<p>&nbsp;<\/p>\n<p><span style=\"font-weight: 400;\">La lucidez de los economistas encandila. Si Mario Marcel dice que no hay de qu\u00e9 preocuparse, un consejo: c\u00f3mprate un paraca\u00eddas y un pote de vaselina.<\/span><\/p>\n<p>&nbsp;<\/p>\n<p><span style=\"font-weight: 400;\">Otro genio, Philippe Simonnot, economista franc\u00e9s, aclara el tema:<\/span><\/p>\n<p>&nbsp;<\/p>\n<p><span style=\"font-weight: 400;\">\u201cSi el camino al infierno est\u00e1 pavimentado de buenas intenciones, la historia econ\u00f3mica est\u00e1 pavimentada de errores (&#8230;) Errores de previsi\u00f3n, errores de an\u00e1lisis, errores conceptuales, errores de diagn\u00f3stico, errores de juicio, errores de razonamiento, que tienen al menos un punto en com\u00fan: podr\u00edan haber sido evitados, si no hubiese habido frecuentemente en el inicio la intenci\u00f3n de hacerlo bien.\u201d<\/span><\/p>\n<p>&nbsp;<\/p>\n<p><span style=\"font-weight: 400;\">Te previne: el tipo es un genio. Para no cometer errores debes partir con la intenci\u00f3n de hacerlo mal.<\/span><\/p>\n<p>&nbsp;<\/p>\n<p><span style=\"font-weight: 400;\">Simonnot agrega<\/span><\/p>\n<p>&nbsp;<\/p>\n<p><span style=\"font-weight: 400;\">\u201cEn el centro de estos errores cometidos tanto por los pol\u00edticos como por los economistas, est\u00e1 la mala comprensi\u00f3n de las leyes de la oferta y la demanda.\u201d<\/span><\/p>\n<p>&nbsp;<\/p>\n<p><span style=\"font-weight: 400;\">Para explicar las causas de los errores en los economistas, Simonnot invoca la dificultad de estos \u00faltimos para profundizar las leyes del mercado. Dicho de otro modo, si no logras multiplicar, es porque no aprendistes las tablas del 1 al 10.<\/span><\/p>\n<p>&nbsp;<\/p>\n<p><span style=\"font-weight: 400;\">Quienes abordan la cuesti\u00f3n con un poquillo de seriedad explican que lo \u00fanico que tiene inter\u00e9s en la econom\u00eda es el modo de distribuci\u00f3n del producto. David Ricardo (1772-1823) por ejemplo, mira ver:<\/span><\/p>\n<p>&nbsp;<\/p>\n<p><span style=\"font-weight: 400;\">\u201cEl producto de la tierra, es decir lo que se retira de su superficie por medio de la utilizaci\u00f3n conjunta del trabajo, de las m\u00e1quinas y del capital, se reparte entre tres clases de la comunidad: los propietarios de la tierra, los detentores del capital necesario para su explotaci\u00f3n, y los trabajadores que la cultivan (\u2026) bajo el nombre de renta, de lucro y de salarios (\u2026) Determinar las leyes que gobiernan esta repartici\u00f3n constituye el principal problema en econom\u00eda pol\u00edtica.\u201d (D. Ricardo. \u00abDe los principios de la econom\u00eda pol\u00edtica y el impuesto\u00bb. 19 de abril de 1817).<\/span><\/p>\n<p>&nbsp;<\/p>\n<p><span style=\"font-weight: 400;\">En adelante nadie lo ha dicho mejor y lo dem\u00e1s son cuentos para hacer dormir a los currantes insomnes. N\u00f3tese que Ricardo no dice nada sobre c\u00f3mo los rentistas se apoderaron de la tierra, ni de c\u00f3mo los detentores del capital lo acumularon.<\/span><\/p>\n<p>&nbsp;<\/p>\n<p><span style=\"font-weight: 400;\">T\u00fa ya sabes: \u201cAl principio era el caos&#8230;\u201d Luego Dios separ\u00f3 la luz de las tinieblas y los humanos vieron que exist\u00eda la propiedad privada&#8230; \u00a1Milagro!<\/span><\/p>\n<p>&nbsp;<\/p>\n<p><span style=\"font-weight: 400;\">Visto que la repartici\u00f3n del producto es el meollo de la econom\u00eda pol\u00edtica -David Ricardo dixit- veamos c\u00f3mo evoluciona.<\/span><\/p>\n<p>&nbsp;<\/p>\n<p><span style=\"font-weight: 400;\">Esta ma\u00f1ana -el azar hace bien las cosas- una emisi\u00f3n de Radio France puso en evidencia la proporci\u00f3n de trabajadores pagados, como decimos en las Galias, con una porotera (avec un lance pierres):<\/span><\/p>\n<p>&nbsp;<\/p>\n<p><span style=\"font-weight: 400;\">En el a\u00f1o 2010 un 9,8% del total de asalariados recib\u00eda el salario m\u00ednimo (SMIC).<\/span><\/p>\n<p><span style=\"font-weight: 400;\">En el a\u00f1o 2023 esa proporci\u00f3n hab\u00eda subido a un 17,3%&#8230;<\/span><\/p>\n<p>&nbsp;<\/p>\n<p><span style=\"font-weight: 400;\">\u00a1Ese es crecimiento mi alma! Casi 6% de progresi\u00f3n -en promedio- durante 13 a\u00f1os. Cada vez m\u00e1s trabajadores sobreviven con una remuneraci\u00f3n miserable, \u00bfcompetitividad obliga?<\/span><\/p>\n<p>&nbsp;<\/p>\n<p><span style=\"font-weight: 400;\">El mismo d\u00eda de hoy la prensa parisina describe la remuneraci\u00f3n de los patrones:<\/span><\/p>\n<p>&nbsp;<\/p>\n<p><span style=\"font-weight: 400;\">Los salarios de los dirigentes del CAC 40 (principales empresas cotizadas en Bolsa) son cada vez m\u00e1s elevados. Un estudio de la Oxfam muestra que en el a\u00f1o 2022, la remuneraci\u00f3n media de los patrones del CAC 40 era 130 veces m\u00e1s elevada que el salario medio de los trabajadores de sus grupos y 330 veces superior al salario m\u00ednimo. Las diferencias crecieron una vez m\u00e1s desde el a\u00f1o 2019. (Mediapart. Par\u00eds. 1\u00ba de mayo 2024).<\/span><\/p>\n<p>&nbsp;<\/p>\n<p><span style=\"font-weight: 400;\">Los dirigentes del CAC 40 a veces son patrones, a veces simples condottieri del capital, o sea mercenarios al servicio de los poseedores de la pasta.<\/span><\/p>\n<p>&nbsp;<\/p>\n<p><span style=\"font-weight: 400;\">Cuando un patr\u00f3n administra directamente sus capitales ocurre lo que acaba de sucederle a Arnaud Lagard\u00e8re, uno de los m\u00e1s c\u00e9lebres de la industria francesa, que se vi\u00f3 forzado a abandonar sus funciones al ser inculpado de \u201cabuso de bienes sociales\u201d, o sea robo a su propia empresa. Arnaud pagaba sus gastos personales con plata del grupo industrial, su salario no le alcanza&#8230;<\/span><\/p>\n<p>&nbsp;<\/p>\n<p><span style=\"font-weight: 400;\">El salario m\u00ednimo franc\u00e9s est\u00e1 en torno a un mill\u00f3n 800 mil pesos, y por v\u00eda de consecuencia Lagard\u00e8re recibe, cada mes, unos $ 600 millones&#8230; \u00a1pese a lo cual se queda corto!<\/span><\/p>\n<p>&nbsp;<\/p>\n<p><span style=\"font-weight: 400;\">Lo que te cuento no es una excepci\u00f3n, la transferencia de parte significativa de los salarios a la remuneraci\u00f3n del capital comenz\u00f3 hace tiempo, y la acumulaci\u00f3n es tal que ya no hay mucho en qu\u00e9 invertir, lo que trae consigo nuevas guerras. La guerra, ese b\u00e1lsamo de Fierabr\u00e1s que todo lo cura, incluyendo las peores crisis del capitalismo.<\/span><\/p>\n<p>&nbsp;<\/p>\n<p><span style=\"font-weight: 400;\">La prensa se hace eco del fen\u00f3meno:<\/span><\/p>\n<p>&nbsp;<\/p>\n<p><span style=\"font-weight: 400;\">\u00abEl pago de dividendos empresariales crece 3,5 veces m\u00e1s que los salarios desde 2020 en Espa\u00f1a.\u00bb<\/span><\/p>\n<p>&nbsp;<\/p>\n<p><span style=\"font-weight: 400;\">Espa\u00f1a no es ni todo, ni lo peor:<\/span><\/p>\n<p>&nbsp;<\/p>\n<p><span style=\"font-weight: 400;\">\u00abEntre 2020 y 2023, los dividendos pagados a los accionistas alrededor de los cinco continentes superaron en 15 veces el incremento de los salarios de los trabajadores. Los rendimientos repartidos en 2023 superaron los 1,5 billones de euros a nivel mundial, seg\u00fan recoge Oxfam.\u00bb (El Pa\u00eds. Madrid. 1\u00ba de mayo 2024).<\/span><\/p>\n<p>&nbsp;<\/p>\n<p><span style=\"font-weight: 400;\">Los que saben afirman que el 10% de los tipos m\u00e1s afortunados posee un 75% de las riquezas mundiales. Seg\u00fan los c\u00e1lculos del World Inequality Lab, el patrimonio est\u00e1 repartido de manera muy desigual en el planeta. Ejemplo m\u00e1s extremo: el 1% de las personas m\u00e1s ricas posee casi dos veces m\u00e1s que el 90% de los m\u00e1s modestos. (Diario Lib\u00e9ration. Par\u00eds, 26 abril 2024).<\/span><\/p>\n<p>&nbsp;<\/p>\n<p><span style=\"font-weight: 400;\">Lo peor, como se ve, es que no les alcanza, les resulta insuficiente&#8230;<\/span><\/p>\n<p>&nbsp;<\/p>\n<p><span style=\"font-weight: 400;\">Una caracter\u00edstica resiliente -como dicen ahora- tiene que ver con el papel que juega la banca en la concentraci\u00f3n del producto. \u00bfSabes lo que son las canalizaciones? Pos eso. Lo que viene es Francia:<\/span><\/p>\n<p>&nbsp;<\/p>\n<p><span style=\"font-weight: 400;\">El BNP Paribas obtuvo, en el ejercicio 2023, un beneficio neto de \u20ac 10.975 millones, o sea un modesto incremento del 7,64 % con relaci\u00f3n al a\u00f1o 2022.<\/span><\/p>\n<p>&nbsp;<\/p>\n<p><span style=\"font-weight: 400;\">El Cr\u00e9dit Agricole SA fue m\u00e1s &#8216;proactivo&#8217;: su beneficio de \u20ac 6.348 millones super\u00f3 en un 16,75% al del a\u00f1o precedente.<\/span><\/p>\n<p>&nbsp;<\/p>\n<p><span style=\"font-weight: 400;\">La Soci\u00e9t\u00e9 G\u00e9n\u00e9rale obtuvo un lucro modesto de \u20ac 2.493 millones, un 23,54% mayor que en el a\u00f1o 2022.<\/span><\/p>\n<p>&nbsp;<\/p>\n<p><span style=\"font-weight: 400;\">El Cr\u00e9dit Mutuel Alliance F\u00e9d\u00e9rale constat\u00f3 un beneficio de \u20ac 4.115 millones, un incremento del 18,07 % anual.<\/span><\/p>\n<p>&nbsp;<\/p>\n<p><span style=\"font-weight: 400;\">Casi todos estos bancos eran p\u00fablicos&#8230; pero Mon G\u00e9n\u00e9ral tuvo la mala idea de morirse. Entretanto, y confieso mi estupefacci\u00f3n, \u00a1los Bancos Centrales pierden plata que es un gusto!<\/span><\/p>\n<p>&nbsp;<\/p>\n<h3><span style=\"font-weight: 400;\">P\u00e9rdidas en el a\u00f1o 2023<\/span><\/h3>\n<p>&nbsp;<\/p>\n<p><span style=\"font-weight: 400;\"><strong>Banco Central alem\u00e1n<\/strong>: &#8211; \u20ac 21.600 millones<\/span><\/p>\n<p><span style=\"font-weight: 400;\"><strong>Banco Central Europeo<\/strong>: &#8211; \u20ac 8.000 millones<\/span><\/p>\n<p><span style=\"font-weight: 400;\"><strong>Banco Central franc\u00e9s<\/strong>: &#8211; \u20ac 12.400 millones<\/span><\/p>\n<p><span style=\"font-weight: 400;\"><strong>Banco Central Pa\u00edses Bajos<\/strong>: &#8211; \u20ac 3.500 millones<\/span><\/p>\n<p><span style=\"font-weight: 400;\"><strong>Banco Central EEUU<\/strong>: &#8211; U$ 114.300 millones<\/span><\/p>\n<p>&nbsp;<\/p>\n<p><span style=\"font-weight: 400;\">Explicaci\u00f3n (?):<\/span><\/p>\n<p>&nbsp;<\/p>\n<p><span style=\"font-weight: 400;\">Si el Banco Central Europeo establece cuentas anuales y declara sus beneficios y sus p\u00e9rdidas como cualquier banco, lo que la distingue de manera notable es que su objetivo no es el lucro. En efecto, la misi\u00f3n del BCE es mantener la estabilidad de los precios, y todo beneficio o toda p\u00e9rdida constituye un efecto conexo. (sic). Fuente: BCE.<\/span><\/p>\n<p>&nbsp;<\/p>\n<p><span style=\"font-weight: 400;\">El reciente episodio inflacionario, que a\u00fan no desaparece, es pura mala suerte. Te recuerdo que entre los privilegios de los bancos centrales se cuenta el de emitir billetes&#8230; que, anda a saber, pudiera ser que la emisi\u00f3n monetaria forma parte del lucro de los bancos privados&#8230;<\/span><\/p>\n<p>&nbsp;<\/p>\n<p><span style=\"font-weight: 400;\">Por si pensaras que todo esto concierne s\u00f3lo a Francia, al Banco Central Europeo (BCE), o a la FED, me permito agregar un par de l\u00edneas relativas a la banca espa\u00f1ola, &#8216;din\u00e1mica&#8217; d\u00f3nde las hubiere.<\/span><\/p>\n<p>&nbsp;<\/p>\n<p><span style=\"font-weight: 400;\">En Spain&#8230;<\/span><\/p>\n<p>&nbsp;<\/p>\n<p><span style=\"font-weight: 400;\">La gran banca impulsa su beneficio un 17% en el primer trimestre (2024) hasta casi los 6.700 millones. BBVA plantea de nuevo una fusi\u00f3n a Banco Sabadell y crear un gigante de m\u00e1s de un bill\u00f3n de euros en activos&#8230; El banco confirma los contactos con el presidente de la entidad de origen catal\u00e1n y que ya ha contratado asesores&#8230;<\/span><\/p>\n<p>&nbsp;<\/p>\n<p><span style=\"font-weight: 400;\">La nada misma, cuando la prensa madrile\u00f1a de hoy se queja de que&#8230; \u201cLa pobreza infantil en Espa\u00f1a cuesta m\u00e1s de 60.000 millones de euros anuales\u201d<\/span><\/p>\n<p>&nbsp;<\/p>\n<p><span style=\"font-weight: 400;\">\u00a1Qu\u00e9 cagada! No quedar\u00e1 nada para los bancos&#8230;<\/span><\/p>\n<p>&nbsp;<\/p>\n<p><span style=\"font-weight: 400;\">Afortunadamente no es el caso en Chile. All\u00ed los patrones se quejan de puro llenos&#8230; Y, digan lo que digan, la pobreza infantil les toca una sin mover la otra.<\/span><\/p>\n<p>&nbsp;<\/p>\n<p><span style=\"font-weight: 400;\">Cuando te hablen de econom\u00eda, ya sabes de qu\u00e9 va el tema: de la repartici\u00f3n del producto. Lo dem\u00e1s, repito, carece del m\u00e1s elemental e insignificante inter\u00e9s.<\/span><\/p>\n","protected":false},"excerpt":{"rendered":"<p>Del griego oikos nomos&#8230; (hogar administraci\u00f3n), la Econom\u00eda tiene que ver con la gesti\u00f3n del hogar. Bruno Le Maire es un ejemplo. Ministro de Finanzas galo, prometi\u00f3 arrodillar econ\u00f3micamente a Rusia y&#8230; \u00bfQu\u00e9? A siete a\u00f1os de su gesti\u00f3n la deuda p\u00fablica supera los 3 billones de euros, Francia es el pa\u00eds m\u00e1s endeudado de la Uni\u00f3n, el d\u00e9ficit presupuestario sobrepasa el 5,5% del PIB&#8230; un desastre. \u00a1Ah! Olvidaba decirte: Bruno Le Maire es economista\u2026<\/p>\n","protected":false},"author":1,"featured_media":15655,"comment_status":"open","ping_status":"closed","sticky":false,"template":"","format":"standard","meta":{"footnotes":""},"categories":[312,10,322,112,131],"tags":[],"class_list":["post-15654","post","type-post","status-publish","format-standard","has-post-thumbnail","hentry","category-economia","category-historia","category-luis-casado","category-opinion","category-politica"],"yoast_head":"<!-- This site is optimized with the Yoast SEO plugin v25.0 - https:\/\/yoast.com\/wordpress\/plugins\/seo\/ -->\n<title>\u00bfDe Qu\u00e9 Trata La Econom\u00eda? - Nuestro Bio B\u00edo<\/title>\n<meta name=\"robots\" content=\"index, follow, max-snippet:-1, max-image-preview:large, max-video-preview:-1\" \/>\n<link rel=\"canonical\" href=\"https:\/\/www.fraczinet.cl\/sitio\/2024\/05\/03\/de-que-trata-la-economia\/\" \/>\n<meta property=\"og:locale\" content=\"es_ES\" \/>\n<meta property=\"og:type\" content=\"article\" \/>\n<meta property=\"og:title\" content=\"\u00bfDe Qu\u00e9 Trata La Econom\u00eda? - Nuestro Bio B\u00edo\" \/>\n<meta property=\"og:description\" content=\"Del griego oikos nomos... (hogar administraci\u00f3n), la Econom\u00eda tiene que ver con la gesti\u00f3n del hogar. Bruno Le Maire es un ejemplo. Ministro de Finanzas galo, prometi\u00f3 arrodillar econ\u00f3micamente a Rusia y... \u00bfQu\u00e9? A siete a\u00f1os de su gesti\u00f3n la deuda p\u00fablica supera los 3 billones de euros, Francia es el pa\u00eds m\u00e1s endeudado de la Uni\u00f3n, el d\u00e9ficit presupuestario sobrepasa el 5,5% del PIB... un desastre. \u00a1Ah! Olvidaba decirte: Bruno Le Maire es economista\u2026\" \/>\n<meta property=\"og:url\" content=\"https:\/\/www.fraczinet.cl\/sitio\/2024\/05\/03\/de-que-trata-la-economia\/\" \/>\n<meta property=\"og:site_name\" content=\"Nuestro Bio B\u00edo\" \/>\n<meta property=\"article:published_time\" content=\"2024-05-03T15:48:09+00:00\" \/>\n<meta property=\"article:modified_time\" content=\"2024-05-03T18:39:35+00:00\" \/>\n<meta property=\"og:image\" content=\"https:\/\/www.fraczinet.cl\/sitio\/wp-content\/uploads\/2024\/05\/monumento-karl-marx-friedrich-engels-era-sovietica_527134-329.jpg\" \/>\n\t<meta property=\"og:image:width\" content=\"740\" \/>\n\t<meta property=\"og:image:height\" content=\"493\" \/>\n\t<meta property=\"og:image:type\" content=\"image\/jpeg\" \/>\n<meta name=\"author\" content=\"admin\" \/>\n<meta name=\"twitter:card\" content=\"summary_large_image\" \/>\n<meta name=\"twitter:creator\" content=\"@nuestrobiobio\" \/>\n<meta name=\"twitter:site\" content=\"@nuestrobiobio\" \/>\n<meta name=\"twitter:label1\" content=\"Escrito por\" \/>\n\t<meta name=\"twitter:data1\" content=\"admin\" \/>\n\t<meta name=\"twitter:label2\" content=\"Tiempo de lectura\" \/>\n\t<meta name=\"twitter:data2\" content=\"9 minutos\" \/>\n<script type=\"application\/ld+json\" class=\"yoast-schema-graph\">{\"@context\":\"https:\/\/schema.org\",\"@graph\":[{\"@type\":\"Article\",\"@id\":\"https:\/\/www.fraczinet.cl\/sitio\/2024\/05\/03\/de-que-trata-la-economia\/#article\",\"isPartOf\":{\"@id\":\"https:\/\/www.fraczinet.cl\/sitio\/2024\/05\/03\/de-que-trata-la-economia\/\"},\"author\":{\"name\":\"admin\",\"@id\":\"https:\/\/www.fraczinet.cl\/sitio\/#\/schema\/person\/bc30f98e9cb10ae7e119dbe14bc93784\"},\"headline\":\"\u00bfDe Qu\u00e9 Trata La Econom\u00eda?\",\"datePublished\":\"2024-05-03T15:48:09+00:00\",\"dateModified\":\"2024-05-03T18:39:35+00:00\",\"mainEntityOfPage\":{\"@id\":\"https:\/\/www.fraczinet.cl\/sitio\/2024\/05\/03\/de-que-trata-la-economia\/\"},\"wordCount\":1874,\"commentCount\":0,\"publisher\":{\"@id\":\"https:\/\/www.fraczinet.cl\/sitio\/#\/schema\/person\/aec8ee4da68df2b9b0eefdad24a0d582\"},\"image\":{\"@id\":\"https:\/\/www.fraczinet.cl\/sitio\/2024\/05\/03\/de-que-trata-la-economia\/#primaryimage\"},\"thumbnailUrl\":\"https:\/\/www.fraczinet.cl\/sitio\/wp-content\/uploads\/2024\/05\/monumento-karl-marx-friedrich-engels-era-sovietica_527134-329.jpg\",\"articleSection\":[\"Econom\u00eda\",\"Historia\",\"Luis Casado\",\"Opini\u00f3n\",\"Pol\u00edtica\"],\"inLanguage\":\"es\",\"potentialAction\":[{\"@type\":\"CommentAction\",\"name\":\"Comment\",\"target\":[\"https:\/\/www.fraczinet.cl\/sitio\/2024\/05\/03\/de-que-trata-la-economia\/#respond\"]}]},{\"@type\":\"WebPage\",\"@id\":\"https:\/\/www.fraczinet.cl\/sitio\/2024\/05\/03\/de-que-trata-la-economia\/\",\"url\":\"https:\/\/www.fraczinet.cl\/sitio\/2024\/05\/03\/de-que-trata-la-economia\/\",\"name\":\"\u00bfDe Qu\u00e9 Trata La Econom\u00eda? - Nuestro Bio B\u00edo\",\"isPartOf\":{\"@id\":\"https:\/\/www.fraczinet.cl\/sitio\/#website\"},\"primaryImageOfPage\":{\"@id\":\"https:\/\/www.fraczinet.cl\/sitio\/2024\/05\/03\/de-que-trata-la-economia\/#primaryimage\"},\"image\":{\"@id\":\"https:\/\/www.fraczinet.cl\/sitio\/2024\/05\/03\/de-que-trata-la-economia\/#primaryimage\"},\"thumbnailUrl\":\"https:\/\/www.fraczinet.cl\/sitio\/wp-content\/uploads\/2024\/05\/monumento-karl-marx-friedrich-engels-era-sovietica_527134-329.jpg\",\"datePublished\":\"2024-05-03T15:48:09+00:00\",\"dateModified\":\"2024-05-03T18:39:35+00:00\",\"breadcrumb\":{\"@id\":\"https:\/\/www.fraczinet.cl\/sitio\/2024\/05\/03\/de-que-trata-la-economia\/#breadcrumb\"},\"inLanguage\":\"es\",\"potentialAction\":[{\"@type\":\"ReadAction\",\"target\":[\"https:\/\/www.fraczinet.cl\/sitio\/2024\/05\/03\/de-que-trata-la-economia\/\"]}]},{\"@type\":\"ImageObject\",\"inLanguage\":\"es\",\"@id\":\"https:\/\/www.fraczinet.cl\/sitio\/2024\/05\/03\/de-que-trata-la-economia\/#primaryimage\",\"url\":\"https:\/\/www.fraczinet.cl\/sitio\/wp-content\/uploads\/2024\/05\/monumento-karl-marx-friedrich-engels-era-sovietica_527134-329.jpg\",\"contentUrl\":\"https:\/\/www.fraczinet.cl\/sitio\/wp-content\/uploads\/2024\/05\/monumento-karl-marx-friedrich-engels-era-sovietica_527134-329.jpg\",\"width\":740,\"height\":493,\"caption\":\"Marx y Engels en Bishkek\"},{\"@type\":\"BreadcrumbList\",\"@id\":\"https:\/\/www.fraczinet.cl\/sitio\/2024\/05\/03\/de-que-trata-la-economia\/#breadcrumb\",\"itemListElement\":[{\"@type\":\"ListItem\",\"position\":1,\"name\":\"Portada\",\"item\":\"https:\/\/www.fraczinet.cl\/sitio\/\"},{\"@type\":\"ListItem\",\"position\":2,\"name\":\"\u00bfDe Qu\u00e9 Trata La Econom\u00eda?\"}]},{\"@type\":\"WebSite\",\"@id\":\"https:\/\/www.fraczinet.cl\/sitio\/#website\",\"url\":\"https:\/\/www.fraczinet.cl\/sitio\/\",\"name\":\"Nuestro Bio B\u00edo\",\"description\":\"Tierra de Encuentros\",\"publisher\":{\"@id\":\"https:\/\/www.fraczinet.cl\/sitio\/#\/schema\/person\/aec8ee4da68df2b9b0eefdad24a0d582\"},\"potentialAction\":[{\"@type\":\"SearchAction\",\"target\":{\"@type\":\"EntryPoint\",\"urlTemplate\":\"https:\/\/www.fraczinet.cl\/sitio\/?s={search_term_string}\"},\"query-input\":{\"@type\":\"PropertyValueSpecification\",\"valueRequired\":true,\"valueName\":\"search_term_string\"}}],\"inLanguage\":\"es\"},{\"@type\":[\"Person\",\"Organization\"],\"@id\":\"https:\/\/www.fraczinet.cl\/sitio\/#\/schema\/person\/aec8ee4da68df2b9b0eefdad24a0d582\",\"name\":\"Luis Fernando Fraczinet\",\"image\":{\"@type\":\"ImageObject\",\"inLanguage\":\"es\",\"@id\":\"https:\/\/www.fraczinet.cl\/sitio\/#\/schema\/person\/image\/\",\"url\":\"https:\/\/www.fraczinet.cl\/sitio\/wp-content\/uploads\/2021\/07\/bannerlogo-1.gif\",\"contentUrl\":\"https:\/\/www.fraczinet.cl\/sitio\/wp-content\/uploads\/2021\/07\/bannerlogo-1.gif\",\"width\":159,\"height\":79,\"caption\":\"Luis Fernando Fraczinet\"},\"logo\":{\"@id\":\"https:\/\/www.fraczinet.cl\/sitio\/#\/schema\/person\/image\/\"},\"sameAs\":[\"https:\/\/www.fraczinet.cl\/sitio\/\"]},{\"@type\":\"Person\",\"@id\":\"https:\/\/www.fraczinet.cl\/sitio\/#\/schema\/person\/bc30f98e9cb10ae7e119dbe14bc93784\",\"name\":\"admin\",\"image\":{\"@type\":\"ImageObject\",\"inLanguage\":\"es\",\"@id\":\"https:\/\/www.fraczinet.cl\/sitio\/#\/schema\/person\/image\/\",\"url\":\"https:\/\/secure.gravatar.com\/avatar\/d5ad3cf7ef3b23a2bb5be73be780c86b2fc8545c3ad6b149f3913ff458c00099?s=96&d=mm&r=g\",\"contentUrl\":\"https:\/\/secure.gravatar.com\/avatar\/d5ad3cf7ef3b23a2bb5be73be780c86b2fc8545c3ad6b149f3913ff458c00099?s=96&d=mm&r=g\",\"caption\":\"admin\"},\"sameAs\":[\"https:\/\/www.fraczinet.cl\/sitio\"]}]}<\/script>\n<!-- \/ Yoast SEO plugin. -->","yoast_head_json":{"title":"\u00bfDe Qu\u00e9 Trata La Econom\u00eda? - Nuestro Bio B\u00edo","robots":{"index":"index","follow":"follow","max-snippet":"max-snippet:-1","max-image-preview":"max-image-preview:large","max-video-preview":"max-video-preview:-1"},"canonical":"https:\/\/www.fraczinet.cl\/sitio\/2024\/05\/03\/de-que-trata-la-economia\/","og_locale":"es_ES","og_type":"article","og_title":"\u00bfDe Qu\u00e9 Trata La Econom\u00eda? - Nuestro Bio B\u00edo","og_description":"Del griego oikos nomos... (hogar administraci\u00f3n), la Econom\u00eda tiene que ver con la gesti\u00f3n del hogar. Bruno Le Maire es un ejemplo. Ministro de Finanzas galo, prometi\u00f3 arrodillar econ\u00f3micamente a Rusia y... \u00bfQu\u00e9? A siete a\u00f1os de su gesti\u00f3n la deuda p\u00fablica supera los 3 billones de euros, Francia es el pa\u00eds m\u00e1s endeudado de la Uni\u00f3n, el d\u00e9ficit presupuestario sobrepasa el 5,5% del PIB... un desastre. \u00a1Ah! Olvidaba decirte: Bruno Le Maire es economista\u2026","og_url":"https:\/\/www.fraczinet.cl\/sitio\/2024\/05\/03\/de-que-trata-la-economia\/","og_site_name":"Nuestro Bio B\u00edo","article_published_time":"2024-05-03T15:48:09+00:00","article_modified_time":"2024-05-03T18:39:35+00:00","og_image":[{"width":740,"height":493,"url":"https:\/\/www.fraczinet.cl\/sitio\/wp-content\/uploads\/2024\/05\/monumento-karl-marx-friedrich-engels-era-sovietica_527134-329.jpg","type":"image\/jpeg"}],"author":"admin","twitter_card":"summary_large_image","twitter_creator":"@nuestrobiobio","twitter_site":"@nuestrobiobio","twitter_misc":{"Escrito por":"admin","Tiempo de lectura":"9 minutos"},"schema":{"@context":"https:\/\/schema.org","@graph":[{"@type":"Article","@id":"https:\/\/www.fraczinet.cl\/sitio\/2024\/05\/03\/de-que-trata-la-economia\/#article","isPartOf":{"@id":"https:\/\/www.fraczinet.cl\/sitio\/2024\/05\/03\/de-que-trata-la-economia\/"},"author":{"name":"admin","@id":"https:\/\/www.fraczinet.cl\/sitio\/#\/schema\/person\/bc30f98e9cb10ae7e119dbe14bc93784"},"headline":"\u00bfDe Qu\u00e9 Trata La Econom\u00eda?","datePublished":"2024-05-03T15:48:09+00:00","dateModified":"2024-05-03T18:39:35+00:00","mainEntityOfPage":{"@id":"https:\/\/www.fraczinet.cl\/sitio\/2024\/05\/03\/de-que-trata-la-economia\/"},"wordCount":1874,"commentCount":0,"publisher":{"@id":"https:\/\/www.fraczinet.cl\/sitio\/#\/schema\/person\/aec8ee4da68df2b9b0eefdad24a0d582"},"image":{"@id":"https:\/\/www.fraczinet.cl\/sitio\/2024\/05\/03\/de-que-trata-la-economia\/#primaryimage"},"thumbnailUrl":"https:\/\/www.fraczinet.cl\/sitio\/wp-content\/uploads\/2024\/05\/monumento-karl-marx-friedrich-engels-era-sovietica_527134-329.jpg","articleSection":["Econom\u00eda","Historia","Luis Casado","Opini\u00f3n","Pol\u00edtica"],"inLanguage":"es","potentialAction":[{"@type":"CommentAction","name":"Comment","target":["https:\/\/www.fraczinet.cl\/sitio\/2024\/05\/03\/de-que-trata-la-economia\/#respond"]}]},{"@type":"WebPage","@id":"https:\/\/www.fraczinet.cl\/sitio\/2024\/05\/03\/de-que-trata-la-economia\/","url":"https:\/\/www.fraczinet.cl\/sitio\/2024\/05\/03\/de-que-trata-la-economia\/","name":"\u00bfDe Qu\u00e9 Trata La Econom\u00eda? - Nuestro Bio B\u00edo","isPartOf":{"@id":"https:\/\/www.fraczinet.cl\/sitio\/#website"},"primaryImageOfPage":{"@id":"https:\/\/www.fraczinet.cl\/sitio\/2024\/05\/03\/de-que-trata-la-economia\/#primaryimage"},"image":{"@id":"https:\/\/www.fraczinet.cl\/sitio\/2024\/05\/03\/de-que-trata-la-economia\/#primaryimage"},"thumbnailUrl":"https:\/\/www.fraczinet.cl\/sitio\/wp-content\/uploads\/2024\/05\/monumento-karl-marx-friedrich-engels-era-sovietica_527134-329.jpg","datePublished":"2024-05-03T15:48:09+00:00","dateModified":"2024-05-03T18:39:35+00:00","breadcrumb":{"@id":"https:\/\/www.fraczinet.cl\/sitio\/2024\/05\/03\/de-que-trata-la-economia\/#breadcrumb"},"inLanguage":"es","potentialAction":[{"@type":"ReadAction","target":["https:\/\/www.fraczinet.cl\/sitio\/2024\/05\/03\/de-que-trata-la-economia\/"]}]},{"@type":"ImageObject","inLanguage":"es","@id":"https:\/\/www.fraczinet.cl\/sitio\/2024\/05\/03\/de-que-trata-la-economia\/#primaryimage","url":"https:\/\/www.fraczinet.cl\/sitio\/wp-content\/uploads\/2024\/05\/monumento-karl-marx-friedrich-engels-era-sovietica_527134-329.jpg","contentUrl":"https:\/\/www.fraczinet.cl\/sitio\/wp-content\/uploads\/2024\/05\/monumento-karl-marx-friedrich-engels-era-sovietica_527134-329.jpg","width":740,"height":493,"caption":"Marx y Engels en Bishkek"},{"@type":"BreadcrumbList","@id":"https:\/\/www.fraczinet.cl\/sitio\/2024\/05\/03\/de-que-trata-la-economia\/#breadcrumb","itemListElement":[{"@type":"ListItem","position":1,"name":"Portada","item":"https:\/\/www.fraczinet.cl\/sitio\/"},{"@type":"ListItem","position":2,"name":"\u00bfDe Qu\u00e9 Trata La Econom\u00eda?"}]},{"@type":"WebSite","@id":"https:\/\/www.fraczinet.cl\/sitio\/#website","url":"https:\/\/www.fraczinet.cl\/sitio\/","name":"Nuestro Bio B\u00edo","description":"Tierra de Encuentros","publisher":{"@id":"https:\/\/www.fraczinet.cl\/sitio\/#\/schema\/person\/aec8ee4da68df2b9b0eefdad24a0d582"},"potentialAction":[{"@type":"SearchAction","target":{"@type":"EntryPoint","urlTemplate":"https:\/\/www.fraczinet.cl\/sitio\/?s={search_term_string}"},"query-input":{"@type":"PropertyValueSpecification","valueRequired":true,"valueName":"search_term_string"}}],"inLanguage":"es"},{"@type":["Person","Organization"],"@id":"https:\/\/www.fraczinet.cl\/sitio\/#\/schema\/person\/aec8ee4da68df2b9b0eefdad24a0d582","name":"Luis Fernando Fraczinet","image":{"@type":"ImageObject","inLanguage":"es","@id":"https:\/\/www.fraczinet.cl\/sitio\/#\/schema\/person\/image\/","url":"https:\/\/www.fraczinet.cl\/sitio\/wp-content\/uploads\/2021\/07\/bannerlogo-1.gif","contentUrl":"https:\/\/www.fraczinet.cl\/sitio\/wp-content\/uploads\/2021\/07\/bannerlogo-1.gif","width":159,"height":79,"caption":"Luis Fernando Fraczinet"},"logo":{"@id":"https:\/\/www.fraczinet.cl\/sitio\/#\/schema\/person\/image\/"},"sameAs":["https:\/\/www.fraczinet.cl\/sitio\/"]},{"@type":"Person","@id":"https:\/\/www.fraczinet.cl\/sitio\/#\/schema\/person\/bc30f98e9cb10ae7e119dbe14bc93784","name":"admin","image":{"@type":"ImageObject","inLanguage":"es","@id":"https:\/\/www.fraczinet.cl\/sitio\/#\/schema\/person\/image\/","url":"https:\/\/secure.gravatar.com\/avatar\/d5ad3cf7ef3b23a2bb5be73be780c86b2fc8545c3ad6b149f3913ff458c00099?s=96&d=mm&r=g","contentUrl":"https:\/\/secure.gravatar.com\/avatar\/d5ad3cf7ef3b23a2bb5be73be780c86b2fc8545c3ad6b149f3913ff458c00099?s=96&d=mm&r=g","caption":"admin"},"sameAs":["https:\/\/www.fraczinet.cl\/sitio"]}]}},"_links":{"self":[{"href":"https:\/\/www.fraczinet.cl\/sitio\/wp-json\/wp\/v2\/posts\/15654","targetHints":{"allow":["GET"]}}],"collection":[{"href":"https:\/\/www.fraczinet.cl\/sitio\/wp-json\/wp\/v2\/posts"}],"about":[{"href":"https:\/\/www.fraczinet.cl\/sitio\/wp-json\/wp\/v2\/types\/post"}],"author":[{"embeddable":true,"href":"https:\/\/www.fraczinet.cl\/sitio\/wp-json\/wp\/v2\/users\/1"}],"replies":[{"embeddable":true,"href":"https:\/\/www.fraczinet.cl\/sitio\/wp-json\/wp\/v2\/comments?post=15654"}],"version-history":[{"count":6,"href":"https:\/\/www.fraczinet.cl\/sitio\/wp-json\/wp\/v2\/posts\/15654\/revisions"}],"predecessor-version":[{"id":15662,"href":"https:\/\/www.fraczinet.cl\/sitio\/wp-json\/wp\/v2\/posts\/15654\/revisions\/15662"}],"wp:featuredmedia":[{"embeddable":true,"href":"https:\/\/www.fraczinet.cl\/sitio\/wp-json\/wp\/v2\/media\/15655"}],"wp:attachment":[{"href":"https:\/\/www.fraczinet.cl\/sitio\/wp-json\/wp\/v2\/media?parent=15654"}],"wp:term":[{"taxonomy":"category","embeddable":true,"href":"https:\/\/www.fraczinet.cl\/sitio\/wp-json\/wp\/v2\/categories?post=15654"},{"taxonomy":"post_tag","embeddable":true,"href":"https:\/\/www.fraczinet.cl\/sitio\/wp-json\/wp\/v2\/tags?post=15654"}],"curies":[{"name":"wp","href":"https:\/\/api.w.org\/{rel}","templated":true}]}}