{"id":15745,"date":"2024-05-19T22:27:43","date_gmt":"2024-05-19T22:27:43","guid":{"rendered":"https:\/\/www.fraczinet.cl\/sitio\/?p=15745"},"modified":"2024-05-20T01:20:34","modified_gmt":"2024-05-20T01:20:34","slug":"tengo-un-sueno-por-martin-luther-king","status":"publish","type":"post","link":"https:\/\/www.fraczinet.cl\/sitio\/2024\/05\/19\/tengo-un-sueno-por-martin-luther-king\/","title":{"rendered":"\u201cTengo Un Sue\u00f1o\u201d Por Martin Luther King"},"content":{"rendered":"<p dir=\"ltr\"><img fetchpriority=\"high\" decoding=\"async\" class=\"aligncenter wp-image-15746\" src=\"https:\/\/www.fraczinet.cl\/sitio\/wp-content\/uploads\/2024\/05\/Tengo-un-sueno-Martin-Luther-King.jpg\" alt=\"\u201cTengo Un Sue\u00f1o\u201d Por Martin Luther King\" width=\"400\" height=\"270\" \/><\/p>\n<p dir=\"ltr\">Estoy orgulloso de reunirme con ustedes hoy en la que quedar\u00e1 como la mayor manifestaci\u00f3n por la libertad en la historia de nuestra naci\u00f3n. Hace cien a\u00f1os, un gran americano, cuya sombra simb\u00f3lica nos cobija, firm\u00f3 la Proclama de Emancipaci\u00f3n. Este importante decreto se convirti\u00f3 en un gran faro de esperanza para millones de esclavos negros que fueron cocinados en las llamas de la injusticia. Lleg\u00f3 como un amanecer de alegr\u00eda para terminar la larga noche del cautiverio. Pero 100 a\u00f1os despu\u00e9s debemos enfrentar el hecho tr\u00e1gico de que el negro a\u00fan no es libre. Cien a\u00f1os despu\u00e9s, la vida del negro es todav\u00eda minada por los grilletes de la discriminaci\u00f3n. Cien a\u00f1os despu\u00e9s, el negro vive en una solitaria isla de pobreza en medio de un vasto oc\u00e9ano de prosperidad material. Cien a\u00f1os despu\u00e9s, el negro todav\u00eda languidece en los rincones de la sociedad estadounidense y se encuentra a s\u00ed mismo exiliado en su propia tierra.<\/p>\n<p dir=\"ltr\">Y as\u00ed hemos venido aqu\u00ed hoy para dramatizar una condici\u00f3n extrema. En cierto sentido, llegamos a la capital de nuestra naci\u00f3n para cobrar un cheque. Cuando los arquitectos de nuestra rep\u00fablica escribieron las magn\u00edficas palabras de la Constituci\u00f3n y la Declaraci\u00f3n de Independencia, firmaban una promisoria nota de la que todo estadounidense ser\u00eda heredero. Esa nota era una promesa de que todos los hombres tendr\u00edan garantizados los derechos inalienables de &#8216;vida, libertad y b\u00fasqueda de la felicidad&#8217;. Es obvio hoy que Estados Unidos ha fallado en su promesa en lo que respecta a sus ciudadanos de color. En vez de honrar su obligaci\u00f3n sagrada, Estados Unidos dio al negro un cheque sin valor que fue devuelto con el sello de &#8216;fondos insuficientes&#8217;. Pero nos rehusamos a creer que el banco de la justicia est\u00e1 quebrado. Nos rehusamos a creer que no hay fondos en los grandes dep\u00f3sitos de oportunidad en esta naci\u00f3n. Por eso hemos venido a cobrar ese cheque, un cheque que nos dar\u00e1 las riquezas de la libertad y la seguridad de la justicia.<\/p>\n<p dir=\"ltr\">Tambi\u00e9n hemos venido a este lugar sagrado para recordarle a Estados Unidos la urgencia feroz del ahora. Este no es tiempo para entrar en el lujo del enfriamiento o para tomar la droga tranquilizadora del gradualismo. Ahora es el tiempo de elevarnos del oscuro y desolado valle de la segregaci\u00f3n hacia el iluminado camino de la justicia racial. Ahora es el tiempo de elevar nuestra naci\u00f3n de las arenas movedizas de la injusticia racial hacia la s\u00f3lida roca de la hermandad. Ahora es el tiempo de hacer de la justicia una realidad para todos los hijos de Dios. Ser\u00eda fatal para la naci\u00f3n pasar por alto la urgencia del momento. Este sofocante verano del leg\u00edtimo descontento del negro no terminar\u00e1 hasta que venga un oto\u00f1o revitalizador de libertad e igualdad. 1963 no es un fin, sino un principio. Aquellos que piensan que el negro s\u00f3lo necesita evacuar su frustraci\u00f3n y que ahora permanecer\u00e1 contento, tendr\u00e1n un rudo despertar si la naci\u00f3n regresa a su rutina.<\/p>\n<p dir=\"ltr\">No habr\u00e1 ni descanso ni tranquilidad en Estados Unidos hasta que el negro tenga garantizados sus derechos de ciudadano. Los remolinos de la revuelta continuar\u00e1n sacudiendo los cimientos de nuestra naci\u00f3n hasta que emerja el esplendoroso d\u00eda de la justicia. Pero hay algo que debo decir a mi gente, que aguarda en el c\u00e1lido umbral que lleva al palacio de la justicia: en el proceso de ganar nuestro justo lugar no deberemos ser culpables de hechos err\u00f3neos. No saciemos nuestra sed de libertad tomando de la copa de la amargura y el odio. Siempre debemos conducir nuestra lucha en el elevado plano de la dignidad y la disciplina. No debemos permitir que nuestra protesta creativa degenere en violencia f\u00edsica. Una y otra vez debemos elevarnos a las majestuosas alturas de la resistencia a la fuerza f\u00edsica con la fuerza del alma. Esta nueva militancia maravillosa que ha abrazado a la comunidad negra no debe conducir a la desconfianza de los blancos, ya que muchos de nuestros hermanos blancos, como lo demuestra su presencia aqu\u00ed hoy, se han dado cuenta de que su destino est\u00e1 atado al nuestro. Se han dado cuenta de que su libertad est\u00e1 ligada inextricablemente a nuestra libertad. No podemos caminar solos. Y a medida que caminemos, debemos hacernos la promesa de marchar siempre hacia el frente. No podemos volver atr\u00e1s.<\/p>\n<p dir=\"ltr\">Hay quienes preguntan a los que luchan por los derechos civiles: &#8216;\u00bfCu\u00e1ndo quedar\u00e1n satisfechos?&#8217; Nunca estaremos satisfechos mientras el negro sea v\u00edctima de los inimaginables horrores de la brutalidad policial. Nunca estaremos satisfechos en tanto nuestros cuerpos, pesados por la fatiga del viaje, no puedan acceder a un alojamiento en los moteles de las carreteras y los hoteles de las ciudades. No estaremos satisfechos mientras la movilidad b\u00e1sica del negro sea de un gueto peque\u00f1o a uno m\u00e1s grande. Nunca estaremos satisfechos mientras a nuestros hijos les sea arrancado su ser y robada su dignidad con carteles que rezan: &#8216;Solamente para blancos&#8217;. No podemos estar satisfechos y no estaremos satisfechos en tanto un negro de Mississippi no pueda votar y un negro en Nueva York crea que no tiene nada por qu\u00e9 votar. No, no estamos satisfechos, y no estaremos satisfechos hasta que la justicia nos caiga como una catarata y el bien como un torrente.<\/p>\n<p dir=\"ltr\">No olvido que muchos de ustedes est\u00e1n aqu\u00ed tras pasar por grandes pruebas y tribulaciones. Algunos de ustedes acaban de salir de celdas angostas. Algunos de ustedes llegaron desde zonas donde su b\u00fasqueda de libertad los ha dejado golpeados por las tormentas de la persecuci\u00f3n y sacudidos por los vientos de la brutalidad policial. Ustedes son los veteranos del sufrimiento creativo. Contin\u00faen su trabajo con la fe de que el sufrimiento sin recompensa asegura la redenci\u00f3n. Vuelvan a Mississippi, vuelvan a Alabama, regresen a Georgia, a Louisiana, a las zonas pobres y guetos de las ciudades norte\u00f1as, con la sabidur\u00eda de que, de alguna forma, esta situaci\u00f3n puede ser y ser\u00e1 cambiada. No nos deleitemos en el valle de la desesperaci\u00f3n. Les digo a ustedes hoy, mis amigos, que pese a todas las dificultades y frustraciones del momento, yo todav\u00eda tengo un sue\u00f1o. Es un sue\u00f1o arraigado profundamente en el sue\u00f1o americano.<\/p>\n<p dir=\"ltr\">Yo tengo un sue\u00f1o de que un d\u00eda esta naci\u00f3n se elevar\u00e1 y vivir\u00e1 el verdadero significado de su credo: &#8216;Creemos que estas verdades son evidentes: que todos los hombres son creados iguales&#8217;.<\/p>\n<p dir=\"ltr\">Yo tengo el sue\u00f1o de que un d\u00eda en las coloradas colinas de Georgia los hijos de los ex esclavos y los hijos de los ex propietarios de esclavos ser\u00e1n capaces de sentarse juntos en la mesa de la hermandad.<\/p>\n<p dir=\"ltr\">Yo tengo el sue\u00f1o de que un d\u00eda incluso el estado de Mississippi, un estado desierto, sofocado por el calor de la injusticia y la opresi\u00f3n, ser\u00e1 transformado en un oasis de libertad y justicia.<\/p>\n<p dir=\"ltr\">Yo tengo el sue\u00f1o de que mis cuatro hijos peque\u00f1os vivir\u00e1n un d\u00eda en una naci\u00f3n donde no ser\u00e1n juzgados por el color de su piel sino por el contenido de su car\u00e1cter. \u00a1Yo tengo un sue\u00f1o hoy!<\/p>\n<p dir=\"ltr\">Yo tengo el sue\u00f1o de que un d\u00eda, all\u00e1 en Alabama, con sus racistas despiadados, con un gobernador cuyos labios gotean con las palabras de la interposici\u00f3n y la anulaci\u00f3n; un d\u00eda all\u00ed mismo en Alabama, peque\u00f1os ni\u00f1os negros y peque\u00f1as ni\u00f1as negras ser\u00e1n capaces de unir sus manos con peque\u00f1os ni\u00f1os blancos y ni\u00f1as blancas como hermanos y hermanas. \u00a1Yo tengo un sue\u00f1o hoy!<\/p>\n<p dir=\"ltr\">Yo tengo el sue\u00f1o de que un d\u00eda cada valle ser\u00e1 exaltado, cada colina y monta\u00f1a ser\u00e1 bajada, los sitios escarpados ser\u00e1n aplanados y los sitios sinuosos ser\u00e1n enderezados, y que la gloria del Se\u00f1or ser\u00e1 revelada y toda la carne la ver\u00e1 al un\u00edsono. Esta es nuestra esperanza. Esta es la fe con la que regresar\u00e9 al sur. Con esta fe seremos capaces de esculpir en la monta\u00f1a de la desesperaci\u00f3n una piedra de esperanza. Con esta fe seremos capaces de transformar las discordancias de nuestra naci\u00f3n en una hermosa sinfon\u00eda de hermandad. Con esta fe seremos capaces de trabajar juntos, de rezar juntos, de luchar juntos, de ir a prisi\u00f3n juntos, de luchar por nuestra libertad juntos, con la certeza de que un d\u00eda seremos libres.<\/p>\n<p dir=\"ltr\">Este ser\u00e1 el d\u00eda, este ser\u00e1 el d\u00eda en que todos los ni\u00f1os de Dios ser\u00e1n capaces de cantar con un nuevo significado: &#8216;Mi pa\u00eds, dulce tierra de libertad, sobre ti canto. Tierra donde mis padres murieron, tierra del orgullo del peregrino, desde cada ladera, dejen resonar la libertad&#8217;. Y si Estados Unidos va a convertirse en una gran naci\u00f3n, esto debe convertirse en realidad. Entonces dejen resonar la libertad desde las prodigiosas cumbres de Nueva Hampshire. Dejen resonar la libertad desde las grandes monta\u00f1as de Nueva York. Dejen resonar la libertad desde los Alleghenies de Pennsylvania. Dejen resonar la libertad desde los picos nevados de Colorado. Dejen resonar la libertad desde los curvados picos de California. Dejen resonar la libertad desde las monta\u00f1as de piedra de Georgia. \u00a1Dejen resonar la libertad de la monta\u00f1a Lookout de Tennessee. Dejen resonar la libertad desde cada colina y cada monta\u00f1a de Mississippi, desde cada ladera, dejen resonar la libertad! Y cuando esto ocurra, cuando dejemos resonar la libertad, cuando la dejemos resonar desde cada pueblo y cada caser\u00edo, desde cada estado y cada ciudad, seremos capaces de apresurar la llegada de ese d\u00eda en que todos los hijos de Dios, hombres negros y hombres blancos, jud\u00edos y cristianos, protestantes y cat\u00f3licos, ser\u00e1n capaces de unir sus manos y cantar las palabras de un viejo espiritual negro: &#8216;\u00a1Por fin somos libres! \u00a1Por fin somos libres! Gracias a Dios todopoderoso, \u00a1por fin somos libres!&#8217;.<\/p>\n","protected":false},"excerpt":{"rendered":"<p>No habr\u00e1 ni descanso ni tranquilidad en Estados Unidos hasta que el negro tenga garantizados sus derechos de ciudadano. Los remolinos de la revuelta continuar\u00e1n sacudiendo los cimientos de nuestra naci\u00f3n hasta que emerja el esplendoroso d\u00eda de la justicia.<\/p>\n","protected":false},"author":1,"featured_media":15750,"comment_status":"open","ping_status":"closed","sticky":false,"template":"","format":"standard","meta":{"footnotes":""},"categories":[129,131],"tags":[],"class_list":["post-15745","post","type-post","status-publish","format-standard","has-post-thumbnail","hentry","category-no-violencia","category-politica"],"yoast_head":"<!-- This site is optimized with the Yoast SEO plugin v25.0 - https:\/\/yoast.com\/wordpress\/plugins\/seo\/ -->\n<title>\u201cTengo Un Sue\u00f1o\u201d Por Martin Luther King - Nuestro Bio B\u00edo<\/title>\n<meta name=\"description\" content=\"No habr\u00e1 ni descanso ni tranquilidad en Estados Unidos hasta que el negro tenga garantizados sus derechos de ciudadano. Los remolinos de la revuelta continuar\u00e1n sacudiendo los cimientos de nuestra naci\u00f3n hasta que emerja el esplendoroso d\u00eda de la justicia.\" \/>\n<meta name=\"robots\" content=\"index, follow, max-snippet:-1, max-image-preview:large, max-video-preview:-1\" \/>\n<link rel=\"canonical\" href=\"https:\/\/www.fraczinet.cl\/sitio\/2024\/05\/19\/tengo-un-sueno-por-martin-luther-king\/\" \/>\n<meta property=\"og:locale\" content=\"es_ES\" \/>\n<meta property=\"og:type\" content=\"article\" \/>\n<meta property=\"og:title\" content=\"\u201cTengo Un Sue\u00f1o\u201d Por Martin Luther King - Nuestro Bio B\u00edo\" \/>\n<meta property=\"og:description\" content=\"No habr\u00e1 ni descanso ni tranquilidad en Estados Unidos hasta que el negro tenga garantizados sus derechos de ciudadano. Los remolinos de la revuelta continuar\u00e1n sacudiendo los cimientos de nuestra naci\u00f3n hasta que emerja el esplendoroso d\u00eda de la justicia.\" \/>\n<meta property=\"og:url\" content=\"https:\/\/www.fraczinet.cl\/sitio\/2024\/05\/19\/tengo-un-sueno-por-martin-luther-king\/\" \/>\n<meta property=\"og:site_name\" content=\"Nuestro Bio B\u00edo\" \/>\n<meta property=\"article:published_time\" content=\"2024-05-19T22:27:43+00:00\" \/>\n<meta property=\"article:modified_time\" content=\"2024-05-20T01:20:34+00:00\" \/>\n<meta property=\"og:image\" content=\"https:\/\/www.fraczinet.cl\/sitio\/wp-content\/uploads\/2021\/07\/bannerlogo-1.gif\" \/>\n\t<meta property=\"og:image:width\" content=\"159\" \/>\n\t<meta property=\"og:image:height\" content=\"79\" \/>\n\t<meta property=\"og:image:type\" content=\"image\/gif\" \/>\n<meta name=\"author\" content=\"admin\" \/>\n<meta name=\"twitter:card\" content=\"summary_large_image\" \/>\n<meta name=\"twitter:creator\" content=\"@nuestrobiobio\" \/>\n<meta name=\"twitter:site\" content=\"@nuestrobiobio\" \/>\n<meta name=\"twitter:label1\" content=\"Escrito por\" \/>\n\t<meta name=\"twitter:data1\" content=\"admin\" \/>\n\t<meta name=\"twitter:label2\" content=\"Tiempo de lectura\" \/>\n\t<meta name=\"twitter:data2\" content=\"8 minutos\" \/>\n<script type=\"application\/ld+json\" class=\"yoast-schema-graph\">{\"@context\":\"https:\/\/schema.org\",\"@graph\":[{\"@type\":\"Article\",\"@id\":\"https:\/\/www.fraczinet.cl\/sitio\/2024\/05\/19\/tengo-un-sueno-por-martin-luther-king\/#article\",\"isPartOf\":{\"@id\":\"https:\/\/www.fraczinet.cl\/sitio\/2024\/05\/19\/tengo-un-sueno-por-martin-luther-king\/\"},\"author\":{\"name\":\"admin\",\"@id\":\"https:\/\/www.fraczinet.cl\/sitio\/#\/schema\/person\/bc30f98e9cb10ae7e119dbe14bc93784\"},\"headline\":\"\u201cTengo Un Sue\u00f1o\u201d Por Martin Luther King\",\"datePublished\":\"2024-05-19T22:27:43+00:00\",\"dateModified\":\"2024-05-20T01:20:34+00:00\",\"mainEntityOfPage\":{\"@id\":\"https:\/\/www.fraczinet.cl\/sitio\/2024\/05\/19\/tengo-un-sueno-por-martin-luther-king\/\"},\"wordCount\":1749,\"commentCount\":0,\"publisher\":{\"@id\":\"https:\/\/www.fraczinet.cl\/sitio\/#\/schema\/person\/aec8ee4da68df2b9b0eefdad24a0d582\"},\"image\":{\"@id\":\"https:\/\/www.fraczinet.cl\/sitio\/2024\/05\/19\/tengo-un-sueno-por-martin-luther-king\/#primaryimage\"},\"thumbnailUrl\":\"https:\/\/www.fraczinet.cl\/sitio\/wp-content\/uploads\/2024\/05\/Tengo-un-sueno-Martin-Luther-King3.avif\",\"articleSection\":[\"No-Violencia\",\"Pol\u00edtica\"],\"inLanguage\":\"es\",\"potentialAction\":[{\"@type\":\"CommentAction\",\"name\":\"Comment\",\"target\":[\"https:\/\/www.fraczinet.cl\/sitio\/2024\/05\/19\/tengo-un-sueno-por-martin-luther-king\/#respond\"]}]},{\"@type\":\"WebPage\",\"@id\":\"https:\/\/www.fraczinet.cl\/sitio\/2024\/05\/19\/tengo-un-sueno-por-martin-luther-king\/\",\"url\":\"https:\/\/www.fraczinet.cl\/sitio\/2024\/05\/19\/tengo-un-sueno-por-martin-luther-king\/\",\"name\":\"\u201cTengo Un Sue\u00f1o\u201d Por Martin Luther King - Nuestro Bio B\u00edo\",\"isPartOf\":{\"@id\":\"https:\/\/www.fraczinet.cl\/sitio\/#website\"},\"primaryImageOfPage\":{\"@id\":\"https:\/\/www.fraczinet.cl\/sitio\/2024\/05\/19\/tengo-un-sueno-por-martin-luther-king\/#primaryimage\"},\"image\":{\"@id\":\"https:\/\/www.fraczinet.cl\/sitio\/2024\/05\/19\/tengo-un-sueno-por-martin-luther-king\/#primaryimage\"},\"thumbnailUrl\":\"https:\/\/www.fraczinet.cl\/sitio\/wp-content\/uploads\/2024\/05\/Tengo-un-sueno-Martin-Luther-King3.avif\",\"datePublished\":\"2024-05-19T22:27:43+00:00\",\"dateModified\":\"2024-05-20T01:20:34+00:00\",\"description\":\"No habr\u00e1 ni descanso ni tranquilidad en Estados Unidos hasta que el negro tenga garantizados sus derechos de ciudadano. Los remolinos de la revuelta continuar\u00e1n sacudiendo los cimientos de nuestra naci\u00f3n hasta que emerja el esplendoroso d\u00eda de la justicia.\",\"breadcrumb\":{\"@id\":\"https:\/\/www.fraczinet.cl\/sitio\/2024\/05\/19\/tengo-un-sueno-por-martin-luther-king\/#breadcrumb\"},\"inLanguage\":\"es\",\"potentialAction\":[{\"@type\":\"ReadAction\",\"target\":[\"https:\/\/www.fraczinet.cl\/sitio\/2024\/05\/19\/tengo-un-sueno-por-martin-luther-king\/\"]}]},{\"@type\":\"ImageObject\",\"inLanguage\":\"es\",\"@id\":\"https:\/\/www.fraczinet.cl\/sitio\/2024\/05\/19\/tengo-un-sueno-por-martin-luther-king\/#primaryimage\",\"url\":\"https:\/\/www.fraczinet.cl\/sitio\/wp-content\/uploads\/2024\/05\/Tengo-un-sueno-Martin-Luther-King3.avif\",\"contentUrl\":\"https:\/\/www.fraczinet.cl\/sitio\/wp-content\/uploads\/2024\/05\/Tengo-un-sueno-Martin-Luther-King3.avif\",\"width\":560,\"height\":315,\"caption\":\"Tengo-un-sueno-Martin-Luther-King\"},{\"@type\":\"BreadcrumbList\",\"@id\":\"https:\/\/www.fraczinet.cl\/sitio\/2024\/05\/19\/tengo-un-sueno-por-martin-luther-king\/#breadcrumb\",\"itemListElement\":[{\"@type\":\"ListItem\",\"position\":1,\"name\":\"Portada\",\"item\":\"https:\/\/www.fraczinet.cl\/sitio\/\"},{\"@type\":\"ListItem\",\"position\":2,\"name\":\"\u201cTengo Un Sue\u00f1o\u201d Por Martin Luther King\"}]},{\"@type\":\"WebSite\",\"@id\":\"https:\/\/www.fraczinet.cl\/sitio\/#website\",\"url\":\"https:\/\/www.fraczinet.cl\/sitio\/\",\"name\":\"Nuestro Bio B\u00edo\",\"description\":\"Tierra de Encuentros\",\"publisher\":{\"@id\":\"https:\/\/www.fraczinet.cl\/sitio\/#\/schema\/person\/aec8ee4da68df2b9b0eefdad24a0d582\"},\"potentialAction\":[{\"@type\":\"SearchAction\",\"target\":{\"@type\":\"EntryPoint\",\"urlTemplate\":\"https:\/\/www.fraczinet.cl\/sitio\/?s={search_term_string}\"},\"query-input\":{\"@type\":\"PropertyValueSpecification\",\"valueRequired\":true,\"valueName\":\"search_term_string\"}}],\"inLanguage\":\"es\"},{\"@type\":[\"Person\",\"Organization\"],\"@id\":\"https:\/\/www.fraczinet.cl\/sitio\/#\/schema\/person\/aec8ee4da68df2b9b0eefdad24a0d582\",\"name\":\"Luis Fernando Fraczinet\",\"image\":{\"@type\":\"ImageObject\",\"inLanguage\":\"es\",\"@id\":\"https:\/\/www.fraczinet.cl\/sitio\/#\/schema\/person\/image\/\",\"url\":\"https:\/\/www.fraczinet.cl\/sitio\/wp-content\/uploads\/2021\/07\/bannerlogo-1.gif\",\"contentUrl\":\"https:\/\/www.fraczinet.cl\/sitio\/wp-content\/uploads\/2021\/07\/bannerlogo-1.gif\",\"width\":159,\"height\":79,\"caption\":\"Luis Fernando Fraczinet\"},\"logo\":{\"@id\":\"https:\/\/www.fraczinet.cl\/sitio\/#\/schema\/person\/image\/\"},\"sameAs\":[\"https:\/\/www.fraczinet.cl\/sitio\/\"]},{\"@type\":\"Person\",\"@id\":\"https:\/\/www.fraczinet.cl\/sitio\/#\/schema\/person\/bc30f98e9cb10ae7e119dbe14bc93784\",\"name\":\"admin\",\"image\":{\"@type\":\"ImageObject\",\"inLanguage\":\"es\",\"@id\":\"https:\/\/www.fraczinet.cl\/sitio\/#\/schema\/person\/image\/\",\"url\":\"https:\/\/secure.gravatar.com\/avatar\/d5ad3cf7ef3b23a2bb5be73be780c86b2fc8545c3ad6b149f3913ff458c00099?s=96&d=mm&r=g\",\"contentUrl\":\"https:\/\/secure.gravatar.com\/avatar\/d5ad3cf7ef3b23a2bb5be73be780c86b2fc8545c3ad6b149f3913ff458c00099?s=96&d=mm&r=g\",\"caption\":\"admin\"},\"sameAs\":[\"https:\/\/www.fraczinet.cl\/sitio\"]}]}<\/script>\n<!-- \/ Yoast SEO plugin. -->","yoast_head_json":{"title":"\u201cTengo Un Sue\u00f1o\u201d Por Martin Luther King - Nuestro Bio B\u00edo","description":"No habr\u00e1 ni descanso ni tranquilidad en Estados Unidos hasta que el negro tenga garantizados sus derechos de ciudadano. Los remolinos de la revuelta continuar\u00e1n sacudiendo los cimientos de nuestra naci\u00f3n hasta que emerja el esplendoroso d\u00eda de la justicia.","robots":{"index":"index","follow":"follow","max-snippet":"max-snippet:-1","max-image-preview":"max-image-preview:large","max-video-preview":"max-video-preview:-1"},"canonical":"https:\/\/www.fraczinet.cl\/sitio\/2024\/05\/19\/tengo-un-sueno-por-martin-luther-king\/","og_locale":"es_ES","og_type":"article","og_title":"\u201cTengo Un Sue\u00f1o\u201d Por Martin Luther King - Nuestro Bio B\u00edo","og_description":"No habr\u00e1 ni descanso ni tranquilidad en Estados Unidos hasta que el negro tenga garantizados sus derechos de ciudadano. Los remolinos de la revuelta continuar\u00e1n sacudiendo los cimientos de nuestra naci\u00f3n hasta que emerja el esplendoroso d\u00eda de la justicia.","og_url":"https:\/\/www.fraczinet.cl\/sitio\/2024\/05\/19\/tengo-un-sueno-por-martin-luther-king\/","og_site_name":"Nuestro Bio B\u00edo","article_published_time":"2024-05-19T22:27:43+00:00","article_modified_time":"2024-05-20T01:20:34+00:00","og_image":[{"width":159,"height":79,"url":"https:\/\/www.fraczinet.cl\/sitio\/wp-content\/uploads\/2021\/07\/bannerlogo-1.gif","type":"image\/gif"}],"author":"admin","twitter_card":"summary_large_image","twitter_creator":"@nuestrobiobio","twitter_site":"@nuestrobiobio","twitter_misc":{"Escrito por":"admin","Tiempo de lectura":"8 minutos"},"schema":{"@context":"https:\/\/schema.org","@graph":[{"@type":"Article","@id":"https:\/\/www.fraczinet.cl\/sitio\/2024\/05\/19\/tengo-un-sueno-por-martin-luther-king\/#article","isPartOf":{"@id":"https:\/\/www.fraczinet.cl\/sitio\/2024\/05\/19\/tengo-un-sueno-por-martin-luther-king\/"},"author":{"name":"admin","@id":"https:\/\/www.fraczinet.cl\/sitio\/#\/schema\/person\/bc30f98e9cb10ae7e119dbe14bc93784"},"headline":"\u201cTengo Un Sue\u00f1o\u201d Por Martin Luther King","datePublished":"2024-05-19T22:27:43+00:00","dateModified":"2024-05-20T01:20:34+00:00","mainEntityOfPage":{"@id":"https:\/\/www.fraczinet.cl\/sitio\/2024\/05\/19\/tengo-un-sueno-por-martin-luther-king\/"},"wordCount":1749,"commentCount":0,"publisher":{"@id":"https:\/\/www.fraczinet.cl\/sitio\/#\/schema\/person\/aec8ee4da68df2b9b0eefdad24a0d582"},"image":{"@id":"https:\/\/www.fraczinet.cl\/sitio\/2024\/05\/19\/tengo-un-sueno-por-martin-luther-king\/#primaryimage"},"thumbnailUrl":"https:\/\/www.fraczinet.cl\/sitio\/wp-content\/uploads\/2024\/05\/Tengo-un-sueno-Martin-Luther-King3.avif","articleSection":["No-Violencia","Pol\u00edtica"],"inLanguage":"es","potentialAction":[{"@type":"CommentAction","name":"Comment","target":["https:\/\/www.fraczinet.cl\/sitio\/2024\/05\/19\/tengo-un-sueno-por-martin-luther-king\/#respond"]}]},{"@type":"WebPage","@id":"https:\/\/www.fraczinet.cl\/sitio\/2024\/05\/19\/tengo-un-sueno-por-martin-luther-king\/","url":"https:\/\/www.fraczinet.cl\/sitio\/2024\/05\/19\/tengo-un-sueno-por-martin-luther-king\/","name":"\u201cTengo Un Sue\u00f1o\u201d Por Martin Luther King - Nuestro Bio B\u00edo","isPartOf":{"@id":"https:\/\/www.fraczinet.cl\/sitio\/#website"},"primaryImageOfPage":{"@id":"https:\/\/www.fraczinet.cl\/sitio\/2024\/05\/19\/tengo-un-sueno-por-martin-luther-king\/#primaryimage"},"image":{"@id":"https:\/\/www.fraczinet.cl\/sitio\/2024\/05\/19\/tengo-un-sueno-por-martin-luther-king\/#primaryimage"},"thumbnailUrl":"https:\/\/www.fraczinet.cl\/sitio\/wp-content\/uploads\/2024\/05\/Tengo-un-sueno-Martin-Luther-King3.avif","datePublished":"2024-05-19T22:27:43+00:00","dateModified":"2024-05-20T01:20:34+00:00","description":"No habr\u00e1 ni descanso ni tranquilidad en Estados Unidos hasta que el negro tenga garantizados sus derechos de ciudadano. Los remolinos de la revuelta continuar\u00e1n sacudiendo los cimientos de nuestra naci\u00f3n hasta que emerja el esplendoroso d\u00eda de la justicia.","breadcrumb":{"@id":"https:\/\/www.fraczinet.cl\/sitio\/2024\/05\/19\/tengo-un-sueno-por-martin-luther-king\/#breadcrumb"},"inLanguage":"es","potentialAction":[{"@type":"ReadAction","target":["https:\/\/www.fraczinet.cl\/sitio\/2024\/05\/19\/tengo-un-sueno-por-martin-luther-king\/"]}]},{"@type":"ImageObject","inLanguage":"es","@id":"https:\/\/www.fraczinet.cl\/sitio\/2024\/05\/19\/tengo-un-sueno-por-martin-luther-king\/#primaryimage","url":"https:\/\/www.fraczinet.cl\/sitio\/wp-content\/uploads\/2024\/05\/Tengo-un-sueno-Martin-Luther-King3.avif","contentUrl":"https:\/\/www.fraczinet.cl\/sitio\/wp-content\/uploads\/2024\/05\/Tengo-un-sueno-Martin-Luther-King3.avif","width":560,"height":315,"caption":"Tengo-un-sueno-Martin-Luther-King"},{"@type":"BreadcrumbList","@id":"https:\/\/www.fraczinet.cl\/sitio\/2024\/05\/19\/tengo-un-sueno-por-martin-luther-king\/#breadcrumb","itemListElement":[{"@type":"ListItem","position":1,"name":"Portada","item":"https:\/\/www.fraczinet.cl\/sitio\/"},{"@type":"ListItem","position":2,"name":"\u201cTengo Un Sue\u00f1o\u201d Por Martin Luther King"}]},{"@type":"WebSite","@id":"https:\/\/www.fraczinet.cl\/sitio\/#website","url":"https:\/\/www.fraczinet.cl\/sitio\/","name":"Nuestro Bio B\u00edo","description":"Tierra de Encuentros","publisher":{"@id":"https:\/\/www.fraczinet.cl\/sitio\/#\/schema\/person\/aec8ee4da68df2b9b0eefdad24a0d582"},"potentialAction":[{"@type":"SearchAction","target":{"@type":"EntryPoint","urlTemplate":"https:\/\/www.fraczinet.cl\/sitio\/?s={search_term_string}"},"query-input":{"@type":"PropertyValueSpecification","valueRequired":true,"valueName":"search_term_string"}}],"inLanguage":"es"},{"@type":["Person","Organization"],"@id":"https:\/\/www.fraczinet.cl\/sitio\/#\/schema\/person\/aec8ee4da68df2b9b0eefdad24a0d582","name":"Luis Fernando Fraczinet","image":{"@type":"ImageObject","inLanguage":"es","@id":"https:\/\/www.fraczinet.cl\/sitio\/#\/schema\/person\/image\/","url":"https:\/\/www.fraczinet.cl\/sitio\/wp-content\/uploads\/2021\/07\/bannerlogo-1.gif","contentUrl":"https:\/\/www.fraczinet.cl\/sitio\/wp-content\/uploads\/2021\/07\/bannerlogo-1.gif","width":159,"height":79,"caption":"Luis Fernando Fraczinet"},"logo":{"@id":"https:\/\/www.fraczinet.cl\/sitio\/#\/schema\/person\/image\/"},"sameAs":["https:\/\/www.fraczinet.cl\/sitio\/"]},{"@type":"Person","@id":"https:\/\/www.fraczinet.cl\/sitio\/#\/schema\/person\/bc30f98e9cb10ae7e119dbe14bc93784","name":"admin","image":{"@type":"ImageObject","inLanguage":"es","@id":"https:\/\/www.fraczinet.cl\/sitio\/#\/schema\/person\/image\/","url":"https:\/\/secure.gravatar.com\/avatar\/d5ad3cf7ef3b23a2bb5be73be780c86b2fc8545c3ad6b149f3913ff458c00099?s=96&d=mm&r=g","contentUrl":"https:\/\/secure.gravatar.com\/avatar\/d5ad3cf7ef3b23a2bb5be73be780c86b2fc8545c3ad6b149f3913ff458c00099?s=96&d=mm&r=g","caption":"admin"},"sameAs":["https:\/\/www.fraczinet.cl\/sitio"]}]}},"_links":{"self":[{"href":"https:\/\/www.fraczinet.cl\/sitio\/wp-json\/wp\/v2\/posts\/15745","targetHints":{"allow":["GET"]}}],"collection":[{"href":"https:\/\/www.fraczinet.cl\/sitio\/wp-json\/wp\/v2\/posts"}],"about":[{"href":"https:\/\/www.fraczinet.cl\/sitio\/wp-json\/wp\/v2\/types\/post"}],"author":[{"embeddable":true,"href":"https:\/\/www.fraczinet.cl\/sitio\/wp-json\/wp\/v2\/users\/1"}],"replies":[{"embeddable":true,"href":"https:\/\/www.fraczinet.cl\/sitio\/wp-json\/wp\/v2\/comments?post=15745"}],"version-history":[{"count":1,"href":"https:\/\/www.fraczinet.cl\/sitio\/wp-json\/wp\/v2\/posts\/15745\/revisions"}],"predecessor-version":[{"id":15748,"href":"https:\/\/www.fraczinet.cl\/sitio\/wp-json\/wp\/v2\/posts\/15745\/revisions\/15748"}],"wp:featuredmedia":[{"embeddable":true,"href":"https:\/\/www.fraczinet.cl\/sitio\/wp-json\/wp\/v2\/media\/15750"}],"wp:attachment":[{"href":"https:\/\/www.fraczinet.cl\/sitio\/wp-json\/wp\/v2\/media?parent=15745"}],"wp:term":[{"taxonomy":"category","embeddable":true,"href":"https:\/\/www.fraczinet.cl\/sitio\/wp-json\/wp\/v2\/categories?post=15745"},{"taxonomy":"post_tag","embeddable":true,"href":"https:\/\/www.fraczinet.cl\/sitio\/wp-json\/wp\/v2\/tags?post=15745"}],"curies":[{"name":"wp","href":"https:\/\/api.w.org\/{rel}","templated":true}]}}