{"id":15761,"date":"2024-06-01T01:30:48","date_gmt":"2024-06-01T01:30:48","guid":{"rendered":"https:\/\/www.fraczinet.cl\/sitio\/?p=15761"},"modified":"2024-06-01T01:30:48","modified_gmt":"2024-06-01T01:30:48","slug":"el-dia-en-que-simon-bolivar-vencio-en-la-batalla-de-araure","status":"publish","type":"post","link":"https:\/\/www.fraczinet.cl\/sitio\/2024\/06\/01\/el-dia-en-que-simon-bolivar-vencio-en-la-batalla-de-araure\/","title":{"rendered":"El D\u00eda En Que Sim\u00f3n Bol\u00edvar Venci\u00f3 En La Batalla de Araure"},"content":{"rendered":"<p><span style=\"font-weight: 400;\">El 10 de abril del a\u00f1o 1813, durante la lucha independentista de Venezuela, las fuerzas patriotas, comandadas por Sim\u00f3n Bol\u00edvar, venc\u00edan a las realistas, lideradas por Jos\u00e9 Ceballos y Jos\u00e9 Antonio Y\u00e1\u00f1ez, en la batalla de Araure.\u00a0<\/span><\/p>\n<p><img fetchpriority=\"high\" decoding=\"async\" class=\"aligncenter wp-image-15762 size-large\" src=\"https:\/\/www.fraczinet.cl\/sitio\/wp-content\/uploads\/2024\/06\/El-Dia-En-Que-Simon-Bolivar-Vencio-En-La-Batalla-de-Araure-1024x705.jpeg\" alt=\"\" width=\"640\" height=\"441\" srcset=\"https:\/\/www.fraczinet.cl\/sitio\/wp-content\/uploads\/2024\/06\/El-Dia-En-Que-Simon-Bolivar-Vencio-En-La-Batalla-de-Araure-1024x705.jpeg 1024w, https:\/\/www.fraczinet.cl\/sitio\/wp-content\/uploads\/2024\/06\/El-Dia-En-Que-Simon-Bolivar-Vencio-En-La-Batalla-de-Araure-300x207.jpeg 300w, https:\/\/www.fraczinet.cl\/sitio\/wp-content\/uploads\/2024\/06\/El-Dia-En-Que-Simon-Bolivar-Vencio-En-La-Batalla-de-Araure-768x529.jpeg 768w, https:\/\/www.fraczinet.cl\/sitio\/wp-content\/uploads\/2024\/06\/El-Dia-En-Que-Simon-Bolivar-Vencio-En-La-Batalla-de-Araure.jpeg 1138w\" sizes=\"(max-width: 640px) 100vw, 640px\" \/><\/p>\n<p><span style=\"font-weight: 400;\">La lucha hab\u00eda comenzado durante la ma\u00f1ana de aquel d\u00eda y se extendi\u00f3 por un lapso aproximado a las seis horas. Todo transcurri\u00f3 en la ciudad de Araure, en el estado de Portuguesa, hasta donde arribaron las tropas realistas con m\u00e1s de 3500 soldados, un n\u00famero muy superior a los 2500 efectivos de las tropas patriotas.\u00a0<\/span><\/p>\n<p>&nbsp;<\/p>\n<p><span style=\"font-weight: 400;\">Sin embargo, tras la victoria de Bol\u00edvar, quedaron en poder de los patriotas 200 prisioneros del bando contrario, cuatro banderas y numerosas piezas de artiller\u00eda.<\/span><\/p>\n","protected":false},"excerpt":{"rendered":"<p>El 10 de abril del a\u00f1o 1813, durante la lucha independentista de Venezuela, las fuerzas patriotas, comandadas por Sim\u00f3n Bol\u00edvar, venc\u00edan a las realistas, lideradas por Jos\u00e9 Ceballos y Jos\u00e9 Antonio Y\u00e1\u00f1ez, en la batalla de Araure. <\/p>\n","protected":false},"author":1,"featured_media":15762,"comment_status":"open","ping_status":"closed","sticky":false,"template":"","format":"standard","meta":{"footnotes":""},"categories":[10,427,408],"tags":[],"class_list":["post-15761","post","type-post","status-publish","format-standard","has-post-thumbnail","hentry","category-historia","category-independencia","category-simon-bolivar"],"yoast_head":"<!-- This site is optimized with the Yoast SEO plugin v25.0 - https:\/\/yoast.com\/wordpress\/plugins\/seo\/ -->\n<title>El D\u00eda En Que Sim\u00f3n Bol\u00edvar Venci\u00f3 En La Batalla de Araure - Nuestro Bio B\u00edo<\/title>\n<meta name=\"robots\" content=\"index, follow, max-snippet:-1, max-image-preview:large, max-video-preview:-1\" \/>\n<link rel=\"canonical\" href=\"https:\/\/www.fraczinet.cl\/sitio\/2024\/06\/01\/el-dia-en-que-simon-bolivar-vencio-en-la-batalla-de-araure\/\" \/>\n<meta property=\"og:locale\" content=\"es_ES\" \/>\n<meta property=\"og:type\" content=\"article\" \/>\n<meta property=\"og:title\" content=\"El D\u00eda En Que Sim\u00f3n Bol\u00edvar Venci\u00f3 En La Batalla de Araure - Nuestro Bio B\u00edo\" \/>\n<meta property=\"og:description\" content=\"El 10 de abril del a\u00f1o 1813, durante la lucha independentista de Venezuela, las fuerzas patriotas, comandadas por Sim\u00f3n Bol\u00edvar, venc\u00edan a las realistas, lideradas por Jos\u00e9 Ceballos y Jos\u00e9 Antonio Y\u00e1\u00f1ez, en la batalla de Araure.\" \/>\n<meta property=\"og:url\" content=\"https:\/\/www.fraczinet.cl\/sitio\/2024\/06\/01\/el-dia-en-que-simon-bolivar-vencio-en-la-batalla-de-araure\/\" \/>\n<meta property=\"og:site_name\" content=\"Nuestro Bio B\u00edo\" \/>\n<meta property=\"article:published_time\" content=\"2024-06-01T01:30:48+00:00\" \/>\n<meta property=\"og:image\" content=\"https:\/\/www.fraczinet.cl\/sitio\/wp-content\/uploads\/2024\/06\/El-Dia-En-Que-Simon-Bolivar-Vencio-En-La-Batalla-de-Araure.jpeg\" \/>\n\t<meta property=\"og:image:width\" content=\"1138\" \/>\n\t<meta property=\"og:image:height\" content=\"784\" \/>\n\t<meta property=\"og:image:type\" content=\"image\/jpeg\" \/>\n<meta name=\"author\" content=\"admin\" \/>\n<meta name=\"twitter:card\" content=\"summary_large_image\" \/>\n<meta name=\"twitter:creator\" content=\"@nuestrobiobio\" \/>\n<meta name=\"twitter:site\" content=\"@nuestrobiobio\" \/>\n<meta name=\"twitter:label1\" content=\"Escrito por\" \/>\n\t<meta name=\"twitter:data1\" content=\"admin\" \/>\n\t<meta name=\"twitter:label2\" content=\"Tiempo de lectura\" \/>\n\t<meta name=\"twitter:data2\" content=\"1 minuto\" \/>\n<script type=\"application\/ld+json\" class=\"yoast-schema-graph\">{\"@context\":\"https:\/\/schema.org\",\"@graph\":[{\"@type\":\"Article\",\"@id\":\"https:\/\/www.fraczinet.cl\/sitio\/2024\/06\/01\/el-dia-en-que-simon-bolivar-vencio-en-la-batalla-de-araure\/#article\",\"isPartOf\":{\"@id\":\"https:\/\/www.fraczinet.cl\/sitio\/2024\/06\/01\/el-dia-en-que-simon-bolivar-vencio-en-la-batalla-de-araure\/\"},\"author\":{\"name\":\"admin\",\"@id\":\"https:\/\/www.fraczinet.cl\/sitio\/#\/schema\/person\/bc30f98e9cb10ae7e119dbe14bc93784\"},\"headline\":\"El D\u00eda En Que Sim\u00f3n Bol\u00edvar Venci\u00f3 En La Batalla de Araure\",\"datePublished\":\"2024-06-01T01:30:48+00:00\",\"mainEntityOfPage\":{\"@id\":\"https:\/\/www.fraczinet.cl\/sitio\/2024\/06\/01\/el-dia-en-que-simon-bolivar-vencio-en-la-batalla-de-araure\/\"},\"wordCount\":141,\"commentCount\":0,\"publisher\":{\"@id\":\"https:\/\/www.fraczinet.cl\/sitio\/#\/schema\/person\/aec8ee4da68df2b9b0eefdad24a0d582\"},\"image\":{\"@id\":\"https:\/\/www.fraczinet.cl\/sitio\/2024\/06\/01\/el-dia-en-que-simon-bolivar-vencio-en-la-batalla-de-araure\/#primaryimage\"},\"thumbnailUrl\":\"https:\/\/www.fraczinet.cl\/sitio\/wp-content\/uploads\/2024\/06\/El-Dia-En-Que-Simon-Bolivar-Vencio-En-La-Batalla-de-Araure.jpeg\",\"articleSection\":[\"Historia\",\"Independencia\",\"Sim\u00f3n Bolivar\"],\"inLanguage\":\"es\",\"potentialAction\":[{\"@type\":\"CommentAction\",\"name\":\"Comment\",\"target\":[\"https:\/\/www.fraczinet.cl\/sitio\/2024\/06\/01\/el-dia-en-que-simon-bolivar-vencio-en-la-batalla-de-araure\/#respond\"]}]},{\"@type\":\"WebPage\",\"@id\":\"https:\/\/www.fraczinet.cl\/sitio\/2024\/06\/01\/el-dia-en-que-simon-bolivar-vencio-en-la-batalla-de-araure\/\",\"url\":\"https:\/\/www.fraczinet.cl\/sitio\/2024\/06\/01\/el-dia-en-que-simon-bolivar-vencio-en-la-batalla-de-araure\/\",\"name\":\"El D\u00eda En Que Sim\u00f3n Bol\u00edvar Venci\u00f3 En La Batalla de Araure - Nuestro Bio B\u00edo\",\"isPartOf\":{\"@id\":\"https:\/\/www.fraczinet.cl\/sitio\/#website\"},\"primaryImageOfPage\":{\"@id\":\"https:\/\/www.fraczinet.cl\/sitio\/2024\/06\/01\/el-dia-en-que-simon-bolivar-vencio-en-la-batalla-de-araure\/#primaryimage\"},\"image\":{\"@id\":\"https:\/\/www.fraczinet.cl\/sitio\/2024\/06\/01\/el-dia-en-que-simon-bolivar-vencio-en-la-batalla-de-araure\/#primaryimage\"},\"thumbnailUrl\":\"https:\/\/www.fraczinet.cl\/sitio\/wp-content\/uploads\/2024\/06\/El-Dia-En-Que-Simon-Bolivar-Vencio-En-La-Batalla-de-Araure.jpeg\",\"datePublished\":\"2024-06-01T01:30:48+00:00\",\"breadcrumb\":{\"@id\":\"https:\/\/www.fraczinet.cl\/sitio\/2024\/06\/01\/el-dia-en-que-simon-bolivar-vencio-en-la-batalla-de-araure\/#breadcrumb\"},\"inLanguage\":\"es\",\"potentialAction\":[{\"@type\":\"ReadAction\",\"target\":[\"https:\/\/www.fraczinet.cl\/sitio\/2024\/06\/01\/el-dia-en-que-simon-bolivar-vencio-en-la-batalla-de-araure\/\"]}]},{\"@type\":\"ImageObject\",\"inLanguage\":\"es\",\"@id\":\"https:\/\/www.fraczinet.cl\/sitio\/2024\/06\/01\/el-dia-en-que-simon-bolivar-vencio-en-la-batalla-de-araure\/#primaryimage\",\"url\":\"https:\/\/www.fraczinet.cl\/sitio\/wp-content\/uploads\/2024\/06\/El-Dia-En-Que-Simon-Bolivar-Vencio-En-La-Batalla-de-Araure.jpeg\",\"contentUrl\":\"https:\/\/www.fraczinet.cl\/sitio\/wp-content\/uploads\/2024\/06\/El-Dia-En-Que-Simon-Bolivar-Vencio-En-La-Batalla-de-Araure.jpeg\",\"width\":1138,\"height\":784},{\"@type\":\"BreadcrumbList\",\"@id\":\"https:\/\/www.fraczinet.cl\/sitio\/2024\/06\/01\/el-dia-en-que-simon-bolivar-vencio-en-la-batalla-de-araure\/#breadcrumb\",\"itemListElement\":[{\"@type\":\"ListItem\",\"position\":1,\"name\":\"Portada\",\"item\":\"https:\/\/www.fraczinet.cl\/sitio\/\"},{\"@type\":\"ListItem\",\"position\":2,\"name\":\"El D\u00eda En Que Sim\u00f3n Bol\u00edvar Venci\u00f3 En La Batalla de Araure\"}]},{\"@type\":\"WebSite\",\"@id\":\"https:\/\/www.fraczinet.cl\/sitio\/#website\",\"url\":\"https:\/\/www.fraczinet.cl\/sitio\/\",\"name\":\"Nuestro Bio B\u00edo\",\"description\":\"Tierra de Encuentros\",\"publisher\":{\"@id\":\"https:\/\/www.fraczinet.cl\/sitio\/#\/schema\/person\/aec8ee4da68df2b9b0eefdad24a0d582\"},\"potentialAction\":[{\"@type\":\"SearchAction\",\"target\":{\"@type\":\"EntryPoint\",\"urlTemplate\":\"https:\/\/www.fraczinet.cl\/sitio\/?s={search_term_string}\"},\"query-input\":{\"@type\":\"PropertyValueSpecification\",\"valueRequired\":true,\"valueName\":\"search_term_string\"}}],\"inLanguage\":\"es\"},{\"@type\":[\"Person\",\"Organization\"],\"@id\":\"https:\/\/www.fraczinet.cl\/sitio\/#\/schema\/person\/aec8ee4da68df2b9b0eefdad24a0d582\",\"name\":\"Luis Fernando Fraczinet\",\"image\":{\"@type\":\"ImageObject\",\"inLanguage\":\"es\",\"@id\":\"https:\/\/www.fraczinet.cl\/sitio\/#\/schema\/person\/image\/\",\"url\":\"https:\/\/www.fraczinet.cl\/sitio\/wp-content\/uploads\/2021\/07\/bannerlogo-1.gif\",\"contentUrl\":\"https:\/\/www.fraczinet.cl\/sitio\/wp-content\/uploads\/2021\/07\/bannerlogo-1.gif\",\"width\":159,\"height\":79,\"caption\":\"Luis Fernando Fraczinet\"},\"logo\":{\"@id\":\"https:\/\/www.fraczinet.cl\/sitio\/#\/schema\/person\/image\/\"},\"sameAs\":[\"https:\/\/www.fraczinet.cl\/sitio\/\"]},{\"@type\":\"Person\",\"@id\":\"https:\/\/www.fraczinet.cl\/sitio\/#\/schema\/person\/bc30f98e9cb10ae7e119dbe14bc93784\",\"name\":\"admin\",\"image\":{\"@type\":\"ImageObject\",\"inLanguage\":\"es\",\"@id\":\"https:\/\/www.fraczinet.cl\/sitio\/#\/schema\/person\/image\/\",\"url\":\"https:\/\/secure.gravatar.com\/avatar\/d5ad3cf7ef3b23a2bb5be73be780c86b2fc8545c3ad6b149f3913ff458c00099?s=96&d=mm&r=g\",\"contentUrl\":\"https:\/\/secure.gravatar.com\/avatar\/d5ad3cf7ef3b23a2bb5be73be780c86b2fc8545c3ad6b149f3913ff458c00099?s=96&d=mm&r=g\",\"caption\":\"admin\"},\"sameAs\":[\"https:\/\/www.fraczinet.cl\/sitio\"]}]}<\/script>\n<!-- \/ Yoast SEO plugin. -->","yoast_head_json":{"title":"El D\u00eda En Que Sim\u00f3n Bol\u00edvar Venci\u00f3 En La Batalla de Araure - Nuestro Bio B\u00edo","robots":{"index":"index","follow":"follow","max-snippet":"max-snippet:-1","max-image-preview":"max-image-preview:large","max-video-preview":"max-video-preview:-1"},"canonical":"https:\/\/www.fraczinet.cl\/sitio\/2024\/06\/01\/el-dia-en-que-simon-bolivar-vencio-en-la-batalla-de-araure\/","og_locale":"es_ES","og_type":"article","og_title":"El D\u00eda En Que Sim\u00f3n Bol\u00edvar Venci\u00f3 En La Batalla de Araure - Nuestro Bio B\u00edo","og_description":"El 10 de abril del a\u00f1o 1813, durante la lucha independentista de Venezuela, las fuerzas patriotas, comandadas por Sim\u00f3n Bol\u00edvar, venc\u00edan a las realistas, lideradas por Jos\u00e9 Ceballos y Jos\u00e9 Antonio Y\u00e1\u00f1ez, en la batalla de Araure.","og_url":"https:\/\/www.fraczinet.cl\/sitio\/2024\/06\/01\/el-dia-en-que-simon-bolivar-vencio-en-la-batalla-de-araure\/","og_site_name":"Nuestro Bio B\u00edo","article_published_time":"2024-06-01T01:30:48+00:00","og_image":[{"width":1138,"height":784,"url":"https:\/\/www.fraczinet.cl\/sitio\/wp-content\/uploads\/2024\/06\/El-Dia-En-Que-Simon-Bolivar-Vencio-En-La-Batalla-de-Araure.jpeg","type":"image\/jpeg"}],"author":"admin","twitter_card":"summary_large_image","twitter_creator":"@nuestrobiobio","twitter_site":"@nuestrobiobio","twitter_misc":{"Escrito por":"admin","Tiempo de lectura":"1 minuto"},"schema":{"@context":"https:\/\/schema.org","@graph":[{"@type":"Article","@id":"https:\/\/www.fraczinet.cl\/sitio\/2024\/06\/01\/el-dia-en-que-simon-bolivar-vencio-en-la-batalla-de-araure\/#article","isPartOf":{"@id":"https:\/\/www.fraczinet.cl\/sitio\/2024\/06\/01\/el-dia-en-que-simon-bolivar-vencio-en-la-batalla-de-araure\/"},"author":{"name":"admin","@id":"https:\/\/www.fraczinet.cl\/sitio\/#\/schema\/person\/bc30f98e9cb10ae7e119dbe14bc93784"},"headline":"El D\u00eda En Que Sim\u00f3n Bol\u00edvar Venci\u00f3 En La Batalla de Araure","datePublished":"2024-06-01T01:30:48+00:00","mainEntityOfPage":{"@id":"https:\/\/www.fraczinet.cl\/sitio\/2024\/06\/01\/el-dia-en-que-simon-bolivar-vencio-en-la-batalla-de-araure\/"},"wordCount":141,"commentCount":0,"publisher":{"@id":"https:\/\/www.fraczinet.cl\/sitio\/#\/schema\/person\/aec8ee4da68df2b9b0eefdad24a0d582"},"image":{"@id":"https:\/\/www.fraczinet.cl\/sitio\/2024\/06\/01\/el-dia-en-que-simon-bolivar-vencio-en-la-batalla-de-araure\/#primaryimage"},"thumbnailUrl":"https:\/\/www.fraczinet.cl\/sitio\/wp-content\/uploads\/2024\/06\/El-Dia-En-Que-Simon-Bolivar-Vencio-En-La-Batalla-de-Araure.jpeg","articleSection":["Historia","Independencia","Sim\u00f3n Bolivar"],"inLanguage":"es","potentialAction":[{"@type":"CommentAction","name":"Comment","target":["https:\/\/www.fraczinet.cl\/sitio\/2024\/06\/01\/el-dia-en-que-simon-bolivar-vencio-en-la-batalla-de-araure\/#respond"]}]},{"@type":"WebPage","@id":"https:\/\/www.fraczinet.cl\/sitio\/2024\/06\/01\/el-dia-en-que-simon-bolivar-vencio-en-la-batalla-de-araure\/","url":"https:\/\/www.fraczinet.cl\/sitio\/2024\/06\/01\/el-dia-en-que-simon-bolivar-vencio-en-la-batalla-de-araure\/","name":"El D\u00eda En Que Sim\u00f3n Bol\u00edvar Venci\u00f3 En La Batalla de Araure - Nuestro Bio B\u00edo","isPartOf":{"@id":"https:\/\/www.fraczinet.cl\/sitio\/#website"},"primaryImageOfPage":{"@id":"https:\/\/www.fraczinet.cl\/sitio\/2024\/06\/01\/el-dia-en-que-simon-bolivar-vencio-en-la-batalla-de-araure\/#primaryimage"},"image":{"@id":"https:\/\/www.fraczinet.cl\/sitio\/2024\/06\/01\/el-dia-en-que-simon-bolivar-vencio-en-la-batalla-de-araure\/#primaryimage"},"thumbnailUrl":"https:\/\/www.fraczinet.cl\/sitio\/wp-content\/uploads\/2024\/06\/El-Dia-En-Que-Simon-Bolivar-Vencio-En-La-Batalla-de-Araure.jpeg","datePublished":"2024-06-01T01:30:48+00:00","breadcrumb":{"@id":"https:\/\/www.fraczinet.cl\/sitio\/2024\/06\/01\/el-dia-en-que-simon-bolivar-vencio-en-la-batalla-de-araure\/#breadcrumb"},"inLanguage":"es","potentialAction":[{"@type":"ReadAction","target":["https:\/\/www.fraczinet.cl\/sitio\/2024\/06\/01\/el-dia-en-que-simon-bolivar-vencio-en-la-batalla-de-araure\/"]}]},{"@type":"ImageObject","inLanguage":"es","@id":"https:\/\/www.fraczinet.cl\/sitio\/2024\/06\/01\/el-dia-en-que-simon-bolivar-vencio-en-la-batalla-de-araure\/#primaryimage","url":"https:\/\/www.fraczinet.cl\/sitio\/wp-content\/uploads\/2024\/06\/El-Dia-En-Que-Simon-Bolivar-Vencio-En-La-Batalla-de-Araure.jpeg","contentUrl":"https:\/\/www.fraczinet.cl\/sitio\/wp-content\/uploads\/2024\/06\/El-Dia-En-Que-Simon-Bolivar-Vencio-En-La-Batalla-de-Araure.jpeg","width":1138,"height":784},{"@type":"BreadcrumbList","@id":"https:\/\/www.fraczinet.cl\/sitio\/2024\/06\/01\/el-dia-en-que-simon-bolivar-vencio-en-la-batalla-de-araure\/#breadcrumb","itemListElement":[{"@type":"ListItem","position":1,"name":"Portada","item":"https:\/\/www.fraczinet.cl\/sitio\/"},{"@type":"ListItem","position":2,"name":"El D\u00eda En Que Sim\u00f3n Bol\u00edvar Venci\u00f3 En La Batalla de Araure"}]},{"@type":"WebSite","@id":"https:\/\/www.fraczinet.cl\/sitio\/#website","url":"https:\/\/www.fraczinet.cl\/sitio\/","name":"Nuestro Bio B\u00edo","description":"Tierra de Encuentros","publisher":{"@id":"https:\/\/www.fraczinet.cl\/sitio\/#\/schema\/person\/aec8ee4da68df2b9b0eefdad24a0d582"},"potentialAction":[{"@type":"SearchAction","target":{"@type":"EntryPoint","urlTemplate":"https:\/\/www.fraczinet.cl\/sitio\/?s={search_term_string}"},"query-input":{"@type":"PropertyValueSpecification","valueRequired":true,"valueName":"search_term_string"}}],"inLanguage":"es"},{"@type":["Person","Organization"],"@id":"https:\/\/www.fraczinet.cl\/sitio\/#\/schema\/person\/aec8ee4da68df2b9b0eefdad24a0d582","name":"Luis Fernando Fraczinet","image":{"@type":"ImageObject","inLanguage":"es","@id":"https:\/\/www.fraczinet.cl\/sitio\/#\/schema\/person\/image\/","url":"https:\/\/www.fraczinet.cl\/sitio\/wp-content\/uploads\/2021\/07\/bannerlogo-1.gif","contentUrl":"https:\/\/www.fraczinet.cl\/sitio\/wp-content\/uploads\/2021\/07\/bannerlogo-1.gif","width":159,"height":79,"caption":"Luis Fernando Fraczinet"},"logo":{"@id":"https:\/\/www.fraczinet.cl\/sitio\/#\/schema\/person\/image\/"},"sameAs":["https:\/\/www.fraczinet.cl\/sitio\/"]},{"@type":"Person","@id":"https:\/\/www.fraczinet.cl\/sitio\/#\/schema\/person\/bc30f98e9cb10ae7e119dbe14bc93784","name":"admin","image":{"@type":"ImageObject","inLanguage":"es","@id":"https:\/\/www.fraczinet.cl\/sitio\/#\/schema\/person\/image\/","url":"https:\/\/secure.gravatar.com\/avatar\/d5ad3cf7ef3b23a2bb5be73be780c86b2fc8545c3ad6b149f3913ff458c00099?s=96&d=mm&r=g","contentUrl":"https:\/\/secure.gravatar.com\/avatar\/d5ad3cf7ef3b23a2bb5be73be780c86b2fc8545c3ad6b149f3913ff458c00099?s=96&d=mm&r=g","caption":"admin"},"sameAs":["https:\/\/www.fraczinet.cl\/sitio"]}]}},"_links":{"self":[{"href":"https:\/\/www.fraczinet.cl\/sitio\/wp-json\/wp\/v2\/posts\/15761","targetHints":{"allow":["GET"]}}],"collection":[{"href":"https:\/\/www.fraczinet.cl\/sitio\/wp-json\/wp\/v2\/posts"}],"about":[{"href":"https:\/\/www.fraczinet.cl\/sitio\/wp-json\/wp\/v2\/types\/post"}],"author":[{"embeddable":true,"href":"https:\/\/www.fraczinet.cl\/sitio\/wp-json\/wp\/v2\/users\/1"}],"replies":[{"embeddable":true,"href":"https:\/\/www.fraczinet.cl\/sitio\/wp-json\/wp\/v2\/comments?post=15761"}],"version-history":[{"count":1,"href":"https:\/\/www.fraczinet.cl\/sitio\/wp-json\/wp\/v2\/posts\/15761\/revisions"}],"predecessor-version":[{"id":15763,"href":"https:\/\/www.fraczinet.cl\/sitio\/wp-json\/wp\/v2\/posts\/15761\/revisions\/15763"}],"wp:featuredmedia":[{"embeddable":true,"href":"https:\/\/www.fraczinet.cl\/sitio\/wp-json\/wp\/v2\/media\/15762"}],"wp:attachment":[{"href":"https:\/\/www.fraczinet.cl\/sitio\/wp-json\/wp\/v2\/media?parent=15761"}],"wp:term":[{"taxonomy":"category","embeddable":true,"href":"https:\/\/www.fraczinet.cl\/sitio\/wp-json\/wp\/v2\/categories?post=15761"},{"taxonomy":"post_tag","embeddable":true,"href":"https:\/\/www.fraczinet.cl\/sitio\/wp-json\/wp\/v2\/tags?post=15761"}],"curies":[{"name":"wp","href":"https:\/\/api.w.org\/{rel}","templated":true}]}}