{"id":15768,"date":"2024-06-02T03:52:49","date_gmt":"2024-06-02T03:52:49","guid":{"rendered":"https:\/\/www.fraczinet.cl\/sitio\/?p=15768"},"modified":"2024-06-02T03:52:49","modified_gmt":"2024-06-02T03:52:49","slug":"por-que-algunas-personas-celebran-la-navidad-en-enero","status":"publish","type":"post","link":"https:\/\/www.fraczinet.cl\/sitio\/2024\/06\/02\/por-que-algunas-personas-celebran-la-navidad-en-enero\/","title":{"rendered":"\u00bfPor Qu\u00e9 Algunas Personas Celebran La Navidad En Enero?"},"content":{"rendered":"<p><img fetchpriority=\"high\" decoding=\"async\" class=\"size-medium wp-image-15769 alignleft\" src=\"https:\/\/www.fraczinet.cl\/sitio\/wp-content\/uploads\/2024\/06\/5d5a3d8f-fef9-4fcc-a059-a4fdaebcb39a-300x169.jpeg\" alt=\"\" width=\"300\" height=\"169\" srcset=\"https:\/\/www.fraczinet.cl\/sitio\/wp-content\/uploads\/2024\/06\/5d5a3d8f-fef9-4fcc-a059-a4fdaebcb39a-300x169.jpeg 300w, https:\/\/www.fraczinet.cl\/sitio\/wp-content\/uploads\/2024\/06\/5d5a3d8f-fef9-4fcc-a059-a4fdaebcb39a-1024x576.jpeg 1024w, https:\/\/www.fraczinet.cl\/sitio\/wp-content\/uploads\/2024\/06\/5d5a3d8f-fef9-4fcc-a059-a4fdaebcb39a-768x432.jpeg 768w, https:\/\/www.fraczinet.cl\/sitio\/wp-content\/uploads\/2024\/06\/5d5a3d8f-fef9-4fcc-a059-a4fdaebcb39a.jpeg 1280w\" sizes=\"(max-width: 300px) 100vw, 300px\" \/><\/p>\n<p><span style=\"font-weight: 400;\">\u00bfSab\u00edas que gracias a una decisi\u00f3n tomada hace m\u00e1s de 400 a\u00f1os, los cristianos ortodoxos no celebran la fiesta el 25 de diciembre?<\/span><\/p>\n<p>&nbsp;<\/p>\n<p><span style=\"font-weight: 400;\">La Navidad cristiana ortodoxa la celebran unos 260 millones de personas en todo el mundo, tanto en los pa\u00edses de mayor\u00eda ortodoxa de Europa del Este, como Rusia y Grecia, como en Etiop\u00eda, Egipto y otros lugares.<\/span><\/p>\n<p>&nbsp;<\/p>\n<p><span style=\"font-weight: 400;\">Los desacuerdos sobre cu\u00e1ndo reconocer oficialmente el nacimiento de Jesucristo se remontan al a\u00f1o 325 d.C., cuando un grupo de obispos cristianos convoc\u00f3 la primera conferencia para decidir sobre cuestiones de doctrina religiosa.<\/span><\/p>\n<p>&nbsp;<\/p>\n<p><span style=\"font-weight: 400;\">Decidieron basarla en el calendario juliano, un calendario solar que\u00a0 Julio C\u00e9sar hab\u00eda adoptado en el a\u00f1o 46 a.C. Pero en ese calendario sobreestimaban la duraci\u00f3n del a\u00f1o solar en unos 11 minutos. Como resultado, el calendario y el a\u00f1o solar se fueron desincronizando con el paso de los siglos.<\/span><\/p>\n<p>&nbsp;<\/p>\n<p><span style=\"font-weight: 400;\">En 1582, las fechas de las fiestas cristianas importantes se hab\u00edan desviado tanto que el Papa Gregorio XIII se preocup\u00f3. Propuso un nuevo calendario, conocido como calendario gregoriano.<\/span><\/p>\n<p>&nbsp;<\/p>\n<p><span style=\"font-weight: 400;\">La mayor\u00eda del mundo cristiano lo adopt\u00f3, pero la Iglesia Ortodoxa rechaz\u00f3 el calendario gregoriano y sigui\u00f3 bas\u00e1ndose en el calendario juliano.<\/span><\/p>\n<p>&nbsp;<\/p>\n<p><span style=\"font-weight: 400;\">As\u00ed permaneci\u00f3 durante siglos, y la deriva del calendario continu\u00f3. En 1923, hab\u00eda una diferencia de 13 d\u00edas entre los dos calendarios, lo que situaba la Navidad ortodoxa 13 d\u00edas despu\u00e9s del 25 de diciembre.<\/span><\/p>\n<p>&nbsp;<\/p>\n<p><span style=\"font-weight: 400;\">En mayo de 1923, un grupo de l\u00edderes ortodoxos se reuni\u00f3 para resolver el problema. Se propuso una nueva versi\u00f3n del calendario juliano que comparte sus fechas con el gregoriano, que fue adoptada por varias iglesias ortodoxas, entre ellas las de Grecia, Chipre y Ruman\u00eda. Pero otras iglesias ortodoxas, como las de Rusia y Egipto, se negaron.<\/span><\/p>\n<p>&nbsp;<\/p>\n<p><span style=\"font-weight: 400;\">Celebran la Navidad el 7 de enero, hasta el a\u00f1o 2100, cuando se trasladar\u00e1 al 8 de enero debido a la evoluci\u00f3n del calendario.<\/span><\/p>\n","protected":false},"excerpt":{"rendered":"<p>\u00bfSab\u00edas que gracias a una decisi\u00f3n tomada hace m\u00e1s de 400 a\u00f1os, los cristianos ortodoxos no celebran la fiesta el 25 de diciembre?<\/p>\n","protected":false},"author":1,"featured_media":15769,"comment_status":"open","ping_status":"closed","sticky":false,"template":"","format":"standard","meta":{"footnotes":""},"categories":[10],"tags":[],"class_list":["post-15768","post","type-post","status-publish","format-standard","has-post-thumbnail","hentry","category-historia"],"yoast_head":"<!-- This site is optimized with the Yoast SEO plugin v25.0 - https:\/\/yoast.com\/wordpress\/plugins\/seo\/ -->\n<title>\u00bfPor Qu\u00e9 Algunas Personas Celebran La Navidad En Enero? - Nuestro Bio B\u00edo<\/title>\n<meta name=\"description\" content=\"\u00bfPor Qu\u00e9 Algunas Personas Celebran La Navidad En Enero? %\" \/>\n<meta name=\"robots\" content=\"index, follow, max-snippet:-1, max-image-preview:large, max-video-preview:-1\" \/>\n<link rel=\"canonical\" href=\"https:\/\/www.fraczinet.cl\/sitio\/2024\/06\/02\/por-que-algunas-personas-celebran-la-navidad-en-enero\/\" \/>\n<meta property=\"og:locale\" content=\"es_ES\" \/>\n<meta property=\"og:type\" content=\"article\" \/>\n<meta property=\"og:title\" content=\"\u00bfPor Qu\u00e9 Algunas Personas Celebran La Navidad En Enero? - Nuestro Bio B\u00edo\" \/>\n<meta property=\"og:description\" content=\"\u00bfPor Qu\u00e9 Algunas Personas Celebran La Navidad En Enero? %\" \/>\n<meta property=\"og:url\" content=\"https:\/\/www.fraczinet.cl\/sitio\/2024\/06\/02\/por-que-algunas-personas-celebran-la-navidad-en-enero\/\" \/>\n<meta property=\"og:site_name\" content=\"Nuestro Bio B\u00edo\" \/>\n<meta property=\"article:published_time\" content=\"2024-06-02T03:52:49+00:00\" \/>\n<meta property=\"og:image\" content=\"https:\/\/www.fraczinet.cl\/sitio\/wp-content\/uploads\/2024\/06\/5d5a3d8f-fef9-4fcc-a059-a4fdaebcb39a.jpeg\" \/>\n\t<meta property=\"og:image:width\" content=\"1280\" \/>\n\t<meta property=\"og:image:height\" content=\"720\" \/>\n\t<meta property=\"og:image:type\" content=\"image\/jpeg\" \/>\n<meta name=\"author\" content=\"admin\" \/>\n<meta name=\"twitter:card\" content=\"summary_large_image\" \/>\n<meta name=\"twitter:creator\" content=\"@nuestrobiobio\" \/>\n<meta name=\"twitter:site\" content=\"@nuestrobiobio\" \/>\n<meta name=\"twitter:label1\" content=\"Escrito por\" \/>\n\t<meta name=\"twitter:data1\" content=\"admin\" \/>\n\t<meta name=\"twitter:label2\" content=\"Tiempo de lectura\" \/>\n\t<meta name=\"twitter:data2\" content=\"2 minutos\" \/>\n<script type=\"application\/ld+json\" class=\"yoast-schema-graph\">{\"@context\":\"https:\/\/schema.org\",\"@graph\":[{\"@type\":\"Article\",\"@id\":\"https:\/\/www.fraczinet.cl\/sitio\/2024\/06\/02\/por-que-algunas-personas-celebran-la-navidad-en-enero\/#article\",\"isPartOf\":{\"@id\":\"https:\/\/www.fraczinet.cl\/sitio\/2024\/06\/02\/por-que-algunas-personas-celebran-la-navidad-en-enero\/\"},\"author\":{\"name\":\"admin\",\"@id\":\"https:\/\/www.fraczinet.cl\/sitio\/#\/schema\/person\/bc30f98e9cb10ae7e119dbe14bc93784\"},\"headline\":\"\u00bfPor Qu\u00e9 Algunas Personas Celebran La Navidad En Enero?\",\"datePublished\":\"2024-06-02T03:52:49+00:00\",\"mainEntityOfPage\":{\"@id\":\"https:\/\/www.fraczinet.cl\/sitio\/2024\/06\/02\/por-que-algunas-personas-celebran-la-navidad-en-enero\/\"},\"wordCount\":340,\"commentCount\":0,\"publisher\":{\"@id\":\"https:\/\/www.fraczinet.cl\/sitio\/#\/schema\/person\/aec8ee4da68df2b9b0eefdad24a0d582\"},\"image\":{\"@id\":\"https:\/\/www.fraczinet.cl\/sitio\/2024\/06\/02\/por-que-algunas-personas-celebran-la-navidad-en-enero\/#primaryimage\"},\"thumbnailUrl\":\"https:\/\/www.fraczinet.cl\/sitio\/wp-content\/uploads\/2024\/06\/5d5a3d8f-fef9-4fcc-a059-a4fdaebcb39a.jpeg\",\"articleSection\":[\"Historia\"],\"inLanguage\":\"es\",\"potentialAction\":[{\"@type\":\"CommentAction\",\"name\":\"Comment\",\"target\":[\"https:\/\/www.fraczinet.cl\/sitio\/2024\/06\/02\/por-que-algunas-personas-celebran-la-navidad-en-enero\/#respond\"]}]},{\"@type\":\"WebPage\",\"@id\":\"https:\/\/www.fraczinet.cl\/sitio\/2024\/06\/02\/por-que-algunas-personas-celebran-la-navidad-en-enero\/\",\"url\":\"https:\/\/www.fraczinet.cl\/sitio\/2024\/06\/02\/por-que-algunas-personas-celebran-la-navidad-en-enero\/\",\"name\":\"\u00bfPor Qu\u00e9 Algunas Personas Celebran La Navidad En Enero? - Nuestro Bio B\u00edo\",\"isPartOf\":{\"@id\":\"https:\/\/www.fraczinet.cl\/sitio\/#website\"},\"primaryImageOfPage\":{\"@id\":\"https:\/\/www.fraczinet.cl\/sitio\/2024\/06\/02\/por-que-algunas-personas-celebran-la-navidad-en-enero\/#primaryimage\"},\"image\":{\"@id\":\"https:\/\/www.fraczinet.cl\/sitio\/2024\/06\/02\/por-que-algunas-personas-celebran-la-navidad-en-enero\/#primaryimage\"},\"thumbnailUrl\":\"https:\/\/www.fraczinet.cl\/sitio\/wp-content\/uploads\/2024\/06\/5d5a3d8f-fef9-4fcc-a059-a4fdaebcb39a.jpeg\",\"datePublished\":\"2024-06-02T03:52:49+00:00\",\"description\":\"\u00bfPor Qu\u00e9 Algunas Personas Celebran La Navidad En Enero? %\",\"breadcrumb\":{\"@id\":\"https:\/\/www.fraczinet.cl\/sitio\/2024\/06\/02\/por-que-algunas-personas-celebran-la-navidad-en-enero\/#breadcrumb\"},\"inLanguage\":\"es\",\"potentialAction\":[{\"@type\":\"ReadAction\",\"target\":[\"https:\/\/www.fraczinet.cl\/sitio\/2024\/06\/02\/por-que-algunas-personas-celebran-la-navidad-en-enero\/\"]}]},{\"@type\":\"ImageObject\",\"inLanguage\":\"es\",\"@id\":\"https:\/\/www.fraczinet.cl\/sitio\/2024\/06\/02\/por-que-algunas-personas-celebran-la-navidad-en-enero\/#primaryimage\",\"url\":\"https:\/\/www.fraczinet.cl\/sitio\/wp-content\/uploads\/2024\/06\/5d5a3d8f-fef9-4fcc-a059-a4fdaebcb39a.jpeg\",\"contentUrl\":\"https:\/\/www.fraczinet.cl\/sitio\/wp-content\/uploads\/2024\/06\/5d5a3d8f-fef9-4fcc-a059-a4fdaebcb39a.jpeg\",\"width\":1280,\"height\":720},{\"@type\":\"BreadcrumbList\",\"@id\":\"https:\/\/www.fraczinet.cl\/sitio\/2024\/06\/02\/por-que-algunas-personas-celebran-la-navidad-en-enero\/#breadcrumb\",\"itemListElement\":[{\"@type\":\"ListItem\",\"position\":1,\"name\":\"Portada\",\"item\":\"https:\/\/www.fraczinet.cl\/sitio\/\"},{\"@type\":\"ListItem\",\"position\":2,\"name\":\"\u00bfPor Qu\u00e9 Algunas Personas Celebran La Navidad En Enero?\"}]},{\"@type\":\"WebSite\",\"@id\":\"https:\/\/www.fraczinet.cl\/sitio\/#website\",\"url\":\"https:\/\/www.fraczinet.cl\/sitio\/\",\"name\":\"Nuestro Bio B\u00edo\",\"description\":\"Tierra de Encuentros\",\"publisher\":{\"@id\":\"https:\/\/www.fraczinet.cl\/sitio\/#\/schema\/person\/aec8ee4da68df2b9b0eefdad24a0d582\"},\"potentialAction\":[{\"@type\":\"SearchAction\",\"target\":{\"@type\":\"EntryPoint\",\"urlTemplate\":\"https:\/\/www.fraczinet.cl\/sitio\/?s={search_term_string}\"},\"query-input\":{\"@type\":\"PropertyValueSpecification\",\"valueRequired\":true,\"valueName\":\"search_term_string\"}}],\"inLanguage\":\"es\"},{\"@type\":[\"Person\",\"Organization\"],\"@id\":\"https:\/\/www.fraczinet.cl\/sitio\/#\/schema\/person\/aec8ee4da68df2b9b0eefdad24a0d582\",\"name\":\"Luis Fernando Fraczinet\",\"image\":{\"@type\":\"ImageObject\",\"inLanguage\":\"es\",\"@id\":\"https:\/\/www.fraczinet.cl\/sitio\/#\/schema\/person\/image\/\",\"url\":\"https:\/\/www.fraczinet.cl\/sitio\/wp-content\/uploads\/2021\/07\/bannerlogo-1.gif\",\"contentUrl\":\"https:\/\/www.fraczinet.cl\/sitio\/wp-content\/uploads\/2021\/07\/bannerlogo-1.gif\",\"width\":159,\"height\":79,\"caption\":\"Luis Fernando Fraczinet\"},\"logo\":{\"@id\":\"https:\/\/www.fraczinet.cl\/sitio\/#\/schema\/person\/image\/\"},\"sameAs\":[\"https:\/\/www.fraczinet.cl\/sitio\/\"]},{\"@type\":\"Person\",\"@id\":\"https:\/\/www.fraczinet.cl\/sitio\/#\/schema\/person\/bc30f98e9cb10ae7e119dbe14bc93784\",\"name\":\"admin\",\"image\":{\"@type\":\"ImageObject\",\"inLanguage\":\"es\",\"@id\":\"https:\/\/www.fraczinet.cl\/sitio\/#\/schema\/person\/image\/\",\"url\":\"https:\/\/secure.gravatar.com\/avatar\/d5ad3cf7ef3b23a2bb5be73be780c86b2fc8545c3ad6b149f3913ff458c00099?s=96&d=mm&r=g\",\"contentUrl\":\"https:\/\/secure.gravatar.com\/avatar\/d5ad3cf7ef3b23a2bb5be73be780c86b2fc8545c3ad6b149f3913ff458c00099?s=96&d=mm&r=g\",\"caption\":\"admin\"},\"sameAs\":[\"https:\/\/www.fraczinet.cl\/sitio\"]}]}<\/script>\n<!-- \/ Yoast SEO plugin. -->","yoast_head_json":{"title":"\u00bfPor Qu\u00e9 Algunas Personas Celebran La Navidad En Enero? - Nuestro Bio B\u00edo","description":"\u00bfPor Qu\u00e9 Algunas Personas Celebran La Navidad En Enero? %","robots":{"index":"index","follow":"follow","max-snippet":"max-snippet:-1","max-image-preview":"max-image-preview:large","max-video-preview":"max-video-preview:-1"},"canonical":"https:\/\/www.fraczinet.cl\/sitio\/2024\/06\/02\/por-que-algunas-personas-celebran-la-navidad-en-enero\/","og_locale":"es_ES","og_type":"article","og_title":"\u00bfPor Qu\u00e9 Algunas Personas Celebran La Navidad En Enero? - Nuestro Bio B\u00edo","og_description":"\u00bfPor Qu\u00e9 Algunas Personas Celebran La Navidad En Enero? %","og_url":"https:\/\/www.fraczinet.cl\/sitio\/2024\/06\/02\/por-que-algunas-personas-celebran-la-navidad-en-enero\/","og_site_name":"Nuestro Bio B\u00edo","article_published_time":"2024-06-02T03:52:49+00:00","og_image":[{"width":1280,"height":720,"url":"https:\/\/www.fraczinet.cl\/sitio\/wp-content\/uploads\/2024\/06\/5d5a3d8f-fef9-4fcc-a059-a4fdaebcb39a.jpeg","type":"image\/jpeg"}],"author":"admin","twitter_card":"summary_large_image","twitter_creator":"@nuestrobiobio","twitter_site":"@nuestrobiobio","twitter_misc":{"Escrito por":"admin","Tiempo de lectura":"2 minutos"},"schema":{"@context":"https:\/\/schema.org","@graph":[{"@type":"Article","@id":"https:\/\/www.fraczinet.cl\/sitio\/2024\/06\/02\/por-que-algunas-personas-celebran-la-navidad-en-enero\/#article","isPartOf":{"@id":"https:\/\/www.fraczinet.cl\/sitio\/2024\/06\/02\/por-que-algunas-personas-celebran-la-navidad-en-enero\/"},"author":{"name":"admin","@id":"https:\/\/www.fraczinet.cl\/sitio\/#\/schema\/person\/bc30f98e9cb10ae7e119dbe14bc93784"},"headline":"\u00bfPor Qu\u00e9 Algunas Personas Celebran La Navidad En Enero?","datePublished":"2024-06-02T03:52:49+00:00","mainEntityOfPage":{"@id":"https:\/\/www.fraczinet.cl\/sitio\/2024\/06\/02\/por-que-algunas-personas-celebran-la-navidad-en-enero\/"},"wordCount":340,"commentCount":0,"publisher":{"@id":"https:\/\/www.fraczinet.cl\/sitio\/#\/schema\/person\/aec8ee4da68df2b9b0eefdad24a0d582"},"image":{"@id":"https:\/\/www.fraczinet.cl\/sitio\/2024\/06\/02\/por-que-algunas-personas-celebran-la-navidad-en-enero\/#primaryimage"},"thumbnailUrl":"https:\/\/www.fraczinet.cl\/sitio\/wp-content\/uploads\/2024\/06\/5d5a3d8f-fef9-4fcc-a059-a4fdaebcb39a.jpeg","articleSection":["Historia"],"inLanguage":"es","potentialAction":[{"@type":"CommentAction","name":"Comment","target":["https:\/\/www.fraczinet.cl\/sitio\/2024\/06\/02\/por-que-algunas-personas-celebran-la-navidad-en-enero\/#respond"]}]},{"@type":"WebPage","@id":"https:\/\/www.fraczinet.cl\/sitio\/2024\/06\/02\/por-que-algunas-personas-celebran-la-navidad-en-enero\/","url":"https:\/\/www.fraczinet.cl\/sitio\/2024\/06\/02\/por-que-algunas-personas-celebran-la-navidad-en-enero\/","name":"\u00bfPor Qu\u00e9 Algunas Personas Celebran La Navidad En Enero? - Nuestro Bio B\u00edo","isPartOf":{"@id":"https:\/\/www.fraczinet.cl\/sitio\/#website"},"primaryImageOfPage":{"@id":"https:\/\/www.fraczinet.cl\/sitio\/2024\/06\/02\/por-que-algunas-personas-celebran-la-navidad-en-enero\/#primaryimage"},"image":{"@id":"https:\/\/www.fraczinet.cl\/sitio\/2024\/06\/02\/por-que-algunas-personas-celebran-la-navidad-en-enero\/#primaryimage"},"thumbnailUrl":"https:\/\/www.fraczinet.cl\/sitio\/wp-content\/uploads\/2024\/06\/5d5a3d8f-fef9-4fcc-a059-a4fdaebcb39a.jpeg","datePublished":"2024-06-02T03:52:49+00:00","description":"\u00bfPor Qu\u00e9 Algunas Personas Celebran La Navidad En Enero? %","breadcrumb":{"@id":"https:\/\/www.fraczinet.cl\/sitio\/2024\/06\/02\/por-que-algunas-personas-celebran-la-navidad-en-enero\/#breadcrumb"},"inLanguage":"es","potentialAction":[{"@type":"ReadAction","target":["https:\/\/www.fraczinet.cl\/sitio\/2024\/06\/02\/por-que-algunas-personas-celebran-la-navidad-en-enero\/"]}]},{"@type":"ImageObject","inLanguage":"es","@id":"https:\/\/www.fraczinet.cl\/sitio\/2024\/06\/02\/por-que-algunas-personas-celebran-la-navidad-en-enero\/#primaryimage","url":"https:\/\/www.fraczinet.cl\/sitio\/wp-content\/uploads\/2024\/06\/5d5a3d8f-fef9-4fcc-a059-a4fdaebcb39a.jpeg","contentUrl":"https:\/\/www.fraczinet.cl\/sitio\/wp-content\/uploads\/2024\/06\/5d5a3d8f-fef9-4fcc-a059-a4fdaebcb39a.jpeg","width":1280,"height":720},{"@type":"BreadcrumbList","@id":"https:\/\/www.fraczinet.cl\/sitio\/2024\/06\/02\/por-que-algunas-personas-celebran-la-navidad-en-enero\/#breadcrumb","itemListElement":[{"@type":"ListItem","position":1,"name":"Portada","item":"https:\/\/www.fraczinet.cl\/sitio\/"},{"@type":"ListItem","position":2,"name":"\u00bfPor Qu\u00e9 Algunas Personas Celebran La Navidad En Enero?"}]},{"@type":"WebSite","@id":"https:\/\/www.fraczinet.cl\/sitio\/#website","url":"https:\/\/www.fraczinet.cl\/sitio\/","name":"Nuestro Bio B\u00edo","description":"Tierra de Encuentros","publisher":{"@id":"https:\/\/www.fraczinet.cl\/sitio\/#\/schema\/person\/aec8ee4da68df2b9b0eefdad24a0d582"},"potentialAction":[{"@type":"SearchAction","target":{"@type":"EntryPoint","urlTemplate":"https:\/\/www.fraczinet.cl\/sitio\/?s={search_term_string}"},"query-input":{"@type":"PropertyValueSpecification","valueRequired":true,"valueName":"search_term_string"}}],"inLanguage":"es"},{"@type":["Person","Organization"],"@id":"https:\/\/www.fraczinet.cl\/sitio\/#\/schema\/person\/aec8ee4da68df2b9b0eefdad24a0d582","name":"Luis Fernando Fraczinet","image":{"@type":"ImageObject","inLanguage":"es","@id":"https:\/\/www.fraczinet.cl\/sitio\/#\/schema\/person\/image\/","url":"https:\/\/www.fraczinet.cl\/sitio\/wp-content\/uploads\/2021\/07\/bannerlogo-1.gif","contentUrl":"https:\/\/www.fraczinet.cl\/sitio\/wp-content\/uploads\/2021\/07\/bannerlogo-1.gif","width":159,"height":79,"caption":"Luis Fernando Fraczinet"},"logo":{"@id":"https:\/\/www.fraczinet.cl\/sitio\/#\/schema\/person\/image\/"},"sameAs":["https:\/\/www.fraczinet.cl\/sitio\/"]},{"@type":"Person","@id":"https:\/\/www.fraczinet.cl\/sitio\/#\/schema\/person\/bc30f98e9cb10ae7e119dbe14bc93784","name":"admin","image":{"@type":"ImageObject","inLanguage":"es","@id":"https:\/\/www.fraczinet.cl\/sitio\/#\/schema\/person\/image\/","url":"https:\/\/secure.gravatar.com\/avatar\/d5ad3cf7ef3b23a2bb5be73be780c86b2fc8545c3ad6b149f3913ff458c00099?s=96&d=mm&r=g","contentUrl":"https:\/\/secure.gravatar.com\/avatar\/d5ad3cf7ef3b23a2bb5be73be780c86b2fc8545c3ad6b149f3913ff458c00099?s=96&d=mm&r=g","caption":"admin"},"sameAs":["https:\/\/www.fraczinet.cl\/sitio"]}]}},"_links":{"self":[{"href":"https:\/\/www.fraczinet.cl\/sitio\/wp-json\/wp\/v2\/posts\/15768","targetHints":{"allow":["GET"]}}],"collection":[{"href":"https:\/\/www.fraczinet.cl\/sitio\/wp-json\/wp\/v2\/posts"}],"about":[{"href":"https:\/\/www.fraczinet.cl\/sitio\/wp-json\/wp\/v2\/types\/post"}],"author":[{"embeddable":true,"href":"https:\/\/www.fraczinet.cl\/sitio\/wp-json\/wp\/v2\/users\/1"}],"replies":[{"embeddable":true,"href":"https:\/\/www.fraczinet.cl\/sitio\/wp-json\/wp\/v2\/comments?post=15768"}],"version-history":[{"count":1,"href":"https:\/\/www.fraczinet.cl\/sitio\/wp-json\/wp\/v2\/posts\/15768\/revisions"}],"predecessor-version":[{"id":15770,"href":"https:\/\/www.fraczinet.cl\/sitio\/wp-json\/wp\/v2\/posts\/15768\/revisions\/15770"}],"wp:featuredmedia":[{"embeddable":true,"href":"https:\/\/www.fraczinet.cl\/sitio\/wp-json\/wp\/v2\/media\/15769"}],"wp:attachment":[{"href":"https:\/\/www.fraczinet.cl\/sitio\/wp-json\/wp\/v2\/media?parent=15768"}],"wp:term":[{"taxonomy":"category","embeddable":true,"href":"https:\/\/www.fraczinet.cl\/sitio\/wp-json\/wp\/v2\/categories?post=15768"},{"taxonomy":"post_tag","embeddable":true,"href":"https:\/\/www.fraczinet.cl\/sitio\/wp-json\/wp\/v2\/tags?post=15768"}],"curies":[{"name":"wp","href":"https:\/\/api.w.org\/{rel}","templated":true}]}}