{"id":15777,"date":"2024-06-03T19:46:11","date_gmt":"2024-06-03T19:46:11","guid":{"rendered":"https:\/\/www.fraczinet.cl\/sitio\/?p=15777"},"modified":"2024-06-03T19:56:24","modified_gmt":"2024-06-03T19:56:24","slug":"carpe-diem-por-horacio","status":"publish","type":"post","link":"https:\/\/www.fraczinet.cl\/sitio\/carpe-diem-por-horacio\/","title":{"rendered":"Carpe Diem&#8230; Por Horacio"},"content":{"rendered":"<div>\n<figure id=\"attachment_15778\" aria-describedby=\"caption-attachment-15778\" style=\"width: 183px\" class=\"wp-caption alignleft\"><img decoding=\"async\" class=\" wp-image-15778\" src=\"https:\/\/www.fraczinet.cl\/sitio\/wp-content\/uploads\/2024\/06\/Horacio-2-229x300.jpg\" alt=\"\" width=\"183\" height=\"240\" srcset=\"https:\/\/www.fraczinet.cl\/sitio\/wp-content\/uploads\/2024\/06\/Horacio-2-229x300.jpg 229w, https:\/\/www.fraczinet.cl\/sitio\/wp-content\/uploads\/2024\/06\/Horacio-2.jpg 412w\" sizes=\"(max-width: 183px) 100vw, 183px\" \/><figcaption id=\"caption-attachment-15778\" class=\"wp-caption-text\">Quinto Horacio Flaco<\/figcaption><\/figure>\n<p>Quinto Horacio Flaco naci\u00f3 en Venusia, hoy Venosa, Basilicata, el 8 de diciembre de 65 a. C. Fue el principal poeta l\u00edrico y sat\u00edrico en lengua latina.<\/p>\n<\/div>\n<div>\n<div><\/div>\n<div>Los principales temas que trat\u00f3 en su poes\u00eda son el elogio de una vida retirada, en \u00ab<i>Beatus ille<\/i>\u00bb y la invitaci\u00f3n de gozar de la juventud, en \u00abCarpe diem\u00bb, temas que fueron retomados posteriormente por poetas espa\u00f1oles como Garcilaso de la Vega y Fray Luis de Le\u00f3n<\/div>\n<div>Muri\u00f3 en Roma, 27 de noviembre de 8 a. C.<\/div>\n<\/div>\n<div><\/div>\n<div><\/div>\n<div><\/div>\n<div><\/div>\n<div><\/div>\n<div>\u00abCARPE DIEM\u00bb<\/div>\n<div><\/div>\n<div>\n<p data-original-attrs=\"{&quot;style&quot;:&quot;-webkit-font-smoothing: antialiased;&quot;}\"><strong data-original-attrs=\"{&quot;style&quot;:&quot;-webkit-font-smoothing: antialiased;&quot;}\">Carminum I, 11<\/strong><\/p>\n<p data-original-attrs=\"{&quot;style&quot;:&quot;-webkit-font-smoothing: antialiased;&quot;}\">No pretendas saber, pues no est\u00e1 permitido,<br data-original-attrs=\"{&quot;style&quot;:&quot;-webkit-font-smoothing: antialiased;&quot;}\" \/>el fin que a ti y a mi, Leuc\u00f3noe,<span id=\"more-13580\" data-keep-original-tag=\"false\" data-original-attrs=\"{&quot;style&quot;:&quot;-webkit-font-smoothing: antialiased;&quot;}\"><\/span><br data-original-attrs=\"{&quot;style&quot;:&quot;-webkit-font-smoothing: antialiased;&quot;}\" \/>nos tienen asignados los dioses,<br data-original-attrs=\"{&quot;style&quot;:&quot;-webkit-font-smoothing: antialiased;&quot;}\" \/>ni consultes los n\u00fameros Babil\u00f3nicos.<br data-original-attrs=\"{&quot;style&quot;:&quot;-webkit-font-smoothing: antialiased;&quot;}\" \/>Mejor ser\u00e1 aceptar lo que venga,<br data-original-attrs=\"{&quot;style&quot;:&quot;-webkit-font-smoothing: antialiased;&quot;}\" \/>ya sean muchos los inviernos que J\u00fapiter<br data-original-attrs=\"{&quot;style&quot;:&quot;-webkit-font-smoothing: antialiased;&quot;}\" \/>te conceda, o sea \u00e9ste el \u00faltimo,<br data-original-attrs=\"{&quot;style&quot;:&quot;-webkit-font-smoothing: antialiased;&quot;}\" \/>el que ahora hace que el mar Tirreno<br data-original-attrs=\"{&quot;style&quot;:&quot;-webkit-font-smoothing: antialiased;&quot;}\" \/>rompa contra los opuestos escollos.<br data-original-attrs=\"{&quot;style&quot;:&quot;-webkit-font-smoothing: antialiased;&quot;}\" \/>S\u00e9 prudente, filtra el vino<br data-original-attrs=\"{&quot;style&quot;:&quot;-webkit-font-smoothing: antialiased;&quot;}\" \/>y adapta al breve espacio de tu vida<br data-original-attrs=\"{&quot;style&quot;:&quot;-webkit-font-smoothing: antialiased;&quot;}\" \/>una esperanza larga.<br data-original-attrs=\"{&quot;style&quot;:&quot;-webkit-font-smoothing: antialiased;&quot;}\" \/>Mientras hablamos, huye el tiempo envidioso.<br data-original-attrs=\"{&quot;style&quot;:&quot;-webkit-font-smoothing: antialiased;&quot;}\" \/>Vive el d\u00eda de hoy. Capt\u00faralo.<br data-original-attrs=\"{&quot;style&quot;:&quot;-webkit-font-smoothing: antialiased;&quot;}\" \/>No te f\u00edes del incierto ma\u00f1ana.<\/p>\n<\/div>\n","protected":false},"excerpt":{"rendered":"<p>Quinto Horacio Flaco naci\u00f3 en Venusia, hoy Venosa, Basilicata, el 8 de diciembre de 65 a. C. Fue el principal poeta l\u00edrico y sat\u00edrico en lengua latina. Los principales temas que trat\u00f3 en su poes\u00eda son el elogio de una vida retirada, en \u00abBeatus ille\u00bb y la invitaci\u00f3n de gozar de la juventud, en \u00abCarpe [&hellip;]<\/p>\n","protected":false},"author":1,"featured_media":15778,"comment_status":"open","ping_status":"closed","sticky":false,"template":"","format":"standard","meta":{"footnotes":""},"categories":[429,67],"tags":[],"class_list":["post-15777","post","type-post","status-publish","format-standard","has-post-thumbnail","hentry","category-horacio","category-poesia"],"yoast_head":"<!-- This site is optimized with the Yoast SEO plugin v28.2 - https:\/\/yoast.com\/product\/yoast-seo-wordpress\/ -->\n<title>Carpe Diem... Por Horacio - Nuestro Bio B\u00edo<\/title>\n<meta name=\"description\" content=\"Nuestro Bio B\u00edo Horacio Carpe Diem... Por Horacio\" \/>\n<meta name=\"robots\" content=\"index, follow, max-snippet:-1, max-image-preview:large, max-video-preview:-1\" \/>\n<link rel=\"canonical\" href=\"https:\/\/www.fraczinet.cl\/sitio\/carpe-diem-por-horacio\/\" \/>\n<meta property=\"og:locale\" content=\"es_ES\" \/>\n<meta property=\"og:type\" content=\"article\" \/>\n<meta property=\"og:title\" content=\"Carpe Diem... Por Horacio - Nuestro Bio B\u00edo\" \/>\n<meta property=\"og:description\" content=\"Nuestro Bio B\u00edo Horacio Carpe Diem... Por Horacio\" \/>\n<meta property=\"og:url\" content=\"https:\/\/www.fraczinet.cl\/sitio\/carpe-diem-por-horacio\/\" \/>\n<meta property=\"og:site_name\" content=\"Nuestro Bio B\u00edo\" \/>\n<meta property=\"article:publisher\" content=\"https:\/\/www.facebook.com\/groups\/15721414452\/\" \/>\n<meta property=\"article:published_time\" content=\"2024-06-03T19:46:11+00:00\" \/>\n<meta property=\"article:modified_time\" content=\"2024-06-03T19:56:24+00:00\" \/>\n<meta property=\"og:image\" content=\"https:\/\/www.fraczinet.cl\/sitio\/wp-content\/uploads\/2024\/06\/Horacio-2.jpg\" \/>\n\t<meta property=\"og:image:width\" content=\"412\" \/>\n\t<meta property=\"og:image:height\" content=\"540\" \/>\n\t<meta property=\"og:image:type\" content=\"image\/jpeg\" \/>\n<meta name=\"twitter:card\" content=\"summary_large_image\" \/>\n<meta name=\"twitter:creator\" content=\"@nuestrobiobio\" \/>\n<meta name=\"twitter:site\" content=\"@nuestrobiobio\" \/>\n<meta name=\"twitter:label1\" content=\"Escrito por\" \/>\n\t<meta name=\"twitter:data1\" content=\"\" \/>\n\t<meta name=\"twitter:label2\" content=\"Tiempo de lectura\" \/>\n\t<meta name=\"twitter:data2\" content=\"2 minutos\" \/>\n<script type=\"application\/ld+json\" class=\"yoast-schema-graph\">{\"@context\":\"https:\\\/\\\/schema.org\",\"@graph\":[{\"@type\":\"Article\",\"@id\":\"https:\\\/\\\/www.fraczinet.cl\\\/sitio\\\/carpe-diem-por-horacio\\\/#article\",\"isPartOf\":{\"@id\":\"https:\\\/\\\/www.fraczinet.cl\\\/sitio\\\/carpe-diem-por-horacio\\\/\"},\"author\":{\"name\":\"\",\"@id\":\"\"},\"headline\":\"Carpe Diem&#8230; Por Horacio\",\"datePublished\":\"2024-06-03T19:46:11+00:00\",\"dateModified\":\"2024-06-03T19:56:24+00:00\",\"mainEntityOfPage\":{\"@id\":\"https:\\\/\\\/www.fraczinet.cl\\\/sitio\\\/carpe-diem-por-horacio\\\/\"},\"wordCount\":201,\"commentCount\":0,\"image\":{\"@id\":\"https:\\\/\\\/www.fraczinet.cl\\\/sitio\\\/carpe-diem-por-horacio\\\/#primaryimage\"},\"thumbnailUrl\":\"https:\\\/\\\/www.fraczinet.cl\\\/sitio\\\/wp-content\\\/uploads\\\/2024\\\/06\\\/Horacio-2.jpg\",\"articleSection\":[\"Horacio\",\"Poes\u00eda\"],\"inLanguage\":\"es\",\"potentialAction\":[{\"@type\":\"CommentAction\",\"name\":\"Comment\",\"target\":[\"https:\\\/\\\/www.fraczinet.cl\\\/sitio\\\/carpe-diem-por-horacio\\\/#respond\"]}]},{\"@type\":\"WebPage\",\"@id\":\"https:\\\/\\\/www.fraczinet.cl\\\/sitio\\\/carpe-diem-por-horacio\\\/\",\"url\":\"https:\\\/\\\/www.fraczinet.cl\\\/sitio\\\/carpe-diem-por-horacio\\\/\",\"name\":\"Carpe Diem... Por Horacio - Nuestro Bio B\u00edo\",\"isPartOf\":{\"@id\":\"https:\\\/\\\/www.fraczinet.cl\\\/sitio\\\/#website\"},\"primaryImageOfPage\":{\"@id\":\"https:\\\/\\\/www.fraczinet.cl\\\/sitio\\\/carpe-diem-por-horacio\\\/#primaryimage\"},\"image\":{\"@id\":\"https:\\\/\\\/www.fraczinet.cl\\\/sitio\\\/carpe-diem-por-horacio\\\/#primaryimage\"},\"thumbnailUrl\":\"https:\\\/\\\/www.fraczinet.cl\\\/sitio\\\/wp-content\\\/uploads\\\/2024\\\/06\\\/Horacio-2.jpg\",\"datePublished\":\"2024-06-03T19:46:11+00:00\",\"dateModified\":\"2024-06-03T19:56:24+00:00\",\"author\":{\"@id\":\"\"},\"description\":\"Nuestro Bio B\u00edo Horacio Carpe Diem... Por Horacio\",\"breadcrumb\":{\"@id\":\"https:\\\/\\\/www.fraczinet.cl\\\/sitio\\\/carpe-diem-por-horacio\\\/#breadcrumb\"},\"inLanguage\":\"es\",\"potentialAction\":[{\"@type\":\"ReadAction\",\"target\":[\"https:\\\/\\\/www.fraczinet.cl\\\/sitio\\\/carpe-diem-por-horacio\\\/\"]}]},{\"@type\":\"ImageObject\",\"inLanguage\":\"es\",\"@id\":\"https:\\\/\\\/www.fraczinet.cl\\\/sitio\\\/carpe-diem-por-horacio\\\/#primaryimage\",\"url\":\"https:\\\/\\\/www.fraczinet.cl\\\/sitio\\\/wp-content\\\/uploads\\\/2024\\\/06\\\/Horacio-2.jpg\",\"contentUrl\":\"https:\\\/\\\/www.fraczinet.cl\\\/sitio\\\/wp-content\\\/uploads\\\/2024\\\/06\\\/Horacio-2.jpg\",\"width\":412,\"height\":540,\"caption\":\"Quinto Horacio Flaco\"},{\"@type\":\"BreadcrumbList\",\"@id\":\"https:\\\/\\\/www.fraczinet.cl\\\/sitio\\\/carpe-diem-por-horacio\\\/#breadcrumb\",\"itemListElement\":[{\"@type\":\"ListItem\",\"position\":1,\"name\":\"Portada\",\"item\":\"https:\\\/\\\/www.fraczinet.cl\\\/sitio\\\/\"},{\"@type\":\"ListItem\",\"position\":2,\"name\":\"Carpe Diem&#8230; Por Horacio\"}]},{\"@type\":\"WebSite\",\"@id\":\"https:\\\/\\\/www.fraczinet.cl\\\/sitio\\\/#website\",\"url\":\"https:\\\/\\\/www.fraczinet.cl\\\/sitio\\\/\",\"name\":\"Nuestro Bio B\u00edo\",\"description\":\"Tierra de Encuentros\",\"potentialAction\":[{\"@type\":\"SearchAction\",\"target\":{\"@type\":\"EntryPoint\",\"urlTemplate\":\"https:\\\/\\\/www.fraczinet.cl\\\/sitio\\\/?s={search_term_string}\"},\"query-input\":{\"@type\":\"PropertyValueSpecification\",\"valueRequired\":true,\"valueName\":\"search_term_string\"}}],\"inLanguage\":\"es\"},{\"@type\":\"Person\",\"@id\":\"\"}]}<\/script>\n<!-- \/ Yoast SEO plugin. -->","yoast_head_json":{"title":"Carpe Diem... Por Horacio - Nuestro Bio B\u00edo","description":"Nuestro Bio B\u00edo Horacio Carpe Diem... Por Horacio","robots":{"index":"index","follow":"follow","max-snippet":"max-snippet:-1","max-image-preview":"max-image-preview:large","max-video-preview":"max-video-preview:-1"},"canonical":"https:\/\/www.fraczinet.cl\/sitio\/carpe-diem-por-horacio\/","og_locale":"es_ES","og_type":"article","og_title":"Carpe Diem... Por Horacio - Nuestro Bio B\u00edo","og_description":"Nuestro Bio B\u00edo Horacio Carpe Diem... Por Horacio","og_url":"https:\/\/www.fraczinet.cl\/sitio\/carpe-diem-por-horacio\/","og_site_name":"Nuestro Bio B\u00edo","article_publisher":"https:\/\/www.facebook.com\/groups\/15721414452\/","article_published_time":"2024-06-03T19:46:11+00:00","article_modified_time":"2024-06-03T19:56:24+00:00","og_image":[{"width":412,"height":540,"url":"https:\/\/www.fraczinet.cl\/sitio\/wp-content\/uploads\/2024\/06\/Horacio-2.jpg","type":"image\/jpeg"}],"twitter_card":"summary_large_image","twitter_creator":"@nuestrobiobio","twitter_site":"@nuestrobiobio","twitter_misc":{"Escrito por":"","Tiempo de lectura":"2 minutos"},"schema":{"@context":"https:\/\/schema.org","@graph":[{"@type":"Article","@id":"https:\/\/www.fraczinet.cl\/sitio\/carpe-diem-por-horacio\/#article","isPartOf":{"@id":"https:\/\/www.fraczinet.cl\/sitio\/carpe-diem-por-horacio\/"},"author":{"name":"","@id":""},"headline":"Carpe Diem&#8230; Por Horacio","datePublished":"2024-06-03T19:46:11+00:00","dateModified":"2024-06-03T19:56:24+00:00","mainEntityOfPage":{"@id":"https:\/\/www.fraczinet.cl\/sitio\/carpe-diem-por-horacio\/"},"wordCount":201,"commentCount":0,"image":{"@id":"https:\/\/www.fraczinet.cl\/sitio\/carpe-diem-por-horacio\/#primaryimage"},"thumbnailUrl":"https:\/\/www.fraczinet.cl\/sitio\/wp-content\/uploads\/2024\/06\/Horacio-2.jpg","articleSection":["Horacio","Poes\u00eda"],"inLanguage":"es","potentialAction":[{"@type":"CommentAction","name":"Comment","target":["https:\/\/www.fraczinet.cl\/sitio\/carpe-diem-por-horacio\/#respond"]}]},{"@type":"WebPage","@id":"https:\/\/www.fraczinet.cl\/sitio\/carpe-diem-por-horacio\/","url":"https:\/\/www.fraczinet.cl\/sitio\/carpe-diem-por-horacio\/","name":"Carpe Diem... Por Horacio - Nuestro Bio B\u00edo","isPartOf":{"@id":"https:\/\/www.fraczinet.cl\/sitio\/#website"},"primaryImageOfPage":{"@id":"https:\/\/www.fraczinet.cl\/sitio\/carpe-diem-por-horacio\/#primaryimage"},"image":{"@id":"https:\/\/www.fraczinet.cl\/sitio\/carpe-diem-por-horacio\/#primaryimage"},"thumbnailUrl":"https:\/\/www.fraczinet.cl\/sitio\/wp-content\/uploads\/2024\/06\/Horacio-2.jpg","datePublished":"2024-06-03T19:46:11+00:00","dateModified":"2024-06-03T19:56:24+00:00","author":{"@id":""},"description":"Nuestro Bio B\u00edo Horacio Carpe Diem... Por Horacio","breadcrumb":{"@id":"https:\/\/www.fraczinet.cl\/sitio\/carpe-diem-por-horacio\/#breadcrumb"},"inLanguage":"es","potentialAction":[{"@type":"ReadAction","target":["https:\/\/www.fraczinet.cl\/sitio\/carpe-diem-por-horacio\/"]}]},{"@type":"ImageObject","inLanguage":"es","@id":"https:\/\/www.fraczinet.cl\/sitio\/carpe-diem-por-horacio\/#primaryimage","url":"https:\/\/www.fraczinet.cl\/sitio\/wp-content\/uploads\/2024\/06\/Horacio-2.jpg","contentUrl":"https:\/\/www.fraczinet.cl\/sitio\/wp-content\/uploads\/2024\/06\/Horacio-2.jpg","width":412,"height":540,"caption":"Quinto Horacio Flaco"},{"@type":"BreadcrumbList","@id":"https:\/\/www.fraczinet.cl\/sitio\/carpe-diem-por-horacio\/#breadcrumb","itemListElement":[{"@type":"ListItem","position":1,"name":"Portada","item":"https:\/\/www.fraczinet.cl\/sitio\/"},{"@type":"ListItem","position":2,"name":"Carpe Diem&#8230; Por Horacio"}]},{"@type":"WebSite","@id":"https:\/\/www.fraczinet.cl\/sitio\/#website","url":"https:\/\/www.fraczinet.cl\/sitio\/","name":"Nuestro Bio B\u00edo","description":"Tierra de Encuentros","potentialAction":[{"@type":"SearchAction","target":{"@type":"EntryPoint","urlTemplate":"https:\/\/www.fraczinet.cl\/sitio\/?s={search_term_string}"},"query-input":{"@type":"PropertyValueSpecification","valueRequired":true,"valueName":"search_term_string"}}],"inLanguage":"es"},{"@type":"Person","@id":""}]}},"_links":{"self":[{"href":"https:\/\/www.fraczinet.cl\/sitio\/wp-json\/wp\/v2\/posts\/15777","targetHints":{"allow":["GET"]}}],"collection":[{"href":"https:\/\/www.fraczinet.cl\/sitio\/wp-json\/wp\/v2\/posts"}],"about":[{"href":"https:\/\/www.fraczinet.cl\/sitio\/wp-json\/wp\/v2\/types\/post"}],"author":[{"embeddable":true,"href":"https:\/\/www.fraczinet.cl\/sitio\/wp-json\/wp\/v2\/users\/1"}],"replies":[{"embeddable":true,"href":"https:\/\/www.fraczinet.cl\/sitio\/wp-json\/wp\/v2\/comments?post=15777"}],"version-history":[{"count":3,"href":"https:\/\/www.fraczinet.cl\/sitio\/wp-json\/wp\/v2\/posts\/15777\/revisions"}],"predecessor-version":[{"id":15781,"href":"https:\/\/www.fraczinet.cl\/sitio\/wp-json\/wp\/v2\/posts\/15777\/revisions\/15781"}],"wp:featuredmedia":[{"embeddable":true,"href":"https:\/\/www.fraczinet.cl\/sitio\/wp-json\/wp\/v2\/media\/15778"}],"wp:attachment":[{"href":"https:\/\/www.fraczinet.cl\/sitio\/wp-json\/wp\/v2\/media?parent=15777"}],"wp:term":[{"taxonomy":"category","embeddable":true,"href":"https:\/\/www.fraczinet.cl\/sitio\/wp-json\/wp\/v2\/categories?post=15777"},{"taxonomy":"post_tag","embeddable":true,"href":"https:\/\/www.fraczinet.cl\/sitio\/wp-json\/wp\/v2\/tags?post=15777"}],"curies":[{"name":"wp","href":"https:\/\/api.w.org\/{rel}","templated":true}]}}