{"id":15806,"date":"2024-06-11T00:33:03","date_gmt":"2024-06-11T00:33:03","guid":{"rendered":"https:\/\/www.fraczinet.cl\/sitio\/?p=15806"},"modified":"2024-06-11T00:33:03","modified_gmt":"2024-06-11T00:33:03","slug":"el-capital","status":"publish","type":"post","link":"https:\/\/www.fraczinet.cl\/sitio\/2024\/06\/11\/el-capital\/","title":{"rendered":"El Capital"},"content":{"rendered":"<h5><img decoding=\"async\" class=\" wp-image-15807 alignleft\" src=\"https:\/\/www.fraczinet.cl\/sitio\/wp-content\/uploads\/2024\/06\/El-Capital.jpg\" alt=\"\" width=\"202\" height=\"133\" \/>Los ahorros previsionales \u00abvoluntarios\u00bb son objeto de la atenci\u00f3n de la costra pol\u00edtica parasitaria. Y de la buena voluntad de hombres buenos como Hugo Fazio, Miguel Lawner y Manuel Riesco. Pero&#8230; si la justicia social dependiese del sentido com\u00fan de gobiernos obedientes&#8230; se sabr\u00eda.<\/h5>\n<p>&nbsp;<\/p>\n<h5><span style=\"font-weight: 400;\">Escribe Luis Casado<\/span><\/h5>\n<p>&nbsp;<\/p>\n<p><span style=\"font-weight: 400;\">\u00a1C\u00e1lmate! No te alteres. No se trata de copiarle a Karl, ni de un plagio, ni de una malvenida imitaci\u00f3n en plan deslocalizaci\u00f3n industrial. Se trata de nuestro Capital. \u00bfNuestro? Xacto.<\/span><\/p>\n<p>&nbsp;<\/p>\n<p><span style=\"font-weight: 400;\">Hace unos d\u00edas particip\u00e9 en una reuni\u00f3n con un grupo de insumisos, jacobinos, insubordinados, bolcheviques, ll\u00e1males como quieras, que forman parte de la Fundaci\u00f3n Nueva Educaci\u00f3n y Sociedad (FNES), t\u00edos Duros de Matar, hombres y mujeres que le han dedicado toda una vida a las luchas sociales.<\/span><\/p>\n<p>&nbsp;<\/p>\n<p><span style=\"font-weight: 400;\">All\u00ed surgi\u00f3 la pregunta del mill\u00f3n: \u00bfser\u00eda posible constituir en Chile un sistema de pensiones controlado por quienes cotizan? Sin lugar a dudas. Existen en Europa sistemas paritarios, as\u00ed llamados porque quienes administran los fondos son los cotizantes, o sea representantes de los asalariados y de los empresarios.<\/span><\/p>\n<p>&nbsp;<\/p>\n<p><span style=\"font-weight: 400;\">Porque -desde luego- las empresas contribuyen significativamente a la financiaci\u00f3n de los sistemas previsionales.<\/span><\/p>\n<p>&nbsp;<\/p>\n<p><span style=\"font-weight: 400;\">Y nunca, que yo sepa, hubo que recurrir a \u201cretiros de los fondos\u201d para atenuar la miseria de los hogares. Entre otros porque los salarios, sin ser generosos, ni siquiera justos, tampoco son tercermundistas como los salarios chilenos.<\/span><\/p>\n<p>&nbsp;<\/p>\n<p><span style=\"font-weight: 400;\">Justamente, la prensa chilena publica cosas como estas:<\/span><\/p>\n<p>&nbsp;<\/p>\n<p><span style=\"font-weight: 400;\">\u201c<\/span><b><i>Presidente Boric espera que reforma de pensiones se vote a inicios de julio y afirma que no propiciar\u00e1 retiros de fondos<\/i><\/b><span style=\"font-weight: 400;\">\u201d<\/span><\/p>\n<p>&nbsp;<\/p>\n<p><span style=\"font-weight: 400;\">Briones refrenda a Marcel: \u201c<\/span><b><i>Un nuevo retiro ser\u00eda dinamitar la econom\u00eda. El exministro de Hacienda arremeti\u00f3 en Cooperativa contra los \u00abterraplanistas irresponsables\u00bb que est\u00e1n levantando el tema con fines electorales\u201d<\/i><\/b><\/p>\n<p>&nbsp;<\/p>\n<p><span style=\"font-weight: 400;\">Le\u00edste bien: seg\u00fan Briones (puedes cambiar esa chapa por Foxley, Velasco, Aninat, Marf\u00e1n, Eyzaguirre, Larra\u00edn, Arenas, Vald\u00e9s, Cerda o Marcel, es decir cualquiera de los monos con navaja que han oficiado de ministro de Hacienda), seg\u00fan Briones digo:<\/span><\/p>\n<p>&nbsp;<\/p>\n<p><span style=\"font-weight: 400;\">\u201c<\/span><i><span style=\"font-weight: 400;\">Un nuevo retiro ser\u00eda dinamitar la econom\u00eda<\/span><\/i><span style=\"font-weight: 400;\">\u201d<\/span><\/p>\n<p>&nbsp;<\/p>\n<p><span style=\"font-weight: 400;\">\u00bfEn serio? Si no le incomoda la digesti\u00f3n Sr. Briones&#8230; \u00bfpodr\u00eda explicar porqu\u00e9?<\/span><\/p>\n<p>&nbsp;<\/p>\n<p><span style=\"font-weight: 400;\">Servidor tiene una, -explicaci\u00f3n-, que paso a referirte ipsofactamente.<\/span><\/p>\n<p>&nbsp;<\/p>\n<p><span style=\"font-weight: 400;\">Los datos disponibles aseguran que los trabajadores asalariados en Chile son unos nueve millones.<\/span><\/p>\n<p>&nbsp;<\/p>\n<p><span style=\"font-weight: 400;\">El salario m\u00ednimo est\u00e1 en $ 460.000.<\/span><\/p>\n<p>&nbsp;<\/p>\n<p><span style=\"font-weight: 400;\">La cotizaci\u00f3n extremadamente voluntaria es -o puede ser- el equivalente del 10% del monto salarial que supere al salario m\u00ednimo.<\/span><\/p>\n<p>&nbsp;<\/p>\n<p><span style=\"font-weight: 400;\">A partir de salarios miserables, y sin participaci\u00f3n de las empresas, es dif\u00edcil constituir una protecci\u00f3n previsional digna de ese nombre, pero&#8230; hay que mirar de cerca:<\/span><\/p>\n<p>&nbsp;<\/p>\n<p><span style=\"font-weight: 400;\">Seg\u00fan un estudio de la Fundaci\u00f3n Sol: \u201c<\/span><i><span style=\"font-weight: 400;\">&#8230;al inspeccionar la mediana \u2013umbral m\u00e1ximo alcanzado por la mitad de los trabajadores y trabajadoras- se revela que el salario es de $500.000 l\u00edquidos mensuales, habiendo diferencias entre hombres y mujeres.<\/span><\/i><span style=\"font-weight: 400;\">\u201d <\/span><b>Fundaci\u00f3n Sol. Salarios al l\u00edmite: desposesi\u00f3n salarial en Chile<\/b><span style=\"font-weight: 400;\">. <\/span><b>Marzo 2024<\/b><span style=\"font-weight: 400;\">.<\/span><\/p>\n<p>&nbsp;<\/p>\n<p><span style=\"font-weight: 400;\">El estudio de la Fundaci\u00f3n Sol muestra que en realidad existe un arco salarial, pero para mostrar lo que deseo mostrar simplifico al m\u00e1ximo:<\/span><\/p>\n<p>&nbsp;<\/p>\n<p><span style=\"font-weight: 400;\">Admitiendo que 9 millones de asalariados cotizan el 10% de lo que excede el salario m\u00ednimo, y que todos los asalariados ganan $ 500.000, cada mes ese ahorro global da la suma de: $ 4.000 * 9.000.000 = $ 36.000.000.000<\/span><\/p>\n<p>&nbsp;<\/p>\n<p><span style=\"font-weight: 400;\">Traducido a d\u00f3lares eso equivale a unos U$ 38 millones mensuales\u2026 Este ahorro es entregado en bandeja a los administradores del gran capital.<\/span><\/p>\n<p>&nbsp;<\/p>\n<p><span style=\"font-weight: 400;\">Para darte una idea, la AFP Principal declara en su sitio web que administra en el mundo una suma superior a los 870.000 millones de d\u00f3lares: casi tres veces el PIB chileno&#8230;<\/span><\/p>\n<p>&nbsp;<\/p>\n<p><span style=\"font-weight: 400;\">Si los asalariados chilenos ahorran U$ 38 millones al mes, eso arroja la cifra de U$ 456 millones anuales. Ahora bien, Ciper Chile informaba el 11 de diciembre de 2018 lo que sigue: \u201c<\/span><b><i>Hoy las AFP manejan activos (los ahorros de los cotizantes) por casi US$ 220 mil millones, cifra equivalente a m\u00e1s del 83% del Producto Interno Bruto Nacional.<\/i><\/b><span style=\"font-weight: 400;\">\u201d<\/span><\/p>\n<p>&nbsp;<\/p>\n<p><span style=\"font-weight: 400;\">Dicho en otras palabras\u2026 \u00a1los empresarios invierten la plata de los trabajadores, y les pagan su salario con sus propios ahorros previsionales! De paso cobran una modesta comisi\u00f3n.<\/span><\/p>\n<p>&nbsp;<\/p>\n<p><span style=\"font-weight: 400;\">No contentos con eso, piden, exigen, insisten en que el gobierno -o m\u00e1s bien los gobiernos- tomen medidas orientadas a favorecer las inversiones&#8230; inversiones que salen del ahorro de los asalariados, ahorro que est\u00e1 en las manos de las AFP por obra y gracia del \u201cmodelo\u201d.<\/span><\/p>\n<p>&nbsp;<\/p>\n<p><span style=\"font-weight: 400;\">Ese es El Capital que justifica el t\u00edtulo de esta parida.<\/span><\/p>\n<p>&nbsp;<\/p>\n<p><span style=\"font-weight: 400;\">El Capital con que trabajan los empresarios privados le pertenece a los trabajadores asalariados.<\/span><\/p>\n<p>&nbsp;<\/p>\n<p><span style=\"font-weight: 400;\">Los ahorros previsionales constituyen un gigantesco pilar financiero, administrado por filibusteros cuyo poder supera al de los gobiernos, comenzando por el nuestro.<\/span><\/p>\n<p>&nbsp;<\/p>\n<p><span style=\"font-weight: 400;\">Si no sab\u00edas porqu\u00e9 ning\u00fan pinche gobierno ha querido terminar con las AFP\u2026 ahora lo sabes.<\/span><\/p>\n<p>&nbsp;<\/p>\n<p><span style=\"font-weight: 400;\">La Carta abierta a la militancia comunista, firmada por Hugo Fazio, Miguel Lawner y Manuel Riesco, lamentablemente no cambiar\u00e1 nada.<\/span><\/p>\n<p>&nbsp;<\/p>\n<p><span style=\"font-weight: 400;\">Para realizar reformas de fondo, para cambiar el \u00abmodelo\u00bb, hacen falta una gran movilizaci\u00f3n popular y l\u00edderes con car\u00e1cter y convicciones.<\/span><\/p>\n<p>&nbsp;<\/p>\n<p><span style=\"font-weight: 400;\">Ahora bien&#8230; Gabriel Boric me recuerda una reflexi\u00f3n de Charles De Gaulle a prop\u00f3sito del ex-presidente franc\u00e9s Albert Lebrun, de triste memoria:<\/span><\/p>\n<p><span style=\"font-weight: 400;\">\u201c<\/span><b><i>En el fondo, como jefe de Estado le faltaron dos cosas: ser un jefe, y que hubiese un Estado<\/i><\/b><span style=\"font-weight: 400;\">\u201d. Charles De Gaulle. Memorias de Guerra.<\/span><\/p>\n","protected":false},"excerpt":{"rendered":"<p>Los ahorros previsionales \u00abvoluntarios\u00bb son objeto de la atenci\u00f3n de la costra pol\u00edtica parasitaria. Y de la buena voluntad de hombres buenos como Hugo Fazio, Miguel Lawner y Manuel Riesco. Pero&#8230; si la justicia social dependiese del sentido com\u00fan de gobiernos obedientes&#8230; se sabr\u00eda.<\/p>\n","protected":false},"author":1,"featured_media":15808,"comment_status":"open","ping_status":"closed","sticky":false,"template":"","format":"standard","meta":{"footnotes":""},"categories":[312,322,112,131],"tags":[],"class_list":["post-15806","post","type-post","status-publish","format-standard","has-post-thumbnail","hentry","category-economia","category-luis-casado","category-opinion","category-politica"],"yoast_head":"<!-- This site is optimized with the Yoast SEO plugin v25.0 - https:\/\/yoast.com\/wordpress\/plugins\/seo\/ -->\n<title>El Capital - Nuestro Bio B\u00edo<\/title>\n<meta name=\"description\" content=\"Los ahorros previsionales &quot;voluntarios&quot; son objeto de la atenci\u00f3n de la costra pol\u00edtica parasitaria. Y de la buena voluntad de hombres buenos como Hugo Fazio, Miguel Lawner y Manuel Riesco. Pero... si la justicia social dependiese del sentido com\u00fan de gobiernos obedientes... se sabr\u00eda.\" \/>\n<meta name=\"robots\" content=\"index, follow, max-snippet:-1, max-image-preview:large, max-video-preview:-1\" \/>\n<link rel=\"canonical\" href=\"https:\/\/www.fraczinet.cl\/sitio\/2024\/06\/11\/el-capital\/\" \/>\n<meta property=\"og:locale\" content=\"es_ES\" \/>\n<meta property=\"og:type\" content=\"article\" \/>\n<meta property=\"og:title\" content=\"El Capital - Nuestro Bio B\u00edo\" \/>\n<meta property=\"og:description\" content=\"Los ahorros previsionales &quot;voluntarios&quot; son objeto de la atenci\u00f3n de la costra pol\u00edtica parasitaria. Y de la buena voluntad de hombres buenos como Hugo Fazio, Miguel Lawner y Manuel Riesco. Pero... si la justicia social dependiese del sentido com\u00fan de gobiernos obedientes... se sabr\u00eda.\" \/>\n<meta property=\"og:url\" content=\"https:\/\/www.fraczinet.cl\/sitio\/2024\/06\/11\/el-capital\/\" \/>\n<meta property=\"og:site_name\" content=\"Nuestro Bio B\u00edo\" \/>\n<meta property=\"article:published_time\" content=\"2024-06-11T00:33:03+00:00\" \/>\n<meta property=\"og:image\" content=\"https:\/\/www.fraczinet.cl\/sitio\/wp-content\/uploads\/2024\/06\/El-Capital2-scaled.jpg\" \/>\n\t<meta property=\"og:image:width\" content=\"2560\" \/>\n\t<meta property=\"og:image:height\" content=\"1690\" \/>\n\t<meta property=\"og:image:type\" content=\"image\/jpeg\" \/>\n<meta name=\"author\" content=\"admin\" \/>\n<meta name=\"twitter:card\" content=\"summary_large_image\" \/>\n<meta name=\"twitter:creator\" content=\"@nuestrobiobio\" \/>\n<meta name=\"twitter:site\" content=\"@nuestrobiobio\" \/>\n<meta name=\"twitter:label1\" content=\"Escrito por\" \/>\n\t<meta name=\"twitter:data1\" content=\"admin\" \/>\n\t<meta name=\"twitter:label2\" content=\"Tiempo de lectura\" \/>\n\t<meta name=\"twitter:data2\" content=\"5 minutos\" \/>\n<script type=\"application\/ld+json\" class=\"yoast-schema-graph\">{\"@context\":\"https:\/\/schema.org\",\"@graph\":[{\"@type\":\"Article\",\"@id\":\"https:\/\/www.fraczinet.cl\/sitio\/2024\/06\/11\/el-capital\/#article\",\"isPartOf\":{\"@id\":\"https:\/\/www.fraczinet.cl\/sitio\/2024\/06\/11\/el-capital\/\"},\"author\":{\"name\":\"admin\",\"@id\":\"https:\/\/www.fraczinet.cl\/sitio\/#\/schema\/person\/bc30f98e9cb10ae7e119dbe14bc93784\"},\"headline\":\"El Capital\",\"datePublished\":\"2024-06-11T00:33:03+00:00\",\"mainEntityOfPage\":{\"@id\":\"https:\/\/www.fraczinet.cl\/sitio\/2024\/06\/11\/el-capital\/\"},\"wordCount\":942,\"commentCount\":0,\"publisher\":{\"@id\":\"https:\/\/www.fraczinet.cl\/sitio\/#\/schema\/person\/aec8ee4da68df2b9b0eefdad24a0d582\"},\"image\":{\"@id\":\"https:\/\/www.fraczinet.cl\/sitio\/2024\/06\/11\/el-capital\/#primaryimage\"},\"thumbnailUrl\":\"https:\/\/www.fraczinet.cl\/sitio\/wp-content\/uploads\/2024\/06\/El-Capital2-scaled.jpg\",\"articleSection\":[\"Econom\u00eda\",\"Luis Casado\",\"Opini\u00f3n\",\"Pol\u00edtica\"],\"inLanguage\":\"es\",\"potentialAction\":[{\"@type\":\"CommentAction\",\"name\":\"Comment\",\"target\":[\"https:\/\/www.fraczinet.cl\/sitio\/2024\/06\/11\/el-capital\/#respond\"]}]},{\"@type\":\"WebPage\",\"@id\":\"https:\/\/www.fraczinet.cl\/sitio\/2024\/06\/11\/el-capital\/\",\"url\":\"https:\/\/www.fraczinet.cl\/sitio\/2024\/06\/11\/el-capital\/\",\"name\":\"El Capital - Nuestro Bio B\u00edo\",\"isPartOf\":{\"@id\":\"https:\/\/www.fraczinet.cl\/sitio\/#website\"},\"primaryImageOfPage\":{\"@id\":\"https:\/\/www.fraczinet.cl\/sitio\/2024\/06\/11\/el-capital\/#primaryimage\"},\"image\":{\"@id\":\"https:\/\/www.fraczinet.cl\/sitio\/2024\/06\/11\/el-capital\/#primaryimage\"},\"thumbnailUrl\":\"https:\/\/www.fraczinet.cl\/sitio\/wp-content\/uploads\/2024\/06\/El-Capital2-scaled.jpg\",\"datePublished\":\"2024-06-11T00:33:03+00:00\",\"description\":\"Los ahorros previsionales \\\"voluntarios\\\" son objeto de la atenci\u00f3n de la costra pol\u00edtica parasitaria. Y de la buena voluntad de hombres buenos como Hugo Fazio, Miguel Lawner y Manuel Riesco. Pero... si la justicia social dependiese del sentido com\u00fan de gobiernos obedientes... se sabr\u00eda.\",\"breadcrumb\":{\"@id\":\"https:\/\/www.fraczinet.cl\/sitio\/2024\/06\/11\/el-capital\/#breadcrumb\"},\"inLanguage\":\"es\",\"potentialAction\":[{\"@type\":\"ReadAction\",\"target\":[\"https:\/\/www.fraczinet.cl\/sitio\/2024\/06\/11\/el-capital\/\"]}]},{\"@type\":\"ImageObject\",\"inLanguage\":\"es\",\"@id\":\"https:\/\/www.fraczinet.cl\/sitio\/2024\/06\/11\/el-capital\/#primaryimage\",\"url\":\"https:\/\/www.fraczinet.cl\/sitio\/wp-content\/uploads\/2024\/06\/El-Capital2-scaled.jpg\",\"contentUrl\":\"https:\/\/www.fraczinet.cl\/sitio\/wp-content\/uploads\/2024\/06\/El-Capital2-scaled.jpg\",\"width\":2560,\"height\":1690},{\"@type\":\"BreadcrumbList\",\"@id\":\"https:\/\/www.fraczinet.cl\/sitio\/2024\/06\/11\/el-capital\/#breadcrumb\",\"itemListElement\":[{\"@type\":\"ListItem\",\"position\":1,\"name\":\"Portada\",\"item\":\"https:\/\/www.fraczinet.cl\/sitio\/\"},{\"@type\":\"ListItem\",\"position\":2,\"name\":\"El Capital\"}]},{\"@type\":\"WebSite\",\"@id\":\"https:\/\/www.fraczinet.cl\/sitio\/#website\",\"url\":\"https:\/\/www.fraczinet.cl\/sitio\/\",\"name\":\"Nuestro Bio B\u00edo\",\"description\":\"Tierra de Encuentros\",\"publisher\":{\"@id\":\"https:\/\/www.fraczinet.cl\/sitio\/#\/schema\/person\/aec8ee4da68df2b9b0eefdad24a0d582\"},\"potentialAction\":[{\"@type\":\"SearchAction\",\"target\":{\"@type\":\"EntryPoint\",\"urlTemplate\":\"https:\/\/www.fraczinet.cl\/sitio\/?s={search_term_string}\"},\"query-input\":{\"@type\":\"PropertyValueSpecification\",\"valueRequired\":true,\"valueName\":\"search_term_string\"}}],\"inLanguage\":\"es\"},{\"@type\":[\"Person\",\"Organization\"],\"@id\":\"https:\/\/www.fraczinet.cl\/sitio\/#\/schema\/person\/aec8ee4da68df2b9b0eefdad24a0d582\",\"name\":\"Luis Fernando Fraczinet\",\"image\":{\"@type\":\"ImageObject\",\"inLanguage\":\"es\",\"@id\":\"https:\/\/www.fraczinet.cl\/sitio\/#\/schema\/person\/image\/\",\"url\":\"https:\/\/www.fraczinet.cl\/sitio\/wp-content\/uploads\/2021\/07\/bannerlogo-1.gif\",\"contentUrl\":\"https:\/\/www.fraczinet.cl\/sitio\/wp-content\/uploads\/2021\/07\/bannerlogo-1.gif\",\"width\":159,\"height\":79,\"caption\":\"Luis Fernando Fraczinet\"},\"logo\":{\"@id\":\"https:\/\/www.fraczinet.cl\/sitio\/#\/schema\/person\/image\/\"},\"sameAs\":[\"https:\/\/www.fraczinet.cl\/sitio\/\"]},{\"@type\":\"Person\",\"@id\":\"https:\/\/www.fraczinet.cl\/sitio\/#\/schema\/person\/bc30f98e9cb10ae7e119dbe14bc93784\",\"name\":\"admin\",\"image\":{\"@type\":\"ImageObject\",\"inLanguage\":\"es\",\"@id\":\"https:\/\/www.fraczinet.cl\/sitio\/#\/schema\/person\/image\/\",\"url\":\"https:\/\/secure.gravatar.com\/avatar\/d5ad3cf7ef3b23a2bb5be73be780c86b2fc8545c3ad6b149f3913ff458c00099?s=96&d=mm&r=g\",\"contentUrl\":\"https:\/\/secure.gravatar.com\/avatar\/d5ad3cf7ef3b23a2bb5be73be780c86b2fc8545c3ad6b149f3913ff458c00099?s=96&d=mm&r=g\",\"caption\":\"admin\"},\"sameAs\":[\"https:\/\/www.fraczinet.cl\/sitio\"]}]}<\/script>\n<!-- \/ Yoast SEO plugin. -->","yoast_head_json":{"title":"El Capital - Nuestro Bio B\u00edo","description":"Los ahorros previsionales \"voluntarios\" son objeto de la atenci\u00f3n de la costra pol\u00edtica parasitaria. Y de la buena voluntad de hombres buenos como Hugo Fazio, Miguel Lawner y Manuel Riesco. Pero... si la justicia social dependiese del sentido com\u00fan de gobiernos obedientes... se sabr\u00eda.","robots":{"index":"index","follow":"follow","max-snippet":"max-snippet:-1","max-image-preview":"max-image-preview:large","max-video-preview":"max-video-preview:-1"},"canonical":"https:\/\/www.fraczinet.cl\/sitio\/2024\/06\/11\/el-capital\/","og_locale":"es_ES","og_type":"article","og_title":"El Capital - Nuestro Bio B\u00edo","og_description":"Los ahorros previsionales \"voluntarios\" son objeto de la atenci\u00f3n de la costra pol\u00edtica parasitaria. Y de la buena voluntad de hombres buenos como Hugo Fazio, Miguel Lawner y Manuel Riesco. Pero... si la justicia social dependiese del sentido com\u00fan de gobiernos obedientes... se sabr\u00eda.","og_url":"https:\/\/www.fraczinet.cl\/sitio\/2024\/06\/11\/el-capital\/","og_site_name":"Nuestro Bio B\u00edo","article_published_time":"2024-06-11T00:33:03+00:00","og_image":[{"width":2560,"height":1690,"url":"https:\/\/www.fraczinet.cl\/sitio\/wp-content\/uploads\/2024\/06\/El-Capital2-scaled.jpg","type":"image\/jpeg"}],"author":"admin","twitter_card":"summary_large_image","twitter_creator":"@nuestrobiobio","twitter_site":"@nuestrobiobio","twitter_misc":{"Escrito por":"admin","Tiempo de lectura":"5 minutos"},"schema":{"@context":"https:\/\/schema.org","@graph":[{"@type":"Article","@id":"https:\/\/www.fraczinet.cl\/sitio\/2024\/06\/11\/el-capital\/#article","isPartOf":{"@id":"https:\/\/www.fraczinet.cl\/sitio\/2024\/06\/11\/el-capital\/"},"author":{"name":"admin","@id":"https:\/\/www.fraczinet.cl\/sitio\/#\/schema\/person\/bc30f98e9cb10ae7e119dbe14bc93784"},"headline":"El Capital","datePublished":"2024-06-11T00:33:03+00:00","mainEntityOfPage":{"@id":"https:\/\/www.fraczinet.cl\/sitio\/2024\/06\/11\/el-capital\/"},"wordCount":942,"commentCount":0,"publisher":{"@id":"https:\/\/www.fraczinet.cl\/sitio\/#\/schema\/person\/aec8ee4da68df2b9b0eefdad24a0d582"},"image":{"@id":"https:\/\/www.fraczinet.cl\/sitio\/2024\/06\/11\/el-capital\/#primaryimage"},"thumbnailUrl":"https:\/\/www.fraczinet.cl\/sitio\/wp-content\/uploads\/2024\/06\/El-Capital2-scaled.jpg","articleSection":["Econom\u00eda","Luis Casado","Opini\u00f3n","Pol\u00edtica"],"inLanguage":"es","potentialAction":[{"@type":"CommentAction","name":"Comment","target":["https:\/\/www.fraczinet.cl\/sitio\/2024\/06\/11\/el-capital\/#respond"]}]},{"@type":"WebPage","@id":"https:\/\/www.fraczinet.cl\/sitio\/2024\/06\/11\/el-capital\/","url":"https:\/\/www.fraczinet.cl\/sitio\/2024\/06\/11\/el-capital\/","name":"El Capital - Nuestro Bio B\u00edo","isPartOf":{"@id":"https:\/\/www.fraczinet.cl\/sitio\/#website"},"primaryImageOfPage":{"@id":"https:\/\/www.fraczinet.cl\/sitio\/2024\/06\/11\/el-capital\/#primaryimage"},"image":{"@id":"https:\/\/www.fraczinet.cl\/sitio\/2024\/06\/11\/el-capital\/#primaryimage"},"thumbnailUrl":"https:\/\/www.fraczinet.cl\/sitio\/wp-content\/uploads\/2024\/06\/El-Capital2-scaled.jpg","datePublished":"2024-06-11T00:33:03+00:00","description":"Los ahorros previsionales \"voluntarios\" son objeto de la atenci\u00f3n de la costra pol\u00edtica parasitaria. Y de la buena voluntad de hombres buenos como Hugo Fazio, Miguel Lawner y Manuel Riesco. Pero... si la justicia social dependiese del sentido com\u00fan de gobiernos obedientes... se sabr\u00eda.","breadcrumb":{"@id":"https:\/\/www.fraczinet.cl\/sitio\/2024\/06\/11\/el-capital\/#breadcrumb"},"inLanguage":"es","potentialAction":[{"@type":"ReadAction","target":["https:\/\/www.fraczinet.cl\/sitio\/2024\/06\/11\/el-capital\/"]}]},{"@type":"ImageObject","inLanguage":"es","@id":"https:\/\/www.fraczinet.cl\/sitio\/2024\/06\/11\/el-capital\/#primaryimage","url":"https:\/\/www.fraczinet.cl\/sitio\/wp-content\/uploads\/2024\/06\/El-Capital2-scaled.jpg","contentUrl":"https:\/\/www.fraczinet.cl\/sitio\/wp-content\/uploads\/2024\/06\/El-Capital2-scaled.jpg","width":2560,"height":1690},{"@type":"BreadcrumbList","@id":"https:\/\/www.fraczinet.cl\/sitio\/2024\/06\/11\/el-capital\/#breadcrumb","itemListElement":[{"@type":"ListItem","position":1,"name":"Portada","item":"https:\/\/www.fraczinet.cl\/sitio\/"},{"@type":"ListItem","position":2,"name":"El Capital"}]},{"@type":"WebSite","@id":"https:\/\/www.fraczinet.cl\/sitio\/#website","url":"https:\/\/www.fraczinet.cl\/sitio\/","name":"Nuestro Bio B\u00edo","description":"Tierra de Encuentros","publisher":{"@id":"https:\/\/www.fraczinet.cl\/sitio\/#\/schema\/person\/aec8ee4da68df2b9b0eefdad24a0d582"},"potentialAction":[{"@type":"SearchAction","target":{"@type":"EntryPoint","urlTemplate":"https:\/\/www.fraczinet.cl\/sitio\/?s={search_term_string}"},"query-input":{"@type":"PropertyValueSpecification","valueRequired":true,"valueName":"search_term_string"}}],"inLanguage":"es"},{"@type":["Person","Organization"],"@id":"https:\/\/www.fraczinet.cl\/sitio\/#\/schema\/person\/aec8ee4da68df2b9b0eefdad24a0d582","name":"Luis Fernando Fraczinet","image":{"@type":"ImageObject","inLanguage":"es","@id":"https:\/\/www.fraczinet.cl\/sitio\/#\/schema\/person\/image\/","url":"https:\/\/www.fraczinet.cl\/sitio\/wp-content\/uploads\/2021\/07\/bannerlogo-1.gif","contentUrl":"https:\/\/www.fraczinet.cl\/sitio\/wp-content\/uploads\/2021\/07\/bannerlogo-1.gif","width":159,"height":79,"caption":"Luis Fernando Fraczinet"},"logo":{"@id":"https:\/\/www.fraczinet.cl\/sitio\/#\/schema\/person\/image\/"},"sameAs":["https:\/\/www.fraczinet.cl\/sitio\/"]},{"@type":"Person","@id":"https:\/\/www.fraczinet.cl\/sitio\/#\/schema\/person\/bc30f98e9cb10ae7e119dbe14bc93784","name":"admin","image":{"@type":"ImageObject","inLanguage":"es","@id":"https:\/\/www.fraczinet.cl\/sitio\/#\/schema\/person\/image\/","url":"https:\/\/secure.gravatar.com\/avatar\/d5ad3cf7ef3b23a2bb5be73be780c86b2fc8545c3ad6b149f3913ff458c00099?s=96&d=mm&r=g","contentUrl":"https:\/\/secure.gravatar.com\/avatar\/d5ad3cf7ef3b23a2bb5be73be780c86b2fc8545c3ad6b149f3913ff458c00099?s=96&d=mm&r=g","caption":"admin"},"sameAs":["https:\/\/www.fraczinet.cl\/sitio"]}]}},"_links":{"self":[{"href":"https:\/\/www.fraczinet.cl\/sitio\/wp-json\/wp\/v2\/posts\/15806","targetHints":{"allow":["GET"]}}],"collection":[{"href":"https:\/\/www.fraczinet.cl\/sitio\/wp-json\/wp\/v2\/posts"}],"about":[{"href":"https:\/\/www.fraczinet.cl\/sitio\/wp-json\/wp\/v2\/types\/post"}],"author":[{"embeddable":true,"href":"https:\/\/www.fraczinet.cl\/sitio\/wp-json\/wp\/v2\/users\/1"}],"replies":[{"embeddable":true,"href":"https:\/\/www.fraczinet.cl\/sitio\/wp-json\/wp\/v2\/comments?post=15806"}],"version-history":[{"count":1,"href":"https:\/\/www.fraczinet.cl\/sitio\/wp-json\/wp\/v2\/posts\/15806\/revisions"}],"predecessor-version":[{"id":15809,"href":"https:\/\/www.fraczinet.cl\/sitio\/wp-json\/wp\/v2\/posts\/15806\/revisions\/15809"}],"wp:featuredmedia":[{"embeddable":true,"href":"https:\/\/www.fraczinet.cl\/sitio\/wp-json\/wp\/v2\/media\/15808"}],"wp:attachment":[{"href":"https:\/\/www.fraczinet.cl\/sitio\/wp-json\/wp\/v2\/media?parent=15806"}],"wp:term":[{"taxonomy":"category","embeddable":true,"href":"https:\/\/www.fraczinet.cl\/sitio\/wp-json\/wp\/v2\/categories?post=15806"},{"taxonomy":"post_tag","embeddable":true,"href":"https:\/\/www.fraczinet.cl\/sitio\/wp-json\/wp\/v2\/tags?post=15806"}],"curies":[{"name":"wp","href":"https:\/\/api.w.org\/{rel}","templated":true}]}}