{"id":15827,"date":"2024-06-21T15:00:08","date_gmt":"2024-06-21T15:00:08","guid":{"rendered":"https:\/\/www.fraczinet.cl\/sitio\/?p=15827"},"modified":"2024-06-23T21:51:02","modified_gmt":"2024-06-23T21:51:02","slug":"a-cincuenta-anos-de-la-creacion-de-la-dina-documentos-desclasificados-publica-las-atrocidades-cometidas-por-la-dina","status":"publish","type":"post","link":"https:\/\/www.fraczinet.cl\/sitio\/2024\/06\/21\/a-cincuenta-anos-de-la-creacion-de-la-dina-documentos-desclasificados-publica-las-atrocidades-cometidas-por-la-dina\/","title":{"rendered":"A Cincuenta A\u00f1os De La Creaci\u00f3n De La DINA, Documentos Desclasificados Publica Las Atrocidades Cometidas Por La DINA"},"content":{"rendered":"<p><span style=\"font-weight: 400;\"><img fetchpriority=\"high\" decoding=\"async\" class=\"size-medium wp-image-15824 alignleft\" src=\"https:\/\/www.fraczinet.cl\/sitio\/wp-content\/uploads\/2024\/06\/Operacion-Condor-La-ultima-operacion-represiva-de-Manuel-Contreras-y-la-DINA-1024x683-1-300x200.jpeg\" alt=\"\" width=\"300\" height=\"200\" srcset=\"https:\/\/www.fraczinet.cl\/sitio\/wp-content\/uploads\/2024\/06\/Operacion-Condor-La-ultima-operacion-represiva-de-Manuel-Contreras-y-la-DINA-1024x683-1-300x200.jpeg 300w, https:\/\/www.fraczinet.cl\/sitio\/wp-content\/uploads\/2024\/06\/Operacion-Condor-La-ultima-operacion-represiva-de-Manuel-Contreras-y-la-DINA-1024x683-1-768x512.jpeg 768w, https:\/\/www.fraczinet.cl\/sitio\/wp-content\/uploads\/2024\/06\/Operacion-Condor-La-ultima-operacion-represiva-de-Manuel-Contreras-y-la-DINA-1024x683-1.jpeg 1024w\" sizes=\"(max-width: 300px) 100vw, 300px\" \/>Cincuenta a\u00f1os despu\u00e9s de la creaci\u00f3n oficial, Registro de documentos desclasificados publica las Atrocidades cometidas por la Fuerza de Seguridad Secreta de Chile, DINA.<\/span><\/p>\n<p>&nbsp;<\/p>\n<p><span style=\"font-weight: 400;\">Fuente: <\/span><a href=\"https:\/\/nsarchive.gwu.edu\/briefing-book\/chile\/2024-06-18\/pinochet-regime-declassified\"><span style=\"font-weight: 400;\">National Security Archive<\/span><\/a><span style=\"font-weight: 400;\">. 18 de junio de 2024. Libro de informaci\u00f3n 862. Editado por Peter Kornbluh y John Dinges.\u00a0<\/span><\/p>\n<p><span style=\"font-weight: 400;\">\u00a0<\/span><\/p>\n<p><span style=\"font-weight: 400;\">Washington, D.C., 18 de junio de 2024 &#8211; El 18 de junio de 1974, el registro oficial de la dictadura militar chilena public\u00f3 el Decreto 521 sobre la creaci\u00f3n de la Direcci\u00f3n de Inteligencia Nacional (DINA), la polic\u00eda secreta responsable de algunos de los cr\u00edmenes m\u00e1s emblem\u00e1ticos de los derechos humanos del r\u00e9gimen. A 50 a\u00f1os de la creaci\u00f3n oficial de DINA, el Archivo de Seguridad Nacional publica una colecci\u00f3n comisariada de documentos desclasificados de la CIA, DIA, FBI y Departamento de Estado, junto con los principales registros chilenos, que reflejan la historia de las horribles atrocidades de derechos humanos y cr\u00edmenes terroristas de DINA.<\/span><\/p>\n<p>&nbsp;<\/p>\n<p><span style=\"font-weight: 400;\">El decreto firmado por el general Augusto Pinochet y otros miembros de la junta militar estableci\u00f3 oficialmente la DINA con el prop\u00f3sito de producir requisitos de recolecci\u00f3n de inteligencia para la formulaci\u00f3n de pol\u00edticas, planes y adopci\u00f3n de las medidas necesarias para la seguridad y el desarrollo del pa\u00eds, pero la medida tambi\u00e9n incluy\u00f3 tres art\u00edculos secretos que facultaban a DINA para operar como una fuerza policial secreta para vigilar, arrestar, encarcelar y eliminar a cualquiera considerado un opositor del r\u00e9gimen. El nuevo decreto dio bendici\u00f3n legal\/oficial a una organizaci\u00f3n que ya est\u00e1 totalmente activa. El agregado de defensa de U.S.A. inform\u00f3 a Washington que tros miembros del ej\u00e9rcito chileno consideraron la orden de la junta como la base sobre la que se construir\u00e1 una fuerza policial tipo Gestapo.<\/span><\/p>\n<p>&nbsp;<\/p>\n<p><span style=\"font-weight: 400;\">La DINA fue creada como una organizaci\u00f3n militar fuera de la cadena de mando militar, en su lugar inform\u00f3 directamente a Pinochet como jefe de la junta. Como dec\u00edan los art\u00edculos secretos del decreto, la nueva Direcci\u00f3n de Inteligencia Nacional fue la \u00abcontinuaci\u00f3n de la Comisi\u00f3n de la DINA\u00bb, establecida en noviembre de 1973, s\u00f3lo ocho semanas despu\u00e9s del golpe militar del 11 de septiembre de 1973. Para cuando fue inaugurada oficialmente, la DINA ya era la fuerza de seguridad m\u00e1s temida en Chile, y en toda Am\u00e9rica Latina. <\/span><b>Hay tres fuentes de poder en Chile, un oficial de inteligencia chileno inform\u00f3 a un agregado militar estadounidense a principios de 1974: Pinochet, Dios y la DINA<\/b><span style=\"font-weight: 400;\">.<\/span><\/p>\n<p>&nbsp;<\/p>\n<p><span style=\"font-weight: 400;\">Como principal agencia del aparato de represi\u00f3n del r\u00e9gimen, la DINA se hizo infame por sus centros secretos de tortura, ejecuciones extrajudiciales, desapariciones forzadas de cientos de civiles y actos de terrorismo internacional. La siniestra fuerza policial secreta, seg\u00fan un informe especial del Senado de TOP SECRET\/SENSITIVE basado en documentos a\u00fan clasificados de la CIA, finalmente creci\u00f3 a 3.800 oficiales, agentes y personal administrativo. La cifra es maltipada en el informe con un presupuesto anual de $27 millones. Seg\u00fan ese estudio, la DINA \u201cse estableci\u00f3 como un brazo de la presidencia, bajo el control directo del presidente Pinochet.\u201d El director de la DINA, el coronel Manuel Contreras, seg\u00fan la Agencia de Inteligencia de Defensa de los EE. UU., \u201cha informado exclusivamente al presidente Pinochet y solo ha recibido \u00f3rdenes de \u00e9l.\u201d<\/span><\/p>\n<p>&nbsp;<\/p>\n<p><span style=\"font-weight: 400;\">A medida que ampli\u00f3 sus operaciones, la DINA tambi\u00e9n recibi\u00f3 apoyo organizacional de la CIA. En febrero de 1974, Pinochet personalmente le pidi\u00f3 al subdirector de la CIA,. Vernon Walters, que ayudara a DINA en su per\u00edodo de formaci\u00f3n. Walters organiz\u00f3 un almuerzo para Contreras en la sede de la CIA en Langley, Virginia, a principios de marzo de 1974. A mediados de 1975, la CIA puso brevemente al director de la DINA en su n\u00f3mina como un activo pagado.<\/span><\/p>\n<p>&nbsp;<\/p>\n<figure id=\"attachment_15828\" aria-describedby=\"caption-attachment-15828\" style=\"width: 280px\" class=\"wp-caption alignleft\"><img decoding=\"async\" class=\"size-medium wp-image-15828\" src=\"https:\/\/www.fraczinet.cl\/sitio\/wp-content\/uploads\/2024\/06\/ltg_vernon_a._walters-280x300.jpg\" alt=\"CIA Deputy Director Lt. General Vernon Walters\" width=\"280\" height=\"300\" srcset=\"https:\/\/www.fraczinet.cl\/sitio\/wp-content\/uploads\/2024\/06\/ltg_vernon_a._walters-280x300.jpg 280w, https:\/\/www.fraczinet.cl\/sitio\/wp-content\/uploads\/2024\/06\/ltg_vernon_a._walters.jpg 300w\" sizes=\"(max-width: 280px) 100vw, 280px\" \/><figcaption id=\"caption-attachment-15828\" class=\"wp-caption-text\">CIA Deputy Director Lt. General Vernon Walters<\/figcaption><\/figure>\n<p><span style=\"font-weight: 400;\">El subdirector de la CIA, el Teniente General\u00a0Vernon Walters, proporcion\u00f3 apoyo de la CIA para la formaci\u00f3n de DINA.<\/span><\/p>\n<p>&nbsp;<\/p>\n<p><span style=\"font-weight: 400;\">Los documentos publicados hoy registran algunas de las operaciones m\u00e1s notorias de la DINA:<\/span><\/p>\n<p>&nbsp;<\/p>\n<p><span style=\"font-weight: 400;\"><strong>CENTROS SECRETOS DE DETENCI\u00d3N Y TORTURA<\/strong>: Aunque numerosas unidades del ej\u00e9rcito chileno se dedicaban rutinariamente a abusos a los derechos humanos, durante los primeros tres a\u00f1os de la dictadura, la DINA fue responsable de la mayor\u00eda de detenciones secretas, casos de tortura y desapariciones cometidos por el r\u00e9gimen. Un informe de inteligencia estadounidense temprano se\u00f1al\u00f3 que las t\u00e9cnicas de interrogatorio de la DINA de los prisioneros detenidos eran \u00absacadas\u00bb de la Inquisici\u00f3n espa\u00f1ola y que DINA estaba en desarrollo de una organizaci\u00f3n tipo KGB como se predijo originalmente.\u00a0<\/span><\/p>\n<p>&nbsp;<\/p>\n<p><span style=\"font-weight: 400;\">Uno de los torturadores m\u00e1s s\u00e1dicos de DINA, Capit\u00e1n. Ricardo Lawrence, m\u00e1s tarde, present\u00f3 una declaraci\u00f3n ante los tribunales chilenos en la red de centros de detenci\u00f3n secretos donde se produjeron estos abusos. Villa Grimaldi, Londres No. 38, Venecia, Malloco, Jos\u00e9 Domingo Canas y Cuatro \u00c1lamos, entre otros, as\u00ed como las unidades de la DINA y comandos que apostaron all\u00ed. Muchas de las v\u00edctimas de tortura en estos centros de detenci\u00f3n secretas fueron ejecutadas y luego desaparecieron; muchas de ellas fueron arrojadas al oc\u00e9ano desde helic\u00f3pteros de la DINA.<\/span><\/p>\n<p>&nbsp;<\/p>\n<p><img decoding=\"async\" class=\"size-medium wp-image-15829 alignleft\" src=\"https:\/\/www.fraczinet.cl\/sitio\/wp-content\/uploads\/2024\/06\/LosTentaculos-de-Contreras-300x208.jpg\" alt=\"\" width=\"300\" height=\"208\" srcset=\"https:\/\/www.fraczinet.cl\/sitio\/wp-content\/uploads\/2024\/06\/LosTentaculos-de-Contreras-300x208.jpg 300w, https:\/\/www.fraczinet.cl\/sitio\/wp-content\/uploads\/2024\/06\/LosTentaculos-de-Contreras-1024x711.jpg 1024w, https:\/\/www.fraczinet.cl\/sitio\/wp-content\/uploads\/2024\/06\/LosTentaculos-de-Contreras-768x533.jpg 768w, https:\/\/www.fraczinet.cl\/sitio\/wp-content\/uploads\/2024\/06\/LosTentaculos-de-Contreras.jpg 1246w\" sizes=\"(max-width: 300px) 100vw, 300px\" \/><\/p>\n<p><span style=\"font-weight: 400;\">Informe de inteligencia del Departamento de Defensa titulado \u00abLos Tent\u00e1culos de Contreras\u00bb sobre su esfuerzo por ocultar y preservar documentos de la DINA que registran el papel de Pinochet en los actos de terrorismo internacional.<\/span><\/p>\n<p>&nbsp;<\/p>\n<p><span style=\"font-weight: 400;\"><strong>OPERACI\u00d3N COLOMBO<\/strong>: Enfrentado a la creciente presi\u00f3n de las familias de los Detenidos Desaparecidos y la condena internacional de estas atrocidades de derechos humanos, en 1975 la DINA mont\u00f3 una importante campa\u00f1a de desinformaci\u00f3n para proporcionar lo que la Embajada de los Estados Unidos llam\u00f3 \u201c<\/span><i><span style=\"font-weight: 400;\">alg\u00fan medio de justificar la desaparici\u00f3n<\/span><\/i><span style=\"font-weight: 400;\">\u201d de chilenos. Con el nombre en c\u00f3digo \u201cOperaci\u00f3n Colombo,\u201d los agentes de la DINA plantaron historias falsas en boletines y peri\u00f3dicos oscuros en Brasil y Argentina, afirmando que los izquierdistas chilenos se estaban matando entre ellos en una guerra pol\u00edtica intestina. En Buenos Aires, los agentes depositaron una cabeza muerta y las manos cortadas con documentos de identificaci\u00f3n de uno de los chilenos desaparecidos y una nota que dec\u00eda: \u00abDerribado por el MIR, una de las organizaciones chilenas militantes\u00bb. Los falsos art\u00edculos fueron usados por los aliados de la DINA en los medios chilenos para escribir historias falsas con titulares como \u00abExterminado como Ratas\u00bb para avanzar encubriendo el verdadero destino de los desaparecidos. Reporteros de investigaci\u00f3n, dirigidos por el periodista estadounidense John Dinges, expusieron r\u00e1pidamente la Operaci\u00f3n Colombo; La Embajada de Estados Unidos. inform\u00f3 a Washington que las historias que aparec\u00edan en la prensa controlada por Pinochet en Chile eran \u00abprobablemente falsas\u00bb y que las v\u00edctimas desaparecidas hab\u00edan sido realmente asesinadas por las fuerzas de seguridad chilenas.<\/span><\/p>\n<p>&nbsp;<\/p>\n<p><span style=\"font-weight: 400;\"><strong>PROYECTO ANDREA<\/strong>: La DINA fue responsable de un programa ultrasecreto del ej\u00e9rcito chileno para desarrollar una capacidad de armas qu\u00edmicas para ser usada en caso de guerra con Per\u00fa o Argentina y como herramienta de misiones clandestinas de asesinato contra enemigos del r\u00e9gimen. Funcionarios de la DINA construyeron un laboratorio clandestino en la casa de seguridad de uno de sus principales agentes, Michael Townley, quien compr\u00f3 equipos y qu\u00edmicos en Estados Unidos. Adem\u00e1s de fabricar gas nervioso Sarin en el laboratorio en el s\u00f3tano de Townley, la DINA planeaba producir gases de guerra qu\u00edmica a\u00fan m\u00e1s peligrosos conocidos como \u00absoman\u00bb y \u00abtabun\u00bb utilizando agentes nerviosos extremadamente t\u00f3xicos como <\/span><i><span style=\"font-weight: 400;\">Clostridium botulinum<\/span><\/i><span style=\"font-weight: 400;\">, saxitoxina y tetrodoxina. De acuerdo con un historial manuscrito de sus actividades de la DINA, Townley inform\u00f3 que se utiliz\u00f3 gas nervioso para asesinar al menos a dos individuos en Santiago. Como asesino internacional l\u00edder de la DINA, Townley consider\u00f3 usar el gas sar\u00edn para asesinar a Orlando Letelier en Washington, D.C., enviando el gas nervioso mortal a Estados Unidos escondido en un dispensador de perfume Chanel No. 5.<\/span><\/p>\n<p>&nbsp;<\/p>\n<p><img loading=\"lazy\" decoding=\"async\" class=\"size-medium wp-image-15830 alignleft\" src=\"https:\/\/www.fraczinet.cl\/sitio\/wp-content\/uploads\/2024\/06\/dinatownleyhanspetersenid-232x300.png\" alt=\"\" width=\"232\" height=\"300\" srcset=\"https:\/\/www.fraczinet.cl\/sitio\/wp-content\/uploads\/2024\/06\/dinatownleyhanspetersenid-232x300.png 232w, https:\/\/www.fraczinet.cl\/sitio\/wp-content\/uploads\/2024\/06\/dinatownleyhanspetersenid.png 695w\" sizes=\"(max-width: 232px) 100vw, 232px\" \/><\/p>\n<p><span style=\"font-weight: 400;\">Falsos documentos de viaje con el alias de \u00abHans Petersen\u00bb utilizado por el sicario de DINA Michael Townley para la misi\u00f3n de matar a Orlando Letelier en Washington D.C.<\/span><\/p>\n<p>&nbsp;<\/p>\n<p><span style=\"font-weight: 400;\"><strong>OPERACI\u00d3N C\u00d3NDOR<\/strong>: La DINA fue el organizador y miembro principal de la Operaci\u00f3n C\u00f3ndor, la colaboraci\u00f3n multilateral entre los servicios de polic\u00eda secretos del Cono Sur para rastrear, apoderarse y eliminar a los opositores de sus reg\u00edmenes en todo el mundo. En octubre de 1975, el director de la DINA, Manuel Contreras, envi\u00f3 invitaciones a sus hom\u00f3logos de la polic\u00eda secreta en Argentina, Bolivia, Brasil, Uruguay y Paraguay, invit\u00e1ndolos a la primera reuni\u00f3n de trabajo sobre Inteligencia Nacional programada en Santiago entre el 25 de noviembre y el 1 de diciembre de 1975. Durante esa reuni\u00f3n, los delegados votaron para honrar a sus anfitriones nombrando a su nuevo consorcio para el ave nacional de Chile, el C\u00f3ndor. En la segunda reuni\u00f3n de la Operaci\u00f3n C\u00f3ndor, en Santiago en junio de 1976, los pa\u00edses miembros crearon un programa colaborativo de escuadrones de la muerte, con el nombre en c\u00f3digo \u201cTeseo,\u201d en honor al semidi\u00f3s griego vengador, Teseo, \u201cpara llevar a cabo ataques f\u00edsicos contra objetivos subversivos\u201d en el extranjero, seg\u00fan informes de la CIA. El Plan Teseo inclu\u00eda una secci\u00f3n escalofriante titulada \u201cEjecuci\u00f3n del Objetivo,\u201d que indicaba: \u201cEsta es la responsabilidad del equipo operativo que (A) interceptar\u00e1 el objetivo, (B) llevar\u00e1 a cabo la Operaci\u00f3n, y (C) escapar\u00e1.\u201d<\/span><\/p>\n<p>&nbsp;<\/p>\n<p><img loading=\"lazy\" decoding=\"async\" class=\"size-medium wp-image-15831 alignleft\" src=\"https:\/\/www.fraczinet.cl\/sitio\/wp-content\/uploads\/2024\/06\/mamo_conteras_-_carta_a_pastor_coronel_de_paraguay-207x300.jpg\" alt=\"\" width=\"207\" height=\"300\" srcset=\"https:\/\/www.fraczinet.cl\/sitio\/wp-content\/uploads\/2024\/06\/mamo_conteras_-_carta_a_pastor_coronel_de_paraguay-207x300.jpg 207w, https:\/\/www.fraczinet.cl\/sitio\/wp-content\/uploads\/2024\/06\/mamo_conteras_-_carta_a_pastor_coronel_de_paraguay.jpg 621w\" sizes=\"(max-width: 207px) 100vw, 207px\" \/><\/p>\n<p><span style=\"font-weight: 400;\">Carta de agradecimiento del director de la DINA Contreras al jefe de la polic\u00eda secreta paraguaya por colaborar en el secuestro y desaparici\u00f3n de un miembro chileno del Movimiento de Izquierda Revolucionaria (MIR).<\/span><\/p>\n<p>&nbsp;<\/p>\n<p><span style=\"font-weight: 400;\"><strong>TERRORISMO INTERNACIONAL<\/strong>: Durante d\u00e9cadas, se cre\u00eda que el asesinato del ex embajador chileno Orlando Letelier y su joven colega Ronni Karpen Moffitt, en Washington, D.C., con un coche bomba el 21 de septiembre de 1976, era la operaci\u00f3n m\u00e1s infame de C\u00f3ndor. De hecho, el ataque contra Letelier, ex embajador en Washington y ministro de Defensa en el gobierno de Salvador Allendes, fue una misi\u00f3n mayoritariamente unilateral de la DINA, aunque se bas\u00f3 en el apoyo paraguayo, bajo el acuerdo C\u00f3ndor, para proporcionar documentos de viaje falsos para el equipo de asesinato. Seg\u00fan Michael Townley, DINA-s lidera hitman, encontr\u00e1ndose a Letelier en casa y en el lugar de trabajo y p\u00f3ngase en contacto con el grupo cubano [de exiliados violentos que trabajan con DINA] para eliminarlo, o usar gas SARIN, o orquestar un accidente, o al final por cualquier m\u00e9todo, pero el gobierno de Chile quer\u00eda que Letelier morteciera muerto. El asesinato de Letelier fue el tercer acto de terrorismo internacional de alto perfil cometido por agentes de la DINA: en septiembre de 1975, el exvicepresidente del Partido Dem\u00f3crata Cristiano Bernardo Leighton y su esposa fueron asesinados a tiros en las calles de Roma; ambos sobrevivieron con heridas paralizantes. En septiembre de 1974, el general chileno retirado Carlos Prats y su esposa Sof\u00eda fueron asesinados por un coche bomba tambi\u00e9n colocado por Michael Townley-in Buenos Aires.<\/span><\/p>\n<p>&nbsp;<\/p>\n<p><span style=\"font-weight: 400;\">Como un acto de terrorismo internacional en la capital de los Estados Unidos, el asesinato de Letelier-Moffitt trajo una renovada presi\u00f3n internacional y cr\u00edticas dentro del ej\u00e9rcito chileno sobre el general Pinochet para frenar las operaciones de la DINA. Once meses despu\u00e9s del atentado con coche bomba, a medida que se centraba en el papel de la DINA, el r\u00e9gimen de Pinochet anunci\u00f3 que la DINA ser\u00eda disuelta. El Decreto 521 ser\u00eda rescindido y un nuevo decreto estableci\u00f3 el \u201cCentro Nacional de Informaci\u00f3n\u201d (CNI). Informes de inteligencia de EE. UU. y evaluaciones de la Embajada se\u00f1alaron que el cambio de nombre de la polic\u00eda secreta chilena fue en gran medida cosm\u00e9tico. Numerosos agentes de la DINA fueron simplemente transferidos al CNI, que, al igual que la DINA, solo informaba al general Pinochet. Las desapariciones disminuyeron, pero los agentes del CNI continuaron cometiendo atrocidades contra los derechos humanos entre 1977 y 1990, cuando Pinochet se vio obligado a ceder el poder al gobierno civil.<\/span><\/p>\n<p>&nbsp;<\/p>\n<p><span style=\"font-weight: 400;\">En enero de 1978, El Departamento de Justicia de Estados Unidos\u00a0 acus\u00f3 a Manuel Contreras y al Sub Director de la DINA Pedro Espinosa por sus funciones en el asesinato de Letelier-Moffitt y exigieron su extradici\u00f3n. Pinochet los protegi\u00f3 de la acusaci\u00f3n, chantajeado por Contreras, quien dej\u00f3 claro que ten\u00eda documentos ocultos que revelar\u00edan que el propio Pinochet orden\u00f3 la operaci\u00f3n terrorista. Despu\u00e9s del retorno a la democracia en Chile, fueron procesados y condenados, convirti\u00e9ndose en los primeros militares chilenos en rendir cuentas por delitos contra los derechos humanos, y se construy\u00f3 una prisi\u00f3n especial de lujo para alojarlos. Ambos fueron posteriormente condenados por otros delitos contra los derechos humanos. Contreras muri\u00f3 en prisi\u00f3n en 2015. Pinochet, quien fue acusado pero nunca condenado por cr\u00edmenes de derechos humanos, muri\u00f3 el 10 de diciembre de 2006. D\u00eda Internacional de los Derechos Humanos.<\/span><\/p>\n<p>&nbsp;<\/p>\n<p><span style=\"font-weight: 400;\">La estructura \u00fanica de la norma de la norma DINA y los m\u00e9todos de operaci\u00f3n de manera letalmente eficaces eran fundamentales para la alianza de las fuerzas civiles y militares de derecha que destruyeron la democracia chilena. La historia de la DINA cobra nueva relevancia a la luz de los movimientos pol\u00edticos autoritarios y antidemocr\u00e1ticos emergentes en el mundo, incluyendo en los Estados Unidos, observ\u00f3 John Dinges, autor de The Condor Years y el pr\u00f3ximo libro Chile en Our Hearts: The Untold Story of Two Americans who Wenteding After the Coup.<\/span><\/p>\n<p>&nbsp;<\/p>\n<p><span style=\"font-weight: 400;\">Peter Kornbluh, quien dirige el Proyecto de Documentaci\u00f3n de Chile de Archivos, dijo: \u00abCincuenta a\u00f1os despu\u00e9s, estos documentos nos recuerdan a una historia de represi\u00f3n y cr\u00edmenes de lesa humanidad que, ahora m\u00e1s que nunca, no debe ser olvidado\u00bb.<\/span><\/p>\n","protected":false},"excerpt":{"rendered":"<p>Cincuenta a\u00f1os despu\u00e9s de la creaci\u00f3n oficial, Registro de documentos desclasificados publica las Atrocidades cometidas por la Fuerza de Seguridad Secreta de Chile, DINA. &nbsp; Fuente: National Security Archive. 18 de junio de 2024. Libro de informaci\u00f3n 862. Editado por Peter Kornbluh y John Dinges.\u00a0 \u00a0 Washington, D.C., 18 de junio de 2024 &#8211; El [&hellip;]<\/p>\n","protected":false},"author":1,"featured_media":15831,"comment_status":"open","ping_status":"closed","sticky":false,"template":"","format":"standard","meta":{"footnotes":""},"categories":[154,10,131],"tags":[],"class_list":["post-15827","post","type-post","status-publish","format-standard","has-post-thumbnail","hentry","category-ddhh","category-historia","category-politica"],"yoast_head":"<!-- This site is optimized with the Yoast SEO plugin v25.0 - https:\/\/yoast.com\/wordpress\/plugins\/seo\/ -->\n<title>A Cincuenta A\u00f1os De La Creaci\u00f3n De La DINA, Documentos Desclasificados Publica Las Atrocidades Cometidas Por La DINA - Nuestro Bio B\u00edo<\/title>\n<meta name=\"robots\" content=\"index, follow, max-snippet:-1, max-image-preview:large, max-video-preview:-1\" \/>\n<link rel=\"canonical\" href=\"https:\/\/www.fraczinet.cl\/sitio\/2024\/06\/21\/a-cincuenta-anos-de-la-creacion-de-la-dina-documentos-desclasificados-publica-las-atrocidades-cometidas-por-la-dina\/\" \/>\n<meta property=\"og:locale\" content=\"es_ES\" \/>\n<meta property=\"og:type\" content=\"article\" \/>\n<meta property=\"og:title\" content=\"A Cincuenta A\u00f1os De La Creaci\u00f3n De La DINA, Documentos Desclasificados Publica Las Atrocidades Cometidas Por La DINA - Nuestro Bio B\u00edo\" \/>\n<meta property=\"og:description\" content=\"Cincuenta a\u00f1os despu\u00e9s de la creaci\u00f3n oficial, Registro de documentos desclasificados publica las Atrocidades cometidas por la Fuerza de Seguridad Secreta de Chile, DINA. &nbsp; Fuente: National Security Archive. 18 de junio de 2024. Libro de informaci\u00f3n 862. Editado por Peter Kornbluh y John Dinges.\u00a0 \u00a0 Washington, D.C., 18 de junio de 2024 &#8211; El [&hellip;]\" \/>\n<meta property=\"og:url\" content=\"https:\/\/www.fraczinet.cl\/sitio\/2024\/06\/21\/a-cincuenta-anos-de-la-creacion-de-la-dina-documentos-desclasificados-publica-las-atrocidades-cometidas-por-la-dina\/\" \/>\n<meta property=\"og:site_name\" content=\"Nuestro Bio B\u00edo\" \/>\n<meta property=\"article:published_time\" content=\"2024-06-21T15:00:08+00:00\" \/>\n<meta property=\"article:modified_time\" content=\"2024-06-23T21:51:02+00:00\" \/>\n<meta property=\"og:image\" content=\"https:\/\/www.fraczinet.cl\/sitio\/wp-content\/uploads\/2024\/06\/mamo_conteras_-_carta_a_pastor_coronel_de_paraguay.jpg\" \/>\n\t<meta property=\"og:image:width\" content=\"621\" \/>\n\t<meta property=\"og:image:height\" content=\"900\" \/>\n\t<meta property=\"og:image:type\" content=\"image\/jpeg\" \/>\n<meta name=\"author\" content=\"admin\" \/>\n<meta name=\"twitter:card\" content=\"summary_large_image\" \/>\n<meta name=\"twitter:creator\" content=\"@nuestrobiobio\" \/>\n<meta name=\"twitter:site\" content=\"@nuestrobiobio\" \/>\n<meta name=\"twitter:label1\" content=\"Escrito por\" \/>\n\t<meta name=\"twitter:data1\" content=\"admin\" \/>\n\t<meta name=\"twitter:label2\" content=\"Tiempo de lectura\" \/>\n\t<meta name=\"twitter:data2\" content=\"12 minutos\" \/>\n<script type=\"application\/ld+json\" class=\"yoast-schema-graph\">{\"@context\":\"https:\/\/schema.org\",\"@graph\":[{\"@type\":\"Article\",\"@id\":\"https:\/\/www.fraczinet.cl\/sitio\/2024\/06\/21\/a-cincuenta-anos-de-la-creacion-de-la-dina-documentos-desclasificados-publica-las-atrocidades-cometidas-por-la-dina\/#article\",\"isPartOf\":{\"@id\":\"https:\/\/www.fraczinet.cl\/sitio\/2024\/06\/21\/a-cincuenta-anos-de-la-creacion-de-la-dina-documentos-desclasificados-publica-las-atrocidades-cometidas-por-la-dina\/\"},\"author\":{\"name\":\"admin\",\"@id\":\"https:\/\/www.fraczinet.cl\/sitio\/#\/schema\/person\/bc30f98e9cb10ae7e119dbe14bc93784\"},\"headline\":\"A Cincuenta A\u00f1os De La Creaci\u00f3n De La DINA, Documentos Desclasificados Publica Las Atrocidades Cometidas Por La DINA\",\"datePublished\":\"2024-06-21T15:00:08+00:00\",\"dateModified\":\"2024-06-23T21:51:02+00:00\",\"mainEntityOfPage\":{\"@id\":\"https:\/\/www.fraczinet.cl\/sitio\/2024\/06\/21\/a-cincuenta-anos-de-la-creacion-de-la-dina-documentos-desclasificados-publica-las-atrocidades-cometidas-por-la-dina\/\"},\"wordCount\":2379,\"commentCount\":0,\"publisher\":{\"@id\":\"https:\/\/www.fraczinet.cl\/sitio\/#\/schema\/person\/aec8ee4da68df2b9b0eefdad24a0d582\"},\"image\":{\"@id\":\"https:\/\/www.fraczinet.cl\/sitio\/2024\/06\/21\/a-cincuenta-anos-de-la-creacion-de-la-dina-documentos-desclasificados-publica-las-atrocidades-cometidas-por-la-dina\/#primaryimage\"},\"thumbnailUrl\":\"https:\/\/www.fraczinet.cl\/sitio\/wp-content\/uploads\/2024\/06\/mamo_conteras_-_carta_a_pastor_coronel_de_paraguay.jpg\",\"articleSection\":[\"DDHH\",\"Historia\",\"Pol\u00edtica\"],\"inLanguage\":\"es\",\"potentialAction\":[{\"@type\":\"CommentAction\",\"name\":\"Comment\",\"target\":[\"https:\/\/www.fraczinet.cl\/sitio\/2024\/06\/21\/a-cincuenta-anos-de-la-creacion-de-la-dina-documentos-desclasificados-publica-las-atrocidades-cometidas-por-la-dina\/#respond\"]}]},{\"@type\":\"WebPage\",\"@id\":\"https:\/\/www.fraczinet.cl\/sitio\/2024\/06\/21\/a-cincuenta-anos-de-la-creacion-de-la-dina-documentos-desclasificados-publica-las-atrocidades-cometidas-por-la-dina\/\",\"url\":\"https:\/\/www.fraczinet.cl\/sitio\/2024\/06\/21\/a-cincuenta-anos-de-la-creacion-de-la-dina-documentos-desclasificados-publica-las-atrocidades-cometidas-por-la-dina\/\",\"name\":\"A Cincuenta A\u00f1os De La Creaci\u00f3n De La DINA, Documentos Desclasificados Publica Las Atrocidades Cometidas Por La DINA - Nuestro Bio B\u00edo\",\"isPartOf\":{\"@id\":\"https:\/\/www.fraczinet.cl\/sitio\/#website\"},\"primaryImageOfPage\":{\"@id\":\"https:\/\/www.fraczinet.cl\/sitio\/2024\/06\/21\/a-cincuenta-anos-de-la-creacion-de-la-dina-documentos-desclasificados-publica-las-atrocidades-cometidas-por-la-dina\/#primaryimage\"},\"image\":{\"@id\":\"https:\/\/www.fraczinet.cl\/sitio\/2024\/06\/21\/a-cincuenta-anos-de-la-creacion-de-la-dina-documentos-desclasificados-publica-las-atrocidades-cometidas-por-la-dina\/#primaryimage\"},\"thumbnailUrl\":\"https:\/\/www.fraczinet.cl\/sitio\/wp-content\/uploads\/2024\/06\/mamo_conteras_-_carta_a_pastor_coronel_de_paraguay.jpg\",\"datePublished\":\"2024-06-21T15:00:08+00:00\",\"dateModified\":\"2024-06-23T21:51:02+00:00\",\"breadcrumb\":{\"@id\":\"https:\/\/www.fraczinet.cl\/sitio\/2024\/06\/21\/a-cincuenta-anos-de-la-creacion-de-la-dina-documentos-desclasificados-publica-las-atrocidades-cometidas-por-la-dina\/#breadcrumb\"},\"inLanguage\":\"es\",\"potentialAction\":[{\"@type\":\"ReadAction\",\"target\":[\"https:\/\/www.fraczinet.cl\/sitio\/2024\/06\/21\/a-cincuenta-anos-de-la-creacion-de-la-dina-documentos-desclasificados-publica-las-atrocidades-cometidas-por-la-dina\/\"]}]},{\"@type\":\"ImageObject\",\"inLanguage\":\"es\",\"@id\":\"https:\/\/www.fraczinet.cl\/sitio\/2024\/06\/21\/a-cincuenta-anos-de-la-creacion-de-la-dina-documentos-desclasificados-publica-las-atrocidades-cometidas-por-la-dina\/#primaryimage\",\"url\":\"https:\/\/www.fraczinet.cl\/sitio\/wp-content\/uploads\/2024\/06\/mamo_conteras_-_carta_a_pastor_coronel_de_paraguay.jpg\",\"contentUrl\":\"https:\/\/www.fraczinet.cl\/sitio\/wp-content\/uploads\/2024\/06\/mamo_conteras_-_carta_a_pastor_coronel_de_paraguay.jpg\",\"width\":621,\"height\":900},{\"@type\":\"BreadcrumbList\",\"@id\":\"https:\/\/www.fraczinet.cl\/sitio\/2024\/06\/21\/a-cincuenta-anos-de-la-creacion-de-la-dina-documentos-desclasificados-publica-las-atrocidades-cometidas-por-la-dina\/#breadcrumb\",\"itemListElement\":[{\"@type\":\"ListItem\",\"position\":1,\"name\":\"Portada\",\"item\":\"https:\/\/www.fraczinet.cl\/sitio\/\"},{\"@type\":\"ListItem\",\"position\":2,\"name\":\"A Cincuenta A\u00f1os De La Creaci\u00f3n De La DINA, Documentos Desclasificados Publica Las Atrocidades Cometidas Por La DINA\"}]},{\"@type\":\"WebSite\",\"@id\":\"https:\/\/www.fraczinet.cl\/sitio\/#website\",\"url\":\"https:\/\/www.fraczinet.cl\/sitio\/\",\"name\":\"Nuestro Bio B\u00edo\",\"description\":\"Tierra de Encuentros\",\"publisher\":{\"@id\":\"https:\/\/www.fraczinet.cl\/sitio\/#\/schema\/person\/aec8ee4da68df2b9b0eefdad24a0d582\"},\"potentialAction\":[{\"@type\":\"SearchAction\",\"target\":{\"@type\":\"EntryPoint\",\"urlTemplate\":\"https:\/\/www.fraczinet.cl\/sitio\/?s={search_term_string}\"},\"query-input\":{\"@type\":\"PropertyValueSpecification\",\"valueRequired\":true,\"valueName\":\"search_term_string\"}}],\"inLanguage\":\"es\"},{\"@type\":[\"Person\",\"Organization\"],\"@id\":\"https:\/\/www.fraczinet.cl\/sitio\/#\/schema\/person\/aec8ee4da68df2b9b0eefdad24a0d582\",\"name\":\"Luis Fernando Fraczinet\",\"image\":{\"@type\":\"ImageObject\",\"inLanguage\":\"es\",\"@id\":\"https:\/\/www.fraczinet.cl\/sitio\/#\/schema\/person\/image\/\",\"url\":\"https:\/\/www.fraczinet.cl\/sitio\/wp-content\/uploads\/2021\/07\/bannerlogo-1.gif\",\"contentUrl\":\"https:\/\/www.fraczinet.cl\/sitio\/wp-content\/uploads\/2021\/07\/bannerlogo-1.gif\",\"width\":159,\"height\":79,\"caption\":\"Luis Fernando Fraczinet\"},\"logo\":{\"@id\":\"https:\/\/www.fraczinet.cl\/sitio\/#\/schema\/person\/image\/\"},\"sameAs\":[\"https:\/\/www.fraczinet.cl\/sitio\/\"]},{\"@type\":\"Person\",\"@id\":\"https:\/\/www.fraczinet.cl\/sitio\/#\/schema\/person\/bc30f98e9cb10ae7e119dbe14bc93784\",\"name\":\"admin\",\"image\":{\"@type\":\"ImageObject\",\"inLanguage\":\"es\",\"@id\":\"https:\/\/www.fraczinet.cl\/sitio\/#\/schema\/person\/image\/\",\"url\":\"https:\/\/secure.gravatar.com\/avatar\/d5ad3cf7ef3b23a2bb5be73be780c86b2fc8545c3ad6b149f3913ff458c00099?s=96&d=mm&r=g\",\"contentUrl\":\"https:\/\/secure.gravatar.com\/avatar\/d5ad3cf7ef3b23a2bb5be73be780c86b2fc8545c3ad6b149f3913ff458c00099?s=96&d=mm&r=g\",\"caption\":\"admin\"},\"sameAs\":[\"https:\/\/www.fraczinet.cl\/sitio\"]}]}<\/script>\n<!-- \/ Yoast SEO plugin. -->","yoast_head_json":{"title":"A Cincuenta A\u00f1os De La Creaci\u00f3n De La DINA, Documentos Desclasificados Publica Las Atrocidades Cometidas Por La DINA - Nuestro Bio B\u00edo","robots":{"index":"index","follow":"follow","max-snippet":"max-snippet:-1","max-image-preview":"max-image-preview:large","max-video-preview":"max-video-preview:-1"},"canonical":"https:\/\/www.fraczinet.cl\/sitio\/2024\/06\/21\/a-cincuenta-anos-de-la-creacion-de-la-dina-documentos-desclasificados-publica-las-atrocidades-cometidas-por-la-dina\/","og_locale":"es_ES","og_type":"article","og_title":"A Cincuenta A\u00f1os De La Creaci\u00f3n De La DINA, Documentos Desclasificados Publica Las Atrocidades Cometidas Por La DINA - Nuestro Bio B\u00edo","og_description":"Cincuenta a\u00f1os despu\u00e9s de la creaci\u00f3n oficial, Registro de documentos desclasificados publica las Atrocidades cometidas por la Fuerza de Seguridad Secreta de Chile, DINA. &nbsp; Fuente: National Security Archive. 18 de junio de 2024. Libro de informaci\u00f3n 862. Editado por Peter Kornbluh y John Dinges.\u00a0 \u00a0 Washington, D.C., 18 de junio de 2024 &#8211; El [&hellip;]","og_url":"https:\/\/www.fraczinet.cl\/sitio\/2024\/06\/21\/a-cincuenta-anos-de-la-creacion-de-la-dina-documentos-desclasificados-publica-las-atrocidades-cometidas-por-la-dina\/","og_site_name":"Nuestro Bio B\u00edo","article_published_time":"2024-06-21T15:00:08+00:00","article_modified_time":"2024-06-23T21:51:02+00:00","og_image":[{"width":621,"height":900,"url":"https:\/\/www.fraczinet.cl\/sitio\/wp-content\/uploads\/2024\/06\/mamo_conteras_-_carta_a_pastor_coronel_de_paraguay.jpg","type":"image\/jpeg"}],"author":"admin","twitter_card":"summary_large_image","twitter_creator":"@nuestrobiobio","twitter_site":"@nuestrobiobio","twitter_misc":{"Escrito por":"admin","Tiempo de lectura":"12 minutos"},"schema":{"@context":"https:\/\/schema.org","@graph":[{"@type":"Article","@id":"https:\/\/www.fraczinet.cl\/sitio\/2024\/06\/21\/a-cincuenta-anos-de-la-creacion-de-la-dina-documentos-desclasificados-publica-las-atrocidades-cometidas-por-la-dina\/#article","isPartOf":{"@id":"https:\/\/www.fraczinet.cl\/sitio\/2024\/06\/21\/a-cincuenta-anos-de-la-creacion-de-la-dina-documentos-desclasificados-publica-las-atrocidades-cometidas-por-la-dina\/"},"author":{"name":"admin","@id":"https:\/\/www.fraczinet.cl\/sitio\/#\/schema\/person\/bc30f98e9cb10ae7e119dbe14bc93784"},"headline":"A Cincuenta A\u00f1os De La Creaci\u00f3n De La DINA, Documentos Desclasificados Publica Las Atrocidades Cometidas Por La DINA","datePublished":"2024-06-21T15:00:08+00:00","dateModified":"2024-06-23T21:51:02+00:00","mainEntityOfPage":{"@id":"https:\/\/www.fraczinet.cl\/sitio\/2024\/06\/21\/a-cincuenta-anos-de-la-creacion-de-la-dina-documentos-desclasificados-publica-las-atrocidades-cometidas-por-la-dina\/"},"wordCount":2379,"commentCount":0,"publisher":{"@id":"https:\/\/www.fraczinet.cl\/sitio\/#\/schema\/person\/aec8ee4da68df2b9b0eefdad24a0d582"},"image":{"@id":"https:\/\/www.fraczinet.cl\/sitio\/2024\/06\/21\/a-cincuenta-anos-de-la-creacion-de-la-dina-documentos-desclasificados-publica-las-atrocidades-cometidas-por-la-dina\/#primaryimage"},"thumbnailUrl":"https:\/\/www.fraczinet.cl\/sitio\/wp-content\/uploads\/2024\/06\/mamo_conteras_-_carta_a_pastor_coronel_de_paraguay.jpg","articleSection":["DDHH","Historia","Pol\u00edtica"],"inLanguage":"es","potentialAction":[{"@type":"CommentAction","name":"Comment","target":["https:\/\/www.fraczinet.cl\/sitio\/2024\/06\/21\/a-cincuenta-anos-de-la-creacion-de-la-dina-documentos-desclasificados-publica-las-atrocidades-cometidas-por-la-dina\/#respond"]}]},{"@type":"WebPage","@id":"https:\/\/www.fraczinet.cl\/sitio\/2024\/06\/21\/a-cincuenta-anos-de-la-creacion-de-la-dina-documentos-desclasificados-publica-las-atrocidades-cometidas-por-la-dina\/","url":"https:\/\/www.fraczinet.cl\/sitio\/2024\/06\/21\/a-cincuenta-anos-de-la-creacion-de-la-dina-documentos-desclasificados-publica-las-atrocidades-cometidas-por-la-dina\/","name":"A Cincuenta A\u00f1os De La Creaci\u00f3n De La DINA, Documentos Desclasificados Publica Las Atrocidades Cometidas Por La DINA - Nuestro Bio B\u00edo","isPartOf":{"@id":"https:\/\/www.fraczinet.cl\/sitio\/#website"},"primaryImageOfPage":{"@id":"https:\/\/www.fraczinet.cl\/sitio\/2024\/06\/21\/a-cincuenta-anos-de-la-creacion-de-la-dina-documentos-desclasificados-publica-las-atrocidades-cometidas-por-la-dina\/#primaryimage"},"image":{"@id":"https:\/\/www.fraczinet.cl\/sitio\/2024\/06\/21\/a-cincuenta-anos-de-la-creacion-de-la-dina-documentos-desclasificados-publica-las-atrocidades-cometidas-por-la-dina\/#primaryimage"},"thumbnailUrl":"https:\/\/www.fraczinet.cl\/sitio\/wp-content\/uploads\/2024\/06\/mamo_conteras_-_carta_a_pastor_coronel_de_paraguay.jpg","datePublished":"2024-06-21T15:00:08+00:00","dateModified":"2024-06-23T21:51:02+00:00","breadcrumb":{"@id":"https:\/\/www.fraczinet.cl\/sitio\/2024\/06\/21\/a-cincuenta-anos-de-la-creacion-de-la-dina-documentos-desclasificados-publica-las-atrocidades-cometidas-por-la-dina\/#breadcrumb"},"inLanguage":"es","potentialAction":[{"@type":"ReadAction","target":["https:\/\/www.fraczinet.cl\/sitio\/2024\/06\/21\/a-cincuenta-anos-de-la-creacion-de-la-dina-documentos-desclasificados-publica-las-atrocidades-cometidas-por-la-dina\/"]}]},{"@type":"ImageObject","inLanguage":"es","@id":"https:\/\/www.fraczinet.cl\/sitio\/2024\/06\/21\/a-cincuenta-anos-de-la-creacion-de-la-dina-documentos-desclasificados-publica-las-atrocidades-cometidas-por-la-dina\/#primaryimage","url":"https:\/\/www.fraczinet.cl\/sitio\/wp-content\/uploads\/2024\/06\/mamo_conteras_-_carta_a_pastor_coronel_de_paraguay.jpg","contentUrl":"https:\/\/www.fraczinet.cl\/sitio\/wp-content\/uploads\/2024\/06\/mamo_conteras_-_carta_a_pastor_coronel_de_paraguay.jpg","width":621,"height":900},{"@type":"BreadcrumbList","@id":"https:\/\/www.fraczinet.cl\/sitio\/2024\/06\/21\/a-cincuenta-anos-de-la-creacion-de-la-dina-documentos-desclasificados-publica-las-atrocidades-cometidas-por-la-dina\/#breadcrumb","itemListElement":[{"@type":"ListItem","position":1,"name":"Portada","item":"https:\/\/www.fraczinet.cl\/sitio\/"},{"@type":"ListItem","position":2,"name":"A Cincuenta A\u00f1os De La Creaci\u00f3n De La DINA, Documentos Desclasificados Publica Las Atrocidades Cometidas Por La DINA"}]},{"@type":"WebSite","@id":"https:\/\/www.fraczinet.cl\/sitio\/#website","url":"https:\/\/www.fraczinet.cl\/sitio\/","name":"Nuestro Bio B\u00edo","description":"Tierra de Encuentros","publisher":{"@id":"https:\/\/www.fraczinet.cl\/sitio\/#\/schema\/person\/aec8ee4da68df2b9b0eefdad24a0d582"},"potentialAction":[{"@type":"SearchAction","target":{"@type":"EntryPoint","urlTemplate":"https:\/\/www.fraczinet.cl\/sitio\/?s={search_term_string}"},"query-input":{"@type":"PropertyValueSpecification","valueRequired":true,"valueName":"search_term_string"}}],"inLanguage":"es"},{"@type":["Person","Organization"],"@id":"https:\/\/www.fraczinet.cl\/sitio\/#\/schema\/person\/aec8ee4da68df2b9b0eefdad24a0d582","name":"Luis Fernando Fraczinet","image":{"@type":"ImageObject","inLanguage":"es","@id":"https:\/\/www.fraczinet.cl\/sitio\/#\/schema\/person\/image\/","url":"https:\/\/www.fraczinet.cl\/sitio\/wp-content\/uploads\/2021\/07\/bannerlogo-1.gif","contentUrl":"https:\/\/www.fraczinet.cl\/sitio\/wp-content\/uploads\/2021\/07\/bannerlogo-1.gif","width":159,"height":79,"caption":"Luis Fernando Fraczinet"},"logo":{"@id":"https:\/\/www.fraczinet.cl\/sitio\/#\/schema\/person\/image\/"},"sameAs":["https:\/\/www.fraczinet.cl\/sitio\/"]},{"@type":"Person","@id":"https:\/\/www.fraczinet.cl\/sitio\/#\/schema\/person\/bc30f98e9cb10ae7e119dbe14bc93784","name":"admin","image":{"@type":"ImageObject","inLanguage":"es","@id":"https:\/\/www.fraczinet.cl\/sitio\/#\/schema\/person\/image\/","url":"https:\/\/secure.gravatar.com\/avatar\/d5ad3cf7ef3b23a2bb5be73be780c86b2fc8545c3ad6b149f3913ff458c00099?s=96&d=mm&r=g","contentUrl":"https:\/\/secure.gravatar.com\/avatar\/d5ad3cf7ef3b23a2bb5be73be780c86b2fc8545c3ad6b149f3913ff458c00099?s=96&d=mm&r=g","caption":"admin"},"sameAs":["https:\/\/www.fraczinet.cl\/sitio"]}]}},"_links":{"self":[{"href":"https:\/\/www.fraczinet.cl\/sitio\/wp-json\/wp\/v2\/posts\/15827","targetHints":{"allow":["GET"]}}],"collection":[{"href":"https:\/\/www.fraczinet.cl\/sitio\/wp-json\/wp\/v2\/posts"}],"about":[{"href":"https:\/\/www.fraczinet.cl\/sitio\/wp-json\/wp\/v2\/types\/post"}],"author":[{"embeddable":true,"href":"https:\/\/www.fraczinet.cl\/sitio\/wp-json\/wp\/v2\/users\/1"}],"replies":[{"embeddable":true,"href":"https:\/\/www.fraczinet.cl\/sitio\/wp-json\/wp\/v2\/comments?post=15827"}],"version-history":[{"count":5,"href":"https:\/\/www.fraczinet.cl\/sitio\/wp-json\/wp\/v2\/posts\/15827\/revisions"}],"predecessor-version":[{"id":15862,"href":"https:\/\/www.fraczinet.cl\/sitio\/wp-json\/wp\/v2\/posts\/15827\/revisions\/15862"}],"wp:featuredmedia":[{"embeddable":true,"href":"https:\/\/www.fraczinet.cl\/sitio\/wp-json\/wp\/v2\/media\/15831"}],"wp:attachment":[{"href":"https:\/\/www.fraczinet.cl\/sitio\/wp-json\/wp\/v2\/media?parent=15827"}],"wp:term":[{"taxonomy":"category","embeddable":true,"href":"https:\/\/www.fraczinet.cl\/sitio\/wp-json\/wp\/v2\/categories?post=15827"},{"taxonomy":"post_tag","embeddable":true,"href":"https:\/\/www.fraczinet.cl\/sitio\/wp-json\/wp\/v2\/tags?post=15827"}],"curies":[{"name":"wp","href":"https:\/\/api.w.org\/{rel}","templated":true}]}}