{"id":15845,"date":"2024-06-22T18:58:45","date_gmt":"2024-06-22T18:58:45","guid":{"rendered":"https:\/\/www.fraczinet.cl\/sitio\/?p=15845"},"modified":"2024-06-22T22:35:06","modified_gmt":"2024-06-22T22:35:06","slug":"mahatma-gandhi-es-asesinado","status":"publish","type":"post","link":"https:\/\/www.fraczinet.cl\/sitio\/2024\/06\/22\/mahatma-gandhi-es-asesinado\/","title":{"rendered":"El Asesinato De Mahatma Gandhi"},"content":{"rendered":"<figure id=\"attachment_15846\" aria-describedby=\"caption-attachment-15846\" style=\"width: 300px\" class=\"wp-caption alignleft\"><img fetchpriority=\"high\" decoding=\"async\" class=\"size-medium wp-image-15846\" src=\"https:\/\/www.fraczinet.cl\/sitio\/wp-content\/uploads\/2024\/06\/Mahatma-Gandhi--300x259.jpeg\" alt=\"\" width=\"300\" height=\"259\" srcset=\"https:\/\/www.fraczinet.cl\/sitio\/wp-content\/uploads\/2024\/06\/Mahatma-Gandhi--300x259.jpeg 300w, https:\/\/www.fraczinet.cl\/sitio\/wp-content\/uploads\/2024\/06\/Mahatma-Gandhi-.jpeg 420w\" sizes=\"(max-width: 300px) 100vw, 300px\" \/><figcaption id=\"caption-attachment-15846\" class=\"wp-caption-text\">Mahatma Gandhi<\/figcaption><\/figure>\n<p><span style=\"font-weight: 400;\">El 30 de enero de 1948, fue asesinado Mahatma Gandhi, uno de los personajes m\u00e1s relevantes del movimiento independentista hind\u00fa frente al r\u00e9gimen colonialista del Imperio Brit\u00e1nico.<\/span><\/p>\n<p>&nbsp;<\/p>\n<p><span style=\"font-weight: 400;\">El asesinato de Gandhi ocurri\u00f3 mientras el l\u00edder pacifista sal\u00eda de una reuni\u00f3n de oraci\u00f3n en Nueva Delhi, ocasi\u00f3n en que Nathuram Vinayak Godse, un radical hind\u00fa vinculado con grupos ultra derechistas de la India, le dispar\u00f3 a quemarropa.<\/span><\/p>\n<p>&nbsp;<\/p>\n<p><span style=\"font-weight: 400;\">El asesino era miembro de Hindu Mahasabha, un partido extremista que hab\u00eda acusado a Gandhi de traici\u00f3n a los hind\u00faes por demostrarse a favor de los musulmanes y condescendiente con Pakist\u00e1n.<\/span><\/p>\n<p>&nbsp;<\/p>\n<p><i><span style=\"font-weight: 400;\">Un a\u00f1o despu\u00e9s, tras ser condenado a muerte, Godse fue ejecutado.<\/span><\/i><\/p>\n<p>&nbsp;<\/p>\n","protected":false},"excerpt":{"rendered":"<p>El 30 de enero de 1948, fue asesinado Mahatma Gandhi, uno de los personajes m\u00e1s relevantes del movimiento independentista hind\u00fa frente al r\u00e9gimen colonialista del Imperio Brit\u00e1nico.<\/p>\n","protected":false},"author":1,"featured_media":15846,"comment_status":"open","ping_status":"closed","sticky":false,"template":"","format":"standard","meta":{"footnotes":""},"categories":[154,10,129,131],"tags":[],"class_list":["post-15845","post","type-post","status-publish","format-standard","has-post-thumbnail","hentry","category-ddhh","category-historia","category-no-violencia","category-politica"],"yoast_head":"<!-- This site is optimized with the Yoast SEO plugin v25.0 - https:\/\/yoast.com\/wordpress\/plugins\/seo\/ -->\n<title>El Asesinato De Mahatma Gandhi - Nuestro Bio B\u00edo<\/title>\n<meta name=\"description\" content=\"El 30 de enero de 1948, fue asesinado Mahatma Gandhi, uno de los personajes m\u00e1s relevantes del movimiento independentista hind\u00fa frente al r\u00e9gimen colonialista del Imperio Brit\u00e1nico.\" \/>\n<meta name=\"robots\" content=\"index, follow, max-snippet:-1, max-image-preview:large, max-video-preview:-1\" \/>\n<link rel=\"canonical\" href=\"https:\/\/www.fraczinet.cl\/sitio\/2024\/06\/22\/mahatma-gandhi-es-asesinado\/\" \/>\n<meta property=\"og:locale\" content=\"es_ES\" \/>\n<meta property=\"og:type\" content=\"article\" \/>\n<meta property=\"og:title\" content=\"El Asesinato De Mahatma Gandhi - Nuestro Bio B\u00edo\" \/>\n<meta property=\"og:description\" content=\"El 30 de enero de 1948, fue asesinado Mahatma Gandhi, uno de los personajes m\u00e1s relevantes del movimiento independentista hind\u00fa frente al r\u00e9gimen colonialista del Imperio Brit\u00e1nico.\" \/>\n<meta property=\"og:url\" content=\"https:\/\/www.fraczinet.cl\/sitio\/2024\/06\/22\/mahatma-gandhi-es-asesinado\/\" \/>\n<meta property=\"og:site_name\" content=\"Nuestro Bio B\u00edo\" \/>\n<meta property=\"article:published_time\" content=\"2024-06-22T18:58:45+00:00\" \/>\n<meta property=\"article:modified_time\" content=\"2024-06-22T22:35:06+00:00\" \/>\n<meta property=\"og:image\" content=\"https:\/\/www.fraczinet.cl\/sitio\/wp-content\/uploads\/2024\/06\/Mahatma-Gandhi-.jpeg\" \/>\n\t<meta property=\"og:image:width\" content=\"420\" \/>\n\t<meta property=\"og:image:height\" content=\"362\" \/>\n\t<meta property=\"og:image:type\" content=\"image\/jpeg\" \/>\n<meta name=\"author\" content=\"admin\" \/>\n<meta name=\"twitter:card\" content=\"summary_large_image\" \/>\n<meta name=\"twitter:creator\" content=\"@nuestrobiobio\" \/>\n<meta name=\"twitter:site\" content=\"@nuestrobiobio\" \/>\n<meta name=\"twitter:label1\" content=\"Escrito por\" \/>\n\t<meta name=\"twitter:data1\" content=\"admin\" \/>\n\t<meta name=\"twitter:label2\" content=\"Tiempo de lectura\" \/>\n\t<meta name=\"twitter:data2\" content=\"1 minuto\" \/>\n<script type=\"application\/ld+json\" class=\"yoast-schema-graph\">{\"@context\":\"https:\/\/schema.org\",\"@graph\":[{\"@type\":\"Article\",\"@id\":\"https:\/\/www.fraczinet.cl\/sitio\/2024\/06\/22\/mahatma-gandhi-es-asesinado\/#article\",\"isPartOf\":{\"@id\":\"https:\/\/www.fraczinet.cl\/sitio\/2024\/06\/22\/mahatma-gandhi-es-asesinado\/\"},\"author\":{\"name\":\"admin\",\"@id\":\"https:\/\/www.fraczinet.cl\/sitio\/#\/schema\/person\/bc30f98e9cb10ae7e119dbe14bc93784\"},\"headline\":\"El Asesinato De Mahatma Gandhi\",\"datePublished\":\"2024-06-22T18:58:45+00:00\",\"dateModified\":\"2024-06-22T22:35:06+00:00\",\"mainEntityOfPage\":{\"@id\":\"https:\/\/www.fraczinet.cl\/sitio\/2024\/06\/22\/mahatma-gandhi-es-asesinado\/\"},\"wordCount\":138,\"commentCount\":0,\"publisher\":{\"@id\":\"https:\/\/www.fraczinet.cl\/sitio\/#\/schema\/person\/aec8ee4da68df2b9b0eefdad24a0d582\"},\"image\":{\"@id\":\"https:\/\/www.fraczinet.cl\/sitio\/2024\/06\/22\/mahatma-gandhi-es-asesinado\/#primaryimage\"},\"thumbnailUrl\":\"https:\/\/www.fraczinet.cl\/sitio\/wp-content\/uploads\/2024\/06\/Mahatma-Gandhi-.jpeg\",\"articleSection\":[\"DDHH\",\"Historia\",\"No-Violencia\",\"Pol\u00edtica\"],\"inLanguage\":\"es\",\"potentialAction\":[{\"@type\":\"CommentAction\",\"name\":\"Comment\",\"target\":[\"https:\/\/www.fraczinet.cl\/sitio\/2024\/06\/22\/mahatma-gandhi-es-asesinado\/#respond\"]}]},{\"@type\":\"WebPage\",\"@id\":\"https:\/\/www.fraczinet.cl\/sitio\/2024\/06\/22\/mahatma-gandhi-es-asesinado\/\",\"url\":\"https:\/\/www.fraczinet.cl\/sitio\/2024\/06\/22\/mahatma-gandhi-es-asesinado\/\",\"name\":\"El Asesinato De Mahatma Gandhi - Nuestro Bio B\u00edo\",\"isPartOf\":{\"@id\":\"https:\/\/www.fraczinet.cl\/sitio\/#website\"},\"primaryImageOfPage\":{\"@id\":\"https:\/\/www.fraczinet.cl\/sitio\/2024\/06\/22\/mahatma-gandhi-es-asesinado\/#primaryimage\"},\"image\":{\"@id\":\"https:\/\/www.fraczinet.cl\/sitio\/2024\/06\/22\/mahatma-gandhi-es-asesinado\/#primaryimage\"},\"thumbnailUrl\":\"https:\/\/www.fraczinet.cl\/sitio\/wp-content\/uploads\/2024\/06\/Mahatma-Gandhi-.jpeg\",\"datePublished\":\"2024-06-22T18:58:45+00:00\",\"dateModified\":\"2024-06-22T22:35:06+00:00\",\"description\":\"El 30 de enero de 1948, fue asesinado Mahatma Gandhi, uno de los personajes m\u00e1s relevantes del movimiento independentista hind\u00fa frente al r\u00e9gimen colonialista del Imperio Brit\u00e1nico.\",\"breadcrumb\":{\"@id\":\"https:\/\/www.fraczinet.cl\/sitio\/2024\/06\/22\/mahatma-gandhi-es-asesinado\/#breadcrumb\"},\"inLanguage\":\"es\",\"potentialAction\":[{\"@type\":\"ReadAction\",\"target\":[\"https:\/\/www.fraczinet.cl\/sitio\/2024\/06\/22\/mahatma-gandhi-es-asesinado\/\"]}]},{\"@type\":\"ImageObject\",\"inLanguage\":\"es\",\"@id\":\"https:\/\/www.fraczinet.cl\/sitio\/2024\/06\/22\/mahatma-gandhi-es-asesinado\/#primaryimage\",\"url\":\"https:\/\/www.fraczinet.cl\/sitio\/wp-content\/uploads\/2024\/06\/Mahatma-Gandhi-.jpeg\",\"contentUrl\":\"https:\/\/www.fraczinet.cl\/sitio\/wp-content\/uploads\/2024\/06\/Mahatma-Gandhi-.jpeg\",\"width\":420,\"height\":362,\"caption\":\"Mahatma Gandhi\"},{\"@type\":\"BreadcrumbList\",\"@id\":\"https:\/\/www.fraczinet.cl\/sitio\/2024\/06\/22\/mahatma-gandhi-es-asesinado\/#breadcrumb\",\"itemListElement\":[{\"@type\":\"ListItem\",\"position\":1,\"name\":\"Portada\",\"item\":\"https:\/\/www.fraczinet.cl\/sitio\/\"},{\"@type\":\"ListItem\",\"position\":2,\"name\":\"El Asesinato De Mahatma Gandhi\"}]},{\"@type\":\"WebSite\",\"@id\":\"https:\/\/www.fraczinet.cl\/sitio\/#website\",\"url\":\"https:\/\/www.fraczinet.cl\/sitio\/\",\"name\":\"Nuestro Bio B\u00edo\",\"description\":\"Tierra de Encuentros\",\"publisher\":{\"@id\":\"https:\/\/www.fraczinet.cl\/sitio\/#\/schema\/person\/aec8ee4da68df2b9b0eefdad24a0d582\"},\"potentialAction\":[{\"@type\":\"SearchAction\",\"target\":{\"@type\":\"EntryPoint\",\"urlTemplate\":\"https:\/\/www.fraczinet.cl\/sitio\/?s={search_term_string}\"},\"query-input\":{\"@type\":\"PropertyValueSpecification\",\"valueRequired\":true,\"valueName\":\"search_term_string\"}}],\"inLanguage\":\"es\"},{\"@type\":[\"Person\",\"Organization\"],\"@id\":\"https:\/\/www.fraczinet.cl\/sitio\/#\/schema\/person\/aec8ee4da68df2b9b0eefdad24a0d582\",\"name\":\"Luis Fernando Fraczinet\",\"image\":{\"@type\":\"ImageObject\",\"inLanguage\":\"es\",\"@id\":\"https:\/\/www.fraczinet.cl\/sitio\/#\/schema\/person\/image\/\",\"url\":\"https:\/\/www.fraczinet.cl\/sitio\/wp-content\/uploads\/2021\/07\/bannerlogo-1.gif\",\"contentUrl\":\"https:\/\/www.fraczinet.cl\/sitio\/wp-content\/uploads\/2021\/07\/bannerlogo-1.gif\",\"width\":159,\"height\":79,\"caption\":\"Luis Fernando Fraczinet\"},\"logo\":{\"@id\":\"https:\/\/www.fraczinet.cl\/sitio\/#\/schema\/person\/image\/\"},\"sameAs\":[\"https:\/\/www.fraczinet.cl\/sitio\/\"]},{\"@type\":\"Person\",\"@id\":\"https:\/\/www.fraczinet.cl\/sitio\/#\/schema\/person\/bc30f98e9cb10ae7e119dbe14bc93784\",\"name\":\"admin\",\"image\":{\"@type\":\"ImageObject\",\"inLanguage\":\"es\",\"@id\":\"https:\/\/www.fraczinet.cl\/sitio\/#\/schema\/person\/image\/\",\"url\":\"https:\/\/secure.gravatar.com\/avatar\/d5ad3cf7ef3b23a2bb5be73be780c86b2fc8545c3ad6b149f3913ff458c00099?s=96&d=mm&r=g\",\"contentUrl\":\"https:\/\/secure.gravatar.com\/avatar\/d5ad3cf7ef3b23a2bb5be73be780c86b2fc8545c3ad6b149f3913ff458c00099?s=96&d=mm&r=g\",\"caption\":\"admin\"},\"sameAs\":[\"https:\/\/www.fraczinet.cl\/sitio\"]}]}<\/script>\n<!-- \/ Yoast SEO plugin. -->","yoast_head_json":{"title":"El Asesinato De Mahatma Gandhi - Nuestro Bio B\u00edo","description":"El 30 de enero de 1948, fue asesinado Mahatma Gandhi, uno de los personajes m\u00e1s relevantes del movimiento independentista hind\u00fa frente al r\u00e9gimen colonialista del Imperio Brit\u00e1nico.","robots":{"index":"index","follow":"follow","max-snippet":"max-snippet:-1","max-image-preview":"max-image-preview:large","max-video-preview":"max-video-preview:-1"},"canonical":"https:\/\/www.fraczinet.cl\/sitio\/2024\/06\/22\/mahatma-gandhi-es-asesinado\/","og_locale":"es_ES","og_type":"article","og_title":"El Asesinato De Mahatma Gandhi - Nuestro Bio B\u00edo","og_description":"El 30 de enero de 1948, fue asesinado Mahatma Gandhi, uno de los personajes m\u00e1s relevantes del movimiento independentista hind\u00fa frente al r\u00e9gimen colonialista del Imperio Brit\u00e1nico.","og_url":"https:\/\/www.fraczinet.cl\/sitio\/2024\/06\/22\/mahatma-gandhi-es-asesinado\/","og_site_name":"Nuestro Bio B\u00edo","article_published_time":"2024-06-22T18:58:45+00:00","article_modified_time":"2024-06-22T22:35:06+00:00","og_image":[{"width":420,"height":362,"url":"https:\/\/www.fraczinet.cl\/sitio\/wp-content\/uploads\/2024\/06\/Mahatma-Gandhi-.jpeg","type":"image\/jpeg"}],"author":"admin","twitter_card":"summary_large_image","twitter_creator":"@nuestrobiobio","twitter_site":"@nuestrobiobio","twitter_misc":{"Escrito por":"admin","Tiempo de lectura":"1 minuto"},"schema":{"@context":"https:\/\/schema.org","@graph":[{"@type":"Article","@id":"https:\/\/www.fraczinet.cl\/sitio\/2024\/06\/22\/mahatma-gandhi-es-asesinado\/#article","isPartOf":{"@id":"https:\/\/www.fraczinet.cl\/sitio\/2024\/06\/22\/mahatma-gandhi-es-asesinado\/"},"author":{"name":"admin","@id":"https:\/\/www.fraczinet.cl\/sitio\/#\/schema\/person\/bc30f98e9cb10ae7e119dbe14bc93784"},"headline":"El Asesinato De Mahatma Gandhi","datePublished":"2024-06-22T18:58:45+00:00","dateModified":"2024-06-22T22:35:06+00:00","mainEntityOfPage":{"@id":"https:\/\/www.fraczinet.cl\/sitio\/2024\/06\/22\/mahatma-gandhi-es-asesinado\/"},"wordCount":138,"commentCount":0,"publisher":{"@id":"https:\/\/www.fraczinet.cl\/sitio\/#\/schema\/person\/aec8ee4da68df2b9b0eefdad24a0d582"},"image":{"@id":"https:\/\/www.fraczinet.cl\/sitio\/2024\/06\/22\/mahatma-gandhi-es-asesinado\/#primaryimage"},"thumbnailUrl":"https:\/\/www.fraczinet.cl\/sitio\/wp-content\/uploads\/2024\/06\/Mahatma-Gandhi-.jpeg","articleSection":["DDHH","Historia","No-Violencia","Pol\u00edtica"],"inLanguage":"es","potentialAction":[{"@type":"CommentAction","name":"Comment","target":["https:\/\/www.fraczinet.cl\/sitio\/2024\/06\/22\/mahatma-gandhi-es-asesinado\/#respond"]}]},{"@type":"WebPage","@id":"https:\/\/www.fraczinet.cl\/sitio\/2024\/06\/22\/mahatma-gandhi-es-asesinado\/","url":"https:\/\/www.fraczinet.cl\/sitio\/2024\/06\/22\/mahatma-gandhi-es-asesinado\/","name":"El Asesinato De Mahatma Gandhi - Nuestro Bio B\u00edo","isPartOf":{"@id":"https:\/\/www.fraczinet.cl\/sitio\/#website"},"primaryImageOfPage":{"@id":"https:\/\/www.fraczinet.cl\/sitio\/2024\/06\/22\/mahatma-gandhi-es-asesinado\/#primaryimage"},"image":{"@id":"https:\/\/www.fraczinet.cl\/sitio\/2024\/06\/22\/mahatma-gandhi-es-asesinado\/#primaryimage"},"thumbnailUrl":"https:\/\/www.fraczinet.cl\/sitio\/wp-content\/uploads\/2024\/06\/Mahatma-Gandhi-.jpeg","datePublished":"2024-06-22T18:58:45+00:00","dateModified":"2024-06-22T22:35:06+00:00","description":"El 30 de enero de 1948, fue asesinado Mahatma Gandhi, uno de los personajes m\u00e1s relevantes del movimiento independentista hind\u00fa frente al r\u00e9gimen colonialista del Imperio Brit\u00e1nico.","breadcrumb":{"@id":"https:\/\/www.fraczinet.cl\/sitio\/2024\/06\/22\/mahatma-gandhi-es-asesinado\/#breadcrumb"},"inLanguage":"es","potentialAction":[{"@type":"ReadAction","target":["https:\/\/www.fraczinet.cl\/sitio\/2024\/06\/22\/mahatma-gandhi-es-asesinado\/"]}]},{"@type":"ImageObject","inLanguage":"es","@id":"https:\/\/www.fraczinet.cl\/sitio\/2024\/06\/22\/mahatma-gandhi-es-asesinado\/#primaryimage","url":"https:\/\/www.fraczinet.cl\/sitio\/wp-content\/uploads\/2024\/06\/Mahatma-Gandhi-.jpeg","contentUrl":"https:\/\/www.fraczinet.cl\/sitio\/wp-content\/uploads\/2024\/06\/Mahatma-Gandhi-.jpeg","width":420,"height":362,"caption":"Mahatma Gandhi"},{"@type":"BreadcrumbList","@id":"https:\/\/www.fraczinet.cl\/sitio\/2024\/06\/22\/mahatma-gandhi-es-asesinado\/#breadcrumb","itemListElement":[{"@type":"ListItem","position":1,"name":"Portada","item":"https:\/\/www.fraczinet.cl\/sitio\/"},{"@type":"ListItem","position":2,"name":"El Asesinato De Mahatma Gandhi"}]},{"@type":"WebSite","@id":"https:\/\/www.fraczinet.cl\/sitio\/#website","url":"https:\/\/www.fraczinet.cl\/sitio\/","name":"Nuestro Bio B\u00edo","description":"Tierra de Encuentros","publisher":{"@id":"https:\/\/www.fraczinet.cl\/sitio\/#\/schema\/person\/aec8ee4da68df2b9b0eefdad24a0d582"},"potentialAction":[{"@type":"SearchAction","target":{"@type":"EntryPoint","urlTemplate":"https:\/\/www.fraczinet.cl\/sitio\/?s={search_term_string}"},"query-input":{"@type":"PropertyValueSpecification","valueRequired":true,"valueName":"search_term_string"}}],"inLanguage":"es"},{"@type":["Person","Organization"],"@id":"https:\/\/www.fraczinet.cl\/sitio\/#\/schema\/person\/aec8ee4da68df2b9b0eefdad24a0d582","name":"Luis Fernando Fraczinet","image":{"@type":"ImageObject","inLanguage":"es","@id":"https:\/\/www.fraczinet.cl\/sitio\/#\/schema\/person\/image\/","url":"https:\/\/www.fraczinet.cl\/sitio\/wp-content\/uploads\/2021\/07\/bannerlogo-1.gif","contentUrl":"https:\/\/www.fraczinet.cl\/sitio\/wp-content\/uploads\/2021\/07\/bannerlogo-1.gif","width":159,"height":79,"caption":"Luis Fernando Fraczinet"},"logo":{"@id":"https:\/\/www.fraczinet.cl\/sitio\/#\/schema\/person\/image\/"},"sameAs":["https:\/\/www.fraczinet.cl\/sitio\/"]},{"@type":"Person","@id":"https:\/\/www.fraczinet.cl\/sitio\/#\/schema\/person\/bc30f98e9cb10ae7e119dbe14bc93784","name":"admin","image":{"@type":"ImageObject","inLanguage":"es","@id":"https:\/\/www.fraczinet.cl\/sitio\/#\/schema\/person\/image\/","url":"https:\/\/secure.gravatar.com\/avatar\/d5ad3cf7ef3b23a2bb5be73be780c86b2fc8545c3ad6b149f3913ff458c00099?s=96&d=mm&r=g","contentUrl":"https:\/\/secure.gravatar.com\/avatar\/d5ad3cf7ef3b23a2bb5be73be780c86b2fc8545c3ad6b149f3913ff458c00099?s=96&d=mm&r=g","caption":"admin"},"sameAs":["https:\/\/www.fraczinet.cl\/sitio"]}]}},"_links":{"self":[{"href":"https:\/\/www.fraczinet.cl\/sitio\/wp-json\/wp\/v2\/posts\/15845","targetHints":{"allow":["GET"]}}],"collection":[{"href":"https:\/\/www.fraczinet.cl\/sitio\/wp-json\/wp\/v2\/posts"}],"about":[{"href":"https:\/\/www.fraczinet.cl\/sitio\/wp-json\/wp\/v2\/types\/post"}],"author":[{"embeddable":true,"href":"https:\/\/www.fraczinet.cl\/sitio\/wp-json\/wp\/v2\/users\/1"}],"replies":[{"embeddable":true,"href":"https:\/\/www.fraczinet.cl\/sitio\/wp-json\/wp\/v2\/comments?post=15845"}],"version-history":[{"count":2,"href":"https:\/\/www.fraczinet.cl\/sitio\/wp-json\/wp\/v2\/posts\/15845\/revisions"}],"predecessor-version":[{"id":15857,"href":"https:\/\/www.fraczinet.cl\/sitio\/wp-json\/wp\/v2\/posts\/15845\/revisions\/15857"}],"wp:featuredmedia":[{"embeddable":true,"href":"https:\/\/www.fraczinet.cl\/sitio\/wp-json\/wp\/v2\/media\/15846"}],"wp:attachment":[{"href":"https:\/\/www.fraczinet.cl\/sitio\/wp-json\/wp\/v2\/media?parent=15845"}],"wp:term":[{"taxonomy":"category","embeddable":true,"href":"https:\/\/www.fraczinet.cl\/sitio\/wp-json\/wp\/v2\/categories?post=15845"},{"taxonomy":"post_tag","embeddable":true,"href":"https:\/\/www.fraczinet.cl\/sitio\/wp-json\/wp\/v2\/tags?post=15845"}],"curies":[{"name":"wp","href":"https:\/\/api.w.org\/{rel}","templated":true}]}}