{"id":15854,"date":"2024-06-22T21:53:09","date_gmt":"2024-06-22T21:53:09","guid":{"rendered":"https:\/\/www.fraczinet.cl\/sitio\/?p=15854"},"modified":"2024-06-23T03:04:42","modified_gmt":"2024-06-23T03:04:42","slug":"cuando-en-america-se-establecio-inquisicion","status":"publish","type":"post","link":"https:\/\/www.fraczinet.cl\/sitio\/2024\/06\/22\/cuando-en-america-se-establecio-inquisicion\/","title":{"rendered":"Cuando En Am\u00e9rica Se Estableci\u00f3 La Inquisici\u00f3n"},"content":{"rendered":"<p><span style=\"font-weight: 400;\"><img fetchpriority=\"high\" decoding=\"async\" class=\"size-medium wp-image-15855 alignleft\" src=\"https:\/\/www.fraczinet.cl\/sitio\/wp-content\/uploads\/2024\/06\/La-Inquisicion-en-America-300x169.jpeg\" alt=\"\" width=\"300\" height=\"169\" srcset=\"https:\/\/www.fraczinet.cl\/sitio\/wp-content\/uploads\/2024\/06\/La-Inquisicion-en-America-300x169.jpeg 300w, https:\/\/www.fraczinet.cl\/sitio\/wp-content\/uploads\/2024\/06\/La-Inquisicion-en-America.jpeg 620w\" sizes=\"(max-width: 300px) 100vw, 300px\" \/>A mediados del siglo XVI en Hispanoam\u00e9rica estaban los espa\u00f1oles firmemente establecidos en M\u00e9xico y en Per\u00fa. En estas colonias hab\u00eda un porcentaje importante de cristianos. Surgieron entonces reclamos para nombrar un tribunal de la Inquisici\u00f3n.\u00a0<\/span><\/p>\n<p>&nbsp;<\/p>\n<p><span style=\"font-weight: 400;\">El rey Felipe II por real c\u00e9dula del 7 de febrero de 1569 cre\u00f3 los tribunales de la Inquisici\u00f3n en la ciudad de M\u00e9xico y en Lima a trav\u00e9s de tres tribunales: los de Lima y M\u00e9xico fundados en 1569, y muy posteriormente el de Cartagena de Indias, fundado en 1610<\/span><\/p>\n<p>&nbsp;<\/p>\n<p><span style=\"font-weight: 400;\">La Inquisici\u00f3n fue una instituci\u00f3n judicial creada por el pontificado en la edad media, con la misi\u00f3n de localizar, procesar y sentenciar a las personas culpables de herej\u00eda.\u00a0<\/span><\/p>\n","protected":false},"excerpt":{"rendered":"<p>El rey Felipe II por real c\u00e9dula del 7 de febrero de 1569 cre\u00f3 los tribunales de la Inquisici\u00f3n en la ciudad de M\u00e9xico y en Lima a trav\u00e9s de tres tribunales: los de Lima y M\u00e9xico fundados en 1569, y muy posteriormente el de Cartagena de Indias, fundado en 1610<\/p>\n","protected":false},"author":1,"featured_media":15855,"comment_status":"open","ping_status":"closed","sticky":false,"template":"","format":"standard","meta":{"footnotes":""},"categories":[10],"tags":[],"class_list":["post-15854","post","type-post","status-publish","format-standard","has-post-thumbnail","hentry","category-historia"],"yoast_head":"<!-- This site is optimized with the Yoast SEO plugin v25.0 - https:\/\/yoast.com\/wordpress\/plugins\/seo\/ -->\n<title>Cuando En Am\u00e9rica Se Estableci\u00f3 La Inquisici\u00f3n - Nuestro Bio B\u00edo<\/title>\n<meta name=\"description\" content=\"El rey Felipe II por real c\u00e9dula del 7 de febrero de 1569 cre\u00f3 los tribunales de la Inquisici\u00f3n en la ciudad de M\u00e9xico y en Lima a trav\u00e9s de tres tribunales: los de Lima y M\u00e9xico fundados en 1569, y muy posteriormente el de Cartagena de Indias, fundado en 1610\" \/>\n<meta name=\"robots\" content=\"index, follow, max-snippet:-1, max-image-preview:large, max-video-preview:-1\" \/>\n<link rel=\"canonical\" href=\"https:\/\/www.fraczinet.cl\/sitio\/2024\/06\/22\/cuando-en-america-se-establecio-inquisicion\/\" \/>\n<meta property=\"og:locale\" content=\"es_ES\" \/>\n<meta property=\"og:type\" content=\"article\" \/>\n<meta property=\"og:title\" content=\"Cuando En Am\u00e9rica Se Estableci\u00f3 La Inquisici\u00f3n - Nuestro Bio B\u00edo\" \/>\n<meta property=\"og:description\" content=\"El rey Felipe II por real c\u00e9dula del 7 de febrero de 1569 cre\u00f3 los tribunales de la Inquisici\u00f3n en la ciudad de M\u00e9xico y en Lima a trav\u00e9s de tres tribunales: los de Lima y M\u00e9xico fundados en 1569, y muy posteriormente el de Cartagena de Indias, fundado en 1610\" \/>\n<meta property=\"og:url\" content=\"https:\/\/www.fraczinet.cl\/sitio\/2024\/06\/22\/cuando-en-america-se-establecio-inquisicion\/\" \/>\n<meta property=\"og:site_name\" content=\"Nuestro Bio B\u00edo\" \/>\n<meta property=\"article:published_time\" content=\"2024-06-22T21:53:09+00:00\" \/>\n<meta property=\"article:modified_time\" content=\"2024-06-23T03:04:42+00:00\" \/>\n<meta property=\"og:image\" content=\"https:\/\/www.fraczinet.cl\/sitio\/wp-content\/uploads\/2024\/06\/La-Inquisicion-en-America.jpeg\" \/>\n\t<meta property=\"og:image:width\" content=\"620\" \/>\n\t<meta property=\"og:image:height\" content=\"349\" \/>\n\t<meta property=\"og:image:type\" content=\"image\/jpeg\" \/>\n<meta name=\"author\" content=\"admin\" \/>\n<meta name=\"twitter:card\" content=\"summary_large_image\" \/>\n<meta name=\"twitter:creator\" content=\"@nuestrobiobio\" \/>\n<meta name=\"twitter:site\" content=\"@nuestrobiobio\" \/>\n<meta name=\"twitter:label1\" content=\"Escrito por\" \/>\n\t<meta name=\"twitter:data1\" content=\"admin\" \/>\n\t<meta name=\"twitter:label2\" content=\"Tiempo de lectura\" \/>\n\t<meta name=\"twitter:data2\" content=\"1 minuto\" \/>\n<script type=\"application\/ld+json\" class=\"yoast-schema-graph\">{\"@context\":\"https:\/\/schema.org\",\"@graph\":[{\"@type\":\"Article\",\"@id\":\"https:\/\/www.fraczinet.cl\/sitio\/2024\/06\/22\/cuando-en-america-se-establecio-inquisicion\/#article\",\"isPartOf\":{\"@id\":\"https:\/\/www.fraczinet.cl\/sitio\/2024\/06\/22\/cuando-en-america-se-establecio-inquisicion\/\"},\"author\":{\"name\":\"admin\",\"@id\":\"https:\/\/www.fraczinet.cl\/sitio\/#\/schema\/person\/bc30f98e9cb10ae7e119dbe14bc93784\"},\"headline\":\"Cuando En Am\u00e9rica Se Estableci\u00f3 La Inquisici\u00f3n\",\"datePublished\":\"2024-06-22T21:53:09+00:00\",\"dateModified\":\"2024-06-23T03:04:42+00:00\",\"mainEntityOfPage\":{\"@id\":\"https:\/\/www.fraczinet.cl\/sitio\/2024\/06\/22\/cuando-en-america-se-establecio-inquisicion\/\"},\"wordCount\":136,\"commentCount\":0,\"publisher\":{\"@id\":\"https:\/\/www.fraczinet.cl\/sitio\/#\/schema\/person\/aec8ee4da68df2b9b0eefdad24a0d582\"},\"image\":{\"@id\":\"https:\/\/www.fraczinet.cl\/sitio\/2024\/06\/22\/cuando-en-america-se-establecio-inquisicion\/#primaryimage\"},\"thumbnailUrl\":\"https:\/\/www.fraczinet.cl\/sitio\/wp-content\/uploads\/2024\/06\/La-Inquisicion-en-America.jpeg\",\"articleSection\":[\"Historia\"],\"inLanguage\":\"es\",\"potentialAction\":[{\"@type\":\"CommentAction\",\"name\":\"Comment\",\"target\":[\"https:\/\/www.fraczinet.cl\/sitio\/2024\/06\/22\/cuando-en-america-se-establecio-inquisicion\/#respond\"]}]},{\"@type\":\"WebPage\",\"@id\":\"https:\/\/www.fraczinet.cl\/sitio\/2024\/06\/22\/cuando-en-america-se-establecio-inquisicion\/\",\"url\":\"https:\/\/www.fraczinet.cl\/sitio\/2024\/06\/22\/cuando-en-america-se-establecio-inquisicion\/\",\"name\":\"Cuando En Am\u00e9rica Se Estableci\u00f3 La Inquisici\u00f3n - Nuestro Bio B\u00edo\",\"isPartOf\":{\"@id\":\"https:\/\/www.fraczinet.cl\/sitio\/#website\"},\"primaryImageOfPage\":{\"@id\":\"https:\/\/www.fraczinet.cl\/sitio\/2024\/06\/22\/cuando-en-america-se-establecio-inquisicion\/#primaryimage\"},\"image\":{\"@id\":\"https:\/\/www.fraczinet.cl\/sitio\/2024\/06\/22\/cuando-en-america-se-establecio-inquisicion\/#primaryimage\"},\"thumbnailUrl\":\"https:\/\/www.fraczinet.cl\/sitio\/wp-content\/uploads\/2024\/06\/La-Inquisicion-en-America.jpeg\",\"datePublished\":\"2024-06-22T21:53:09+00:00\",\"dateModified\":\"2024-06-23T03:04:42+00:00\",\"description\":\"El rey Felipe II por real c\u00e9dula del 7 de febrero de 1569 cre\u00f3 los tribunales de la Inquisici\u00f3n en la ciudad de M\u00e9xico y en Lima a trav\u00e9s de tres tribunales: los de Lima y M\u00e9xico fundados en 1569, y muy posteriormente el de Cartagena de Indias, fundado en 1610\",\"breadcrumb\":{\"@id\":\"https:\/\/www.fraczinet.cl\/sitio\/2024\/06\/22\/cuando-en-america-se-establecio-inquisicion\/#breadcrumb\"},\"inLanguage\":\"es\",\"potentialAction\":[{\"@type\":\"ReadAction\",\"target\":[\"https:\/\/www.fraczinet.cl\/sitio\/2024\/06\/22\/cuando-en-america-se-establecio-inquisicion\/\"]}]},{\"@type\":\"ImageObject\",\"inLanguage\":\"es\",\"@id\":\"https:\/\/www.fraczinet.cl\/sitio\/2024\/06\/22\/cuando-en-america-se-establecio-inquisicion\/#primaryimage\",\"url\":\"https:\/\/www.fraczinet.cl\/sitio\/wp-content\/uploads\/2024\/06\/La-Inquisicion-en-America.jpeg\",\"contentUrl\":\"https:\/\/www.fraczinet.cl\/sitio\/wp-content\/uploads\/2024\/06\/La-Inquisicion-en-America.jpeg\",\"width\":620,\"height\":349},{\"@type\":\"BreadcrumbList\",\"@id\":\"https:\/\/www.fraczinet.cl\/sitio\/2024\/06\/22\/cuando-en-america-se-establecio-inquisicion\/#breadcrumb\",\"itemListElement\":[{\"@type\":\"ListItem\",\"position\":1,\"name\":\"Portada\",\"item\":\"https:\/\/www.fraczinet.cl\/sitio\/\"},{\"@type\":\"ListItem\",\"position\":2,\"name\":\"Cuando En Am\u00e9rica Se Estableci\u00f3 La Inquisici\u00f3n\"}]},{\"@type\":\"WebSite\",\"@id\":\"https:\/\/www.fraczinet.cl\/sitio\/#website\",\"url\":\"https:\/\/www.fraczinet.cl\/sitio\/\",\"name\":\"Nuestro Bio B\u00edo\",\"description\":\"Tierra de Encuentros\",\"publisher\":{\"@id\":\"https:\/\/www.fraczinet.cl\/sitio\/#\/schema\/person\/aec8ee4da68df2b9b0eefdad24a0d582\"},\"potentialAction\":[{\"@type\":\"SearchAction\",\"target\":{\"@type\":\"EntryPoint\",\"urlTemplate\":\"https:\/\/www.fraczinet.cl\/sitio\/?s={search_term_string}\"},\"query-input\":{\"@type\":\"PropertyValueSpecification\",\"valueRequired\":true,\"valueName\":\"search_term_string\"}}],\"inLanguage\":\"es\"},{\"@type\":[\"Person\",\"Organization\"],\"@id\":\"https:\/\/www.fraczinet.cl\/sitio\/#\/schema\/person\/aec8ee4da68df2b9b0eefdad24a0d582\",\"name\":\"Luis Fernando Fraczinet\",\"image\":{\"@type\":\"ImageObject\",\"inLanguage\":\"es\",\"@id\":\"https:\/\/www.fraczinet.cl\/sitio\/#\/schema\/person\/image\/\",\"url\":\"https:\/\/www.fraczinet.cl\/sitio\/wp-content\/uploads\/2021\/07\/bannerlogo-1.gif\",\"contentUrl\":\"https:\/\/www.fraczinet.cl\/sitio\/wp-content\/uploads\/2021\/07\/bannerlogo-1.gif\",\"width\":159,\"height\":79,\"caption\":\"Luis Fernando Fraczinet\"},\"logo\":{\"@id\":\"https:\/\/www.fraczinet.cl\/sitio\/#\/schema\/person\/image\/\"},\"sameAs\":[\"https:\/\/www.fraczinet.cl\/sitio\/\"]},{\"@type\":\"Person\",\"@id\":\"https:\/\/www.fraczinet.cl\/sitio\/#\/schema\/person\/bc30f98e9cb10ae7e119dbe14bc93784\",\"name\":\"admin\",\"image\":{\"@type\":\"ImageObject\",\"inLanguage\":\"es\",\"@id\":\"https:\/\/www.fraczinet.cl\/sitio\/#\/schema\/person\/image\/\",\"url\":\"https:\/\/secure.gravatar.com\/avatar\/d5ad3cf7ef3b23a2bb5be73be780c86b2fc8545c3ad6b149f3913ff458c00099?s=96&d=mm&r=g\",\"contentUrl\":\"https:\/\/secure.gravatar.com\/avatar\/d5ad3cf7ef3b23a2bb5be73be780c86b2fc8545c3ad6b149f3913ff458c00099?s=96&d=mm&r=g\",\"caption\":\"admin\"},\"sameAs\":[\"https:\/\/www.fraczinet.cl\/sitio\"]}]}<\/script>\n<!-- \/ Yoast SEO plugin. -->","yoast_head_json":{"title":"Cuando En Am\u00e9rica Se Estableci\u00f3 La Inquisici\u00f3n - Nuestro Bio B\u00edo","description":"El rey Felipe II por real c\u00e9dula del 7 de febrero de 1569 cre\u00f3 los tribunales de la Inquisici\u00f3n en la ciudad de M\u00e9xico y en Lima a trav\u00e9s de tres tribunales: los de Lima y M\u00e9xico fundados en 1569, y muy posteriormente el de Cartagena de Indias, fundado en 1610","robots":{"index":"index","follow":"follow","max-snippet":"max-snippet:-1","max-image-preview":"max-image-preview:large","max-video-preview":"max-video-preview:-1"},"canonical":"https:\/\/www.fraczinet.cl\/sitio\/2024\/06\/22\/cuando-en-america-se-establecio-inquisicion\/","og_locale":"es_ES","og_type":"article","og_title":"Cuando En Am\u00e9rica Se Estableci\u00f3 La Inquisici\u00f3n - Nuestro Bio B\u00edo","og_description":"El rey Felipe II por real c\u00e9dula del 7 de febrero de 1569 cre\u00f3 los tribunales de la Inquisici\u00f3n en la ciudad de M\u00e9xico y en Lima a trav\u00e9s de tres tribunales: los de Lima y M\u00e9xico fundados en 1569, y muy posteriormente el de Cartagena de Indias, fundado en 1610","og_url":"https:\/\/www.fraczinet.cl\/sitio\/2024\/06\/22\/cuando-en-america-se-establecio-inquisicion\/","og_site_name":"Nuestro Bio B\u00edo","article_published_time":"2024-06-22T21:53:09+00:00","article_modified_time":"2024-06-23T03:04:42+00:00","og_image":[{"width":620,"height":349,"url":"https:\/\/www.fraczinet.cl\/sitio\/wp-content\/uploads\/2024\/06\/La-Inquisicion-en-America.jpeg","type":"image\/jpeg"}],"author":"admin","twitter_card":"summary_large_image","twitter_creator":"@nuestrobiobio","twitter_site":"@nuestrobiobio","twitter_misc":{"Escrito por":"admin","Tiempo de lectura":"1 minuto"},"schema":{"@context":"https:\/\/schema.org","@graph":[{"@type":"Article","@id":"https:\/\/www.fraczinet.cl\/sitio\/2024\/06\/22\/cuando-en-america-se-establecio-inquisicion\/#article","isPartOf":{"@id":"https:\/\/www.fraczinet.cl\/sitio\/2024\/06\/22\/cuando-en-america-se-establecio-inquisicion\/"},"author":{"name":"admin","@id":"https:\/\/www.fraczinet.cl\/sitio\/#\/schema\/person\/bc30f98e9cb10ae7e119dbe14bc93784"},"headline":"Cuando En Am\u00e9rica Se Estableci\u00f3 La Inquisici\u00f3n","datePublished":"2024-06-22T21:53:09+00:00","dateModified":"2024-06-23T03:04:42+00:00","mainEntityOfPage":{"@id":"https:\/\/www.fraczinet.cl\/sitio\/2024\/06\/22\/cuando-en-america-se-establecio-inquisicion\/"},"wordCount":136,"commentCount":0,"publisher":{"@id":"https:\/\/www.fraczinet.cl\/sitio\/#\/schema\/person\/aec8ee4da68df2b9b0eefdad24a0d582"},"image":{"@id":"https:\/\/www.fraczinet.cl\/sitio\/2024\/06\/22\/cuando-en-america-se-establecio-inquisicion\/#primaryimage"},"thumbnailUrl":"https:\/\/www.fraczinet.cl\/sitio\/wp-content\/uploads\/2024\/06\/La-Inquisicion-en-America.jpeg","articleSection":["Historia"],"inLanguage":"es","potentialAction":[{"@type":"CommentAction","name":"Comment","target":["https:\/\/www.fraczinet.cl\/sitio\/2024\/06\/22\/cuando-en-america-se-establecio-inquisicion\/#respond"]}]},{"@type":"WebPage","@id":"https:\/\/www.fraczinet.cl\/sitio\/2024\/06\/22\/cuando-en-america-se-establecio-inquisicion\/","url":"https:\/\/www.fraczinet.cl\/sitio\/2024\/06\/22\/cuando-en-america-se-establecio-inquisicion\/","name":"Cuando En Am\u00e9rica Se Estableci\u00f3 La Inquisici\u00f3n - Nuestro Bio B\u00edo","isPartOf":{"@id":"https:\/\/www.fraczinet.cl\/sitio\/#website"},"primaryImageOfPage":{"@id":"https:\/\/www.fraczinet.cl\/sitio\/2024\/06\/22\/cuando-en-america-se-establecio-inquisicion\/#primaryimage"},"image":{"@id":"https:\/\/www.fraczinet.cl\/sitio\/2024\/06\/22\/cuando-en-america-se-establecio-inquisicion\/#primaryimage"},"thumbnailUrl":"https:\/\/www.fraczinet.cl\/sitio\/wp-content\/uploads\/2024\/06\/La-Inquisicion-en-America.jpeg","datePublished":"2024-06-22T21:53:09+00:00","dateModified":"2024-06-23T03:04:42+00:00","description":"El rey Felipe II por real c\u00e9dula del 7 de febrero de 1569 cre\u00f3 los tribunales de la Inquisici\u00f3n en la ciudad de M\u00e9xico y en Lima a trav\u00e9s de tres tribunales: los de Lima y M\u00e9xico fundados en 1569, y muy posteriormente el de Cartagena de Indias, fundado en 1610","breadcrumb":{"@id":"https:\/\/www.fraczinet.cl\/sitio\/2024\/06\/22\/cuando-en-america-se-establecio-inquisicion\/#breadcrumb"},"inLanguage":"es","potentialAction":[{"@type":"ReadAction","target":["https:\/\/www.fraczinet.cl\/sitio\/2024\/06\/22\/cuando-en-america-se-establecio-inquisicion\/"]}]},{"@type":"ImageObject","inLanguage":"es","@id":"https:\/\/www.fraczinet.cl\/sitio\/2024\/06\/22\/cuando-en-america-se-establecio-inquisicion\/#primaryimage","url":"https:\/\/www.fraczinet.cl\/sitio\/wp-content\/uploads\/2024\/06\/La-Inquisicion-en-America.jpeg","contentUrl":"https:\/\/www.fraczinet.cl\/sitio\/wp-content\/uploads\/2024\/06\/La-Inquisicion-en-America.jpeg","width":620,"height":349},{"@type":"BreadcrumbList","@id":"https:\/\/www.fraczinet.cl\/sitio\/2024\/06\/22\/cuando-en-america-se-establecio-inquisicion\/#breadcrumb","itemListElement":[{"@type":"ListItem","position":1,"name":"Portada","item":"https:\/\/www.fraczinet.cl\/sitio\/"},{"@type":"ListItem","position":2,"name":"Cuando En Am\u00e9rica Se Estableci\u00f3 La Inquisici\u00f3n"}]},{"@type":"WebSite","@id":"https:\/\/www.fraczinet.cl\/sitio\/#website","url":"https:\/\/www.fraczinet.cl\/sitio\/","name":"Nuestro Bio B\u00edo","description":"Tierra de Encuentros","publisher":{"@id":"https:\/\/www.fraczinet.cl\/sitio\/#\/schema\/person\/aec8ee4da68df2b9b0eefdad24a0d582"},"potentialAction":[{"@type":"SearchAction","target":{"@type":"EntryPoint","urlTemplate":"https:\/\/www.fraczinet.cl\/sitio\/?s={search_term_string}"},"query-input":{"@type":"PropertyValueSpecification","valueRequired":true,"valueName":"search_term_string"}}],"inLanguage":"es"},{"@type":["Person","Organization"],"@id":"https:\/\/www.fraczinet.cl\/sitio\/#\/schema\/person\/aec8ee4da68df2b9b0eefdad24a0d582","name":"Luis Fernando Fraczinet","image":{"@type":"ImageObject","inLanguage":"es","@id":"https:\/\/www.fraczinet.cl\/sitio\/#\/schema\/person\/image\/","url":"https:\/\/www.fraczinet.cl\/sitio\/wp-content\/uploads\/2021\/07\/bannerlogo-1.gif","contentUrl":"https:\/\/www.fraczinet.cl\/sitio\/wp-content\/uploads\/2021\/07\/bannerlogo-1.gif","width":159,"height":79,"caption":"Luis Fernando Fraczinet"},"logo":{"@id":"https:\/\/www.fraczinet.cl\/sitio\/#\/schema\/person\/image\/"},"sameAs":["https:\/\/www.fraczinet.cl\/sitio\/"]},{"@type":"Person","@id":"https:\/\/www.fraczinet.cl\/sitio\/#\/schema\/person\/bc30f98e9cb10ae7e119dbe14bc93784","name":"admin","image":{"@type":"ImageObject","inLanguage":"es","@id":"https:\/\/www.fraczinet.cl\/sitio\/#\/schema\/person\/image\/","url":"https:\/\/secure.gravatar.com\/avatar\/d5ad3cf7ef3b23a2bb5be73be780c86b2fc8545c3ad6b149f3913ff458c00099?s=96&d=mm&r=g","contentUrl":"https:\/\/secure.gravatar.com\/avatar\/d5ad3cf7ef3b23a2bb5be73be780c86b2fc8545c3ad6b149f3913ff458c00099?s=96&d=mm&r=g","caption":"admin"},"sameAs":["https:\/\/www.fraczinet.cl\/sitio"]}]}},"_links":{"self":[{"href":"https:\/\/www.fraczinet.cl\/sitio\/wp-json\/wp\/v2\/posts\/15854","targetHints":{"allow":["GET"]}}],"collection":[{"href":"https:\/\/www.fraczinet.cl\/sitio\/wp-json\/wp\/v2\/posts"}],"about":[{"href":"https:\/\/www.fraczinet.cl\/sitio\/wp-json\/wp\/v2\/types\/post"}],"author":[{"embeddable":true,"href":"https:\/\/www.fraczinet.cl\/sitio\/wp-json\/wp\/v2\/users\/1"}],"replies":[{"embeddable":true,"href":"https:\/\/www.fraczinet.cl\/sitio\/wp-json\/wp\/v2\/comments?post=15854"}],"version-history":[{"count":2,"href":"https:\/\/www.fraczinet.cl\/sitio\/wp-json\/wp\/v2\/posts\/15854\/revisions"}],"predecessor-version":[{"id":15861,"href":"https:\/\/www.fraczinet.cl\/sitio\/wp-json\/wp\/v2\/posts\/15854\/revisions\/15861"}],"wp:featuredmedia":[{"embeddable":true,"href":"https:\/\/www.fraczinet.cl\/sitio\/wp-json\/wp\/v2\/media\/15855"}],"wp:attachment":[{"href":"https:\/\/www.fraczinet.cl\/sitio\/wp-json\/wp\/v2\/media?parent=15854"}],"wp:term":[{"taxonomy":"category","embeddable":true,"href":"https:\/\/www.fraczinet.cl\/sitio\/wp-json\/wp\/v2\/categories?post=15854"},{"taxonomy":"post_tag","embeddable":true,"href":"https:\/\/www.fraczinet.cl\/sitio\/wp-json\/wp\/v2\/tags?post=15854"}],"curies":[{"name":"wp","href":"https:\/\/api.w.org\/{rel}","templated":true}]}}