{"id":15858,"date":"2024-06-22T23:38:25","date_gmt":"2024-06-22T23:38:25","guid":{"rendered":"https:\/\/www.fraczinet.cl\/sitio\/?p=15858"},"modified":"2024-06-22T23:38:25","modified_gmt":"2024-06-22T23:38:25","slug":"nace-la-gran-colombia","status":"publish","type":"post","link":"https:\/\/www.fraczinet.cl\/sitio\/2024\/06\/22\/nace-la-gran-colombia\/","title":{"rendered":"Nace La Gran Colombia"},"content":{"rendered":"<p><span style=\"font-weight: 400;\"><img fetchpriority=\"high\" decoding=\"async\" class=\"size-medium wp-image-15859 alignleft\" src=\"https:\/\/www.fraczinet.cl\/sitio\/wp-content\/uploads\/2024\/06\/La-Gran-Colombia-300x286.jpeg\" alt=\"\" width=\"300\" height=\"286\" srcset=\"https:\/\/www.fraczinet.cl\/sitio\/wp-content\/uploads\/2024\/06\/La-Gran-Colombia-300x286.jpeg 300w, https:\/\/www.fraczinet.cl\/sitio\/wp-content\/uploads\/2024\/06\/La-Gran-Colombia.jpeg 550w\" sizes=\"(max-width: 300px) 100vw, 300px\" \/>El 15 de febrero de 1819, los delegados revolucionarios reunidos en el Congreso de Angostura y luego en C\u00facuta proclaman el nacimiento de la Gran Colombia. Su superficie correspond\u00eda a los territorios de las actuales rep\u00fablicas de Colombia, Ecuador, Panam\u00e1 y Venezuela, y otros territorios que pasaron a Brasil, Per\u00fa, Nicaragua y Honduras por acuerdos internacionales.<\/span><\/p>\n<p>&nbsp;<\/p>\n<p><span style=\"font-weight: 400;\">Sim\u00f3n Bol\u00edvar es designado su primer presidente y desde un principio debe hacer frente a las tensiones provocadas por los antagonismos entre federalistas y centralistas, adem\u00e1s de los desacuerdos con otros personajes pol\u00edticos surgidos en el per\u00edodo independentista.\u00a0<\/span><\/p>\n<p>&nbsp;<\/p>\n<p><span style=\"font-weight: 400;\">El pa\u00eds se disolvi\u00f3 a finales de la d\u00e9cada de 1820 e inicios de los a\u00f1os 1830, por las diferencias pol\u00edticas, as\u00ed como por las tensiones regionales entre los pueblos que integraban la rep\u00fablica. En 1829, Venezuela se convirti\u00f3 en el primer territorio en declarar su independencia. Un a\u00f1o despu\u00e9s, Ecuador hizo lo propio.\u00a0<\/span><\/p>\n","protected":false},"excerpt":{"rendered":"<p>El 15 de febrero de 1819, los delegados revolucionarios reunidos en el Congreso de Angostura y luego en C\u00facuta proclaman el nacimiento de la Gran Colombia.<\/p>\n","protected":false},"author":1,"featured_media":15859,"comment_status":"open","ping_status":"closed","sticky":false,"template":"","format":"standard","meta":{"footnotes":""},"categories":[10,427,408],"tags":[],"class_list":["post-15858","post","type-post","status-publish","format-standard","has-post-thumbnail","hentry","category-historia","category-independencia","category-simon-bolivar"],"yoast_head":"<!-- This site is optimized with the Yoast SEO plugin v25.0 - https:\/\/yoast.com\/wordpress\/plugins\/seo\/ -->\n<title>Nace La Gran Colombia - Nuestro Bio B\u00edo<\/title>\n<meta name=\"description\" content=\"El 15 de febrero de 1819, los delegados revolucionarios reunidos en el Congreso de Angostura y luego en C\u00facuta proclaman el nacimiento de la Gran Colombia.\" \/>\n<meta name=\"robots\" content=\"index, follow, max-snippet:-1, max-image-preview:large, max-video-preview:-1\" \/>\n<link rel=\"canonical\" href=\"https:\/\/www.fraczinet.cl\/sitio\/2024\/06\/22\/nace-la-gran-colombia\/\" \/>\n<meta property=\"og:locale\" content=\"es_ES\" \/>\n<meta property=\"og:type\" content=\"article\" \/>\n<meta property=\"og:title\" content=\"Nace La Gran Colombia - Nuestro Bio B\u00edo\" \/>\n<meta property=\"og:description\" content=\"El 15 de febrero de 1819, los delegados revolucionarios reunidos en el Congreso de Angostura y luego en C\u00facuta proclaman el nacimiento de la Gran Colombia.\" \/>\n<meta property=\"og:url\" content=\"https:\/\/www.fraczinet.cl\/sitio\/2024\/06\/22\/nace-la-gran-colombia\/\" \/>\n<meta property=\"og:site_name\" content=\"Nuestro Bio B\u00edo\" \/>\n<meta property=\"article:published_time\" content=\"2024-06-22T23:38:25+00:00\" \/>\n<meta property=\"og:image\" content=\"https:\/\/www.fraczinet.cl\/sitio\/wp-content\/uploads\/2024\/06\/La-Gran-Colombia.jpeg\" \/>\n\t<meta property=\"og:image:width\" content=\"550\" \/>\n\t<meta property=\"og:image:height\" content=\"524\" \/>\n\t<meta property=\"og:image:type\" content=\"image\/jpeg\" \/>\n<meta name=\"author\" content=\"admin\" \/>\n<meta name=\"twitter:card\" content=\"summary_large_image\" \/>\n<meta name=\"twitter:creator\" content=\"@nuestrobiobio\" \/>\n<meta name=\"twitter:site\" content=\"@nuestrobiobio\" \/>\n<meta name=\"twitter:label1\" content=\"Escrito por\" \/>\n\t<meta name=\"twitter:data1\" content=\"admin\" \/>\n\t<meta name=\"twitter:label2\" content=\"Tiempo de lectura\" \/>\n\t<meta name=\"twitter:data2\" content=\"2 minutos\" \/>\n<script type=\"application\/ld+json\" class=\"yoast-schema-graph\">{\"@context\":\"https:\/\/schema.org\",\"@graph\":[{\"@type\":\"Article\",\"@id\":\"https:\/\/www.fraczinet.cl\/sitio\/2024\/06\/22\/nace-la-gran-colombia\/#article\",\"isPartOf\":{\"@id\":\"https:\/\/www.fraczinet.cl\/sitio\/2024\/06\/22\/nace-la-gran-colombia\/\"},\"author\":{\"name\":\"admin\",\"@id\":\"https:\/\/www.fraczinet.cl\/sitio\/#\/schema\/person\/bc30f98e9cb10ae7e119dbe14bc93784\"},\"headline\":\"Nace La Gran Colombia\",\"datePublished\":\"2024-06-22T23:38:25+00:00\",\"mainEntityOfPage\":{\"@id\":\"https:\/\/www.fraczinet.cl\/sitio\/2024\/06\/22\/nace-la-gran-colombia\/\"},\"wordCount\":164,\"commentCount\":0,\"publisher\":{\"@id\":\"https:\/\/www.fraczinet.cl\/sitio\/#\/schema\/person\/aec8ee4da68df2b9b0eefdad24a0d582\"},\"image\":{\"@id\":\"https:\/\/www.fraczinet.cl\/sitio\/2024\/06\/22\/nace-la-gran-colombia\/#primaryimage\"},\"thumbnailUrl\":\"https:\/\/www.fraczinet.cl\/sitio\/wp-content\/uploads\/2024\/06\/La-Gran-Colombia.jpeg\",\"articleSection\":[\"Historia\",\"Independencia\",\"Sim\u00f3n Bolivar\"],\"inLanguage\":\"es\",\"potentialAction\":[{\"@type\":\"CommentAction\",\"name\":\"Comment\",\"target\":[\"https:\/\/www.fraczinet.cl\/sitio\/2024\/06\/22\/nace-la-gran-colombia\/#respond\"]}]},{\"@type\":\"WebPage\",\"@id\":\"https:\/\/www.fraczinet.cl\/sitio\/2024\/06\/22\/nace-la-gran-colombia\/\",\"url\":\"https:\/\/www.fraczinet.cl\/sitio\/2024\/06\/22\/nace-la-gran-colombia\/\",\"name\":\"Nace La Gran Colombia - Nuestro Bio B\u00edo\",\"isPartOf\":{\"@id\":\"https:\/\/www.fraczinet.cl\/sitio\/#website\"},\"primaryImageOfPage\":{\"@id\":\"https:\/\/www.fraczinet.cl\/sitio\/2024\/06\/22\/nace-la-gran-colombia\/#primaryimage\"},\"image\":{\"@id\":\"https:\/\/www.fraczinet.cl\/sitio\/2024\/06\/22\/nace-la-gran-colombia\/#primaryimage\"},\"thumbnailUrl\":\"https:\/\/www.fraczinet.cl\/sitio\/wp-content\/uploads\/2024\/06\/La-Gran-Colombia.jpeg\",\"datePublished\":\"2024-06-22T23:38:25+00:00\",\"description\":\"El 15 de febrero de 1819, los delegados revolucionarios reunidos en el Congreso de Angostura y luego en C\u00facuta proclaman el nacimiento de la Gran Colombia.\",\"breadcrumb\":{\"@id\":\"https:\/\/www.fraczinet.cl\/sitio\/2024\/06\/22\/nace-la-gran-colombia\/#breadcrumb\"},\"inLanguage\":\"es\",\"potentialAction\":[{\"@type\":\"ReadAction\",\"target\":[\"https:\/\/www.fraczinet.cl\/sitio\/2024\/06\/22\/nace-la-gran-colombia\/\"]}]},{\"@type\":\"ImageObject\",\"inLanguage\":\"es\",\"@id\":\"https:\/\/www.fraczinet.cl\/sitio\/2024\/06\/22\/nace-la-gran-colombia\/#primaryimage\",\"url\":\"https:\/\/www.fraczinet.cl\/sitio\/wp-content\/uploads\/2024\/06\/La-Gran-Colombia.jpeg\",\"contentUrl\":\"https:\/\/www.fraczinet.cl\/sitio\/wp-content\/uploads\/2024\/06\/La-Gran-Colombia.jpeg\",\"width\":550,\"height\":524},{\"@type\":\"BreadcrumbList\",\"@id\":\"https:\/\/www.fraczinet.cl\/sitio\/2024\/06\/22\/nace-la-gran-colombia\/#breadcrumb\",\"itemListElement\":[{\"@type\":\"ListItem\",\"position\":1,\"name\":\"Portada\",\"item\":\"https:\/\/www.fraczinet.cl\/sitio\/\"},{\"@type\":\"ListItem\",\"position\":2,\"name\":\"Nace La Gran Colombia\"}]},{\"@type\":\"WebSite\",\"@id\":\"https:\/\/www.fraczinet.cl\/sitio\/#website\",\"url\":\"https:\/\/www.fraczinet.cl\/sitio\/\",\"name\":\"Nuestro Bio B\u00edo\",\"description\":\"Tierra de Encuentros\",\"publisher\":{\"@id\":\"https:\/\/www.fraczinet.cl\/sitio\/#\/schema\/person\/aec8ee4da68df2b9b0eefdad24a0d582\"},\"potentialAction\":[{\"@type\":\"SearchAction\",\"target\":{\"@type\":\"EntryPoint\",\"urlTemplate\":\"https:\/\/www.fraczinet.cl\/sitio\/?s={search_term_string}\"},\"query-input\":{\"@type\":\"PropertyValueSpecification\",\"valueRequired\":true,\"valueName\":\"search_term_string\"}}],\"inLanguage\":\"es\"},{\"@type\":[\"Person\",\"Organization\"],\"@id\":\"https:\/\/www.fraczinet.cl\/sitio\/#\/schema\/person\/aec8ee4da68df2b9b0eefdad24a0d582\",\"name\":\"Luis Fernando Fraczinet\",\"image\":{\"@type\":\"ImageObject\",\"inLanguage\":\"es\",\"@id\":\"https:\/\/www.fraczinet.cl\/sitio\/#\/schema\/person\/image\/\",\"url\":\"https:\/\/www.fraczinet.cl\/sitio\/wp-content\/uploads\/2021\/07\/bannerlogo-1.gif\",\"contentUrl\":\"https:\/\/www.fraczinet.cl\/sitio\/wp-content\/uploads\/2021\/07\/bannerlogo-1.gif\",\"width\":159,\"height\":79,\"caption\":\"Luis Fernando Fraczinet\"},\"logo\":{\"@id\":\"https:\/\/www.fraczinet.cl\/sitio\/#\/schema\/person\/image\/\"},\"sameAs\":[\"https:\/\/www.fraczinet.cl\/sitio\/\"]},{\"@type\":\"Person\",\"@id\":\"https:\/\/www.fraczinet.cl\/sitio\/#\/schema\/person\/bc30f98e9cb10ae7e119dbe14bc93784\",\"name\":\"admin\",\"image\":{\"@type\":\"ImageObject\",\"inLanguage\":\"es\",\"@id\":\"https:\/\/www.fraczinet.cl\/sitio\/#\/schema\/person\/image\/\",\"url\":\"https:\/\/secure.gravatar.com\/avatar\/d5ad3cf7ef3b23a2bb5be73be780c86b2fc8545c3ad6b149f3913ff458c00099?s=96&d=mm&r=g\",\"contentUrl\":\"https:\/\/secure.gravatar.com\/avatar\/d5ad3cf7ef3b23a2bb5be73be780c86b2fc8545c3ad6b149f3913ff458c00099?s=96&d=mm&r=g\",\"caption\":\"admin\"},\"sameAs\":[\"https:\/\/www.fraczinet.cl\/sitio\"]}]}<\/script>\n<!-- \/ Yoast SEO plugin. -->","yoast_head_json":{"title":"Nace La Gran Colombia - Nuestro Bio B\u00edo","description":"El 15 de febrero de 1819, los delegados revolucionarios reunidos en el Congreso de Angostura y luego en C\u00facuta proclaman el nacimiento de la Gran Colombia.","robots":{"index":"index","follow":"follow","max-snippet":"max-snippet:-1","max-image-preview":"max-image-preview:large","max-video-preview":"max-video-preview:-1"},"canonical":"https:\/\/www.fraczinet.cl\/sitio\/2024\/06\/22\/nace-la-gran-colombia\/","og_locale":"es_ES","og_type":"article","og_title":"Nace La Gran Colombia - Nuestro Bio B\u00edo","og_description":"El 15 de febrero de 1819, los delegados revolucionarios reunidos en el Congreso de Angostura y luego en C\u00facuta proclaman el nacimiento de la Gran Colombia.","og_url":"https:\/\/www.fraczinet.cl\/sitio\/2024\/06\/22\/nace-la-gran-colombia\/","og_site_name":"Nuestro Bio B\u00edo","article_published_time":"2024-06-22T23:38:25+00:00","og_image":[{"width":550,"height":524,"url":"https:\/\/www.fraczinet.cl\/sitio\/wp-content\/uploads\/2024\/06\/La-Gran-Colombia.jpeg","type":"image\/jpeg"}],"author":"admin","twitter_card":"summary_large_image","twitter_creator":"@nuestrobiobio","twitter_site":"@nuestrobiobio","twitter_misc":{"Escrito por":"admin","Tiempo de lectura":"2 minutos"},"schema":{"@context":"https:\/\/schema.org","@graph":[{"@type":"Article","@id":"https:\/\/www.fraczinet.cl\/sitio\/2024\/06\/22\/nace-la-gran-colombia\/#article","isPartOf":{"@id":"https:\/\/www.fraczinet.cl\/sitio\/2024\/06\/22\/nace-la-gran-colombia\/"},"author":{"name":"admin","@id":"https:\/\/www.fraczinet.cl\/sitio\/#\/schema\/person\/bc30f98e9cb10ae7e119dbe14bc93784"},"headline":"Nace La Gran Colombia","datePublished":"2024-06-22T23:38:25+00:00","mainEntityOfPage":{"@id":"https:\/\/www.fraczinet.cl\/sitio\/2024\/06\/22\/nace-la-gran-colombia\/"},"wordCount":164,"commentCount":0,"publisher":{"@id":"https:\/\/www.fraczinet.cl\/sitio\/#\/schema\/person\/aec8ee4da68df2b9b0eefdad24a0d582"},"image":{"@id":"https:\/\/www.fraczinet.cl\/sitio\/2024\/06\/22\/nace-la-gran-colombia\/#primaryimage"},"thumbnailUrl":"https:\/\/www.fraczinet.cl\/sitio\/wp-content\/uploads\/2024\/06\/La-Gran-Colombia.jpeg","articleSection":["Historia","Independencia","Sim\u00f3n Bolivar"],"inLanguage":"es","potentialAction":[{"@type":"CommentAction","name":"Comment","target":["https:\/\/www.fraczinet.cl\/sitio\/2024\/06\/22\/nace-la-gran-colombia\/#respond"]}]},{"@type":"WebPage","@id":"https:\/\/www.fraczinet.cl\/sitio\/2024\/06\/22\/nace-la-gran-colombia\/","url":"https:\/\/www.fraczinet.cl\/sitio\/2024\/06\/22\/nace-la-gran-colombia\/","name":"Nace La Gran Colombia - Nuestro Bio B\u00edo","isPartOf":{"@id":"https:\/\/www.fraczinet.cl\/sitio\/#website"},"primaryImageOfPage":{"@id":"https:\/\/www.fraczinet.cl\/sitio\/2024\/06\/22\/nace-la-gran-colombia\/#primaryimage"},"image":{"@id":"https:\/\/www.fraczinet.cl\/sitio\/2024\/06\/22\/nace-la-gran-colombia\/#primaryimage"},"thumbnailUrl":"https:\/\/www.fraczinet.cl\/sitio\/wp-content\/uploads\/2024\/06\/La-Gran-Colombia.jpeg","datePublished":"2024-06-22T23:38:25+00:00","description":"El 15 de febrero de 1819, los delegados revolucionarios reunidos en el Congreso de Angostura y luego en C\u00facuta proclaman el nacimiento de la Gran Colombia.","breadcrumb":{"@id":"https:\/\/www.fraczinet.cl\/sitio\/2024\/06\/22\/nace-la-gran-colombia\/#breadcrumb"},"inLanguage":"es","potentialAction":[{"@type":"ReadAction","target":["https:\/\/www.fraczinet.cl\/sitio\/2024\/06\/22\/nace-la-gran-colombia\/"]}]},{"@type":"ImageObject","inLanguage":"es","@id":"https:\/\/www.fraczinet.cl\/sitio\/2024\/06\/22\/nace-la-gran-colombia\/#primaryimage","url":"https:\/\/www.fraczinet.cl\/sitio\/wp-content\/uploads\/2024\/06\/La-Gran-Colombia.jpeg","contentUrl":"https:\/\/www.fraczinet.cl\/sitio\/wp-content\/uploads\/2024\/06\/La-Gran-Colombia.jpeg","width":550,"height":524},{"@type":"BreadcrumbList","@id":"https:\/\/www.fraczinet.cl\/sitio\/2024\/06\/22\/nace-la-gran-colombia\/#breadcrumb","itemListElement":[{"@type":"ListItem","position":1,"name":"Portada","item":"https:\/\/www.fraczinet.cl\/sitio\/"},{"@type":"ListItem","position":2,"name":"Nace La Gran Colombia"}]},{"@type":"WebSite","@id":"https:\/\/www.fraczinet.cl\/sitio\/#website","url":"https:\/\/www.fraczinet.cl\/sitio\/","name":"Nuestro Bio B\u00edo","description":"Tierra de Encuentros","publisher":{"@id":"https:\/\/www.fraczinet.cl\/sitio\/#\/schema\/person\/aec8ee4da68df2b9b0eefdad24a0d582"},"potentialAction":[{"@type":"SearchAction","target":{"@type":"EntryPoint","urlTemplate":"https:\/\/www.fraczinet.cl\/sitio\/?s={search_term_string}"},"query-input":{"@type":"PropertyValueSpecification","valueRequired":true,"valueName":"search_term_string"}}],"inLanguage":"es"},{"@type":["Person","Organization"],"@id":"https:\/\/www.fraczinet.cl\/sitio\/#\/schema\/person\/aec8ee4da68df2b9b0eefdad24a0d582","name":"Luis Fernando Fraczinet","image":{"@type":"ImageObject","inLanguage":"es","@id":"https:\/\/www.fraczinet.cl\/sitio\/#\/schema\/person\/image\/","url":"https:\/\/www.fraczinet.cl\/sitio\/wp-content\/uploads\/2021\/07\/bannerlogo-1.gif","contentUrl":"https:\/\/www.fraczinet.cl\/sitio\/wp-content\/uploads\/2021\/07\/bannerlogo-1.gif","width":159,"height":79,"caption":"Luis Fernando Fraczinet"},"logo":{"@id":"https:\/\/www.fraczinet.cl\/sitio\/#\/schema\/person\/image\/"},"sameAs":["https:\/\/www.fraczinet.cl\/sitio\/"]},{"@type":"Person","@id":"https:\/\/www.fraczinet.cl\/sitio\/#\/schema\/person\/bc30f98e9cb10ae7e119dbe14bc93784","name":"admin","image":{"@type":"ImageObject","inLanguage":"es","@id":"https:\/\/www.fraczinet.cl\/sitio\/#\/schema\/person\/image\/","url":"https:\/\/secure.gravatar.com\/avatar\/d5ad3cf7ef3b23a2bb5be73be780c86b2fc8545c3ad6b149f3913ff458c00099?s=96&d=mm&r=g","contentUrl":"https:\/\/secure.gravatar.com\/avatar\/d5ad3cf7ef3b23a2bb5be73be780c86b2fc8545c3ad6b149f3913ff458c00099?s=96&d=mm&r=g","caption":"admin"},"sameAs":["https:\/\/www.fraczinet.cl\/sitio"]}]}},"_links":{"self":[{"href":"https:\/\/www.fraczinet.cl\/sitio\/wp-json\/wp\/v2\/posts\/15858","targetHints":{"allow":["GET"]}}],"collection":[{"href":"https:\/\/www.fraczinet.cl\/sitio\/wp-json\/wp\/v2\/posts"}],"about":[{"href":"https:\/\/www.fraczinet.cl\/sitio\/wp-json\/wp\/v2\/types\/post"}],"author":[{"embeddable":true,"href":"https:\/\/www.fraczinet.cl\/sitio\/wp-json\/wp\/v2\/users\/1"}],"replies":[{"embeddable":true,"href":"https:\/\/www.fraczinet.cl\/sitio\/wp-json\/wp\/v2\/comments?post=15858"}],"version-history":[{"count":1,"href":"https:\/\/www.fraczinet.cl\/sitio\/wp-json\/wp\/v2\/posts\/15858\/revisions"}],"predecessor-version":[{"id":15860,"href":"https:\/\/www.fraczinet.cl\/sitio\/wp-json\/wp\/v2\/posts\/15858\/revisions\/15860"}],"wp:featuredmedia":[{"embeddable":true,"href":"https:\/\/www.fraczinet.cl\/sitio\/wp-json\/wp\/v2\/media\/15859"}],"wp:attachment":[{"href":"https:\/\/www.fraczinet.cl\/sitio\/wp-json\/wp\/v2\/media?parent=15858"}],"wp:term":[{"taxonomy":"category","embeddable":true,"href":"https:\/\/www.fraczinet.cl\/sitio\/wp-json\/wp\/v2\/categories?post=15858"},{"taxonomy":"post_tag","embeddable":true,"href":"https:\/\/www.fraczinet.cl\/sitio\/wp-json\/wp\/v2\/tags?post=15858"}],"curies":[{"name":"wp","href":"https:\/\/api.w.org\/{rel}","templated":true}]}}