{"id":15888,"date":"2024-07-09T23:39:25","date_gmt":"2024-07-09T23:39:25","guid":{"rendered":"https:\/\/www.fraczinet.cl\/sitio\/?p=15888"},"modified":"2024-07-09T23:39:25","modified_gmt":"2024-07-09T23:39:25","slug":"la-antartica-el-unico-territorio-del-planeta-que-vive-en-paz","status":"publish","type":"post","link":"https:\/\/www.fraczinet.cl\/sitio\/2024\/07\/09\/la-antartica-el-unico-territorio-del-planeta-que-vive-en-paz\/","title":{"rendered":"La Ant\u00e1rtica&#8230; El \u00danico Territorio Del Planeta Que Vive En Paz"},"content":{"rendered":"<p><span style=\"font-weight: 400;\"><img fetchpriority=\"high\" decoding=\"async\" class=\"size-medium wp-image-15890 alignleft\" src=\"https:\/\/www.fraczinet.cl\/sitio\/wp-content\/uploads\/2024\/07\/Tratado-Antartico-300x193.webp\" alt=\"\" width=\"300\" height=\"193\" srcset=\"https:\/\/www.fraczinet.cl\/sitio\/wp-content\/uploads\/2024\/07\/Tratado-Antartico-300x193.webp 300w, https:\/\/www.fraczinet.cl\/sitio\/wp-content\/uploads\/2024\/07\/Tratado-Antartico-768x494.webp 768w, https:\/\/www.fraczinet.cl\/sitio\/wp-content\/uploads\/2024\/07\/Tratado-Antartico.webp 1024w\" sizes=\"(max-width: 300px) 100vw, 300px\" \/>El Tratado Ant\u00e1rtico se firm\u00f3 el 1 de diciembre de 1959 en Washington y entr\u00f3 en vigencia el 23 de junio de 1961.<\/span><\/p>\n<p>&nbsp;<\/p>\n<p><span style=\"font-weight: 400;\">A trav\u00e9s de \u00e9ste, se brinda un marco normativo en relaci\u00f3n a: el uso pac\u00edfico de la Ant\u00e1rtica; la cooperaci\u00f3n para la investigaci\u00f3n cient\u00edfica; intercambio de informaciones; el r\u00e9gimen de inspecciones de las actividades que se realizan en la Ant\u00e1rtica; la condici\u00f3n de statu quo de las reclamaciones territoriales de siete de los pa\u00edses signatarios, entre los cuales se encuentra Chile; la estructura org\u00e1nica; las actividades de terceros Estados en la Ant\u00e1rtica; y las normas y convenciones para la conservaci\u00f3n de los recursos y del ambiente.<\/span><\/p>\n<p>&nbsp;<\/p>\n<p><span style=\"font-weight: 400;\">El Tratado designa a la Ant\u00e1rtica como una regi\u00f3n de paz y cooperaci\u00f3n, abordando adem\u00e1s las cuestiones relacionadas con los reclamos de soberan\u00eda. Establece que: \u201cen inter\u00e9s de toda la humanidad que la Ant\u00e1rtica contin\u00fae utiliz\u00e1ndose siempre exclusivamente para fines pac\u00edficos y que no llegue a ser escenario u objeto de discordia internacional\u201d.<\/span><\/p>\n<p>&nbsp;<\/p>\n<p><span style=\"font-weight: 400;\">El Tratado fue firmado por los doce pa\u00edses que hab\u00edan desarrollado actividades en el Continente Blanco durante el A\u00f1o Geof\u00edsico Internacional (1957-58). Los pa\u00edses signatarios fueron: Argentina, Nueva Zelandia, Australia, Noruega, B\u00e9lgica, Sud\u00e1frica, Rusia (Uni\u00f3n Sovi\u00e9tica), Chile, Francia, Gran Breta\u00f1a, Jap\u00f3n y Estados Unidos. Estos pa\u00edses adquirieron autom\u00e1ticamente la condici\u00f3n de Miembros Consultivos.<\/span><\/p>\n<p>&nbsp;<\/p>\n<p><span style=\"font-weight: 400;\">El 50\u00b0 Aniversario del Tratado fue celebrado el d\u00eda 6 de abril de 2009 en Washington, con una Declaraci\u00f3n Ministerial de los Pa\u00edses Partes.<\/span><\/p>\n<p>&nbsp;<\/p>\n<h5><span style=\"font-weight: 400;\"><strong>Acuerdos<\/strong>:<\/span><\/h5>\n<p>&nbsp;<\/p>\n<p><span style=\"font-weight: 400;\">El Tratado es la base de varios acuerdos complementarios, que junto con las medidas adoptadas en el marco del Tratado Ant\u00e1rtico y los acuerdos conexos, suelen denominarse Sistema del Tratado Ant\u00e1rtico (STA).<\/span><\/p>\n<p>&nbsp;<\/p>\n<p><span style=\"font-weight: 400;\">El STA es un conjunto org\u00e1nico de normas jur\u00eddicas y pol\u00edticas convertido en unas de las experiencias internacionales de mayor proyecci\u00f3n tanto por la importancia de sus elevados fines, como por la representatividad de las Partes Contratantes.<\/span><\/p>\n<p>&nbsp;<\/p>\n<p><span style=\"font-weight: 400;\">Los otros acuerdos que integran el sistema son:<\/span><\/p>\n<p>&nbsp;<\/p>\n<p><a href=\"https:\/\/www.inach.cl\/wp-content\/uploads\/2009\/10\/protocolo_medio_ambiente.pdf\"><span style=\"font-weight: 400;\">Protocolo al Tratado Ant\u00e1rtico sobre Protecci\u00f3n del Medio Ambiente.<\/span><\/a><span style=\"font-weight: 400;\"> (Madrid, 1991)<\/span><\/p>\n<p><a href=\"https:\/\/www.inach.cl\/wp-content\/uploads\/2009\/10\/vol1_13_CCAS_CCAS_s.pdf\"><span style=\"font-weight: 400;\">Convenci\u00f3n para la Conservaci\u00f3n de las Focas Ant\u00e1rticas, CCFA.<\/span><\/a><span style=\"font-weight: 400;\"> (Londres 12-16 de septiembre de 1988)<\/span><\/p>\n<p><a href=\"http:\/\/www.ccamlr.org\/pu\/s\/pubs\/bd\/pt1.pdf\"><span style=\"font-weight: 400;\">Convenci\u00f3n para la Conservaci\u00f3n de los Recursos Vivos Marinos Ant\u00e1rticos, CCRVMA.<\/span><\/a><span style=\"font-weight: 400;\"> (Canberra, 1980)<\/span><\/p>\n","protected":false},"excerpt":{"rendered":"<p>El Tratado Ant\u00e1rtico se firm\u00f3 el 1 de diciembre de 1959 en Washington y entr\u00f3 en vigencia el 23 de junio de 1961.<\/p>\n","protected":false},"author":1,"featured_media":15890,"comment_status":"open","ping_status":"closed","sticky":false,"template":"","format":"standard","meta":{"footnotes":""},"categories":[171,124],"tags":[],"class_list":["post-15888","post","type-post","status-publish","format-standard","has-post-thumbnail","hentry","category-biodiversidad","category-medio-ambiente"],"yoast_head":"<!-- This site is optimized with the Yoast SEO plugin v25.0 - https:\/\/yoast.com\/wordpress\/plugins\/seo\/ -->\n<title>La Ant\u00e1rtica... El \u00danico Territorio Del Planeta Que Vive En Paz - Nuestro Bio B\u00edo<\/title>\n<meta name=\"description\" content=\"El Tratado Ant\u00e1rtico se firm\u00f3 el 1 de diciembre de 1959 en Washington y entr\u00f3 en vigencia el 23 de junio de 1961.\" \/>\n<meta name=\"robots\" content=\"index, follow, max-snippet:-1, max-image-preview:large, max-video-preview:-1\" \/>\n<link rel=\"canonical\" href=\"https:\/\/www.fraczinet.cl\/sitio\/2024\/07\/09\/la-antartica-el-unico-territorio-del-planeta-que-vive-en-paz\/\" \/>\n<meta property=\"og:locale\" content=\"es_ES\" \/>\n<meta property=\"og:type\" content=\"article\" \/>\n<meta property=\"og:title\" content=\"La Ant\u00e1rtica... El \u00danico Territorio Del Planeta Que Vive En Paz - Nuestro Bio B\u00edo\" \/>\n<meta property=\"og:description\" content=\"El Tratado Ant\u00e1rtico se firm\u00f3 el 1 de diciembre de 1959 en Washington y entr\u00f3 en vigencia el 23 de junio de 1961.\" \/>\n<meta property=\"og:url\" content=\"https:\/\/www.fraczinet.cl\/sitio\/2024\/07\/09\/la-antartica-el-unico-territorio-del-planeta-que-vive-en-paz\/\" \/>\n<meta property=\"og:site_name\" content=\"Nuestro Bio B\u00edo\" \/>\n<meta property=\"article:published_time\" content=\"2024-07-09T23:39:25+00:00\" \/>\n<meta property=\"og:image\" content=\"https:\/\/www.fraczinet.cl\/sitio\/wp-content\/uploads\/2024\/07\/Tratado-Antartico.webp\" \/>\n\t<meta property=\"og:image:width\" content=\"1024\" \/>\n\t<meta property=\"og:image:height\" content=\"658\" \/>\n\t<meta property=\"og:image:type\" content=\"image\/webp\" \/>\n<meta name=\"author\" content=\"admin\" \/>\n<meta name=\"twitter:card\" content=\"summary_large_image\" \/>\n<meta name=\"twitter:creator\" content=\"@nuestrobiobio\" \/>\n<meta name=\"twitter:site\" content=\"@nuestrobiobio\" \/>\n<meta name=\"twitter:label1\" content=\"Escrito por\" \/>\n\t<meta name=\"twitter:data1\" content=\"admin\" \/>\n\t<meta name=\"twitter:label2\" content=\"Tiempo de lectura\" \/>\n\t<meta name=\"twitter:data2\" content=\"3 minutos\" \/>\n<script type=\"application\/ld+json\" class=\"yoast-schema-graph\">{\"@context\":\"https:\/\/schema.org\",\"@graph\":[{\"@type\":\"Article\",\"@id\":\"https:\/\/www.fraczinet.cl\/sitio\/2024\/07\/09\/la-antartica-el-unico-territorio-del-planeta-que-vive-en-paz\/#article\",\"isPartOf\":{\"@id\":\"https:\/\/www.fraczinet.cl\/sitio\/2024\/07\/09\/la-antartica-el-unico-territorio-del-planeta-que-vive-en-paz\/\"},\"author\":{\"name\":\"admin\",\"@id\":\"https:\/\/www.fraczinet.cl\/sitio\/#\/schema\/person\/bc30f98e9cb10ae7e119dbe14bc93784\"},\"headline\":\"La Ant\u00e1rtica&#8230; El \u00danico Territorio Del Planeta Que Vive En Paz\",\"datePublished\":\"2024-07-09T23:39:25+00:00\",\"mainEntityOfPage\":{\"@id\":\"https:\/\/www.fraczinet.cl\/sitio\/2024\/07\/09\/la-antartica-el-unico-territorio-del-planeta-que-vive-en-paz\/\"},\"wordCount\":423,\"commentCount\":0,\"publisher\":{\"@id\":\"https:\/\/www.fraczinet.cl\/sitio\/#\/schema\/person\/aec8ee4da68df2b9b0eefdad24a0d582\"},\"image\":{\"@id\":\"https:\/\/www.fraczinet.cl\/sitio\/2024\/07\/09\/la-antartica-el-unico-territorio-del-planeta-que-vive-en-paz\/#primaryimage\"},\"thumbnailUrl\":\"https:\/\/www.fraczinet.cl\/sitio\/wp-content\/uploads\/2024\/07\/Tratado-Antartico.webp\",\"articleSection\":[\"Biodiversidad\",\"Medio Ambiente\"],\"inLanguage\":\"es\",\"potentialAction\":[{\"@type\":\"CommentAction\",\"name\":\"Comment\",\"target\":[\"https:\/\/www.fraczinet.cl\/sitio\/2024\/07\/09\/la-antartica-el-unico-territorio-del-planeta-que-vive-en-paz\/#respond\"]}]},{\"@type\":\"WebPage\",\"@id\":\"https:\/\/www.fraczinet.cl\/sitio\/2024\/07\/09\/la-antartica-el-unico-territorio-del-planeta-que-vive-en-paz\/\",\"url\":\"https:\/\/www.fraczinet.cl\/sitio\/2024\/07\/09\/la-antartica-el-unico-territorio-del-planeta-que-vive-en-paz\/\",\"name\":\"La Ant\u00e1rtica... El \u00danico Territorio Del Planeta Que Vive En Paz - Nuestro Bio B\u00edo\",\"isPartOf\":{\"@id\":\"https:\/\/www.fraczinet.cl\/sitio\/#website\"},\"primaryImageOfPage\":{\"@id\":\"https:\/\/www.fraczinet.cl\/sitio\/2024\/07\/09\/la-antartica-el-unico-territorio-del-planeta-que-vive-en-paz\/#primaryimage\"},\"image\":{\"@id\":\"https:\/\/www.fraczinet.cl\/sitio\/2024\/07\/09\/la-antartica-el-unico-territorio-del-planeta-que-vive-en-paz\/#primaryimage\"},\"thumbnailUrl\":\"https:\/\/www.fraczinet.cl\/sitio\/wp-content\/uploads\/2024\/07\/Tratado-Antartico.webp\",\"datePublished\":\"2024-07-09T23:39:25+00:00\",\"description\":\"El Tratado Ant\u00e1rtico se firm\u00f3 el 1 de diciembre de 1959 en Washington y entr\u00f3 en vigencia el 23 de junio de 1961.\",\"breadcrumb\":{\"@id\":\"https:\/\/www.fraczinet.cl\/sitio\/2024\/07\/09\/la-antartica-el-unico-territorio-del-planeta-que-vive-en-paz\/#breadcrumb\"},\"inLanguage\":\"es\",\"potentialAction\":[{\"@type\":\"ReadAction\",\"target\":[\"https:\/\/www.fraczinet.cl\/sitio\/2024\/07\/09\/la-antartica-el-unico-territorio-del-planeta-que-vive-en-paz\/\"]}]},{\"@type\":\"ImageObject\",\"inLanguage\":\"es\",\"@id\":\"https:\/\/www.fraczinet.cl\/sitio\/2024\/07\/09\/la-antartica-el-unico-territorio-del-planeta-que-vive-en-paz\/#primaryimage\",\"url\":\"https:\/\/www.fraczinet.cl\/sitio\/wp-content\/uploads\/2024\/07\/Tratado-Antartico.webp\",\"contentUrl\":\"https:\/\/www.fraczinet.cl\/sitio\/wp-content\/uploads\/2024\/07\/Tratado-Antartico.webp\",\"width\":1024,\"height\":658},{\"@type\":\"BreadcrumbList\",\"@id\":\"https:\/\/www.fraczinet.cl\/sitio\/2024\/07\/09\/la-antartica-el-unico-territorio-del-planeta-que-vive-en-paz\/#breadcrumb\",\"itemListElement\":[{\"@type\":\"ListItem\",\"position\":1,\"name\":\"Portada\",\"item\":\"https:\/\/www.fraczinet.cl\/sitio\/\"},{\"@type\":\"ListItem\",\"position\":2,\"name\":\"La Ant\u00e1rtica&#8230; El \u00danico Territorio Del Planeta Que Vive En Paz\"}]},{\"@type\":\"WebSite\",\"@id\":\"https:\/\/www.fraczinet.cl\/sitio\/#website\",\"url\":\"https:\/\/www.fraczinet.cl\/sitio\/\",\"name\":\"Nuestro Bio B\u00edo\",\"description\":\"Tierra de Encuentros\",\"publisher\":{\"@id\":\"https:\/\/www.fraczinet.cl\/sitio\/#\/schema\/person\/aec8ee4da68df2b9b0eefdad24a0d582\"},\"potentialAction\":[{\"@type\":\"SearchAction\",\"target\":{\"@type\":\"EntryPoint\",\"urlTemplate\":\"https:\/\/www.fraczinet.cl\/sitio\/?s={search_term_string}\"},\"query-input\":{\"@type\":\"PropertyValueSpecification\",\"valueRequired\":true,\"valueName\":\"search_term_string\"}}],\"inLanguage\":\"es\"},{\"@type\":[\"Person\",\"Organization\"],\"@id\":\"https:\/\/www.fraczinet.cl\/sitio\/#\/schema\/person\/aec8ee4da68df2b9b0eefdad24a0d582\",\"name\":\"Luis Fernando Fraczinet\",\"image\":{\"@type\":\"ImageObject\",\"inLanguage\":\"es\",\"@id\":\"https:\/\/www.fraczinet.cl\/sitio\/#\/schema\/person\/image\/\",\"url\":\"https:\/\/www.fraczinet.cl\/sitio\/wp-content\/uploads\/2021\/07\/bannerlogo-1.gif\",\"contentUrl\":\"https:\/\/www.fraczinet.cl\/sitio\/wp-content\/uploads\/2021\/07\/bannerlogo-1.gif\",\"width\":159,\"height\":79,\"caption\":\"Luis Fernando Fraczinet\"},\"logo\":{\"@id\":\"https:\/\/www.fraczinet.cl\/sitio\/#\/schema\/person\/image\/\"},\"sameAs\":[\"https:\/\/www.fraczinet.cl\/sitio\/\"]},{\"@type\":\"Person\",\"@id\":\"https:\/\/www.fraczinet.cl\/sitio\/#\/schema\/person\/bc30f98e9cb10ae7e119dbe14bc93784\",\"name\":\"admin\",\"image\":{\"@type\":\"ImageObject\",\"inLanguage\":\"es\",\"@id\":\"https:\/\/www.fraczinet.cl\/sitio\/#\/schema\/person\/image\/\",\"url\":\"https:\/\/secure.gravatar.com\/avatar\/d5ad3cf7ef3b23a2bb5be73be780c86b2fc8545c3ad6b149f3913ff458c00099?s=96&d=mm&r=g\",\"contentUrl\":\"https:\/\/secure.gravatar.com\/avatar\/d5ad3cf7ef3b23a2bb5be73be780c86b2fc8545c3ad6b149f3913ff458c00099?s=96&d=mm&r=g\",\"caption\":\"admin\"},\"sameAs\":[\"https:\/\/www.fraczinet.cl\/sitio\"]}]}<\/script>\n<!-- \/ Yoast SEO plugin. -->","yoast_head_json":{"title":"La Ant\u00e1rtica... El \u00danico Territorio Del Planeta Que Vive En Paz - Nuestro Bio B\u00edo","description":"El Tratado Ant\u00e1rtico se firm\u00f3 el 1 de diciembre de 1959 en Washington y entr\u00f3 en vigencia el 23 de junio de 1961.","robots":{"index":"index","follow":"follow","max-snippet":"max-snippet:-1","max-image-preview":"max-image-preview:large","max-video-preview":"max-video-preview:-1"},"canonical":"https:\/\/www.fraczinet.cl\/sitio\/2024\/07\/09\/la-antartica-el-unico-territorio-del-planeta-que-vive-en-paz\/","og_locale":"es_ES","og_type":"article","og_title":"La Ant\u00e1rtica... El \u00danico Territorio Del Planeta Que Vive En Paz - Nuestro Bio B\u00edo","og_description":"El Tratado Ant\u00e1rtico se firm\u00f3 el 1 de diciembre de 1959 en Washington y entr\u00f3 en vigencia el 23 de junio de 1961.","og_url":"https:\/\/www.fraczinet.cl\/sitio\/2024\/07\/09\/la-antartica-el-unico-territorio-del-planeta-que-vive-en-paz\/","og_site_name":"Nuestro Bio B\u00edo","article_published_time":"2024-07-09T23:39:25+00:00","og_image":[{"width":1024,"height":658,"url":"https:\/\/www.fraczinet.cl\/sitio\/wp-content\/uploads\/2024\/07\/Tratado-Antartico.webp","type":"image\/webp"}],"author":"admin","twitter_card":"summary_large_image","twitter_creator":"@nuestrobiobio","twitter_site":"@nuestrobiobio","twitter_misc":{"Escrito por":"admin","Tiempo de lectura":"3 minutos"},"schema":{"@context":"https:\/\/schema.org","@graph":[{"@type":"Article","@id":"https:\/\/www.fraczinet.cl\/sitio\/2024\/07\/09\/la-antartica-el-unico-territorio-del-planeta-que-vive-en-paz\/#article","isPartOf":{"@id":"https:\/\/www.fraczinet.cl\/sitio\/2024\/07\/09\/la-antartica-el-unico-territorio-del-planeta-que-vive-en-paz\/"},"author":{"name":"admin","@id":"https:\/\/www.fraczinet.cl\/sitio\/#\/schema\/person\/bc30f98e9cb10ae7e119dbe14bc93784"},"headline":"La Ant\u00e1rtica&#8230; El \u00danico Territorio Del Planeta Que Vive En Paz","datePublished":"2024-07-09T23:39:25+00:00","mainEntityOfPage":{"@id":"https:\/\/www.fraczinet.cl\/sitio\/2024\/07\/09\/la-antartica-el-unico-territorio-del-planeta-que-vive-en-paz\/"},"wordCount":423,"commentCount":0,"publisher":{"@id":"https:\/\/www.fraczinet.cl\/sitio\/#\/schema\/person\/aec8ee4da68df2b9b0eefdad24a0d582"},"image":{"@id":"https:\/\/www.fraczinet.cl\/sitio\/2024\/07\/09\/la-antartica-el-unico-territorio-del-planeta-que-vive-en-paz\/#primaryimage"},"thumbnailUrl":"https:\/\/www.fraczinet.cl\/sitio\/wp-content\/uploads\/2024\/07\/Tratado-Antartico.webp","articleSection":["Biodiversidad","Medio Ambiente"],"inLanguage":"es","potentialAction":[{"@type":"CommentAction","name":"Comment","target":["https:\/\/www.fraczinet.cl\/sitio\/2024\/07\/09\/la-antartica-el-unico-territorio-del-planeta-que-vive-en-paz\/#respond"]}]},{"@type":"WebPage","@id":"https:\/\/www.fraczinet.cl\/sitio\/2024\/07\/09\/la-antartica-el-unico-territorio-del-planeta-que-vive-en-paz\/","url":"https:\/\/www.fraczinet.cl\/sitio\/2024\/07\/09\/la-antartica-el-unico-territorio-del-planeta-que-vive-en-paz\/","name":"La Ant\u00e1rtica... El \u00danico Territorio Del Planeta Que Vive En Paz - Nuestro Bio B\u00edo","isPartOf":{"@id":"https:\/\/www.fraczinet.cl\/sitio\/#website"},"primaryImageOfPage":{"@id":"https:\/\/www.fraczinet.cl\/sitio\/2024\/07\/09\/la-antartica-el-unico-territorio-del-planeta-que-vive-en-paz\/#primaryimage"},"image":{"@id":"https:\/\/www.fraczinet.cl\/sitio\/2024\/07\/09\/la-antartica-el-unico-territorio-del-planeta-que-vive-en-paz\/#primaryimage"},"thumbnailUrl":"https:\/\/www.fraczinet.cl\/sitio\/wp-content\/uploads\/2024\/07\/Tratado-Antartico.webp","datePublished":"2024-07-09T23:39:25+00:00","description":"El Tratado Ant\u00e1rtico se firm\u00f3 el 1 de diciembre de 1959 en Washington y entr\u00f3 en vigencia el 23 de junio de 1961.","breadcrumb":{"@id":"https:\/\/www.fraczinet.cl\/sitio\/2024\/07\/09\/la-antartica-el-unico-territorio-del-planeta-que-vive-en-paz\/#breadcrumb"},"inLanguage":"es","potentialAction":[{"@type":"ReadAction","target":["https:\/\/www.fraczinet.cl\/sitio\/2024\/07\/09\/la-antartica-el-unico-territorio-del-planeta-que-vive-en-paz\/"]}]},{"@type":"ImageObject","inLanguage":"es","@id":"https:\/\/www.fraczinet.cl\/sitio\/2024\/07\/09\/la-antartica-el-unico-territorio-del-planeta-que-vive-en-paz\/#primaryimage","url":"https:\/\/www.fraczinet.cl\/sitio\/wp-content\/uploads\/2024\/07\/Tratado-Antartico.webp","contentUrl":"https:\/\/www.fraczinet.cl\/sitio\/wp-content\/uploads\/2024\/07\/Tratado-Antartico.webp","width":1024,"height":658},{"@type":"BreadcrumbList","@id":"https:\/\/www.fraczinet.cl\/sitio\/2024\/07\/09\/la-antartica-el-unico-territorio-del-planeta-que-vive-en-paz\/#breadcrumb","itemListElement":[{"@type":"ListItem","position":1,"name":"Portada","item":"https:\/\/www.fraczinet.cl\/sitio\/"},{"@type":"ListItem","position":2,"name":"La Ant\u00e1rtica&#8230; El \u00danico Territorio Del Planeta Que Vive En Paz"}]},{"@type":"WebSite","@id":"https:\/\/www.fraczinet.cl\/sitio\/#website","url":"https:\/\/www.fraczinet.cl\/sitio\/","name":"Nuestro Bio B\u00edo","description":"Tierra de Encuentros","publisher":{"@id":"https:\/\/www.fraczinet.cl\/sitio\/#\/schema\/person\/aec8ee4da68df2b9b0eefdad24a0d582"},"potentialAction":[{"@type":"SearchAction","target":{"@type":"EntryPoint","urlTemplate":"https:\/\/www.fraczinet.cl\/sitio\/?s={search_term_string}"},"query-input":{"@type":"PropertyValueSpecification","valueRequired":true,"valueName":"search_term_string"}}],"inLanguage":"es"},{"@type":["Person","Organization"],"@id":"https:\/\/www.fraczinet.cl\/sitio\/#\/schema\/person\/aec8ee4da68df2b9b0eefdad24a0d582","name":"Luis Fernando Fraczinet","image":{"@type":"ImageObject","inLanguage":"es","@id":"https:\/\/www.fraczinet.cl\/sitio\/#\/schema\/person\/image\/","url":"https:\/\/www.fraczinet.cl\/sitio\/wp-content\/uploads\/2021\/07\/bannerlogo-1.gif","contentUrl":"https:\/\/www.fraczinet.cl\/sitio\/wp-content\/uploads\/2021\/07\/bannerlogo-1.gif","width":159,"height":79,"caption":"Luis Fernando Fraczinet"},"logo":{"@id":"https:\/\/www.fraczinet.cl\/sitio\/#\/schema\/person\/image\/"},"sameAs":["https:\/\/www.fraczinet.cl\/sitio\/"]},{"@type":"Person","@id":"https:\/\/www.fraczinet.cl\/sitio\/#\/schema\/person\/bc30f98e9cb10ae7e119dbe14bc93784","name":"admin","image":{"@type":"ImageObject","inLanguage":"es","@id":"https:\/\/www.fraczinet.cl\/sitio\/#\/schema\/person\/image\/","url":"https:\/\/secure.gravatar.com\/avatar\/d5ad3cf7ef3b23a2bb5be73be780c86b2fc8545c3ad6b149f3913ff458c00099?s=96&d=mm&r=g","contentUrl":"https:\/\/secure.gravatar.com\/avatar\/d5ad3cf7ef3b23a2bb5be73be780c86b2fc8545c3ad6b149f3913ff458c00099?s=96&d=mm&r=g","caption":"admin"},"sameAs":["https:\/\/www.fraczinet.cl\/sitio"]}]}},"_links":{"self":[{"href":"https:\/\/www.fraczinet.cl\/sitio\/wp-json\/wp\/v2\/posts\/15888","targetHints":{"allow":["GET"]}}],"collection":[{"href":"https:\/\/www.fraczinet.cl\/sitio\/wp-json\/wp\/v2\/posts"}],"about":[{"href":"https:\/\/www.fraczinet.cl\/sitio\/wp-json\/wp\/v2\/types\/post"}],"author":[{"embeddable":true,"href":"https:\/\/www.fraczinet.cl\/sitio\/wp-json\/wp\/v2\/users\/1"}],"replies":[{"embeddable":true,"href":"https:\/\/www.fraczinet.cl\/sitio\/wp-json\/wp\/v2\/comments?post=15888"}],"version-history":[{"count":1,"href":"https:\/\/www.fraczinet.cl\/sitio\/wp-json\/wp\/v2\/posts\/15888\/revisions"}],"predecessor-version":[{"id":15891,"href":"https:\/\/www.fraczinet.cl\/sitio\/wp-json\/wp\/v2\/posts\/15888\/revisions\/15891"}],"wp:featuredmedia":[{"embeddable":true,"href":"https:\/\/www.fraczinet.cl\/sitio\/wp-json\/wp\/v2\/media\/15890"}],"wp:attachment":[{"href":"https:\/\/www.fraczinet.cl\/sitio\/wp-json\/wp\/v2\/media?parent=15888"}],"wp:term":[{"taxonomy":"category","embeddable":true,"href":"https:\/\/www.fraczinet.cl\/sitio\/wp-json\/wp\/v2\/categories?post=15888"},{"taxonomy":"post_tag","embeddable":true,"href":"https:\/\/www.fraczinet.cl\/sitio\/wp-json\/wp\/v2\/tags?post=15888"}],"curies":[{"name":"wp","href":"https:\/\/api.w.org\/{rel}","templated":true}]}}