{"id":15893,"date":"2024-07-18T23:57:15","date_gmt":"2024-07-18T23:57:15","guid":{"rendered":"https:\/\/www.fraczinet.cl\/sitio\/?p=15893"},"modified":"2024-07-18T23:57:15","modified_gmt":"2024-07-18T23:57:15","slug":"cuando-la-capital-de-peru-fue-liberada-por-los-patriotas","status":"publish","type":"post","link":"https:\/\/www.fraczinet.cl\/sitio\/2024\/07\/18\/cuando-la-capital-de-peru-fue-liberada-por-los-patriotas\/","title":{"rendered":"Cuando La Capital De Per\u00fa Fue Liberada Por Los Patriotas"},"content":{"rendered":"<p><span style=\"font-weight: 400;\"><img decoding=\"async\" class=\"size-medium wp-image-15894 alignleft\" src=\"https:\/\/www.fraczinet.cl\/sitio\/wp-content\/uploads\/2024\/07\/San-Martin-en-Lima-300x155.jpeg\" alt=\"\" width=\"300\" height=\"155\" srcset=\"https:\/\/www.fraczinet.cl\/sitio\/wp-content\/uploads\/2024\/07\/San-Martin-en-Lima-300x155.jpeg 300w, https:\/\/www.fraczinet.cl\/sitio\/wp-content\/uploads\/2024\/07\/San-Martin-en-Lima.jpeg 600w\" sizes=\"(max-width: 300px) 100vw, 300px\" \/>El 12 de julio de 1821 la capital de Per\u00fa fue liberada por el ej\u00e9rcito de San Mart\u00edn. Ante el avance de las fuerzas patriotas el virrey espa\u00f1ol Jos\u00e9 de la Serna huye desde Lima hacia la fortaleza costera de El Callao. Los ej\u00e9rcitos realistas, aunque eran numerosos y veteranos, se dirigen al interior monta\u00f1oso para organizar la defensa.\u00a0<\/span><\/p>\n<p>&nbsp;<\/p>\n<p><span style=\"font-weight: 400;\">En esas circunstancias San Mart\u00edn encuentra el camino libre para tomar en forma incruenta la principal ciudad sudamericana. En lugar de hacer un ingreso triunfal con sus columnas por las calles de la ciudad, elige entrar por la noche acompa\u00f1ado por un ayudante. Pese a los rumores difundidos por los realistas, las tropas patriotas evitaron el pillaje y las represalias. Una multitud de lime\u00f1os recibe la noticia de su liberaci\u00f3n con manifestaciones y celebraciones p\u00fablicas.<\/span><\/p>\n","protected":false},"excerpt":{"rendered":"<p>El 12 de julio de 1821 la capital de Per\u00fa fue liberada por el ej\u00e9rcito de San Mart\u00edn.<\/p>\n","protected":false},"author":1,"featured_media":15894,"comment_status":"open","ping_status":"closed","sticky":false,"template":"","format":"standard","meta":{"footnotes":""},"categories":[10,427],"tags":[],"class_list":["post-15893","post","type-post","status-publish","format-standard","has-post-thumbnail","hentry","category-historia","category-independencia"],"yoast_head":"<!-- This site is optimized with the Yoast SEO plugin v25.0 - https:\/\/yoast.com\/wordpress\/plugins\/seo\/ -->\n<title>Cuando La Capital De Per\u00fa Fue Liberada Por Los Patriotas - Nuestro Bio B\u00edo<\/title>\n<meta name=\"description\" content=\"El 12 de julio de 1821 la capital de Per\u00fa fue liberada por el ej\u00e9rcito de San Mart\u00edn.\" \/>\n<meta name=\"robots\" content=\"index, follow, max-snippet:-1, max-image-preview:large, max-video-preview:-1\" \/>\n<link rel=\"canonical\" href=\"https:\/\/www.fraczinet.cl\/sitio\/2024\/07\/18\/cuando-la-capital-de-peru-fue-liberada-por-los-patriotas\/\" \/>\n<meta property=\"og:locale\" content=\"es_ES\" \/>\n<meta property=\"og:type\" content=\"article\" \/>\n<meta property=\"og:title\" content=\"Cuando La Capital De Per\u00fa Fue Liberada Por Los Patriotas - Nuestro Bio B\u00edo\" \/>\n<meta property=\"og:description\" content=\"El 12 de julio de 1821 la capital de Per\u00fa fue liberada por el ej\u00e9rcito de San Mart\u00edn.\" \/>\n<meta property=\"og:url\" content=\"https:\/\/www.fraczinet.cl\/sitio\/2024\/07\/18\/cuando-la-capital-de-peru-fue-liberada-por-los-patriotas\/\" \/>\n<meta property=\"og:site_name\" content=\"Nuestro Bio B\u00edo\" \/>\n<meta property=\"article:published_time\" content=\"2024-07-18T23:57:15+00:00\" \/>\n<meta property=\"og:image\" content=\"https:\/\/www.fraczinet.cl\/sitio\/wp-content\/uploads\/2024\/07\/San-Martin-en-Lima.jpeg\" \/>\n\t<meta property=\"og:image:width\" content=\"600\" \/>\n\t<meta property=\"og:image:height\" content=\"310\" \/>\n\t<meta property=\"og:image:type\" content=\"image\/jpeg\" \/>\n<meta name=\"author\" content=\"admin\" \/>\n<meta name=\"twitter:card\" content=\"summary_large_image\" \/>\n<meta name=\"twitter:creator\" content=\"@nuestrobiobio\" \/>\n<meta name=\"twitter:site\" content=\"@nuestrobiobio\" \/>\n<meta name=\"twitter:label1\" content=\"Escrito por\" \/>\n\t<meta name=\"twitter:data1\" content=\"admin\" \/>\n\t<meta name=\"twitter:label2\" content=\"Tiempo de lectura\" \/>\n\t<meta name=\"twitter:data2\" content=\"2 minutos\" \/>\n<script type=\"application\/ld+json\" class=\"yoast-schema-graph\">{\"@context\":\"https:\/\/schema.org\",\"@graph\":[{\"@type\":\"Article\",\"@id\":\"https:\/\/www.fraczinet.cl\/sitio\/2024\/07\/18\/cuando-la-capital-de-peru-fue-liberada-por-los-patriotas\/#article\",\"isPartOf\":{\"@id\":\"https:\/\/www.fraczinet.cl\/sitio\/2024\/07\/18\/cuando-la-capital-de-peru-fue-liberada-por-los-patriotas\/\"},\"author\":{\"name\":\"admin\",\"@id\":\"https:\/\/www.fraczinet.cl\/sitio\/#\/schema\/person\/bc30f98e9cb10ae7e119dbe14bc93784\"},\"headline\":\"Cuando La Capital De Per\u00fa Fue Liberada Por Los Patriotas\",\"datePublished\":\"2024-07-18T23:57:15+00:00\",\"mainEntityOfPage\":{\"@id\":\"https:\/\/www.fraczinet.cl\/sitio\/2024\/07\/18\/cuando-la-capital-de-peru-fue-liberada-por-los-patriotas\/\"},\"wordCount\":153,\"commentCount\":0,\"publisher\":{\"@id\":\"https:\/\/www.fraczinet.cl\/sitio\/#\/schema\/person\/aec8ee4da68df2b9b0eefdad24a0d582\"},\"image\":{\"@id\":\"https:\/\/www.fraczinet.cl\/sitio\/2024\/07\/18\/cuando-la-capital-de-peru-fue-liberada-por-los-patriotas\/#primaryimage\"},\"thumbnailUrl\":\"https:\/\/www.fraczinet.cl\/sitio\/wp-content\/uploads\/2024\/07\/San-Martin-en-Lima.jpeg\",\"articleSection\":[\"Historia\",\"Independencia\"],\"inLanguage\":\"es\",\"potentialAction\":[{\"@type\":\"CommentAction\",\"name\":\"Comment\",\"target\":[\"https:\/\/www.fraczinet.cl\/sitio\/2024\/07\/18\/cuando-la-capital-de-peru-fue-liberada-por-los-patriotas\/#respond\"]}]},{\"@type\":\"WebPage\",\"@id\":\"https:\/\/www.fraczinet.cl\/sitio\/2024\/07\/18\/cuando-la-capital-de-peru-fue-liberada-por-los-patriotas\/\",\"url\":\"https:\/\/www.fraczinet.cl\/sitio\/2024\/07\/18\/cuando-la-capital-de-peru-fue-liberada-por-los-patriotas\/\",\"name\":\"Cuando La Capital De Per\u00fa Fue Liberada Por Los Patriotas - Nuestro Bio B\u00edo\",\"isPartOf\":{\"@id\":\"https:\/\/www.fraczinet.cl\/sitio\/#website\"},\"primaryImageOfPage\":{\"@id\":\"https:\/\/www.fraczinet.cl\/sitio\/2024\/07\/18\/cuando-la-capital-de-peru-fue-liberada-por-los-patriotas\/#primaryimage\"},\"image\":{\"@id\":\"https:\/\/www.fraczinet.cl\/sitio\/2024\/07\/18\/cuando-la-capital-de-peru-fue-liberada-por-los-patriotas\/#primaryimage\"},\"thumbnailUrl\":\"https:\/\/www.fraczinet.cl\/sitio\/wp-content\/uploads\/2024\/07\/San-Martin-en-Lima.jpeg\",\"datePublished\":\"2024-07-18T23:57:15+00:00\",\"description\":\"El 12 de julio de 1821 la capital de Per\u00fa fue liberada por el ej\u00e9rcito de San Mart\u00edn.\",\"breadcrumb\":{\"@id\":\"https:\/\/www.fraczinet.cl\/sitio\/2024\/07\/18\/cuando-la-capital-de-peru-fue-liberada-por-los-patriotas\/#breadcrumb\"},\"inLanguage\":\"es\",\"potentialAction\":[{\"@type\":\"ReadAction\",\"target\":[\"https:\/\/www.fraczinet.cl\/sitio\/2024\/07\/18\/cuando-la-capital-de-peru-fue-liberada-por-los-patriotas\/\"]}]},{\"@type\":\"ImageObject\",\"inLanguage\":\"es\",\"@id\":\"https:\/\/www.fraczinet.cl\/sitio\/2024\/07\/18\/cuando-la-capital-de-peru-fue-liberada-por-los-patriotas\/#primaryimage\",\"url\":\"https:\/\/www.fraczinet.cl\/sitio\/wp-content\/uploads\/2024\/07\/San-Martin-en-Lima.jpeg\",\"contentUrl\":\"https:\/\/www.fraczinet.cl\/sitio\/wp-content\/uploads\/2024\/07\/San-Martin-en-Lima.jpeg\",\"width\":600,\"height\":310},{\"@type\":\"BreadcrumbList\",\"@id\":\"https:\/\/www.fraczinet.cl\/sitio\/2024\/07\/18\/cuando-la-capital-de-peru-fue-liberada-por-los-patriotas\/#breadcrumb\",\"itemListElement\":[{\"@type\":\"ListItem\",\"position\":1,\"name\":\"Portada\",\"item\":\"https:\/\/www.fraczinet.cl\/sitio\/\"},{\"@type\":\"ListItem\",\"position\":2,\"name\":\"Cuando La Capital De Per\u00fa Fue Liberada Por Los Patriotas\"}]},{\"@type\":\"WebSite\",\"@id\":\"https:\/\/www.fraczinet.cl\/sitio\/#website\",\"url\":\"https:\/\/www.fraczinet.cl\/sitio\/\",\"name\":\"Nuestro Bio B\u00edo\",\"description\":\"Tierra de Encuentros\",\"publisher\":{\"@id\":\"https:\/\/www.fraczinet.cl\/sitio\/#\/schema\/person\/aec8ee4da68df2b9b0eefdad24a0d582\"},\"potentialAction\":[{\"@type\":\"SearchAction\",\"target\":{\"@type\":\"EntryPoint\",\"urlTemplate\":\"https:\/\/www.fraczinet.cl\/sitio\/?s={search_term_string}\"},\"query-input\":{\"@type\":\"PropertyValueSpecification\",\"valueRequired\":true,\"valueName\":\"search_term_string\"}}],\"inLanguage\":\"es\"},{\"@type\":[\"Person\",\"Organization\"],\"@id\":\"https:\/\/www.fraczinet.cl\/sitio\/#\/schema\/person\/aec8ee4da68df2b9b0eefdad24a0d582\",\"name\":\"Luis Fernando Fraczinet\",\"image\":{\"@type\":\"ImageObject\",\"inLanguage\":\"es\",\"@id\":\"https:\/\/www.fraczinet.cl\/sitio\/#\/schema\/person\/image\/\",\"url\":\"https:\/\/www.fraczinet.cl\/sitio\/wp-content\/uploads\/2021\/07\/bannerlogo-1.gif\",\"contentUrl\":\"https:\/\/www.fraczinet.cl\/sitio\/wp-content\/uploads\/2021\/07\/bannerlogo-1.gif\",\"width\":159,\"height\":79,\"caption\":\"Luis Fernando Fraczinet\"},\"logo\":{\"@id\":\"https:\/\/www.fraczinet.cl\/sitio\/#\/schema\/person\/image\/\"},\"sameAs\":[\"https:\/\/www.fraczinet.cl\/sitio\/\"]},{\"@type\":\"Person\",\"@id\":\"https:\/\/www.fraczinet.cl\/sitio\/#\/schema\/person\/bc30f98e9cb10ae7e119dbe14bc93784\",\"name\":\"admin\",\"image\":{\"@type\":\"ImageObject\",\"inLanguage\":\"es\",\"@id\":\"https:\/\/www.fraczinet.cl\/sitio\/#\/schema\/person\/image\/\",\"url\":\"https:\/\/secure.gravatar.com\/avatar\/d5ad3cf7ef3b23a2bb5be73be780c86b2fc8545c3ad6b149f3913ff458c00099?s=96&d=mm&r=g\",\"contentUrl\":\"https:\/\/secure.gravatar.com\/avatar\/d5ad3cf7ef3b23a2bb5be73be780c86b2fc8545c3ad6b149f3913ff458c00099?s=96&d=mm&r=g\",\"caption\":\"admin\"},\"sameAs\":[\"https:\/\/www.fraczinet.cl\/sitio\"]}]}<\/script>\n<!-- \/ Yoast SEO plugin. -->","yoast_head_json":{"title":"Cuando La Capital De Per\u00fa Fue Liberada Por Los Patriotas - Nuestro Bio B\u00edo","description":"El 12 de julio de 1821 la capital de Per\u00fa fue liberada por el ej\u00e9rcito de San Mart\u00edn.","robots":{"index":"index","follow":"follow","max-snippet":"max-snippet:-1","max-image-preview":"max-image-preview:large","max-video-preview":"max-video-preview:-1"},"canonical":"https:\/\/www.fraczinet.cl\/sitio\/2024\/07\/18\/cuando-la-capital-de-peru-fue-liberada-por-los-patriotas\/","og_locale":"es_ES","og_type":"article","og_title":"Cuando La Capital De Per\u00fa Fue Liberada Por Los Patriotas - Nuestro Bio B\u00edo","og_description":"El 12 de julio de 1821 la capital de Per\u00fa fue liberada por el ej\u00e9rcito de San Mart\u00edn.","og_url":"https:\/\/www.fraczinet.cl\/sitio\/2024\/07\/18\/cuando-la-capital-de-peru-fue-liberada-por-los-patriotas\/","og_site_name":"Nuestro Bio B\u00edo","article_published_time":"2024-07-18T23:57:15+00:00","og_image":[{"width":600,"height":310,"url":"https:\/\/www.fraczinet.cl\/sitio\/wp-content\/uploads\/2024\/07\/San-Martin-en-Lima.jpeg","type":"image\/jpeg"}],"author":"admin","twitter_card":"summary_large_image","twitter_creator":"@nuestrobiobio","twitter_site":"@nuestrobiobio","twitter_misc":{"Escrito por":"admin","Tiempo de lectura":"2 minutos"},"schema":{"@context":"https:\/\/schema.org","@graph":[{"@type":"Article","@id":"https:\/\/www.fraczinet.cl\/sitio\/2024\/07\/18\/cuando-la-capital-de-peru-fue-liberada-por-los-patriotas\/#article","isPartOf":{"@id":"https:\/\/www.fraczinet.cl\/sitio\/2024\/07\/18\/cuando-la-capital-de-peru-fue-liberada-por-los-patriotas\/"},"author":{"name":"admin","@id":"https:\/\/www.fraczinet.cl\/sitio\/#\/schema\/person\/bc30f98e9cb10ae7e119dbe14bc93784"},"headline":"Cuando La Capital De Per\u00fa Fue Liberada Por Los Patriotas","datePublished":"2024-07-18T23:57:15+00:00","mainEntityOfPage":{"@id":"https:\/\/www.fraczinet.cl\/sitio\/2024\/07\/18\/cuando-la-capital-de-peru-fue-liberada-por-los-patriotas\/"},"wordCount":153,"commentCount":0,"publisher":{"@id":"https:\/\/www.fraczinet.cl\/sitio\/#\/schema\/person\/aec8ee4da68df2b9b0eefdad24a0d582"},"image":{"@id":"https:\/\/www.fraczinet.cl\/sitio\/2024\/07\/18\/cuando-la-capital-de-peru-fue-liberada-por-los-patriotas\/#primaryimage"},"thumbnailUrl":"https:\/\/www.fraczinet.cl\/sitio\/wp-content\/uploads\/2024\/07\/San-Martin-en-Lima.jpeg","articleSection":["Historia","Independencia"],"inLanguage":"es","potentialAction":[{"@type":"CommentAction","name":"Comment","target":["https:\/\/www.fraczinet.cl\/sitio\/2024\/07\/18\/cuando-la-capital-de-peru-fue-liberada-por-los-patriotas\/#respond"]}]},{"@type":"WebPage","@id":"https:\/\/www.fraczinet.cl\/sitio\/2024\/07\/18\/cuando-la-capital-de-peru-fue-liberada-por-los-patriotas\/","url":"https:\/\/www.fraczinet.cl\/sitio\/2024\/07\/18\/cuando-la-capital-de-peru-fue-liberada-por-los-patriotas\/","name":"Cuando La Capital De Per\u00fa Fue Liberada Por Los Patriotas - Nuestro Bio B\u00edo","isPartOf":{"@id":"https:\/\/www.fraczinet.cl\/sitio\/#website"},"primaryImageOfPage":{"@id":"https:\/\/www.fraczinet.cl\/sitio\/2024\/07\/18\/cuando-la-capital-de-peru-fue-liberada-por-los-patriotas\/#primaryimage"},"image":{"@id":"https:\/\/www.fraczinet.cl\/sitio\/2024\/07\/18\/cuando-la-capital-de-peru-fue-liberada-por-los-patriotas\/#primaryimage"},"thumbnailUrl":"https:\/\/www.fraczinet.cl\/sitio\/wp-content\/uploads\/2024\/07\/San-Martin-en-Lima.jpeg","datePublished":"2024-07-18T23:57:15+00:00","description":"El 12 de julio de 1821 la capital de Per\u00fa fue liberada por el ej\u00e9rcito de San Mart\u00edn.","breadcrumb":{"@id":"https:\/\/www.fraczinet.cl\/sitio\/2024\/07\/18\/cuando-la-capital-de-peru-fue-liberada-por-los-patriotas\/#breadcrumb"},"inLanguage":"es","potentialAction":[{"@type":"ReadAction","target":["https:\/\/www.fraczinet.cl\/sitio\/2024\/07\/18\/cuando-la-capital-de-peru-fue-liberada-por-los-patriotas\/"]}]},{"@type":"ImageObject","inLanguage":"es","@id":"https:\/\/www.fraczinet.cl\/sitio\/2024\/07\/18\/cuando-la-capital-de-peru-fue-liberada-por-los-patriotas\/#primaryimage","url":"https:\/\/www.fraczinet.cl\/sitio\/wp-content\/uploads\/2024\/07\/San-Martin-en-Lima.jpeg","contentUrl":"https:\/\/www.fraczinet.cl\/sitio\/wp-content\/uploads\/2024\/07\/San-Martin-en-Lima.jpeg","width":600,"height":310},{"@type":"BreadcrumbList","@id":"https:\/\/www.fraczinet.cl\/sitio\/2024\/07\/18\/cuando-la-capital-de-peru-fue-liberada-por-los-patriotas\/#breadcrumb","itemListElement":[{"@type":"ListItem","position":1,"name":"Portada","item":"https:\/\/www.fraczinet.cl\/sitio\/"},{"@type":"ListItem","position":2,"name":"Cuando La Capital De Per\u00fa Fue Liberada Por Los Patriotas"}]},{"@type":"WebSite","@id":"https:\/\/www.fraczinet.cl\/sitio\/#website","url":"https:\/\/www.fraczinet.cl\/sitio\/","name":"Nuestro Bio B\u00edo","description":"Tierra de Encuentros","publisher":{"@id":"https:\/\/www.fraczinet.cl\/sitio\/#\/schema\/person\/aec8ee4da68df2b9b0eefdad24a0d582"},"potentialAction":[{"@type":"SearchAction","target":{"@type":"EntryPoint","urlTemplate":"https:\/\/www.fraczinet.cl\/sitio\/?s={search_term_string}"},"query-input":{"@type":"PropertyValueSpecification","valueRequired":true,"valueName":"search_term_string"}}],"inLanguage":"es"},{"@type":["Person","Organization"],"@id":"https:\/\/www.fraczinet.cl\/sitio\/#\/schema\/person\/aec8ee4da68df2b9b0eefdad24a0d582","name":"Luis Fernando Fraczinet","image":{"@type":"ImageObject","inLanguage":"es","@id":"https:\/\/www.fraczinet.cl\/sitio\/#\/schema\/person\/image\/","url":"https:\/\/www.fraczinet.cl\/sitio\/wp-content\/uploads\/2021\/07\/bannerlogo-1.gif","contentUrl":"https:\/\/www.fraczinet.cl\/sitio\/wp-content\/uploads\/2021\/07\/bannerlogo-1.gif","width":159,"height":79,"caption":"Luis Fernando Fraczinet"},"logo":{"@id":"https:\/\/www.fraczinet.cl\/sitio\/#\/schema\/person\/image\/"},"sameAs":["https:\/\/www.fraczinet.cl\/sitio\/"]},{"@type":"Person","@id":"https:\/\/www.fraczinet.cl\/sitio\/#\/schema\/person\/bc30f98e9cb10ae7e119dbe14bc93784","name":"admin","image":{"@type":"ImageObject","inLanguage":"es","@id":"https:\/\/www.fraczinet.cl\/sitio\/#\/schema\/person\/image\/","url":"https:\/\/secure.gravatar.com\/avatar\/d5ad3cf7ef3b23a2bb5be73be780c86b2fc8545c3ad6b149f3913ff458c00099?s=96&d=mm&r=g","contentUrl":"https:\/\/secure.gravatar.com\/avatar\/d5ad3cf7ef3b23a2bb5be73be780c86b2fc8545c3ad6b149f3913ff458c00099?s=96&d=mm&r=g","caption":"admin"},"sameAs":["https:\/\/www.fraczinet.cl\/sitio"]}]}},"_links":{"self":[{"href":"https:\/\/www.fraczinet.cl\/sitio\/wp-json\/wp\/v2\/posts\/15893","targetHints":{"allow":["GET"]}}],"collection":[{"href":"https:\/\/www.fraczinet.cl\/sitio\/wp-json\/wp\/v2\/posts"}],"about":[{"href":"https:\/\/www.fraczinet.cl\/sitio\/wp-json\/wp\/v2\/types\/post"}],"author":[{"embeddable":true,"href":"https:\/\/www.fraczinet.cl\/sitio\/wp-json\/wp\/v2\/users\/1"}],"replies":[{"embeddable":true,"href":"https:\/\/www.fraczinet.cl\/sitio\/wp-json\/wp\/v2\/comments?post=15893"}],"version-history":[{"count":1,"href":"https:\/\/www.fraczinet.cl\/sitio\/wp-json\/wp\/v2\/posts\/15893\/revisions"}],"predecessor-version":[{"id":15895,"href":"https:\/\/www.fraczinet.cl\/sitio\/wp-json\/wp\/v2\/posts\/15893\/revisions\/15895"}],"wp:featuredmedia":[{"embeddable":true,"href":"https:\/\/www.fraczinet.cl\/sitio\/wp-json\/wp\/v2\/media\/15894"}],"wp:attachment":[{"href":"https:\/\/www.fraczinet.cl\/sitio\/wp-json\/wp\/v2\/media?parent=15893"}],"wp:term":[{"taxonomy":"category","embeddable":true,"href":"https:\/\/www.fraczinet.cl\/sitio\/wp-json\/wp\/v2\/categories?post=15893"},{"taxonomy":"post_tag","embeddable":true,"href":"https:\/\/www.fraczinet.cl\/sitio\/wp-json\/wp\/v2\/tags?post=15893"}],"curies":[{"name":"wp","href":"https:\/\/api.w.org\/{rel}","templated":true}]}}