{"id":15901,"date":"2024-07-22T00:39:03","date_gmt":"2024-07-22T00:39:03","guid":{"rendered":"https:\/\/www.fraczinet.cl\/sitio\/?p=15901"},"modified":"2024-07-22T00:45:26","modified_gmt":"2024-07-22T00:45:26","slug":"el-anticomunismo-desde-el-siglo-xix","status":"publish","type":"post","link":"https:\/\/www.fraczinet.cl\/sitio\/2024\/07\/22\/el-anticomunismo-desde-el-siglo-xix\/","title":{"rendered":"El Anticomunismo Desde El Siglo XIX"},"content":{"rendered":"<p><b><img fetchpriority=\"high\" decoding=\"async\" class=\"size-medium wp-image-15902 alignleft\" src=\"https:\/\/www.fraczinet.cl\/sitio\/wp-content\/uploads\/2024\/07\/Anticomunismo-300x300.png\" alt=\"\" width=\"300\" height=\"300\" srcset=\"https:\/\/www.fraczinet.cl\/sitio\/wp-content\/uploads\/2024\/07\/Anticomunismo-300x300.png 300w, https:\/\/www.fraczinet.cl\/sitio\/wp-content\/uploads\/2024\/07\/Anticomunismo-150x150.png 150w, https:\/\/www.fraczinet.cl\/sitio\/wp-content\/uploads\/2024\/07\/Anticomunismo.png 440w\" sizes=\"(max-width: 300px) 100vw, 300px\" \/>Para \u00abproteger la libertad\u00bb los EEUU disponen de 745 bases militares alrededor del mundo. Por su parte, Gran Breta\u00f1a, el aliado preferido, dispone de otras 135 bases militares. Combatir al comunismo forma parte de los intentos del imperio para mantener su dominaci\u00f3n planetaria. Que los vasallos sean o no sean comunistas no importa: se trata de seguir siendo EL imperio.<\/b><\/p>\n<p>&nbsp;<\/p>\n<p><b>Escribe Luis Mesina.<\/b><\/p>\n<p>&nbsp;<\/p>\n<p><span style=\"font-weight: 400;\">El \u201canticomunismo\u201d no es una pr\u00e1ctica solo contra los militantes comunistas. El anticomunismo es una ideolog\u00eda surgida desde los sectores conservadores, planificada e impulsada contra personas o agrupaciones que se proponen transformar la sociedad, en esa categor\u00eda caben algunos partidos pol\u00edticos de izquierda, el movimiento obrero (sindicatos) y el movimiento social.<\/span><\/p>\n<p>&nbsp;<\/p>\n<p><span style=\"font-weight: 400;\">Denota una acci\u00f3n contra todo aquel o aquellos que intenten perturbar el status quo, contra aquellos que desaf\u00eden el poder establecido.<\/span><\/p>\n<p>&nbsp;<\/p>\n<p><span style=\"font-weight: 400;\">El anticomunismo no es nuevo. Durante el siglo XIX comenzaron las primeras manifestaciones de temor de los sectores dominantes contra el movimiento obrero que comenzaba a demandar mejoras econ\u00f3micas y pol\u00edticas.<\/span><\/p>\n<p>&nbsp;<\/p>\n<p><span style=\"font-weight: 400;\">Los sucesos de 1848 (revoluci\u00f3n de los pueblos) y la Comuna de Paris (1871) son expresiones que alertaron al conservadurismo de que el incipiente comunismo era un problema que hab\u00eda que combatir. En 1848 se hizo p\u00fablico el Manifiesto Comunista redactado por Marx y Engels, lo que profundiz\u00f3 los temores en los sectores olig\u00e1rquicos.<\/span><\/p>\n<p>&nbsp;<\/p>\n<p><span style=\"font-weight: 400;\">La revoluci\u00f3n de octubre (1917), la segunda guerra mundial y la posterior expansi\u00f3n del \u201ccomunismo\u201d por Europa empujaron, especialmente al \u201cnuevo orden\u201d surgido despu\u00e9s del t\u00e9rmino de la segunda guerra, a una pol\u00edtica de mayor sistematizaci\u00f3n para combatir el comunismo.<\/span><\/p>\n<p>&nbsp;<\/p>\n<p><span style=\"font-weight: 400;\">Se iniciaba la \u201cguerra fr\u00eda\u201d y con ello, una ofensiva sin cuartel contra todos aquellos que se inscribieran en la \u00f3rbita sovi\u00e9tica, incluidos aquellos que, no siendo comunistas, luchaban contra el capitalismo.<\/span><\/p>\n<p>&nbsp;<\/p>\n<p><span style=\"font-weight: 400;\">El imperio estadounidense en 1949 impulsa la creaci\u00f3n de la Organizaci\u00f3n del Tratado Atl\u00e1ntico Norte (OTAN), en clara se\u00f1al de enfrentar y detener el avance del comunismo. A comienzos de los 50 bajo la impronta del senador Joseph McCarthy, se inici\u00f3 la \u201ccaza de brujas\u201d para perseguir y asesinar a cualquiera que mostrara algo de subversivo frente al r\u00e9gimen imperante. Esa pol\u00edtica, m\u00e1s conocida como \u201cmacartismo\u201d, fue exportada a todo el planeta, especialmente a Am\u00e9rica Latina y a Chile.<\/span><\/p>\n<p>&nbsp;<\/p>\n<p><span style=\"font-weight: 400;\">Era un periodo de disputas entre la Uni\u00f3n de Rep\u00fablicas Socialistas Sovi\u00e9ticas (URSS) y los EEUU.<\/span><\/p>\n<p>&nbsp;<\/p>\n<p><span style=\"font-weight: 400;\">En nuestro pa\u00eds el anticomunismo se manifest\u00f3 en la dura represi\u00f3n que sufri\u00f3 el movimiento obrero desde sus or\u00edgenes, que adquirieron mayor significaci\u00f3n durante el siglo pasado, con las matanzas de la Escuela Santa Mar\u00eda (1907), San Gregorio (1921) La Coru\u00f1a (1925) y muchas m\u00e1s. Luis Emilio Recabarren fue uno de los primeros en sufrir la represi\u00f3n por levantar las banderas de la transformaci\u00f3n social contra el capitalismo.<\/span><\/p>\n<p>&nbsp;<\/p>\n<p><span style=\"font-weight: 400;\">En el contexto de la guerra fr\u00eda, Chile debi\u00f3 tomar partido, el \u201cmacartismo\u201d comenzaba a operar en el pa\u00eds: en 1948 bajo el gobierno de Gabriel Gonz\u00e1lez Videla se promulga la Ley No. 8.987 conocida como \u201cley maldita\u201d cuya finalidad era proscribir al Partido Comunista, el mismo partido aliado que permiti\u00f3 a Gabriel Gonz\u00e1lez alcanzar la presidencia.<\/span><\/p>\n<p>&nbsp;<\/p>\n<p><span style=\"font-weight: 400;\">Posteriores sucesos muestran como militantes comunistas, socialistas, anarquistas, trotskistas, mao\u00edstas, etc. sufrieron los embates de la pol\u00edtica anticomunista.<\/span><\/p>\n<p>&nbsp;<\/p>\n<p><span style=\"font-weight: 400;\">Poco antes, durante y despu\u00e9s del golpe de Estado, la represi\u00f3n no discrimin\u00f3 en caer con todo el peso de la barbarie sobre hombres y mujeres que so\u00f1aban con un mundo mejor, fueran o no fueran comunistas.<\/span><\/p>\n<p>&nbsp;<\/p>\n<p><span style=\"font-weight: 400;\">El anticomunismo es una corriente, una ideolog\u00eda que se aferra a la defensa del capitalismo. Y para ello, requiere estigmatizar a quienes sue\u00f1an con un sistema distinto, se trata de evitar por cualquier medio que quienes se oponen a la reproducci\u00f3n del orden de clase existente, puedan lograr su objetivo y transformarlo.<\/span><\/p>\n<p>&nbsp;<\/p>\n<p><span style=\"font-weight: 400;\">As\u00ed entonces, son v\u00edctimas del anticomunismo los activistas pol\u00edticos de izquierda, los sindicalistas, los dirigentes estudiantiles, los dirigentes poblacionales, los ecologistas, las feministas. Todos aquellos que cuestionen el orden establecido.<\/span><\/p>\n<p>&nbsp;<\/p>\n<p><span style=\"font-weight: 400;\">Todos quienes aspiren a modificar la distribuci\u00f3n regresiva y abusiva de la riqueza.<\/span><\/p>\n<p>&nbsp;<\/p>\n<p><span style=\"font-weight: 400;\">Chile, es quiz\u00e1 uno de los pa\u00edses donde la derecha y la oligarqu\u00eda han desarrollado la m\u00e1s elaborada estrategia anticomunista. Aprovechando el modelo heredado de la tiran\u00eda, que les permite disponer del control de los medios de comunicaci\u00f3n de masas sin contrapesos, impulsan sistem\u00e1ticas pol\u00edticas para anular, invisibilizar y criminalizar a los activistas anti-sistema.<\/span><\/p>\n<p>&nbsp;<\/p>\n<p><span style=\"font-weight: 400;\">Sin embargo, en nuestro pa\u00eds no es solo la derecha quien promueve activamente una pol\u00edtica anticomunista, se suman abierta o sutilmente a la estrategia anticomunista, dirigentes y partidos que forman parte de la coalici\u00f3n gobernante, dirigentes del Partido Socialista, del PPD, del radicalismo, a veces tan o m\u00e1s virulentos que la derecha.<\/span><\/p>\n<p>&nbsp;<\/p>\n<p><span style=\"font-weight: 400;\">Se apreciar\u00e1 que el anticomunismo en Chile es contradictorio, no es exclusivamente contra el \u201cpartido comunista\u201d que forma parte del gobierno, ya que, al serlo, se ha disciplinado completamente y en tanto lo ha hecho, ha dado certezas de que ha abandonado su aspiraci\u00f3n transformadora para contentarse solo con reformas que el sistema permita.<\/span><\/p>\n<p>&nbsp;<\/p>\n<p><span style=\"font-weight: 400;\">El anticomunismo opera ferozmente con aquellos que no se disciplinan, Daniel Jadue es una muestra de ello. Es tal la presi\u00f3n que ejerce la propaganda anticomunista, que termina moderando y a veces anulando el discurso de los propios comunistas.<\/span><\/p>\n<p>&nbsp;<\/p>\n<p><span style=\"font-weight: 400;\">El caso de las ministras m\u00e1s importantes, Camila Vallejos y Jeannette Jara junto a la presidenta de la c\u00e1mara Karol Cariola, es lo m\u00e1s evidente, se han distanciado de su propio camarada Jadue, validando con ello el proceso judicial absolutamente irregular que lo mantiene en prisi\u00f3n, sin haber sido condenado.<\/span><\/p>\n<p>&nbsp;<\/p>\n<p><span style=\"font-weight: 400;\">Como corriente, que opera la mayor\u00eda de las veces a la sombra del ordenamiento jur\u00eddico, el anticomunismo es da\u00f1ino, es la negaci\u00f3n de la democracia, es la expresi\u00f3n de la intolerancia contra aquellos que piensan distinto, y es grave, pues a lo largo de la historia es lo que ha justificado las m\u00e1s atroces formas de represi\u00f3n, aniquilaci\u00f3n y transgresi\u00f3n de los derechos fundamentales de quienes aspiran a cambiar el mundo.<\/span><\/p>\n<p>&nbsp;<\/p>\n<p><span style=\"font-weight: 400;\">Luchar contra el anticomunismo no es tarea solo de los militantes comunistas, es una obligaci\u00f3n moral de todos aquellos luchadores sociales y pol\u00edticos que se han propuesto continuar la lucha contra la desigualdad y la injusticia.<\/span><\/p>\n<p><span style=\"font-weight: 400;\">No hacerlo, es no dar cuenta de la sentencia categ\u00f3rica con la que nos alertaba Bertolt Brecht hace m\u00e1s de 70 a\u00f1os cuando se\u00f1al\u00f3: \u201c<\/span><i><span style=\"font-weight: 400;\">se llevaron a los comunistas y como yo no soy comunista no me import\u00f3, ahora vienen por m\u00ed, pero es demasiado tarde<\/span><\/i><span style=\"font-weight: 400;\">\u201d.<\/span><\/p>\n","protected":false},"excerpt":{"rendered":"<p>Para \u00abproteger la libertad\u00bb los EEUU disponen de 745 bases militares alrededor del mundo. Por su parte, Gran Breta\u00f1a, el aliado preferido, dispone de otras 135 bases militares. Combatir al comunismo forma parte de los intentos del imperio para mantener su dominaci\u00f3n planetaria. Que los vasallos sean o no sean comunistas no importa: se trata de seguir siendo EL imperio.<\/p>\n","protected":false},"author":1,"featured_media":15904,"comment_status":"open","ping_status":"closed","sticky":false,"template":"","format":"standard","meta":{"footnotes":""},"categories":[431,112,131],"tags":[],"class_list":["post-15901","post","type-post","status-publish","format-standard","has-post-thumbnail","hentry","category-luis-mesina","category-opinion","category-politica"],"yoast_head":"<!-- This site is optimized with the Yoast SEO plugin v25.0 - https:\/\/yoast.com\/wordpress\/plugins\/seo\/ -->\n<title>El Anticomunismo Desde El Siglo XIX - Nuestro Bio B\u00edo<\/title>\n<meta name=\"description\" content=\"Que los vasallos sean o no sean comunistas no importa: se trata de seguir siendo EL imperio\" \/>\n<meta name=\"robots\" content=\"index, follow, max-snippet:-1, max-image-preview:large, max-video-preview:-1\" \/>\n<link rel=\"canonical\" href=\"https:\/\/www.fraczinet.cl\/sitio\/2024\/07\/22\/el-anticomunismo-desde-el-siglo-xix\/\" \/>\n<meta property=\"og:locale\" content=\"es_ES\" \/>\n<meta property=\"og:type\" content=\"article\" \/>\n<meta property=\"og:title\" content=\"El Anticomunismo Desde El Siglo XIX - Nuestro Bio B\u00edo\" \/>\n<meta property=\"og:description\" content=\"Que los vasallos sean o no sean comunistas no importa: se trata de seguir siendo EL imperio\" \/>\n<meta property=\"og:url\" content=\"https:\/\/www.fraczinet.cl\/sitio\/2024\/07\/22\/el-anticomunismo-desde-el-siglo-xix\/\" \/>\n<meta property=\"og:site_name\" content=\"Nuestro Bio B\u00edo\" \/>\n<meta property=\"article:published_time\" content=\"2024-07-22T00:39:03+00:00\" \/>\n<meta property=\"article:modified_time\" content=\"2024-07-22T00:45:26+00:00\" \/>\n<meta property=\"og:image\" content=\"https:\/\/www.fraczinet.cl\/sitio\/wp-content\/uploads\/2024\/07\/Anticomunismo.jpg\" \/>\n\t<meta property=\"og:image:width\" content=\"1024\" \/>\n\t<meta property=\"og:image:height\" content=\"1024\" \/>\n\t<meta property=\"og:image:type\" content=\"image\/jpeg\" \/>\n<meta name=\"author\" content=\"admin\" \/>\n<meta name=\"twitter:card\" content=\"summary_large_image\" \/>\n<meta name=\"twitter:creator\" content=\"@nuestrobiobio\" \/>\n<meta name=\"twitter:site\" content=\"@nuestrobiobio\" \/>\n<meta name=\"twitter:label1\" content=\"Escrito por\" \/>\n\t<meta name=\"twitter:data1\" content=\"admin\" \/>\n\t<meta name=\"twitter:label2\" content=\"Tiempo de lectura\" \/>\n\t<meta name=\"twitter:data2\" content=\"6 minutos\" \/>\n<script type=\"application\/ld+json\" class=\"yoast-schema-graph\">{\"@context\":\"https:\/\/schema.org\",\"@graph\":[{\"@type\":\"Article\",\"@id\":\"https:\/\/www.fraczinet.cl\/sitio\/2024\/07\/22\/el-anticomunismo-desde-el-siglo-xix\/#article\",\"isPartOf\":{\"@id\":\"https:\/\/www.fraczinet.cl\/sitio\/2024\/07\/22\/el-anticomunismo-desde-el-siglo-xix\/\"},\"author\":{\"name\":\"admin\",\"@id\":\"https:\/\/www.fraczinet.cl\/sitio\/#\/schema\/person\/bc30f98e9cb10ae7e119dbe14bc93784\"},\"headline\":\"El Anticomunismo Desde El Siglo XIX\",\"datePublished\":\"2024-07-22T00:39:03+00:00\",\"dateModified\":\"2024-07-22T00:45:26+00:00\",\"mainEntityOfPage\":{\"@id\":\"https:\/\/www.fraczinet.cl\/sitio\/2024\/07\/22\/el-anticomunismo-desde-el-siglo-xix\/\"},\"wordCount\":1168,\"commentCount\":0,\"publisher\":{\"@id\":\"https:\/\/www.fraczinet.cl\/sitio\/#\/schema\/person\/aec8ee4da68df2b9b0eefdad24a0d582\"},\"image\":{\"@id\":\"https:\/\/www.fraczinet.cl\/sitio\/2024\/07\/22\/el-anticomunismo-desde-el-siglo-xix\/#primaryimage\"},\"thumbnailUrl\":\"https:\/\/www.fraczinet.cl\/sitio\/wp-content\/uploads\/2024\/07\/Anticomunismo.jpg\",\"articleSection\":[\"Luis Mesina\",\"Opini\u00f3n\",\"Pol\u00edtica\"],\"inLanguage\":\"es\",\"potentialAction\":[{\"@type\":\"CommentAction\",\"name\":\"Comment\",\"target\":[\"https:\/\/www.fraczinet.cl\/sitio\/2024\/07\/22\/el-anticomunismo-desde-el-siglo-xix\/#respond\"]}]},{\"@type\":\"WebPage\",\"@id\":\"https:\/\/www.fraczinet.cl\/sitio\/2024\/07\/22\/el-anticomunismo-desde-el-siglo-xix\/\",\"url\":\"https:\/\/www.fraczinet.cl\/sitio\/2024\/07\/22\/el-anticomunismo-desde-el-siglo-xix\/\",\"name\":\"El Anticomunismo Desde El Siglo XIX - Nuestro Bio B\u00edo\",\"isPartOf\":{\"@id\":\"https:\/\/www.fraczinet.cl\/sitio\/#website\"},\"primaryImageOfPage\":{\"@id\":\"https:\/\/www.fraczinet.cl\/sitio\/2024\/07\/22\/el-anticomunismo-desde-el-siglo-xix\/#primaryimage\"},\"image\":{\"@id\":\"https:\/\/www.fraczinet.cl\/sitio\/2024\/07\/22\/el-anticomunismo-desde-el-siglo-xix\/#primaryimage\"},\"thumbnailUrl\":\"https:\/\/www.fraczinet.cl\/sitio\/wp-content\/uploads\/2024\/07\/Anticomunismo.jpg\",\"datePublished\":\"2024-07-22T00:39:03+00:00\",\"dateModified\":\"2024-07-22T00:45:26+00:00\",\"description\":\"Que los vasallos sean o no sean comunistas no importa: se trata de seguir siendo EL imperio\",\"breadcrumb\":{\"@id\":\"https:\/\/www.fraczinet.cl\/sitio\/2024\/07\/22\/el-anticomunismo-desde-el-siglo-xix\/#breadcrumb\"},\"inLanguage\":\"es\",\"potentialAction\":[{\"@type\":\"ReadAction\",\"target\":[\"https:\/\/www.fraczinet.cl\/sitio\/2024\/07\/22\/el-anticomunismo-desde-el-siglo-xix\/\"]}]},{\"@type\":\"ImageObject\",\"inLanguage\":\"es\",\"@id\":\"https:\/\/www.fraczinet.cl\/sitio\/2024\/07\/22\/el-anticomunismo-desde-el-siglo-xix\/#primaryimage\",\"url\":\"https:\/\/www.fraczinet.cl\/sitio\/wp-content\/uploads\/2024\/07\/Anticomunismo.jpg\",\"contentUrl\":\"https:\/\/www.fraczinet.cl\/sitio\/wp-content\/uploads\/2024\/07\/Anticomunismo.jpg\",\"width\":1024,\"height\":1024},{\"@type\":\"BreadcrumbList\",\"@id\":\"https:\/\/www.fraczinet.cl\/sitio\/2024\/07\/22\/el-anticomunismo-desde-el-siglo-xix\/#breadcrumb\",\"itemListElement\":[{\"@type\":\"ListItem\",\"position\":1,\"name\":\"Portada\",\"item\":\"https:\/\/www.fraczinet.cl\/sitio\/\"},{\"@type\":\"ListItem\",\"position\":2,\"name\":\"El Anticomunismo Desde El Siglo XIX\"}]},{\"@type\":\"WebSite\",\"@id\":\"https:\/\/www.fraczinet.cl\/sitio\/#website\",\"url\":\"https:\/\/www.fraczinet.cl\/sitio\/\",\"name\":\"Nuestro Bio B\u00edo\",\"description\":\"Tierra de Encuentros\",\"publisher\":{\"@id\":\"https:\/\/www.fraczinet.cl\/sitio\/#\/schema\/person\/aec8ee4da68df2b9b0eefdad24a0d582\"},\"potentialAction\":[{\"@type\":\"SearchAction\",\"target\":{\"@type\":\"EntryPoint\",\"urlTemplate\":\"https:\/\/www.fraczinet.cl\/sitio\/?s={search_term_string}\"},\"query-input\":{\"@type\":\"PropertyValueSpecification\",\"valueRequired\":true,\"valueName\":\"search_term_string\"}}],\"inLanguage\":\"es\"},{\"@type\":[\"Person\",\"Organization\"],\"@id\":\"https:\/\/www.fraczinet.cl\/sitio\/#\/schema\/person\/aec8ee4da68df2b9b0eefdad24a0d582\",\"name\":\"Luis Fernando Fraczinet\",\"image\":{\"@type\":\"ImageObject\",\"inLanguage\":\"es\",\"@id\":\"https:\/\/www.fraczinet.cl\/sitio\/#\/schema\/person\/image\/\",\"url\":\"https:\/\/www.fraczinet.cl\/sitio\/wp-content\/uploads\/2021\/07\/bannerlogo-1.gif\",\"contentUrl\":\"https:\/\/www.fraczinet.cl\/sitio\/wp-content\/uploads\/2021\/07\/bannerlogo-1.gif\",\"width\":159,\"height\":79,\"caption\":\"Luis Fernando Fraczinet\"},\"logo\":{\"@id\":\"https:\/\/www.fraczinet.cl\/sitio\/#\/schema\/person\/image\/\"},\"sameAs\":[\"https:\/\/www.fraczinet.cl\/sitio\/\"]},{\"@type\":\"Person\",\"@id\":\"https:\/\/www.fraczinet.cl\/sitio\/#\/schema\/person\/bc30f98e9cb10ae7e119dbe14bc93784\",\"name\":\"admin\",\"image\":{\"@type\":\"ImageObject\",\"inLanguage\":\"es\",\"@id\":\"https:\/\/www.fraczinet.cl\/sitio\/#\/schema\/person\/image\/\",\"url\":\"https:\/\/secure.gravatar.com\/avatar\/d5ad3cf7ef3b23a2bb5be73be780c86b2fc8545c3ad6b149f3913ff458c00099?s=96&d=mm&r=g\",\"contentUrl\":\"https:\/\/secure.gravatar.com\/avatar\/d5ad3cf7ef3b23a2bb5be73be780c86b2fc8545c3ad6b149f3913ff458c00099?s=96&d=mm&r=g\",\"caption\":\"admin\"},\"sameAs\":[\"https:\/\/www.fraczinet.cl\/sitio\"]}]}<\/script>\n<!-- \/ Yoast SEO plugin. -->","yoast_head_json":{"title":"El Anticomunismo Desde El Siglo XIX - Nuestro Bio B\u00edo","description":"Que los vasallos sean o no sean comunistas no importa: se trata de seguir siendo EL imperio","robots":{"index":"index","follow":"follow","max-snippet":"max-snippet:-1","max-image-preview":"max-image-preview:large","max-video-preview":"max-video-preview:-1"},"canonical":"https:\/\/www.fraczinet.cl\/sitio\/2024\/07\/22\/el-anticomunismo-desde-el-siglo-xix\/","og_locale":"es_ES","og_type":"article","og_title":"El Anticomunismo Desde El Siglo XIX - Nuestro Bio B\u00edo","og_description":"Que los vasallos sean o no sean comunistas no importa: se trata de seguir siendo EL imperio","og_url":"https:\/\/www.fraczinet.cl\/sitio\/2024\/07\/22\/el-anticomunismo-desde-el-siglo-xix\/","og_site_name":"Nuestro Bio B\u00edo","article_published_time":"2024-07-22T00:39:03+00:00","article_modified_time":"2024-07-22T00:45:26+00:00","og_image":[{"width":1024,"height":1024,"url":"https:\/\/www.fraczinet.cl\/sitio\/wp-content\/uploads\/2024\/07\/Anticomunismo.jpg","type":"image\/jpeg"}],"author":"admin","twitter_card":"summary_large_image","twitter_creator":"@nuestrobiobio","twitter_site":"@nuestrobiobio","twitter_misc":{"Escrito por":"admin","Tiempo de lectura":"6 minutos"},"schema":{"@context":"https:\/\/schema.org","@graph":[{"@type":"Article","@id":"https:\/\/www.fraczinet.cl\/sitio\/2024\/07\/22\/el-anticomunismo-desde-el-siglo-xix\/#article","isPartOf":{"@id":"https:\/\/www.fraczinet.cl\/sitio\/2024\/07\/22\/el-anticomunismo-desde-el-siglo-xix\/"},"author":{"name":"admin","@id":"https:\/\/www.fraczinet.cl\/sitio\/#\/schema\/person\/bc30f98e9cb10ae7e119dbe14bc93784"},"headline":"El Anticomunismo Desde El Siglo XIX","datePublished":"2024-07-22T00:39:03+00:00","dateModified":"2024-07-22T00:45:26+00:00","mainEntityOfPage":{"@id":"https:\/\/www.fraczinet.cl\/sitio\/2024\/07\/22\/el-anticomunismo-desde-el-siglo-xix\/"},"wordCount":1168,"commentCount":0,"publisher":{"@id":"https:\/\/www.fraczinet.cl\/sitio\/#\/schema\/person\/aec8ee4da68df2b9b0eefdad24a0d582"},"image":{"@id":"https:\/\/www.fraczinet.cl\/sitio\/2024\/07\/22\/el-anticomunismo-desde-el-siglo-xix\/#primaryimage"},"thumbnailUrl":"https:\/\/www.fraczinet.cl\/sitio\/wp-content\/uploads\/2024\/07\/Anticomunismo.jpg","articleSection":["Luis Mesina","Opini\u00f3n","Pol\u00edtica"],"inLanguage":"es","potentialAction":[{"@type":"CommentAction","name":"Comment","target":["https:\/\/www.fraczinet.cl\/sitio\/2024\/07\/22\/el-anticomunismo-desde-el-siglo-xix\/#respond"]}]},{"@type":"WebPage","@id":"https:\/\/www.fraczinet.cl\/sitio\/2024\/07\/22\/el-anticomunismo-desde-el-siglo-xix\/","url":"https:\/\/www.fraczinet.cl\/sitio\/2024\/07\/22\/el-anticomunismo-desde-el-siglo-xix\/","name":"El Anticomunismo Desde El Siglo XIX - Nuestro Bio B\u00edo","isPartOf":{"@id":"https:\/\/www.fraczinet.cl\/sitio\/#website"},"primaryImageOfPage":{"@id":"https:\/\/www.fraczinet.cl\/sitio\/2024\/07\/22\/el-anticomunismo-desde-el-siglo-xix\/#primaryimage"},"image":{"@id":"https:\/\/www.fraczinet.cl\/sitio\/2024\/07\/22\/el-anticomunismo-desde-el-siglo-xix\/#primaryimage"},"thumbnailUrl":"https:\/\/www.fraczinet.cl\/sitio\/wp-content\/uploads\/2024\/07\/Anticomunismo.jpg","datePublished":"2024-07-22T00:39:03+00:00","dateModified":"2024-07-22T00:45:26+00:00","description":"Que los vasallos sean o no sean comunistas no importa: se trata de seguir siendo EL imperio","breadcrumb":{"@id":"https:\/\/www.fraczinet.cl\/sitio\/2024\/07\/22\/el-anticomunismo-desde-el-siglo-xix\/#breadcrumb"},"inLanguage":"es","potentialAction":[{"@type":"ReadAction","target":["https:\/\/www.fraczinet.cl\/sitio\/2024\/07\/22\/el-anticomunismo-desde-el-siglo-xix\/"]}]},{"@type":"ImageObject","inLanguage":"es","@id":"https:\/\/www.fraczinet.cl\/sitio\/2024\/07\/22\/el-anticomunismo-desde-el-siglo-xix\/#primaryimage","url":"https:\/\/www.fraczinet.cl\/sitio\/wp-content\/uploads\/2024\/07\/Anticomunismo.jpg","contentUrl":"https:\/\/www.fraczinet.cl\/sitio\/wp-content\/uploads\/2024\/07\/Anticomunismo.jpg","width":1024,"height":1024},{"@type":"BreadcrumbList","@id":"https:\/\/www.fraczinet.cl\/sitio\/2024\/07\/22\/el-anticomunismo-desde-el-siglo-xix\/#breadcrumb","itemListElement":[{"@type":"ListItem","position":1,"name":"Portada","item":"https:\/\/www.fraczinet.cl\/sitio\/"},{"@type":"ListItem","position":2,"name":"El Anticomunismo Desde El Siglo XIX"}]},{"@type":"WebSite","@id":"https:\/\/www.fraczinet.cl\/sitio\/#website","url":"https:\/\/www.fraczinet.cl\/sitio\/","name":"Nuestro Bio B\u00edo","description":"Tierra de Encuentros","publisher":{"@id":"https:\/\/www.fraczinet.cl\/sitio\/#\/schema\/person\/aec8ee4da68df2b9b0eefdad24a0d582"},"potentialAction":[{"@type":"SearchAction","target":{"@type":"EntryPoint","urlTemplate":"https:\/\/www.fraczinet.cl\/sitio\/?s={search_term_string}"},"query-input":{"@type":"PropertyValueSpecification","valueRequired":true,"valueName":"search_term_string"}}],"inLanguage":"es"},{"@type":["Person","Organization"],"@id":"https:\/\/www.fraczinet.cl\/sitio\/#\/schema\/person\/aec8ee4da68df2b9b0eefdad24a0d582","name":"Luis Fernando Fraczinet","image":{"@type":"ImageObject","inLanguage":"es","@id":"https:\/\/www.fraczinet.cl\/sitio\/#\/schema\/person\/image\/","url":"https:\/\/www.fraczinet.cl\/sitio\/wp-content\/uploads\/2021\/07\/bannerlogo-1.gif","contentUrl":"https:\/\/www.fraczinet.cl\/sitio\/wp-content\/uploads\/2021\/07\/bannerlogo-1.gif","width":159,"height":79,"caption":"Luis Fernando Fraczinet"},"logo":{"@id":"https:\/\/www.fraczinet.cl\/sitio\/#\/schema\/person\/image\/"},"sameAs":["https:\/\/www.fraczinet.cl\/sitio\/"]},{"@type":"Person","@id":"https:\/\/www.fraczinet.cl\/sitio\/#\/schema\/person\/bc30f98e9cb10ae7e119dbe14bc93784","name":"admin","image":{"@type":"ImageObject","inLanguage":"es","@id":"https:\/\/www.fraczinet.cl\/sitio\/#\/schema\/person\/image\/","url":"https:\/\/secure.gravatar.com\/avatar\/d5ad3cf7ef3b23a2bb5be73be780c86b2fc8545c3ad6b149f3913ff458c00099?s=96&d=mm&r=g","contentUrl":"https:\/\/secure.gravatar.com\/avatar\/d5ad3cf7ef3b23a2bb5be73be780c86b2fc8545c3ad6b149f3913ff458c00099?s=96&d=mm&r=g","caption":"admin"},"sameAs":["https:\/\/www.fraczinet.cl\/sitio"]}]}},"_links":{"self":[{"href":"https:\/\/www.fraczinet.cl\/sitio\/wp-json\/wp\/v2\/posts\/15901","targetHints":{"allow":["GET"]}}],"collection":[{"href":"https:\/\/www.fraczinet.cl\/sitio\/wp-json\/wp\/v2\/posts"}],"about":[{"href":"https:\/\/www.fraczinet.cl\/sitio\/wp-json\/wp\/v2\/types\/post"}],"author":[{"embeddable":true,"href":"https:\/\/www.fraczinet.cl\/sitio\/wp-json\/wp\/v2\/users\/1"}],"replies":[{"embeddable":true,"href":"https:\/\/www.fraczinet.cl\/sitio\/wp-json\/wp\/v2\/comments?post=15901"}],"version-history":[{"count":1,"href":"https:\/\/www.fraczinet.cl\/sitio\/wp-json\/wp\/v2\/posts\/15901\/revisions"}],"predecessor-version":[{"id":15903,"href":"https:\/\/www.fraczinet.cl\/sitio\/wp-json\/wp\/v2\/posts\/15901\/revisions\/15903"}],"wp:featuredmedia":[{"embeddable":true,"href":"https:\/\/www.fraczinet.cl\/sitio\/wp-json\/wp\/v2\/media\/15904"}],"wp:attachment":[{"href":"https:\/\/www.fraczinet.cl\/sitio\/wp-json\/wp\/v2\/media?parent=15901"}],"wp:term":[{"taxonomy":"category","embeddable":true,"href":"https:\/\/www.fraczinet.cl\/sitio\/wp-json\/wp\/v2\/categories?post=15901"},{"taxonomy":"post_tag","embeddable":true,"href":"https:\/\/www.fraczinet.cl\/sitio\/wp-json\/wp\/v2\/tags?post=15901"}],"curies":[{"name":"wp","href":"https:\/\/api.w.org\/{rel}","templated":true}]}}