{"id":15910,"date":"2024-07-25T02:26:03","date_gmt":"2024-07-25T02:26:03","guid":{"rendered":"https:\/\/www.fraczinet.cl\/sitio\/?p=15910"},"modified":"2024-07-25T22:49:39","modified_gmt":"2024-07-25T22:49:39","slug":"el-ultimo-jefe-de-estacion","status":"publish","type":"post","link":"https:\/\/www.fraczinet.cl\/sitio\/el-ultimo-jefe-de-estacion\/","title":{"rendered":"El \u00daltimo Jefe De Estaci\u00f3n"},"content":{"rendered":"<figure id=\"attachment_15921\" aria-describedby=\"caption-attachment-15921\" style=\"width: 202px\" class=\"wp-caption alignleft\"><img fetchpriority=\"high\" decoding=\"async\" class=\"size-medium wp-image-15921\" src=\"https:\/\/www.fraczinet.cl\/sitio\/wp-content\/uploads\/2024\/07\/Mario-Estobar-Navarrete-202x300.jpg\" alt=\"\" width=\"202\" height=\"300\" srcset=\"https:\/\/www.fraczinet.cl\/sitio\/wp-content\/uploads\/2024\/07\/Mario-Estobar-Navarrete-202x300.jpg 202w, https:\/\/www.fraczinet.cl\/sitio\/wp-content\/uploads\/2024\/07\/Mario-Estobar-Navarrete-691x1024.jpg 691w, https:\/\/www.fraczinet.cl\/sitio\/wp-content\/uploads\/2024\/07\/Mario-Estobar-Navarrete.jpg 750w\" sizes=\"(max-width: 202px) 100vw, 202px\" \/><figcaption id=\"caption-attachment-15921\" class=\"wp-caption-text\">Mario Estobar Navarrete<\/figcaption><\/figure>\n<p><span style=\"font-weight: 400;\">En el rinc\u00f3n sure\u00f1o de Chile, en el peque\u00f1o y pintoresco pueblo de Mulch\u00e9n, exist\u00eda una estaci\u00f3n de tren que hab\u00eda sido el coraz\u00f3n palpitante de la comunidad durante d\u00e9cadas. Para los habitantes de la regi\u00f3n, el tren no solo representaba un medio de transporte, sino un s\u00edmbolo de progreso y conexi\u00f3n con el mundo exterior. Sin embargo, como muchas cosas en la vida, el tiempo y el cambio son inevitables.<\/span><\/p>\n<p>&nbsp;<\/p>\n<p><span style=\"font-weight: 400;\">Corr\u00eda e<\/span>l a\u00f1o 1983, y Mario Estobar, un hombre de mediana edad con ojos sabios y manos curtidas por el trabajo, se encontraba en la c\u00faspide de su carrera como jefe de estaci\u00f3n. Hab\u00eda dedicado m\u00e1s de veinte a\u00f1os de su vida a Mulch\u00e9n, viendo pasar trenes cargados de sue\u00f1os, esperanzas y a veces, despedidas dolorosas. Mario no era simplemente un empleado de ferrocarriles; para los lugare\u00f1os, \u00e9l era un guardi\u00e1n de historias y secretos, un testigo silencioso del paso del tiempo.<\/p>\n<p>&nbsp;<\/p>\n<p><span style=\"font-weight: 400;\">El ramal de Mulch\u00e9n, una de las muchas estaciones que formaban parte del granero de Chile, estaba a punto de cerrar sus puertas. Las decisiones de modernizaci\u00f3n y la preferencia por otros medios de transporte hab\u00edan sentenciado a <\/span><span style=\"font-weight: 400;\">muchas estaciones a un destino similar. Mario recibi\u00f3 la noticia con una mezcla de tristeza y resignaci\u00f3n. Sab\u00eda que su tiempo all\u00ed estaba llegando a su fin, pero se sent\u00eda responsable de dar un cierre digno a un cap\u00edtulo tan importante de la historia de Mulch\u00e9n.<\/span><\/p>\n<p>&nbsp;<\/p>\n<p><span style=\"font-weight: 400;\">El \u00faltimo d\u00eda de operaci\u00f3n, Mario se despert\u00f3 antes del amanecer, como de costumbre. Camin\u00f3 hasta la estaci\u00f3n, sus pasos resonando en el silencio matutino. La bruma cubr\u00eda los rieles, y el aire fr\u00edo le recordaba sus primeros d\u00edas como joven aprendiz. Al llegar, encendi\u00f3 las luces y prepar\u00f3 el lugar por \u00faltima vez. Los vecinos comenzaron a acercarse lentamente, cada uno con una an\u00e9cdota o una l\u00e1grima, agradeci\u00e9ndole por su servicio y compa\u00f1\u00eda a lo largo de los a\u00f1os.<\/span><\/p>\n<p>&nbsp;<\/p>\n<p><img decoding=\"async\" class=\"size-medium wp-image-15911 alignleft\" src=\"https:\/\/www.fraczinet.cl\/sitio\/wp-content\/uploads\/2024\/07\/Screenshot-2024-07-24-22.19.57-300x228.png\" alt=\"\" width=\"300\" height=\"228\" srcset=\"https:\/\/www.fraczinet.cl\/sitio\/wp-content\/uploads\/2024\/07\/Screenshot-2024-07-24-22.19.57-300x228.png 300w, https:\/\/www.fraczinet.cl\/sitio\/wp-content\/uploads\/2024\/07\/Screenshot-2024-07-24-22.19.57.png 318w\" sizes=\"(max-width: 300px) 100vw, 300px\" \/><\/p>\n<p><span style=\"font-weight: 400;\">Con el \u00faltimo tren que lleg\u00f3, Mario realiz\u00f3 las tareas habituales con una precisi\u00f3n casi ritual. Ayud\u00f3 a los pasajeros a b<\/span><\/p>\n<p>ajar y subir, intercambi\u00f3 palabras de despedida con el conductor, y finalmente, vio alejarse la m\u00e1quina entre los pinos que bordeaban la v\u00eda. Una vez que el sonido del tren se desvaneci\u00f3 en la distancia, cerr\u00f3 la puerta de la oficina y se qued\u00f3 de pie, mirando el edificio una \u00faltima vez.<\/p>\n<p>&nbsp;<\/p>\n<p><span style=\"font-weight: 400;\">Esa noche, la estaci\u00f3n de Mulch\u00e9n dej\u00f3 de operar oficialmente. Mario entreg\u00f3 las llaves y los registros a las autoridades ferroviarias, sabiendo que hab\u00eda cumplido con su deber. Aunque la estaci\u00f3n cerraba, los recuerdos y las historias que all\u00ed se hab\u00edan vivido permanecer\u00edan en la memoria colectiva del pueblo.<\/span><\/p>\n<p>&nbsp;<\/p>\n<p><span style=\"font-weight: 400;\">Mario Estobar, el \u00faltimo jefe de estaci\u00f3n de Mulch\u00e9n, regres\u00f3 a su hogar con el coraz\u00f3n lleno de gratitud y melancol\u00eda. Su legado, al igual que los rieles que alguna vez surcaron los trenes, permanecer\u00eda indeleble en la historia del granero de Chile.<\/span><\/p>\n<p>&nbsp;<\/p>\n<p><strong>Texto: Iv\u00e1n Estobar Mella<\/strong><\/p>\n","protected":false},"excerpt":{"rendered":"<p>En el rinc\u00f3n sure\u00f1o de Chile, en el peque\u00f1o y pintoresco pueblo de Mulch\u00e9n, exist\u00eda una estaci\u00f3n de tren que hab\u00eda sido el coraz\u00f3n palpitante de la comunidad durante d\u00e9cadas.<\/p>\n","protected":false},"author":1,"featured_media":15921,"comment_status":"open","ping_status":"closed","sticky":false,"template":"","format":"standard","meta":{"footnotes":""},"categories":[22,10,125,29],"tags":[],"class_list":["post-15910","post","type-post","status-publish","format-standard","has-post-thumbnail","hentry","category-ferrocarriles","category-historia","category-mulchen","category-patrimonio"],"yoast_head":"<!-- This site is optimized with the Yoast SEO plugin v28.2 - https:\/\/yoast.com\/product\/yoast-seo-wordpress\/ -->\n<title>El \u00daltimo Jefe De Estaci\u00f3n - Nuestro Bio B\u00edo<\/title>\n<meta name=\"description\" content=\"En el rinc\u00f3n sure\u00f1o de Chile, en el peque\u00f1o y pintoresco pueblo de Mulch\u00e9n, exist\u00eda una estaci\u00f3n de tren que hab\u00eda sido el coraz\u00f3n palpitante de la comunidad durante d\u00e9cadas.\" \/>\n<meta name=\"robots\" content=\"index, follow, max-snippet:-1, max-image-preview:large, max-video-preview:-1\" \/>\n<link rel=\"canonical\" href=\"https:\/\/www.fraczinet.cl\/sitio\/el-ultimo-jefe-de-estacion\/\" \/>\n<meta property=\"og:locale\" content=\"es_ES\" \/>\n<meta property=\"og:type\" content=\"article\" \/>\n<meta property=\"og:title\" content=\"El \u00daltimo Jefe De Estaci\u00f3n - Nuestro Bio B\u00edo\" \/>\n<meta property=\"og:description\" content=\"En el rinc\u00f3n sure\u00f1o de Chile, en el peque\u00f1o y pintoresco pueblo de Mulch\u00e9n, exist\u00eda una estaci\u00f3n de tren que hab\u00eda sido el coraz\u00f3n palpitante de la comunidad durante d\u00e9cadas.\" \/>\n<meta property=\"og:url\" content=\"https:\/\/www.fraczinet.cl\/sitio\/el-ultimo-jefe-de-estacion\/\" \/>\n<meta property=\"og:site_name\" content=\"Nuestro Bio B\u00edo\" \/>\n<meta property=\"article:publisher\" content=\"https:\/\/www.facebook.com\/groups\/15721414452\/\" \/>\n<meta property=\"article:published_time\" content=\"2024-07-25T02:26:03+00:00\" \/>\n<meta property=\"article:modified_time\" content=\"2024-07-25T22:49:39+00:00\" \/>\n<meta property=\"og:image\" content=\"https:\/\/www.fraczinet.cl\/sitio\/wp-content\/uploads\/2024\/07\/Mario-Estobar-Navarrete.jpg\" \/>\n\t<meta property=\"og:image:width\" content=\"750\" \/>\n\t<meta property=\"og:image:height\" content=\"1112\" \/>\n\t<meta property=\"og:image:type\" content=\"image\/jpeg\" \/>\n<meta name=\"twitter:card\" content=\"summary_large_image\" \/>\n<meta name=\"twitter:creator\" content=\"@nuestrobiobio\" \/>\n<meta name=\"twitter:site\" content=\"@nuestrobiobio\" \/>\n<meta name=\"twitter:label1\" content=\"Escrito por\" \/>\n\t<meta name=\"twitter:data1\" content=\"\" \/>\n\t<meta name=\"twitter:label2\" content=\"Tiempo de lectura\" \/>\n\t<meta name=\"twitter:data2\" content=\"3 minutos\" \/>\n<script type=\"application\/ld+json\" class=\"yoast-schema-graph\">{\"@context\":\"https:\\\/\\\/schema.org\",\"@graph\":[{\"@type\":\"Article\",\"@id\":\"https:\\\/\\\/www.fraczinet.cl\\\/sitio\\\/el-ultimo-jefe-de-estacion\\\/#article\",\"isPartOf\":{\"@id\":\"https:\\\/\\\/www.fraczinet.cl\\\/sitio\\\/el-ultimo-jefe-de-estacion\\\/\"},\"author\":{\"name\":\"\",\"@id\":\"\"},\"headline\":\"El \u00daltimo Jefe De Estaci\u00f3n\",\"datePublished\":\"2024-07-25T02:26:03+00:00\",\"dateModified\":\"2024-07-25T22:49:39+00:00\",\"mainEntityOfPage\":{\"@id\":\"https:\\\/\\\/www.fraczinet.cl\\\/sitio\\\/el-ultimo-jefe-de-estacion\\\/\"},\"wordCount\":566,\"commentCount\":0,\"image\":{\"@id\":\"https:\\\/\\\/www.fraczinet.cl\\\/sitio\\\/el-ultimo-jefe-de-estacion\\\/#primaryimage\"},\"thumbnailUrl\":\"https:\\\/\\\/www.fraczinet.cl\\\/sitio\\\/wp-content\\\/uploads\\\/2024\\\/07\\\/Mario-Estobar-Navarrete.jpg\",\"articleSection\":[\"Ferrocarriles\",\"Historia\",\"Mulch\u00e9n\",\"Patrimonio\"],\"inLanguage\":\"es\",\"potentialAction\":[{\"@type\":\"CommentAction\",\"name\":\"Comment\",\"target\":[\"https:\\\/\\\/www.fraczinet.cl\\\/sitio\\\/el-ultimo-jefe-de-estacion\\\/#respond\"]}]},{\"@type\":\"WebPage\",\"@id\":\"https:\\\/\\\/www.fraczinet.cl\\\/sitio\\\/el-ultimo-jefe-de-estacion\\\/\",\"url\":\"https:\\\/\\\/www.fraczinet.cl\\\/sitio\\\/el-ultimo-jefe-de-estacion\\\/\",\"name\":\"El \u00daltimo Jefe De Estaci\u00f3n - Nuestro Bio B\u00edo\",\"isPartOf\":{\"@id\":\"https:\\\/\\\/www.fraczinet.cl\\\/sitio\\\/#website\"},\"primaryImageOfPage\":{\"@id\":\"https:\\\/\\\/www.fraczinet.cl\\\/sitio\\\/el-ultimo-jefe-de-estacion\\\/#primaryimage\"},\"image\":{\"@id\":\"https:\\\/\\\/www.fraczinet.cl\\\/sitio\\\/el-ultimo-jefe-de-estacion\\\/#primaryimage\"},\"thumbnailUrl\":\"https:\\\/\\\/www.fraczinet.cl\\\/sitio\\\/wp-content\\\/uploads\\\/2024\\\/07\\\/Mario-Estobar-Navarrete.jpg\",\"datePublished\":\"2024-07-25T02:26:03+00:00\",\"dateModified\":\"2024-07-25T22:49:39+00:00\",\"author\":{\"@id\":\"\"},\"description\":\"En el rinc\u00f3n sure\u00f1o de Chile, en el peque\u00f1o y pintoresco pueblo de Mulch\u00e9n, exist\u00eda una estaci\u00f3n de tren que hab\u00eda sido el coraz\u00f3n palpitante de la comunidad durante d\u00e9cadas.\",\"breadcrumb\":{\"@id\":\"https:\\\/\\\/www.fraczinet.cl\\\/sitio\\\/el-ultimo-jefe-de-estacion\\\/#breadcrumb\"},\"inLanguage\":\"es\",\"potentialAction\":[{\"@type\":\"ReadAction\",\"target\":[\"https:\\\/\\\/www.fraczinet.cl\\\/sitio\\\/el-ultimo-jefe-de-estacion\\\/\"]}]},{\"@type\":\"ImageObject\",\"inLanguage\":\"es\",\"@id\":\"https:\\\/\\\/www.fraczinet.cl\\\/sitio\\\/el-ultimo-jefe-de-estacion\\\/#primaryimage\",\"url\":\"https:\\\/\\\/www.fraczinet.cl\\\/sitio\\\/wp-content\\\/uploads\\\/2024\\\/07\\\/Mario-Estobar-Navarrete.jpg\",\"contentUrl\":\"https:\\\/\\\/www.fraczinet.cl\\\/sitio\\\/wp-content\\\/uploads\\\/2024\\\/07\\\/Mario-Estobar-Navarrete.jpg\",\"width\":750,\"height\":1112,\"caption\":\"Mario Estobar Navarrete\"},{\"@type\":\"BreadcrumbList\",\"@id\":\"https:\\\/\\\/www.fraczinet.cl\\\/sitio\\\/el-ultimo-jefe-de-estacion\\\/#breadcrumb\",\"itemListElement\":[{\"@type\":\"ListItem\",\"position\":1,\"name\":\"Portada\",\"item\":\"https:\\\/\\\/www.fraczinet.cl\\\/sitio\\\/\"},{\"@type\":\"ListItem\",\"position\":2,\"name\":\"El \u00daltimo Jefe De Estaci\u00f3n\"}]},{\"@type\":\"WebSite\",\"@id\":\"https:\\\/\\\/www.fraczinet.cl\\\/sitio\\\/#website\",\"url\":\"https:\\\/\\\/www.fraczinet.cl\\\/sitio\\\/\",\"name\":\"Nuestro Bio B\u00edo\",\"description\":\"Tierra de Encuentros\",\"potentialAction\":[{\"@type\":\"SearchAction\",\"target\":{\"@type\":\"EntryPoint\",\"urlTemplate\":\"https:\\\/\\\/www.fraczinet.cl\\\/sitio\\\/?s={search_term_string}\"},\"query-input\":{\"@type\":\"PropertyValueSpecification\",\"valueRequired\":true,\"valueName\":\"search_term_string\"}}],\"inLanguage\":\"es\"},{\"@type\":\"Person\",\"@id\":\"\"}]}<\/script>\n<!-- \/ Yoast SEO plugin. -->","yoast_head_json":{"title":"El \u00daltimo Jefe De Estaci\u00f3n - Nuestro Bio B\u00edo","description":"En el rinc\u00f3n sure\u00f1o de Chile, en el peque\u00f1o y pintoresco pueblo de Mulch\u00e9n, exist\u00eda una estaci\u00f3n de tren que hab\u00eda sido el coraz\u00f3n palpitante de la comunidad durante d\u00e9cadas.","robots":{"index":"index","follow":"follow","max-snippet":"max-snippet:-1","max-image-preview":"max-image-preview:large","max-video-preview":"max-video-preview:-1"},"canonical":"https:\/\/www.fraczinet.cl\/sitio\/el-ultimo-jefe-de-estacion\/","og_locale":"es_ES","og_type":"article","og_title":"El \u00daltimo Jefe De Estaci\u00f3n - Nuestro Bio B\u00edo","og_description":"En el rinc\u00f3n sure\u00f1o de Chile, en el peque\u00f1o y pintoresco pueblo de Mulch\u00e9n, exist\u00eda una estaci\u00f3n de tren que hab\u00eda sido el coraz\u00f3n palpitante de la comunidad durante d\u00e9cadas.","og_url":"https:\/\/www.fraczinet.cl\/sitio\/el-ultimo-jefe-de-estacion\/","og_site_name":"Nuestro Bio B\u00edo","article_publisher":"https:\/\/www.facebook.com\/groups\/15721414452\/","article_published_time":"2024-07-25T02:26:03+00:00","article_modified_time":"2024-07-25T22:49:39+00:00","og_image":[{"width":750,"height":1112,"url":"https:\/\/www.fraczinet.cl\/sitio\/wp-content\/uploads\/2024\/07\/Mario-Estobar-Navarrete.jpg","type":"image\/jpeg"}],"twitter_card":"summary_large_image","twitter_creator":"@nuestrobiobio","twitter_site":"@nuestrobiobio","twitter_misc":{"Escrito por":"","Tiempo de lectura":"3 minutos"},"schema":{"@context":"https:\/\/schema.org","@graph":[{"@type":"Article","@id":"https:\/\/www.fraczinet.cl\/sitio\/el-ultimo-jefe-de-estacion\/#article","isPartOf":{"@id":"https:\/\/www.fraczinet.cl\/sitio\/el-ultimo-jefe-de-estacion\/"},"author":{"name":"","@id":""},"headline":"El \u00daltimo Jefe De Estaci\u00f3n","datePublished":"2024-07-25T02:26:03+00:00","dateModified":"2024-07-25T22:49:39+00:00","mainEntityOfPage":{"@id":"https:\/\/www.fraczinet.cl\/sitio\/el-ultimo-jefe-de-estacion\/"},"wordCount":566,"commentCount":0,"image":{"@id":"https:\/\/www.fraczinet.cl\/sitio\/el-ultimo-jefe-de-estacion\/#primaryimage"},"thumbnailUrl":"https:\/\/www.fraczinet.cl\/sitio\/wp-content\/uploads\/2024\/07\/Mario-Estobar-Navarrete.jpg","articleSection":["Ferrocarriles","Historia","Mulch\u00e9n","Patrimonio"],"inLanguage":"es","potentialAction":[{"@type":"CommentAction","name":"Comment","target":["https:\/\/www.fraczinet.cl\/sitio\/el-ultimo-jefe-de-estacion\/#respond"]}]},{"@type":"WebPage","@id":"https:\/\/www.fraczinet.cl\/sitio\/el-ultimo-jefe-de-estacion\/","url":"https:\/\/www.fraczinet.cl\/sitio\/el-ultimo-jefe-de-estacion\/","name":"El \u00daltimo Jefe De Estaci\u00f3n - Nuestro Bio B\u00edo","isPartOf":{"@id":"https:\/\/www.fraczinet.cl\/sitio\/#website"},"primaryImageOfPage":{"@id":"https:\/\/www.fraczinet.cl\/sitio\/el-ultimo-jefe-de-estacion\/#primaryimage"},"image":{"@id":"https:\/\/www.fraczinet.cl\/sitio\/el-ultimo-jefe-de-estacion\/#primaryimage"},"thumbnailUrl":"https:\/\/www.fraczinet.cl\/sitio\/wp-content\/uploads\/2024\/07\/Mario-Estobar-Navarrete.jpg","datePublished":"2024-07-25T02:26:03+00:00","dateModified":"2024-07-25T22:49:39+00:00","author":{"@id":""},"description":"En el rinc\u00f3n sure\u00f1o de Chile, en el peque\u00f1o y pintoresco pueblo de Mulch\u00e9n, exist\u00eda una estaci\u00f3n de tren que hab\u00eda sido el coraz\u00f3n palpitante de la comunidad durante d\u00e9cadas.","breadcrumb":{"@id":"https:\/\/www.fraczinet.cl\/sitio\/el-ultimo-jefe-de-estacion\/#breadcrumb"},"inLanguage":"es","potentialAction":[{"@type":"ReadAction","target":["https:\/\/www.fraczinet.cl\/sitio\/el-ultimo-jefe-de-estacion\/"]}]},{"@type":"ImageObject","inLanguage":"es","@id":"https:\/\/www.fraczinet.cl\/sitio\/el-ultimo-jefe-de-estacion\/#primaryimage","url":"https:\/\/www.fraczinet.cl\/sitio\/wp-content\/uploads\/2024\/07\/Mario-Estobar-Navarrete.jpg","contentUrl":"https:\/\/www.fraczinet.cl\/sitio\/wp-content\/uploads\/2024\/07\/Mario-Estobar-Navarrete.jpg","width":750,"height":1112,"caption":"Mario Estobar Navarrete"},{"@type":"BreadcrumbList","@id":"https:\/\/www.fraczinet.cl\/sitio\/el-ultimo-jefe-de-estacion\/#breadcrumb","itemListElement":[{"@type":"ListItem","position":1,"name":"Portada","item":"https:\/\/www.fraczinet.cl\/sitio\/"},{"@type":"ListItem","position":2,"name":"El \u00daltimo Jefe De Estaci\u00f3n"}]},{"@type":"WebSite","@id":"https:\/\/www.fraczinet.cl\/sitio\/#website","url":"https:\/\/www.fraczinet.cl\/sitio\/","name":"Nuestro Bio B\u00edo","description":"Tierra de Encuentros","potentialAction":[{"@type":"SearchAction","target":{"@type":"EntryPoint","urlTemplate":"https:\/\/www.fraczinet.cl\/sitio\/?s={search_term_string}"},"query-input":{"@type":"PropertyValueSpecification","valueRequired":true,"valueName":"search_term_string"}}],"inLanguage":"es"},{"@type":"Person","@id":""}]}},"_links":{"self":[{"href":"https:\/\/www.fraczinet.cl\/sitio\/wp-json\/wp\/v2\/posts\/15910","targetHints":{"allow":["GET"]}}],"collection":[{"href":"https:\/\/www.fraczinet.cl\/sitio\/wp-json\/wp\/v2\/posts"}],"about":[{"href":"https:\/\/www.fraczinet.cl\/sitio\/wp-json\/wp\/v2\/types\/post"}],"author":[{"embeddable":true,"href":"https:\/\/www.fraczinet.cl\/sitio\/wp-json\/wp\/v2\/users\/1"}],"replies":[{"embeddable":true,"href":"https:\/\/www.fraczinet.cl\/sitio\/wp-json\/wp\/v2\/comments?post=15910"}],"version-history":[{"count":5,"href":"https:\/\/www.fraczinet.cl\/sitio\/wp-json\/wp\/v2\/posts\/15910\/revisions"}],"predecessor-version":[{"id":15923,"href":"https:\/\/www.fraczinet.cl\/sitio\/wp-json\/wp\/v2\/posts\/15910\/revisions\/15923"}],"wp:featuredmedia":[{"embeddable":true,"href":"https:\/\/www.fraczinet.cl\/sitio\/wp-json\/wp\/v2\/media\/15921"}],"wp:attachment":[{"href":"https:\/\/www.fraczinet.cl\/sitio\/wp-json\/wp\/v2\/media?parent=15910"}],"wp:term":[{"taxonomy":"category","embeddable":true,"href":"https:\/\/www.fraczinet.cl\/sitio\/wp-json\/wp\/v2\/categories?post=15910"},{"taxonomy":"post_tag","embeddable":true,"href":"https:\/\/www.fraczinet.cl\/sitio\/wp-json\/wp\/v2\/tags?post=15910"}],"curies":[{"name":"wp","href":"https:\/\/api.w.org\/{rel}","templated":true}]}}