{"id":16002,"date":"2024-08-09T02:05:41","date_gmt":"2024-08-09T02:05:41","guid":{"rendered":"https:\/\/www.fraczinet.cl\/sitio\/?p=16002"},"modified":"2024-08-09T02:05:41","modified_gmt":"2024-08-09T02:05:41","slug":"e-e-u-u-contra-china-y-el-resto-del-mundo","status":"publish","type":"post","link":"https:\/\/www.fraczinet.cl\/sitio\/2024\/08\/09\/e-e-u-u-contra-china-y-el-resto-del-mundo\/","title":{"rendered":"E.E.U.U. Contra China (Y El Resto Del Mundo)"},"content":{"rendered":"<p data-original-attrs=\"{&quot;style&quot;:&quot;&quot;}\"><strong>En su guerra contra la Humanidad los EEUU est\u00e1n dispuestos a luchar hasta el \u00faltimo ucraniano, europeo, sudaka, africano y asi\u00e1tico. Su propia poblaci\u00f3n pobre\/inmigrada\/colorida es disposable. Lo importante es el complejo militaro-industrial y el mundo de las finanzas. Lo dem\u00e1s sale sobrando.<\/strong><\/p>\n<p style=\"font-weight: 400;\"><strong><img fetchpriority=\"high\" decoding=\"async\" class=\"size-medium wp-image-16003 alignleft\" src=\"https:\/\/www.fraczinet.cl\/sitio\/wp-content\/uploads\/2024\/08\/1723077181180462-0-300x172.jpg\" alt=\"\" width=\"300\" height=\"172\" srcset=\"https:\/\/www.fraczinet.cl\/sitio\/wp-content\/uploads\/2024\/08\/1723077181180462-0-300x172.jpg 300w, https:\/\/www.fraczinet.cl\/sitio\/wp-content\/uploads\/2024\/08\/1723077181180462-0.jpg 620w\" sizes=\"(max-width: 300px) 100vw, 300px\" \/>Escribe Roberto Pizarro Hofer\u00a0<\/strong><\/p>\n<p style=\"font-weight: 400;\"><strong>FUENTE Revista Digital Politika<\/strong><\/p>\n<p>En la reciente convenci\u00f3n republicana Donald Trump destac\u00f3 que, desde su primer d\u00eda de gobierno, cerrar\u00eda la frontera con M\u00e9xico y elevar\u00eda los aranceles en un 100% a 200% contra los productos chinos. Reiter\u00f3 as\u00ed su renuncia al libre comercio, que hab\u00eda iniciado en 2017.<\/p>\n<p>Donald Trump simboliza el nacionalismo econ\u00f3mico, las pol\u00edticas antiinmigrantes, cuestiona la protecci\u00f3n multilateral del medio ambiente y despliega un discurso agresivo contra todo aquello que Estados Unidos promovi\u00f3 hasta hace muy pocos a\u00f1os.<\/p>\n<p>Pero, el actual presidente Biden no se ha quedado atr\u00e1s. Ha seguido sus pasos con el nacionalismo econ\u00f3mico y en su enfrentamiento a China y probablemente, si triunfa Kamala Harris, en las pr\u00f3ximas elecciones, no habr\u00e1 un cambio en esta pol\u00edtica. El proteccionismo es hoy una pol\u00edtica de Estado.<\/p>\n<p>\u201cCompraremos productos estadounidenses para asegurarnos que todo, desde la cubierta de un portaaviones hasta el acero en las barandillas de las autopistas se fabriquen en los Estados Unidos\u201d (Informe del presidente Biden al Congreso, febrero 2023).<\/p>\n<p>Parad\u00f3jicamente, el gobierno estadounidense, que hab\u00eda sido el principal impulsor de la globalizaci\u00f3n, es hoy d\u00eda su enemigo.<\/p>\n<p>La renuncia a la globalizaci\u00f3n apunta a evitar la mudanza de empresas a terceros pa\u00edses, asegurar el autoabastecimiento para un listado de actividades que cubren casi todo el espectro productivo y favorecer la recuperaci\u00f3n de la industria estadounidense.<\/p>\n<p>Es que Estados Unidos est\u00e1 desesperado ante el auge econ\u00f3mico chino. Y, lo que m\u00e1s le preocupa es el potencial tecnol\u00f3gico que ha adquirido China. En el a\u00f1o 2019 el pa\u00eds asi\u00e1tico presentaba a la Organizaci\u00f3n Mundial de Propiedad Industrial (OMPI) 68.720 solicitudes (+16,1% de crecimiento anual), superando de largo a los Estados Unidos, (59.230 solicitudes, con crecimiento anual de +3%).<\/p>\n<p>Bajo su presidencia, Trump exigi\u00f3 a las empresas que se hab\u00edan enriquecido en China que volvieran a casa, pol\u00edtica que ha seguido el presidente Biden. Y, en el discurso de los dos \u00faltimos gobiernos se ha impulsado: protecci\u00f3n estatal a las empresas locales, altos aranceles a los productos chinos y controlar los procesos migratorios.<\/p>\n<p>Pero, lo m\u00e1s importante en el enfrentamiento con China es el tema tecnol\u00f3gico, ya que el pa\u00eds asi\u00e1tico avanza aceleradamente en robotizaci\u00f3n y tecnolog\u00eda 5G.<\/p>\n<p>Un ejemplo expresivo de esta preocupaci\u00f3n se manifest\u00f3 durante la visita a Chile, en 2019, del Canciller de Trump, Mike Pompeo. En esa ocasi\u00f3n reiter\u00f3 la vieja y agresiva doctrina Monroe de pol\u00edtica exterior, la que ya hab\u00eda adelantado el presidente Trump, en septiembre del a\u00f1o 2018, quien se\u00f1al\u00f3 en su discurso ante la Asamblea General de Naciones Unidas:<\/p>\n<p>\u201c<em>Aqu\u00ed en el hemisferio occidental, estamos comprometidos a mantener nuestra independencia de la intrusi\u00f3n de potencias extranjeras expansionistas<\/em>\u201d. \u201c<em>Ha sido la pol\u00edtica formal de nuestro pa\u00eds desde el presidente (James) Monroe que rechacemos la interferencia de naciones extranjeras en este hemisferio y en nuestros propios asuntos<\/em>\u201d.<\/p>\n<p>Pompeo dict\u00f3 una conferencia en Casa Piedra, en Santiago, ante diplom\u00e1ticos, empresarios, congresistas y expertos en pol\u00edtica internacional, d\u00f3nde, sin ninguna delicadeza, impugn\u00f3 nuestras relaciones econ\u00f3micas con China, calific\u00e1ndolas de peligrosas, corruptas y promotoras de desorden.<\/p>\n<p>El Canciller de Trump estaba informado de una cita del presidente Pi\u00f1era con la empresa Huawei en su viaje a China y no dud\u00f3 en descalificarla, acusando a esa empresa de espionaje.<\/p>\n<p>\u201cNo tenemos confianza en estos sistemas. Y, si ustedes los utilizan forzar\u00e1n a los EE.UU. a tomar decisiones sobre d\u00f3nde ponemos nuestra informaci\u00f3n tambi\u00e9n\u201d.<\/p>\n<p>El p\u00fablico que lo escuchaba quedo perplejo. Desde hace muchos a\u00f1os no se escuchaba en Chile una amenaza tan descarnada.<\/p>\n<p>En esa misma l\u00ednea, la jefa del Comando Sur de los Estados Unidos, Laura Richardson, tambi\u00e9n preocupada por los negocios chinos en la regi\u00f3n, destac\u00f3 en el Atlantic Council (enero, 2023) <strong>que los ricos recursos de Latinoam\u00e9rica, en particular el litio. le corresponden a los Estados Unidos. Dijo que Am\u00e9rica Latina \u201c<em>\u2026est\u00e1 llena de recursos y me preocupa la actividad maligna de nuestros adversarios que se aprovechan de ella<\/em>\u201d.<\/strong><\/p>\n<p>Los enfrentamientos del gobierno estadounidense con China son, en realidad, una disputa geopol\u00edtica, porque la tecnolog\u00eda 5G (y su materia prima que es el litio) ser\u00e1 el instrumento m\u00e1s potente para el desarrollo econ\u00f3mico, militar y aeroespacial en el siglo 21.<\/p>\n<p>Si a ello se agrega la \u201cIniciativa de la Franja y la Ruta de la Seda\u201d, con el despliegue de una infraestructura desde Beijing al resto del mundo, China est\u00e1 posicionando firmemente su presencia en el mundo, convirti\u00e9ndose en el m\u00e1s serio competidor econ\u00f3mico y geopol\u00edtico de EE.UU. Y los norteamericanos est\u00e1n asustados.<\/p>\n<p>En consecuencia, la guerra comercial de Washington no s\u00f3lo apunta a conseguir equilibrios comerciales, sino principalmente a contener el expansionismo econ\u00f3mico de China, especialmente en el \u00e1mbito de las tecnolog\u00edas, de \u00faltima generaci\u00f3n.<\/p>\n<p>As\u00ed las cosas, se ha desatado una guerra comercial que impacta no s\u00f3lo sobre ambas econom\u00edas, sino que comienza a golpear al conjunto de la econom\u00eda mundial.<\/p>\n<p>El proteccionismo del gobierno norteamericano en su guerra comercial contra China entrega lecciones a los pa\u00edses de Am\u00e9rica latina. En primer lugar, ser\u00e1 necesario asegurar nuestra autonom\u00eda respecto de los dos poderes mundiales, pero tambi\u00e9n rechazar categ\u00f3ricamente la pretensi\u00f3n norteamericana de obligar a la regi\u00f3n a reducir sus relaciones con China.<\/p>\n<p>Segundo, es imprescindible desplegar nuevos esfuerzos en favor del multilateralismo y muy especialmente insistir en la integraci\u00f3n de los pa\u00edses de Am\u00e9rica latina para enfrentar el avance del proteccionismo, asunto que, hasta ahora, lamentablemente, ha resultado muy dif\u00edcil.<\/p>\n<p>Finalmente, hay que aprender de la pol\u00edtica china en materia de ciencia, tecnolog\u00eda e innovaci\u00f3n, para diversificar la matriz productiva de nuestros pa\u00edses y terminar con la vulnerable dependencia de recursos naturales.<\/p>\n","protected":false},"excerpt":{"rendered":"<p>En su guerra contra la Humanidad los EEUU est\u00e1n dispuestos a luchar hasta el \u00faltimo ucraniano, europeo, sudaka, africano y asi\u00e1tico. Su propia poblaci\u00f3n pobre\/inmigrada\/colorida es disposable. Lo importante es el complejo militaro-industrial y el mundo de las finanzas. Lo dem\u00e1s sale sobrando.<\/p>\n","protected":false},"author":1,"featured_media":16003,"comment_status":"open","ping_status":"closed","sticky":false,"template":"","format":"standard","meta":{"footnotes":""},"categories":[312,10,112,131],"tags":[],"class_list":["post-16002","post","type-post","status-publish","format-standard","has-post-thumbnail","hentry","category-economia","category-historia","category-opinion","category-politica"],"yoast_head":"<!-- This site is optimized with the Yoast SEO plugin v25.0 - https:\/\/yoast.com\/wordpress\/plugins\/seo\/ -->\n<title>E.E.U.U. Contra China (Y El Resto Del Mundo) - Nuestro Bio B\u00edo<\/title>\n<meta name=\"description\" content=\"En su guerra contra la Humanidad los EEUU est\u00e1n dispuestos a luchar hasta el \u00faltimo ucraniano, europeo, sudaka, africano y asi\u00e1tico. Su propia poblaci\u00f3n pobre\/inmigrada\/colorida es disposable. Lo importante es el complejo militaro-industrial y el mundo de las finanzas. Lo dem\u00e1s sale sobrando.\" \/>\n<meta name=\"robots\" content=\"index, follow, max-snippet:-1, max-image-preview:large, max-video-preview:-1\" \/>\n<link rel=\"canonical\" href=\"https:\/\/www.fraczinet.cl\/sitio\/2024\/08\/09\/e-e-u-u-contra-china-y-el-resto-del-mundo\/\" \/>\n<meta property=\"og:locale\" content=\"es_ES\" \/>\n<meta property=\"og:type\" content=\"article\" \/>\n<meta property=\"og:title\" content=\"E.E.U.U. Contra China (Y El Resto Del Mundo) - Nuestro Bio B\u00edo\" \/>\n<meta property=\"og:description\" content=\"En su guerra contra la Humanidad los EEUU est\u00e1n dispuestos a luchar hasta el \u00faltimo ucraniano, europeo, sudaka, africano y asi\u00e1tico. Su propia poblaci\u00f3n pobre\/inmigrada\/colorida es disposable. Lo importante es el complejo militaro-industrial y el mundo de las finanzas. Lo dem\u00e1s sale sobrando.\" \/>\n<meta property=\"og:url\" content=\"https:\/\/www.fraczinet.cl\/sitio\/2024\/08\/09\/e-e-u-u-contra-china-y-el-resto-del-mundo\/\" \/>\n<meta property=\"og:site_name\" content=\"Nuestro Bio B\u00edo\" \/>\n<meta property=\"article:published_time\" content=\"2024-08-09T02:05:41+00:00\" \/>\n<meta property=\"og:image\" content=\"https:\/\/www.fraczinet.cl\/sitio\/wp-content\/uploads\/2024\/08\/1723077181180462-0.jpg\" \/>\n\t<meta property=\"og:image:width\" content=\"620\" \/>\n\t<meta property=\"og:image:height\" content=\"356\" \/>\n\t<meta property=\"og:image:type\" content=\"image\/jpeg\" \/>\n<meta name=\"author\" content=\"admin\" \/>\n<meta name=\"twitter:card\" content=\"summary_large_image\" \/>\n<meta name=\"twitter:creator\" content=\"@nuestrobiobio\" \/>\n<meta name=\"twitter:site\" content=\"@nuestrobiobio\" \/>\n<meta name=\"twitter:label1\" content=\"Escrito por\" \/>\n\t<meta name=\"twitter:data1\" content=\"admin\" \/>\n\t<meta name=\"twitter:label2\" content=\"Tiempo de lectura\" \/>\n\t<meta name=\"twitter:data2\" content=\"5 minutos\" \/>\n<script type=\"application\/ld+json\" class=\"yoast-schema-graph\">{\"@context\":\"https:\/\/schema.org\",\"@graph\":[{\"@type\":\"Article\",\"@id\":\"https:\/\/www.fraczinet.cl\/sitio\/2024\/08\/09\/e-e-u-u-contra-china-y-el-resto-del-mundo\/#article\",\"isPartOf\":{\"@id\":\"https:\/\/www.fraczinet.cl\/sitio\/2024\/08\/09\/e-e-u-u-contra-china-y-el-resto-del-mundo\/\"},\"author\":{\"name\":\"admin\",\"@id\":\"https:\/\/www.fraczinet.cl\/sitio\/#\/schema\/person\/bc30f98e9cb10ae7e119dbe14bc93784\"},\"headline\":\"E.E.U.U. Contra China (Y El Resto Del Mundo)\",\"datePublished\":\"2024-08-09T02:05:41+00:00\",\"mainEntityOfPage\":{\"@id\":\"https:\/\/www.fraczinet.cl\/sitio\/2024\/08\/09\/e-e-u-u-contra-china-y-el-resto-del-mundo\/\"},\"wordCount\":1072,\"commentCount\":0,\"publisher\":{\"@id\":\"https:\/\/www.fraczinet.cl\/sitio\/#\/schema\/person\/aec8ee4da68df2b9b0eefdad24a0d582\"},\"image\":{\"@id\":\"https:\/\/www.fraczinet.cl\/sitio\/2024\/08\/09\/e-e-u-u-contra-china-y-el-resto-del-mundo\/#primaryimage\"},\"thumbnailUrl\":\"https:\/\/www.fraczinet.cl\/sitio\/wp-content\/uploads\/2024\/08\/1723077181180462-0.jpg\",\"articleSection\":[\"Econom\u00eda\",\"Historia\",\"Opini\u00f3n\",\"Pol\u00edtica\"],\"inLanguage\":\"es\",\"potentialAction\":[{\"@type\":\"CommentAction\",\"name\":\"Comment\",\"target\":[\"https:\/\/www.fraczinet.cl\/sitio\/2024\/08\/09\/e-e-u-u-contra-china-y-el-resto-del-mundo\/#respond\"]}]},{\"@type\":\"WebPage\",\"@id\":\"https:\/\/www.fraczinet.cl\/sitio\/2024\/08\/09\/e-e-u-u-contra-china-y-el-resto-del-mundo\/\",\"url\":\"https:\/\/www.fraczinet.cl\/sitio\/2024\/08\/09\/e-e-u-u-contra-china-y-el-resto-del-mundo\/\",\"name\":\"E.E.U.U. Contra China (Y El Resto Del Mundo) - Nuestro Bio B\u00edo\",\"isPartOf\":{\"@id\":\"https:\/\/www.fraczinet.cl\/sitio\/#website\"},\"primaryImageOfPage\":{\"@id\":\"https:\/\/www.fraczinet.cl\/sitio\/2024\/08\/09\/e-e-u-u-contra-china-y-el-resto-del-mundo\/#primaryimage\"},\"image\":{\"@id\":\"https:\/\/www.fraczinet.cl\/sitio\/2024\/08\/09\/e-e-u-u-contra-china-y-el-resto-del-mundo\/#primaryimage\"},\"thumbnailUrl\":\"https:\/\/www.fraczinet.cl\/sitio\/wp-content\/uploads\/2024\/08\/1723077181180462-0.jpg\",\"datePublished\":\"2024-08-09T02:05:41+00:00\",\"description\":\"En su guerra contra la Humanidad los EEUU est\u00e1n dispuestos a luchar hasta el \u00faltimo ucraniano, europeo, sudaka, africano y asi\u00e1tico. Su propia poblaci\u00f3n pobre\/inmigrada\/colorida es disposable. Lo importante es el complejo militaro-industrial y el mundo de las finanzas. Lo dem\u00e1s sale sobrando.\",\"breadcrumb\":{\"@id\":\"https:\/\/www.fraczinet.cl\/sitio\/2024\/08\/09\/e-e-u-u-contra-china-y-el-resto-del-mundo\/#breadcrumb\"},\"inLanguage\":\"es\",\"potentialAction\":[{\"@type\":\"ReadAction\",\"target\":[\"https:\/\/www.fraczinet.cl\/sitio\/2024\/08\/09\/e-e-u-u-contra-china-y-el-resto-del-mundo\/\"]}]},{\"@type\":\"ImageObject\",\"inLanguage\":\"es\",\"@id\":\"https:\/\/www.fraczinet.cl\/sitio\/2024\/08\/09\/e-e-u-u-contra-china-y-el-resto-del-mundo\/#primaryimage\",\"url\":\"https:\/\/www.fraczinet.cl\/sitio\/wp-content\/uploads\/2024\/08\/1723077181180462-0.jpg\",\"contentUrl\":\"https:\/\/www.fraczinet.cl\/sitio\/wp-content\/uploads\/2024\/08\/1723077181180462-0.jpg\",\"width\":620,\"height\":356},{\"@type\":\"BreadcrumbList\",\"@id\":\"https:\/\/www.fraczinet.cl\/sitio\/2024\/08\/09\/e-e-u-u-contra-china-y-el-resto-del-mundo\/#breadcrumb\",\"itemListElement\":[{\"@type\":\"ListItem\",\"position\":1,\"name\":\"Portada\",\"item\":\"https:\/\/www.fraczinet.cl\/sitio\/\"},{\"@type\":\"ListItem\",\"position\":2,\"name\":\"E.E.U.U. Contra China (Y El Resto Del Mundo)\"}]},{\"@type\":\"WebSite\",\"@id\":\"https:\/\/www.fraczinet.cl\/sitio\/#website\",\"url\":\"https:\/\/www.fraczinet.cl\/sitio\/\",\"name\":\"Nuestro Bio B\u00edo\",\"description\":\"Tierra de Encuentros\",\"publisher\":{\"@id\":\"https:\/\/www.fraczinet.cl\/sitio\/#\/schema\/person\/aec8ee4da68df2b9b0eefdad24a0d582\"},\"potentialAction\":[{\"@type\":\"SearchAction\",\"target\":{\"@type\":\"EntryPoint\",\"urlTemplate\":\"https:\/\/www.fraczinet.cl\/sitio\/?s={search_term_string}\"},\"query-input\":{\"@type\":\"PropertyValueSpecification\",\"valueRequired\":true,\"valueName\":\"search_term_string\"}}],\"inLanguage\":\"es\"},{\"@type\":[\"Person\",\"Organization\"],\"@id\":\"https:\/\/www.fraczinet.cl\/sitio\/#\/schema\/person\/aec8ee4da68df2b9b0eefdad24a0d582\",\"name\":\"Luis Fernando Fraczinet\",\"image\":{\"@type\":\"ImageObject\",\"inLanguage\":\"es\",\"@id\":\"https:\/\/www.fraczinet.cl\/sitio\/#\/schema\/person\/image\/\",\"url\":\"https:\/\/www.fraczinet.cl\/sitio\/wp-content\/uploads\/2021\/07\/bannerlogo-1.gif\",\"contentUrl\":\"https:\/\/www.fraczinet.cl\/sitio\/wp-content\/uploads\/2021\/07\/bannerlogo-1.gif\",\"width\":159,\"height\":79,\"caption\":\"Luis Fernando Fraczinet\"},\"logo\":{\"@id\":\"https:\/\/www.fraczinet.cl\/sitio\/#\/schema\/person\/image\/\"},\"sameAs\":[\"https:\/\/www.fraczinet.cl\/sitio\/\"]},{\"@type\":\"Person\",\"@id\":\"https:\/\/www.fraczinet.cl\/sitio\/#\/schema\/person\/bc30f98e9cb10ae7e119dbe14bc93784\",\"name\":\"admin\",\"image\":{\"@type\":\"ImageObject\",\"inLanguage\":\"es\",\"@id\":\"https:\/\/www.fraczinet.cl\/sitio\/#\/schema\/person\/image\/\",\"url\":\"https:\/\/secure.gravatar.com\/avatar\/d5ad3cf7ef3b23a2bb5be73be780c86b2fc8545c3ad6b149f3913ff458c00099?s=96&d=mm&r=g\",\"contentUrl\":\"https:\/\/secure.gravatar.com\/avatar\/d5ad3cf7ef3b23a2bb5be73be780c86b2fc8545c3ad6b149f3913ff458c00099?s=96&d=mm&r=g\",\"caption\":\"admin\"},\"sameAs\":[\"https:\/\/www.fraczinet.cl\/sitio\"]}]}<\/script>\n<!-- \/ Yoast SEO plugin. -->","yoast_head_json":{"title":"E.E.U.U. Contra China (Y El Resto Del Mundo) - Nuestro Bio B\u00edo","description":"En su guerra contra la Humanidad los EEUU est\u00e1n dispuestos a luchar hasta el \u00faltimo ucraniano, europeo, sudaka, africano y asi\u00e1tico. Su propia poblaci\u00f3n pobre\/inmigrada\/colorida es disposable. Lo importante es el complejo militaro-industrial y el mundo de las finanzas. Lo dem\u00e1s sale sobrando.","robots":{"index":"index","follow":"follow","max-snippet":"max-snippet:-1","max-image-preview":"max-image-preview:large","max-video-preview":"max-video-preview:-1"},"canonical":"https:\/\/www.fraczinet.cl\/sitio\/2024\/08\/09\/e-e-u-u-contra-china-y-el-resto-del-mundo\/","og_locale":"es_ES","og_type":"article","og_title":"E.E.U.U. Contra China (Y El Resto Del Mundo) - Nuestro Bio B\u00edo","og_description":"En su guerra contra la Humanidad los EEUU est\u00e1n dispuestos a luchar hasta el \u00faltimo ucraniano, europeo, sudaka, africano y asi\u00e1tico. Su propia poblaci\u00f3n pobre\/inmigrada\/colorida es disposable. Lo importante es el complejo militaro-industrial y el mundo de las finanzas. Lo dem\u00e1s sale sobrando.","og_url":"https:\/\/www.fraczinet.cl\/sitio\/2024\/08\/09\/e-e-u-u-contra-china-y-el-resto-del-mundo\/","og_site_name":"Nuestro Bio B\u00edo","article_published_time":"2024-08-09T02:05:41+00:00","og_image":[{"width":620,"height":356,"url":"https:\/\/www.fraczinet.cl\/sitio\/wp-content\/uploads\/2024\/08\/1723077181180462-0.jpg","type":"image\/jpeg"}],"author":"admin","twitter_card":"summary_large_image","twitter_creator":"@nuestrobiobio","twitter_site":"@nuestrobiobio","twitter_misc":{"Escrito por":"admin","Tiempo de lectura":"5 minutos"},"schema":{"@context":"https:\/\/schema.org","@graph":[{"@type":"Article","@id":"https:\/\/www.fraczinet.cl\/sitio\/2024\/08\/09\/e-e-u-u-contra-china-y-el-resto-del-mundo\/#article","isPartOf":{"@id":"https:\/\/www.fraczinet.cl\/sitio\/2024\/08\/09\/e-e-u-u-contra-china-y-el-resto-del-mundo\/"},"author":{"name":"admin","@id":"https:\/\/www.fraczinet.cl\/sitio\/#\/schema\/person\/bc30f98e9cb10ae7e119dbe14bc93784"},"headline":"E.E.U.U. Contra China (Y El Resto Del Mundo)","datePublished":"2024-08-09T02:05:41+00:00","mainEntityOfPage":{"@id":"https:\/\/www.fraczinet.cl\/sitio\/2024\/08\/09\/e-e-u-u-contra-china-y-el-resto-del-mundo\/"},"wordCount":1072,"commentCount":0,"publisher":{"@id":"https:\/\/www.fraczinet.cl\/sitio\/#\/schema\/person\/aec8ee4da68df2b9b0eefdad24a0d582"},"image":{"@id":"https:\/\/www.fraczinet.cl\/sitio\/2024\/08\/09\/e-e-u-u-contra-china-y-el-resto-del-mundo\/#primaryimage"},"thumbnailUrl":"https:\/\/www.fraczinet.cl\/sitio\/wp-content\/uploads\/2024\/08\/1723077181180462-0.jpg","articleSection":["Econom\u00eda","Historia","Opini\u00f3n","Pol\u00edtica"],"inLanguage":"es","potentialAction":[{"@type":"CommentAction","name":"Comment","target":["https:\/\/www.fraczinet.cl\/sitio\/2024\/08\/09\/e-e-u-u-contra-china-y-el-resto-del-mundo\/#respond"]}]},{"@type":"WebPage","@id":"https:\/\/www.fraczinet.cl\/sitio\/2024\/08\/09\/e-e-u-u-contra-china-y-el-resto-del-mundo\/","url":"https:\/\/www.fraczinet.cl\/sitio\/2024\/08\/09\/e-e-u-u-contra-china-y-el-resto-del-mundo\/","name":"E.E.U.U. Contra China (Y El Resto Del Mundo) - Nuestro Bio B\u00edo","isPartOf":{"@id":"https:\/\/www.fraczinet.cl\/sitio\/#website"},"primaryImageOfPage":{"@id":"https:\/\/www.fraczinet.cl\/sitio\/2024\/08\/09\/e-e-u-u-contra-china-y-el-resto-del-mundo\/#primaryimage"},"image":{"@id":"https:\/\/www.fraczinet.cl\/sitio\/2024\/08\/09\/e-e-u-u-contra-china-y-el-resto-del-mundo\/#primaryimage"},"thumbnailUrl":"https:\/\/www.fraczinet.cl\/sitio\/wp-content\/uploads\/2024\/08\/1723077181180462-0.jpg","datePublished":"2024-08-09T02:05:41+00:00","description":"En su guerra contra la Humanidad los EEUU est\u00e1n dispuestos a luchar hasta el \u00faltimo ucraniano, europeo, sudaka, africano y asi\u00e1tico. Su propia poblaci\u00f3n pobre\/inmigrada\/colorida es disposable. Lo importante es el complejo militaro-industrial y el mundo de las finanzas. Lo dem\u00e1s sale sobrando.","breadcrumb":{"@id":"https:\/\/www.fraczinet.cl\/sitio\/2024\/08\/09\/e-e-u-u-contra-china-y-el-resto-del-mundo\/#breadcrumb"},"inLanguage":"es","potentialAction":[{"@type":"ReadAction","target":["https:\/\/www.fraczinet.cl\/sitio\/2024\/08\/09\/e-e-u-u-contra-china-y-el-resto-del-mundo\/"]}]},{"@type":"ImageObject","inLanguage":"es","@id":"https:\/\/www.fraczinet.cl\/sitio\/2024\/08\/09\/e-e-u-u-contra-china-y-el-resto-del-mundo\/#primaryimage","url":"https:\/\/www.fraczinet.cl\/sitio\/wp-content\/uploads\/2024\/08\/1723077181180462-0.jpg","contentUrl":"https:\/\/www.fraczinet.cl\/sitio\/wp-content\/uploads\/2024\/08\/1723077181180462-0.jpg","width":620,"height":356},{"@type":"BreadcrumbList","@id":"https:\/\/www.fraczinet.cl\/sitio\/2024\/08\/09\/e-e-u-u-contra-china-y-el-resto-del-mundo\/#breadcrumb","itemListElement":[{"@type":"ListItem","position":1,"name":"Portada","item":"https:\/\/www.fraczinet.cl\/sitio\/"},{"@type":"ListItem","position":2,"name":"E.E.U.U. Contra China (Y El Resto Del Mundo)"}]},{"@type":"WebSite","@id":"https:\/\/www.fraczinet.cl\/sitio\/#website","url":"https:\/\/www.fraczinet.cl\/sitio\/","name":"Nuestro Bio B\u00edo","description":"Tierra de Encuentros","publisher":{"@id":"https:\/\/www.fraczinet.cl\/sitio\/#\/schema\/person\/aec8ee4da68df2b9b0eefdad24a0d582"},"potentialAction":[{"@type":"SearchAction","target":{"@type":"EntryPoint","urlTemplate":"https:\/\/www.fraczinet.cl\/sitio\/?s={search_term_string}"},"query-input":{"@type":"PropertyValueSpecification","valueRequired":true,"valueName":"search_term_string"}}],"inLanguage":"es"},{"@type":["Person","Organization"],"@id":"https:\/\/www.fraczinet.cl\/sitio\/#\/schema\/person\/aec8ee4da68df2b9b0eefdad24a0d582","name":"Luis Fernando Fraczinet","image":{"@type":"ImageObject","inLanguage":"es","@id":"https:\/\/www.fraczinet.cl\/sitio\/#\/schema\/person\/image\/","url":"https:\/\/www.fraczinet.cl\/sitio\/wp-content\/uploads\/2021\/07\/bannerlogo-1.gif","contentUrl":"https:\/\/www.fraczinet.cl\/sitio\/wp-content\/uploads\/2021\/07\/bannerlogo-1.gif","width":159,"height":79,"caption":"Luis Fernando Fraczinet"},"logo":{"@id":"https:\/\/www.fraczinet.cl\/sitio\/#\/schema\/person\/image\/"},"sameAs":["https:\/\/www.fraczinet.cl\/sitio\/"]},{"@type":"Person","@id":"https:\/\/www.fraczinet.cl\/sitio\/#\/schema\/person\/bc30f98e9cb10ae7e119dbe14bc93784","name":"admin","image":{"@type":"ImageObject","inLanguage":"es","@id":"https:\/\/www.fraczinet.cl\/sitio\/#\/schema\/person\/image\/","url":"https:\/\/secure.gravatar.com\/avatar\/d5ad3cf7ef3b23a2bb5be73be780c86b2fc8545c3ad6b149f3913ff458c00099?s=96&d=mm&r=g","contentUrl":"https:\/\/secure.gravatar.com\/avatar\/d5ad3cf7ef3b23a2bb5be73be780c86b2fc8545c3ad6b149f3913ff458c00099?s=96&d=mm&r=g","caption":"admin"},"sameAs":["https:\/\/www.fraczinet.cl\/sitio"]}]}},"_links":{"self":[{"href":"https:\/\/www.fraczinet.cl\/sitio\/wp-json\/wp\/v2\/posts\/16002","targetHints":{"allow":["GET"]}}],"collection":[{"href":"https:\/\/www.fraczinet.cl\/sitio\/wp-json\/wp\/v2\/posts"}],"about":[{"href":"https:\/\/www.fraczinet.cl\/sitio\/wp-json\/wp\/v2\/types\/post"}],"author":[{"embeddable":true,"href":"https:\/\/www.fraczinet.cl\/sitio\/wp-json\/wp\/v2\/users\/1"}],"replies":[{"embeddable":true,"href":"https:\/\/www.fraczinet.cl\/sitio\/wp-json\/wp\/v2\/comments?post=16002"}],"version-history":[{"count":1,"href":"https:\/\/www.fraczinet.cl\/sitio\/wp-json\/wp\/v2\/posts\/16002\/revisions"}],"predecessor-version":[{"id":16004,"href":"https:\/\/www.fraczinet.cl\/sitio\/wp-json\/wp\/v2\/posts\/16002\/revisions\/16004"}],"wp:featuredmedia":[{"embeddable":true,"href":"https:\/\/www.fraczinet.cl\/sitio\/wp-json\/wp\/v2\/media\/16003"}],"wp:attachment":[{"href":"https:\/\/www.fraczinet.cl\/sitio\/wp-json\/wp\/v2\/media?parent=16002"}],"wp:term":[{"taxonomy":"category","embeddable":true,"href":"https:\/\/www.fraczinet.cl\/sitio\/wp-json\/wp\/v2\/categories?post=16002"},{"taxonomy":"post_tag","embeddable":true,"href":"https:\/\/www.fraczinet.cl\/sitio\/wp-json\/wp\/v2\/tags?post=16002"}],"curies":[{"name":"wp","href":"https:\/\/api.w.org\/{rel}","templated":true}]}}