{"id":16114,"date":"2024-09-16T01:50:09","date_gmt":"2024-09-16T01:50:09","guid":{"rendered":"https:\/\/www.fraczinet.cl\/sitio\/?p=16114"},"modified":"2024-09-16T01:54:53","modified_gmt":"2024-09-16T01:54:53","slug":"quien-puso-nombre-a-america","status":"publish","type":"post","link":"https:\/\/www.fraczinet.cl\/sitio\/2024\/09\/16\/quien-puso-nombre-a-america\/","title":{"rendered":"\u00bfQui\u00e9n Puso Nombre A Am\u00e9rica?"},"content":{"rendered":"<p><span style=\"font-weight: 400;\"><img fetchpriority=\"high\" decoding=\"async\" class=\"size-medium wp-image-16115 alignleft\" src=\"https:\/\/www.fraczinet.cl\/sitio\/wp-content\/uploads\/2024\/09\/Americo-Vespucio-300x216.jpg\" alt=\"\" width=\"300\" height=\"216\" srcset=\"https:\/\/www.fraczinet.cl\/sitio\/wp-content\/uploads\/2024\/09\/Americo-Vespucio-300x216.jpg 300w, https:\/\/www.fraczinet.cl\/sitio\/wp-content\/uploads\/2024\/09\/Americo-Vespucio-768x554.jpg 768w, https:\/\/www.fraczinet.cl\/sitio\/wp-content\/uploads\/2024\/09\/Americo-Vespucio.jpg 800w\" sizes=\"(max-width: 300px) 100vw, 300px\" \/>Am\u00e9rica se llama as\u00ed por el navegante y ge\u00f3grafo florentino Am\u00e9rico Vespucio que falleci\u00f3 un d\u00eda como hoy hace 512 a\u00f1os. Es por eso que muchos creen que fue \u00e9l quien le dio su propio nombre, pero en realidad no fue as\u00ed.<\/span><\/p>\n<p>&nbsp;<\/p>\n<p><span style=\"font-weight: 400;\">Amerigo Vespuccio, como as\u00ed se llamaba de nacimiento, particip\u00f3 en diversas expediciones al Nuevo Mundo, que por aquel entonces todav\u00eda no ten\u00eda nombre, por cuenta de las Coronas espa\u00f1ola y portuguesa. S\u00ed que dio nombre a algunos lugares como Venezuela (a la que llam\u00f3 Venezziola porque le recordaba a Venecia con su multitud de canales), pero no a Am\u00e9rica en s\u00ed.<\/span><\/p>\n<p>&nbsp;<\/p>\n<p><span style=\"font-weight: 400;\">Fue el ge\u00f3grafo germano Martin Waldseem\u00fcller quien decidi\u00f3 bautizar al continente con el nombre del navegante florentino. En 1507 public\u00f3 un mapa titulado Universalis Cosmographia, en el que por primera vez aparec\u00eda el nuevo continente separado de Asia \u2013 si bien muy incompleto \u2013 y nombrado como Am\u00e9rica, en honor a Vespucio ya que, seg\u00fan \u00e9l, hab\u00eda sido el primer europeo en darse cuenta de que ese \u00abNuevo Mundo\u00bb no eran las Indias.<\/span><\/p>\n<p>&nbsp;<\/p>\n<figure id=\"attachment_16119\" aria-describedby=\"caption-attachment-16119\" style=\"width: 781px\" class=\"wp-caption aligncenter\"><img decoding=\"async\" class=\"wp-image-16119 size-full\" src=\"https:\/\/www.fraczinet.cl\/sitio\/wp-content\/uploads\/2024\/09\/5384056215425898204.jpg\" alt=\"\" width=\"781\" height=\"599\" srcset=\"https:\/\/www.fraczinet.cl\/sitio\/wp-content\/uploads\/2024\/09\/5384056215425898204.jpg 781w, https:\/\/www.fraczinet.cl\/sitio\/wp-content\/uploads\/2024\/09\/5384056215425898204-300x230.jpg 300w, https:\/\/www.fraczinet.cl\/sitio\/wp-content\/uploads\/2024\/09\/5384056215425898204-768x589.jpg 768w\" sizes=\"(max-width: 781px) 100vw, 781px\" \/><figcaption id=\"caption-attachment-16119\" class=\"wp-caption-text\">Universalis Cosmographia, Martin Waldseem\u00fcller, 1546<\/figcaption><\/figure>\n<p>&nbsp;<\/p>\n<p><span style=\"font-weight: 400;\">Sin embargo, aunque el propio Vespucio s\u00ed que hab\u00eda afirmado que se trataba de un nuevo continente, nunca reivindic\u00f3 que fuese el primero en darse cuenta de ello. En realidad, esta posibilidad ya era discutida pocos a\u00f1os despu\u00e9s que Crist\u00f3bal Col\u00f3n, con quien Vespucio manten\u00eda una buena relaci\u00f3n e intercambiaba conocimientos, volviera de su primer viaje. De hecho, muchos pensaron que Am\u00e9rica deber\u00eda haberse llamado Columbia en honor a Col\u00f3n.<\/span><\/p>\n<p>&nbsp;<\/p>\n<p><b>Fuente<\/b><\/p>\n<p><span style=\"font-weight: 400;\">Un D\u00eda como Hoy \ud83d\udc49<a href=\"https:\/\/t.me\/undiacomo\">https:\/\/t.me\/undiacomo<\/a><\/span><\/p>\n","protected":false},"excerpt":{"rendered":"<p>Am\u00e9rica se llama as\u00ed por el navegante y ge\u00f3grafo florentino Am\u00e9rico Vespucio que falleci\u00f3 un d\u00eda como hoy hace 512 a\u00f1os. Es por eso que muchos creen que fue \u00e9l quien le dio su propio nombre, pero en realidad no fue as\u00ed.<\/p>\n","protected":false},"author":1,"featured_media":16115,"comment_status":"open","ping_status":"closed","sticky":false,"template":"","format":"standard","meta":{"footnotes":""},"categories":[10],"tags":[],"class_list":["post-16114","post","type-post","status-publish","format-standard","has-post-thumbnail","hentry","category-historia"],"yoast_head":"<!-- This site is optimized with the Yoast SEO plugin v25.0 - https:\/\/yoast.com\/wordpress\/plugins\/seo\/ -->\n<title>\u00bfQui\u00e9n Puso Nombre A Am\u00e9rica? - Nuestro Bio B\u00edo<\/title>\n<meta name=\"description\" content=\"Am\u00e9rica se llama as\u00ed por el navegante y ge\u00f3grafo florentino Am\u00e9rico Vespucio que falleci\u00f3 un d\u00eda como hoy hace 512 a\u00f1os. Es por eso que muchos creen que fue \u00e9l quien le dio su propio nombre, pero en realidad no fue as\u00ed.\" \/>\n<meta name=\"robots\" content=\"index, follow, max-snippet:-1, max-image-preview:large, max-video-preview:-1\" \/>\n<link rel=\"canonical\" href=\"https:\/\/www.fraczinet.cl\/sitio\/2024\/09\/16\/quien-puso-nombre-a-america\/\" \/>\n<meta property=\"og:locale\" content=\"es_ES\" \/>\n<meta property=\"og:type\" content=\"article\" \/>\n<meta property=\"og:title\" content=\"\u00bfQui\u00e9n Puso Nombre A Am\u00e9rica? - Nuestro Bio B\u00edo\" \/>\n<meta property=\"og:description\" content=\"Am\u00e9rica se llama as\u00ed por el navegante y ge\u00f3grafo florentino Am\u00e9rico Vespucio que falleci\u00f3 un d\u00eda como hoy hace 512 a\u00f1os. Es por eso que muchos creen que fue \u00e9l quien le dio su propio nombre, pero en realidad no fue as\u00ed.\" \/>\n<meta property=\"og:url\" content=\"https:\/\/www.fraczinet.cl\/sitio\/2024\/09\/16\/quien-puso-nombre-a-america\/\" \/>\n<meta property=\"og:site_name\" content=\"Nuestro Bio B\u00edo\" \/>\n<meta property=\"article:published_time\" content=\"2024-09-16T01:50:09+00:00\" \/>\n<meta property=\"article:modified_time\" content=\"2024-09-16T01:54:53+00:00\" \/>\n<meta property=\"og:image\" content=\"https:\/\/www.fraczinet.cl\/sitio\/wp-content\/uploads\/2024\/09\/Americo-Vespucio.jpg\" \/>\n\t<meta property=\"og:image:width\" content=\"800\" \/>\n\t<meta property=\"og:image:height\" content=\"577\" \/>\n\t<meta property=\"og:image:type\" content=\"image\/jpeg\" \/>\n<meta name=\"author\" content=\"admin\" \/>\n<meta name=\"twitter:card\" content=\"summary_large_image\" \/>\n<meta name=\"twitter:creator\" content=\"@nuestrobiobio\" \/>\n<meta name=\"twitter:site\" content=\"@nuestrobiobio\" \/>\n<meta name=\"twitter:label1\" content=\"Escrito por\" \/>\n\t<meta name=\"twitter:data1\" content=\"admin\" \/>\n\t<meta name=\"twitter:label2\" content=\"Tiempo de lectura\" \/>\n\t<meta name=\"twitter:data2\" content=\"2 minutos\" \/>\n<script type=\"application\/ld+json\" class=\"yoast-schema-graph\">{\"@context\":\"https:\/\/schema.org\",\"@graph\":[{\"@type\":\"Article\",\"@id\":\"https:\/\/www.fraczinet.cl\/sitio\/2024\/09\/16\/quien-puso-nombre-a-america\/#article\",\"isPartOf\":{\"@id\":\"https:\/\/www.fraczinet.cl\/sitio\/2024\/09\/16\/quien-puso-nombre-a-america\/\"},\"author\":{\"name\":\"admin\",\"@id\":\"https:\/\/www.fraczinet.cl\/sitio\/#\/schema\/person\/bc30f98e9cb10ae7e119dbe14bc93784\"},\"headline\":\"\u00bfQui\u00e9n Puso Nombre A Am\u00e9rica?\",\"datePublished\":\"2024-09-16T01:50:09+00:00\",\"dateModified\":\"2024-09-16T01:54:53+00:00\",\"mainEntityOfPage\":{\"@id\":\"https:\/\/www.fraczinet.cl\/sitio\/2024\/09\/16\/quien-puso-nombre-a-america\/\"},\"wordCount\":301,\"commentCount\":0,\"publisher\":{\"@id\":\"https:\/\/www.fraczinet.cl\/sitio\/#\/schema\/person\/aec8ee4da68df2b9b0eefdad24a0d582\"},\"image\":{\"@id\":\"https:\/\/www.fraczinet.cl\/sitio\/2024\/09\/16\/quien-puso-nombre-a-america\/#primaryimage\"},\"thumbnailUrl\":\"https:\/\/www.fraczinet.cl\/sitio\/wp-content\/uploads\/2024\/09\/Americo-Vespucio.jpg\",\"articleSection\":[\"Historia\"],\"inLanguage\":\"es\",\"potentialAction\":[{\"@type\":\"CommentAction\",\"name\":\"Comment\",\"target\":[\"https:\/\/www.fraczinet.cl\/sitio\/2024\/09\/16\/quien-puso-nombre-a-america\/#respond\"]}]},{\"@type\":\"WebPage\",\"@id\":\"https:\/\/www.fraczinet.cl\/sitio\/2024\/09\/16\/quien-puso-nombre-a-america\/\",\"url\":\"https:\/\/www.fraczinet.cl\/sitio\/2024\/09\/16\/quien-puso-nombre-a-america\/\",\"name\":\"\u00bfQui\u00e9n Puso Nombre A Am\u00e9rica? - Nuestro Bio B\u00edo\",\"isPartOf\":{\"@id\":\"https:\/\/www.fraczinet.cl\/sitio\/#website\"},\"primaryImageOfPage\":{\"@id\":\"https:\/\/www.fraczinet.cl\/sitio\/2024\/09\/16\/quien-puso-nombre-a-america\/#primaryimage\"},\"image\":{\"@id\":\"https:\/\/www.fraczinet.cl\/sitio\/2024\/09\/16\/quien-puso-nombre-a-america\/#primaryimage\"},\"thumbnailUrl\":\"https:\/\/www.fraczinet.cl\/sitio\/wp-content\/uploads\/2024\/09\/Americo-Vespucio.jpg\",\"datePublished\":\"2024-09-16T01:50:09+00:00\",\"dateModified\":\"2024-09-16T01:54:53+00:00\",\"description\":\"Am\u00e9rica se llama as\u00ed por el navegante y ge\u00f3grafo florentino Am\u00e9rico Vespucio que falleci\u00f3 un d\u00eda como hoy hace 512 a\u00f1os. Es por eso que muchos creen que fue \u00e9l quien le dio su propio nombre, pero en realidad no fue as\u00ed.\",\"breadcrumb\":{\"@id\":\"https:\/\/www.fraczinet.cl\/sitio\/2024\/09\/16\/quien-puso-nombre-a-america\/#breadcrumb\"},\"inLanguage\":\"es\",\"potentialAction\":[{\"@type\":\"ReadAction\",\"target\":[\"https:\/\/www.fraczinet.cl\/sitio\/2024\/09\/16\/quien-puso-nombre-a-america\/\"]}]},{\"@type\":\"ImageObject\",\"inLanguage\":\"es\",\"@id\":\"https:\/\/www.fraczinet.cl\/sitio\/2024\/09\/16\/quien-puso-nombre-a-america\/#primaryimage\",\"url\":\"https:\/\/www.fraczinet.cl\/sitio\/wp-content\/uploads\/2024\/09\/Americo-Vespucio.jpg\",\"contentUrl\":\"https:\/\/www.fraczinet.cl\/sitio\/wp-content\/uploads\/2024\/09\/Americo-Vespucio.jpg\",\"width\":800,\"height\":577},{\"@type\":\"BreadcrumbList\",\"@id\":\"https:\/\/www.fraczinet.cl\/sitio\/2024\/09\/16\/quien-puso-nombre-a-america\/#breadcrumb\",\"itemListElement\":[{\"@type\":\"ListItem\",\"position\":1,\"name\":\"Portada\",\"item\":\"https:\/\/www.fraczinet.cl\/sitio\/\"},{\"@type\":\"ListItem\",\"position\":2,\"name\":\"\u00bfQui\u00e9n Puso Nombre A Am\u00e9rica?\"}]},{\"@type\":\"WebSite\",\"@id\":\"https:\/\/www.fraczinet.cl\/sitio\/#website\",\"url\":\"https:\/\/www.fraczinet.cl\/sitio\/\",\"name\":\"Nuestro Bio B\u00edo\",\"description\":\"Tierra de Encuentros\",\"publisher\":{\"@id\":\"https:\/\/www.fraczinet.cl\/sitio\/#\/schema\/person\/aec8ee4da68df2b9b0eefdad24a0d582\"},\"potentialAction\":[{\"@type\":\"SearchAction\",\"target\":{\"@type\":\"EntryPoint\",\"urlTemplate\":\"https:\/\/www.fraczinet.cl\/sitio\/?s={search_term_string}\"},\"query-input\":{\"@type\":\"PropertyValueSpecification\",\"valueRequired\":true,\"valueName\":\"search_term_string\"}}],\"inLanguage\":\"es\"},{\"@type\":[\"Person\",\"Organization\"],\"@id\":\"https:\/\/www.fraczinet.cl\/sitio\/#\/schema\/person\/aec8ee4da68df2b9b0eefdad24a0d582\",\"name\":\"Luis Fernando Fraczinet\",\"image\":{\"@type\":\"ImageObject\",\"inLanguage\":\"es\",\"@id\":\"https:\/\/www.fraczinet.cl\/sitio\/#\/schema\/person\/image\/\",\"url\":\"https:\/\/www.fraczinet.cl\/sitio\/wp-content\/uploads\/2021\/07\/bannerlogo-1.gif\",\"contentUrl\":\"https:\/\/www.fraczinet.cl\/sitio\/wp-content\/uploads\/2021\/07\/bannerlogo-1.gif\",\"width\":159,\"height\":79,\"caption\":\"Luis Fernando Fraczinet\"},\"logo\":{\"@id\":\"https:\/\/www.fraczinet.cl\/sitio\/#\/schema\/person\/image\/\"},\"sameAs\":[\"https:\/\/www.fraczinet.cl\/sitio\/\"]},{\"@type\":\"Person\",\"@id\":\"https:\/\/www.fraczinet.cl\/sitio\/#\/schema\/person\/bc30f98e9cb10ae7e119dbe14bc93784\",\"name\":\"admin\",\"image\":{\"@type\":\"ImageObject\",\"inLanguage\":\"es\",\"@id\":\"https:\/\/www.fraczinet.cl\/sitio\/#\/schema\/person\/image\/\",\"url\":\"https:\/\/secure.gravatar.com\/avatar\/d5ad3cf7ef3b23a2bb5be73be780c86b2fc8545c3ad6b149f3913ff458c00099?s=96&d=mm&r=g\",\"contentUrl\":\"https:\/\/secure.gravatar.com\/avatar\/d5ad3cf7ef3b23a2bb5be73be780c86b2fc8545c3ad6b149f3913ff458c00099?s=96&d=mm&r=g\",\"caption\":\"admin\"},\"sameAs\":[\"https:\/\/www.fraczinet.cl\/sitio\"]}]}<\/script>\n<!-- \/ Yoast SEO plugin. -->","yoast_head_json":{"title":"\u00bfQui\u00e9n Puso Nombre A Am\u00e9rica? - Nuestro Bio B\u00edo","description":"Am\u00e9rica se llama as\u00ed por el navegante y ge\u00f3grafo florentino Am\u00e9rico Vespucio que falleci\u00f3 un d\u00eda como hoy hace 512 a\u00f1os. Es por eso que muchos creen que fue \u00e9l quien le dio su propio nombre, pero en realidad no fue as\u00ed.","robots":{"index":"index","follow":"follow","max-snippet":"max-snippet:-1","max-image-preview":"max-image-preview:large","max-video-preview":"max-video-preview:-1"},"canonical":"https:\/\/www.fraczinet.cl\/sitio\/2024\/09\/16\/quien-puso-nombre-a-america\/","og_locale":"es_ES","og_type":"article","og_title":"\u00bfQui\u00e9n Puso Nombre A Am\u00e9rica? - Nuestro Bio B\u00edo","og_description":"Am\u00e9rica se llama as\u00ed por el navegante y ge\u00f3grafo florentino Am\u00e9rico Vespucio que falleci\u00f3 un d\u00eda como hoy hace 512 a\u00f1os. Es por eso que muchos creen que fue \u00e9l quien le dio su propio nombre, pero en realidad no fue as\u00ed.","og_url":"https:\/\/www.fraczinet.cl\/sitio\/2024\/09\/16\/quien-puso-nombre-a-america\/","og_site_name":"Nuestro Bio B\u00edo","article_published_time":"2024-09-16T01:50:09+00:00","article_modified_time":"2024-09-16T01:54:53+00:00","og_image":[{"width":800,"height":577,"url":"https:\/\/www.fraczinet.cl\/sitio\/wp-content\/uploads\/2024\/09\/Americo-Vespucio.jpg","type":"image\/jpeg"}],"author":"admin","twitter_card":"summary_large_image","twitter_creator":"@nuestrobiobio","twitter_site":"@nuestrobiobio","twitter_misc":{"Escrito por":"admin","Tiempo de lectura":"2 minutos"},"schema":{"@context":"https:\/\/schema.org","@graph":[{"@type":"Article","@id":"https:\/\/www.fraczinet.cl\/sitio\/2024\/09\/16\/quien-puso-nombre-a-america\/#article","isPartOf":{"@id":"https:\/\/www.fraczinet.cl\/sitio\/2024\/09\/16\/quien-puso-nombre-a-america\/"},"author":{"name":"admin","@id":"https:\/\/www.fraczinet.cl\/sitio\/#\/schema\/person\/bc30f98e9cb10ae7e119dbe14bc93784"},"headline":"\u00bfQui\u00e9n Puso Nombre A Am\u00e9rica?","datePublished":"2024-09-16T01:50:09+00:00","dateModified":"2024-09-16T01:54:53+00:00","mainEntityOfPage":{"@id":"https:\/\/www.fraczinet.cl\/sitio\/2024\/09\/16\/quien-puso-nombre-a-america\/"},"wordCount":301,"commentCount":0,"publisher":{"@id":"https:\/\/www.fraczinet.cl\/sitio\/#\/schema\/person\/aec8ee4da68df2b9b0eefdad24a0d582"},"image":{"@id":"https:\/\/www.fraczinet.cl\/sitio\/2024\/09\/16\/quien-puso-nombre-a-america\/#primaryimage"},"thumbnailUrl":"https:\/\/www.fraczinet.cl\/sitio\/wp-content\/uploads\/2024\/09\/Americo-Vespucio.jpg","articleSection":["Historia"],"inLanguage":"es","potentialAction":[{"@type":"CommentAction","name":"Comment","target":["https:\/\/www.fraczinet.cl\/sitio\/2024\/09\/16\/quien-puso-nombre-a-america\/#respond"]}]},{"@type":"WebPage","@id":"https:\/\/www.fraczinet.cl\/sitio\/2024\/09\/16\/quien-puso-nombre-a-america\/","url":"https:\/\/www.fraczinet.cl\/sitio\/2024\/09\/16\/quien-puso-nombre-a-america\/","name":"\u00bfQui\u00e9n Puso Nombre A Am\u00e9rica? - Nuestro Bio B\u00edo","isPartOf":{"@id":"https:\/\/www.fraczinet.cl\/sitio\/#website"},"primaryImageOfPage":{"@id":"https:\/\/www.fraczinet.cl\/sitio\/2024\/09\/16\/quien-puso-nombre-a-america\/#primaryimage"},"image":{"@id":"https:\/\/www.fraczinet.cl\/sitio\/2024\/09\/16\/quien-puso-nombre-a-america\/#primaryimage"},"thumbnailUrl":"https:\/\/www.fraczinet.cl\/sitio\/wp-content\/uploads\/2024\/09\/Americo-Vespucio.jpg","datePublished":"2024-09-16T01:50:09+00:00","dateModified":"2024-09-16T01:54:53+00:00","description":"Am\u00e9rica se llama as\u00ed por el navegante y ge\u00f3grafo florentino Am\u00e9rico Vespucio que falleci\u00f3 un d\u00eda como hoy hace 512 a\u00f1os. Es por eso que muchos creen que fue \u00e9l quien le dio su propio nombre, pero en realidad no fue as\u00ed.","breadcrumb":{"@id":"https:\/\/www.fraczinet.cl\/sitio\/2024\/09\/16\/quien-puso-nombre-a-america\/#breadcrumb"},"inLanguage":"es","potentialAction":[{"@type":"ReadAction","target":["https:\/\/www.fraczinet.cl\/sitio\/2024\/09\/16\/quien-puso-nombre-a-america\/"]}]},{"@type":"ImageObject","inLanguage":"es","@id":"https:\/\/www.fraczinet.cl\/sitio\/2024\/09\/16\/quien-puso-nombre-a-america\/#primaryimage","url":"https:\/\/www.fraczinet.cl\/sitio\/wp-content\/uploads\/2024\/09\/Americo-Vespucio.jpg","contentUrl":"https:\/\/www.fraczinet.cl\/sitio\/wp-content\/uploads\/2024\/09\/Americo-Vespucio.jpg","width":800,"height":577},{"@type":"BreadcrumbList","@id":"https:\/\/www.fraczinet.cl\/sitio\/2024\/09\/16\/quien-puso-nombre-a-america\/#breadcrumb","itemListElement":[{"@type":"ListItem","position":1,"name":"Portada","item":"https:\/\/www.fraczinet.cl\/sitio\/"},{"@type":"ListItem","position":2,"name":"\u00bfQui\u00e9n Puso Nombre A Am\u00e9rica?"}]},{"@type":"WebSite","@id":"https:\/\/www.fraczinet.cl\/sitio\/#website","url":"https:\/\/www.fraczinet.cl\/sitio\/","name":"Nuestro Bio B\u00edo","description":"Tierra de Encuentros","publisher":{"@id":"https:\/\/www.fraczinet.cl\/sitio\/#\/schema\/person\/aec8ee4da68df2b9b0eefdad24a0d582"},"potentialAction":[{"@type":"SearchAction","target":{"@type":"EntryPoint","urlTemplate":"https:\/\/www.fraczinet.cl\/sitio\/?s={search_term_string}"},"query-input":{"@type":"PropertyValueSpecification","valueRequired":true,"valueName":"search_term_string"}}],"inLanguage":"es"},{"@type":["Person","Organization"],"@id":"https:\/\/www.fraczinet.cl\/sitio\/#\/schema\/person\/aec8ee4da68df2b9b0eefdad24a0d582","name":"Luis Fernando Fraczinet","image":{"@type":"ImageObject","inLanguage":"es","@id":"https:\/\/www.fraczinet.cl\/sitio\/#\/schema\/person\/image\/","url":"https:\/\/www.fraczinet.cl\/sitio\/wp-content\/uploads\/2021\/07\/bannerlogo-1.gif","contentUrl":"https:\/\/www.fraczinet.cl\/sitio\/wp-content\/uploads\/2021\/07\/bannerlogo-1.gif","width":159,"height":79,"caption":"Luis Fernando Fraczinet"},"logo":{"@id":"https:\/\/www.fraczinet.cl\/sitio\/#\/schema\/person\/image\/"},"sameAs":["https:\/\/www.fraczinet.cl\/sitio\/"]},{"@type":"Person","@id":"https:\/\/www.fraczinet.cl\/sitio\/#\/schema\/person\/bc30f98e9cb10ae7e119dbe14bc93784","name":"admin","image":{"@type":"ImageObject","inLanguage":"es","@id":"https:\/\/www.fraczinet.cl\/sitio\/#\/schema\/person\/image\/","url":"https:\/\/secure.gravatar.com\/avatar\/d5ad3cf7ef3b23a2bb5be73be780c86b2fc8545c3ad6b149f3913ff458c00099?s=96&d=mm&r=g","contentUrl":"https:\/\/secure.gravatar.com\/avatar\/d5ad3cf7ef3b23a2bb5be73be780c86b2fc8545c3ad6b149f3913ff458c00099?s=96&d=mm&r=g","caption":"admin"},"sameAs":["https:\/\/www.fraczinet.cl\/sitio"]}]}},"_links":{"self":[{"href":"https:\/\/www.fraczinet.cl\/sitio\/wp-json\/wp\/v2\/posts\/16114","targetHints":{"allow":["GET"]}}],"collection":[{"href":"https:\/\/www.fraczinet.cl\/sitio\/wp-json\/wp\/v2\/posts"}],"about":[{"href":"https:\/\/www.fraczinet.cl\/sitio\/wp-json\/wp\/v2\/types\/post"}],"author":[{"embeddable":true,"href":"https:\/\/www.fraczinet.cl\/sitio\/wp-json\/wp\/v2\/users\/1"}],"replies":[{"embeddable":true,"href":"https:\/\/www.fraczinet.cl\/sitio\/wp-json\/wp\/v2\/comments?post=16114"}],"version-history":[{"count":4,"href":"https:\/\/www.fraczinet.cl\/sitio\/wp-json\/wp\/v2\/posts\/16114\/revisions"}],"predecessor-version":[{"id":16120,"href":"https:\/\/www.fraczinet.cl\/sitio\/wp-json\/wp\/v2\/posts\/16114\/revisions\/16120"}],"wp:featuredmedia":[{"embeddable":true,"href":"https:\/\/www.fraczinet.cl\/sitio\/wp-json\/wp\/v2\/media\/16115"}],"wp:attachment":[{"href":"https:\/\/www.fraczinet.cl\/sitio\/wp-json\/wp\/v2\/media?parent=16114"}],"wp:term":[{"taxonomy":"category","embeddable":true,"href":"https:\/\/www.fraczinet.cl\/sitio\/wp-json\/wp\/v2\/categories?post=16114"},{"taxonomy":"post_tag","embeddable":true,"href":"https:\/\/www.fraczinet.cl\/sitio\/wp-json\/wp\/v2\/tags?post=16114"}],"curies":[{"name":"wp","href":"https:\/\/api.w.org\/{rel}","templated":true}]}}