{"id":16150,"date":"2024-09-30T23:18:31","date_gmt":"2024-09-30T23:18:31","guid":{"rendered":"https:\/\/www.fraczinet.cl\/sitio\/?p=16150"},"modified":"2024-09-30T23:25:40","modified_gmt":"2024-09-30T23:25:40","slug":"el-gran-dictador-la-pelicula-que-%d1%81haplin-se-arrepintio-de-haber-hecho","status":"publish","type":"post","link":"https:\/\/www.fraczinet.cl\/sitio\/2024\/09\/30\/el-gran-dictador-la-pelicula-que-%d1%81haplin-se-arrepintio-de-haber-hecho\/","title":{"rendered":"El Gran Dictador: La Pel\u00edcula Que \u0421haplin Se Arrepinti\u00f3 De Haber Hecho"},"content":{"rendered":"<p><span style=\"font-weight: 400;\"><img fetchpriority=\"high\" decoding=\"async\" class=\"aligncenter wp-image-16152 size-full\" src=\"https:\/\/www.fraczinet.cl\/sitio\/wp-content\/uploads\/2024\/09\/chaplin-gram-dictador.jpg\" alt=\"\" width=\"352\" height=\"475\" srcset=\"https:\/\/www.fraczinet.cl\/sitio\/wp-content\/uploads\/2024\/09\/chaplin-gram-dictador.jpg 352w, https:\/\/www.fraczinet.cl\/sitio\/wp-content\/uploads\/2024\/09\/chaplin-gram-dictador-222x300.jpg 222w\" sizes=\"(max-width: 352px) 100vw, 352px\" \/><\/span><\/p>\n<p><span style=\"font-weight: 400;\">En 1940 se estren\u00f3 una de las pel\u00edculas m\u00e1s famosas de Charles Chaplin: &#8216;El Gran Dictador&#8217;. En la pel\u00edcula interpreta dos papeles, el de un barbero jud\u00edo y el del dictador Adenoid Hynkel, una parodia de Adolf Hitler. Adem\u00e1s de ser considerada una de sus mejores obras, resulta significativa por la s\u00e1tira que hace del nazismo.<\/span><\/p>\n<p>&nbsp;<\/p>\n<p><span style=\"font-weight: 400;\">La pel\u00edcula, de hecho, fue una respuesta a la decisi\u00f3n del Tercer Reich de no permitir la proyecci\u00f3n de sus pel\u00edculas alegando el supuesto origen jud\u00edo de Chaplin. Este hizo la pel\u00edcula, en sus propias palabras, \u00abpara los jud\u00edos de todo el mundo\u00bb y con la intenci\u00f3n de ridiculizar a los reg\u00edmenes que los persegu\u00edan, pero m\u00e1s adelante se arrepinti\u00f3 de ello.<\/span><\/p>\n<p>&nbsp;<\/p>\n<p><span style=\"font-weight: 400;\">Al ser consciente de la magnitud del Holocausto, se plante\u00f3 si hab\u00eda sido adecuado parodiarlo de aquel modo y declar\u00f3: \u00abSi hubiese conocido los horrores reales de los campos de concentraci\u00f3n alemanes, no habr\u00eda podido hacer El gran dictador, no habr\u00eda podido hacer broma con la locura homicida de los nazis\u00bb.<\/span><\/p>\n<p><span style=\"font-weight: 400;\">Film: El gran dictador.<\/span><\/p>\n<p><span style=\"font-weight: 400;\">T\u00edtulo original: The great dictador<\/span><\/p>\n<p><span style=\"font-weight: 400;\">A\u00f1o: 1940.<\/span><\/p>\n<p><span style=\"font-weight: 400;\">Pa\u00eds: Estados Unidos.<\/span><\/p>\n<p><span style=\"font-weight: 400;\">Director: Charles Chaplin<\/span><\/p>\n<p><span style=\"font-weight: 400;\">Int\u00e9rprete: Charles Chaplin.<\/span><\/p>\n<p><span style=\"font-weight: 400;\">Guionista: Charles Chaplin<\/span><\/p>\n<p><span style=\"font-weight: 400;\">Duraci\u00f3n: 126 minutos<\/span><\/p>\n<p><span style=\"font-weight: 400;\">Producci\u00f3n: Charles Chaplin<\/span><\/p>\n<p><span style=\"font-weight: 400;\">Ayudantes de direcci\u00f3n: Dan James,\u00a0 Wheeler Dryden y Bob Meltzer<\/span><\/p>\n<p><span style=\"font-weight: 400;\">M\u00fasica: Charles Chaplin<\/span><\/p>\n<p>&nbsp;<\/p>\n<p><span style=\"font-weight: 400;\">Reparto: Charles Chaplin (El barbero jud\u00edo \/ Adenoid Hynkel, dictador de Tomania), Paulette Goddard (Hannah), Jack Oakie (Benzino Napaloni, dictador de Bacteria), Reginald Gardiner (Schulz), Henry Daniell (Garbitsch), Billy Gilbert (Herring), Maurice Moscovich (Se\u00f1or Jaeckel), Emma Dunn (Se\u00f1ora Jaeckel), Bernard Gorcey (Se\u00f1or Mann).<\/span><\/p>\n","protected":false},"excerpt":{"rendered":"<p>En 1940 se estren\u00f3 una de las pel\u00edculas m\u00e1s famosas de Charles Chaplin: &#8216;El Gran Dictador&#8217;. En la pel\u00edcula interpreta dos papeles, el de un barbero jud\u00edo y el del dictador Adenoid Hynkel, una parodia de Adolf Hitler. Adem\u00e1s de ser considerada una de sus mejores obras, resulta significativa por la s\u00e1tira que hace del nazismo.<\/p>\n","protected":false},"author":1,"featured_media":16152,"comment_status":"open","ping_status":"closed","sticky":false,"template":"","format":"standard","meta":{"footnotes":""},"categories":[32],"tags":[],"class_list":["post-16150","post","type-post","status-publish","format-standard","has-post-thumbnail","hentry","category-cine"],"yoast_head":"<!-- This site is optimized with the Yoast SEO plugin v25.0 - https:\/\/yoast.com\/wordpress\/plugins\/seo\/ -->\n<title>El Gran Dictador: La Pel\u00edcula Que \u0421haplin Se Arrepinti\u00f3 De Haber Hecho - Nuestro Bio B\u00edo<\/title>\n<meta name=\"description\" content=\"En 1940 se estren\u00f3 una de las pel\u00edculas m\u00e1s famosas de Charles Chaplin: &#039;El Gran Dictador&#039;. En la pel\u00edcula interpreta dos papeles, el de un barbero jud\u00edo y el del dictador Adenoid Hynkel, una parodia de Adolf Hitler. Adem\u00e1s de ser considerada una de sus mejores obras, resulta significativa por la s\u00e1tira que hace del nazismo.\" \/>\n<meta name=\"robots\" content=\"index, follow, max-snippet:-1, max-image-preview:large, max-video-preview:-1\" \/>\n<link rel=\"canonical\" href=\"https:\/\/www.fraczinet.cl\/sitio\/2024\/09\/30\/el-gran-dictador-la-pelicula-que-\u0441haplin-se-arrepintio-de-haber-hecho\/\" \/>\n<meta property=\"og:locale\" content=\"es_ES\" \/>\n<meta property=\"og:type\" content=\"article\" \/>\n<meta property=\"og:title\" content=\"El Gran Dictador: La Pel\u00edcula Que \u0421haplin Se Arrepinti\u00f3 De Haber Hecho - Nuestro Bio B\u00edo\" \/>\n<meta property=\"og:description\" content=\"En 1940 se estren\u00f3 una de las pel\u00edculas m\u00e1s famosas de Charles Chaplin: &#039;El Gran Dictador&#039;. En la pel\u00edcula interpreta dos papeles, el de un barbero jud\u00edo y el del dictador Adenoid Hynkel, una parodia de Adolf Hitler. Adem\u00e1s de ser considerada una de sus mejores obras, resulta significativa por la s\u00e1tira que hace del nazismo.\" \/>\n<meta property=\"og:url\" content=\"https:\/\/www.fraczinet.cl\/sitio\/2024\/09\/30\/el-gran-dictador-la-pelicula-que-\u0441haplin-se-arrepintio-de-haber-hecho\/\" \/>\n<meta property=\"og:site_name\" content=\"Nuestro Bio B\u00edo\" \/>\n<meta property=\"article:published_time\" content=\"2024-09-30T23:18:31+00:00\" \/>\n<meta property=\"article:modified_time\" content=\"2024-09-30T23:25:40+00:00\" \/>\n<meta property=\"og:image\" content=\"https:\/\/www.fraczinet.cl\/sitio\/wp-content\/uploads\/2024\/09\/chaplin-gram-dictador.jpg\" \/>\n\t<meta property=\"og:image:width\" content=\"352\" \/>\n\t<meta property=\"og:image:height\" content=\"475\" \/>\n\t<meta property=\"og:image:type\" content=\"image\/jpeg\" \/>\n<meta name=\"author\" content=\"admin\" \/>\n<meta name=\"twitter:card\" content=\"summary_large_image\" \/>\n<meta name=\"twitter:creator\" content=\"@nuestrobiobio\" \/>\n<meta name=\"twitter:site\" content=\"@nuestrobiobio\" \/>\n<meta name=\"twitter:label1\" content=\"Escrito por\" \/>\n\t<meta name=\"twitter:data1\" content=\"admin\" \/>\n\t<meta name=\"twitter:label2\" content=\"Tiempo de lectura\" \/>\n\t<meta name=\"twitter:data2\" content=\"2 minutos\" \/>\n<script type=\"application\/ld+json\" class=\"yoast-schema-graph\">{\"@context\":\"https:\/\/schema.org\",\"@graph\":[{\"@type\":\"Article\",\"@id\":\"https:\/\/www.fraczinet.cl\/sitio\/2024\/09\/30\/el-gran-dictador-la-pelicula-que-%d1%81haplin-se-arrepintio-de-haber-hecho\/#article\",\"isPartOf\":{\"@id\":\"https:\/\/www.fraczinet.cl\/sitio\/2024\/09\/30\/el-gran-dictador-la-pelicula-que-%d1%81haplin-se-arrepintio-de-haber-hecho\/\"},\"author\":{\"name\":\"admin\",\"@id\":\"https:\/\/www.fraczinet.cl\/sitio\/#\/schema\/person\/bc30f98e9cb10ae7e119dbe14bc93784\"},\"headline\":\"El Gran Dictador: La Pel\u00edcula Que \u0421haplin Se Arrepinti\u00f3 De Haber Hecho\",\"datePublished\":\"2024-09-30T23:18:31+00:00\",\"dateModified\":\"2024-09-30T23:25:40+00:00\",\"mainEntityOfPage\":{\"@id\":\"https:\/\/www.fraczinet.cl\/sitio\/2024\/09\/30\/el-gran-dictador-la-pelicula-que-%d1%81haplin-se-arrepintio-de-haber-hecho\/\"},\"wordCount\":299,\"commentCount\":0,\"publisher\":{\"@id\":\"https:\/\/www.fraczinet.cl\/sitio\/#\/schema\/person\/aec8ee4da68df2b9b0eefdad24a0d582\"},\"image\":{\"@id\":\"https:\/\/www.fraczinet.cl\/sitio\/2024\/09\/30\/el-gran-dictador-la-pelicula-que-%d1%81haplin-se-arrepintio-de-haber-hecho\/#primaryimage\"},\"thumbnailUrl\":\"https:\/\/www.fraczinet.cl\/sitio\/wp-content\/uploads\/2024\/09\/chaplin-gram-dictador.jpg\",\"articleSection\":[\"Cine\"],\"inLanguage\":\"es\",\"potentialAction\":[{\"@type\":\"CommentAction\",\"name\":\"Comment\",\"target\":[\"https:\/\/www.fraczinet.cl\/sitio\/2024\/09\/30\/el-gran-dictador-la-pelicula-que-%d1%81haplin-se-arrepintio-de-haber-hecho\/#respond\"]}]},{\"@type\":\"WebPage\",\"@id\":\"https:\/\/www.fraczinet.cl\/sitio\/2024\/09\/30\/el-gran-dictador-la-pelicula-que-%d1%81haplin-se-arrepintio-de-haber-hecho\/\",\"url\":\"https:\/\/www.fraczinet.cl\/sitio\/2024\/09\/30\/el-gran-dictador-la-pelicula-que-%d1%81haplin-se-arrepintio-de-haber-hecho\/\",\"name\":\"El Gran Dictador: La Pel\u00edcula Que \u0421haplin Se Arrepinti\u00f3 De Haber Hecho - Nuestro Bio B\u00edo\",\"isPartOf\":{\"@id\":\"https:\/\/www.fraczinet.cl\/sitio\/#website\"},\"primaryImageOfPage\":{\"@id\":\"https:\/\/www.fraczinet.cl\/sitio\/2024\/09\/30\/el-gran-dictador-la-pelicula-que-%d1%81haplin-se-arrepintio-de-haber-hecho\/#primaryimage\"},\"image\":{\"@id\":\"https:\/\/www.fraczinet.cl\/sitio\/2024\/09\/30\/el-gran-dictador-la-pelicula-que-%d1%81haplin-se-arrepintio-de-haber-hecho\/#primaryimage\"},\"thumbnailUrl\":\"https:\/\/www.fraczinet.cl\/sitio\/wp-content\/uploads\/2024\/09\/chaplin-gram-dictador.jpg\",\"datePublished\":\"2024-09-30T23:18:31+00:00\",\"dateModified\":\"2024-09-30T23:25:40+00:00\",\"description\":\"En 1940 se estren\u00f3 una de las pel\u00edculas m\u00e1s famosas de Charles Chaplin: 'El Gran Dictador'. En la pel\u00edcula interpreta dos papeles, el de un barbero jud\u00edo y el del dictador Adenoid Hynkel, una parodia de Adolf Hitler. Adem\u00e1s de ser considerada una de sus mejores obras, resulta significativa por la s\u00e1tira que hace del nazismo.\",\"breadcrumb\":{\"@id\":\"https:\/\/www.fraczinet.cl\/sitio\/2024\/09\/30\/el-gran-dictador-la-pelicula-que-%d1%81haplin-se-arrepintio-de-haber-hecho\/#breadcrumb\"},\"inLanguage\":\"es\",\"potentialAction\":[{\"@type\":\"ReadAction\",\"target\":[\"https:\/\/www.fraczinet.cl\/sitio\/2024\/09\/30\/el-gran-dictador-la-pelicula-que-%d1%81haplin-se-arrepintio-de-haber-hecho\/\"]}]},{\"@type\":\"ImageObject\",\"inLanguage\":\"es\",\"@id\":\"https:\/\/www.fraczinet.cl\/sitio\/2024\/09\/30\/el-gran-dictador-la-pelicula-que-%d1%81haplin-se-arrepintio-de-haber-hecho\/#primaryimage\",\"url\":\"https:\/\/www.fraczinet.cl\/sitio\/wp-content\/uploads\/2024\/09\/chaplin-gram-dictador.jpg\",\"contentUrl\":\"https:\/\/www.fraczinet.cl\/sitio\/wp-content\/uploads\/2024\/09\/chaplin-gram-dictador.jpg\",\"width\":352,\"height\":475},{\"@type\":\"BreadcrumbList\",\"@id\":\"https:\/\/www.fraczinet.cl\/sitio\/2024\/09\/30\/el-gran-dictador-la-pelicula-que-%d1%81haplin-se-arrepintio-de-haber-hecho\/#breadcrumb\",\"itemListElement\":[{\"@type\":\"ListItem\",\"position\":1,\"name\":\"Portada\",\"item\":\"https:\/\/www.fraczinet.cl\/sitio\/\"},{\"@type\":\"ListItem\",\"position\":2,\"name\":\"El Gran Dictador: La Pel\u00edcula Que \u0421haplin Se Arrepinti\u00f3 De Haber Hecho\"}]},{\"@type\":\"WebSite\",\"@id\":\"https:\/\/www.fraczinet.cl\/sitio\/#website\",\"url\":\"https:\/\/www.fraczinet.cl\/sitio\/\",\"name\":\"Nuestro Bio B\u00edo\",\"description\":\"Tierra de Encuentros\",\"publisher\":{\"@id\":\"https:\/\/www.fraczinet.cl\/sitio\/#\/schema\/person\/aec8ee4da68df2b9b0eefdad24a0d582\"},\"potentialAction\":[{\"@type\":\"SearchAction\",\"target\":{\"@type\":\"EntryPoint\",\"urlTemplate\":\"https:\/\/www.fraczinet.cl\/sitio\/?s={search_term_string}\"},\"query-input\":{\"@type\":\"PropertyValueSpecification\",\"valueRequired\":true,\"valueName\":\"search_term_string\"}}],\"inLanguage\":\"es\"},{\"@type\":[\"Person\",\"Organization\"],\"@id\":\"https:\/\/www.fraczinet.cl\/sitio\/#\/schema\/person\/aec8ee4da68df2b9b0eefdad24a0d582\",\"name\":\"Luis Fernando Fraczinet\",\"image\":{\"@type\":\"ImageObject\",\"inLanguage\":\"es\",\"@id\":\"https:\/\/www.fraczinet.cl\/sitio\/#\/schema\/person\/image\/\",\"url\":\"https:\/\/www.fraczinet.cl\/sitio\/wp-content\/uploads\/2021\/07\/bannerlogo-1.gif\",\"contentUrl\":\"https:\/\/www.fraczinet.cl\/sitio\/wp-content\/uploads\/2021\/07\/bannerlogo-1.gif\",\"width\":159,\"height\":79,\"caption\":\"Luis Fernando Fraczinet\"},\"logo\":{\"@id\":\"https:\/\/www.fraczinet.cl\/sitio\/#\/schema\/person\/image\/\"},\"sameAs\":[\"https:\/\/www.fraczinet.cl\/sitio\/\"]},{\"@type\":\"Person\",\"@id\":\"https:\/\/www.fraczinet.cl\/sitio\/#\/schema\/person\/bc30f98e9cb10ae7e119dbe14bc93784\",\"name\":\"admin\",\"image\":{\"@type\":\"ImageObject\",\"inLanguage\":\"es\",\"@id\":\"https:\/\/www.fraczinet.cl\/sitio\/#\/schema\/person\/image\/\",\"url\":\"https:\/\/secure.gravatar.com\/avatar\/d5ad3cf7ef3b23a2bb5be73be780c86b2fc8545c3ad6b149f3913ff458c00099?s=96&d=mm&r=g\",\"contentUrl\":\"https:\/\/secure.gravatar.com\/avatar\/d5ad3cf7ef3b23a2bb5be73be780c86b2fc8545c3ad6b149f3913ff458c00099?s=96&d=mm&r=g\",\"caption\":\"admin\"},\"sameAs\":[\"https:\/\/www.fraczinet.cl\/sitio\"]}]}<\/script>\n<!-- \/ Yoast SEO plugin. -->","yoast_head_json":{"title":"El Gran Dictador: La Pel\u00edcula Que \u0421haplin Se Arrepinti\u00f3 De Haber Hecho - Nuestro Bio B\u00edo","description":"En 1940 se estren\u00f3 una de las pel\u00edculas m\u00e1s famosas de Charles Chaplin: 'El Gran Dictador'. En la pel\u00edcula interpreta dos papeles, el de un barbero jud\u00edo y el del dictador Adenoid Hynkel, una parodia de Adolf Hitler. Adem\u00e1s de ser considerada una de sus mejores obras, resulta significativa por la s\u00e1tira que hace del nazismo.","robots":{"index":"index","follow":"follow","max-snippet":"max-snippet:-1","max-image-preview":"max-image-preview:large","max-video-preview":"max-video-preview:-1"},"canonical":"https:\/\/www.fraczinet.cl\/sitio\/2024\/09\/30\/el-gran-dictador-la-pelicula-que-\u0441haplin-se-arrepintio-de-haber-hecho\/","og_locale":"es_ES","og_type":"article","og_title":"El Gran Dictador: La Pel\u00edcula Que \u0421haplin Se Arrepinti\u00f3 De Haber Hecho - Nuestro Bio B\u00edo","og_description":"En 1940 se estren\u00f3 una de las pel\u00edculas m\u00e1s famosas de Charles Chaplin: 'El Gran Dictador'. En la pel\u00edcula interpreta dos papeles, el de un barbero jud\u00edo y el del dictador Adenoid Hynkel, una parodia de Adolf Hitler. Adem\u00e1s de ser considerada una de sus mejores obras, resulta significativa por la s\u00e1tira que hace del nazismo.","og_url":"https:\/\/www.fraczinet.cl\/sitio\/2024\/09\/30\/el-gran-dictador-la-pelicula-que-\u0441haplin-se-arrepintio-de-haber-hecho\/","og_site_name":"Nuestro Bio B\u00edo","article_published_time":"2024-09-30T23:18:31+00:00","article_modified_time":"2024-09-30T23:25:40+00:00","og_image":[{"width":352,"height":475,"url":"https:\/\/www.fraczinet.cl\/sitio\/wp-content\/uploads\/2024\/09\/chaplin-gram-dictador.jpg","type":"image\/jpeg"}],"author":"admin","twitter_card":"summary_large_image","twitter_creator":"@nuestrobiobio","twitter_site":"@nuestrobiobio","twitter_misc":{"Escrito por":"admin","Tiempo de lectura":"2 minutos"},"schema":{"@context":"https:\/\/schema.org","@graph":[{"@type":"Article","@id":"https:\/\/www.fraczinet.cl\/sitio\/2024\/09\/30\/el-gran-dictador-la-pelicula-que-%d1%81haplin-se-arrepintio-de-haber-hecho\/#article","isPartOf":{"@id":"https:\/\/www.fraczinet.cl\/sitio\/2024\/09\/30\/el-gran-dictador-la-pelicula-que-%d1%81haplin-se-arrepintio-de-haber-hecho\/"},"author":{"name":"admin","@id":"https:\/\/www.fraczinet.cl\/sitio\/#\/schema\/person\/bc30f98e9cb10ae7e119dbe14bc93784"},"headline":"El Gran Dictador: La Pel\u00edcula Que \u0421haplin Se Arrepinti\u00f3 De Haber Hecho","datePublished":"2024-09-30T23:18:31+00:00","dateModified":"2024-09-30T23:25:40+00:00","mainEntityOfPage":{"@id":"https:\/\/www.fraczinet.cl\/sitio\/2024\/09\/30\/el-gran-dictador-la-pelicula-que-%d1%81haplin-se-arrepintio-de-haber-hecho\/"},"wordCount":299,"commentCount":0,"publisher":{"@id":"https:\/\/www.fraczinet.cl\/sitio\/#\/schema\/person\/aec8ee4da68df2b9b0eefdad24a0d582"},"image":{"@id":"https:\/\/www.fraczinet.cl\/sitio\/2024\/09\/30\/el-gran-dictador-la-pelicula-que-%d1%81haplin-se-arrepintio-de-haber-hecho\/#primaryimage"},"thumbnailUrl":"https:\/\/www.fraczinet.cl\/sitio\/wp-content\/uploads\/2024\/09\/chaplin-gram-dictador.jpg","articleSection":["Cine"],"inLanguage":"es","potentialAction":[{"@type":"CommentAction","name":"Comment","target":["https:\/\/www.fraczinet.cl\/sitio\/2024\/09\/30\/el-gran-dictador-la-pelicula-que-%d1%81haplin-se-arrepintio-de-haber-hecho\/#respond"]}]},{"@type":"WebPage","@id":"https:\/\/www.fraczinet.cl\/sitio\/2024\/09\/30\/el-gran-dictador-la-pelicula-que-%d1%81haplin-se-arrepintio-de-haber-hecho\/","url":"https:\/\/www.fraczinet.cl\/sitio\/2024\/09\/30\/el-gran-dictador-la-pelicula-que-%d1%81haplin-se-arrepintio-de-haber-hecho\/","name":"El Gran Dictador: La Pel\u00edcula Que \u0421haplin Se Arrepinti\u00f3 De Haber Hecho - Nuestro Bio B\u00edo","isPartOf":{"@id":"https:\/\/www.fraczinet.cl\/sitio\/#website"},"primaryImageOfPage":{"@id":"https:\/\/www.fraczinet.cl\/sitio\/2024\/09\/30\/el-gran-dictador-la-pelicula-que-%d1%81haplin-se-arrepintio-de-haber-hecho\/#primaryimage"},"image":{"@id":"https:\/\/www.fraczinet.cl\/sitio\/2024\/09\/30\/el-gran-dictador-la-pelicula-que-%d1%81haplin-se-arrepintio-de-haber-hecho\/#primaryimage"},"thumbnailUrl":"https:\/\/www.fraczinet.cl\/sitio\/wp-content\/uploads\/2024\/09\/chaplin-gram-dictador.jpg","datePublished":"2024-09-30T23:18:31+00:00","dateModified":"2024-09-30T23:25:40+00:00","description":"En 1940 se estren\u00f3 una de las pel\u00edculas m\u00e1s famosas de Charles Chaplin: 'El Gran Dictador'. En la pel\u00edcula interpreta dos papeles, el de un barbero jud\u00edo y el del dictador Adenoid Hynkel, una parodia de Adolf Hitler. Adem\u00e1s de ser considerada una de sus mejores obras, resulta significativa por la s\u00e1tira que hace del nazismo.","breadcrumb":{"@id":"https:\/\/www.fraczinet.cl\/sitio\/2024\/09\/30\/el-gran-dictador-la-pelicula-que-%d1%81haplin-se-arrepintio-de-haber-hecho\/#breadcrumb"},"inLanguage":"es","potentialAction":[{"@type":"ReadAction","target":["https:\/\/www.fraczinet.cl\/sitio\/2024\/09\/30\/el-gran-dictador-la-pelicula-que-%d1%81haplin-se-arrepintio-de-haber-hecho\/"]}]},{"@type":"ImageObject","inLanguage":"es","@id":"https:\/\/www.fraczinet.cl\/sitio\/2024\/09\/30\/el-gran-dictador-la-pelicula-que-%d1%81haplin-se-arrepintio-de-haber-hecho\/#primaryimage","url":"https:\/\/www.fraczinet.cl\/sitio\/wp-content\/uploads\/2024\/09\/chaplin-gram-dictador.jpg","contentUrl":"https:\/\/www.fraczinet.cl\/sitio\/wp-content\/uploads\/2024\/09\/chaplin-gram-dictador.jpg","width":352,"height":475},{"@type":"BreadcrumbList","@id":"https:\/\/www.fraczinet.cl\/sitio\/2024\/09\/30\/el-gran-dictador-la-pelicula-que-%d1%81haplin-se-arrepintio-de-haber-hecho\/#breadcrumb","itemListElement":[{"@type":"ListItem","position":1,"name":"Portada","item":"https:\/\/www.fraczinet.cl\/sitio\/"},{"@type":"ListItem","position":2,"name":"El Gran Dictador: La Pel\u00edcula Que \u0421haplin Se Arrepinti\u00f3 De Haber Hecho"}]},{"@type":"WebSite","@id":"https:\/\/www.fraczinet.cl\/sitio\/#website","url":"https:\/\/www.fraczinet.cl\/sitio\/","name":"Nuestro Bio B\u00edo","description":"Tierra de Encuentros","publisher":{"@id":"https:\/\/www.fraczinet.cl\/sitio\/#\/schema\/person\/aec8ee4da68df2b9b0eefdad24a0d582"},"potentialAction":[{"@type":"SearchAction","target":{"@type":"EntryPoint","urlTemplate":"https:\/\/www.fraczinet.cl\/sitio\/?s={search_term_string}"},"query-input":{"@type":"PropertyValueSpecification","valueRequired":true,"valueName":"search_term_string"}}],"inLanguage":"es"},{"@type":["Person","Organization"],"@id":"https:\/\/www.fraczinet.cl\/sitio\/#\/schema\/person\/aec8ee4da68df2b9b0eefdad24a0d582","name":"Luis Fernando Fraczinet","image":{"@type":"ImageObject","inLanguage":"es","@id":"https:\/\/www.fraczinet.cl\/sitio\/#\/schema\/person\/image\/","url":"https:\/\/www.fraczinet.cl\/sitio\/wp-content\/uploads\/2021\/07\/bannerlogo-1.gif","contentUrl":"https:\/\/www.fraczinet.cl\/sitio\/wp-content\/uploads\/2021\/07\/bannerlogo-1.gif","width":159,"height":79,"caption":"Luis Fernando Fraczinet"},"logo":{"@id":"https:\/\/www.fraczinet.cl\/sitio\/#\/schema\/person\/image\/"},"sameAs":["https:\/\/www.fraczinet.cl\/sitio\/"]},{"@type":"Person","@id":"https:\/\/www.fraczinet.cl\/sitio\/#\/schema\/person\/bc30f98e9cb10ae7e119dbe14bc93784","name":"admin","image":{"@type":"ImageObject","inLanguage":"es","@id":"https:\/\/www.fraczinet.cl\/sitio\/#\/schema\/person\/image\/","url":"https:\/\/secure.gravatar.com\/avatar\/d5ad3cf7ef3b23a2bb5be73be780c86b2fc8545c3ad6b149f3913ff458c00099?s=96&d=mm&r=g","contentUrl":"https:\/\/secure.gravatar.com\/avatar\/d5ad3cf7ef3b23a2bb5be73be780c86b2fc8545c3ad6b149f3913ff458c00099?s=96&d=mm&r=g","caption":"admin"},"sameAs":["https:\/\/www.fraczinet.cl\/sitio"]}]}},"_links":{"self":[{"href":"https:\/\/www.fraczinet.cl\/sitio\/wp-json\/wp\/v2\/posts\/16150","targetHints":{"allow":["GET"]}}],"collection":[{"href":"https:\/\/www.fraczinet.cl\/sitio\/wp-json\/wp\/v2\/posts"}],"about":[{"href":"https:\/\/www.fraczinet.cl\/sitio\/wp-json\/wp\/v2\/types\/post"}],"author":[{"embeddable":true,"href":"https:\/\/www.fraczinet.cl\/sitio\/wp-json\/wp\/v2\/users\/1"}],"replies":[{"embeddable":true,"href":"https:\/\/www.fraczinet.cl\/sitio\/wp-json\/wp\/v2\/comments?post=16150"}],"version-history":[{"count":4,"href":"https:\/\/www.fraczinet.cl\/sitio\/wp-json\/wp\/v2\/posts\/16150\/revisions"}],"predecessor-version":[{"id":16156,"href":"https:\/\/www.fraczinet.cl\/sitio\/wp-json\/wp\/v2\/posts\/16150\/revisions\/16156"}],"wp:featuredmedia":[{"embeddable":true,"href":"https:\/\/www.fraczinet.cl\/sitio\/wp-json\/wp\/v2\/media\/16152"}],"wp:attachment":[{"href":"https:\/\/www.fraczinet.cl\/sitio\/wp-json\/wp\/v2\/media?parent=16150"}],"wp:term":[{"taxonomy":"category","embeddable":true,"href":"https:\/\/www.fraczinet.cl\/sitio\/wp-json\/wp\/v2\/categories?post=16150"},{"taxonomy":"post_tag","embeddable":true,"href":"https:\/\/www.fraczinet.cl\/sitio\/wp-json\/wp\/v2\/tags?post=16150"}],"curies":[{"name":"wp","href":"https:\/\/api.w.org\/{rel}","templated":true}]}}