{"id":16161,"date":"2024-10-05T23:42:33","date_gmt":"2024-10-05T23:42:33","guid":{"rendered":"https:\/\/www.fraczinet.cl\/sitio\/?p=16161"},"modified":"2024-10-05T23:42:33","modified_gmt":"2024-10-05T23:42:33","slug":"por-que-fue-tan-importante-para-la-independencia-jose-miguel-neira","status":"publish","type":"post","link":"https:\/\/www.fraczinet.cl\/sitio\/2024\/10\/05\/por-que-fue-tan-importante-para-la-independencia-jose-miguel-neira\/","title":{"rendered":"\u00bfPor Qu\u00e9 Fue Tan Importante Para La Independencia Jos\u00e9 Miguel Neira?"},"content":{"rendered":"<p><img fetchpriority=\"high\" decoding=\"async\" class=\"alignnone wp-image-16162 size-full\" src=\"https:\/\/www.fraczinet.cl\/sitio\/wp-content\/uploads\/2024\/10\/Manuel-Rodriguez-Erdoiza.jpg\" alt=\"\" width=\"900\" height=\"600\" srcset=\"https:\/\/www.fraczinet.cl\/sitio\/wp-content\/uploads\/2024\/10\/Manuel-Rodriguez-Erdoiza.jpg 900w, https:\/\/www.fraczinet.cl\/sitio\/wp-content\/uploads\/2024\/10\/Manuel-Rodriguez-Erdoiza-300x200.jpg 300w, https:\/\/www.fraczinet.cl\/sitio\/wp-content\/uploads\/2024\/10\/Manuel-Rodriguez-Erdoiza-768x512.jpg 768w\" sizes=\"(max-width: 900px) 100vw, 900px\" \/><\/p>\n<p><span style=\"font-weight: 400;\">Cuando Rodr\u00edguez supo a ciencia cierta la proximidad de la venida de San Mart\u00edn, crey\u00f3 llegado el momento de obrar y pens\u00f3 organizar sus guerrillas para distraer y embromar a los realistas. En consecuencia, avis\u00f3 a los que ten\u00eda apalabrados de antemano que era ya tiempo de cumplir su compromiso, y de levantar el estandarte de la resurrecci\u00f3n. Todos respondieron a su llamamiento. Eran ellos o patriotas desesperados dispuestos a atropellar por todo, u hombres temerarios de esos a quienes nada intimida, o bandidos desalmados a quienes conven\u00eda tapar sus robos con la bandera de la revoluci\u00f3n. Guard\u00e1ndose bien de reunirse en un solo grupo, que no habr\u00eda tardado en ser desbaratado por las tropas realistas. Antes por el contrario, se dividieron en diversas bandas, que por lo general no eran ni estables, ni compuestas de los mismos individuos, ni sujetas siempre al mismo caudillo, sino que se congregaban o separaban seg\u00fan hab\u00eda o no un buen golpe que dar. Hab\u00eda, sin embargo, tres que eran hasta cierto punto fijas, y reconoc\u00edan cada una sus jefes. Estaban capitaneadas la una por don Francisco Villota, due\u00f1o de la hacienda de Teno, una de las m\u00e1s importantes de la provincia de Colchagua, patriota distinguido, de coraz\u00f3n noble y de un valor a toda prueba; la otra por don Francisco Salas, vecino obscuro de San Fernando; y la tercera por el famoso salteador Jos\u00e9 Miguel Neira.<\/span><\/p>\n<p>&nbsp;<\/p>\n<p><span style=\"font-weight: 400;\"><img decoding=\"async\" class=\"size-medium wp-image-16163 alignleft\" src=\"https:\/\/www.fraczinet.cl\/sitio\/wp-content\/uploads\/2024\/10\/Jose_Miguel_Neira-1-221x300.jpg\" alt=\"\" width=\"221\" height=\"300\" srcset=\"https:\/\/www.fraczinet.cl\/sitio\/wp-content\/uploads\/2024\/10\/Jose_Miguel_Neira-1-221x300.jpg 221w, https:\/\/www.fraczinet.cl\/sitio\/wp-content\/uploads\/2024\/10\/Jose_Miguel_Neira-1.jpg 695w\" sizes=\"(max-width: 221px) 100vw, 221px\" \/>Este momento de nuestra historia, que lleg\u00f3 a hacerse c\u00e9lebre por lo mucho que incomod\u00f3 a los realistas y por los grandes latrocinios que cometi\u00f3.\u00a0 Neira hab\u00eda sido en su juventud ovejero, de guardar reba\u00f1o hab\u00eda pasado a saltear hombres en los caminos. Andando el tiempo se hab\u00eda creado una gran reputaci\u00f3n en su oficio. Otros parecidos a \u00e9l se le hab\u00edan agregado y hab\u00eda pasado a ser capit\u00e1n de bandoleros. Era un facineroso que ten\u00eda por m\u00e1xima matar siempre al enemigo, para ponerlo en la impotencia de vengarse. No obstante, como todos los bandidos dejaba vislumbrar de cuando en cuando un destello de generosidad. Una noche con otros cuatro hab\u00eda asaltado el rancho de un pobre huaso llamado Florentino Guajardo, que viv\u00eda solo en compa\u00f1\u00eda de su mujer. Al sentir este la proximidad de los ladrones, se hab\u00eda armado de un chozo, apagado la vela y esper\u00e1ndolos a pie firme a la entrada de su cuarto. El primero que os\u00f3 penetrar a tientas en la oscuridad, cay\u00f3 por tierra dando grandes alaridos; Guajardo con su chuzo le hab\u00eda roto una pierna. Neira, mientras sus otros compa\u00f1eros retiraban al herido, se precipit\u00f3 adentro furioso con la resistencia Guajardo le recibi\u00f3 en la punta de su arma, y le abri\u00f3 en la frente una ancha herida, cuya cicatriz siempre conserv\u00f3. El Bandido perdi\u00f3 el sentido, y el due\u00f1o de la casa se aprovech\u00f3 de aquel momento para escapar como pudo. Aunque Neira qued\u00f3 postrado y permaneci\u00f3 durante mucho tiempo luchando con la muerte. Florencio no se atrevi\u00f3 a continuar viviendo en el pa\u00eds, porque era cosa sabida que aquel era terrible en sus venganzas. transcurrieron muchos meses; Neira era ya jefe de guerrillas, cuando un d\u00eda que marchaba al frente de su tropa, se encontr\u00f3 con Guajardo. Le hizo rodear en el acto y le manifest\u00f3 que iba a tomar represalias de la herida que tanto le hab\u00eda hecho sufrir. El Prisionero, sin desconcertarse le respondi\u00f3 que no ser\u00eda grande haza\u00f1a que ayudado por tantos le oprimiera. El bandolero sinti\u00f3 el reproche, mand\u00f3 darle un sable y que nadie se entrometiera en su querella, y enseguida entr\u00f3 en combate singular con su adversario. Guajardo M\u00e1s diestro o m\u00e1s feliz le hiri\u00f3 todav\u00eda, y Neira le proclam\u00f3 un valiente dej\u00e1ndole ir en libertad.<\/span><\/p>\n<p>&nbsp;<\/p>\n<p><span style=\"font-weight: 400;\">Rodr\u00edguez Que conoci\u00f3 al antiguo ovejero durante sus correr\u00ecas, le convirti\u00f3 al patriotismo, le arranc\u00f2 la promesa que, como se colegir\u00e1, no siempre cumpli\u00f2 y le hizo consentir en formar una montonera de su gavilla correspondientemente aumentada. Neira entr\u00f3 en campa\u00f1a con sesenta o setenta individuos, todos b\u00e1rbaros y sanguinarios como \u00e9l; pero como \u00e9l tambi\u00e9n diestros y arrojados. Los reclutas que se hab\u00edan incorporado a la cuadrilla para ponerla en pie de guerra, no hab\u00edan obtenido su admisi\u00f3n, sino dando sus pruebas. Consist\u00edan \u00e9stas en sufrir estoicamente 25 azotes o en mostrar en una lucha a machetazos con Illanes, el segundo de la banda, que los sab\u00edan darles tales y tan buenos. Con gentes de esta especie, se concibe sin trabajo, que Neira diese mucho que hacer a los espa\u00f1oles y mantuviera en alarma a toda la comarca. Ya se anunciaba que un convoy de pertrechos hab\u00eda ca\u00eddo entre sus manos, o bien que un rico realista hab\u00eda sido saqueado. Todos los d\u00edas se quer\u00eda alguna noticia por este estilo, lo que contribu\u00eda no poco a fomentar la agitaci\u00f3n.<\/span><\/p>\n<p>&nbsp;<\/p>\n<p><span style=\"font-weight: 400;\">Los espa\u00f1oles persegu\u00edan a Neira con todo el empe\u00f1o que imaginarse puede; pero era muy baquiano del terreno y los burlaba con facilidad. Nunca ca\u00eda sobre los destacamentos del Gobierno sino cuando por su superioridad num\u00e9rica estaba seguro de vencer.\u00a0 Si encontraba costosa la victoria, cada una de sus parciales, seg\u00fan \u00f3rdenes impartidas con anticipaci\u00f3n, corr\u00eda por su lado, para volver a reunirse en lugares que ten\u00edan tambi\u00e9n designados. Nada m\u00e1s propio para semejante t\u00e1ctica, que las tierras de la provincia de Colchagua, vecinas a la cordillera, hab\u00edan elegido para sus incursiones, tanto \u00e9stas como las dem\u00e1s montoneras. Campos son estos que est\u00e1n cubiertos de montes tupidos y extensos, por donde s\u00f3lo un pr\u00e1ctico puede caminar sin desorientarse.<\/span><\/p>\n<p>&nbsp;<\/p>\n<p><span style=\"font-weight: 400;\">Los atraviesan sendas de vaqueros fragosas y casi intransitables, trazadas al parecer para entorpecer la marcha de los escuadrones regulares. Est\u00e1n dominadas por las faldas de los Andes, cuya eminencias convert\u00edan los rebeldes en atalayas, desde la cuales exploraban a lo lejos si ven\u00edan a atacarlos, y calculaban, seg\u00fan el n\u00famero de los agresores, si les conven\u00eda quedar o retirarse. Cuando eran obligados a permanecer ocultos por muchos d\u00edas, nada les incomodaba; ten\u00edan en abundancia con qu\u00e9 satisfacer su sed y su hambre; los torrentes les proporcionaban agua; los ganados que poblaban aquellas serran\u00edas, cuanta carne fresca apetecieran.<\/span><\/p>\n<p>&nbsp;<\/p>\n<p><span style=\"font-weight: 400;\">Todas las dem\u00e0s guerrillas segu\u00edan la misma conductas que Neira, menos los robos y el pillaje. Con semejante t\u00e1ctica se aprovechaban de todas las ventajas naturales, e impon\u00edan una ruda tarea a las tropas encargadas de perseguirlas. De ah\u00ed result\u00f3 que el Gobierno, que la imaginaba de m\u00e1s importancia, tom\u00e1ndolas por las avanzadas del ej\u00e9rcito de San Mart\u00edn, comenz\u00f3 a destacar contra ellas escuadr\u00f3n tras escuadr\u00f3n, hasta que vino a tener empleados en su seguimiento a 2,600 de sus mejores soldados, los mismo que embromados por las montoneras dejaron de concurrir a la batalla de Chacabuco. Lo peor del caso era que muy poca cosa lograban tantas fuerzas combinadas. Las bandas les hu\u00edan al bulto siempre que se les antojaba, cambiaban con los realistas algunas balas a escape, y se desaparec\u00edan a su aproximaci\u00f3n. En cierta ocasi\u00f3n, una partida de carabineros de abascal, haciendo un reconocimiento en un bosque, sorprendi\u00f3 dormidos a Neira y dos de sus compa\u00f1eros; pero no anduvo tan lista que no le permitiera huir; eso s\u00ed que la premura fu\u00e9 tanta, que Neira tuvo que hacerlo en camisa y descalzo. Inmediatamente rodearon el bosque, y empezaron con prolijidad sus pesquisas, casi cierto de atraparle. Estaban en esta operaci\u00f3n, cuando un centinela avis\u00f3 que se presentaban en actitud hostil de veinte a diecis\u00e9is hombres armados. Hubo que suspender el registro para salir a combatirlos. Los asaltantes dispararon algunos tiros, y se pusieron en retirada. Los carabineros corrieron tras ellos; los montoneros continuaron huyendo, y as\u00ed hicieron caminar 6 leguas por cerros escarpad\u00edsimos, hasta que al fin se les perdieron de vista. El resultado de tanto afanarse fu\u00e9 que dieran tiempo para que se les escabullera por entre las malezas el capit\u00e1n de la gavilla, a quien cre\u00edan haber dejado perfectamente acorralado; de modo que despu\u00e9s de tanta fatiga, en vez del famoso bandido, solo se encontraron con su casaca que hab\u00eda abandonado en el bosque, algunas armas y caballos y cuatro prisioneros que hab\u00edan tomado entre los rezagados. Estos \u00faltimos fueron fusilados sin tardanza y marcharon a la muerte vanaglori\u00e1ndose de haber venido resueltos a arrostrarlo todo, con tal de salvar a su caudillo. Poco m\u00e1s o menos, o algo parecido a esto se reduc\u00edan los triunfos que obten\u00edan los realistas en esta guerra a despecho de su gran despliegue de tropas.<\/span><\/p>\n<p>&nbsp;<\/p>\n<p><span style=\"font-weight: 400;\">GREGORIO y MIGUEL LUIS AMUN\u00c1TEGUI<\/span><\/p>\n<p><b>Fuente<\/b>: El Paso de Los Andes y La Batalla de Chacabuco. Enrique Monreal, Coronel de Ingenieros. Concepci\u00f3n, 1924.<\/p>\n","protected":false},"excerpt":{"rendered":"<p>Cuando Rodr\u00edguez supo a ciencia cierta la proximidad de la venida de San Mart\u00edn, crey\u00f3 llegado el momento de obrar y pens\u00f3 organizar sus guerrillas para distraer y embromar a los realistas. En consecuencia, avis\u00f3 a los que ten\u00eda apalabrados de antemano que era ya tiempo de cumplir su compromiso, y de levantar el estandarte de la resurrecci\u00f3n.<\/p>\n","protected":false},"author":1,"featured_media":16163,"comment_status":"open","ping_status":"closed","sticky":false,"template":"","format":"standard","meta":{"footnotes":""},"categories":[10,427,388],"tags":[],"class_list":["post-16161","post","type-post","status-publish","format-standard","has-post-thumbnail","hentry","category-historia","category-independencia","category-manuel-rodriguez"],"yoast_head":"<!-- This site is optimized with the Yoast SEO plugin v25.0 - https:\/\/yoast.com\/wordpress\/plugins\/seo\/ -->\n<title>\u00bfPor Qu\u00e9 Fue Tan Importante Para La Independencia Jos\u00e9 Miguel Neira? - Nuestro Bio B\u00edo<\/title>\n<meta name=\"description\" content=\"Cuando Rodr\u00edguez supo a ciencia cierta la proximidad de la venida de San Mart\u00edn, crey\u00f3 llegado el momento de obrar y pens\u00f3 organizar sus guerrillas para distraer y embromar a los realistas. En consecuencia, avis\u00f3 a los que ten\u00eda apalabrados de antemano que era ya tiempo de cumplir su compromiso, y de levantar el estandarte de la resurrecci\u00f3n.\" \/>\n<meta name=\"robots\" content=\"index, follow, max-snippet:-1, max-image-preview:large, max-video-preview:-1\" \/>\n<link rel=\"canonical\" href=\"https:\/\/www.fraczinet.cl\/sitio\/2024\/10\/05\/por-que-fue-tan-importante-para-la-independencia-jose-miguel-neira\/\" \/>\n<meta property=\"og:locale\" content=\"es_ES\" \/>\n<meta property=\"og:type\" content=\"article\" \/>\n<meta property=\"og:title\" content=\"\u00bfPor Qu\u00e9 Fue Tan Importante Para La Independencia Jos\u00e9 Miguel Neira? - Nuestro Bio B\u00edo\" \/>\n<meta property=\"og:description\" content=\"Cuando Rodr\u00edguez supo a ciencia cierta la proximidad de la venida de San Mart\u00edn, crey\u00f3 llegado el momento de obrar y pens\u00f3 organizar sus guerrillas para distraer y embromar a los realistas. En consecuencia, avis\u00f3 a los que ten\u00eda apalabrados de antemano que era ya tiempo de cumplir su compromiso, y de levantar el estandarte de la resurrecci\u00f3n.\" \/>\n<meta property=\"og:url\" content=\"https:\/\/www.fraczinet.cl\/sitio\/2024\/10\/05\/por-que-fue-tan-importante-para-la-independencia-jose-miguel-neira\/\" \/>\n<meta property=\"og:site_name\" content=\"Nuestro Bio B\u00edo\" \/>\n<meta property=\"article:published_time\" content=\"2024-10-05T23:42:33+00:00\" \/>\n<meta property=\"og:image\" content=\"https:\/\/www.fraczinet.cl\/sitio\/wp-content\/uploads\/2024\/10\/Jose_Miguel_Neira-1.jpg\" \/>\n\t<meta property=\"og:image:width\" content=\"695\" \/>\n\t<meta property=\"og:image:height\" content=\"943\" \/>\n\t<meta property=\"og:image:type\" content=\"image\/jpeg\" \/>\n<meta name=\"author\" content=\"admin\" \/>\n<meta name=\"twitter:card\" content=\"summary_large_image\" \/>\n<meta name=\"twitter:creator\" content=\"@nuestrobiobio\" \/>\n<meta name=\"twitter:site\" content=\"@nuestrobiobio\" \/>\n<meta name=\"twitter:label1\" content=\"Escrito por\" \/>\n\t<meta name=\"twitter:data1\" content=\"admin\" \/>\n\t<meta name=\"twitter:label2\" content=\"Tiempo de lectura\" \/>\n\t<meta name=\"twitter:data2\" content=\"8 minutos\" \/>\n<script type=\"application\/ld+json\" class=\"yoast-schema-graph\">{\"@context\":\"https:\/\/schema.org\",\"@graph\":[{\"@type\":\"Article\",\"@id\":\"https:\/\/www.fraczinet.cl\/sitio\/2024\/10\/05\/por-que-fue-tan-importante-para-la-independencia-jose-miguel-neira\/#article\",\"isPartOf\":{\"@id\":\"https:\/\/www.fraczinet.cl\/sitio\/2024\/10\/05\/por-que-fue-tan-importante-para-la-independencia-jose-miguel-neira\/\"},\"author\":{\"name\":\"admin\",\"@id\":\"https:\/\/www.fraczinet.cl\/sitio\/#\/schema\/person\/bc30f98e9cb10ae7e119dbe14bc93784\"},\"headline\":\"\u00bfPor Qu\u00e9 Fue Tan Importante Para La Independencia Jos\u00e9 Miguel Neira?\",\"datePublished\":\"2024-10-05T23:42:33+00:00\",\"mainEntityOfPage\":{\"@id\":\"https:\/\/www.fraczinet.cl\/sitio\/2024\/10\/05\/por-que-fue-tan-importante-para-la-independencia-jose-miguel-neira\/\"},\"wordCount\":1547,\"commentCount\":0,\"publisher\":{\"@id\":\"https:\/\/www.fraczinet.cl\/sitio\/#\/schema\/person\/aec8ee4da68df2b9b0eefdad24a0d582\"},\"image\":{\"@id\":\"https:\/\/www.fraczinet.cl\/sitio\/2024\/10\/05\/por-que-fue-tan-importante-para-la-independencia-jose-miguel-neira\/#primaryimage\"},\"thumbnailUrl\":\"https:\/\/www.fraczinet.cl\/sitio\/wp-content\/uploads\/2024\/10\/Jose_Miguel_Neira-1.jpg\",\"articleSection\":[\"Historia\",\"Independencia\",\"Manuel Rodr\u00edguez\"],\"inLanguage\":\"es\",\"potentialAction\":[{\"@type\":\"CommentAction\",\"name\":\"Comment\",\"target\":[\"https:\/\/www.fraczinet.cl\/sitio\/2024\/10\/05\/por-que-fue-tan-importante-para-la-independencia-jose-miguel-neira\/#respond\"]}]},{\"@type\":\"WebPage\",\"@id\":\"https:\/\/www.fraczinet.cl\/sitio\/2024\/10\/05\/por-que-fue-tan-importante-para-la-independencia-jose-miguel-neira\/\",\"url\":\"https:\/\/www.fraczinet.cl\/sitio\/2024\/10\/05\/por-que-fue-tan-importante-para-la-independencia-jose-miguel-neira\/\",\"name\":\"\u00bfPor Qu\u00e9 Fue Tan Importante Para La Independencia Jos\u00e9 Miguel Neira? - Nuestro Bio B\u00edo\",\"isPartOf\":{\"@id\":\"https:\/\/www.fraczinet.cl\/sitio\/#website\"},\"primaryImageOfPage\":{\"@id\":\"https:\/\/www.fraczinet.cl\/sitio\/2024\/10\/05\/por-que-fue-tan-importante-para-la-independencia-jose-miguel-neira\/#primaryimage\"},\"image\":{\"@id\":\"https:\/\/www.fraczinet.cl\/sitio\/2024\/10\/05\/por-que-fue-tan-importante-para-la-independencia-jose-miguel-neira\/#primaryimage\"},\"thumbnailUrl\":\"https:\/\/www.fraczinet.cl\/sitio\/wp-content\/uploads\/2024\/10\/Jose_Miguel_Neira-1.jpg\",\"datePublished\":\"2024-10-05T23:42:33+00:00\",\"description\":\"Cuando Rodr\u00edguez supo a ciencia cierta la proximidad de la venida de San Mart\u00edn, crey\u00f3 llegado el momento de obrar y pens\u00f3 organizar sus guerrillas para distraer y embromar a los realistas. En consecuencia, avis\u00f3 a los que ten\u00eda apalabrados de antemano que era ya tiempo de cumplir su compromiso, y de levantar el estandarte de la resurrecci\u00f3n.\",\"breadcrumb\":{\"@id\":\"https:\/\/www.fraczinet.cl\/sitio\/2024\/10\/05\/por-que-fue-tan-importante-para-la-independencia-jose-miguel-neira\/#breadcrumb\"},\"inLanguage\":\"es\",\"potentialAction\":[{\"@type\":\"ReadAction\",\"target\":[\"https:\/\/www.fraczinet.cl\/sitio\/2024\/10\/05\/por-que-fue-tan-importante-para-la-independencia-jose-miguel-neira\/\"]}]},{\"@type\":\"ImageObject\",\"inLanguage\":\"es\",\"@id\":\"https:\/\/www.fraczinet.cl\/sitio\/2024\/10\/05\/por-que-fue-tan-importante-para-la-independencia-jose-miguel-neira\/#primaryimage\",\"url\":\"https:\/\/www.fraczinet.cl\/sitio\/wp-content\/uploads\/2024\/10\/Jose_Miguel_Neira-1.jpg\",\"contentUrl\":\"https:\/\/www.fraczinet.cl\/sitio\/wp-content\/uploads\/2024\/10\/Jose_Miguel_Neira-1.jpg\",\"width\":695,\"height\":943},{\"@type\":\"BreadcrumbList\",\"@id\":\"https:\/\/www.fraczinet.cl\/sitio\/2024\/10\/05\/por-que-fue-tan-importante-para-la-independencia-jose-miguel-neira\/#breadcrumb\",\"itemListElement\":[{\"@type\":\"ListItem\",\"position\":1,\"name\":\"Portada\",\"item\":\"https:\/\/www.fraczinet.cl\/sitio\/\"},{\"@type\":\"ListItem\",\"position\":2,\"name\":\"\u00bfPor Qu\u00e9 Fue Tan Importante Para La Independencia Jos\u00e9 Miguel Neira?\"}]},{\"@type\":\"WebSite\",\"@id\":\"https:\/\/www.fraczinet.cl\/sitio\/#website\",\"url\":\"https:\/\/www.fraczinet.cl\/sitio\/\",\"name\":\"Nuestro Bio B\u00edo\",\"description\":\"Tierra de Encuentros\",\"publisher\":{\"@id\":\"https:\/\/www.fraczinet.cl\/sitio\/#\/schema\/person\/aec8ee4da68df2b9b0eefdad24a0d582\"},\"potentialAction\":[{\"@type\":\"SearchAction\",\"target\":{\"@type\":\"EntryPoint\",\"urlTemplate\":\"https:\/\/www.fraczinet.cl\/sitio\/?s={search_term_string}\"},\"query-input\":{\"@type\":\"PropertyValueSpecification\",\"valueRequired\":true,\"valueName\":\"search_term_string\"}}],\"inLanguage\":\"es\"},{\"@type\":[\"Person\",\"Organization\"],\"@id\":\"https:\/\/www.fraczinet.cl\/sitio\/#\/schema\/person\/aec8ee4da68df2b9b0eefdad24a0d582\",\"name\":\"Luis Fernando Fraczinet\",\"image\":{\"@type\":\"ImageObject\",\"inLanguage\":\"es\",\"@id\":\"https:\/\/www.fraczinet.cl\/sitio\/#\/schema\/person\/image\/\",\"url\":\"https:\/\/www.fraczinet.cl\/sitio\/wp-content\/uploads\/2021\/07\/bannerlogo-1.gif\",\"contentUrl\":\"https:\/\/www.fraczinet.cl\/sitio\/wp-content\/uploads\/2021\/07\/bannerlogo-1.gif\",\"width\":159,\"height\":79,\"caption\":\"Luis Fernando Fraczinet\"},\"logo\":{\"@id\":\"https:\/\/www.fraczinet.cl\/sitio\/#\/schema\/person\/image\/\"},\"sameAs\":[\"https:\/\/www.fraczinet.cl\/sitio\/\"]},{\"@type\":\"Person\",\"@id\":\"https:\/\/www.fraczinet.cl\/sitio\/#\/schema\/person\/bc30f98e9cb10ae7e119dbe14bc93784\",\"name\":\"admin\",\"image\":{\"@type\":\"ImageObject\",\"inLanguage\":\"es\",\"@id\":\"https:\/\/www.fraczinet.cl\/sitio\/#\/schema\/person\/image\/\",\"url\":\"https:\/\/secure.gravatar.com\/avatar\/d5ad3cf7ef3b23a2bb5be73be780c86b2fc8545c3ad6b149f3913ff458c00099?s=96&d=mm&r=g\",\"contentUrl\":\"https:\/\/secure.gravatar.com\/avatar\/d5ad3cf7ef3b23a2bb5be73be780c86b2fc8545c3ad6b149f3913ff458c00099?s=96&d=mm&r=g\",\"caption\":\"admin\"},\"sameAs\":[\"https:\/\/www.fraczinet.cl\/sitio\"]}]}<\/script>\n<!-- \/ Yoast SEO plugin. -->","yoast_head_json":{"title":"\u00bfPor Qu\u00e9 Fue Tan Importante Para La Independencia Jos\u00e9 Miguel Neira? - Nuestro Bio B\u00edo","description":"Cuando Rodr\u00edguez supo a ciencia cierta la proximidad de la venida de San Mart\u00edn, crey\u00f3 llegado el momento de obrar y pens\u00f3 organizar sus guerrillas para distraer y embromar a los realistas. En consecuencia, avis\u00f3 a los que ten\u00eda apalabrados de antemano que era ya tiempo de cumplir su compromiso, y de levantar el estandarte de la resurrecci\u00f3n.","robots":{"index":"index","follow":"follow","max-snippet":"max-snippet:-1","max-image-preview":"max-image-preview:large","max-video-preview":"max-video-preview:-1"},"canonical":"https:\/\/www.fraczinet.cl\/sitio\/2024\/10\/05\/por-que-fue-tan-importante-para-la-independencia-jose-miguel-neira\/","og_locale":"es_ES","og_type":"article","og_title":"\u00bfPor Qu\u00e9 Fue Tan Importante Para La Independencia Jos\u00e9 Miguel Neira? - Nuestro Bio B\u00edo","og_description":"Cuando Rodr\u00edguez supo a ciencia cierta la proximidad de la venida de San Mart\u00edn, crey\u00f3 llegado el momento de obrar y pens\u00f3 organizar sus guerrillas para distraer y embromar a los realistas. En consecuencia, avis\u00f3 a los que ten\u00eda apalabrados de antemano que era ya tiempo de cumplir su compromiso, y de levantar el estandarte de la resurrecci\u00f3n.","og_url":"https:\/\/www.fraczinet.cl\/sitio\/2024\/10\/05\/por-que-fue-tan-importante-para-la-independencia-jose-miguel-neira\/","og_site_name":"Nuestro Bio B\u00edo","article_published_time":"2024-10-05T23:42:33+00:00","og_image":[{"width":695,"height":943,"url":"https:\/\/www.fraczinet.cl\/sitio\/wp-content\/uploads\/2024\/10\/Jose_Miguel_Neira-1.jpg","type":"image\/jpeg"}],"author":"admin","twitter_card":"summary_large_image","twitter_creator":"@nuestrobiobio","twitter_site":"@nuestrobiobio","twitter_misc":{"Escrito por":"admin","Tiempo de lectura":"8 minutos"},"schema":{"@context":"https:\/\/schema.org","@graph":[{"@type":"Article","@id":"https:\/\/www.fraczinet.cl\/sitio\/2024\/10\/05\/por-que-fue-tan-importante-para-la-independencia-jose-miguel-neira\/#article","isPartOf":{"@id":"https:\/\/www.fraczinet.cl\/sitio\/2024\/10\/05\/por-que-fue-tan-importante-para-la-independencia-jose-miguel-neira\/"},"author":{"name":"admin","@id":"https:\/\/www.fraczinet.cl\/sitio\/#\/schema\/person\/bc30f98e9cb10ae7e119dbe14bc93784"},"headline":"\u00bfPor Qu\u00e9 Fue Tan Importante Para La Independencia Jos\u00e9 Miguel Neira?","datePublished":"2024-10-05T23:42:33+00:00","mainEntityOfPage":{"@id":"https:\/\/www.fraczinet.cl\/sitio\/2024\/10\/05\/por-que-fue-tan-importante-para-la-independencia-jose-miguel-neira\/"},"wordCount":1547,"commentCount":0,"publisher":{"@id":"https:\/\/www.fraczinet.cl\/sitio\/#\/schema\/person\/aec8ee4da68df2b9b0eefdad24a0d582"},"image":{"@id":"https:\/\/www.fraczinet.cl\/sitio\/2024\/10\/05\/por-que-fue-tan-importante-para-la-independencia-jose-miguel-neira\/#primaryimage"},"thumbnailUrl":"https:\/\/www.fraczinet.cl\/sitio\/wp-content\/uploads\/2024\/10\/Jose_Miguel_Neira-1.jpg","articleSection":["Historia","Independencia","Manuel Rodr\u00edguez"],"inLanguage":"es","potentialAction":[{"@type":"CommentAction","name":"Comment","target":["https:\/\/www.fraczinet.cl\/sitio\/2024\/10\/05\/por-que-fue-tan-importante-para-la-independencia-jose-miguel-neira\/#respond"]}]},{"@type":"WebPage","@id":"https:\/\/www.fraczinet.cl\/sitio\/2024\/10\/05\/por-que-fue-tan-importante-para-la-independencia-jose-miguel-neira\/","url":"https:\/\/www.fraczinet.cl\/sitio\/2024\/10\/05\/por-que-fue-tan-importante-para-la-independencia-jose-miguel-neira\/","name":"\u00bfPor Qu\u00e9 Fue Tan Importante Para La Independencia Jos\u00e9 Miguel Neira? - Nuestro Bio B\u00edo","isPartOf":{"@id":"https:\/\/www.fraczinet.cl\/sitio\/#website"},"primaryImageOfPage":{"@id":"https:\/\/www.fraczinet.cl\/sitio\/2024\/10\/05\/por-que-fue-tan-importante-para-la-independencia-jose-miguel-neira\/#primaryimage"},"image":{"@id":"https:\/\/www.fraczinet.cl\/sitio\/2024\/10\/05\/por-que-fue-tan-importante-para-la-independencia-jose-miguel-neira\/#primaryimage"},"thumbnailUrl":"https:\/\/www.fraczinet.cl\/sitio\/wp-content\/uploads\/2024\/10\/Jose_Miguel_Neira-1.jpg","datePublished":"2024-10-05T23:42:33+00:00","description":"Cuando Rodr\u00edguez supo a ciencia cierta la proximidad de la venida de San Mart\u00edn, crey\u00f3 llegado el momento de obrar y pens\u00f3 organizar sus guerrillas para distraer y embromar a los realistas. En consecuencia, avis\u00f3 a los que ten\u00eda apalabrados de antemano que era ya tiempo de cumplir su compromiso, y de levantar el estandarte de la resurrecci\u00f3n.","breadcrumb":{"@id":"https:\/\/www.fraczinet.cl\/sitio\/2024\/10\/05\/por-que-fue-tan-importante-para-la-independencia-jose-miguel-neira\/#breadcrumb"},"inLanguage":"es","potentialAction":[{"@type":"ReadAction","target":["https:\/\/www.fraczinet.cl\/sitio\/2024\/10\/05\/por-que-fue-tan-importante-para-la-independencia-jose-miguel-neira\/"]}]},{"@type":"ImageObject","inLanguage":"es","@id":"https:\/\/www.fraczinet.cl\/sitio\/2024\/10\/05\/por-que-fue-tan-importante-para-la-independencia-jose-miguel-neira\/#primaryimage","url":"https:\/\/www.fraczinet.cl\/sitio\/wp-content\/uploads\/2024\/10\/Jose_Miguel_Neira-1.jpg","contentUrl":"https:\/\/www.fraczinet.cl\/sitio\/wp-content\/uploads\/2024\/10\/Jose_Miguel_Neira-1.jpg","width":695,"height":943},{"@type":"BreadcrumbList","@id":"https:\/\/www.fraczinet.cl\/sitio\/2024\/10\/05\/por-que-fue-tan-importante-para-la-independencia-jose-miguel-neira\/#breadcrumb","itemListElement":[{"@type":"ListItem","position":1,"name":"Portada","item":"https:\/\/www.fraczinet.cl\/sitio\/"},{"@type":"ListItem","position":2,"name":"\u00bfPor Qu\u00e9 Fue Tan Importante Para La Independencia Jos\u00e9 Miguel Neira?"}]},{"@type":"WebSite","@id":"https:\/\/www.fraczinet.cl\/sitio\/#website","url":"https:\/\/www.fraczinet.cl\/sitio\/","name":"Nuestro Bio B\u00edo","description":"Tierra de Encuentros","publisher":{"@id":"https:\/\/www.fraczinet.cl\/sitio\/#\/schema\/person\/aec8ee4da68df2b9b0eefdad24a0d582"},"potentialAction":[{"@type":"SearchAction","target":{"@type":"EntryPoint","urlTemplate":"https:\/\/www.fraczinet.cl\/sitio\/?s={search_term_string}"},"query-input":{"@type":"PropertyValueSpecification","valueRequired":true,"valueName":"search_term_string"}}],"inLanguage":"es"},{"@type":["Person","Organization"],"@id":"https:\/\/www.fraczinet.cl\/sitio\/#\/schema\/person\/aec8ee4da68df2b9b0eefdad24a0d582","name":"Luis Fernando Fraczinet","image":{"@type":"ImageObject","inLanguage":"es","@id":"https:\/\/www.fraczinet.cl\/sitio\/#\/schema\/person\/image\/","url":"https:\/\/www.fraczinet.cl\/sitio\/wp-content\/uploads\/2021\/07\/bannerlogo-1.gif","contentUrl":"https:\/\/www.fraczinet.cl\/sitio\/wp-content\/uploads\/2021\/07\/bannerlogo-1.gif","width":159,"height":79,"caption":"Luis Fernando Fraczinet"},"logo":{"@id":"https:\/\/www.fraczinet.cl\/sitio\/#\/schema\/person\/image\/"},"sameAs":["https:\/\/www.fraczinet.cl\/sitio\/"]},{"@type":"Person","@id":"https:\/\/www.fraczinet.cl\/sitio\/#\/schema\/person\/bc30f98e9cb10ae7e119dbe14bc93784","name":"admin","image":{"@type":"ImageObject","inLanguage":"es","@id":"https:\/\/www.fraczinet.cl\/sitio\/#\/schema\/person\/image\/","url":"https:\/\/secure.gravatar.com\/avatar\/d5ad3cf7ef3b23a2bb5be73be780c86b2fc8545c3ad6b149f3913ff458c00099?s=96&d=mm&r=g","contentUrl":"https:\/\/secure.gravatar.com\/avatar\/d5ad3cf7ef3b23a2bb5be73be780c86b2fc8545c3ad6b149f3913ff458c00099?s=96&d=mm&r=g","caption":"admin"},"sameAs":["https:\/\/www.fraczinet.cl\/sitio"]}]}},"_links":{"self":[{"href":"https:\/\/www.fraczinet.cl\/sitio\/wp-json\/wp\/v2\/posts\/16161","targetHints":{"allow":["GET"]}}],"collection":[{"href":"https:\/\/www.fraczinet.cl\/sitio\/wp-json\/wp\/v2\/posts"}],"about":[{"href":"https:\/\/www.fraczinet.cl\/sitio\/wp-json\/wp\/v2\/types\/post"}],"author":[{"embeddable":true,"href":"https:\/\/www.fraczinet.cl\/sitio\/wp-json\/wp\/v2\/users\/1"}],"replies":[{"embeddable":true,"href":"https:\/\/www.fraczinet.cl\/sitio\/wp-json\/wp\/v2\/comments?post=16161"}],"version-history":[{"count":1,"href":"https:\/\/www.fraczinet.cl\/sitio\/wp-json\/wp\/v2\/posts\/16161\/revisions"}],"predecessor-version":[{"id":16164,"href":"https:\/\/www.fraczinet.cl\/sitio\/wp-json\/wp\/v2\/posts\/16161\/revisions\/16164"}],"wp:featuredmedia":[{"embeddable":true,"href":"https:\/\/www.fraczinet.cl\/sitio\/wp-json\/wp\/v2\/media\/16163"}],"wp:attachment":[{"href":"https:\/\/www.fraczinet.cl\/sitio\/wp-json\/wp\/v2\/media?parent=16161"}],"wp:term":[{"taxonomy":"category","embeddable":true,"href":"https:\/\/www.fraczinet.cl\/sitio\/wp-json\/wp\/v2\/categories?post=16161"},{"taxonomy":"post_tag","embeddable":true,"href":"https:\/\/www.fraczinet.cl\/sitio\/wp-json\/wp\/v2\/tags?post=16161"}],"curies":[{"name":"wp","href":"https:\/\/api.w.org\/{rel}","templated":true}]}}