{"id":16289,"date":"2025-05-07T20:07:56","date_gmt":"2025-05-07T20:07:56","guid":{"rendered":"https:\/\/www.fraczinet.cl\/sitio\/?p=16289"},"modified":"2025-05-07T20:07:56","modified_gmt":"2025-05-07T20:07:56","slug":"el-ario-perfecto-el-agente-sovietico-invisible-nikolai-kuznetsov-que-diezmo-a-nazis-en-la-retaguardia","status":"publish","type":"post","link":"https:\/\/www.fraczinet.cl\/sitio\/2025\/05\/07\/el-ario-perfecto-el-agente-sovietico-invisible-nikolai-kuznetsov-que-diezmo-a-nazis-en-la-retaguardia\/","title":{"rendered":"El Ario Perfecto: El Agente Sovi\u00e9tico &#8216;invisible&#8217; Nikol\u00e1i Kuznetsov Que Diezm\u00f3 A Nazis En La Retaguardia"},"content":{"rendered":"<h4><strong>\u00abQue los fascistas sepan de lo que es capaz un patriota ruso y un bolchevique. Que sepan que es imposible conquistar a nuestro pueblo, como es imposible apagar el sol\u00bb, era el mensaje del partisano.<\/strong><\/h4>\n<p>&nbsp;<\/p>\n<figure id=\"attachment_16290\" aria-describedby=\"caption-attachment-16290\" style=\"width: 640px\" class=\"wp-caption aligncenter\"><img fetchpriority=\"high\" decoding=\"async\" class=\"wp-image-16290 size-large\" src=\"https:\/\/www.fraczinet.cl\/sitio\/wp-content\/uploads\/2025\/05\/Kuznetsov-1024x577.jpg\" alt=\"\" width=\"640\" height=\"361\" srcset=\"https:\/\/www.fraczinet.cl\/sitio\/wp-content\/uploads\/2025\/05\/Kuznetsov-1024x577.jpg 1024w, https:\/\/www.fraczinet.cl\/sitio\/wp-content\/uploads\/2025\/05\/Kuznetsov-300x169.jpg 300w, https:\/\/www.fraczinet.cl\/sitio\/wp-content\/uploads\/2025\/05\/Kuznetsov-768x433.jpg 768w, https:\/\/www.fraczinet.cl\/sitio\/wp-content\/uploads\/2025\/05\/Kuznetsov.jpg 1104w\" sizes=\"(max-width: 640px) 100vw, 640px\" \/><figcaption id=\"caption-attachment-16290\" class=\"wp-caption-text\">El agente sovi\u00e9tico Nikol\u00e1i Kuznetsov vestido como un oficial alem\u00e1n.<\/figcaption><\/figure>\n<p>&nbsp;<\/p>\n<p><strong>Publicado en RT Noticias<\/strong><\/p>\n<p>&nbsp;<\/p>\n<p><span style=\"font-weight: 400;\">Corr\u00eda el mes de junio de 1943. Las tropas sovi\u00e9ticas cavaban d\u00eda y noche en la provincia de Kursk, preparando los emplazamientos de fuego para repeler la ofensiva hitleriana a gran escala y luego contraatacar, cambiando as\u00ed de una vez para siempre el car\u00e1cter de los combates en el frente del Este. De all\u00ed en adelante, los alemanes ya no ser\u00edan capaces de lanzar ofensivas a gran escala.\u00a0<\/span><\/p>\n<p>&nbsp;<\/p>\n<p><span style=\"font-weight: 400;\">Los hitlerianos no ten\u00edan ni idea de que el \u00e9xito de los sovi\u00e9ticos fue logrado gracias a que ten\u00edan un as bajo la manga: un ario ideal profundamente infiltrado en su retaguardia. Se llamaba Nikol\u00e1i Iv\u00e1novich Kuznetsov, un agente sovi\u00e9tico que no solo dominaba perfectamente varios dialectos del alem\u00e1n, sino que estudi\u00f3 a su enemigo de los pies a la cabeza, ri\u00e9ndose en la cara a la muerte.\u00a0<\/span><\/p>\n<p>&nbsp;<\/p>\n<p><span style=\"font-weight: 400;\">Los comunicados oficiales que homenajean las haza\u00f1as de Kuznetsov suelen ser breves y concisos. Y es entendible: muchos archivos que guardan la historia de sus proezas todav\u00eda est\u00e1n lejos de ser desclasificados. Por tanto, a la hora de enumerar los logros de Nikol\u00e1i Iv\u00e1novich, todo puede encajar en un solo p\u00e1rrafo.<\/span><\/p>\n<p>&nbsp;<\/p>\n<p><span style=\"font-weight: 400;\">Empero, la lista de m\u00e9ritos solo sirve para una placa conmemorativa cerca de un monumento dedicado a Kuznetsov. Detr\u00e1s, como siempre, hay una historia humana. Eso s\u00ed, en aquellos tiempos, seguir siendo humano era extremadamente dif\u00edcil.\u00a0<\/span><\/p>\n<p>&nbsp;<\/p>\n<figure id=\"attachment_16291\" aria-describedby=\"caption-attachment-16291\" style=\"width: 182px\" class=\"wp-caption alignleft\"><img decoding=\"async\" class=\"size-medium wp-image-16291\" src=\"https:\/\/www.fraczinet.cl\/sitio\/wp-content\/uploads\/2025\/05\/Dmitri-Medvedev-182x300.png\" alt=\"\" width=\"182\" height=\"300\" srcset=\"https:\/\/www.fraczinet.cl\/sitio\/wp-content\/uploads\/2025\/05\/Dmitri-Medvedev-182x300.png 182w, https:\/\/www.fraczinet.cl\/sitio\/wp-content\/uploads\/2025\/05\/Dmitri-Medvedev.png 326w\" sizes=\"(max-width: 182px) 100vw, 182px\" \/><figcaption id=\"caption-attachment-16291\" class=\"wp-caption-text\">Nikol\u00e1i Kuznetsov.<\/figcaption><\/figure>\n<h4><span style=\"font-weight: 400;\">\u00abUn Berlin\u00e9s Nativo\u00bb<\/span><\/h4>\n<p>&nbsp;<\/p>\n<p><span style=\"font-weight: 400;\">Nikol\u00e1i Kuznetsov naci\u00f3 en 1911 en el boscoso y perdido rinc\u00f3n de lo que era la gobernaci\u00f3n de Perm del Imperio ruso a poco m\u00e1s de 200 kil\u00f3metros de la ciudad de Ekaterimburgo. Cuando ya finalizaba sus estudios en una escuela t\u00e9cnica, tuvo que empezarlo todo desde cero tras ser calumniado por supuestamente ocultar su procedencia de una familia de campesinos relativamente acaudalada.<\/span><\/p>\n<p>&nbsp;<\/p>\n<p><span style=\"font-weight: 400;\">Ya durante los a\u00f1os de aprendizaje, el futuro agente Kuznetsov se destacaba por sus singulares dotes ling\u00fc\u00edsticas: el idioma con el que trab\u00f3 m\u00e1s amistad fue el alem\u00e1n. Si bien a lo largo de su vida nunca ces\u00f3 de mejorar sus aptitudes, quien le dio el primer impulso fue una profesora que se hab\u00eda graduado en Suiza. Asimismo, aprovechaba cualquier contacto con los germanohablantes que estuvieran al alcance de su mano. As\u00ed, en las clases de taller hablaba con un profesor que era un exprisionero capturado en la Primera Guerra Mundial, al tiempo que pasaba frecuentemente por una farmacia para charlar con un farmac\u00e9utico originario de Austria.\u00a0<\/span><\/p>\n<p>&nbsp;<\/p>\n<p><span style=\"font-weight: 400;\">Al mudarse en 1934 a la ciudad de Sverdlovsk (hoy Ekaterimburgo), Kuznetsov ya trabajaba para los \u00f3rganos de seguridad sovi\u00e9ticos. Al instalarse en la planta de Uralmash, Nikol\u00e1i se comunicaba a menudo con m\u00e1s de un centenar de especialistas alemanes que colocaban all\u00ed la tecnolog\u00eda de producci\u00f3n y realizaban el mantenimiento de la maquinaria. Aparte de detectar a esp\u00edas camuflados como obreros, Kuznetsov pudo aprender varios dialectos del alem\u00e1n, as\u00ed como estudiar los modales de trabajadores alemanes, sus costumbres y psicolog\u00eda.\u00a0<\/span><\/p>\n<p>&nbsp;<\/p>\n<p><span style=\"font-weight: 400;\">El historial de Kuznetsov, que en 1938 pas\u00f3 varios meses en los calabozos chekistas, pero finalmente sali\u00f3 sin mayores implicaciones, atrajo la atenci\u00f3n de los m\u00e1s altos mandos de inteligencia. \u00abEspecialista en silvicultura. Honesto, inteligente, de car\u00e1cter fuerte. Y con asombrosas habilidades ling\u00fc\u00edsticas. Habla un excelente alem\u00e1n, conoce el esperanto y el polaco. En pocos meses aprendi\u00f3 la lengua komi hasta tal punto que los locales lo tomaron por uno de los suyos\u00bb. As\u00ed describ\u00edan a Kuznetsov los que le conoc\u00edan de cerca.<\/span><\/p>\n<p>&nbsp;<\/p>\n<p><span style=\"font-weight: 400;\">Empero, una serie de cumplidos no bastaban para obtener luz verde para una promoci\u00f3n, por lo que la jefatura hizo una especie de examen ling\u00fc\u00edstico a Kuznetsov.\u00a0 La mejor evaluaci\u00f3n no fue un sobresaliente, sino la rese\u00f1a de un agente sovi\u00e9tico que acababa de volver de Alemania: \u00abHabla como si fuera un berlin\u00e9s nativo\u00bb.\u00a0<\/span><\/p>\n<p>&nbsp;<\/p>\n<p><span style=\"font-weight: 400;\">\u00abQued\u00e9 con Kuznetsov para ma\u00f1ana y vino a mi casa. Cuando pis\u00f3 el umbral, me qued\u00e9 asombrado: \u00a1un aut\u00e9ntico ario! M\u00e1s alto que la media, esbelto, delgado pero fuerte, rubio, nariz recta, ojos azul gris\u00e1ceo. Y ten\u00eda un porte fino, como si fuera un militar, \u00a1y \u00e9ste era un le\u00f1ador de los Urales!\u00bb, resum\u00eda su cita con Kuznetsov Leonid Raijman, uno de los jefes del aparato central de contrainteligencia del Comisariado del Pueblo para Asuntos Internos, m\u00e1s conocido como NKVD.\u00a0<\/span><\/p>\n<p>&nbsp;<\/p>\n<p><span style=\"font-weight: 400;\">Tras este \u00e9xito, Kuznetsov, quien actuaba bajo el alias de Kolonist, aterriz\u00f3 en Mosc\u00fa. Siendo un agente supersecreto, su misi\u00f3n principal radicaba en trabar amistades con empleados de embajadas extranjeras para descubrir a esp\u00edas infiltrados, principalmente, entre los enviados del Tercer Reich. Interpretar el papel de un alem\u00e1n no le costaba mucho a Kuznetsov: pas\u00f3 a\u00f1os prepar\u00e1ndose para esta caza, conociendo ya casi todos los h\u00e1bitos de sus blancos.<\/span><\/p>\n<p>&nbsp;<\/p>\n<h4><span style=\"font-weight: 400;\">Espera Agobiante<\/span><\/h4>\n<p>&nbsp;<\/p>\n<p><span style=\"font-weight: 400;\">Con el inicio de la Gran Guerra Patria, Kolonist, que se hab\u00eda estado preparando para trabajar en el exterior, abarrot\u00f3 a la jefatura con peticiones para que le enviaran a luchar \u00aben el frente o en la retaguardia de las tropas invasoras alemanas en nuestro suelo\u00bb. Empero, Kuznetsov nunca lleg\u00f3 al frente e incluso en los momentos m\u00e1s dram\u00e1ticos, con los hitlerianos literalmente a puertas de Mosc\u00fa, los mandos manten\u00edan a Nikol\u00e1i Iv\u00e1novich fuera de los combates. Este se indignaba y rabiaba por poder entrar en las trincheras enemigas, pero la pura l\u00f3gica suger\u00eda a Kolonist para otras tareas.<\/span><\/p>\n<p>&nbsp;<\/p>\n<p><span style=\"font-weight: 400;\">As\u00ed, fue alistado en una unidad especial comandada por el legendario agente P\u00e1vel Sudopl\u00e1tov, quien supervisaba los preparativos del grupo que ser\u00eda lanzado a la retaguardia alemana. En aquellos d\u00edas, Kuznetsov breg\u00f3 d\u00eda y noche: estudiaba cuidadosamente su leyenda, pul\u00eda sus dotes de observaci\u00f3n, orientaci\u00f3n sobre el terreno, saltos en paraca\u00eddas, cifrado, as\u00ed como practicaba con diversos tipos de armas, tanto sovi\u00e9ticas como alemanas.\u00a0<\/span><\/p>\n<p>&nbsp;<\/p>\n<p><span style=\"font-weight: 400;\">La preparaci\u00f3n inclu\u00eda tambi\u00e9n el an\u00e1lisis de la estructura y la organizaci\u00f3n de la Wehrmacht, sus estatutos, rangos, insignias, condecoraciones de todas las ramas del Ej\u00e9rcito, la Polic\u00eda y las SS. A finales de julio de 1942, Kuznetsov fue incluido en el destacamento de sabotaje Pobediteli (Vencedores, en espa\u00f1ol) bajo el comando de Dmitri Medv\u00e9dev.<\/span><\/p>\n<p>&nbsp;<\/p>\n<p><span style=\"font-weight: 400;\">\u00abLa guerra para liberar a nuestra Patria de la escoria fascista exige sacrificios. Inevitablemente, hay que derramar mucha sangre para que nuestra amada Patria florezca y se desarrolle y para que nuestro pueblo viva libremente. Para derrotar al enemigo, nuestro pueblo no escatima lo m\u00e1s preciado: su vida. Los sacrificios son inevitables. Y quiero decirle francamente que hay muy pocas posibilidades de que regrese con vida. Es casi al 100% que tendr\u00e9 que hacer el \u00faltimo sacrificio. Y voy a hacerlo con toda calma y conscientemente, porque soy profundamente consciente de que estoy dando mi vida por una causa santa y justa, por el presente y el floreciente futuro de nuestra Patria\u00bb, escrib\u00eda Kuznetsov en una carta a su hermano que deber\u00eda ser abierta solo tras su muerte.\u00a0<\/span><\/p>\n<p>&nbsp;<\/p>\n<h4><span style=\"font-weight: 400;\">El Arte De Saboteador<\/span><\/h4>\n<p>&nbsp;<\/p>\n<p><span style=\"font-weight: 400;\">El 25 de agosto, Nikol\u00e1i Kuznetsov salt\u00f3 en paraca\u00eddas en lo profundo de la retaguardia enemiga, m\u00e1s concretamente, en los bosques de Sarny, en la provincia ucraniana de Rovno, cerca de la ciudad hom\u00f3nima, convertida en la capital de facto de Ucrania y sede de la administraci\u00f3n hitleriana conocida como Reichskommissariat.<\/span><\/p>\n<p>&nbsp;<\/p>\n<p><span style=\"font-weight: 400;\">Apareci\u00f3 en la ciudad como Paul Wilgelm Zibert, oberleutnant del 230\u00ba regimiento de la 76\u00aa divisi\u00f3n de infanter\u00eda, con dos Cruces de Hierro y la medalla &#8216;Por la marcha invernal hacia el Este&#8217;. Pronto, Paul Zibert logr\u00f3 colarse en las filas de los oficiales alemanes sin levantar sospechas, procediendo a recabar toda informaci\u00f3n valiosa que pudiera ayudar a infligir p\u00e9rdidas al enemigo.\u00a0<\/span><\/p>\n<p>&nbsp;<\/p>\n<p><span style=\"font-weight: 400;\">En noviembre de 1942, lleg\u00f3 un telegrama desde Mosc\u00fa que apuntaba a datos de inteligencia de que la sede de campa\u00f1a de Hitler se hallaba en Ucrania. El destacamento de partisanos ten\u00eda que averiguar su ubicaci\u00f3n concreta. Al analizar la situaci\u00f3n, el grupo concluy\u00f3 que el cuartel general Werwolf se ubicaba cerca de la ciudad de Vinnitsa, a unos 500 kil\u00f3metros de la unidad de Medv\u00e9dev.<\/span><\/p>\n<p>&nbsp;<\/p>\n<p><span style=\"font-weight: 400;\">Para encontrar la ubicaci\u00f3n de Werwolf, Kuznetsov le\u00eda de cabo a rabo la prensa hitleriana en el territorio ocupado. En particular, llamaban la atenci\u00f3n los reportes sobre conciertos de \u00f3pera en Vinnitsa a los que asist\u00edan el reichmariscal Hermann G\u00f6ring o el mariscal general de campo Wilhelm Keitel, el hombre que en mayo de 1945 firmar\u00eda el acta de rendici\u00f3n. \u00bfQu\u00e9 buscaban estos dos dirigentes en una ciudad relativamente peque\u00f1a como Vinnitsa?<\/span><\/p>\n<p>&nbsp;<\/p>\n<p><span style=\"font-weight: 400;\">Pronto Kuznetsov, que hab\u00eda trabado amistades entre los que serv\u00edan en el Reichskommissariat de Ucrania, supo de uno de sus &#8216;compa\u00f1eros de combate&#8217; que el reichsf\u00fchrer Heinrich Himmler deb\u00eda estar en la ciudad, lo que hac\u00eda pensar lo siguiente: Hitler estaba cerca. A mediados de diciembre, Kolonist y sus camaradas emprendieron una audaz misi\u00f3n en la carretera entre Kiev y Lvov para capturar a unos oficiales que portaban un portafolios que confirmaron las conjeturas del grupo: el cuartel general de Hitler se ubicaba cerca de Vinnitsa.\u00a0<\/span><\/p>\n<p>&nbsp;<\/p>\n<p><span style=\"font-weight: 400;\">En la primavera de 1943, Paul Zibert transmiti\u00f3 al Centro datos cruciales sobre el blindaje aumentado de los nuevos tanques alemanes Tiger y Panther, que deb\u00edan romper las l\u00edneas sovi\u00e9ticas durante la operaci\u00f3n Ciudadela con el objetivo de cercar al Ej\u00e9rcito Rojo en la batalla de Kursk, un objetivo que nunca se cumpli\u00f3. Meses despu\u00e9s, la inteligencia sovi\u00e9tica estaba de nuevo en deuda con Kuznetsov: desbarat\u00f3 un plan de magnicidio alem\u00e1n para matar a Stalin, Roosevelt y Churchill durante la conferencia de Teher\u00e1n a finales de noviembre de 1943.\u00a0<\/span><\/p>\n<p>&nbsp;<\/p>\n<p><span style=\"font-weight: 400;\">Un tanque pesado alem\u00e1n Tiger en el frente del Este, 1943.<\/span><\/p>\n<p>&nbsp;<\/p>\n<p><span style=\"font-weight: 400;\">Aparte de la recopilaci\u00f3n de datos, Kuznetsov eliminaba a los dirigentes hitlerianos nombrados para administrar los territorios ocupados. Si bien los operativos no terminaron bien con el reichskommissar de Ucrania, Erich Koch, quien logr\u00f3 escapar de la justicia, Kolonist diezm\u00f3 considerablemente las filas de los jerarcas del Tercer Reich, infundiendo una constante sensaci\u00f3n de miedo a sus futuras v\u00edctimas. En realidad, no fueron v\u00edctimas. Fueron animales disfrazados como humanos condenados a muerte. Entre los blancos alcanzados figuraban personajes como el jefe de las tropas punitivas en Ucrania, el general Max von Ilgen; el jefe del llamado Tribunal Supremo en el territorio ocupado de Ucrania, Alfred Funk, as\u00ed como otros jerarcas nazis.\u00a0<\/span><\/p>\n<p>&nbsp;<\/p>\n<p><span style=\"font-weight: 400;\">A medida que el frente se mov\u00eda cada vez m\u00e1s a las fronteras occidentales de la URSS, al grupo de Kuznetsov se le asign\u00f3 la tarea de reubicarse en la ciudad de Lvov. Ya en febrero de 1944, el oberleutnant Paul Zibert hizo notar su presencia en la urbe, al liquidar al vicegobernador de Galitzia, Otto Bauer.\u00a0<\/span><\/p>\n<p>&nbsp;<\/p>\n<p><span style=\"font-weight: 400;\">Sin embargo, la situaci\u00f3n en la ciudad pronto se tens\u00f3 con los hitlerianos, conscientes de que hab\u00eda un topo en sus escalafones, por lo que recrudecieron al m\u00e1ximo su guerra contra los partisanos. Kuznetsov, quien durante su estad\u00eda en la retaguardia enemiga muchas veces estuvo cerca del fracaso, sent\u00eda que la ventana de oportunidades se estaba cerrando, por lo que tom\u00f3 la decisi\u00f3n de dirigirse hacia la l\u00ednea del frente. La noche del 9 de marzo, Kuznetsov, junto con sus compa\u00f1eros de combate Kaminski y Belov, cay\u00f3 en una emboscada de un grupo de nacionalistas ucranianos cerca de la localidad de Boratin en la provincia de Lvov. El ario perfecto no se rindi\u00f3, luchando hasta el final.\u00a0<\/span><\/p>\n<p>&nbsp;<\/p>\n<h4><span style=\"font-weight: 400;\">Vivir Despu\u00e9s De La Muerte<\/span><\/h4>\n<p>&nbsp;<\/p>\n<p><span style=\"font-weight: 400;\">\u00abAmo la vida, a\u00fan soy joven. Pero si es necesario sacrificar mi vida por la Patria, a la que amo como a mi propia madre, lo har\u00e9. Que los fascistas sepan de lo que es capaz un patriota ruso y un bolchevique. Que sepan que es imposible conquistar a nuestro pueblo, como es imposible apagar el sol. Para ser le\u00eddo s\u00f3lo despu\u00e9s de mi muerte. El 24 de julio de 1943. Kuznetsov\u00bb.\u00a0<\/span><\/p>\n<p>&nbsp;<\/p>\n<p><span style=\"font-weight: 400;\">Quiz\u00e1 uno de los episodios que resuma mejor el inquebrantable empe\u00f1o de Kolonist a su causa es la forma en la que sale su nombre en una orden del Sovi\u00e9t Supremo de la URSS que le concede el t\u00edtulo de h\u00e9roe de la Uni\u00f3n Sovi\u00e9tica a t\u00edtulo p\u00f3stumo. En una nota fechada el 5 de noviembre de 1944, el ario blanco, a diferencia del resto de los condecorados, figura sin rango: la inscripci\u00f3n dice solamente Nikol\u00e1i Iv\u00e1novich Kuznetsov. El mundo no deber\u00eda saber m\u00e1s: el nombre de Paul Zibert habla por s\u00ed solo, siendo sin\u00f3nimo de una impecable labor de inteligencia.\u00a0<\/span><\/p>\n<p>&nbsp;<\/p>\n<p><span style=\"font-weight: 400;\">Si quieren conocer m\u00e1s historias de este tipo, pueden escucharlas en el p\u00f3dcast &#8216;Huellas rusas&#8217;, disponible en la mayor\u00eda de las plataformas correspondientes.<\/span><\/p>\n<p>&nbsp;<\/p>\n<p><strong>Timur Medzh\u00eddov<\/strong><\/p>\n<p><strong>Fuente<\/strong>: <a href=\"https:\/\/actualidad.rt.com\/a-fondo\/548856-ario-perfecto-agente-sovietico-nikolai-kuznetsov-diezmar-nazis\">RT Noticias<\/a><\/p>\n","protected":false},"excerpt":{"rendered":"<p>\u00abQue los fascistas sepan de lo que es capaz un patriota ruso y un bolchevique. Que sepan que es imposible conquistar a nuestro pueblo, como es imposible apagar el sol\u00bb, era el mensaje del partisano.<\/p>\n","protected":false},"author":1,"featured_media":16291,"comment_status":"open","ping_status":"closed","sticky":false,"template":"","format":"standard","meta":{"footnotes":""},"categories":[10,433],"tags":[],"class_list":["post-16289","post","type-post","status-publish","format-standard","has-post-thumbnail","hentry","category-historia","category-segunda-guerra-mundial"],"yoast_head":"<!-- This site is optimized with the Yoast SEO plugin v25.0 - https:\/\/yoast.com\/wordpress\/plugins\/seo\/ -->\n<title>El Ario Perfecto: El Agente Sovi\u00e9tico &#039;invisible&#039; Nikol\u00e1i Kuznetsov Que Diezm\u00f3 A Nazis En La Retaguardia - Nuestro Bio B\u00edo<\/title>\n<meta name=\"description\" content=\"&quot;Que los fascistas sepan de lo que es capaz un patriota ruso y un bolchevique. Que sepan que es imposible conquistar a nuestro pueblo, como es imposible apagar el sol&quot;, era el mensaje del partisano.\" \/>\n<meta name=\"robots\" content=\"index, follow, max-snippet:-1, max-image-preview:large, max-video-preview:-1\" \/>\n<link rel=\"canonical\" href=\"https:\/\/www.fraczinet.cl\/sitio\/2025\/05\/07\/el-ario-perfecto-el-agente-sovietico-invisible-nikolai-kuznetsov-que-diezmo-a-nazis-en-la-retaguardia\/\" \/>\n<meta property=\"og:locale\" content=\"es_ES\" \/>\n<meta property=\"og:type\" content=\"article\" \/>\n<meta property=\"og:title\" content=\"El Ario Perfecto: El Agente Sovi\u00e9tico &#039;invisible&#039; Nikol\u00e1i Kuznetsov Que Diezm\u00f3 A Nazis En La Retaguardia - Nuestro Bio B\u00edo\" \/>\n<meta property=\"og:description\" content=\"&quot;Que los fascistas sepan de lo que es capaz un patriota ruso y un bolchevique. Que sepan que es imposible conquistar a nuestro pueblo, como es imposible apagar el sol&quot;, era el mensaje del partisano.\" \/>\n<meta property=\"og:url\" content=\"https:\/\/www.fraczinet.cl\/sitio\/2025\/05\/07\/el-ario-perfecto-el-agente-sovietico-invisible-nikolai-kuznetsov-que-diezmo-a-nazis-en-la-retaguardia\/\" \/>\n<meta property=\"og:site_name\" content=\"Nuestro Bio B\u00edo\" \/>\n<meta property=\"article:published_time\" content=\"2025-05-07T20:07:56+00:00\" \/>\n<meta property=\"og:image\" content=\"https:\/\/www.fraczinet.cl\/sitio\/wp-content\/uploads\/2025\/05\/Dmitri-Medvedev.png\" \/>\n\t<meta property=\"og:image:width\" content=\"326\" \/>\n\t<meta property=\"og:image:height\" content=\"536\" \/>\n\t<meta property=\"og:image:type\" content=\"image\/png\" \/>\n<meta name=\"author\" content=\"admin\" \/>\n<meta name=\"twitter:card\" content=\"summary_large_image\" \/>\n<meta name=\"twitter:creator\" content=\"@nuestrobiobio\" \/>\n<meta name=\"twitter:site\" content=\"@nuestrobiobio\" \/>\n<meta name=\"twitter:label1\" content=\"Escrito por\" \/>\n\t<meta name=\"twitter:data1\" content=\"admin\" \/>\n\t<meta name=\"twitter:label2\" content=\"Tiempo de lectura\" \/>\n\t<meta name=\"twitter:data2\" content=\"11 minutos\" \/>\n<script type=\"application\/ld+json\" class=\"yoast-schema-graph\">{\"@context\":\"https:\/\/schema.org\",\"@graph\":[{\"@type\":\"Article\",\"@id\":\"https:\/\/www.fraczinet.cl\/sitio\/2025\/05\/07\/el-ario-perfecto-el-agente-sovietico-invisible-nikolai-kuznetsov-que-diezmo-a-nazis-en-la-retaguardia\/#article\",\"isPartOf\":{\"@id\":\"https:\/\/www.fraczinet.cl\/sitio\/2025\/05\/07\/el-ario-perfecto-el-agente-sovietico-invisible-nikolai-kuznetsov-que-diezmo-a-nazis-en-la-retaguardia\/\"},\"author\":{\"name\":\"admin\",\"@id\":\"https:\/\/www.fraczinet.cl\/sitio\/#\/schema\/person\/bc30f98e9cb10ae7e119dbe14bc93784\"},\"headline\":\"El Ario Perfecto: El Agente Sovi\u00e9tico &#8216;invisible&#8217; Nikol\u00e1i Kuznetsov Que Diezm\u00f3 A Nazis En La Retaguardia\",\"datePublished\":\"2025-05-07T20:07:56+00:00\",\"mainEntityOfPage\":{\"@id\":\"https:\/\/www.fraczinet.cl\/sitio\/2025\/05\/07\/el-ario-perfecto-el-agente-sovietico-invisible-nikolai-kuznetsov-que-diezmo-a-nazis-en-la-retaguardia\/\"},\"wordCount\":2320,\"commentCount\":0,\"publisher\":{\"@id\":\"https:\/\/www.fraczinet.cl\/sitio\/#\/schema\/person\/aec8ee4da68df2b9b0eefdad24a0d582\"},\"image\":{\"@id\":\"https:\/\/www.fraczinet.cl\/sitio\/2025\/05\/07\/el-ario-perfecto-el-agente-sovietico-invisible-nikolai-kuznetsov-que-diezmo-a-nazis-en-la-retaguardia\/#primaryimage\"},\"thumbnailUrl\":\"https:\/\/www.fraczinet.cl\/sitio\/wp-content\/uploads\/2025\/05\/Dmitri-Medvedev.png\",\"articleSection\":[\"Historia\",\"Segunda Guerra Mundial\"],\"inLanguage\":\"es\",\"potentialAction\":[{\"@type\":\"CommentAction\",\"name\":\"Comment\",\"target\":[\"https:\/\/www.fraczinet.cl\/sitio\/2025\/05\/07\/el-ario-perfecto-el-agente-sovietico-invisible-nikolai-kuznetsov-que-diezmo-a-nazis-en-la-retaguardia\/#respond\"]}]},{\"@type\":\"WebPage\",\"@id\":\"https:\/\/www.fraczinet.cl\/sitio\/2025\/05\/07\/el-ario-perfecto-el-agente-sovietico-invisible-nikolai-kuznetsov-que-diezmo-a-nazis-en-la-retaguardia\/\",\"url\":\"https:\/\/www.fraczinet.cl\/sitio\/2025\/05\/07\/el-ario-perfecto-el-agente-sovietico-invisible-nikolai-kuznetsov-que-diezmo-a-nazis-en-la-retaguardia\/\",\"name\":\"El Ario Perfecto: El Agente Sovi\u00e9tico 'invisible' Nikol\u00e1i Kuznetsov Que Diezm\u00f3 A Nazis En La Retaguardia - Nuestro Bio B\u00edo\",\"isPartOf\":{\"@id\":\"https:\/\/www.fraczinet.cl\/sitio\/#website\"},\"primaryImageOfPage\":{\"@id\":\"https:\/\/www.fraczinet.cl\/sitio\/2025\/05\/07\/el-ario-perfecto-el-agente-sovietico-invisible-nikolai-kuznetsov-que-diezmo-a-nazis-en-la-retaguardia\/#primaryimage\"},\"image\":{\"@id\":\"https:\/\/www.fraczinet.cl\/sitio\/2025\/05\/07\/el-ario-perfecto-el-agente-sovietico-invisible-nikolai-kuznetsov-que-diezmo-a-nazis-en-la-retaguardia\/#primaryimage\"},\"thumbnailUrl\":\"https:\/\/www.fraczinet.cl\/sitio\/wp-content\/uploads\/2025\/05\/Dmitri-Medvedev.png\",\"datePublished\":\"2025-05-07T20:07:56+00:00\",\"description\":\"\\\"Que los fascistas sepan de lo que es capaz un patriota ruso y un bolchevique. Que sepan que es imposible conquistar a nuestro pueblo, como es imposible apagar el sol\\\", era el mensaje del partisano.\",\"breadcrumb\":{\"@id\":\"https:\/\/www.fraczinet.cl\/sitio\/2025\/05\/07\/el-ario-perfecto-el-agente-sovietico-invisible-nikolai-kuznetsov-que-diezmo-a-nazis-en-la-retaguardia\/#breadcrumb\"},\"inLanguage\":\"es\",\"potentialAction\":[{\"@type\":\"ReadAction\",\"target\":[\"https:\/\/www.fraczinet.cl\/sitio\/2025\/05\/07\/el-ario-perfecto-el-agente-sovietico-invisible-nikolai-kuznetsov-que-diezmo-a-nazis-en-la-retaguardia\/\"]}]},{\"@type\":\"ImageObject\",\"inLanguage\":\"es\",\"@id\":\"https:\/\/www.fraczinet.cl\/sitio\/2025\/05\/07\/el-ario-perfecto-el-agente-sovietico-invisible-nikolai-kuznetsov-que-diezmo-a-nazis-en-la-retaguardia\/#primaryimage\",\"url\":\"https:\/\/www.fraczinet.cl\/sitio\/wp-content\/uploads\/2025\/05\/Dmitri-Medvedev.png\",\"contentUrl\":\"https:\/\/www.fraczinet.cl\/sitio\/wp-content\/uploads\/2025\/05\/Dmitri-Medvedev.png\",\"width\":326,\"height\":536,\"caption\":\"Nikol\u00e1i Kuznetsov.\"},{\"@type\":\"BreadcrumbList\",\"@id\":\"https:\/\/www.fraczinet.cl\/sitio\/2025\/05\/07\/el-ario-perfecto-el-agente-sovietico-invisible-nikolai-kuznetsov-que-diezmo-a-nazis-en-la-retaguardia\/#breadcrumb\",\"itemListElement\":[{\"@type\":\"ListItem\",\"position\":1,\"name\":\"Portada\",\"item\":\"https:\/\/www.fraczinet.cl\/sitio\/\"},{\"@type\":\"ListItem\",\"position\":2,\"name\":\"El Ario Perfecto: El Agente Sovi\u00e9tico &#8216;invisible&#8217; Nikol\u00e1i Kuznetsov Que Diezm\u00f3 A Nazis En La Retaguardia\"}]},{\"@type\":\"WebSite\",\"@id\":\"https:\/\/www.fraczinet.cl\/sitio\/#website\",\"url\":\"https:\/\/www.fraczinet.cl\/sitio\/\",\"name\":\"Nuestro Bio B\u00edo\",\"description\":\"Tierra de Encuentros\",\"publisher\":{\"@id\":\"https:\/\/www.fraczinet.cl\/sitio\/#\/schema\/person\/aec8ee4da68df2b9b0eefdad24a0d582\"},\"potentialAction\":[{\"@type\":\"SearchAction\",\"target\":{\"@type\":\"EntryPoint\",\"urlTemplate\":\"https:\/\/www.fraczinet.cl\/sitio\/?s={search_term_string}\"},\"query-input\":{\"@type\":\"PropertyValueSpecification\",\"valueRequired\":true,\"valueName\":\"search_term_string\"}}],\"inLanguage\":\"es\"},{\"@type\":[\"Person\",\"Organization\"],\"@id\":\"https:\/\/www.fraczinet.cl\/sitio\/#\/schema\/person\/aec8ee4da68df2b9b0eefdad24a0d582\",\"name\":\"Luis Fernando Fraczinet\",\"image\":{\"@type\":\"ImageObject\",\"inLanguage\":\"es\",\"@id\":\"https:\/\/www.fraczinet.cl\/sitio\/#\/schema\/person\/image\/\",\"url\":\"https:\/\/www.fraczinet.cl\/sitio\/wp-content\/uploads\/2021\/07\/bannerlogo-1.gif\",\"contentUrl\":\"https:\/\/www.fraczinet.cl\/sitio\/wp-content\/uploads\/2021\/07\/bannerlogo-1.gif\",\"width\":159,\"height\":79,\"caption\":\"Luis Fernando Fraczinet\"},\"logo\":{\"@id\":\"https:\/\/www.fraczinet.cl\/sitio\/#\/schema\/person\/image\/\"},\"sameAs\":[\"https:\/\/www.fraczinet.cl\/sitio\/\"]},{\"@type\":\"Person\",\"@id\":\"https:\/\/www.fraczinet.cl\/sitio\/#\/schema\/person\/bc30f98e9cb10ae7e119dbe14bc93784\",\"name\":\"admin\",\"image\":{\"@type\":\"ImageObject\",\"inLanguage\":\"es\",\"@id\":\"https:\/\/www.fraczinet.cl\/sitio\/#\/schema\/person\/image\/\",\"url\":\"https:\/\/secure.gravatar.com\/avatar\/d5ad3cf7ef3b23a2bb5be73be780c86b2fc8545c3ad6b149f3913ff458c00099?s=96&d=mm&r=g\",\"contentUrl\":\"https:\/\/secure.gravatar.com\/avatar\/d5ad3cf7ef3b23a2bb5be73be780c86b2fc8545c3ad6b149f3913ff458c00099?s=96&d=mm&r=g\",\"caption\":\"admin\"},\"sameAs\":[\"https:\/\/www.fraczinet.cl\/sitio\"]}]}<\/script>\n<!-- \/ Yoast SEO plugin. -->","yoast_head_json":{"title":"El Ario Perfecto: El Agente Sovi\u00e9tico 'invisible' Nikol\u00e1i Kuznetsov Que Diezm\u00f3 A Nazis En La Retaguardia - Nuestro Bio B\u00edo","description":"\"Que los fascistas sepan de lo que es capaz un patriota ruso y un bolchevique. Que sepan que es imposible conquistar a nuestro pueblo, como es imposible apagar el sol\", era el mensaje del partisano.","robots":{"index":"index","follow":"follow","max-snippet":"max-snippet:-1","max-image-preview":"max-image-preview:large","max-video-preview":"max-video-preview:-1"},"canonical":"https:\/\/www.fraczinet.cl\/sitio\/2025\/05\/07\/el-ario-perfecto-el-agente-sovietico-invisible-nikolai-kuznetsov-que-diezmo-a-nazis-en-la-retaguardia\/","og_locale":"es_ES","og_type":"article","og_title":"El Ario Perfecto: El Agente Sovi\u00e9tico 'invisible' Nikol\u00e1i Kuznetsov Que Diezm\u00f3 A Nazis En La Retaguardia - Nuestro Bio B\u00edo","og_description":"\"Que los fascistas sepan de lo que es capaz un patriota ruso y un bolchevique. Que sepan que es imposible conquistar a nuestro pueblo, como es imposible apagar el sol\", era el mensaje del partisano.","og_url":"https:\/\/www.fraczinet.cl\/sitio\/2025\/05\/07\/el-ario-perfecto-el-agente-sovietico-invisible-nikolai-kuznetsov-que-diezmo-a-nazis-en-la-retaguardia\/","og_site_name":"Nuestro Bio B\u00edo","article_published_time":"2025-05-07T20:07:56+00:00","og_image":[{"width":326,"height":536,"url":"https:\/\/www.fraczinet.cl\/sitio\/wp-content\/uploads\/2025\/05\/Dmitri-Medvedev.png","type":"image\/png"}],"author":"admin","twitter_card":"summary_large_image","twitter_creator":"@nuestrobiobio","twitter_site":"@nuestrobiobio","twitter_misc":{"Escrito por":"admin","Tiempo de lectura":"11 minutos"},"schema":{"@context":"https:\/\/schema.org","@graph":[{"@type":"Article","@id":"https:\/\/www.fraczinet.cl\/sitio\/2025\/05\/07\/el-ario-perfecto-el-agente-sovietico-invisible-nikolai-kuznetsov-que-diezmo-a-nazis-en-la-retaguardia\/#article","isPartOf":{"@id":"https:\/\/www.fraczinet.cl\/sitio\/2025\/05\/07\/el-ario-perfecto-el-agente-sovietico-invisible-nikolai-kuznetsov-que-diezmo-a-nazis-en-la-retaguardia\/"},"author":{"name":"admin","@id":"https:\/\/www.fraczinet.cl\/sitio\/#\/schema\/person\/bc30f98e9cb10ae7e119dbe14bc93784"},"headline":"El Ario Perfecto: El Agente Sovi\u00e9tico &#8216;invisible&#8217; Nikol\u00e1i Kuznetsov Que Diezm\u00f3 A Nazis En La Retaguardia","datePublished":"2025-05-07T20:07:56+00:00","mainEntityOfPage":{"@id":"https:\/\/www.fraczinet.cl\/sitio\/2025\/05\/07\/el-ario-perfecto-el-agente-sovietico-invisible-nikolai-kuznetsov-que-diezmo-a-nazis-en-la-retaguardia\/"},"wordCount":2320,"commentCount":0,"publisher":{"@id":"https:\/\/www.fraczinet.cl\/sitio\/#\/schema\/person\/aec8ee4da68df2b9b0eefdad24a0d582"},"image":{"@id":"https:\/\/www.fraczinet.cl\/sitio\/2025\/05\/07\/el-ario-perfecto-el-agente-sovietico-invisible-nikolai-kuznetsov-que-diezmo-a-nazis-en-la-retaguardia\/#primaryimage"},"thumbnailUrl":"https:\/\/www.fraczinet.cl\/sitio\/wp-content\/uploads\/2025\/05\/Dmitri-Medvedev.png","articleSection":["Historia","Segunda Guerra Mundial"],"inLanguage":"es","potentialAction":[{"@type":"CommentAction","name":"Comment","target":["https:\/\/www.fraczinet.cl\/sitio\/2025\/05\/07\/el-ario-perfecto-el-agente-sovietico-invisible-nikolai-kuznetsov-que-diezmo-a-nazis-en-la-retaguardia\/#respond"]}]},{"@type":"WebPage","@id":"https:\/\/www.fraczinet.cl\/sitio\/2025\/05\/07\/el-ario-perfecto-el-agente-sovietico-invisible-nikolai-kuznetsov-que-diezmo-a-nazis-en-la-retaguardia\/","url":"https:\/\/www.fraczinet.cl\/sitio\/2025\/05\/07\/el-ario-perfecto-el-agente-sovietico-invisible-nikolai-kuznetsov-que-diezmo-a-nazis-en-la-retaguardia\/","name":"El Ario Perfecto: El Agente Sovi\u00e9tico 'invisible' Nikol\u00e1i Kuznetsov Que Diezm\u00f3 A Nazis En La Retaguardia - Nuestro Bio B\u00edo","isPartOf":{"@id":"https:\/\/www.fraczinet.cl\/sitio\/#website"},"primaryImageOfPage":{"@id":"https:\/\/www.fraczinet.cl\/sitio\/2025\/05\/07\/el-ario-perfecto-el-agente-sovietico-invisible-nikolai-kuznetsov-que-diezmo-a-nazis-en-la-retaguardia\/#primaryimage"},"image":{"@id":"https:\/\/www.fraczinet.cl\/sitio\/2025\/05\/07\/el-ario-perfecto-el-agente-sovietico-invisible-nikolai-kuznetsov-que-diezmo-a-nazis-en-la-retaguardia\/#primaryimage"},"thumbnailUrl":"https:\/\/www.fraczinet.cl\/sitio\/wp-content\/uploads\/2025\/05\/Dmitri-Medvedev.png","datePublished":"2025-05-07T20:07:56+00:00","description":"\"Que los fascistas sepan de lo que es capaz un patriota ruso y un bolchevique. Que sepan que es imposible conquistar a nuestro pueblo, como es imposible apagar el sol\", era el mensaje del partisano.","breadcrumb":{"@id":"https:\/\/www.fraczinet.cl\/sitio\/2025\/05\/07\/el-ario-perfecto-el-agente-sovietico-invisible-nikolai-kuznetsov-que-diezmo-a-nazis-en-la-retaguardia\/#breadcrumb"},"inLanguage":"es","potentialAction":[{"@type":"ReadAction","target":["https:\/\/www.fraczinet.cl\/sitio\/2025\/05\/07\/el-ario-perfecto-el-agente-sovietico-invisible-nikolai-kuznetsov-que-diezmo-a-nazis-en-la-retaguardia\/"]}]},{"@type":"ImageObject","inLanguage":"es","@id":"https:\/\/www.fraczinet.cl\/sitio\/2025\/05\/07\/el-ario-perfecto-el-agente-sovietico-invisible-nikolai-kuznetsov-que-diezmo-a-nazis-en-la-retaguardia\/#primaryimage","url":"https:\/\/www.fraczinet.cl\/sitio\/wp-content\/uploads\/2025\/05\/Dmitri-Medvedev.png","contentUrl":"https:\/\/www.fraczinet.cl\/sitio\/wp-content\/uploads\/2025\/05\/Dmitri-Medvedev.png","width":326,"height":536,"caption":"Nikol\u00e1i Kuznetsov."},{"@type":"BreadcrumbList","@id":"https:\/\/www.fraczinet.cl\/sitio\/2025\/05\/07\/el-ario-perfecto-el-agente-sovietico-invisible-nikolai-kuznetsov-que-diezmo-a-nazis-en-la-retaguardia\/#breadcrumb","itemListElement":[{"@type":"ListItem","position":1,"name":"Portada","item":"https:\/\/www.fraczinet.cl\/sitio\/"},{"@type":"ListItem","position":2,"name":"El Ario Perfecto: El Agente Sovi\u00e9tico &#8216;invisible&#8217; Nikol\u00e1i Kuznetsov Que Diezm\u00f3 A Nazis En La Retaguardia"}]},{"@type":"WebSite","@id":"https:\/\/www.fraczinet.cl\/sitio\/#website","url":"https:\/\/www.fraczinet.cl\/sitio\/","name":"Nuestro Bio B\u00edo","description":"Tierra de Encuentros","publisher":{"@id":"https:\/\/www.fraczinet.cl\/sitio\/#\/schema\/person\/aec8ee4da68df2b9b0eefdad24a0d582"},"potentialAction":[{"@type":"SearchAction","target":{"@type":"EntryPoint","urlTemplate":"https:\/\/www.fraczinet.cl\/sitio\/?s={search_term_string}"},"query-input":{"@type":"PropertyValueSpecification","valueRequired":true,"valueName":"search_term_string"}}],"inLanguage":"es"},{"@type":["Person","Organization"],"@id":"https:\/\/www.fraczinet.cl\/sitio\/#\/schema\/person\/aec8ee4da68df2b9b0eefdad24a0d582","name":"Luis Fernando Fraczinet","image":{"@type":"ImageObject","inLanguage":"es","@id":"https:\/\/www.fraczinet.cl\/sitio\/#\/schema\/person\/image\/","url":"https:\/\/www.fraczinet.cl\/sitio\/wp-content\/uploads\/2021\/07\/bannerlogo-1.gif","contentUrl":"https:\/\/www.fraczinet.cl\/sitio\/wp-content\/uploads\/2021\/07\/bannerlogo-1.gif","width":159,"height":79,"caption":"Luis Fernando Fraczinet"},"logo":{"@id":"https:\/\/www.fraczinet.cl\/sitio\/#\/schema\/person\/image\/"},"sameAs":["https:\/\/www.fraczinet.cl\/sitio\/"]},{"@type":"Person","@id":"https:\/\/www.fraczinet.cl\/sitio\/#\/schema\/person\/bc30f98e9cb10ae7e119dbe14bc93784","name":"admin","image":{"@type":"ImageObject","inLanguage":"es","@id":"https:\/\/www.fraczinet.cl\/sitio\/#\/schema\/person\/image\/","url":"https:\/\/secure.gravatar.com\/avatar\/d5ad3cf7ef3b23a2bb5be73be780c86b2fc8545c3ad6b149f3913ff458c00099?s=96&d=mm&r=g","contentUrl":"https:\/\/secure.gravatar.com\/avatar\/d5ad3cf7ef3b23a2bb5be73be780c86b2fc8545c3ad6b149f3913ff458c00099?s=96&d=mm&r=g","caption":"admin"},"sameAs":["https:\/\/www.fraczinet.cl\/sitio"]}]}},"_links":{"self":[{"href":"https:\/\/www.fraczinet.cl\/sitio\/wp-json\/wp\/v2\/posts\/16289","targetHints":{"allow":["GET"]}}],"collection":[{"href":"https:\/\/www.fraczinet.cl\/sitio\/wp-json\/wp\/v2\/posts"}],"about":[{"href":"https:\/\/www.fraczinet.cl\/sitio\/wp-json\/wp\/v2\/types\/post"}],"author":[{"embeddable":true,"href":"https:\/\/www.fraczinet.cl\/sitio\/wp-json\/wp\/v2\/users\/1"}],"replies":[{"embeddable":true,"href":"https:\/\/www.fraczinet.cl\/sitio\/wp-json\/wp\/v2\/comments?post=16289"}],"version-history":[{"count":1,"href":"https:\/\/www.fraczinet.cl\/sitio\/wp-json\/wp\/v2\/posts\/16289\/revisions"}],"predecessor-version":[{"id":16292,"href":"https:\/\/www.fraczinet.cl\/sitio\/wp-json\/wp\/v2\/posts\/16289\/revisions\/16292"}],"wp:featuredmedia":[{"embeddable":true,"href":"https:\/\/www.fraczinet.cl\/sitio\/wp-json\/wp\/v2\/media\/16291"}],"wp:attachment":[{"href":"https:\/\/www.fraczinet.cl\/sitio\/wp-json\/wp\/v2\/media?parent=16289"}],"wp:term":[{"taxonomy":"category","embeddable":true,"href":"https:\/\/www.fraczinet.cl\/sitio\/wp-json\/wp\/v2\/categories?post=16289"},{"taxonomy":"post_tag","embeddable":true,"href":"https:\/\/www.fraczinet.cl\/sitio\/wp-json\/wp\/v2\/tags?post=16289"}],"curies":[{"name":"wp","href":"https:\/\/api.w.org\/{rel}","templated":true}]}}