{"id":16294,"date":"2025-05-28T00:13:52","date_gmt":"2025-05-28T00:13:52","guid":{"rendered":"https:\/\/www.fraczinet.cl\/sitio\/?p=16294"},"modified":"2025-05-28T00:13:52","modified_gmt":"2025-05-28T00:13:52","slug":"la-razon-por-la-que-bolivar-gano-el-titulo-mas-glorioso-que-el-cetro-de-todos-los-imperios-de-la-tierra","status":"publish","type":"post","link":"https:\/\/www.fraczinet.cl\/sitio\/2025\/05\/28\/la-razon-por-la-que-bolivar-gano-el-titulo-mas-glorioso-que-el-cetro-de-todos-los-imperios-de-la-tierra\/","title":{"rendered":"La Raz\u00f3n Por La Que Bol\u00edvar Gan\u00f3 El T\u00edtulo M\u00e1s Glorioso Que \u00abEl Cetro De Todos Los Imperios De La Tierra\u00bb"},"content":{"rendered":"<p><strong>El padre de la independencia de cinco naciones latinoamericanas fue reconocido en vida por su lucha en contra de la monarqu\u00eda espa\u00f1ola.<\/strong><\/p>\n<figure id=\"attachment_16295\" aria-describedby=\"caption-attachment-16295\" style=\"width: 640px\" class=\"wp-caption aligncenter\"><img fetchpriority=\"high\" decoding=\"async\" class=\"wp-image-16295 size-large\" src=\"https:\/\/www.fraczinet.cl\/sitio\/wp-content\/uploads\/2025\/05\/Libertador-Simon-Bolivar-712x1024.jpg\" alt=\"Retrato de Sim\u00f3n Bol\u00edvar del pintor peruano Daniel Hern\u00e1ndez.\" width=\"640\" height=\"920\" srcset=\"https:\/\/www.fraczinet.cl\/sitio\/wp-content\/uploads\/2025\/05\/Libertador-Simon-Bolivar-712x1024.jpg 712w, https:\/\/www.fraczinet.cl\/sitio\/wp-content\/uploads\/2025\/05\/Libertador-Simon-Bolivar-209x300.jpg 209w, https:\/\/www.fraczinet.cl\/sitio\/wp-content\/uploads\/2025\/05\/Libertador-Simon-Bolivar-768x1105.jpg 768w, https:\/\/www.fraczinet.cl\/sitio\/wp-content\/uploads\/2025\/05\/Libertador-Simon-Bolivar-1068x1536.jpg 1068w, https:\/\/www.fraczinet.cl\/sitio\/wp-content\/uploads\/2025\/05\/Libertador-Simon-Bolivar.jpg 1104w\" sizes=\"(max-width: 640px) 100vw, 640px\" \/><figcaption id=\"caption-attachment-16295\" class=\"wp-caption-text\">Retrato de Sim\u00f3n Bol\u00edvar del pintor peruano Daniel Hern\u00e1ndez.<\/figcaption><\/figure>\n<p><span style=\"font-weight: 400;\">Cuando se habla de Sim\u00f3n Bol\u00edvar, se le llama indistintamente por su apellido o por uno de los t\u00edtulos que lo han acompa\u00f1ado en la posteridad y que lo definen plenamente: Libertador.<\/span><\/p>\n<p>&nbsp;<\/p>\n<p><span style=\"font-weight: 400;\">El 23 de mayo de 1813, Bol\u00edvar entr\u00f3 a la ciudad de M\u00e9rida (actual estado del mismo nombre). Durante ese a\u00f1o hab\u00eda estado al frente de la Campa\u00f1a Admirable \u2014una gesta que marc\u00f3 un punto de inflexi\u00f3n en la guerra de independencia\u2014 desde la Nueva Granada, donde se exili\u00f3 tras la p\u00e9rdida de la primera Rep\u00fablica en Venezuela.<\/span><\/p>\n<p>&nbsp;<\/p>\n<p><span style=\"font-weight: 400;\">Como parte de esta maniobra militar de largo aliento que buscaba hacerse con el occidente venezolano, Bol\u00edvar arrib\u00f3 a M\u00e9rida, uno de los estados occidentales atravesado por la cordillera de los Andes.<\/span><\/p>\n<p>&nbsp;<\/p>\n<h4><strong>La Entrada Triunfal A M\u00e9rida<\/strong><\/h4>\n<p>&nbsp;<\/p>\n<p><span style=\"font-weight: 400;\">Una vez en M\u00e9rida, fue aclamado por el pueblo como Libertador, que lo recibi\u00f3 entre v\u00edtores. Esa ciudad hab\u00eda sido parcialmente destruida por un terremoto en 1812, por lo que su llegada caus\u00f3 gran emoci\u00f3n entre la poblaci\u00f3n, que viv\u00eda entre ruinas.<\/span><\/p>\n<p>&nbsp;<\/p>\n<p><span style=\"font-weight: 400;\">El escritor e historiador meride\u00f1o Tulio Febres-Cordero (1860-1938) public\u00f3 un texto cargado de poes\u00eda para referirse a la presencia del Libertador en su terru\u00f1o, recoge Frontera Digital:<\/span><\/p>\n<p>&nbsp;<\/p>\n<p><strong><em>\u00abEn una hermosa ma\u00f1ana de mayo, el mes de las flores por excelencia, la ciudad melanc\u00f3lica se alegra, sus desiertas calles se llenan de gente, las campanas se echan al vuelo, y en los balcones y ventanas de sus casas semiar\u00e1bigas, brillan ardientes y seductores entre dulces sonrisas, los negros ojos de recatadas doncellas, que esperan anhelantes el desfile de la vistosa comitiva, donde viene el guerrero afortunado, el caballero de la Torre de Plata y de la Celeste Espada. Es Bol\u00edvar que llega.\u00bb<\/em><\/strong><\/p>\n<p>&nbsp;<\/p>\n<p><span style=\"font-weight: 400;\">Febres-Cordero, en su texto, agreg\u00f3 que Bol\u00edvar fue recibido \u00aben asamblea p\u00fablica\u00bb en la casa Consistorial, tanto por \u00ab<em>patricios, togados y sacerdotes, revestidos de imponente gravedad y con los corazones henchidos de gratitud y simpat\u00eda<\/em>\u00ab.<\/span><\/p>\n<p>&nbsp;<\/p>\n<p><span style=\"font-weight: 400;\">Ante esta bienvenida, el Libertador pronunci\u00f3 un \u00abbreve y elocuente discurso\u00bb, donde destacaba: \u00ab<em>Permitidme se\u00f1ores expresar los sentimientos de j\u00fabilo que experimenta mi coraz\u00f3n al verme rodeado de tan esclarecidos y virtuosos ciudadanos, los que form\u00e1is la representaci\u00f3n popular de esta patri\u00f3tica ciudad, que por sus propios esfuerzos ha tenido la dicha de arrojar de su seno a los tiranos que la oprim\u00edan<\/em>\u00ab.<\/span><\/p>\n<p>&nbsp;<\/p>\n<p><span style=\"font-weight: 400;\">Tras estas palabras, prosigue Febres-Cordero: \u00ab<em>y enseguida aquella asamblea de pr\u00f3ceres y todo el pueblo, agolpado frente a la casa Consistorial, gritaron: &#8216;\u00a1Viva Bol\u00edvar!&#8217; &#8216;\u00a1Viva El Libertador!&#8217;, quedando as\u00ed con este calificativo el futuro fundador de cinco naciones soberanas<\/em>\u00ab.<\/span><\/p>\n<p>&nbsp;<\/p>\n<p><span style=\"font-weight: 400;\">Sobre su arribo, el propio Bol\u00edvar escribi\u00f3 el 24 de mayo de 1813: \u00ab<em>Ayer he tenido la satisfacci\u00f3n de entrar a esta ciudad, capital de la Provincia de M\u00e9rida, donde se hallaban ya la vanguardia, centro y retaguardia del Ej\u00e9rcito<\/em>\u00ab.<\/span><\/p>\n<p>&nbsp;<\/p>\n<h4><strong>El Libertador De Am\u00e9rica<\/strong><\/h4>\n<p>&nbsp;<\/p>\n<p><span style=\"font-weight: 400;\">Este t\u00edtulo de &#8216;Libertador de Venezuela&#8217; fue otorgado oficialmente a Bol\u00edvar el 14 de octubre de ese a\u00f1o por la Municipalidad de Caracas. D\u00edas despu\u00e9s, escribi\u00f3 Bol\u00edvar: \u00ab<em>Vuestras se\u00f1or\u00edas me aclaman capit\u00e1n general de los Ej\u00e9rcitos y Libertador de Venezuela: t\u00edtulo m\u00e1s glorioso y satisfactorio para m\u00ed, que el cetro de todos los imperios de la tierra<\/em>\u00ab.<\/span><\/p>\n<p>&nbsp;<\/p>\n<p><span style=\"font-weight: 400;\">La raz\u00f3n para otorgarle esa distinci\u00f3n, seg\u00fan las autoridades de la Municipalidad, fue su victoria y el \u00abhaber dejado deshechas y aniquiladas las fuerzas enemigas que vinieron \u00faltimamente de Espa\u00f1a\u00bb, seg\u00fan la Biblioteca Cervantes.<\/span><\/p>\n<p>&nbsp;<\/p>\n<p><strong>Fuente: <a href=\"https:\/\/actualidad.rt.com\/actualidad\/550716-bolivar-ganar-titulo-glorioso-cetro-tierra\">RT Actualidad<\/a><\/strong><\/p>\n","protected":false},"excerpt":{"rendered":"<p>El padre de la independencia de cinco naciones latinoamericanas fue reconocido en vida por su lucha en contra de la monarqu\u00eda espa\u00f1ola.<\/p>\n","protected":false},"author":1,"featured_media":16295,"comment_status":"open","ping_status":"closed","sticky":false,"template":"","format":"standard","meta":{"footnotes":""},"categories":[10,427,408],"tags":[],"class_list":["post-16294","post","type-post","status-publish","format-standard","has-post-thumbnail","hentry","category-historia","category-independencia","category-simon-bolivar"],"yoast_head":"<!-- This site is optimized with the Yoast SEO plugin v25.0 - https:\/\/yoast.com\/wordpress\/plugins\/seo\/ -->\n<title>La Raz\u00f3n Por La Que Bol\u00edvar Gan\u00f3 El T\u00edtulo M\u00e1s Glorioso Que &quot;El Cetro De Todos Los Imperios De La Tierra&quot; - Nuestro Bio B\u00edo<\/title>\n<meta name=\"description\" content=\"El padre de la independencia de cinco naciones latinoamericanas fue reconocido en vida por su lucha en contra de la monarqu\u00eda espa\u00f1ola.\" \/>\n<meta name=\"robots\" content=\"index, follow, max-snippet:-1, max-image-preview:large, max-video-preview:-1\" \/>\n<link rel=\"canonical\" href=\"https:\/\/www.fraczinet.cl\/sitio\/2025\/05\/28\/la-razon-por-la-que-bolivar-gano-el-titulo-mas-glorioso-que-el-cetro-de-todos-los-imperios-de-la-tierra\/\" \/>\n<meta property=\"og:locale\" content=\"es_ES\" \/>\n<meta property=\"og:type\" content=\"article\" \/>\n<meta property=\"og:title\" content=\"La Raz\u00f3n Por La Que Bol\u00edvar Gan\u00f3 El T\u00edtulo M\u00e1s Glorioso Que &quot;El Cetro De Todos Los Imperios De La Tierra&quot; - Nuestro Bio B\u00edo\" \/>\n<meta property=\"og:description\" content=\"El padre de la independencia de cinco naciones latinoamericanas fue reconocido en vida por su lucha en contra de la monarqu\u00eda espa\u00f1ola.\" \/>\n<meta property=\"og:url\" content=\"https:\/\/www.fraczinet.cl\/sitio\/2025\/05\/28\/la-razon-por-la-que-bolivar-gano-el-titulo-mas-glorioso-que-el-cetro-de-todos-los-imperios-de-la-tierra\/\" \/>\n<meta property=\"og:site_name\" content=\"Nuestro Bio B\u00edo\" \/>\n<meta property=\"article:published_time\" content=\"2025-05-28T00:13:52+00:00\" \/>\n<meta property=\"og:image\" content=\"https:\/\/www.fraczinet.cl\/sitio\/wp-content\/uploads\/2025\/05\/Libertador-Simon-Bolivar.jpg\" \/>\n\t<meta property=\"og:image:width\" content=\"1104\" \/>\n\t<meta property=\"og:image:height\" content=\"1588\" \/>\n\t<meta property=\"og:image:type\" content=\"image\/jpeg\" \/>\n<meta name=\"author\" content=\"admin\" \/>\n<meta name=\"twitter:card\" content=\"summary_large_image\" \/>\n<meta name=\"twitter:creator\" content=\"@nuestrobiobio\" \/>\n<meta name=\"twitter:site\" content=\"@nuestrobiobio\" \/>\n<meta name=\"twitter:label1\" content=\"Escrito por\" \/>\n\t<meta name=\"twitter:data1\" content=\"admin\" \/>\n\t<meta name=\"twitter:label2\" content=\"Tiempo de lectura\" \/>\n\t<meta name=\"twitter:data2\" content=\"4 minutos\" \/>\n<script type=\"application\/ld+json\" class=\"yoast-schema-graph\">{\"@context\":\"https:\/\/schema.org\",\"@graph\":[{\"@type\":\"Article\",\"@id\":\"https:\/\/www.fraczinet.cl\/sitio\/2025\/05\/28\/la-razon-por-la-que-bolivar-gano-el-titulo-mas-glorioso-que-el-cetro-de-todos-los-imperios-de-la-tierra\/#article\",\"isPartOf\":{\"@id\":\"https:\/\/www.fraczinet.cl\/sitio\/2025\/05\/28\/la-razon-por-la-que-bolivar-gano-el-titulo-mas-glorioso-que-el-cetro-de-todos-los-imperios-de-la-tierra\/\"},\"author\":{\"name\":\"admin\",\"@id\":\"https:\/\/www.fraczinet.cl\/sitio\/#\/schema\/person\/bc30f98e9cb10ae7e119dbe14bc93784\"},\"headline\":\"La Raz\u00f3n Por La Que Bol\u00edvar Gan\u00f3 El T\u00edtulo M\u00e1s Glorioso Que \u00abEl Cetro De Todos Los Imperios De La Tierra\u00bb\",\"datePublished\":\"2025-05-28T00:13:52+00:00\",\"mainEntityOfPage\":{\"@id\":\"https:\/\/www.fraczinet.cl\/sitio\/2025\/05\/28\/la-razon-por-la-que-bolivar-gano-el-titulo-mas-glorioso-que-el-cetro-de-todos-los-imperios-de-la-tierra\/\"},\"wordCount\":697,\"commentCount\":0,\"publisher\":{\"@id\":\"https:\/\/www.fraczinet.cl\/sitio\/#\/schema\/person\/aec8ee4da68df2b9b0eefdad24a0d582\"},\"image\":{\"@id\":\"https:\/\/www.fraczinet.cl\/sitio\/2025\/05\/28\/la-razon-por-la-que-bolivar-gano-el-titulo-mas-glorioso-que-el-cetro-de-todos-los-imperios-de-la-tierra\/#primaryimage\"},\"thumbnailUrl\":\"https:\/\/www.fraczinet.cl\/sitio\/wp-content\/uploads\/2025\/05\/Libertador-Simon-Bolivar.jpg\",\"articleSection\":[\"Historia\",\"Independencia\",\"Sim\u00f3n Bolivar\"],\"inLanguage\":\"es\",\"potentialAction\":[{\"@type\":\"CommentAction\",\"name\":\"Comment\",\"target\":[\"https:\/\/www.fraczinet.cl\/sitio\/2025\/05\/28\/la-razon-por-la-que-bolivar-gano-el-titulo-mas-glorioso-que-el-cetro-de-todos-los-imperios-de-la-tierra\/#respond\"]}]},{\"@type\":\"WebPage\",\"@id\":\"https:\/\/www.fraczinet.cl\/sitio\/2025\/05\/28\/la-razon-por-la-que-bolivar-gano-el-titulo-mas-glorioso-que-el-cetro-de-todos-los-imperios-de-la-tierra\/\",\"url\":\"https:\/\/www.fraczinet.cl\/sitio\/2025\/05\/28\/la-razon-por-la-que-bolivar-gano-el-titulo-mas-glorioso-que-el-cetro-de-todos-los-imperios-de-la-tierra\/\",\"name\":\"La Raz\u00f3n Por La Que Bol\u00edvar Gan\u00f3 El T\u00edtulo M\u00e1s Glorioso Que \\\"El Cetro De Todos Los Imperios De La Tierra\\\" - Nuestro Bio B\u00edo\",\"isPartOf\":{\"@id\":\"https:\/\/www.fraczinet.cl\/sitio\/#website\"},\"primaryImageOfPage\":{\"@id\":\"https:\/\/www.fraczinet.cl\/sitio\/2025\/05\/28\/la-razon-por-la-que-bolivar-gano-el-titulo-mas-glorioso-que-el-cetro-de-todos-los-imperios-de-la-tierra\/#primaryimage\"},\"image\":{\"@id\":\"https:\/\/www.fraczinet.cl\/sitio\/2025\/05\/28\/la-razon-por-la-que-bolivar-gano-el-titulo-mas-glorioso-que-el-cetro-de-todos-los-imperios-de-la-tierra\/#primaryimage\"},\"thumbnailUrl\":\"https:\/\/www.fraczinet.cl\/sitio\/wp-content\/uploads\/2025\/05\/Libertador-Simon-Bolivar.jpg\",\"datePublished\":\"2025-05-28T00:13:52+00:00\",\"description\":\"El padre de la independencia de cinco naciones latinoamericanas fue reconocido en vida por su lucha en contra de la monarqu\u00eda espa\u00f1ola.\",\"breadcrumb\":{\"@id\":\"https:\/\/www.fraczinet.cl\/sitio\/2025\/05\/28\/la-razon-por-la-que-bolivar-gano-el-titulo-mas-glorioso-que-el-cetro-de-todos-los-imperios-de-la-tierra\/#breadcrumb\"},\"inLanguage\":\"es\",\"potentialAction\":[{\"@type\":\"ReadAction\",\"target\":[\"https:\/\/www.fraczinet.cl\/sitio\/2025\/05\/28\/la-razon-por-la-que-bolivar-gano-el-titulo-mas-glorioso-que-el-cetro-de-todos-los-imperios-de-la-tierra\/\"]}]},{\"@type\":\"ImageObject\",\"inLanguage\":\"es\",\"@id\":\"https:\/\/www.fraczinet.cl\/sitio\/2025\/05\/28\/la-razon-por-la-que-bolivar-gano-el-titulo-mas-glorioso-que-el-cetro-de-todos-los-imperios-de-la-tierra\/#primaryimage\",\"url\":\"https:\/\/www.fraczinet.cl\/sitio\/wp-content\/uploads\/2025\/05\/Libertador-Simon-Bolivar.jpg\",\"contentUrl\":\"https:\/\/www.fraczinet.cl\/sitio\/wp-content\/uploads\/2025\/05\/Libertador-Simon-Bolivar.jpg\",\"width\":1104,\"height\":1588,\"caption\":\"Retrato de Sim\u00f3n Bol\u00edvar del pintor peruano Daniel Hern\u00e1ndez.\"},{\"@type\":\"BreadcrumbList\",\"@id\":\"https:\/\/www.fraczinet.cl\/sitio\/2025\/05\/28\/la-razon-por-la-que-bolivar-gano-el-titulo-mas-glorioso-que-el-cetro-de-todos-los-imperios-de-la-tierra\/#breadcrumb\",\"itemListElement\":[{\"@type\":\"ListItem\",\"position\":1,\"name\":\"Portada\",\"item\":\"https:\/\/www.fraczinet.cl\/sitio\/\"},{\"@type\":\"ListItem\",\"position\":2,\"name\":\"La Raz\u00f3n Por La Que Bol\u00edvar Gan\u00f3 El T\u00edtulo M\u00e1s Glorioso Que \u00abEl Cetro De Todos Los Imperios De La Tierra\u00bb\"}]},{\"@type\":\"WebSite\",\"@id\":\"https:\/\/www.fraczinet.cl\/sitio\/#website\",\"url\":\"https:\/\/www.fraczinet.cl\/sitio\/\",\"name\":\"Nuestro Bio B\u00edo\",\"description\":\"Tierra de Encuentros\",\"publisher\":{\"@id\":\"https:\/\/www.fraczinet.cl\/sitio\/#\/schema\/person\/aec8ee4da68df2b9b0eefdad24a0d582\"},\"potentialAction\":[{\"@type\":\"SearchAction\",\"target\":{\"@type\":\"EntryPoint\",\"urlTemplate\":\"https:\/\/www.fraczinet.cl\/sitio\/?s={search_term_string}\"},\"query-input\":{\"@type\":\"PropertyValueSpecification\",\"valueRequired\":true,\"valueName\":\"search_term_string\"}}],\"inLanguage\":\"es\"},{\"@type\":[\"Person\",\"Organization\"],\"@id\":\"https:\/\/www.fraczinet.cl\/sitio\/#\/schema\/person\/aec8ee4da68df2b9b0eefdad24a0d582\",\"name\":\"Luis Fernando Fraczinet\",\"image\":{\"@type\":\"ImageObject\",\"inLanguage\":\"es\",\"@id\":\"https:\/\/www.fraczinet.cl\/sitio\/#\/schema\/person\/image\/\",\"url\":\"https:\/\/www.fraczinet.cl\/sitio\/wp-content\/uploads\/2021\/07\/bannerlogo-1.gif\",\"contentUrl\":\"https:\/\/www.fraczinet.cl\/sitio\/wp-content\/uploads\/2021\/07\/bannerlogo-1.gif\",\"width\":159,\"height\":79,\"caption\":\"Luis Fernando Fraczinet\"},\"logo\":{\"@id\":\"https:\/\/www.fraczinet.cl\/sitio\/#\/schema\/person\/image\/\"},\"sameAs\":[\"https:\/\/www.fraczinet.cl\/sitio\/\"]},{\"@type\":\"Person\",\"@id\":\"https:\/\/www.fraczinet.cl\/sitio\/#\/schema\/person\/bc30f98e9cb10ae7e119dbe14bc93784\",\"name\":\"admin\",\"image\":{\"@type\":\"ImageObject\",\"inLanguage\":\"es\",\"@id\":\"https:\/\/www.fraczinet.cl\/sitio\/#\/schema\/person\/image\/\",\"url\":\"https:\/\/secure.gravatar.com\/avatar\/d5ad3cf7ef3b23a2bb5be73be780c86b2fc8545c3ad6b149f3913ff458c00099?s=96&d=mm&r=g\",\"contentUrl\":\"https:\/\/secure.gravatar.com\/avatar\/d5ad3cf7ef3b23a2bb5be73be780c86b2fc8545c3ad6b149f3913ff458c00099?s=96&d=mm&r=g\",\"caption\":\"admin\"},\"sameAs\":[\"https:\/\/www.fraczinet.cl\/sitio\"]}]}<\/script>\n<!-- \/ Yoast SEO plugin. -->","yoast_head_json":{"title":"La Raz\u00f3n Por La Que Bol\u00edvar Gan\u00f3 El T\u00edtulo M\u00e1s Glorioso Que \"El Cetro De Todos Los Imperios De La Tierra\" - Nuestro Bio B\u00edo","description":"El padre de la independencia de cinco naciones latinoamericanas fue reconocido en vida por su lucha en contra de la monarqu\u00eda espa\u00f1ola.","robots":{"index":"index","follow":"follow","max-snippet":"max-snippet:-1","max-image-preview":"max-image-preview:large","max-video-preview":"max-video-preview:-1"},"canonical":"https:\/\/www.fraczinet.cl\/sitio\/2025\/05\/28\/la-razon-por-la-que-bolivar-gano-el-titulo-mas-glorioso-que-el-cetro-de-todos-los-imperios-de-la-tierra\/","og_locale":"es_ES","og_type":"article","og_title":"La Raz\u00f3n Por La Que Bol\u00edvar Gan\u00f3 El T\u00edtulo M\u00e1s Glorioso Que \"El Cetro De Todos Los Imperios De La Tierra\" - Nuestro Bio B\u00edo","og_description":"El padre de la independencia de cinco naciones latinoamericanas fue reconocido en vida por su lucha en contra de la monarqu\u00eda espa\u00f1ola.","og_url":"https:\/\/www.fraczinet.cl\/sitio\/2025\/05\/28\/la-razon-por-la-que-bolivar-gano-el-titulo-mas-glorioso-que-el-cetro-de-todos-los-imperios-de-la-tierra\/","og_site_name":"Nuestro Bio B\u00edo","article_published_time":"2025-05-28T00:13:52+00:00","og_image":[{"width":1104,"height":1588,"url":"https:\/\/www.fraczinet.cl\/sitio\/wp-content\/uploads\/2025\/05\/Libertador-Simon-Bolivar.jpg","type":"image\/jpeg"}],"author":"admin","twitter_card":"summary_large_image","twitter_creator":"@nuestrobiobio","twitter_site":"@nuestrobiobio","twitter_misc":{"Escrito por":"admin","Tiempo de lectura":"4 minutos"},"schema":{"@context":"https:\/\/schema.org","@graph":[{"@type":"Article","@id":"https:\/\/www.fraczinet.cl\/sitio\/2025\/05\/28\/la-razon-por-la-que-bolivar-gano-el-titulo-mas-glorioso-que-el-cetro-de-todos-los-imperios-de-la-tierra\/#article","isPartOf":{"@id":"https:\/\/www.fraczinet.cl\/sitio\/2025\/05\/28\/la-razon-por-la-que-bolivar-gano-el-titulo-mas-glorioso-que-el-cetro-de-todos-los-imperios-de-la-tierra\/"},"author":{"name":"admin","@id":"https:\/\/www.fraczinet.cl\/sitio\/#\/schema\/person\/bc30f98e9cb10ae7e119dbe14bc93784"},"headline":"La Raz\u00f3n Por La Que Bol\u00edvar Gan\u00f3 El T\u00edtulo M\u00e1s Glorioso Que \u00abEl Cetro De Todos Los Imperios De La Tierra\u00bb","datePublished":"2025-05-28T00:13:52+00:00","mainEntityOfPage":{"@id":"https:\/\/www.fraczinet.cl\/sitio\/2025\/05\/28\/la-razon-por-la-que-bolivar-gano-el-titulo-mas-glorioso-que-el-cetro-de-todos-los-imperios-de-la-tierra\/"},"wordCount":697,"commentCount":0,"publisher":{"@id":"https:\/\/www.fraczinet.cl\/sitio\/#\/schema\/person\/aec8ee4da68df2b9b0eefdad24a0d582"},"image":{"@id":"https:\/\/www.fraczinet.cl\/sitio\/2025\/05\/28\/la-razon-por-la-que-bolivar-gano-el-titulo-mas-glorioso-que-el-cetro-de-todos-los-imperios-de-la-tierra\/#primaryimage"},"thumbnailUrl":"https:\/\/www.fraczinet.cl\/sitio\/wp-content\/uploads\/2025\/05\/Libertador-Simon-Bolivar.jpg","articleSection":["Historia","Independencia","Sim\u00f3n Bolivar"],"inLanguage":"es","potentialAction":[{"@type":"CommentAction","name":"Comment","target":["https:\/\/www.fraczinet.cl\/sitio\/2025\/05\/28\/la-razon-por-la-que-bolivar-gano-el-titulo-mas-glorioso-que-el-cetro-de-todos-los-imperios-de-la-tierra\/#respond"]}]},{"@type":"WebPage","@id":"https:\/\/www.fraczinet.cl\/sitio\/2025\/05\/28\/la-razon-por-la-que-bolivar-gano-el-titulo-mas-glorioso-que-el-cetro-de-todos-los-imperios-de-la-tierra\/","url":"https:\/\/www.fraczinet.cl\/sitio\/2025\/05\/28\/la-razon-por-la-que-bolivar-gano-el-titulo-mas-glorioso-que-el-cetro-de-todos-los-imperios-de-la-tierra\/","name":"La Raz\u00f3n Por La Que Bol\u00edvar Gan\u00f3 El T\u00edtulo M\u00e1s Glorioso Que \"El Cetro De Todos Los Imperios De La Tierra\" - Nuestro Bio B\u00edo","isPartOf":{"@id":"https:\/\/www.fraczinet.cl\/sitio\/#website"},"primaryImageOfPage":{"@id":"https:\/\/www.fraczinet.cl\/sitio\/2025\/05\/28\/la-razon-por-la-que-bolivar-gano-el-titulo-mas-glorioso-que-el-cetro-de-todos-los-imperios-de-la-tierra\/#primaryimage"},"image":{"@id":"https:\/\/www.fraczinet.cl\/sitio\/2025\/05\/28\/la-razon-por-la-que-bolivar-gano-el-titulo-mas-glorioso-que-el-cetro-de-todos-los-imperios-de-la-tierra\/#primaryimage"},"thumbnailUrl":"https:\/\/www.fraczinet.cl\/sitio\/wp-content\/uploads\/2025\/05\/Libertador-Simon-Bolivar.jpg","datePublished":"2025-05-28T00:13:52+00:00","description":"El padre de la independencia de cinco naciones latinoamericanas fue reconocido en vida por su lucha en contra de la monarqu\u00eda espa\u00f1ola.","breadcrumb":{"@id":"https:\/\/www.fraczinet.cl\/sitio\/2025\/05\/28\/la-razon-por-la-que-bolivar-gano-el-titulo-mas-glorioso-que-el-cetro-de-todos-los-imperios-de-la-tierra\/#breadcrumb"},"inLanguage":"es","potentialAction":[{"@type":"ReadAction","target":["https:\/\/www.fraczinet.cl\/sitio\/2025\/05\/28\/la-razon-por-la-que-bolivar-gano-el-titulo-mas-glorioso-que-el-cetro-de-todos-los-imperios-de-la-tierra\/"]}]},{"@type":"ImageObject","inLanguage":"es","@id":"https:\/\/www.fraczinet.cl\/sitio\/2025\/05\/28\/la-razon-por-la-que-bolivar-gano-el-titulo-mas-glorioso-que-el-cetro-de-todos-los-imperios-de-la-tierra\/#primaryimage","url":"https:\/\/www.fraczinet.cl\/sitio\/wp-content\/uploads\/2025\/05\/Libertador-Simon-Bolivar.jpg","contentUrl":"https:\/\/www.fraczinet.cl\/sitio\/wp-content\/uploads\/2025\/05\/Libertador-Simon-Bolivar.jpg","width":1104,"height":1588,"caption":"Retrato de Sim\u00f3n Bol\u00edvar del pintor peruano Daniel Hern\u00e1ndez."},{"@type":"BreadcrumbList","@id":"https:\/\/www.fraczinet.cl\/sitio\/2025\/05\/28\/la-razon-por-la-que-bolivar-gano-el-titulo-mas-glorioso-que-el-cetro-de-todos-los-imperios-de-la-tierra\/#breadcrumb","itemListElement":[{"@type":"ListItem","position":1,"name":"Portada","item":"https:\/\/www.fraczinet.cl\/sitio\/"},{"@type":"ListItem","position":2,"name":"La Raz\u00f3n Por La Que Bol\u00edvar Gan\u00f3 El T\u00edtulo M\u00e1s Glorioso Que \u00abEl Cetro De Todos Los Imperios De La Tierra\u00bb"}]},{"@type":"WebSite","@id":"https:\/\/www.fraczinet.cl\/sitio\/#website","url":"https:\/\/www.fraczinet.cl\/sitio\/","name":"Nuestro Bio B\u00edo","description":"Tierra de Encuentros","publisher":{"@id":"https:\/\/www.fraczinet.cl\/sitio\/#\/schema\/person\/aec8ee4da68df2b9b0eefdad24a0d582"},"potentialAction":[{"@type":"SearchAction","target":{"@type":"EntryPoint","urlTemplate":"https:\/\/www.fraczinet.cl\/sitio\/?s={search_term_string}"},"query-input":{"@type":"PropertyValueSpecification","valueRequired":true,"valueName":"search_term_string"}}],"inLanguage":"es"},{"@type":["Person","Organization"],"@id":"https:\/\/www.fraczinet.cl\/sitio\/#\/schema\/person\/aec8ee4da68df2b9b0eefdad24a0d582","name":"Luis Fernando Fraczinet","image":{"@type":"ImageObject","inLanguage":"es","@id":"https:\/\/www.fraczinet.cl\/sitio\/#\/schema\/person\/image\/","url":"https:\/\/www.fraczinet.cl\/sitio\/wp-content\/uploads\/2021\/07\/bannerlogo-1.gif","contentUrl":"https:\/\/www.fraczinet.cl\/sitio\/wp-content\/uploads\/2021\/07\/bannerlogo-1.gif","width":159,"height":79,"caption":"Luis Fernando Fraczinet"},"logo":{"@id":"https:\/\/www.fraczinet.cl\/sitio\/#\/schema\/person\/image\/"},"sameAs":["https:\/\/www.fraczinet.cl\/sitio\/"]},{"@type":"Person","@id":"https:\/\/www.fraczinet.cl\/sitio\/#\/schema\/person\/bc30f98e9cb10ae7e119dbe14bc93784","name":"admin","image":{"@type":"ImageObject","inLanguage":"es","@id":"https:\/\/www.fraczinet.cl\/sitio\/#\/schema\/person\/image\/","url":"https:\/\/secure.gravatar.com\/avatar\/d5ad3cf7ef3b23a2bb5be73be780c86b2fc8545c3ad6b149f3913ff458c00099?s=96&d=mm&r=g","contentUrl":"https:\/\/secure.gravatar.com\/avatar\/d5ad3cf7ef3b23a2bb5be73be780c86b2fc8545c3ad6b149f3913ff458c00099?s=96&d=mm&r=g","caption":"admin"},"sameAs":["https:\/\/www.fraczinet.cl\/sitio"]}]}},"_links":{"self":[{"href":"https:\/\/www.fraczinet.cl\/sitio\/wp-json\/wp\/v2\/posts\/16294","targetHints":{"allow":["GET"]}}],"collection":[{"href":"https:\/\/www.fraczinet.cl\/sitio\/wp-json\/wp\/v2\/posts"}],"about":[{"href":"https:\/\/www.fraczinet.cl\/sitio\/wp-json\/wp\/v2\/types\/post"}],"author":[{"embeddable":true,"href":"https:\/\/www.fraczinet.cl\/sitio\/wp-json\/wp\/v2\/users\/1"}],"replies":[{"embeddable":true,"href":"https:\/\/www.fraczinet.cl\/sitio\/wp-json\/wp\/v2\/comments?post=16294"}],"version-history":[{"count":1,"href":"https:\/\/www.fraczinet.cl\/sitio\/wp-json\/wp\/v2\/posts\/16294\/revisions"}],"predecessor-version":[{"id":16296,"href":"https:\/\/www.fraczinet.cl\/sitio\/wp-json\/wp\/v2\/posts\/16294\/revisions\/16296"}],"wp:featuredmedia":[{"embeddable":true,"href":"https:\/\/www.fraczinet.cl\/sitio\/wp-json\/wp\/v2\/media\/16295"}],"wp:attachment":[{"href":"https:\/\/www.fraczinet.cl\/sitio\/wp-json\/wp\/v2\/media?parent=16294"}],"wp:term":[{"taxonomy":"category","embeddable":true,"href":"https:\/\/www.fraczinet.cl\/sitio\/wp-json\/wp\/v2\/categories?post=16294"},{"taxonomy":"post_tag","embeddable":true,"href":"https:\/\/www.fraczinet.cl\/sitio\/wp-json\/wp\/v2\/tags?post=16294"}],"curies":[{"name":"wp","href":"https:\/\/api.w.org\/{rel}","templated":true}]}}