{"id":1798,"date":"2009-12-27T20:04:00","date_gmt":"2009-12-27T20:04:00","guid":{"rendered":""},"modified":"2021-07-26T00:40:55","modified_gmt":"2021-07-26T00:40:55","slug":"caracteristicas-generales-de-la-comuna-de-cabrero","status":"publish","type":"post","link":"https:\/\/www.fraczinet.cl\/sitio\/caracteristicas-generales-de-la-comuna-de-cabrero\/","title":{"rendered":"Caracter\u00edsticas Generales de la Comuna de Cabrero"},"content":{"rendered":"<div style=\"clear: both; text-align: center;\"><a href=\"https:\/\/www.fraczinet.cl\/sitio\/wp-content\/uploads\/2009\/12\/Municipio_antiguo.jpg\" style=\"clear: left; float: left; margin-bottom: 1em; margin-right: 1em;\"><img decoding=\"async\" border=\"0\" data-original-height=\"1109\" data-original-width=\"1406\" src=\"https:\/\/www.fraczinet.cl\/sitio\/wp-content\/uploads\/2009\/12\/Municipio_antiguo-300x237.jpg\" width=\"320\" \/><\/a><\/div>\n<p>Con una superficie de 640 Km2 y una poblaci\u00f3n de 27.873 habitantes (13.784 mujeres y 14.089 hombres), la comuna de Cabrero acoge a un 1,36% de la poblaci\u00f3n total de la regi\u00f3n, un 28,80% corresponde a poblaci\u00f3n rural y 71,20% a poblaci\u00f3n urbana (Datos Censales 2002).  Entre los r\u00edos Itata y Laja se ubica la comuna de Cabrero, inserta en la depresi\u00f3n intermedia de la Provincia del Bio B\u00edo, sus l\u00edmites son por el norte la comuna de Quill\u00f3n; al sur la comuna de Los \u00c1ngeles; al este las comunas de Yungay y Pemuco, y Yumbel al oeste.  Antiguamente esta zona fue improductiva y escasamente poblada. Gracias a diversas obras de riego de los pioneros y colonizadores, aquel agreste paisaje arenoso se transform\u00f3 en suelo apto para el desarrollo silvoagropecuario.&nbsp;<\/p>\n<div><\/div>\n<div>En la segunda mitad del siglo XIX, la construcci\u00f3n del ferrocarril del sur, vino a profundizar la tendencia general al crecimiento socio-econ\u00f3mico.  La comuna de Cabrero fue creada el 30 de diciembre de 1927.  Las actividades m\u00e1s importantes de la comuna se relacionan con el \u00e1rea forestal, industrial, agr\u00edcola y comercial.<\/div>\n","protected":false},"excerpt":{"rendered":"<p>Con una superficie de 640 Km2 y una poblaci\u00f3n de 27.873 habitantes (13.784 mujeres y 14.089 hombres), la comuna de Cabrero acoge a un 1,36% de la poblaci\u00f3n total de la regi\u00f3n, un 28,80% corresponde a poblaci\u00f3n rural y 71,20% a poblaci\u00f3n urbana (Datos Censales 2002). Entre los r\u00edos Itata y Laja se ubica la [&hellip;]<\/p>\n","protected":false},"author":1,"featured_media":1825,"comment_status":"open","ping_status":"closed","sticky":false,"template":"","format":"standard","meta":{"footnotes":""},"categories":[21],"tags":[],"class_list":["post-1798","post","type-post","status-publish","format-standard","has-post-thumbnail","hentry","category-cabrero"],"yoast_head":"<!-- This site is optimized with the Yoast SEO plugin v28.2 - https:\/\/yoast.com\/product\/yoast-seo-wordpress\/ -->\n<title>Caracter\u00edsticas Generales de la Comuna de Cabrero - Nuestro Bio B\u00edo<\/title>\n<meta name=\"robots\" content=\"index, follow, max-snippet:-1, max-image-preview:large, max-video-preview:-1\" \/>\n<link rel=\"canonical\" href=\"https:\/\/www.fraczinet.cl\/sitio\/caracteristicas-generales-de-la-comuna-de-cabrero\/\" \/>\n<meta property=\"og:locale\" content=\"es_ES\" \/>\n<meta property=\"og:type\" content=\"article\" \/>\n<meta property=\"og:title\" content=\"Caracter\u00edsticas Generales de la Comuna de Cabrero - Nuestro Bio B\u00edo\" \/>\n<meta property=\"og:description\" content=\"Con una superficie de 640 Km2 y una poblaci\u00f3n de 27.873 habitantes (13.784 mujeres y 14.089 hombres), la comuna de Cabrero acoge a un 1,36% de la poblaci\u00f3n total de la regi\u00f3n, un 28,80% corresponde a poblaci\u00f3n rural y 71,20% a poblaci\u00f3n urbana (Datos Censales 2002). Entre los r\u00edos Itata y Laja se ubica la [&hellip;]\" \/>\n<meta property=\"og:url\" content=\"https:\/\/www.fraczinet.cl\/sitio\/caracteristicas-generales-de-la-comuna-de-cabrero\/\" \/>\n<meta property=\"og:site_name\" content=\"Nuestro Bio B\u00edo\" \/>\n<meta property=\"article:publisher\" content=\"https:\/\/www.facebook.com\/groups\/15721414452\/\" \/>\n<meta property=\"article:published_time\" content=\"2009-12-27T20:04:00+00:00\" \/>\n<meta property=\"article:modified_time\" content=\"2021-07-26T00:40:55+00:00\" \/>\n<meta property=\"og:image\" content=\"https:\/\/www.fraczinet.cl\/sitio\/wp-content\/uploads\/2009\/12\/Municipio_antiguo.jpg\" \/>\n\t<meta property=\"og:image:width\" content=\"1024\" \/>\n\t<meta property=\"og:image:height\" content=\"808\" \/>\n\t<meta property=\"og:image:type\" content=\"image\/jpeg\" \/>\n<meta name=\"twitter:card\" content=\"summary_large_image\" \/>\n<meta name=\"twitter:creator\" content=\"@nuestrobiobio\" \/>\n<meta name=\"twitter:site\" content=\"@nuestrobiobio\" \/>\n<meta name=\"twitter:label1\" content=\"Escrito por\" \/>\n\t<meta name=\"twitter:data1\" content=\"\" \/>\n\t<meta name=\"twitter:label2\" content=\"Tiempo de lectura\" \/>\n\t<meta name=\"twitter:data2\" content=\"1 minuto\" \/>\n<script type=\"application\/ld+json\" class=\"yoast-schema-graph\">{\"@context\":\"https:\\\/\\\/schema.org\",\"@graph\":[{\"@type\":\"Article\",\"@id\":\"https:\\\/\\\/www.fraczinet.cl\\\/sitio\\\/caracteristicas-generales-de-la-comuna-de-cabrero\\\/#article\",\"isPartOf\":{\"@id\":\"https:\\\/\\\/www.fraczinet.cl\\\/sitio\\\/caracteristicas-generales-de-la-comuna-de-cabrero\\\/\"},\"author\":{\"name\":\"\",\"@id\":\"\"},\"headline\":\"Caracter\u00edsticas Generales de la Comuna de Cabrero\",\"datePublished\":\"2009-12-27T20:04:00+00:00\",\"dateModified\":\"2021-07-26T00:40:55+00:00\",\"mainEntityOfPage\":{\"@id\":\"https:\\\/\\\/www.fraczinet.cl\\\/sitio\\\/caracteristicas-generales-de-la-comuna-de-cabrero\\\/\"},\"wordCount\":194,\"commentCount\":0,\"image\":{\"@id\":\"https:\\\/\\\/www.fraczinet.cl\\\/sitio\\\/caracteristicas-generales-de-la-comuna-de-cabrero\\\/#primaryimage\"},\"thumbnailUrl\":\"https:\\\/\\\/www.fraczinet.cl\\\/sitio\\\/wp-content\\\/uploads\\\/2009\\\/12\\\/Municipio_antiguo.jpg\",\"articleSection\":[\"Cabrero\"],\"inLanguage\":\"es\",\"potentialAction\":[{\"@type\":\"CommentAction\",\"name\":\"Comment\",\"target\":[\"https:\\\/\\\/www.fraczinet.cl\\\/sitio\\\/caracteristicas-generales-de-la-comuna-de-cabrero\\\/#respond\"]}]},{\"@type\":\"WebPage\",\"@id\":\"https:\\\/\\\/www.fraczinet.cl\\\/sitio\\\/caracteristicas-generales-de-la-comuna-de-cabrero\\\/\",\"url\":\"https:\\\/\\\/www.fraczinet.cl\\\/sitio\\\/caracteristicas-generales-de-la-comuna-de-cabrero\\\/\",\"name\":\"Caracter\u00edsticas Generales de la Comuna de Cabrero - Nuestro Bio B\u00edo\",\"isPartOf\":{\"@id\":\"https:\\\/\\\/www.fraczinet.cl\\\/sitio\\\/#website\"},\"primaryImageOfPage\":{\"@id\":\"https:\\\/\\\/www.fraczinet.cl\\\/sitio\\\/caracteristicas-generales-de-la-comuna-de-cabrero\\\/#primaryimage\"},\"image\":{\"@id\":\"https:\\\/\\\/www.fraczinet.cl\\\/sitio\\\/caracteristicas-generales-de-la-comuna-de-cabrero\\\/#primaryimage\"},\"thumbnailUrl\":\"https:\\\/\\\/www.fraczinet.cl\\\/sitio\\\/wp-content\\\/uploads\\\/2009\\\/12\\\/Municipio_antiguo.jpg\",\"datePublished\":\"2009-12-27T20:04:00+00:00\",\"dateModified\":\"2021-07-26T00:40:55+00:00\",\"author\":{\"@id\":\"\"},\"breadcrumb\":{\"@id\":\"https:\\\/\\\/www.fraczinet.cl\\\/sitio\\\/caracteristicas-generales-de-la-comuna-de-cabrero\\\/#breadcrumb\"},\"inLanguage\":\"es\",\"potentialAction\":[{\"@type\":\"ReadAction\",\"target\":[\"https:\\\/\\\/www.fraczinet.cl\\\/sitio\\\/caracteristicas-generales-de-la-comuna-de-cabrero\\\/\"]}]},{\"@type\":\"ImageObject\",\"inLanguage\":\"es\",\"@id\":\"https:\\\/\\\/www.fraczinet.cl\\\/sitio\\\/caracteristicas-generales-de-la-comuna-de-cabrero\\\/#primaryimage\",\"url\":\"https:\\\/\\\/www.fraczinet.cl\\\/sitio\\\/wp-content\\\/uploads\\\/2009\\\/12\\\/Municipio_antiguo.jpg\",\"contentUrl\":\"https:\\\/\\\/www.fraczinet.cl\\\/sitio\\\/wp-content\\\/uploads\\\/2009\\\/12\\\/Municipio_antiguo.jpg\",\"width\":1024,\"height\":808},{\"@type\":\"BreadcrumbList\",\"@id\":\"https:\\\/\\\/www.fraczinet.cl\\\/sitio\\\/caracteristicas-generales-de-la-comuna-de-cabrero\\\/#breadcrumb\",\"itemListElement\":[{\"@type\":\"ListItem\",\"position\":1,\"name\":\"Portada\",\"item\":\"https:\\\/\\\/www.fraczinet.cl\\\/sitio\\\/\"},{\"@type\":\"ListItem\",\"position\":2,\"name\":\"Caracter\u00edsticas Generales de la Comuna de Cabrero\"}]},{\"@type\":\"WebSite\",\"@id\":\"https:\\\/\\\/www.fraczinet.cl\\\/sitio\\\/#website\",\"url\":\"https:\\\/\\\/www.fraczinet.cl\\\/sitio\\\/\",\"name\":\"Nuestro Bio B\u00edo\",\"description\":\"Tierra de Encuentros\",\"potentialAction\":[{\"@type\":\"SearchAction\",\"target\":{\"@type\":\"EntryPoint\",\"urlTemplate\":\"https:\\\/\\\/www.fraczinet.cl\\\/sitio\\\/?s={search_term_string}\"},\"query-input\":{\"@type\":\"PropertyValueSpecification\",\"valueRequired\":true,\"valueName\":\"search_term_string\"}}],\"inLanguage\":\"es\"},{\"@type\":\"Person\",\"@id\":\"\"}]}<\/script>\n<!-- \/ Yoast SEO plugin. -->","yoast_head_json":{"title":"Caracter\u00edsticas Generales de la Comuna de Cabrero - Nuestro Bio B\u00edo","robots":{"index":"index","follow":"follow","max-snippet":"max-snippet:-1","max-image-preview":"max-image-preview:large","max-video-preview":"max-video-preview:-1"},"canonical":"https:\/\/www.fraczinet.cl\/sitio\/caracteristicas-generales-de-la-comuna-de-cabrero\/","og_locale":"es_ES","og_type":"article","og_title":"Caracter\u00edsticas Generales de la Comuna de Cabrero - Nuestro Bio B\u00edo","og_description":"Con una superficie de 640 Km2 y una poblaci\u00f3n de 27.873 habitantes (13.784 mujeres y 14.089 hombres), la comuna de Cabrero acoge a un 1,36% de la poblaci\u00f3n total de la regi\u00f3n, un 28,80% corresponde a poblaci\u00f3n rural y 71,20% a poblaci\u00f3n urbana (Datos Censales 2002). Entre los r\u00edos Itata y Laja se ubica la [&hellip;]","og_url":"https:\/\/www.fraczinet.cl\/sitio\/caracteristicas-generales-de-la-comuna-de-cabrero\/","og_site_name":"Nuestro Bio B\u00edo","article_publisher":"https:\/\/www.facebook.com\/groups\/15721414452\/","article_published_time":"2009-12-27T20:04:00+00:00","article_modified_time":"2021-07-26T00:40:55+00:00","og_image":[{"width":1024,"height":808,"url":"https:\/\/www.fraczinet.cl\/sitio\/wp-content\/uploads\/2009\/12\/Municipio_antiguo.jpg","type":"image\/jpeg"}],"twitter_card":"summary_large_image","twitter_creator":"@nuestrobiobio","twitter_site":"@nuestrobiobio","twitter_misc":{"Escrito por":"","Tiempo de lectura":"1 minuto"},"schema":{"@context":"https:\/\/schema.org","@graph":[{"@type":"Article","@id":"https:\/\/www.fraczinet.cl\/sitio\/caracteristicas-generales-de-la-comuna-de-cabrero\/#article","isPartOf":{"@id":"https:\/\/www.fraczinet.cl\/sitio\/caracteristicas-generales-de-la-comuna-de-cabrero\/"},"author":{"name":"","@id":""},"headline":"Caracter\u00edsticas Generales de la Comuna de Cabrero","datePublished":"2009-12-27T20:04:00+00:00","dateModified":"2021-07-26T00:40:55+00:00","mainEntityOfPage":{"@id":"https:\/\/www.fraczinet.cl\/sitio\/caracteristicas-generales-de-la-comuna-de-cabrero\/"},"wordCount":194,"commentCount":0,"image":{"@id":"https:\/\/www.fraczinet.cl\/sitio\/caracteristicas-generales-de-la-comuna-de-cabrero\/#primaryimage"},"thumbnailUrl":"https:\/\/www.fraczinet.cl\/sitio\/wp-content\/uploads\/2009\/12\/Municipio_antiguo.jpg","articleSection":["Cabrero"],"inLanguage":"es","potentialAction":[{"@type":"CommentAction","name":"Comment","target":["https:\/\/www.fraczinet.cl\/sitio\/caracteristicas-generales-de-la-comuna-de-cabrero\/#respond"]}]},{"@type":"WebPage","@id":"https:\/\/www.fraczinet.cl\/sitio\/caracteristicas-generales-de-la-comuna-de-cabrero\/","url":"https:\/\/www.fraczinet.cl\/sitio\/caracteristicas-generales-de-la-comuna-de-cabrero\/","name":"Caracter\u00edsticas Generales de la Comuna de Cabrero - Nuestro Bio B\u00edo","isPartOf":{"@id":"https:\/\/www.fraczinet.cl\/sitio\/#website"},"primaryImageOfPage":{"@id":"https:\/\/www.fraczinet.cl\/sitio\/caracteristicas-generales-de-la-comuna-de-cabrero\/#primaryimage"},"image":{"@id":"https:\/\/www.fraczinet.cl\/sitio\/caracteristicas-generales-de-la-comuna-de-cabrero\/#primaryimage"},"thumbnailUrl":"https:\/\/www.fraczinet.cl\/sitio\/wp-content\/uploads\/2009\/12\/Municipio_antiguo.jpg","datePublished":"2009-12-27T20:04:00+00:00","dateModified":"2021-07-26T00:40:55+00:00","author":{"@id":""},"breadcrumb":{"@id":"https:\/\/www.fraczinet.cl\/sitio\/caracteristicas-generales-de-la-comuna-de-cabrero\/#breadcrumb"},"inLanguage":"es","potentialAction":[{"@type":"ReadAction","target":["https:\/\/www.fraczinet.cl\/sitio\/caracteristicas-generales-de-la-comuna-de-cabrero\/"]}]},{"@type":"ImageObject","inLanguage":"es","@id":"https:\/\/www.fraczinet.cl\/sitio\/caracteristicas-generales-de-la-comuna-de-cabrero\/#primaryimage","url":"https:\/\/www.fraczinet.cl\/sitio\/wp-content\/uploads\/2009\/12\/Municipio_antiguo.jpg","contentUrl":"https:\/\/www.fraczinet.cl\/sitio\/wp-content\/uploads\/2009\/12\/Municipio_antiguo.jpg","width":1024,"height":808},{"@type":"BreadcrumbList","@id":"https:\/\/www.fraczinet.cl\/sitio\/caracteristicas-generales-de-la-comuna-de-cabrero\/#breadcrumb","itemListElement":[{"@type":"ListItem","position":1,"name":"Portada","item":"https:\/\/www.fraczinet.cl\/sitio\/"},{"@type":"ListItem","position":2,"name":"Caracter\u00edsticas Generales de la Comuna de Cabrero"}]},{"@type":"WebSite","@id":"https:\/\/www.fraczinet.cl\/sitio\/#website","url":"https:\/\/www.fraczinet.cl\/sitio\/","name":"Nuestro Bio B\u00edo","description":"Tierra de Encuentros","potentialAction":[{"@type":"SearchAction","target":{"@type":"EntryPoint","urlTemplate":"https:\/\/www.fraczinet.cl\/sitio\/?s={search_term_string}"},"query-input":{"@type":"PropertyValueSpecification","valueRequired":true,"valueName":"search_term_string"}}],"inLanguage":"es"},{"@type":"Person","@id":""}]}},"_links":{"self":[{"href":"https:\/\/www.fraczinet.cl\/sitio\/wp-json\/wp\/v2\/posts\/1798","targetHints":{"allow":["GET"]}}],"collection":[{"href":"https:\/\/www.fraczinet.cl\/sitio\/wp-json\/wp\/v2\/posts"}],"about":[{"href":"https:\/\/www.fraczinet.cl\/sitio\/wp-json\/wp\/v2\/types\/post"}],"author":[{"embeddable":true,"href":"https:\/\/www.fraczinet.cl\/sitio\/wp-json\/wp\/v2\/users\/1"}],"replies":[{"embeddable":true,"href":"https:\/\/www.fraczinet.cl\/sitio\/wp-json\/wp\/v2\/comments?post=1798"}],"version-history":[{"count":1,"href":"https:\/\/www.fraczinet.cl\/sitio\/wp-json\/wp\/v2\/posts\/1798\/revisions"}],"predecessor-version":[{"id":1826,"href":"https:\/\/www.fraczinet.cl\/sitio\/wp-json\/wp\/v2\/posts\/1798\/revisions\/1826"}],"wp:featuredmedia":[{"embeddable":true,"href":"https:\/\/www.fraczinet.cl\/sitio\/wp-json\/wp\/v2\/media\/1825"}],"wp:attachment":[{"href":"https:\/\/www.fraczinet.cl\/sitio\/wp-json\/wp\/v2\/media?parent=1798"}],"wp:term":[{"taxonomy":"category","embeddable":true,"href":"https:\/\/www.fraczinet.cl\/sitio\/wp-json\/wp\/v2\/categories?post=1798"},{"taxonomy":"post_tag","embeddable":true,"href":"https:\/\/www.fraczinet.cl\/sitio\/wp-json\/wp\/v2\/tags?post=1798"}],"curies":[{"name":"wp","href":"https:\/\/api.w.org\/{rel}","templated":true}]}}