{"id":1801,"date":"2009-12-27T19:41:00","date_gmt":"2009-12-27T19:41:00","guid":{"rendered":""},"modified":"2021-07-26T00:40:56","modified_gmt":"2021-07-26T00:40:56","slug":"iglesia-santa-filomena","status":"publish","type":"post","link":"https:\/\/www.fraczinet.cl\/sitio\/iglesia-santa-filomena\/","title":{"rendered":"Iglesia Santa Filomena"},"content":{"rendered":"<p><a href=\"https:\/\/www.fraczinet.cl\/sitio\/wp-content\/uploads\/2009\/12\/Iglesia_Santa_Filomena.png\"><img decoding=\"async\" alt=\"\" border=\"0\" id=\"BLOGGER_PHOTO_ID_5420003671487541218\" src=\"https:\/\/www.fraczinet.cl\/sitio\/wp-content\/uploads\/2009\/12\/Iglesia_Santa_Filomena.png\" style=\"cursor: pointer; float: left; height: 98px; margin: 0px 10px 10px 0px; width: 143px;\" \/><\/a>El crecimiento demogr\u00e1fico y econ\u00f3mico ocurrido a fines del siglo XIX en el antiguo Departamento de Rere, gener\u00f3 importantes cambios administrativos y sociales en ese territorio. Entre estas \u00faltimas surgi\u00f3 la necesidad de contar con un lugar estable y acorde donde realizar las actividades religiosas; compromiso que se cumpli\u00f3 en 1903 cuando se termin\u00f3 de construir la primera capilla del sector.   A fines de la d\u00e9cada de 1900 se crea la parroquia de Santa Filomena, fij\u00e1ndose su sede en el poblado de Cabrero.&nbsp;<\/p>\n<div><\/div>\n<div>Su primer templo fue edificado en 1922 y bendecido aquel mismo a\u00f1o. Sin embargo su permanencia no fue muy duradera ya que un incendio y el catastr\u00f3fico terremoto de 1939 lo destruyeron. Luego del desastre las actividades religiosas se trasladaron a una capilla de emergencia hasta que, en 1947, se inaugur\u00f3 el nuevo templo, cuyos trabajos se hab\u00edan iniciado en 1946. En la actualidad esta iglesia, de una sola nave y campanario, llamada Santa Filomena, contin\u00faa funcionando como la sede parroquial de Cabrero.  A\u00f1o Construcci\u00f3n: 1947 Propietario: Obispado de Los \u00c1ngeles.<\/div>\n","protected":false},"excerpt":{"rendered":"<p>El crecimiento demogr\u00e1fico y econ\u00f3mico ocurrido a fines del siglo XIX en el antiguo Departamento de Rere, gener\u00f3 importantes cambios administrativos y sociales en ese territorio. Entre estas \u00faltimas surgi\u00f3 la necesidad de contar con un lugar estable y acorde donde realizar las actividades religiosas; compromiso que se cumpli\u00f3 en 1903 cuando se termin\u00f3 de [&hellip;]<\/p>\n","protected":false},"author":1,"featured_media":1831,"comment_status":"open","ping_status":"closed","sticky":false,"template":"","format":"standard","meta":{"footnotes":""},"categories":[21,3],"tags":[],"class_list":["post-1801","post","type-post","status-publish","format-standard","has-post-thumbnail","hentry","category-cabrero","category-iglesias-y-capillas"],"yoast_head":"<!-- This site is optimized with the Yoast SEO plugin v28.2 - https:\/\/yoast.com\/product\/yoast-seo-wordpress\/ -->\n<title>Iglesia Santa Filomena - Nuestro Bio B\u00edo<\/title>\n<meta name=\"robots\" content=\"index, follow, max-snippet:-1, max-image-preview:large, max-video-preview:-1\" \/>\n<link rel=\"canonical\" href=\"https:\/\/www.fraczinet.cl\/sitio\/iglesia-santa-filomena\/\" \/>\n<meta property=\"og:locale\" content=\"es_ES\" \/>\n<meta property=\"og:type\" content=\"article\" \/>\n<meta property=\"og:title\" content=\"Iglesia Santa Filomena - Nuestro Bio B\u00edo\" \/>\n<meta property=\"og:description\" content=\"El crecimiento demogr\u00e1fico y econ\u00f3mico ocurrido a fines del siglo XIX en el antiguo Departamento de Rere, gener\u00f3 importantes cambios administrativos y sociales en ese territorio. Entre estas \u00faltimas surgi\u00f3 la necesidad de contar con un lugar estable y acorde donde realizar las actividades religiosas; compromiso que se cumpli\u00f3 en 1903 cuando se termin\u00f3 de [&hellip;]\" \/>\n<meta property=\"og:url\" content=\"https:\/\/www.fraczinet.cl\/sitio\/iglesia-santa-filomena\/\" \/>\n<meta property=\"og:site_name\" content=\"Nuestro Bio B\u00edo\" \/>\n<meta property=\"article:publisher\" content=\"https:\/\/www.facebook.com\/groups\/15721414452\/\" \/>\n<meta property=\"article:published_time\" content=\"2009-12-27T19:41:00+00:00\" \/>\n<meta property=\"article:modified_time\" content=\"2021-07-26T00:40:56+00:00\" \/>\n<meta property=\"og:image\" content=\"https:\/\/www.fraczinet.cl\/sitio\/wp-content\/uploads\/2009\/12\/Iglesia_Santa_Filomena.png\" \/>\n\t<meta property=\"og:image:width\" content=\"143\" \/>\n\t<meta property=\"og:image:height\" content=\"98\" \/>\n\t<meta property=\"og:image:type\" content=\"image\/png\" \/>\n<meta name=\"twitter:card\" content=\"summary_large_image\" \/>\n<meta name=\"twitter:creator\" content=\"@nuestrobiobio\" \/>\n<meta name=\"twitter:site\" content=\"@nuestrobiobio\" \/>\n<meta name=\"twitter:label1\" content=\"Escrito por\" \/>\n\t<meta name=\"twitter:data1\" content=\"\" \/>\n\t<meta name=\"twitter:label2\" content=\"Tiempo de lectura\" \/>\n\t<meta name=\"twitter:data2\" content=\"1 minuto\" \/>\n<script type=\"application\/ld+json\" class=\"yoast-schema-graph\">{\"@context\":\"https:\\\/\\\/schema.org\",\"@graph\":[{\"@type\":\"Article\",\"@id\":\"https:\\\/\\\/www.fraczinet.cl\\\/sitio\\\/iglesia-santa-filomena\\\/#article\",\"isPartOf\":{\"@id\":\"https:\\\/\\\/www.fraczinet.cl\\\/sitio\\\/iglesia-santa-filomena\\\/\"},\"author\":{\"name\":\"\",\"@id\":\"\"},\"headline\":\"Iglesia Santa Filomena\",\"datePublished\":\"2009-12-27T19:41:00+00:00\",\"dateModified\":\"2021-07-26T00:40:56+00:00\",\"mainEntityOfPage\":{\"@id\":\"https:\\\/\\\/www.fraczinet.cl\\\/sitio\\\/iglesia-santa-filomena\\\/\"},\"wordCount\":181,\"commentCount\":1,\"image\":{\"@id\":\"https:\\\/\\\/www.fraczinet.cl\\\/sitio\\\/iglesia-santa-filomena\\\/#primaryimage\"},\"thumbnailUrl\":\"https:\\\/\\\/www.fraczinet.cl\\\/sitio\\\/wp-content\\\/uploads\\\/2009\\\/12\\\/Iglesia_Santa_Filomena.png\",\"articleSection\":[\"Cabrero\",\"Iglesias y Capillas\"],\"inLanguage\":\"es\",\"potentialAction\":[{\"@type\":\"CommentAction\",\"name\":\"Comment\",\"target\":[\"https:\\\/\\\/www.fraczinet.cl\\\/sitio\\\/iglesia-santa-filomena\\\/#respond\"]}]},{\"@type\":\"WebPage\",\"@id\":\"https:\\\/\\\/www.fraczinet.cl\\\/sitio\\\/iglesia-santa-filomena\\\/\",\"url\":\"https:\\\/\\\/www.fraczinet.cl\\\/sitio\\\/iglesia-santa-filomena\\\/\",\"name\":\"Iglesia Santa Filomena - Nuestro Bio B\u00edo\",\"isPartOf\":{\"@id\":\"https:\\\/\\\/www.fraczinet.cl\\\/sitio\\\/#website\"},\"primaryImageOfPage\":{\"@id\":\"https:\\\/\\\/www.fraczinet.cl\\\/sitio\\\/iglesia-santa-filomena\\\/#primaryimage\"},\"image\":{\"@id\":\"https:\\\/\\\/www.fraczinet.cl\\\/sitio\\\/iglesia-santa-filomena\\\/#primaryimage\"},\"thumbnailUrl\":\"https:\\\/\\\/www.fraczinet.cl\\\/sitio\\\/wp-content\\\/uploads\\\/2009\\\/12\\\/Iglesia_Santa_Filomena.png\",\"datePublished\":\"2009-12-27T19:41:00+00:00\",\"dateModified\":\"2021-07-26T00:40:56+00:00\",\"author\":{\"@id\":\"\"},\"breadcrumb\":{\"@id\":\"https:\\\/\\\/www.fraczinet.cl\\\/sitio\\\/iglesia-santa-filomena\\\/#breadcrumb\"},\"inLanguage\":\"es\",\"potentialAction\":[{\"@type\":\"ReadAction\",\"target\":[\"https:\\\/\\\/www.fraczinet.cl\\\/sitio\\\/iglesia-santa-filomena\\\/\"]}]},{\"@type\":\"ImageObject\",\"inLanguage\":\"es\",\"@id\":\"https:\\\/\\\/www.fraczinet.cl\\\/sitio\\\/iglesia-santa-filomena\\\/#primaryimage\",\"url\":\"https:\\\/\\\/www.fraczinet.cl\\\/sitio\\\/wp-content\\\/uploads\\\/2009\\\/12\\\/Iglesia_Santa_Filomena.png\",\"contentUrl\":\"https:\\\/\\\/www.fraczinet.cl\\\/sitio\\\/wp-content\\\/uploads\\\/2009\\\/12\\\/Iglesia_Santa_Filomena.png\",\"width\":143,\"height\":98},{\"@type\":\"BreadcrumbList\",\"@id\":\"https:\\\/\\\/www.fraczinet.cl\\\/sitio\\\/iglesia-santa-filomena\\\/#breadcrumb\",\"itemListElement\":[{\"@type\":\"ListItem\",\"position\":1,\"name\":\"Portada\",\"item\":\"https:\\\/\\\/www.fraczinet.cl\\\/sitio\\\/\"},{\"@type\":\"ListItem\",\"position\":2,\"name\":\"Iglesia Santa Filomena\"}]},{\"@type\":\"WebSite\",\"@id\":\"https:\\\/\\\/www.fraczinet.cl\\\/sitio\\\/#website\",\"url\":\"https:\\\/\\\/www.fraczinet.cl\\\/sitio\\\/\",\"name\":\"Nuestro Bio B\u00edo\",\"description\":\"Tierra de Encuentros\",\"potentialAction\":[{\"@type\":\"SearchAction\",\"target\":{\"@type\":\"EntryPoint\",\"urlTemplate\":\"https:\\\/\\\/www.fraczinet.cl\\\/sitio\\\/?s={search_term_string}\"},\"query-input\":{\"@type\":\"PropertyValueSpecification\",\"valueRequired\":true,\"valueName\":\"search_term_string\"}}],\"inLanguage\":\"es\"},{\"@type\":\"Person\",\"@id\":\"\"}]}<\/script>\n<!-- \/ Yoast SEO plugin. -->","yoast_head_json":{"title":"Iglesia Santa Filomena - Nuestro Bio B\u00edo","robots":{"index":"index","follow":"follow","max-snippet":"max-snippet:-1","max-image-preview":"max-image-preview:large","max-video-preview":"max-video-preview:-1"},"canonical":"https:\/\/www.fraczinet.cl\/sitio\/iglesia-santa-filomena\/","og_locale":"es_ES","og_type":"article","og_title":"Iglesia Santa Filomena - Nuestro Bio B\u00edo","og_description":"El crecimiento demogr\u00e1fico y econ\u00f3mico ocurrido a fines del siglo XIX en el antiguo Departamento de Rere, gener\u00f3 importantes cambios administrativos y sociales en ese territorio. Entre estas \u00faltimas surgi\u00f3 la necesidad de contar con un lugar estable y acorde donde realizar las actividades religiosas; compromiso que se cumpli\u00f3 en 1903 cuando se termin\u00f3 de [&hellip;]","og_url":"https:\/\/www.fraczinet.cl\/sitio\/iglesia-santa-filomena\/","og_site_name":"Nuestro Bio B\u00edo","article_publisher":"https:\/\/www.facebook.com\/groups\/15721414452\/","article_published_time":"2009-12-27T19:41:00+00:00","article_modified_time":"2021-07-26T00:40:56+00:00","og_image":[{"width":143,"height":98,"url":"https:\/\/www.fraczinet.cl\/sitio\/wp-content\/uploads\/2009\/12\/Iglesia_Santa_Filomena.png","type":"image\/png"}],"twitter_card":"summary_large_image","twitter_creator":"@nuestrobiobio","twitter_site":"@nuestrobiobio","twitter_misc":{"Escrito por":"","Tiempo de lectura":"1 minuto"},"schema":{"@context":"https:\/\/schema.org","@graph":[{"@type":"Article","@id":"https:\/\/www.fraczinet.cl\/sitio\/iglesia-santa-filomena\/#article","isPartOf":{"@id":"https:\/\/www.fraczinet.cl\/sitio\/iglesia-santa-filomena\/"},"author":{"name":"","@id":""},"headline":"Iglesia Santa Filomena","datePublished":"2009-12-27T19:41:00+00:00","dateModified":"2021-07-26T00:40:56+00:00","mainEntityOfPage":{"@id":"https:\/\/www.fraczinet.cl\/sitio\/iglesia-santa-filomena\/"},"wordCount":181,"commentCount":1,"image":{"@id":"https:\/\/www.fraczinet.cl\/sitio\/iglesia-santa-filomena\/#primaryimage"},"thumbnailUrl":"https:\/\/www.fraczinet.cl\/sitio\/wp-content\/uploads\/2009\/12\/Iglesia_Santa_Filomena.png","articleSection":["Cabrero","Iglesias y Capillas"],"inLanguage":"es","potentialAction":[{"@type":"CommentAction","name":"Comment","target":["https:\/\/www.fraczinet.cl\/sitio\/iglesia-santa-filomena\/#respond"]}]},{"@type":"WebPage","@id":"https:\/\/www.fraczinet.cl\/sitio\/iglesia-santa-filomena\/","url":"https:\/\/www.fraczinet.cl\/sitio\/iglesia-santa-filomena\/","name":"Iglesia Santa Filomena - Nuestro Bio B\u00edo","isPartOf":{"@id":"https:\/\/www.fraczinet.cl\/sitio\/#website"},"primaryImageOfPage":{"@id":"https:\/\/www.fraczinet.cl\/sitio\/iglesia-santa-filomena\/#primaryimage"},"image":{"@id":"https:\/\/www.fraczinet.cl\/sitio\/iglesia-santa-filomena\/#primaryimage"},"thumbnailUrl":"https:\/\/www.fraczinet.cl\/sitio\/wp-content\/uploads\/2009\/12\/Iglesia_Santa_Filomena.png","datePublished":"2009-12-27T19:41:00+00:00","dateModified":"2021-07-26T00:40:56+00:00","author":{"@id":""},"breadcrumb":{"@id":"https:\/\/www.fraczinet.cl\/sitio\/iglesia-santa-filomena\/#breadcrumb"},"inLanguage":"es","potentialAction":[{"@type":"ReadAction","target":["https:\/\/www.fraczinet.cl\/sitio\/iglesia-santa-filomena\/"]}]},{"@type":"ImageObject","inLanguage":"es","@id":"https:\/\/www.fraczinet.cl\/sitio\/iglesia-santa-filomena\/#primaryimage","url":"https:\/\/www.fraczinet.cl\/sitio\/wp-content\/uploads\/2009\/12\/Iglesia_Santa_Filomena.png","contentUrl":"https:\/\/www.fraczinet.cl\/sitio\/wp-content\/uploads\/2009\/12\/Iglesia_Santa_Filomena.png","width":143,"height":98},{"@type":"BreadcrumbList","@id":"https:\/\/www.fraczinet.cl\/sitio\/iglesia-santa-filomena\/#breadcrumb","itemListElement":[{"@type":"ListItem","position":1,"name":"Portada","item":"https:\/\/www.fraczinet.cl\/sitio\/"},{"@type":"ListItem","position":2,"name":"Iglesia Santa Filomena"}]},{"@type":"WebSite","@id":"https:\/\/www.fraczinet.cl\/sitio\/#website","url":"https:\/\/www.fraczinet.cl\/sitio\/","name":"Nuestro Bio B\u00edo","description":"Tierra de Encuentros","potentialAction":[{"@type":"SearchAction","target":{"@type":"EntryPoint","urlTemplate":"https:\/\/www.fraczinet.cl\/sitio\/?s={search_term_string}"},"query-input":{"@type":"PropertyValueSpecification","valueRequired":true,"valueName":"search_term_string"}}],"inLanguage":"es"},{"@type":"Person","@id":""}]}},"_links":{"self":[{"href":"https:\/\/www.fraczinet.cl\/sitio\/wp-json\/wp\/v2\/posts\/1801","targetHints":{"allow":["GET"]}}],"collection":[{"href":"https:\/\/www.fraczinet.cl\/sitio\/wp-json\/wp\/v2\/posts"}],"about":[{"href":"https:\/\/www.fraczinet.cl\/sitio\/wp-json\/wp\/v2\/types\/post"}],"author":[{"embeddable":true,"href":"https:\/\/www.fraczinet.cl\/sitio\/wp-json\/wp\/v2\/users\/1"}],"replies":[{"embeddable":true,"href":"https:\/\/www.fraczinet.cl\/sitio\/wp-json\/wp\/v2\/comments?post=1801"}],"version-history":[{"count":1,"href":"https:\/\/www.fraczinet.cl\/sitio\/wp-json\/wp\/v2\/posts\/1801\/revisions"}],"predecessor-version":[{"id":1832,"href":"https:\/\/www.fraczinet.cl\/sitio\/wp-json\/wp\/v2\/posts\/1801\/revisions\/1832"}],"wp:featuredmedia":[{"embeddable":true,"href":"https:\/\/www.fraczinet.cl\/sitio\/wp-json\/wp\/v2\/media\/1831"}],"wp:attachment":[{"href":"https:\/\/www.fraczinet.cl\/sitio\/wp-json\/wp\/v2\/media?parent=1801"}],"wp:term":[{"taxonomy":"category","embeddable":true,"href":"https:\/\/www.fraczinet.cl\/sitio\/wp-json\/wp\/v2\/categories?post=1801"},{"taxonomy":"post_tag","embeddable":true,"href":"https:\/\/www.fraczinet.cl\/sitio\/wp-json\/wp\/v2\/tags?post=1801"}],"curies":[{"name":"wp","href":"https:\/\/api.w.org\/{rel}","templated":true}]}}