{"id":1807,"date":"2009-12-27T18:58:00","date_gmt":"2009-12-27T18:58:00","guid":{"rendered":""},"modified":"2021-07-26T00:40:59","modified_gmt":"2021-07-26T00:40:59","slug":"rejas-metalicas-del-fundo-quinel","status":"publish","type":"post","link":"https:\/\/www.fraczinet.cl\/sitio\/rejas-metalicas-del-fundo-quinel\/","title":{"rendered":"Rejas Met\u00e1licas del Fundo Quinel"},"content":{"rendered":"<p><a href=\"https:\/\/www.fraczinet.cl\/sitio\/wp-content\/uploads\/2009\/12\/Fundo_Quinel.png\"><img decoding=\"async\" style=\"float:left; margin:0 10px 10px 0;cursor:pointer; cursor:hand;width: 143px; height: 93px;\" src=\"https:\/\/www.fraczinet.cl\/sitio\/wp-content\/uploads\/2009\/12\/Fundo_Quinel.png\" border=\"0\" alt=\"\"id=\"BLOGGER_PHOTO_ID_5419993053977451490\" \/><\/a>Rejas met\u00e1licas construidas a fines del siglo XIX y que pertenecieron al Regimiento de Artiller\u00eda Tacna de Santiago, ubicado en calle Tupper, frente al antiguo Parque Cousi\u00f1o.  Fueron demolidas el a\u00f1o 1987 y adquiridas por el due\u00f1o del Fundo Quinel, las instal\u00f3 en su propiedad en 1996.  A\u00f1o Construcci\u00f3n: 1890 Direcci\u00f3n: Fundo Quinel<\/p>\n","protected":false},"excerpt":{"rendered":"<p>Rejas met\u00e1licas construidas a fines del siglo XIX y que pertenecieron al Regimiento de Artiller\u00eda Tacna de Santiago, ubicado en calle Tupper, frente al antiguo Parque Cousi\u00f1o. Fueron demolidas el a\u00f1o 1987 y adquiridas por el due\u00f1o del Fundo Quinel, las instal\u00f3 en su propiedad en 1996. A\u00f1o Construcci\u00f3n: 1890 Direcci\u00f3n: Fundo Quinel<\/p>\n","protected":false},"author":1,"featured_media":1843,"comment_status":"open","ping_status":"closed","sticky":false,"template":"","format":"standard","meta":{"footnotes":""},"categories":[21,17],"tags":[],"class_list":["post-1807","post","type-post","status-publish","format-standard","has-post-thumbnail","hentry","category-cabrero","category-patrimonio-arquitectonico"],"yoast_head":"<!-- This site is optimized with the Yoast SEO plugin v28.2 - https:\/\/yoast.com\/product\/yoast-seo-wordpress\/ -->\n<title>Rejas Met\u00e1licas del Fundo Quinel - Nuestro Bio B\u00edo<\/title>\n<meta name=\"robots\" content=\"index, follow, max-snippet:-1, max-image-preview:large, max-video-preview:-1\" \/>\n<link rel=\"canonical\" href=\"https:\/\/www.fraczinet.cl\/sitio\/rejas-metalicas-del-fundo-quinel\/\" \/>\n<meta property=\"og:locale\" content=\"es_ES\" \/>\n<meta property=\"og:type\" content=\"article\" \/>\n<meta property=\"og:title\" content=\"Rejas Met\u00e1licas del Fundo Quinel - Nuestro Bio B\u00edo\" \/>\n<meta property=\"og:description\" content=\"Rejas met\u00e1licas construidas a fines del siglo XIX y que pertenecieron al Regimiento de Artiller\u00eda Tacna de Santiago, ubicado en calle Tupper, frente al antiguo Parque Cousi\u00f1o. Fueron demolidas el a\u00f1o 1987 y adquiridas por el due\u00f1o del Fundo Quinel, las instal\u00f3 en su propiedad en 1996. A\u00f1o Construcci\u00f3n: 1890 Direcci\u00f3n: Fundo Quinel\" \/>\n<meta property=\"og:url\" content=\"https:\/\/www.fraczinet.cl\/sitio\/rejas-metalicas-del-fundo-quinel\/\" \/>\n<meta property=\"og:site_name\" content=\"Nuestro Bio B\u00edo\" \/>\n<meta property=\"article:publisher\" content=\"https:\/\/www.facebook.com\/groups\/15721414452\/\" \/>\n<meta property=\"article:published_time\" content=\"2009-12-27T18:58:00+00:00\" \/>\n<meta property=\"article:modified_time\" content=\"2021-07-26T00:40:59+00:00\" \/>\n<meta property=\"og:image\" content=\"https:\/\/www.fraczinet.cl\/sitio\/wp-content\/uploads\/2009\/12\/Fundo_Quinel.png\" \/>\n\t<meta property=\"og:image:width\" content=\"143\" \/>\n\t<meta property=\"og:image:height\" content=\"93\" \/>\n\t<meta property=\"og:image:type\" content=\"image\/png\" \/>\n<meta name=\"twitter:card\" content=\"summary_large_image\" \/>\n<meta name=\"twitter:creator\" content=\"@nuestrobiobio\" \/>\n<meta name=\"twitter:site\" content=\"@nuestrobiobio\" \/>\n<meta name=\"twitter:label1\" content=\"Escrito por\" \/>\n\t<meta name=\"twitter:data1\" content=\"\" \/>\n<script type=\"application\/ld+json\" class=\"yoast-schema-graph\">{\"@context\":\"https:\\\/\\\/schema.org\",\"@graph\":[{\"@type\":\"Article\",\"@id\":\"https:\\\/\\\/www.fraczinet.cl\\\/sitio\\\/rejas-metalicas-del-fundo-quinel\\\/#article\",\"isPartOf\":{\"@id\":\"https:\\\/\\\/www.fraczinet.cl\\\/sitio\\\/rejas-metalicas-del-fundo-quinel\\\/\"},\"author\":{\"name\":\"\",\"@id\":\"\"},\"headline\":\"Rejas Met\u00e1licas del Fundo Quinel\",\"datePublished\":\"2009-12-27T18:58:00+00:00\",\"dateModified\":\"2021-07-26T00:40:59+00:00\",\"mainEntityOfPage\":{\"@id\":\"https:\\\/\\\/www.fraczinet.cl\\\/sitio\\\/rejas-metalicas-del-fundo-quinel\\\/\"},\"wordCount\":64,\"commentCount\":0,\"image\":{\"@id\":\"https:\\\/\\\/www.fraczinet.cl\\\/sitio\\\/rejas-metalicas-del-fundo-quinel\\\/#primaryimage\"},\"thumbnailUrl\":\"https:\\\/\\\/www.fraczinet.cl\\\/sitio\\\/wp-content\\\/uploads\\\/2009\\\/12\\\/Fundo_Quinel.png\",\"articleSection\":[\"Cabrero\",\"Patrimonio Arquitect\u00f3nico\"],\"inLanguage\":\"es\",\"potentialAction\":[{\"@type\":\"CommentAction\",\"name\":\"Comment\",\"target\":[\"https:\\\/\\\/www.fraczinet.cl\\\/sitio\\\/rejas-metalicas-del-fundo-quinel\\\/#respond\"]}]},{\"@type\":\"WebPage\",\"@id\":\"https:\\\/\\\/www.fraczinet.cl\\\/sitio\\\/rejas-metalicas-del-fundo-quinel\\\/\",\"url\":\"https:\\\/\\\/www.fraczinet.cl\\\/sitio\\\/rejas-metalicas-del-fundo-quinel\\\/\",\"name\":\"Rejas Met\u00e1licas del Fundo Quinel - Nuestro Bio B\u00edo\",\"isPartOf\":{\"@id\":\"https:\\\/\\\/www.fraczinet.cl\\\/sitio\\\/#website\"},\"primaryImageOfPage\":{\"@id\":\"https:\\\/\\\/www.fraczinet.cl\\\/sitio\\\/rejas-metalicas-del-fundo-quinel\\\/#primaryimage\"},\"image\":{\"@id\":\"https:\\\/\\\/www.fraczinet.cl\\\/sitio\\\/rejas-metalicas-del-fundo-quinel\\\/#primaryimage\"},\"thumbnailUrl\":\"https:\\\/\\\/www.fraczinet.cl\\\/sitio\\\/wp-content\\\/uploads\\\/2009\\\/12\\\/Fundo_Quinel.png\",\"datePublished\":\"2009-12-27T18:58:00+00:00\",\"dateModified\":\"2021-07-26T00:40:59+00:00\",\"author\":{\"@id\":\"\"},\"breadcrumb\":{\"@id\":\"https:\\\/\\\/www.fraczinet.cl\\\/sitio\\\/rejas-metalicas-del-fundo-quinel\\\/#breadcrumb\"},\"inLanguage\":\"es\",\"potentialAction\":[{\"@type\":\"ReadAction\",\"target\":[\"https:\\\/\\\/www.fraczinet.cl\\\/sitio\\\/rejas-metalicas-del-fundo-quinel\\\/\"]}]},{\"@type\":\"ImageObject\",\"inLanguage\":\"es\",\"@id\":\"https:\\\/\\\/www.fraczinet.cl\\\/sitio\\\/rejas-metalicas-del-fundo-quinel\\\/#primaryimage\",\"url\":\"https:\\\/\\\/www.fraczinet.cl\\\/sitio\\\/wp-content\\\/uploads\\\/2009\\\/12\\\/Fundo_Quinel.png\",\"contentUrl\":\"https:\\\/\\\/www.fraczinet.cl\\\/sitio\\\/wp-content\\\/uploads\\\/2009\\\/12\\\/Fundo_Quinel.png\",\"width\":143,\"height\":93},{\"@type\":\"BreadcrumbList\",\"@id\":\"https:\\\/\\\/www.fraczinet.cl\\\/sitio\\\/rejas-metalicas-del-fundo-quinel\\\/#breadcrumb\",\"itemListElement\":[{\"@type\":\"ListItem\",\"position\":1,\"name\":\"Portada\",\"item\":\"https:\\\/\\\/www.fraczinet.cl\\\/sitio\\\/\"},{\"@type\":\"ListItem\",\"position\":2,\"name\":\"Rejas Met\u00e1licas del Fundo Quinel\"}]},{\"@type\":\"WebSite\",\"@id\":\"https:\\\/\\\/www.fraczinet.cl\\\/sitio\\\/#website\",\"url\":\"https:\\\/\\\/www.fraczinet.cl\\\/sitio\\\/\",\"name\":\"Nuestro Bio B\u00edo\",\"description\":\"Tierra de Encuentros\",\"potentialAction\":[{\"@type\":\"SearchAction\",\"target\":{\"@type\":\"EntryPoint\",\"urlTemplate\":\"https:\\\/\\\/www.fraczinet.cl\\\/sitio\\\/?s={search_term_string}\"},\"query-input\":{\"@type\":\"PropertyValueSpecification\",\"valueRequired\":true,\"valueName\":\"search_term_string\"}}],\"inLanguage\":\"es\"},{\"@type\":\"Person\",\"@id\":\"\"}]}<\/script>\n<!-- \/ Yoast SEO plugin. -->","yoast_head_json":{"title":"Rejas Met\u00e1licas del Fundo Quinel - Nuestro Bio B\u00edo","robots":{"index":"index","follow":"follow","max-snippet":"max-snippet:-1","max-image-preview":"max-image-preview:large","max-video-preview":"max-video-preview:-1"},"canonical":"https:\/\/www.fraczinet.cl\/sitio\/rejas-metalicas-del-fundo-quinel\/","og_locale":"es_ES","og_type":"article","og_title":"Rejas Met\u00e1licas del Fundo Quinel - Nuestro Bio B\u00edo","og_description":"Rejas met\u00e1licas construidas a fines del siglo XIX y que pertenecieron al Regimiento de Artiller\u00eda Tacna de Santiago, ubicado en calle Tupper, frente al antiguo Parque Cousi\u00f1o. Fueron demolidas el a\u00f1o 1987 y adquiridas por el due\u00f1o del Fundo Quinel, las instal\u00f3 en su propiedad en 1996. A\u00f1o Construcci\u00f3n: 1890 Direcci\u00f3n: Fundo Quinel","og_url":"https:\/\/www.fraczinet.cl\/sitio\/rejas-metalicas-del-fundo-quinel\/","og_site_name":"Nuestro Bio B\u00edo","article_publisher":"https:\/\/www.facebook.com\/groups\/15721414452\/","article_published_time":"2009-12-27T18:58:00+00:00","article_modified_time":"2021-07-26T00:40:59+00:00","og_image":[{"width":143,"height":93,"url":"https:\/\/www.fraczinet.cl\/sitio\/wp-content\/uploads\/2009\/12\/Fundo_Quinel.png","type":"image\/png"}],"twitter_card":"summary_large_image","twitter_creator":"@nuestrobiobio","twitter_site":"@nuestrobiobio","twitter_misc":{"Escrito por":""},"schema":{"@context":"https:\/\/schema.org","@graph":[{"@type":"Article","@id":"https:\/\/www.fraczinet.cl\/sitio\/rejas-metalicas-del-fundo-quinel\/#article","isPartOf":{"@id":"https:\/\/www.fraczinet.cl\/sitio\/rejas-metalicas-del-fundo-quinel\/"},"author":{"name":"","@id":""},"headline":"Rejas Met\u00e1licas del Fundo Quinel","datePublished":"2009-12-27T18:58:00+00:00","dateModified":"2021-07-26T00:40:59+00:00","mainEntityOfPage":{"@id":"https:\/\/www.fraczinet.cl\/sitio\/rejas-metalicas-del-fundo-quinel\/"},"wordCount":64,"commentCount":0,"image":{"@id":"https:\/\/www.fraczinet.cl\/sitio\/rejas-metalicas-del-fundo-quinel\/#primaryimage"},"thumbnailUrl":"https:\/\/www.fraczinet.cl\/sitio\/wp-content\/uploads\/2009\/12\/Fundo_Quinel.png","articleSection":["Cabrero","Patrimonio Arquitect\u00f3nico"],"inLanguage":"es","potentialAction":[{"@type":"CommentAction","name":"Comment","target":["https:\/\/www.fraczinet.cl\/sitio\/rejas-metalicas-del-fundo-quinel\/#respond"]}]},{"@type":"WebPage","@id":"https:\/\/www.fraczinet.cl\/sitio\/rejas-metalicas-del-fundo-quinel\/","url":"https:\/\/www.fraczinet.cl\/sitio\/rejas-metalicas-del-fundo-quinel\/","name":"Rejas Met\u00e1licas del Fundo Quinel - Nuestro Bio B\u00edo","isPartOf":{"@id":"https:\/\/www.fraczinet.cl\/sitio\/#website"},"primaryImageOfPage":{"@id":"https:\/\/www.fraczinet.cl\/sitio\/rejas-metalicas-del-fundo-quinel\/#primaryimage"},"image":{"@id":"https:\/\/www.fraczinet.cl\/sitio\/rejas-metalicas-del-fundo-quinel\/#primaryimage"},"thumbnailUrl":"https:\/\/www.fraczinet.cl\/sitio\/wp-content\/uploads\/2009\/12\/Fundo_Quinel.png","datePublished":"2009-12-27T18:58:00+00:00","dateModified":"2021-07-26T00:40:59+00:00","author":{"@id":""},"breadcrumb":{"@id":"https:\/\/www.fraczinet.cl\/sitio\/rejas-metalicas-del-fundo-quinel\/#breadcrumb"},"inLanguage":"es","potentialAction":[{"@type":"ReadAction","target":["https:\/\/www.fraczinet.cl\/sitio\/rejas-metalicas-del-fundo-quinel\/"]}]},{"@type":"ImageObject","inLanguage":"es","@id":"https:\/\/www.fraczinet.cl\/sitio\/rejas-metalicas-del-fundo-quinel\/#primaryimage","url":"https:\/\/www.fraczinet.cl\/sitio\/wp-content\/uploads\/2009\/12\/Fundo_Quinel.png","contentUrl":"https:\/\/www.fraczinet.cl\/sitio\/wp-content\/uploads\/2009\/12\/Fundo_Quinel.png","width":143,"height":93},{"@type":"BreadcrumbList","@id":"https:\/\/www.fraczinet.cl\/sitio\/rejas-metalicas-del-fundo-quinel\/#breadcrumb","itemListElement":[{"@type":"ListItem","position":1,"name":"Portada","item":"https:\/\/www.fraczinet.cl\/sitio\/"},{"@type":"ListItem","position":2,"name":"Rejas Met\u00e1licas del Fundo Quinel"}]},{"@type":"WebSite","@id":"https:\/\/www.fraczinet.cl\/sitio\/#website","url":"https:\/\/www.fraczinet.cl\/sitio\/","name":"Nuestro Bio B\u00edo","description":"Tierra de Encuentros","potentialAction":[{"@type":"SearchAction","target":{"@type":"EntryPoint","urlTemplate":"https:\/\/www.fraczinet.cl\/sitio\/?s={search_term_string}"},"query-input":{"@type":"PropertyValueSpecification","valueRequired":true,"valueName":"search_term_string"}}],"inLanguage":"es"},{"@type":"Person","@id":""}]}},"_links":{"self":[{"href":"https:\/\/www.fraczinet.cl\/sitio\/wp-json\/wp\/v2\/posts\/1807","targetHints":{"allow":["GET"]}}],"collection":[{"href":"https:\/\/www.fraczinet.cl\/sitio\/wp-json\/wp\/v2\/posts"}],"about":[{"href":"https:\/\/www.fraczinet.cl\/sitio\/wp-json\/wp\/v2\/types\/post"}],"author":[{"embeddable":true,"href":"https:\/\/www.fraczinet.cl\/sitio\/wp-json\/wp\/v2\/users\/1"}],"replies":[{"embeddable":true,"href":"https:\/\/www.fraczinet.cl\/sitio\/wp-json\/wp\/v2\/comments?post=1807"}],"version-history":[{"count":1,"href":"https:\/\/www.fraczinet.cl\/sitio\/wp-json\/wp\/v2\/posts\/1807\/revisions"}],"predecessor-version":[{"id":1844,"href":"https:\/\/www.fraczinet.cl\/sitio\/wp-json\/wp\/v2\/posts\/1807\/revisions\/1844"}],"wp:featuredmedia":[{"embeddable":true,"href":"https:\/\/www.fraczinet.cl\/sitio\/wp-json\/wp\/v2\/media\/1843"}],"wp:attachment":[{"href":"https:\/\/www.fraczinet.cl\/sitio\/wp-json\/wp\/v2\/media?parent=1807"}],"wp:term":[{"taxonomy":"category","embeddable":true,"href":"https:\/\/www.fraczinet.cl\/sitio\/wp-json\/wp\/v2\/categories?post=1807"},{"taxonomy":"post_tag","embeddable":true,"href":"https:\/\/www.fraczinet.cl\/sitio\/wp-json\/wp\/v2\/tags?post=1807"}],"curies":[{"name":"wp","href":"https:\/\/api.w.org\/{rel}","templated":true}]}}