{"id":2168,"date":"2009-02-17T13:48:00","date_gmt":"2009-02-17T13:48:00","guid":{"rendered":"https:\/\/www.fraczinet.cl\/sitio\/2009\/02\/17\/casa-etchevers\/"},"modified":"2009-02-17T13:48:00","modified_gmt":"2009-02-17T13:48:00","slug":"casa-etchevers","status":"publish","type":"post","link":"https:\/\/www.fraczinet.cl\/sitio\/2009\/02\/17\/casa-etchevers\/","title":{"rendered":"Casa Etchevers"},"content":{"rendered":"<p><a href=\"http:\/\/4.bp.blogspot.com\/_2S_RxGRVjis\/SZrAo3aUvwI\/AAAAAAAAIPU\/9j7uI9FqFyg\/s1600-h\/Casa+Etchevers.JPG\"><img decoding=\"async\" style=\"float:left; margin:0 10px 10px 0;cursor:pointer; cursor:hand;width: 143px; height: 93px;\" src=\"http:\/\/4.bp.blogspot.com\/_2S_RxGRVjis\/SZrAo3aUvwI\/AAAAAAAAIPU\/9j7uI9FqFyg\/s200\/Casa+Etchevers.JPG\" border=\"0\" alt=\"\"id=\"BLOGGER_PHOTO_ID_5303763319483842306\" \/><\/a>Construida como vivienda unifamiliar fue donada por la familia Etchevers en el a\u00f1o 1971 al Servicio de Salud de \u00d1uble para un hogar de madres campesinas.  Actualmente se encuentra pr\u00e1cticamente abandonada y en proceso de deterioro por falta de mantenci\u00f3n.  A\u00f1o Construcci\u00f3n: 1934  Direcci\u00f3n: Constituci\u00f3n esquina Ignacio Riquelme<\/p>\n","protected":false},"excerpt":{"rendered":"<p>Construida como vivienda unifamiliar fue donada por la familia Etchevers en el a\u00f1o 1971 al Servicio de Salud de \u00d1uble para un hogar de madres campesinas. Actualmente se encuentra pr\u00e1cticamente abandonada y en proceso de deterioro por falta de mantenci\u00f3n. A\u00f1o Construcci\u00f3n: 1934 Direcci\u00f3n: Constituci\u00f3n esquina Ignacio Riquelme<\/p>\n","protected":false},"author":1,"featured_media":0,"comment_status":"open","ping_status":"open","sticky":false,"template":"","format":"standard","meta":{"footnotes":""},"categories":[31,17],"tags":[],"class_list":["post-2168","post","type-post","status-publish","format-standard","hentry","category-chillan","category-patrimonio-arquitectonico"],"yoast_head":"<!-- This site is optimized with the Yoast SEO plugin v25.0 - https:\/\/yoast.com\/wordpress\/plugins\/seo\/ -->\n<title>Casa Etchevers - Nuestro Bio B\u00edo<\/title>\n<meta name=\"robots\" content=\"index, follow, max-snippet:-1, max-image-preview:large, max-video-preview:-1\" \/>\n<link rel=\"canonical\" href=\"https:\/\/www.fraczinet.cl\/sitio\/2009\/02\/17\/casa-etchevers\/\" \/>\n<meta property=\"og:locale\" content=\"es_ES\" \/>\n<meta property=\"og:type\" content=\"article\" \/>\n<meta property=\"og:title\" content=\"Casa Etchevers - Nuestro Bio B\u00edo\" \/>\n<meta property=\"og:description\" content=\"Construida como vivienda unifamiliar fue donada por la familia Etchevers en el a\u00f1o 1971 al Servicio de Salud de \u00d1uble para un hogar de madres campesinas. Actualmente se encuentra pr\u00e1cticamente abandonada y en proceso de deterioro por falta de mantenci\u00f3n. A\u00f1o Construcci\u00f3n: 1934 Direcci\u00f3n: Constituci\u00f3n esquina Ignacio Riquelme\" \/>\n<meta property=\"og:url\" content=\"https:\/\/www.fraczinet.cl\/sitio\/2009\/02\/17\/casa-etchevers\/\" \/>\n<meta property=\"og:site_name\" content=\"Nuestro Bio B\u00edo\" \/>\n<meta property=\"article:published_time\" content=\"2009-02-17T13:48:00+00:00\" \/>\n<meta property=\"og:image\" content=\"http:\/\/4.bp.blogspot.com\/_2S_RxGRVjis\/SZrAo3aUvwI\/AAAAAAAAIPU\/9j7uI9FqFyg\/s200\/Casa+Etchevers.JPG\" \/>\n<meta name=\"author\" content=\"admin\" \/>\n<meta name=\"twitter:card\" content=\"summary_large_image\" \/>\n<meta name=\"twitter:creator\" content=\"@nuestrobiobio\" \/>\n<meta name=\"twitter:site\" content=\"@nuestrobiobio\" \/>\n<meta name=\"twitter:label1\" content=\"Escrito por\" \/>\n\t<meta name=\"twitter:data1\" content=\"admin\" \/>\n<script type=\"application\/ld+json\" class=\"yoast-schema-graph\">{\"@context\":\"https:\/\/schema.org\",\"@graph\":[{\"@type\":\"Article\",\"@id\":\"https:\/\/www.fraczinet.cl\/sitio\/2009\/02\/17\/casa-etchevers\/#article\",\"isPartOf\":{\"@id\":\"https:\/\/www.fraczinet.cl\/sitio\/2009\/02\/17\/casa-etchevers\/\"},\"author\":{\"name\":\"admin\",\"@id\":\"https:\/\/www.fraczinet.cl\/sitio\/#\/schema\/person\/bc30f98e9cb10ae7e119dbe14bc93784\"},\"headline\":\"Casa Etchevers\",\"datePublished\":\"2009-02-17T13:48:00+00:00\",\"mainEntityOfPage\":{\"@id\":\"https:\/\/www.fraczinet.cl\/sitio\/2009\/02\/17\/casa-etchevers\/\"},\"wordCount\":55,\"commentCount\":0,\"publisher\":{\"@id\":\"https:\/\/www.fraczinet.cl\/sitio\/#\/schema\/person\/aec8ee4da68df2b9b0eefdad24a0d582\"},\"image\":{\"@id\":\"https:\/\/www.fraczinet.cl\/sitio\/2009\/02\/17\/casa-etchevers\/#primaryimage\"},\"thumbnailUrl\":\"http:\/\/4.bp.blogspot.com\/_2S_RxGRVjis\/SZrAo3aUvwI\/AAAAAAAAIPU\/9j7uI9FqFyg\/s200\/Casa+Etchevers.JPG\",\"articleSection\":[\"Chill\u00e1n\",\"Patrimonio Arquitect\u00f3nico\"],\"inLanguage\":\"es\",\"potentialAction\":[{\"@type\":\"CommentAction\",\"name\":\"Comment\",\"target\":[\"https:\/\/www.fraczinet.cl\/sitio\/2009\/02\/17\/casa-etchevers\/#respond\"]}]},{\"@type\":\"WebPage\",\"@id\":\"https:\/\/www.fraczinet.cl\/sitio\/2009\/02\/17\/casa-etchevers\/\",\"url\":\"https:\/\/www.fraczinet.cl\/sitio\/2009\/02\/17\/casa-etchevers\/\",\"name\":\"Casa Etchevers - Nuestro Bio B\u00edo\",\"isPartOf\":{\"@id\":\"https:\/\/www.fraczinet.cl\/sitio\/#website\"},\"primaryImageOfPage\":{\"@id\":\"https:\/\/www.fraczinet.cl\/sitio\/2009\/02\/17\/casa-etchevers\/#primaryimage\"},\"image\":{\"@id\":\"https:\/\/www.fraczinet.cl\/sitio\/2009\/02\/17\/casa-etchevers\/#primaryimage\"},\"thumbnailUrl\":\"http:\/\/4.bp.blogspot.com\/_2S_RxGRVjis\/SZrAo3aUvwI\/AAAAAAAAIPU\/9j7uI9FqFyg\/s200\/Casa+Etchevers.JPG\",\"datePublished\":\"2009-02-17T13:48:00+00:00\",\"breadcrumb\":{\"@id\":\"https:\/\/www.fraczinet.cl\/sitio\/2009\/02\/17\/casa-etchevers\/#breadcrumb\"},\"inLanguage\":\"es\",\"potentialAction\":[{\"@type\":\"ReadAction\",\"target\":[\"https:\/\/www.fraczinet.cl\/sitio\/2009\/02\/17\/casa-etchevers\/\"]}]},{\"@type\":\"ImageObject\",\"inLanguage\":\"es\",\"@id\":\"https:\/\/www.fraczinet.cl\/sitio\/2009\/02\/17\/casa-etchevers\/#primaryimage\",\"url\":\"http:\/\/4.bp.blogspot.com\/_2S_RxGRVjis\/SZrAo3aUvwI\/AAAAAAAAIPU\/9j7uI9FqFyg\/s200\/Casa+Etchevers.JPG\",\"contentUrl\":\"http:\/\/4.bp.blogspot.com\/_2S_RxGRVjis\/SZrAo3aUvwI\/AAAAAAAAIPU\/9j7uI9FqFyg\/s200\/Casa+Etchevers.JPG\"},{\"@type\":\"BreadcrumbList\",\"@id\":\"https:\/\/www.fraczinet.cl\/sitio\/2009\/02\/17\/casa-etchevers\/#breadcrumb\",\"itemListElement\":[{\"@type\":\"ListItem\",\"position\":1,\"name\":\"Portada\",\"item\":\"https:\/\/www.fraczinet.cl\/sitio\/\"},{\"@type\":\"ListItem\",\"position\":2,\"name\":\"Casa Etchevers\"}]},{\"@type\":\"WebSite\",\"@id\":\"https:\/\/www.fraczinet.cl\/sitio\/#website\",\"url\":\"https:\/\/www.fraczinet.cl\/sitio\/\",\"name\":\"Nuestro Bio B\u00edo\",\"description\":\"Tierra de Encuentros\",\"publisher\":{\"@id\":\"https:\/\/www.fraczinet.cl\/sitio\/#\/schema\/person\/aec8ee4da68df2b9b0eefdad24a0d582\"},\"potentialAction\":[{\"@type\":\"SearchAction\",\"target\":{\"@type\":\"EntryPoint\",\"urlTemplate\":\"https:\/\/www.fraczinet.cl\/sitio\/?s={search_term_string}\"},\"query-input\":{\"@type\":\"PropertyValueSpecification\",\"valueRequired\":true,\"valueName\":\"search_term_string\"}}],\"inLanguage\":\"es\"},{\"@type\":[\"Person\",\"Organization\"],\"@id\":\"https:\/\/www.fraczinet.cl\/sitio\/#\/schema\/person\/aec8ee4da68df2b9b0eefdad24a0d582\",\"name\":\"Luis Fernando Fraczinet\",\"image\":{\"@type\":\"ImageObject\",\"inLanguage\":\"es\",\"@id\":\"https:\/\/www.fraczinet.cl\/sitio\/#\/schema\/person\/image\/\",\"url\":\"https:\/\/www.fraczinet.cl\/sitio\/wp-content\/uploads\/2021\/07\/bannerlogo-1.gif\",\"contentUrl\":\"https:\/\/www.fraczinet.cl\/sitio\/wp-content\/uploads\/2021\/07\/bannerlogo-1.gif\",\"width\":159,\"height\":79,\"caption\":\"Luis Fernando Fraczinet\"},\"logo\":{\"@id\":\"https:\/\/www.fraczinet.cl\/sitio\/#\/schema\/person\/image\/\"},\"sameAs\":[\"https:\/\/www.fraczinet.cl\/sitio\/\"]},{\"@type\":\"Person\",\"@id\":\"https:\/\/www.fraczinet.cl\/sitio\/#\/schema\/person\/bc30f98e9cb10ae7e119dbe14bc93784\",\"name\":\"admin\",\"image\":{\"@type\":\"ImageObject\",\"inLanguage\":\"es\",\"@id\":\"https:\/\/www.fraczinet.cl\/sitio\/#\/schema\/person\/image\/\",\"url\":\"https:\/\/secure.gravatar.com\/avatar\/d5ad3cf7ef3b23a2bb5be73be780c86b2fc8545c3ad6b149f3913ff458c00099?s=96&d=mm&r=g\",\"contentUrl\":\"https:\/\/secure.gravatar.com\/avatar\/d5ad3cf7ef3b23a2bb5be73be780c86b2fc8545c3ad6b149f3913ff458c00099?s=96&d=mm&r=g\",\"caption\":\"admin\"},\"sameAs\":[\"https:\/\/www.fraczinet.cl\/sitio\"]}]}<\/script>\n<!-- \/ Yoast SEO plugin. -->","yoast_head_json":{"title":"Casa Etchevers - Nuestro Bio B\u00edo","robots":{"index":"index","follow":"follow","max-snippet":"max-snippet:-1","max-image-preview":"max-image-preview:large","max-video-preview":"max-video-preview:-1"},"canonical":"https:\/\/www.fraczinet.cl\/sitio\/2009\/02\/17\/casa-etchevers\/","og_locale":"es_ES","og_type":"article","og_title":"Casa Etchevers - Nuestro Bio B\u00edo","og_description":"Construida como vivienda unifamiliar fue donada por la familia Etchevers en el a\u00f1o 1971 al Servicio de Salud de \u00d1uble para un hogar de madres campesinas. Actualmente se encuentra pr\u00e1cticamente abandonada y en proceso de deterioro por falta de mantenci\u00f3n. A\u00f1o Construcci\u00f3n: 1934 Direcci\u00f3n: Constituci\u00f3n esquina Ignacio Riquelme","og_url":"https:\/\/www.fraczinet.cl\/sitio\/2009\/02\/17\/casa-etchevers\/","og_site_name":"Nuestro Bio B\u00edo","article_published_time":"2009-02-17T13:48:00+00:00","og_image":[{"url":"http:\/\/4.bp.blogspot.com\/_2S_RxGRVjis\/SZrAo3aUvwI\/AAAAAAAAIPU\/9j7uI9FqFyg\/s200\/Casa+Etchevers.JPG","type":"","width":"","height":""}],"author":"admin","twitter_card":"summary_large_image","twitter_creator":"@nuestrobiobio","twitter_site":"@nuestrobiobio","twitter_misc":{"Escrito por":"admin"},"schema":{"@context":"https:\/\/schema.org","@graph":[{"@type":"Article","@id":"https:\/\/www.fraczinet.cl\/sitio\/2009\/02\/17\/casa-etchevers\/#article","isPartOf":{"@id":"https:\/\/www.fraczinet.cl\/sitio\/2009\/02\/17\/casa-etchevers\/"},"author":{"name":"admin","@id":"https:\/\/www.fraczinet.cl\/sitio\/#\/schema\/person\/bc30f98e9cb10ae7e119dbe14bc93784"},"headline":"Casa Etchevers","datePublished":"2009-02-17T13:48:00+00:00","mainEntityOfPage":{"@id":"https:\/\/www.fraczinet.cl\/sitio\/2009\/02\/17\/casa-etchevers\/"},"wordCount":55,"commentCount":0,"publisher":{"@id":"https:\/\/www.fraczinet.cl\/sitio\/#\/schema\/person\/aec8ee4da68df2b9b0eefdad24a0d582"},"image":{"@id":"https:\/\/www.fraczinet.cl\/sitio\/2009\/02\/17\/casa-etchevers\/#primaryimage"},"thumbnailUrl":"http:\/\/4.bp.blogspot.com\/_2S_RxGRVjis\/SZrAo3aUvwI\/AAAAAAAAIPU\/9j7uI9FqFyg\/s200\/Casa+Etchevers.JPG","articleSection":["Chill\u00e1n","Patrimonio Arquitect\u00f3nico"],"inLanguage":"es","potentialAction":[{"@type":"CommentAction","name":"Comment","target":["https:\/\/www.fraczinet.cl\/sitio\/2009\/02\/17\/casa-etchevers\/#respond"]}]},{"@type":"WebPage","@id":"https:\/\/www.fraczinet.cl\/sitio\/2009\/02\/17\/casa-etchevers\/","url":"https:\/\/www.fraczinet.cl\/sitio\/2009\/02\/17\/casa-etchevers\/","name":"Casa Etchevers - Nuestro Bio B\u00edo","isPartOf":{"@id":"https:\/\/www.fraczinet.cl\/sitio\/#website"},"primaryImageOfPage":{"@id":"https:\/\/www.fraczinet.cl\/sitio\/2009\/02\/17\/casa-etchevers\/#primaryimage"},"image":{"@id":"https:\/\/www.fraczinet.cl\/sitio\/2009\/02\/17\/casa-etchevers\/#primaryimage"},"thumbnailUrl":"http:\/\/4.bp.blogspot.com\/_2S_RxGRVjis\/SZrAo3aUvwI\/AAAAAAAAIPU\/9j7uI9FqFyg\/s200\/Casa+Etchevers.JPG","datePublished":"2009-02-17T13:48:00+00:00","breadcrumb":{"@id":"https:\/\/www.fraczinet.cl\/sitio\/2009\/02\/17\/casa-etchevers\/#breadcrumb"},"inLanguage":"es","potentialAction":[{"@type":"ReadAction","target":["https:\/\/www.fraczinet.cl\/sitio\/2009\/02\/17\/casa-etchevers\/"]}]},{"@type":"ImageObject","inLanguage":"es","@id":"https:\/\/www.fraczinet.cl\/sitio\/2009\/02\/17\/casa-etchevers\/#primaryimage","url":"http:\/\/4.bp.blogspot.com\/_2S_RxGRVjis\/SZrAo3aUvwI\/AAAAAAAAIPU\/9j7uI9FqFyg\/s200\/Casa+Etchevers.JPG","contentUrl":"http:\/\/4.bp.blogspot.com\/_2S_RxGRVjis\/SZrAo3aUvwI\/AAAAAAAAIPU\/9j7uI9FqFyg\/s200\/Casa+Etchevers.JPG"},{"@type":"BreadcrumbList","@id":"https:\/\/www.fraczinet.cl\/sitio\/2009\/02\/17\/casa-etchevers\/#breadcrumb","itemListElement":[{"@type":"ListItem","position":1,"name":"Portada","item":"https:\/\/www.fraczinet.cl\/sitio\/"},{"@type":"ListItem","position":2,"name":"Casa Etchevers"}]},{"@type":"WebSite","@id":"https:\/\/www.fraczinet.cl\/sitio\/#website","url":"https:\/\/www.fraczinet.cl\/sitio\/","name":"Nuestro Bio B\u00edo","description":"Tierra de Encuentros","publisher":{"@id":"https:\/\/www.fraczinet.cl\/sitio\/#\/schema\/person\/aec8ee4da68df2b9b0eefdad24a0d582"},"potentialAction":[{"@type":"SearchAction","target":{"@type":"EntryPoint","urlTemplate":"https:\/\/www.fraczinet.cl\/sitio\/?s={search_term_string}"},"query-input":{"@type":"PropertyValueSpecification","valueRequired":true,"valueName":"search_term_string"}}],"inLanguage":"es"},{"@type":["Person","Organization"],"@id":"https:\/\/www.fraczinet.cl\/sitio\/#\/schema\/person\/aec8ee4da68df2b9b0eefdad24a0d582","name":"Luis Fernando Fraczinet","image":{"@type":"ImageObject","inLanguage":"es","@id":"https:\/\/www.fraczinet.cl\/sitio\/#\/schema\/person\/image\/","url":"https:\/\/www.fraczinet.cl\/sitio\/wp-content\/uploads\/2021\/07\/bannerlogo-1.gif","contentUrl":"https:\/\/www.fraczinet.cl\/sitio\/wp-content\/uploads\/2021\/07\/bannerlogo-1.gif","width":159,"height":79,"caption":"Luis Fernando Fraczinet"},"logo":{"@id":"https:\/\/www.fraczinet.cl\/sitio\/#\/schema\/person\/image\/"},"sameAs":["https:\/\/www.fraczinet.cl\/sitio\/"]},{"@type":"Person","@id":"https:\/\/www.fraczinet.cl\/sitio\/#\/schema\/person\/bc30f98e9cb10ae7e119dbe14bc93784","name":"admin","image":{"@type":"ImageObject","inLanguage":"es","@id":"https:\/\/www.fraczinet.cl\/sitio\/#\/schema\/person\/image\/","url":"https:\/\/secure.gravatar.com\/avatar\/d5ad3cf7ef3b23a2bb5be73be780c86b2fc8545c3ad6b149f3913ff458c00099?s=96&d=mm&r=g","contentUrl":"https:\/\/secure.gravatar.com\/avatar\/d5ad3cf7ef3b23a2bb5be73be780c86b2fc8545c3ad6b149f3913ff458c00099?s=96&d=mm&r=g","caption":"admin"},"sameAs":["https:\/\/www.fraczinet.cl\/sitio"]}]}},"_links":{"self":[{"href":"https:\/\/www.fraczinet.cl\/sitio\/wp-json\/wp\/v2\/posts\/2168","targetHints":{"allow":["GET"]}}],"collection":[{"href":"https:\/\/www.fraczinet.cl\/sitio\/wp-json\/wp\/v2\/posts"}],"about":[{"href":"https:\/\/www.fraczinet.cl\/sitio\/wp-json\/wp\/v2\/types\/post"}],"author":[{"embeddable":true,"href":"https:\/\/www.fraczinet.cl\/sitio\/wp-json\/wp\/v2\/users\/1"}],"replies":[{"embeddable":true,"href":"https:\/\/www.fraczinet.cl\/sitio\/wp-json\/wp\/v2\/comments?post=2168"}],"version-history":[{"count":0,"href":"https:\/\/www.fraczinet.cl\/sitio\/wp-json\/wp\/v2\/posts\/2168\/revisions"}],"wp:attachment":[{"href":"https:\/\/www.fraczinet.cl\/sitio\/wp-json\/wp\/v2\/media?parent=2168"}],"wp:term":[{"taxonomy":"category","embeddable":true,"href":"https:\/\/www.fraczinet.cl\/sitio\/wp-json\/wp\/v2\/categories?post=2168"},{"taxonomy":"post_tag","embeddable":true,"href":"https:\/\/www.fraczinet.cl\/sitio\/wp-json\/wp\/v2\/tags?post=2168"}],"curies":[{"name":"wp","href":"https:\/\/api.w.org\/{rel}","templated":true}]}}